{"id":110087,"date":"2021-03-24T19:15:28","date_gmt":"2021-03-25T02:15:28","guid":{"rendered":"https:\/\/www.sonoraenequipo.com.mx\/?p=110087"},"modified":"2021-03-24T18:39:29","modified_gmt":"2021-03-25T01:39:29","slug":"se-registra-nevada-y-agua-nieve-en-parte-alta-de-la-sierra-de-cananea","status":"publish","type":"post","link":"https:\/\/www.sonoraenequipo.com.mx\/se-registra-nevada-y-agua-nieve-en-parte-alta-de-la-sierra-de-cananea\/","title":{"rendered":"Se registra nevada y agua nieve en parte alta de la sierra de Cananea"},"content":{"rendered":"<p>CANANEA, SONORA. MX. \u2014 Una nevada en la parte alta de la sierra de Cananea, as\u00ed como ca\u00edda de aguanieve, granizadas y lluvias se registraron en municipios como Magdalena, \u00cdmuris y Nogales durante el frente fr\u00edo n\u00famero 45.<\/p>\n<p>&nbsp;<\/p>\n<p> <\/p>\n<p>&nbsp;<\/p>\n<p>\u00c1lvaro Judas Valencia coordinador regional de la Unidad Estatal de Protecci\u00f3n Civil (UEPC) inform\u00f3 que durante la contingencia climatol\u00f3gica no se registraron incidencias graves que lamentar.<\/p>\n<p>&nbsp;<\/p>\n<p><em>\u00abEn la zona de la sierra alta conocida como El Puerto de Cananea cay\u00f3 una fuerte nevada y por prevenci\u00f3n al congelarse la calle fue cerrada la carretera alrededor de dos horas, pero ya todo regres\u00f3 a la normalidad\u00bb.<\/em><\/p>\n<p>&nbsp;<\/p>\n<p><em>\u201cEn la parte baja de Sonora si se registraron rachas de ca\u00eddas de aguanieve, granizo y lluvias pero no fueron muy marcados te estoy hablando de Magdalena, Imuris y Nogales entre otras partes\u201d,<\/em> coment\u00f3.<\/p>\n<p>&nbsp;<\/p>\n<p>El coordinador regional de la UEPC mencion\u00f3 que el frente fr\u00edo n\u00famero 45 que gener\u00f3 la d\u00e9cimo tercera tormenta invernal ya pas\u00f3 por la regi\u00f3n de Sonora y se encuentra avanzando rumbo al Norte.<\/p>\n<p>&nbsp;<\/p>\n<p><em>\u201cTenemos pronosticados que este a\u00f1o van a ser 53 frentes fr\u00edos y pues la recomendaci\u00f3n para la ciudadan\u00eda por parte de Protecci\u00f3n Civil en mantenerse siempre atentos y dispuestos en acatar las medidas de prevenci\u00f3n.<\/em><\/p>\n<p>&nbsp;<\/p>\n<p><em>\u201cSiempre con los cambios bruscos del clima hay que proteger a los adultos, a los menores y aplicar los protocolos de seguridad en sus casas y sobre todo evitar transitar por las zonas complicadas por las bajas temperaturas\u201d,<\/em> dijo.<\/p>\n<p>&nbsp;<\/p>\n<p>Ya pas\u00f3 el frente fr\u00edo n\u00famero 45 que dej\u00f3 nevada en la parte alta de la sierra de Cananea y lluvias, ca\u00edda de aguanieve y granizadas en regiones de Magdalena, Imuris y Nogales seg\u00fan la UEPC.<\/p>\n<p>&nbsp;<\/p>\n<p>&nbsp;<\/p>\n<p>(Publicada el 24\/03\/2021)<\/p>\n","protected":false},"excerpt":{"rendered":"<p>CANANEA, SONORA. MX. \u2014 Una nevada en la parte alta de la sierra de Cananea,&#8230;<\/p>\n","protected":false},"author":1,"featured_media":110093,"comment_status":"open","ping_status":"open","sticky":false,"template":"","format":"standard","meta":{"_monsterinsights_skip_tracking":false,"_monsterinsights_sitenote_active":false,"_monsterinsights_sitenote_note":"","_monsterinsights_sitenote_category":0,"footnotes":""},"categories":[22],"tags":[],"class_list":["post"],"yoast_head":" \n<title>Sonora en Equipo. Se registra nevada y agua nieve en parte alta de la sierra de Cananea Sonora<\/title>\n<meta name=\"description\" content=\"CANANEA, SONORA. MX. \u2014 Una nevada en la parte alta de la sierra de Cananea, as\u00ed como ca\u00edda de aguanieve, granizadas y lluvias se registraron en municipios En Sonora en Equipo publicamos toda la informaci\u00f3n de Sonora, M\u00e9xico y el Mundo de manera oportuna y busca que la libertad de expresi\u00f3n sea real. Visita nuestro medio informativo publicado desde Hermosillo, Sonora. %\" \/>\n<meta name=\"robots\" content=\"index, follow, max-snippet:-1, max-image-preview:large, max-video-preview:-1\" \/>\n<link rel=\"canonical\" href=\"https:\/\/www.sonoraenequipo.com.mx\/se-registra-nevada-y-agua-nieve-en-parte-alta-de-la-sierra-de-cananea\/\" \/>\n<meta property=\"og:locale\" content=\"es_ES\" \/>\n<meta property=\"og:type\" content=\"article\" \/>\n<meta property=\"og:title\" content=\"Sonora en Equipo. Se registra nevada y agua nieve en parte alta de la sierra de Cananea Sonora\" \/>\n<meta property=\"og:description\" content=\"CANANEA, SONORA. MX. \u2014 Una nevada en la parte alta de la sierra de Cananea, as\u00ed como ca\u00edda de aguanieve, granizadas y lluvias se registraron en municipios En Sonora en Equipo publicamos toda la informaci\u00f3n de Sonora, M\u00e9xico y el Mundo de manera oportuna y busca que la libertad de expresi\u00f3n sea real. Visita nuestro medio informativo publicado desde Hermosillo, Sonora. %\" \/>\n<meta property=\"og:url\" content=\"https:\/\/www.sonoraenequipo.com.mx\/se-registra-nevada-y-agua-nieve-en-parte-alta-de-la-sierra-de-cananea\/\" \/>\n<meta property=\"og:site_name\" content=\"Sonora en Equipo.\" \/>\n<meta property=\"article:publisher\" content=\"https:\/\/www.facebook.com\/SonoraEE\/\" \/>\n<meta property=\"article:author\" content=\"https:\/\/www.facebook.com\/SonoraEE\" \/>\n<meta property=\"article:published_time\" content=\"2021-03-25T02:15:28+00:00\" \/>\n<meta property=\"og:image\" content=\"https:\/\/www.sonoraenequipo.com.mx\/storage\/2021\/03\/nieve-en-cananea_opt.jpg\" \/>\n\t<meta property=\"og:image:width\" content=\"711\" \/>\n\t<meta property=\"og:image:height\" content=\"400\" \/>\n\t<meta property=\"og:image:type\" content=\"image\/jpeg\" \/>\n<meta name=\"author\" content=\"enequipo\" \/>\n<meta name=\"twitter:card\" content=\"summary_large_image\" \/>\n<meta name=\"twitter:creator\" content=\"@sonoraenequipo\" \/>\n<meta name=\"twitter:site\" content=\"@sonoraenequipo\" \/>\n<meta name=\"twitter:label1\" content=\"Escrito por\" \/>\n\t<meta name=\"twitter:data1\" content=\"enequipo\" \/>\n\t<meta name=\"twitter:label2\" content=\"Tiempo de lectura\" \/>\n\t<meta name=\"twitter:data2\" content=\"2 minutos\" \/>\n<script type=\"application\/ld+json\" class=\"yoast-schema-graph\">{\"@context\":\"https:\/\/schema.org\",\"@graph\":[{\"@type\":\"Article\",\"@id\":\"https:\/\/www.sonoraenequipo.com.mx\/se-registra-nevada-y-agua-nieve-en-parte-alta-de-la-sierra-de-cananea\/#article\",\"isPartOf\":{\"@id\":\"https:\/\/www.sonoraenequipo.com.mx\/se-registra-nevada-y-agua-nieve-en-parte-alta-de-la-sierra-de-cananea\/\"},\"author\":{\"name\":\"enequipo\",\"@id\":\"https:\/\/www.sonoraenequipo.com.mx\/#\/schema\/person\/50102df0fb23a8fa9e8effad8fa81386\"},\"headline\":\"Se registra nevada y agua nieve en parte alta de la sierra de Cananea\",\"datePublished\":\"2021-03-25T02:15:28+00:00\",\"mainEntityOfPage\":{\"@id\":\"https:\/\/www.sonoraenequipo.com.mx\/se-registra-nevada-y-agua-nieve-en-parte-alta-de-la-sierra-de-cananea\/\"},\"wordCount\":323,\"commentCount\":0,\"publisher\":{\"@id\":\"https:\/\/www.sonoraenequipo.com.mx\/#organization\"},\"image\":{\"@id\":\"https:\/\/www.sonoraenequipo.com.mx\/se-registra-nevada-y-agua-nieve-en-parte-alta-de-la-sierra-de-cananea\/#primaryimage\"},\"thumbnailUrl\":\"https:\/\/www.sonoraenequipo.com.mx\/storage\/2021\/03\/nieve-en-cananea_opt.jpg\",\"articleSection\":[\"Sonora\"],\"inLanguage\":\"es\",\"potentialAction\":[{\"@type\":\"CommentAction\",\"name\":\"Comment\",\"target\":[\"https:\/\/www.sonoraenequipo.com.mx\/se-registra-nevada-y-agua-nieve-en-parte-alta-de-la-sierra-de-cananea\/#respond\"]}]},{\"@type\":\"WebPage\",\"@id\":\"https:\/\/www.sonoraenequipo.com.mx\/se-registra-nevada-y-agua-nieve-en-parte-alta-de-la-sierra-de-cananea\/\",\"url\":\"https:\/\/www.sonoraenequipo.com.mx\/se-registra-nevada-y-agua-nieve-en-parte-alta-de-la-sierra-de-cananea\/\",\"name\":\"Sonora en Equipo. Se registra nevada y agua nieve en parte alta de la sierra de Cananea Sonora\",\"isPartOf\":{\"@id\":\"https:\/\/www.sonoraenequipo.com.mx\/#website\"},\"primaryImageOfPage\":{\"@id\":\"https:\/\/www.sonoraenequipo.com.mx\/se-registra-nevada-y-agua-nieve-en-parte-alta-de-la-sierra-de-cananea\/#primaryimage\"},\"image\":{\"@id\":\"https:\/\/www.sonoraenequipo.com.mx\/se-registra-nevada-y-agua-nieve-en-parte-alta-de-la-sierra-de-cananea\/#primaryimage\"},\"thumbnailUrl\":\"https:\/\/www.sonoraenequipo.com.mx\/storage\/2021\/03\/nieve-en-cananea_opt.jpg\",\"datePublished\":\"2021-03-25T02:15:28+00:00\",\"description\":\"CANANEA, SONORA. MX. \u2014 Una nevada en la parte alta de la sierra de Cananea, as\u00ed como ca\u00edda de aguanieve, granizadas y lluvias se registraron en municipios En Sonora en Equipo publicamos toda la informaci\u00f3n de Sonora, M\u00e9xico y el Mundo de manera oportuna y busca que la libertad de expresi\u00f3n sea real. Visita nuestro medio informativo publicado desde Hermosillo, Sonora. %\",\"breadcrumb\":{\"@id\":\"https:\/\/www.sonoraenequipo.com.mx\/se-registra-nevada-y-agua-nieve-en-parte-alta-de-la-sierra-de-cananea\/#breadcrumb\"},\"inLanguage\":\"es\",\"potentialAction\":[{\"@type\":\"ReadAction\",\"target\":[\"https:\/\/www.sonoraenequipo.com.mx\/se-registra-nevada-y-agua-nieve-en-parte-alta-de-la-sierra-de-cananea\/\"]}]},{\"@type\":\"ImageObject\",\"inLanguage\":\"es\",\"@id\":\"https:\/\/www.sonoraenequipo.com.mx\/se-registra-nevada-y-agua-nieve-en-parte-alta-de-la-sierra-de-cananea\/#primaryimage\",\"url\":\"https:\/\/www.sonoraenequipo.com.mx\/storage\/2021\/03\/nieve-en-cananea_opt.jpg\",\"contentUrl\":\"https:\/\/www.sonoraenequipo.com.mx\/storage\/2021\/03\/nieve-en-cananea_opt.jpg\",\"width\":711,\"height\":400},{\"@type\":\"BreadcrumbList\",\"@id\":\"https:\/\/www.sonoraenequipo.com.mx\/se-registra-nevada-y-agua-nieve-en-parte-alta-de-la-sierra-de-cananea\/#breadcrumb\",\"itemListElement\":[{\"@type\":\"ListItem\",\"position\":1,\"name\":\"Portada\",\"item\":\"https:\/\/www.sonoraenequipo.com.mx\/\"},{\"@type\":\"ListItem\",\"position\":2,\"name\":\"Se registra nevada y agua nieve en parte alta de la sierra de Cananea\"}]},{\"@type\":\"WebSite\",\"@id\":\"https:\/\/www.sonoraenequipo.com.mx\/#website\",\"url\":\"https:\/\/www.sonoraenequipo.com.mx\/\",\"name\":\"Sonora en Equipo.\",\"description\":\"Diario en l\u00ednea con Noticias desde Hermosillo, Sonora\",\"publisher\":{\"@id\":\"https:\/\/www.sonoraenequipo.com.mx\/#organization\"},\"potentialAction\":[{\"@type\":\"SearchAction\",\"target\":{\"@type\":\"EntryPoint\",\"urlTemplate\":\"https:\/\/www.sonoraenequipo.com.mx\/?s={search_term_string}\"},\"query-input\":{\"@type\":\"PropertyValueSpecification\",\"valueRequired\":true,\"valueName\":\"search_term_string\"}}],\"inLanguage\":\"es\"},{\"@type\":\"Organization\",\"@id\":\"https:\/\/www.sonoraenequipo.com.mx\/#organization\",\"name\":\"Sonoraenequipo.com.mx\",\"url\":\"https:\/\/www.sonoraenequipo.com.mx\/\",\"logo\":{\"@type\":\"ImageObject\",\"inLanguage\":\"es\",\"@id\":\"https:\/\/www.sonoraenequipo.com.mx\/#\/schema\/logo\/image\/\",\"url\":\"https:\/\/www.sonoraenequipo.com.mx\/storage\/2019\/01\/sonoraenequipo_opt.png\",\"contentUrl\":\"https:\/\/www.sonoraenequipo.com.mx\/storage\/2019\/01\/sonoraenequipo_opt.png\",\"width\":375,\"height\":125,\"caption\":\"Sonoraenequipo.com.mx\"},\"image\":{\"@id\":\"https:\/\/www.sonoraenequipo.com.mx\/#\/schema\/logo\/image\/\"},\"sameAs\":[\"https:\/\/www.facebook.com\/SonoraEE\/\",\"https:\/\/x.com\/sonoraenequipo\",\"https:\/\/www.youtube.com\/channel\/UC338nW-lPEYmJQs4ZABQ1SQ\"]},{\"@type\":\"Person\",\"@id\":\"https:\/\/www.sonoraenequipo.com.mx\/#\/schema\/person\/50102df0fb23a8fa9e8effad8fa81386\",\"name\":\"enequipo\",\"image\":{\"@type\":\"ImageObject\",\"inLanguage\":\"es\",\"@id\":\"https:\/\/www.sonoraenequipo.com.mx\/#\/schema\/person\/image\/\",\"url\":\"https:\/\/secure.gravatar.com\/avatar\/049821681b589dabc0bc20695993ccebb09f5b5d4d790cd9251b97faac7c652b?s=96&d=blank&r=g\",\"contentUrl\":\"https:\/\/secure.gravatar.com\/avatar\/049821681b589dabc0bc20695993ccebb09f5b5d4d790cd9251b97faac7c652b?s=96&d=blank&r=g\",\"caption\":\"enequipo\"},\"sameAs\":[\"https:\/\/www.facebook.com\/SonoraEE\"]}]}<\/script>\n ","yoast_head_json":{"title":"Sonora en Equipo. Se registra nevada y agua nieve en parte alta de la sierra de Cananea Sonora","description":"CANANEA, SONORA. MX. \u2014 Una nevada en la parte alta de la sierra de Cananea, as\u00ed como ca\u00edda de aguanieve, granizadas y lluvias se registraron en municipios En Sonora en Equipo publicamos toda la informaci\u00f3n de Sonora, M\u00e9xico y el Mundo de manera oportuna y busca que la libertad de expresi\u00f3n sea real. Visita nuestro medio informativo publicado desde Hermosillo, Sonora. %","robots":{"index":"index","follow":"follow","max-snippet":"max-snippet:-1","max-image-preview":"max-image-preview:large","max-video-preview":"max-video-preview:-1"},"canonical":"https:\/\/www.sonoraenequipo.com.mx\/se-registra-nevada-y-agua-nieve-en-parte-alta-de-la-sierra-de-cananea\/","og_locale":"es_ES","og_type":"article","og_title":"Sonora en Equipo. Se registra nevada y agua nieve en parte alta de la sierra de Cananea Sonora","og_description":"CANANEA, SONORA. MX. \u2014 Una nevada en la parte alta de la sierra de Cananea, as\u00ed como ca\u00edda de aguanieve, granizadas y lluvias se registraron en municipios En Sonora en Equipo publicamos toda la informaci\u00f3n de Sonora, M\u00e9xico y el Mundo de manera oportuna y busca que la libertad de expresi\u00f3n sea real. Visita nuestro medio informativo publicado desde Hermosillo, Sonora. %","og_url":"https:\/\/www.sonoraenequipo.com.mx\/se-registra-nevada-y-agua-nieve-en-parte-alta-de-la-sierra-de-cananea\/","og_site_name":"Sonora en Equipo.","article_publisher":"https:\/\/www.facebook.com\/SonoraEE\/","article_author":"https:\/\/www.facebook.com\/SonoraEE","article_published_time":"2021-03-25T02:15:28+00:00","og_image":[{"width":711,"height":400,"url":"https:\/\/www.sonoraenequipo.com.mx\/storage\/2021\/03\/nieve-en-cananea_opt.jpg","type":"image\/jpeg"}],"author":"enequipo","twitter_card":"summary_large_image","twitter_creator":"@sonoraenequipo","twitter_site":"@sonoraenequipo","twitter_misc":{"Escrito por":"enequipo","Tiempo de lectura":"2 minutos"},"schema":{"@context":"https:\/\/schema.org","@graph":[{"@type":"Article","@id":"https:\/\/www.sonoraenequipo.com.mx\/se-registra-nevada-y-agua-nieve-en-parte-alta-de-la-sierra-de-cananea\/#article","isPartOf":{"@id":"https:\/\/www.sonoraenequipo.com.mx\/se-registra-nevada-y-agua-nieve-en-parte-alta-de-la-sierra-de-cananea\/"},"author":{"name":"enequipo","@id":"https:\/\/www.sonoraenequipo.com.mx\/#\/schema\/person\/50102df0fb23a8fa9e8effad8fa81386"},"headline":"Se registra nevada y agua nieve en parte alta de la sierra de Cananea","datePublished":"2021-03-25T02:15:28+00:00","mainEntityOfPage":{"@id":"https:\/\/www.sonoraenequipo.com.mx\/se-registra-nevada-y-agua-nieve-en-parte-alta-de-la-sierra-de-cananea\/"},"wordCount":323,"commentCount":0,"publisher":{"@id":"https:\/\/www.sonoraenequipo.com.mx\/#organization"},"image":{"@id":"https:\/\/www.sonoraenequipo.com.mx\/se-registra-nevada-y-agua-nieve-en-parte-alta-de-la-sierra-de-cananea\/#primaryimage"},"thumbnailUrl":"https:\/\/www.sonoraenequipo.com.mx\/storage\/2021\/03\/nieve-en-cananea_opt.jpg","articleSection":["Sonora"],"inLanguage":"es","potentialAction":[{"@type":"CommentAction","name":"Comment","target":["https:\/\/www.sonoraenequipo.com.mx\/se-registra-nevada-y-agua-nieve-en-parte-alta-de-la-sierra-de-cananea\/#respond"]}]},{"@type":"WebPage","@id":"https:\/\/www.sonoraenequipo.com.mx\/se-registra-nevada-y-agua-nieve-en-parte-alta-de-la-sierra-de-cananea\/","url":"https:\/\/www.sonoraenequipo.com.mx\/se-registra-nevada-y-agua-nieve-en-parte-alta-de-la-sierra-de-cananea\/","name":"Sonora en Equipo. Se registra nevada y agua nieve en parte alta de la sierra de Cananea Sonora","isPartOf":{"@id":"https:\/\/www.sonoraenequipo.com.mx\/#website"},"primaryImageOfPage":{"@id":"https:\/\/www.sonoraenequipo.com.mx\/se-registra-nevada-y-agua-nieve-en-parte-alta-de-la-sierra-de-cananea\/#primaryimage"},"image":{"@id":"https:\/\/www.sonoraenequipo.com.mx\/se-registra-nevada-y-agua-nieve-en-parte-alta-de-la-sierra-de-cananea\/#primaryimage"},"thumbnailUrl":"https:\/\/www.sonoraenequipo.com.mx\/storage\/2021\/03\/nieve-en-cananea_opt.jpg","datePublished":"2021-03-25T02:15:28+00:00","description":"CANANEA, SONORA. MX. \u2014 Una nevada en la parte alta de la sierra de Cananea, as\u00ed como ca\u00edda de aguanieve, granizadas y lluvias se registraron en municipios En Sonora en Equipo publicamos toda la informaci\u00f3n de Sonora, M\u00e9xico y el Mundo de manera oportuna y busca que la libertad de expresi\u00f3n sea real. Visita nuestro medio informativo publicado desde Hermosillo, Sonora. %","breadcrumb":{"@id":"https:\/\/www.sonoraenequipo.com.mx\/se-registra-nevada-y-agua-nieve-en-parte-alta-de-la-sierra-de-cananea\/#breadcrumb"},"inLanguage":"es","potentialAction":[{"@type":"ReadAction","target":["https:\/\/www.sonoraenequipo.com.mx\/se-registra-nevada-y-agua-nieve-en-parte-alta-de-la-sierra-de-cananea\/"]}]},{"@type":"ImageObject","inLanguage":"es","@id":"https:\/\/www.sonoraenequipo.com.mx\/se-registra-nevada-y-agua-nieve-en-parte-alta-de-la-sierra-de-cananea\/#primaryimage","url":"https:\/\/www.sonoraenequipo.com.mx\/storage\/2021\/03\/nieve-en-cananea_opt.jpg","contentUrl":"https:\/\/www.sonoraenequipo.com.mx\/storage\/2021\/03\/nieve-en-cananea_opt.jpg","width":711,"height":400},{"@type":"BreadcrumbList","@id":"https:\/\/www.sonoraenequipo.com.mx\/se-registra-nevada-y-agua-nieve-en-parte-alta-de-la-sierra-de-cananea\/#breadcrumb","itemListElement":[{"@type":"ListItem","position":1,"name":"Portada","item":"https:\/\/www.sonoraenequipo.com.mx\/"},{"@type":"ListItem","position":2,"name":"Se registra nevada y agua nieve en parte alta de la sierra de Cananea"}]},{"@type":"WebSite","@id":"https:\/\/www.sonoraenequipo.com.mx\/#website","url":"https:\/\/www.sonoraenequipo.com.mx\/","name":"Sonora en Equipo.","description":"Diario en l\u00ednea con Noticias desde Hermosillo, Sonora","publisher":{"@id":"https:\/\/www.sonoraenequipo.com.mx\/#organization"},"potentialAction":[{"@type":"SearchAction","target":{"@type":"EntryPoint","urlTemplate":"https:\/\/www.sonoraenequipo.com.mx\/?s={search_term_string}"},"query-input":{"@type":"PropertyValueSpecification","valueRequired":true,"valueName":"search_term_string"}}],"inLanguage":"es"},{"@type":"Organization","@id":"https:\/\/www.sonoraenequipo.com.mx\/#organization","name":"Sonoraenequipo.com.mx","url":"https:\/\/www.sonoraenequipo.com.mx\/","logo":{"@type":"ImageObject","inLanguage":"es","@id":"https:\/\/www.sonoraenequipo.com.mx\/#\/schema\/logo\/image\/","url":"https:\/\/www.sonoraenequipo.com.mx\/storage\/2019\/01\/sonoraenequipo_opt.png","contentUrl":"https:\/\/www.sonoraenequipo.com.mx\/storage\/2019\/01\/sonoraenequipo_opt.png","width":375,"height":125,"caption":"Sonoraenequipo.com.mx"},"image":{"@id":"https:\/\/www.sonoraenequipo.com.mx\/#\/schema\/logo\/image\/"},"sameAs":["https:\/\/www.facebook.com\/SonoraEE\/","https:\/\/x.com\/sonoraenequipo","https:\/\/www.youtube.com\/channel\/UC338nW-lPEYmJQs4ZABQ1SQ"]},{"@type":"Person","@id":"https:\/\/www.sonoraenequipo.com.mx\/#\/schema\/person\/50102df0fb23a8fa9e8effad8fa81386","name":"enequipo","image":{"@type":"ImageObject","inLanguage":"es","@id":"https:\/\/www.sonoraenequipo.com.mx\/#\/schema\/person\/image\/","url":"https:\/\/secure.gravatar.com\/avatar\/049821681b589dabc0bc20695993ccebb09f5b5d4d790cd9251b97faac7c652b?s=96&d=blank&r=g","contentUrl":"https:\/\/secure.gravatar.com\/avatar\/049821681b589dabc0bc20695993ccebb09f5b5d4d790cd9251b97faac7c652b?s=96&d=blank&r=g","caption":"enequipo"},"sameAs":["https:\/\/www.facebook.com\/SonoraEE"]}]}},"jetpack_featured_media_url":"https:\/\/www.sonoraenequipo.com.mx\/storage\/2021\/03\/nieve-en-cananea_opt.jpg","_links":{"self":[{"href":"https:\/\/www.sonoraenequipo.com.mx\/api\/wp\/v2\/posts\/110087","targetHints":{"allow":["GET"]}}],"collection":[{"href":"https:\/\/www.sonoraenequipo.com.mx\/api\/wp\/v2\/posts"}],"about":[{"href":"https:\/\/www.sonoraenequipo.com.mx\/api\/wp\/v2\/types\/post"}],"author":[{"embeddable":true,"href":"https:\/\/www.sonoraenequipo.com.mx\/api\/wp\/v2\/users\/1"}],"replies":[{"embeddable":true,"href":"https:\/\/www.sonoraenequipo.com.mx\/api\/wp\/v2\/comments?post=110087"}],"version-history":[{"count":3,"href":"https:\/\/www.sonoraenequipo.com.mx\/api\/wp\/v2\/posts\/110087\/revisions"}],"predecessor-version":[{"id":110096,"href":"https:\/\/www.sonoraenequipo.com.mx\/api\/wp\/v2\/posts\/110087\/revisions\/110096"}],"wp:featuredmedia":[{"embeddable":true,"href":"https:\/\/www.sonoraenequipo.com.mx\/api\/wp\/v2\/media\/110093"}],"wp:attachment":[{"href":"https:\/\/www.sonoraenequipo.com.mx\/api\/wp\/v2\/media?parent=110087"}],"wp:term":[{"taxonomy":"category","embeddable":true,"href":"https:\/\/www.sonoraenequipo.com.mx\/api\/wp\/v2\/categories?post=110087"},{"taxonomy":"post_tag","embeddable":true,"href":"https:\/\/www.sonoraenequipo.com.mx\/api\/wp\/v2\/tags?post=110087"}],"curies":[{"name":"wp","href":"https:\/\/api.w.org\/{rel}","templated":true}]}}