{"id":110104,"date":"2021-03-24T21:18:22","date_gmt":"2021-03-25T04:18:22","guid":{"rendered":"https:\/\/www.sonoraenequipo.com.mx\/?p=110104"},"modified":"2021-03-24T21:18:22","modified_gmt":"2021-03-25T04:18:22","slug":"pide-secretario-de-salud-hacer-pacto-parar-la-movilidad-para-evitar-tercer-ola-de-contagios-por-covid-en-sonora","status":"publish","type":"post","link":"https:\/\/www.sonoraenequipo.com.mx\/pide-secretario-de-salud-hacer-pacto-parar-la-movilidad-para-evitar-tercer-ola-de-contagios-por-covid-en-sonora\/","title":{"rendered":"Pide secretario de Salud hacer pacto \u201cParar la movilidad\u201d para evitar tercer ola de contagios por COVID en Sonora"},"content":{"rendered":"<p>\u25baRegistra este d\u00eda siete decesos m\u00e1s y 144 nuevos casos positivos en Sonora<\/p>\n<p>&nbsp;<\/p>\n<p>HERMOSILLO, SONORA,MX.\u2500\u2500 Con la firme intenci\u00f3n de evitar una tercera ola de contagios por COVID, que traer\u00eda consigo m\u00e1s muertes y dolor para las familias sonorenses, es necesario cerrar filas con el sector salud y crear un gran pacto por Sonora, enfatiz\u00f3 Enrique Clausen Iberri, al pedir a la ciudadan\u00eda sonorense unirse al pacto \u201cParar la movilidad\u201d y as\u00ed evitar aglomeraciones los siguientes d\u00edas.<\/p>\n<p>&nbsp;<\/p>\n<p>Despu\u00e9s de informarse que este d\u00eda se confirmaron siete decesos m\u00e1s y 144 nuevos casos positivos en Sonora, el secretario de Salud hizo el llamado respetuoso a empresarios y a todo el sector productivo, l\u00edderes e integrantes de sindicatos, al sector educativo, padres de familia, a las y los maestros, a todos los y las compa\u00f1eras de los tres \u00f3rdenes de Gobierno y ciudadan\u00eda en general, a cerrar filas con el sector salud, para crear un pacto por Sonora y evitar una tercera ola de contagios que traer\u00eda consigo mucho sufrimiento.<\/p>\n<p>&nbsp;<\/p>\n<p>\u201cTenemos la oportunidad de hacer un gran pacto por Sonora, un gran pacto por la vida, para evitar la tercera ola, que muchos pronostican como un tsunami, un pacto que nos recordar\u00e1 la historia como responsables u omisos; el pacto es para que se pueda regresar a las clases presenciales, el pacto se llama \u201cParar la movilidad\u201d, para qu\u00e9, para que evitemos aglomeraciones durante esos d\u00edas; y s\u00e9 que muchos ya tienen las maletas listas para irse de vacaciones de Semana Santa, pero si jalamos parejo, podremos evitar esta tercera ola. \u00bfTe unes al pacto?\u201d, expres\u00f3.<\/p>\n<p>&nbsp;<\/p>\n<p>Este mi\u00e9rcoles, se confirmaron siete decesos m\u00e1s en Sonora, en cinco mujeres y dos hombres; tres de ellos residentes de Hermosillo; uno de Navojoa; uno de Huatabampo; uno de Etchojoa y uno de Guaymas; seis de las personas fallecidas eran derechohabientes del IMSS y una de la Secretar\u00eda de Salud, con los que se acumulan 5 mil 954 defunciones en la entidad desde el inicio de la pandemia.<\/p>\n<p>&nbsp;<\/p>\n<p>Asimismo, se registraron 144 nuevos casos por COVID, en 78 mujeres y 66 hombres, para un total de 69 mil 168 casos en la entidad. De los contagios nuevos, 64 son residentes de Hermosillo; 31 de Cajeme; 13 de Caborca; nueve de Guaymas; seis de Empalme; cinco de Navojoa; cuatro de Nogales; dos de Magdalena de Kino; dos de Agua Prieta; uno de General Plutarco El\u00edas Calles; uno de San Luis R\u00edo Colorado; uno de Puerto Pe\u00f1asco; uno de Benito Ju\u00e1rez; uno de Etchojoa; uno de Santa Ana; uno de Hu\u00e1sabas y uno de Huatabampo.<\/p>\n<p>&nbsp;<\/p>\n<p>Hoy se confirmaron dos casos pedi\u00e1tricos, en una ni\u00f1a y un ni\u00f1o, acumul\u00e1ndose mil 258 casos; tambi\u00e9n, se confirm\u00f3 un caso en una mujer embarazada, para acumular 473; 10 de los 144 casos son en trabajadores de la salud de diversas instituciones. Este mi\u00e9rcoles, siete pacientes fueron dados de alta y hasta el momento 62 mil 329 personas se han recuperado en la entidad.<\/p>\n<p>&nbsp;<\/p>\n<p>Al momento, se han realizado 121 mil 379 pruebas; se han confirmado 69 mil 168 casos y se han descartado 52 mil 211; en total cinco mil 933 casos han sido cuadros leves; 754 activos y cinco mil 179 concluyeron su seguimiento; 57 mil 150 pacientes se han curado y 131 pacientes se encuentran hospitalizados, 37 de ellos estables, 68 graves y 26 cr\u00edticos.<\/p>\n<p>&nbsp;<\/p>\n<p>Casos COVID-19 en Sonora 69,168 casos confirmados y 5,954 defunciones<\/p>\n<p>&nbsp;<\/p>\n<p>Defunciones registradas el 24 marzo de 2021: 7<\/p>\n<p>Fecha de publicaci\u00f3n mi\u00e9rcoles \u00a024\u00a0 \/marzo\/2021<\/p>\n<p>&nbsp;<\/p>\n","protected":false},"excerpt":{"rendered":"<p>\u25baRegistra este d\u00eda siete decesos m\u00e1s y 144 nuevos casos positivos en Sonora &nbsp; HERMOSILLO,&#8230;<\/p>\n","protected":false},"author":1,"featured_media":109610,"comment_status":"open","ping_status":"open","sticky":false,"template":"","format":"standard","meta":{"_monsterinsights_skip_tracking":false,"_monsterinsights_sitenote_active":false,"_monsterinsights_sitenote_note":"","_monsterinsights_sitenote_category":0,"footnotes":""},"categories":[22],"tags":[4249,3289,5557],"class_list":["post"],"yoast_head":" \n<title>Sonora en Equipo. Pide secretario de Salud hacer pacto \u201cParar la movilidad\u201d para evitar tercer ola de contagios por COVID en Sonora Sonora<\/title>\n<meta name=\"description\" content=\"\u25baRegistra este d\u00eda siete decesos m\u00e1s y 144 nuevos casos positivos en Sonora &nbsp; HERMOSILLO, SONORA,MX.\u2500\u2500 Con la firme intenci\u00f3n de evitar una tercera En Sonora en Equipo publicamos toda la informaci\u00f3n de Sonora, M\u00e9xico y el Mundo de manera oportuna y busca que la libertad de expresi\u00f3n sea real. Visita nuestro medio informativo publicado desde Hermosillo, Sonora. %\" \/>\n<meta name=\"robots\" content=\"index, follow, max-snippet:-1, max-image-preview:large, max-video-preview:-1\" \/>\n<link rel=\"canonical\" href=\"https:\/\/www.sonoraenequipo.com.mx\/pide-secretario-de-salud-hacer-pacto-parar-la-movilidad-para-evitar-tercer-ola-de-contagios-por-covid-en-sonora\/\" \/>\n<meta property=\"og:locale\" content=\"es_ES\" \/>\n<meta property=\"og:type\" content=\"article\" \/>\n<meta property=\"og:title\" content=\"Sonora en Equipo. Pide secretario de Salud hacer pacto \u201cParar la movilidad\u201d para evitar tercer ola de contagios por COVID en Sonora Sonora\" \/>\n<meta property=\"og:description\" content=\"\u25baRegistra este d\u00eda siete decesos m\u00e1s y 144 nuevos casos positivos en Sonora &nbsp; HERMOSILLO, SONORA,MX.\u2500\u2500 Con la firme intenci\u00f3n de evitar una tercera En Sonora en Equipo publicamos toda la informaci\u00f3n de Sonora, M\u00e9xico y el Mundo de manera oportuna y busca que la libertad de expresi\u00f3n sea real. Visita nuestro medio informativo publicado desde Hermosillo, Sonora. %\" \/>\n<meta property=\"og:url\" content=\"https:\/\/www.sonoraenequipo.com.mx\/pide-secretario-de-salud-hacer-pacto-parar-la-movilidad-para-evitar-tercer-ola-de-contagios-por-covid-en-sonora\/\" \/>\n<meta property=\"og:site_name\" content=\"Sonora en Equipo.\" \/>\n<meta property=\"article:publisher\" content=\"https:\/\/www.facebook.com\/SonoraEE\/\" \/>\n<meta property=\"article:author\" content=\"https:\/\/www.facebook.com\/SonoraEE\" \/>\n<meta property=\"article:published_time\" content=\"2021-03-25T04:18:22+00:00\" \/>\n<meta property=\"og:image\" content=\"https:\/\/www.sonoraenequipo.com.mx\/storage\/2021\/03\/clausen__opt.jpg\" \/>\n\t<meta property=\"og:image:width\" content=\"713\" \/>\n\t<meta property=\"og:image:height\" content=\"400\" \/>\n\t<meta property=\"og:image:type\" content=\"image\/jpeg\" \/>\n<meta name=\"author\" content=\"enequipo\" \/>\n<meta name=\"twitter:card\" content=\"summary_large_image\" \/>\n<meta name=\"twitter:creator\" content=\"@sonoraenequipo\" \/>\n<meta name=\"twitter:site\" content=\"@sonoraenequipo\" \/>\n<meta name=\"twitter:label1\" content=\"Escrito por\" \/>\n\t<meta name=\"twitter:data1\" content=\"enequipo\" \/>\n\t<meta name=\"twitter:label2\" content=\"Tiempo de lectura\" \/>\n\t<meta name=\"twitter:data2\" content=\"3 minutos\" \/>\n<script type=\"application\/ld+json\" class=\"yoast-schema-graph\">{\"@context\":\"https:\/\/schema.org\",\"@graph\":[{\"@type\":\"Article\",\"@id\":\"https:\/\/www.sonoraenequipo.com.mx\/pide-secretario-de-salud-hacer-pacto-parar-la-movilidad-para-evitar-tercer-ola-de-contagios-por-covid-en-sonora\/#article\",\"isPartOf\":{\"@id\":\"https:\/\/www.sonoraenequipo.com.mx\/pide-secretario-de-salud-hacer-pacto-parar-la-movilidad-para-evitar-tercer-ola-de-contagios-por-covid-en-sonora\/\"},\"author\":{\"name\":\"enequipo\",\"@id\":\"https:\/\/www.sonoraenequipo.com.mx\/#\/schema\/person\/50102df0fb23a8fa9e8effad8fa81386\"},\"headline\":\"Pide secretario de Salud hacer pacto \u201cParar la movilidad\u201d para evitar tercer ola de contagios por COVID en Sonora\",\"datePublished\":\"2021-03-25T04:18:22+00:00\",\"mainEntityOfPage\":{\"@id\":\"https:\/\/www.sonoraenequipo.com.mx\/pide-secretario-de-salud-hacer-pacto-parar-la-movilidad-para-evitar-tercer-ola-de-contagios-por-covid-en-sonora\/\"},\"wordCount\":602,\"commentCount\":0,\"publisher\":{\"@id\":\"https:\/\/www.sonoraenequipo.com.mx\/#organization\"},\"image\":{\"@id\":\"https:\/\/www.sonoraenequipo.com.mx\/pide-secretario-de-salud-hacer-pacto-parar-la-movilidad-para-evitar-tercer-ola-de-contagios-por-covid-en-sonora\/#primaryimage\"},\"thumbnailUrl\":\"https:\/\/www.sonoraenequipo.com.mx\/storage\/2021\/03\/clausen__opt.jpg\",\"keywords\":[\"covid\",\"ENRIQUE CLAUSEN\",\"SA\"],\"articleSection\":[\"Sonora\"],\"inLanguage\":\"es\",\"potentialAction\":[{\"@type\":\"CommentAction\",\"name\":\"Comment\",\"target\":[\"https:\/\/www.sonoraenequipo.com.mx\/pide-secretario-de-salud-hacer-pacto-parar-la-movilidad-para-evitar-tercer-ola-de-contagios-por-covid-en-sonora\/#respond\"]}]},{\"@type\":\"WebPage\",\"@id\":\"https:\/\/www.sonoraenequipo.com.mx\/pide-secretario-de-salud-hacer-pacto-parar-la-movilidad-para-evitar-tercer-ola-de-contagios-por-covid-en-sonora\/\",\"url\":\"https:\/\/www.sonoraenequipo.com.mx\/pide-secretario-de-salud-hacer-pacto-parar-la-movilidad-para-evitar-tercer-ola-de-contagios-por-covid-en-sonora\/\",\"name\":\"Sonora en Equipo. Pide secretario de Salud hacer pacto \u201cParar la movilidad\u201d para evitar tercer ola de contagios por COVID en Sonora Sonora\",\"isPartOf\":{\"@id\":\"https:\/\/www.sonoraenequipo.com.mx\/#website\"},\"primaryImageOfPage\":{\"@id\":\"https:\/\/www.sonoraenequipo.com.mx\/pide-secretario-de-salud-hacer-pacto-parar-la-movilidad-para-evitar-tercer-ola-de-contagios-por-covid-en-sonora\/#primaryimage\"},\"image\":{\"@id\":\"https:\/\/www.sonoraenequipo.com.mx\/pide-secretario-de-salud-hacer-pacto-parar-la-movilidad-para-evitar-tercer-ola-de-contagios-por-covid-en-sonora\/#primaryimage\"},\"thumbnailUrl\":\"https:\/\/www.sonoraenequipo.com.mx\/storage\/2021\/03\/clausen__opt.jpg\",\"datePublished\":\"2021-03-25T04:18:22+00:00\",\"description\":\"\u25baRegistra este d\u00eda siete decesos m\u00e1s y 144 nuevos casos positivos en Sonora &nbsp; HERMOSILLO, SONORA,MX.\u2500\u2500 Con la firme intenci\u00f3n de evitar una tercera En Sonora en Equipo publicamos toda la informaci\u00f3n de Sonora, M\u00e9xico y el Mundo de manera oportuna y busca que la libertad de expresi\u00f3n sea real. Visita nuestro medio informativo publicado desde Hermosillo, Sonora. %\",\"breadcrumb\":{\"@id\":\"https:\/\/www.sonoraenequipo.com.mx\/pide-secretario-de-salud-hacer-pacto-parar-la-movilidad-para-evitar-tercer-ola-de-contagios-por-covid-en-sonora\/#breadcrumb\"},\"inLanguage\":\"es\",\"potentialAction\":[{\"@type\":\"ReadAction\",\"target\":[\"https:\/\/www.sonoraenequipo.com.mx\/pide-secretario-de-salud-hacer-pacto-parar-la-movilidad-para-evitar-tercer-ola-de-contagios-por-covid-en-sonora\/\"]}]},{\"@type\":\"ImageObject\",\"inLanguage\":\"es\",\"@id\":\"https:\/\/www.sonoraenequipo.com.mx\/pide-secretario-de-salud-hacer-pacto-parar-la-movilidad-para-evitar-tercer-ola-de-contagios-por-covid-en-sonora\/#primaryimage\",\"url\":\"https:\/\/www.sonoraenequipo.com.mx\/storage\/2021\/03\/clausen__opt.jpg\",\"contentUrl\":\"https:\/\/www.sonoraenequipo.com.mx\/storage\/2021\/03\/clausen__opt.jpg\",\"width\":713,\"height\":400},{\"@type\":\"BreadcrumbList\",\"@id\":\"https:\/\/www.sonoraenequipo.com.mx\/pide-secretario-de-salud-hacer-pacto-parar-la-movilidad-para-evitar-tercer-ola-de-contagios-por-covid-en-sonora\/#breadcrumb\",\"itemListElement\":[{\"@type\":\"ListItem\",\"position\":1,\"name\":\"Portada\",\"item\":\"https:\/\/www.sonoraenequipo.com.mx\/\"},{\"@type\":\"ListItem\",\"position\":2,\"name\":\"Pide secretario de Salud hacer pacto \u201cParar la movilidad\u201d para evitar tercer ola de contagios por COVID en Sonora\"}]},{\"@type\":\"WebSite\",\"@id\":\"https:\/\/www.sonoraenequipo.com.mx\/#website\",\"url\":\"https:\/\/www.sonoraenequipo.com.mx\/\",\"name\":\"Sonora en Equipo.\",\"description\":\"Diario en l\u00ednea con Noticias desde Hermosillo, Sonora\",\"publisher\":{\"@id\":\"https:\/\/www.sonoraenequipo.com.mx\/#organization\"},\"potentialAction\":[{\"@type\":\"SearchAction\",\"target\":{\"@type\":\"EntryPoint\",\"urlTemplate\":\"https:\/\/www.sonoraenequipo.com.mx\/?s={search_term_string}\"},\"query-input\":{\"@type\":\"PropertyValueSpecification\",\"valueRequired\":true,\"valueName\":\"search_term_string\"}}],\"inLanguage\":\"es\"},{\"@type\":\"Organization\",\"@id\":\"https:\/\/www.sonoraenequipo.com.mx\/#organization\",\"name\":\"Sonoraenequipo.com.mx\",\"url\":\"https:\/\/www.sonoraenequipo.com.mx\/\",\"logo\":{\"@type\":\"ImageObject\",\"inLanguage\":\"es\",\"@id\":\"https:\/\/www.sonoraenequipo.com.mx\/#\/schema\/logo\/image\/\",\"url\":\"https:\/\/www.sonoraenequipo.com.mx\/storage\/2019\/01\/sonoraenequipo_opt.png\",\"contentUrl\":\"https:\/\/www.sonoraenequipo.com.mx\/storage\/2019\/01\/sonoraenequipo_opt.png\",\"width\":375,\"height\":125,\"caption\":\"Sonoraenequipo.com.mx\"},\"image\":{\"@id\":\"https:\/\/www.sonoraenequipo.com.mx\/#\/schema\/logo\/image\/\"},\"sameAs\":[\"https:\/\/www.facebook.com\/SonoraEE\/\",\"https:\/\/x.com\/sonoraenequipo\",\"https:\/\/www.youtube.com\/channel\/UC338nW-lPEYmJQs4ZABQ1SQ\"]},{\"@type\":\"Person\",\"@id\":\"https:\/\/www.sonoraenequipo.com.mx\/#\/schema\/person\/50102df0fb23a8fa9e8effad8fa81386\",\"name\":\"enequipo\",\"image\":{\"@type\":\"ImageObject\",\"inLanguage\":\"es\",\"@id\":\"https:\/\/www.sonoraenequipo.com.mx\/#\/schema\/person\/image\/\",\"url\":\"https:\/\/secure.gravatar.com\/avatar\/049821681b589dabc0bc20695993ccebb09f5b5d4d790cd9251b97faac7c652b?s=96&d=blank&r=g\",\"contentUrl\":\"https:\/\/secure.gravatar.com\/avatar\/049821681b589dabc0bc20695993ccebb09f5b5d4d790cd9251b97faac7c652b?s=96&d=blank&r=g\",\"caption\":\"enequipo\"},\"sameAs\":[\"https:\/\/www.facebook.com\/SonoraEE\"]}]}<\/script>\n ","yoast_head_json":{"title":"Sonora en Equipo. Pide secretario de Salud hacer pacto \u201cParar la movilidad\u201d para evitar tercer ola de contagios por COVID en Sonora Sonora","description":"\u25baRegistra este d\u00eda siete decesos m\u00e1s y 144 nuevos casos positivos en Sonora &nbsp; HERMOSILLO, SONORA,MX.\u2500\u2500 Con la firme intenci\u00f3n de evitar una tercera En Sonora en Equipo publicamos toda la informaci\u00f3n de Sonora, M\u00e9xico y el Mundo de manera oportuna y busca que la libertad de expresi\u00f3n sea real. Visita nuestro medio informativo publicado desde Hermosillo, Sonora. %","robots":{"index":"index","follow":"follow","max-snippet":"max-snippet:-1","max-image-preview":"max-image-preview:large","max-video-preview":"max-video-preview:-1"},"canonical":"https:\/\/www.sonoraenequipo.com.mx\/pide-secretario-de-salud-hacer-pacto-parar-la-movilidad-para-evitar-tercer-ola-de-contagios-por-covid-en-sonora\/","og_locale":"es_ES","og_type":"article","og_title":"Sonora en Equipo. Pide secretario de Salud hacer pacto \u201cParar la movilidad\u201d para evitar tercer ola de contagios por COVID en Sonora Sonora","og_description":"\u25baRegistra este d\u00eda siete decesos m\u00e1s y 144 nuevos casos positivos en Sonora &nbsp; HERMOSILLO, SONORA,MX.\u2500\u2500 Con la firme intenci\u00f3n de evitar una tercera En Sonora en Equipo publicamos toda la informaci\u00f3n de Sonora, M\u00e9xico y el Mundo de manera oportuna y busca que la libertad de expresi\u00f3n sea real. Visita nuestro medio informativo publicado desde Hermosillo, Sonora. %","og_url":"https:\/\/www.sonoraenequipo.com.mx\/pide-secretario-de-salud-hacer-pacto-parar-la-movilidad-para-evitar-tercer-ola-de-contagios-por-covid-en-sonora\/","og_site_name":"Sonora en Equipo.","article_publisher":"https:\/\/www.facebook.com\/SonoraEE\/","article_author":"https:\/\/www.facebook.com\/SonoraEE","article_published_time":"2021-03-25T04:18:22+00:00","og_image":[{"width":713,"height":400,"url":"https:\/\/www.sonoraenequipo.com.mx\/storage\/2021\/03\/clausen__opt.jpg","type":"image\/jpeg"}],"author":"enequipo","twitter_card":"summary_large_image","twitter_creator":"@sonoraenequipo","twitter_site":"@sonoraenequipo","twitter_misc":{"Escrito por":"enequipo","Tiempo de lectura":"3 minutos"},"schema":{"@context":"https:\/\/schema.org","@graph":[{"@type":"Article","@id":"https:\/\/www.sonoraenequipo.com.mx\/pide-secretario-de-salud-hacer-pacto-parar-la-movilidad-para-evitar-tercer-ola-de-contagios-por-covid-en-sonora\/#article","isPartOf":{"@id":"https:\/\/www.sonoraenequipo.com.mx\/pide-secretario-de-salud-hacer-pacto-parar-la-movilidad-para-evitar-tercer-ola-de-contagios-por-covid-en-sonora\/"},"author":{"name":"enequipo","@id":"https:\/\/www.sonoraenequipo.com.mx\/#\/schema\/person\/50102df0fb23a8fa9e8effad8fa81386"},"headline":"Pide secretario de Salud hacer pacto \u201cParar la movilidad\u201d para evitar tercer ola de contagios por COVID en Sonora","datePublished":"2021-03-25T04:18:22+00:00","mainEntityOfPage":{"@id":"https:\/\/www.sonoraenequipo.com.mx\/pide-secretario-de-salud-hacer-pacto-parar-la-movilidad-para-evitar-tercer-ola-de-contagios-por-covid-en-sonora\/"},"wordCount":602,"commentCount":0,"publisher":{"@id":"https:\/\/www.sonoraenequipo.com.mx\/#organization"},"image":{"@id":"https:\/\/www.sonoraenequipo.com.mx\/pide-secretario-de-salud-hacer-pacto-parar-la-movilidad-para-evitar-tercer-ola-de-contagios-por-covid-en-sonora\/#primaryimage"},"thumbnailUrl":"https:\/\/www.sonoraenequipo.com.mx\/storage\/2021\/03\/clausen__opt.jpg","keywords":["covid","ENRIQUE CLAUSEN","SA"],"articleSection":["Sonora"],"inLanguage":"es","potentialAction":[{"@type":"CommentAction","name":"Comment","target":["https:\/\/www.sonoraenequipo.com.mx\/pide-secretario-de-salud-hacer-pacto-parar-la-movilidad-para-evitar-tercer-ola-de-contagios-por-covid-en-sonora\/#respond"]}]},{"@type":"WebPage","@id":"https:\/\/www.sonoraenequipo.com.mx\/pide-secretario-de-salud-hacer-pacto-parar-la-movilidad-para-evitar-tercer-ola-de-contagios-por-covid-en-sonora\/","url":"https:\/\/www.sonoraenequipo.com.mx\/pide-secretario-de-salud-hacer-pacto-parar-la-movilidad-para-evitar-tercer-ola-de-contagios-por-covid-en-sonora\/","name":"Sonora en Equipo. Pide secretario de Salud hacer pacto \u201cParar la movilidad\u201d para evitar tercer ola de contagios por COVID en Sonora Sonora","isPartOf":{"@id":"https:\/\/www.sonoraenequipo.com.mx\/#website"},"primaryImageOfPage":{"@id":"https:\/\/www.sonoraenequipo.com.mx\/pide-secretario-de-salud-hacer-pacto-parar-la-movilidad-para-evitar-tercer-ola-de-contagios-por-covid-en-sonora\/#primaryimage"},"image":{"@id":"https:\/\/www.sonoraenequipo.com.mx\/pide-secretario-de-salud-hacer-pacto-parar-la-movilidad-para-evitar-tercer-ola-de-contagios-por-covid-en-sonora\/#primaryimage"},"thumbnailUrl":"https:\/\/www.sonoraenequipo.com.mx\/storage\/2021\/03\/clausen__opt.jpg","datePublished":"2021-03-25T04:18:22+00:00","description":"\u25baRegistra este d\u00eda siete decesos m\u00e1s y 144 nuevos casos positivos en Sonora &nbsp; HERMOSILLO, SONORA,MX.\u2500\u2500 Con la firme intenci\u00f3n de evitar una tercera En Sonora en Equipo publicamos toda la informaci\u00f3n de Sonora, M\u00e9xico y el Mundo de manera oportuna y busca que la libertad de expresi\u00f3n sea real. Visita nuestro medio informativo publicado desde Hermosillo, Sonora. %","breadcrumb":{"@id":"https:\/\/www.sonoraenequipo.com.mx\/pide-secretario-de-salud-hacer-pacto-parar-la-movilidad-para-evitar-tercer-ola-de-contagios-por-covid-en-sonora\/#breadcrumb"},"inLanguage":"es","potentialAction":[{"@type":"ReadAction","target":["https:\/\/www.sonoraenequipo.com.mx\/pide-secretario-de-salud-hacer-pacto-parar-la-movilidad-para-evitar-tercer-ola-de-contagios-por-covid-en-sonora\/"]}]},{"@type":"ImageObject","inLanguage":"es","@id":"https:\/\/www.sonoraenequipo.com.mx\/pide-secretario-de-salud-hacer-pacto-parar-la-movilidad-para-evitar-tercer-ola-de-contagios-por-covid-en-sonora\/#primaryimage","url":"https:\/\/www.sonoraenequipo.com.mx\/storage\/2021\/03\/clausen__opt.jpg","contentUrl":"https:\/\/www.sonoraenequipo.com.mx\/storage\/2021\/03\/clausen__opt.jpg","width":713,"height":400},{"@type":"BreadcrumbList","@id":"https:\/\/www.sonoraenequipo.com.mx\/pide-secretario-de-salud-hacer-pacto-parar-la-movilidad-para-evitar-tercer-ola-de-contagios-por-covid-en-sonora\/#breadcrumb","itemListElement":[{"@type":"ListItem","position":1,"name":"Portada","item":"https:\/\/www.sonoraenequipo.com.mx\/"},{"@type":"ListItem","position":2,"name":"Pide secretario de Salud hacer pacto \u201cParar la movilidad\u201d para evitar tercer ola de contagios por COVID en Sonora"}]},{"@type":"WebSite","@id":"https:\/\/www.sonoraenequipo.com.mx\/#website","url":"https:\/\/www.sonoraenequipo.com.mx\/","name":"Sonora en Equipo.","description":"Diario en l\u00ednea con Noticias desde Hermosillo, Sonora","publisher":{"@id":"https:\/\/www.sonoraenequipo.com.mx\/#organization"},"potentialAction":[{"@type":"SearchAction","target":{"@type":"EntryPoint","urlTemplate":"https:\/\/www.sonoraenequipo.com.mx\/?s={search_term_string}"},"query-input":{"@type":"PropertyValueSpecification","valueRequired":true,"valueName":"search_term_string"}}],"inLanguage":"es"},{"@type":"Organization","@id":"https:\/\/www.sonoraenequipo.com.mx\/#organization","name":"Sonoraenequipo.com.mx","url":"https:\/\/www.sonoraenequipo.com.mx\/","logo":{"@type":"ImageObject","inLanguage":"es","@id":"https:\/\/www.sonoraenequipo.com.mx\/#\/schema\/logo\/image\/","url":"https:\/\/www.sonoraenequipo.com.mx\/storage\/2019\/01\/sonoraenequipo_opt.png","contentUrl":"https:\/\/www.sonoraenequipo.com.mx\/storage\/2019\/01\/sonoraenequipo_opt.png","width":375,"height":125,"caption":"Sonoraenequipo.com.mx"},"image":{"@id":"https:\/\/www.sonoraenequipo.com.mx\/#\/schema\/logo\/image\/"},"sameAs":["https:\/\/www.facebook.com\/SonoraEE\/","https:\/\/x.com\/sonoraenequipo","https:\/\/www.youtube.com\/channel\/UC338nW-lPEYmJQs4ZABQ1SQ"]},{"@type":"Person","@id":"https:\/\/www.sonoraenequipo.com.mx\/#\/schema\/person\/50102df0fb23a8fa9e8effad8fa81386","name":"enequipo","image":{"@type":"ImageObject","inLanguage":"es","@id":"https:\/\/www.sonoraenequipo.com.mx\/#\/schema\/person\/image\/","url":"https:\/\/secure.gravatar.com\/avatar\/049821681b589dabc0bc20695993ccebb09f5b5d4d790cd9251b97faac7c652b?s=96&d=blank&r=g","contentUrl":"https:\/\/secure.gravatar.com\/avatar\/049821681b589dabc0bc20695993ccebb09f5b5d4d790cd9251b97faac7c652b?s=96&d=blank&r=g","caption":"enequipo"},"sameAs":["https:\/\/www.facebook.com\/SonoraEE"]}]}},"jetpack_featured_media_url":"https:\/\/www.sonoraenequipo.com.mx\/storage\/2021\/03\/clausen__opt.jpg","_links":{"self":[{"href":"https:\/\/www.sonoraenequipo.com.mx\/api\/wp\/v2\/posts\/110104","targetHints":{"allow":["GET"]}}],"collection":[{"href":"https:\/\/www.sonoraenequipo.com.mx\/api\/wp\/v2\/posts"}],"about":[{"href":"https:\/\/www.sonoraenequipo.com.mx\/api\/wp\/v2\/types\/post"}],"author":[{"embeddable":true,"href":"https:\/\/www.sonoraenequipo.com.mx\/api\/wp\/v2\/users\/1"}],"replies":[{"embeddable":true,"href":"https:\/\/www.sonoraenequipo.com.mx\/api\/wp\/v2\/comments?post=110104"}],"version-history":[{"count":1,"href":"https:\/\/www.sonoraenequipo.com.mx\/api\/wp\/v2\/posts\/110104\/revisions"}],"predecessor-version":[{"id":110105,"href":"https:\/\/www.sonoraenequipo.com.mx\/api\/wp\/v2\/posts\/110104\/revisions\/110105"}],"wp:featuredmedia":[{"embeddable":true,"href":"https:\/\/www.sonoraenequipo.com.mx\/api\/wp\/v2\/media\/109610"}],"wp:attachment":[{"href":"https:\/\/www.sonoraenequipo.com.mx\/api\/wp\/v2\/media?parent=110104"}],"wp:term":[{"taxonomy":"category","embeddable":true,"href":"https:\/\/www.sonoraenequipo.com.mx\/api\/wp\/v2\/categories?post=110104"},{"taxonomy":"post_tag","embeddable":true,"href":"https:\/\/www.sonoraenequipo.com.mx\/api\/wp\/v2\/tags?post=110104"}],"curies":[{"name":"wp","href":"https:\/\/api.w.org\/{rel}","templated":true}]}}