{"id":110109,"date":"2021-03-24T22:50:44","date_gmt":"2021-03-25T05:50:44","guid":{"rendered":"https:\/\/www.sonoraenequipo.com.mx\/?p=110109"},"modified":"2021-03-24T22:50:44","modified_gmt":"2021-03-25T05:50:44","slug":"lucharemos-por-los-recursos-del-impuesto-minero-para-beneficio-de-las-y-los-cananenses-alfonso-durazo","status":"publish","type":"post","link":"https:\/\/www.sonoraenequipo.com.mx\/lucharemos-por-los-recursos-del-impuesto-minero-para-beneficio-de-las-y-los-cananenses-alfonso-durazo\/","title":{"rendered":"Lucharemos por los recursos del impuesto minero para beneficio de las y los cananenses: Alfonso Durazo"},"content":{"rendered":"<p>\u25baLa riqueza generada en Cananea tiene que llegar a sus trabajadores y a la comunidad, por lo que pelearemos para que el impuesto minero beneficie a toda la ciudadan\u00eda, plante\u00f3 Alfonso Durazo Monta\u00f1o.<\/p>\n<p>&nbsp;<\/p>\n<p>CANANEA,SONORA,MX.\u2500 \u201cVamos a pelear por los recursos del impuesto minero para que beneficien a la comunidad de Cananea\u2026 no (pelearemos por) el fondo minero, porque el fondo minero hizo bien el presidente en desaparecerlo, aunque a algunos no les guste&#8230; El objetivo fue acabar con la corrupci\u00f3n, pero no acabar los beneficios del impuesto minero\u201d, detall\u00f3.<\/p>\n<p>&nbsp;<\/p>\n<p>En encuentro con militantes y simpatizantes en el parque Santa Teresa de la ciudad minera, el candidato a gobernador del estado adelant\u00f3 que propondr\u00e1 al presidente de la Rep\u00fablica el nombramiento de un comisionado especial del gobierno federal para resolver toda la problem\u00e1tica hist\u00f3rica de Cananea.<\/p>\n<p>&nbsp;<\/p>\n<p>En cuanto al relanzamiento econ\u00f3mico del estado, expuso la urgencia de diversificar la econom\u00eda de la regi\u00f3n para mejorar la calidad de los empleos mediante el establecimiento de empresas manufactureras con salarios dignos y con una vida sindical plenamente democr\u00e1tica.<\/p>\n<p>&nbsp;<\/p>\n<p>El candidato com\u00fan de Morena, PT, Verde Ecologista y Nueva Alianza Sonora, reconoci\u00f3 el valor de la industria minera como columna vertebral de la econom\u00eda local. Por ello, llam\u00f3 a cumplir los protocolos ambientales en la extracci\u00f3n de minerales para reducir el riesgo de contaminaci\u00f3n de r\u00edos y mantos acu\u00edferos.<\/p>\n<p>&nbsp;<\/p>\n<p>El abanderado de la alianza \u201cJuntos haremos historia en Sonora\u201d propuso profundizar el plan que busca hacer de Cananea un destino tur\u00edstico anclado en la industria vitivin\u00edcola.<\/p>\n<p>&nbsp;<\/p>\n<p>Adicionalmente, llam\u00f3 la atenci\u00f3n sobre los apuros econ\u00f3micos e incertidumbre laboral que sufre la clase obrera de Cananea, en particular los empleados del antiguo sindicato minero. Por esa raz\u00f3n, propuso gestionar la mejora de sus condiciones para que recuperen la estabilidad laboral perdida. Y en especial a las esposas de los mineros despedidos que bloquearon las v\u00edas del ferrocarril en meses pasados.<\/p>\n<p>&nbsp;<\/p>\n<p>Cananea, afirm\u00f3, es un lugar fundamental para comprender las ra\u00edces de las que est\u00e1 hecho Sonora, pues aqu\u00ed prendi\u00f3 la chispa que dio inicio a la Revoluci\u00f3n Mexicana, la tercera gran transformaci\u00f3n de M\u00e9xico, con la huelga de los trabajadores mineros de 1906 y su gran comunidad minera, siempre una aliada de las causas progresistas.<\/p>\n<p>Fecha de publicaci\u00f3n mi\u00e9rcoles \u00a024\u00a0 \/ marzo \/2021<\/p>\n","protected":false},"excerpt":{"rendered":"<p>\u25baLa riqueza generada en Cananea tiene que llegar a sus trabajadores y a la comunidad,&#8230;<\/p>\n","protected":false},"author":1,"featured_media":110110,"comment_status":"open","ping_status":"open","sticky":false,"template":"","format":"standard","meta":{"_monsterinsights_skip_tracking":false,"_monsterinsights_sitenote_active":false,"_monsterinsights_sitenote_note":"","_monsterinsights_sitenote_category":0,"footnotes":""},"categories":[8],"tags":[2200,4694],"class_list":["post"],"yoast_head":" \n<title>Sonora en Equipo. Lucharemos por los recursos del impuesto minero para beneficio de las y los cananenses: Alfonso Durazo LA ELECCION 2024<\/title>\n<meta name=\"description\" content=\"\u25baLa riqueza generada en Cananea tiene que llegar a sus trabajadores y a la comunidad, por lo que pelearemos para que el impuesto minero beneficie a toda En Sonora en Equipo publicamos toda la informaci\u00f3n de Sonora, M\u00e9xico y el Mundo de manera oportuna y busca que la libertad de expresi\u00f3n sea real. Visita nuestro medio informativo publicado desde Hermosillo, Sonora. %\" \/>\n<meta name=\"robots\" content=\"index, follow, max-snippet:-1, max-image-preview:large, max-video-preview:-1\" \/>\n<link rel=\"canonical\" href=\"https:\/\/www.sonoraenequipo.com.mx\/lucharemos-por-los-recursos-del-impuesto-minero-para-beneficio-de-las-y-los-cananenses-alfonso-durazo\/\" \/>\n<meta property=\"og:locale\" content=\"es_ES\" \/>\n<meta property=\"og:type\" content=\"article\" \/>\n<meta property=\"og:title\" content=\"Sonora en Equipo. Lucharemos por los recursos del impuesto minero para beneficio de las y los cananenses: Alfonso Durazo LA ELECCION 2024\" \/>\n<meta property=\"og:description\" content=\"\u25baLa riqueza generada en Cananea tiene que llegar a sus trabajadores y a la comunidad, por lo que pelearemos para que el impuesto minero beneficie a toda En Sonora en Equipo publicamos toda la informaci\u00f3n de Sonora, M\u00e9xico y el Mundo de manera oportuna y busca que la libertad de expresi\u00f3n sea real. Visita nuestro medio informativo publicado desde Hermosillo, Sonora. %\" \/>\n<meta property=\"og:url\" content=\"https:\/\/www.sonoraenequipo.com.mx\/lucharemos-por-los-recursos-del-impuesto-minero-para-beneficio-de-las-y-los-cananenses-alfonso-durazo\/\" \/>\n<meta property=\"og:site_name\" content=\"Sonora en Equipo.\" \/>\n<meta property=\"article:publisher\" content=\"https:\/\/www.facebook.com\/SonoraEE\/\" \/>\n<meta property=\"article:author\" content=\"https:\/\/www.facebook.com\/SonoraEE\" \/>\n<meta property=\"article:published_time\" content=\"2021-03-25T05:50:44+00:00\" \/>\n<meta property=\"og:image\" content=\"https:\/\/www.sonoraenequipo.com.mx\/storage\/2021\/03\/ADM240321.jpg\" \/>\n\t<meta property=\"og:image:width\" content=\"500\" \/>\n\t<meta property=\"og:image:height\" content=\"334\" \/>\n\t<meta property=\"og:image:type\" content=\"image\/jpeg\" \/>\n<meta name=\"author\" content=\"enequipo\" \/>\n<meta name=\"twitter:card\" content=\"summary_large_image\" \/>\n<meta name=\"twitter:creator\" content=\"@sonoraenequipo\" \/>\n<meta name=\"twitter:site\" content=\"@sonoraenequipo\" \/>\n<meta name=\"twitter:label1\" content=\"Escrito por\" \/>\n\t<meta name=\"twitter:data1\" content=\"enequipo\" \/>\n\t<meta name=\"twitter:label2\" content=\"Tiempo de lectura\" \/>\n\t<meta name=\"twitter:data2\" content=\"2 minutos\" \/>\n<script type=\"application\/ld+json\" class=\"yoast-schema-graph\">{\"@context\":\"https:\/\/schema.org\",\"@graph\":[{\"@type\":\"Article\",\"@id\":\"https:\/\/www.sonoraenequipo.com.mx\/lucharemos-por-los-recursos-del-impuesto-minero-para-beneficio-de-las-y-los-cananenses-alfonso-durazo\/#article\",\"isPartOf\":{\"@id\":\"https:\/\/www.sonoraenequipo.com.mx\/lucharemos-por-los-recursos-del-impuesto-minero-para-beneficio-de-las-y-los-cananenses-alfonso-durazo\/\"},\"author\":{\"name\":\"enequipo\",\"@id\":\"https:\/\/www.sonoraenequipo.com.mx\/#\/schema\/person\/50102df0fb23a8fa9e8effad8fa81386\"},\"headline\":\"Lucharemos por los recursos del impuesto minero para beneficio de las y los cananenses: Alfonso Durazo\",\"datePublished\":\"2021-03-25T05:50:44+00:00\",\"mainEntityOfPage\":{\"@id\":\"https:\/\/www.sonoraenequipo.com.mx\/lucharemos-por-los-recursos-del-impuesto-minero-para-beneficio-de-las-y-los-cananenses-alfonso-durazo\/\"},\"wordCount\":426,\"commentCount\":0,\"publisher\":{\"@id\":\"https:\/\/www.sonoraenequipo.com.mx\/#organization\"},\"image\":{\"@id\":\"https:\/\/www.sonoraenequipo.com.mx\/lucharemos-por-los-recursos-del-impuesto-minero-para-beneficio-de-las-y-los-cananenses-alfonso-durazo\/#primaryimage\"},\"thumbnailUrl\":\"https:\/\/www.sonoraenequipo.com.mx\/storage\/2021\/03\/ADM240321.jpg\",\"keywords\":[\"Alfonso Durazo\",\"ELECCIONES2021\"],\"articleSection\":[\"LA ELECCION 2024\"],\"inLanguage\":\"es\",\"potentialAction\":[{\"@type\":\"CommentAction\",\"name\":\"Comment\",\"target\":[\"https:\/\/www.sonoraenequipo.com.mx\/lucharemos-por-los-recursos-del-impuesto-minero-para-beneficio-de-las-y-los-cananenses-alfonso-durazo\/#respond\"]}]},{\"@type\":\"WebPage\",\"@id\":\"https:\/\/www.sonoraenequipo.com.mx\/lucharemos-por-los-recursos-del-impuesto-minero-para-beneficio-de-las-y-los-cananenses-alfonso-durazo\/\",\"url\":\"https:\/\/www.sonoraenequipo.com.mx\/lucharemos-por-los-recursos-del-impuesto-minero-para-beneficio-de-las-y-los-cananenses-alfonso-durazo\/\",\"name\":\"Sonora en Equipo. Lucharemos por los recursos del impuesto minero para beneficio de las y los cananenses: Alfonso Durazo LA ELECCION 2024\",\"isPartOf\":{\"@id\":\"https:\/\/www.sonoraenequipo.com.mx\/#website\"},\"primaryImageOfPage\":{\"@id\":\"https:\/\/www.sonoraenequipo.com.mx\/lucharemos-por-los-recursos-del-impuesto-minero-para-beneficio-de-las-y-los-cananenses-alfonso-durazo\/#primaryimage\"},\"image\":{\"@id\":\"https:\/\/www.sonoraenequipo.com.mx\/lucharemos-por-los-recursos-del-impuesto-minero-para-beneficio-de-las-y-los-cananenses-alfonso-durazo\/#primaryimage\"},\"thumbnailUrl\":\"https:\/\/www.sonoraenequipo.com.mx\/storage\/2021\/03\/ADM240321.jpg\",\"datePublished\":\"2021-03-25T05:50:44+00:00\",\"description\":\"\u25baLa riqueza generada en Cananea tiene que llegar a sus trabajadores y a la comunidad, por lo que pelearemos para que el impuesto minero beneficie a toda En Sonora en Equipo publicamos toda la informaci\u00f3n de Sonora, M\u00e9xico y el Mundo de manera oportuna y busca que la libertad de expresi\u00f3n sea real. Visita nuestro medio informativo publicado desde Hermosillo, Sonora. %\",\"breadcrumb\":{\"@id\":\"https:\/\/www.sonoraenequipo.com.mx\/lucharemos-por-los-recursos-del-impuesto-minero-para-beneficio-de-las-y-los-cananenses-alfonso-durazo\/#breadcrumb\"},\"inLanguage\":\"es\",\"potentialAction\":[{\"@type\":\"ReadAction\",\"target\":[\"https:\/\/www.sonoraenequipo.com.mx\/lucharemos-por-los-recursos-del-impuesto-minero-para-beneficio-de-las-y-los-cananenses-alfonso-durazo\/\"]}]},{\"@type\":\"ImageObject\",\"inLanguage\":\"es\",\"@id\":\"https:\/\/www.sonoraenequipo.com.mx\/lucharemos-por-los-recursos-del-impuesto-minero-para-beneficio-de-las-y-los-cananenses-alfonso-durazo\/#primaryimage\",\"url\":\"https:\/\/www.sonoraenequipo.com.mx\/storage\/2021\/03\/ADM240321.jpg\",\"contentUrl\":\"https:\/\/www.sonoraenequipo.com.mx\/storage\/2021\/03\/ADM240321.jpg\",\"width\":500,\"height\":334},{\"@type\":\"BreadcrumbList\",\"@id\":\"https:\/\/www.sonoraenequipo.com.mx\/lucharemos-por-los-recursos-del-impuesto-minero-para-beneficio-de-las-y-los-cananenses-alfonso-durazo\/#breadcrumb\",\"itemListElement\":[{\"@type\":\"ListItem\",\"position\":1,\"name\":\"Portada\",\"item\":\"https:\/\/www.sonoraenequipo.com.mx\/\"},{\"@type\":\"ListItem\",\"position\":2,\"name\":\"Lucharemos por los recursos del impuesto minero para beneficio de las y los cananenses: Alfonso Durazo\"}]},{\"@type\":\"WebSite\",\"@id\":\"https:\/\/www.sonoraenequipo.com.mx\/#website\",\"url\":\"https:\/\/www.sonoraenequipo.com.mx\/\",\"name\":\"Sonora en Equipo.\",\"description\":\"Diario en l\u00ednea con Noticias desde Hermosillo, Sonora\",\"publisher\":{\"@id\":\"https:\/\/www.sonoraenequipo.com.mx\/#organization\"},\"potentialAction\":[{\"@type\":\"SearchAction\",\"target\":{\"@type\":\"EntryPoint\",\"urlTemplate\":\"https:\/\/www.sonoraenequipo.com.mx\/?s={search_term_string}\"},\"query-input\":{\"@type\":\"PropertyValueSpecification\",\"valueRequired\":true,\"valueName\":\"search_term_string\"}}],\"inLanguage\":\"es\"},{\"@type\":\"Organization\",\"@id\":\"https:\/\/www.sonoraenequipo.com.mx\/#organization\",\"name\":\"Sonoraenequipo.com.mx\",\"url\":\"https:\/\/www.sonoraenequipo.com.mx\/\",\"logo\":{\"@type\":\"ImageObject\",\"inLanguage\":\"es\",\"@id\":\"https:\/\/www.sonoraenequipo.com.mx\/#\/schema\/logo\/image\/\",\"url\":\"https:\/\/www.sonoraenequipo.com.mx\/storage\/2019\/01\/sonoraenequipo_opt.png\",\"contentUrl\":\"https:\/\/www.sonoraenequipo.com.mx\/storage\/2019\/01\/sonoraenequipo_opt.png\",\"width\":375,\"height\":125,\"caption\":\"Sonoraenequipo.com.mx\"},\"image\":{\"@id\":\"https:\/\/www.sonoraenequipo.com.mx\/#\/schema\/logo\/image\/\"},\"sameAs\":[\"https:\/\/www.facebook.com\/SonoraEE\/\",\"https:\/\/x.com\/sonoraenequipo\",\"https:\/\/www.youtube.com\/channel\/UC338nW-lPEYmJQs4ZABQ1SQ\"]},{\"@type\":\"Person\",\"@id\":\"https:\/\/www.sonoraenequipo.com.mx\/#\/schema\/person\/50102df0fb23a8fa9e8effad8fa81386\",\"name\":\"enequipo\",\"image\":{\"@type\":\"ImageObject\",\"inLanguage\":\"es\",\"@id\":\"https:\/\/www.sonoraenequipo.com.mx\/#\/schema\/person\/image\/\",\"url\":\"https:\/\/secure.gravatar.com\/avatar\/049821681b589dabc0bc20695993ccebb09f5b5d4d790cd9251b97faac7c652b?s=96&d=blank&r=g\",\"contentUrl\":\"https:\/\/secure.gravatar.com\/avatar\/049821681b589dabc0bc20695993ccebb09f5b5d4d790cd9251b97faac7c652b?s=96&d=blank&r=g\",\"caption\":\"enequipo\"},\"sameAs\":[\"https:\/\/www.facebook.com\/SonoraEE\"]}]}<\/script>\n ","yoast_head_json":{"title":"Sonora en Equipo. Lucharemos por los recursos del impuesto minero para beneficio de las y los cananenses: Alfonso Durazo LA ELECCION 2024","description":"\u25baLa riqueza generada en Cananea tiene que llegar a sus trabajadores y a la comunidad, por lo que pelearemos para que el impuesto minero beneficie a toda En Sonora en Equipo publicamos toda la informaci\u00f3n de Sonora, M\u00e9xico y el Mundo de manera oportuna y busca que la libertad de expresi\u00f3n sea real. Visita nuestro medio informativo publicado desde Hermosillo, Sonora. %","robots":{"index":"index","follow":"follow","max-snippet":"max-snippet:-1","max-image-preview":"max-image-preview:large","max-video-preview":"max-video-preview:-1"},"canonical":"https:\/\/www.sonoraenequipo.com.mx\/lucharemos-por-los-recursos-del-impuesto-minero-para-beneficio-de-las-y-los-cananenses-alfonso-durazo\/","og_locale":"es_ES","og_type":"article","og_title":"Sonora en Equipo. Lucharemos por los recursos del impuesto minero para beneficio de las y los cananenses: Alfonso Durazo LA ELECCION 2024","og_description":"\u25baLa riqueza generada en Cananea tiene que llegar a sus trabajadores y a la comunidad, por lo que pelearemos para que el impuesto minero beneficie a toda En Sonora en Equipo publicamos toda la informaci\u00f3n de Sonora, M\u00e9xico y el Mundo de manera oportuna y busca que la libertad de expresi\u00f3n sea real. Visita nuestro medio informativo publicado desde Hermosillo, Sonora. %","og_url":"https:\/\/www.sonoraenequipo.com.mx\/lucharemos-por-los-recursos-del-impuesto-minero-para-beneficio-de-las-y-los-cananenses-alfonso-durazo\/","og_site_name":"Sonora en Equipo.","article_publisher":"https:\/\/www.facebook.com\/SonoraEE\/","article_author":"https:\/\/www.facebook.com\/SonoraEE","article_published_time":"2021-03-25T05:50:44+00:00","og_image":[{"width":500,"height":334,"url":"https:\/\/www.sonoraenequipo.com.mx\/storage\/2021\/03\/ADM240321.jpg","type":"image\/jpeg"}],"author":"enequipo","twitter_card":"summary_large_image","twitter_creator":"@sonoraenequipo","twitter_site":"@sonoraenequipo","twitter_misc":{"Escrito por":"enequipo","Tiempo de lectura":"2 minutos"},"schema":{"@context":"https:\/\/schema.org","@graph":[{"@type":"Article","@id":"https:\/\/www.sonoraenequipo.com.mx\/lucharemos-por-los-recursos-del-impuesto-minero-para-beneficio-de-las-y-los-cananenses-alfonso-durazo\/#article","isPartOf":{"@id":"https:\/\/www.sonoraenequipo.com.mx\/lucharemos-por-los-recursos-del-impuesto-minero-para-beneficio-de-las-y-los-cananenses-alfonso-durazo\/"},"author":{"name":"enequipo","@id":"https:\/\/www.sonoraenequipo.com.mx\/#\/schema\/person\/50102df0fb23a8fa9e8effad8fa81386"},"headline":"Lucharemos por los recursos del impuesto minero para beneficio de las y los cananenses: Alfonso Durazo","datePublished":"2021-03-25T05:50:44+00:00","mainEntityOfPage":{"@id":"https:\/\/www.sonoraenequipo.com.mx\/lucharemos-por-los-recursos-del-impuesto-minero-para-beneficio-de-las-y-los-cananenses-alfonso-durazo\/"},"wordCount":426,"commentCount":0,"publisher":{"@id":"https:\/\/www.sonoraenequipo.com.mx\/#organization"},"image":{"@id":"https:\/\/www.sonoraenequipo.com.mx\/lucharemos-por-los-recursos-del-impuesto-minero-para-beneficio-de-las-y-los-cananenses-alfonso-durazo\/#primaryimage"},"thumbnailUrl":"https:\/\/www.sonoraenequipo.com.mx\/storage\/2021\/03\/ADM240321.jpg","keywords":["Alfonso Durazo","ELECCIONES2021"],"articleSection":["LA ELECCION 2024"],"inLanguage":"es","potentialAction":[{"@type":"CommentAction","name":"Comment","target":["https:\/\/www.sonoraenequipo.com.mx\/lucharemos-por-los-recursos-del-impuesto-minero-para-beneficio-de-las-y-los-cananenses-alfonso-durazo\/#respond"]}]},{"@type":"WebPage","@id":"https:\/\/www.sonoraenequipo.com.mx\/lucharemos-por-los-recursos-del-impuesto-minero-para-beneficio-de-las-y-los-cananenses-alfonso-durazo\/","url":"https:\/\/www.sonoraenequipo.com.mx\/lucharemos-por-los-recursos-del-impuesto-minero-para-beneficio-de-las-y-los-cananenses-alfonso-durazo\/","name":"Sonora en Equipo. Lucharemos por los recursos del impuesto minero para beneficio de las y los cananenses: Alfonso Durazo LA ELECCION 2024","isPartOf":{"@id":"https:\/\/www.sonoraenequipo.com.mx\/#website"},"primaryImageOfPage":{"@id":"https:\/\/www.sonoraenequipo.com.mx\/lucharemos-por-los-recursos-del-impuesto-minero-para-beneficio-de-las-y-los-cananenses-alfonso-durazo\/#primaryimage"},"image":{"@id":"https:\/\/www.sonoraenequipo.com.mx\/lucharemos-por-los-recursos-del-impuesto-minero-para-beneficio-de-las-y-los-cananenses-alfonso-durazo\/#primaryimage"},"thumbnailUrl":"https:\/\/www.sonoraenequipo.com.mx\/storage\/2021\/03\/ADM240321.jpg","datePublished":"2021-03-25T05:50:44+00:00","description":"\u25baLa riqueza generada en Cananea tiene que llegar a sus trabajadores y a la comunidad, por lo que pelearemos para que el impuesto minero beneficie a toda En Sonora en Equipo publicamos toda la informaci\u00f3n de Sonora, M\u00e9xico y el Mundo de manera oportuna y busca que la libertad de expresi\u00f3n sea real. Visita nuestro medio informativo publicado desde Hermosillo, Sonora. %","breadcrumb":{"@id":"https:\/\/www.sonoraenequipo.com.mx\/lucharemos-por-los-recursos-del-impuesto-minero-para-beneficio-de-las-y-los-cananenses-alfonso-durazo\/#breadcrumb"},"inLanguage":"es","potentialAction":[{"@type":"ReadAction","target":["https:\/\/www.sonoraenequipo.com.mx\/lucharemos-por-los-recursos-del-impuesto-minero-para-beneficio-de-las-y-los-cananenses-alfonso-durazo\/"]}]},{"@type":"ImageObject","inLanguage":"es","@id":"https:\/\/www.sonoraenequipo.com.mx\/lucharemos-por-los-recursos-del-impuesto-minero-para-beneficio-de-las-y-los-cananenses-alfonso-durazo\/#primaryimage","url":"https:\/\/www.sonoraenequipo.com.mx\/storage\/2021\/03\/ADM240321.jpg","contentUrl":"https:\/\/www.sonoraenequipo.com.mx\/storage\/2021\/03\/ADM240321.jpg","width":500,"height":334},{"@type":"BreadcrumbList","@id":"https:\/\/www.sonoraenequipo.com.mx\/lucharemos-por-los-recursos-del-impuesto-minero-para-beneficio-de-las-y-los-cananenses-alfonso-durazo\/#breadcrumb","itemListElement":[{"@type":"ListItem","position":1,"name":"Portada","item":"https:\/\/www.sonoraenequipo.com.mx\/"},{"@type":"ListItem","position":2,"name":"Lucharemos por los recursos del impuesto minero para beneficio de las y los cananenses: Alfonso Durazo"}]},{"@type":"WebSite","@id":"https:\/\/www.sonoraenequipo.com.mx\/#website","url":"https:\/\/www.sonoraenequipo.com.mx\/","name":"Sonora en Equipo.","description":"Diario en l\u00ednea con Noticias desde Hermosillo, Sonora","publisher":{"@id":"https:\/\/www.sonoraenequipo.com.mx\/#organization"},"potentialAction":[{"@type":"SearchAction","target":{"@type":"EntryPoint","urlTemplate":"https:\/\/www.sonoraenequipo.com.mx\/?s={search_term_string}"},"query-input":{"@type":"PropertyValueSpecification","valueRequired":true,"valueName":"search_term_string"}}],"inLanguage":"es"},{"@type":"Organization","@id":"https:\/\/www.sonoraenequipo.com.mx\/#organization","name":"Sonoraenequipo.com.mx","url":"https:\/\/www.sonoraenequipo.com.mx\/","logo":{"@type":"ImageObject","inLanguage":"es","@id":"https:\/\/www.sonoraenequipo.com.mx\/#\/schema\/logo\/image\/","url":"https:\/\/www.sonoraenequipo.com.mx\/storage\/2019\/01\/sonoraenequipo_opt.png","contentUrl":"https:\/\/www.sonoraenequipo.com.mx\/storage\/2019\/01\/sonoraenequipo_opt.png","width":375,"height":125,"caption":"Sonoraenequipo.com.mx"},"image":{"@id":"https:\/\/www.sonoraenequipo.com.mx\/#\/schema\/logo\/image\/"},"sameAs":["https:\/\/www.facebook.com\/SonoraEE\/","https:\/\/x.com\/sonoraenequipo","https:\/\/www.youtube.com\/channel\/UC338nW-lPEYmJQs4ZABQ1SQ"]},{"@type":"Person","@id":"https:\/\/www.sonoraenequipo.com.mx\/#\/schema\/person\/50102df0fb23a8fa9e8effad8fa81386","name":"enequipo","image":{"@type":"ImageObject","inLanguage":"es","@id":"https:\/\/www.sonoraenequipo.com.mx\/#\/schema\/person\/image\/","url":"https:\/\/secure.gravatar.com\/avatar\/049821681b589dabc0bc20695993ccebb09f5b5d4d790cd9251b97faac7c652b?s=96&d=blank&r=g","contentUrl":"https:\/\/secure.gravatar.com\/avatar\/049821681b589dabc0bc20695993ccebb09f5b5d4d790cd9251b97faac7c652b?s=96&d=blank&r=g","caption":"enequipo"},"sameAs":["https:\/\/www.facebook.com\/SonoraEE"]}]}},"jetpack_featured_media_url":"https:\/\/www.sonoraenequipo.com.mx\/storage\/2021\/03\/ADM240321.jpg","_links":{"self":[{"href":"https:\/\/www.sonoraenequipo.com.mx\/api\/wp\/v2\/posts\/110109","targetHints":{"allow":["GET"]}}],"collection":[{"href":"https:\/\/www.sonoraenequipo.com.mx\/api\/wp\/v2\/posts"}],"about":[{"href":"https:\/\/www.sonoraenequipo.com.mx\/api\/wp\/v2\/types\/post"}],"author":[{"embeddable":true,"href":"https:\/\/www.sonoraenequipo.com.mx\/api\/wp\/v2\/users\/1"}],"replies":[{"embeddable":true,"href":"https:\/\/www.sonoraenequipo.com.mx\/api\/wp\/v2\/comments?post=110109"}],"version-history":[{"count":1,"href":"https:\/\/www.sonoraenequipo.com.mx\/api\/wp\/v2\/posts\/110109\/revisions"}],"predecessor-version":[{"id":110111,"href":"https:\/\/www.sonoraenequipo.com.mx\/api\/wp\/v2\/posts\/110109\/revisions\/110111"}],"wp:featuredmedia":[{"embeddable":true,"href":"https:\/\/www.sonoraenequipo.com.mx\/api\/wp\/v2\/media\/110110"}],"wp:attachment":[{"href":"https:\/\/www.sonoraenequipo.com.mx\/api\/wp\/v2\/media?parent=110109"}],"wp:term":[{"taxonomy":"category","embeddable":true,"href":"https:\/\/www.sonoraenequipo.com.mx\/api\/wp\/v2\/categories?post=110109"},{"taxonomy":"post_tag","embeddable":true,"href":"https:\/\/www.sonoraenequipo.com.mx\/api\/wp\/v2\/tags?post=110109"}],"curies":[{"name":"wp","href":"https:\/\/api.w.org\/{rel}","templated":true}]}}