{"id":110116,"date":"2021-03-24T23:55:40","date_gmt":"2021-03-25T06:55:40","guid":{"rendered":"https:\/\/www.sonoraenequipo.com.mx\/?p=110116"},"modified":"2021-03-25T08:52:02","modified_gmt":"2021-03-25T15:52:02","slug":"no-se-prohibio-doblaje-de-peliculas-aclara-sergio-mayer","status":"publish","type":"post","link":"https:\/\/www.sonoraenequipo.com.mx\/no-se-prohibio-doblaje-de-peliculas-aclara-sergio-mayer\/","title":{"rendered":"No se prohibi\u00f3 doblaje de pel\u00edculas, aclara Sergio Mayer"},"content":{"rendered":"<p>CIUDAD DE M\u00c9XICO. MX. \u2014 Sergio Mayer Bret\u00f3n, Presidente de la Comisi\u00f3n de Cultura y Cinematograf\u00eda en la C\u00e1mara de Diputados, aclar\u00f3 que no se prohibieron los doblajes ni las pel\u00edculas dobladas en el pa\u00eds.<\/p>\n<p>&nbsp;<\/p>\n<p> <\/p>\n<p>&nbsp;<\/p>\n<p>Luego de que se publicara en el Diario Oficial de la Federaci\u00f3n (DOF) la reforma al art\u00edculo 8 de la Ley Federal de Cinematograf\u00eda, se gener\u00f3 una gran confusi\u00f3n en torno a su contenido entre la ciudadan\u00eda.<\/p>\n<p>&nbsp;<\/p>\n<p>Principalmente cuando un \u00e1ngulo errado en medios de comunicaci\u00f3n, a causa de la confusa redacci\u00f3n de la ley, diera a entender que la medida implicaba una prohibici\u00f3n total del doblaje, diversos sectores de la sociedad se mostraron indignados.<\/p>\n<p>&nbsp;<\/p>\n<p>Por tal raz\u00f3n, usuarios de internet y, especialmente, personas afectadas, como actores de dobale afiliados a la Asociaci\u00f3n Nacional de Actores (ANDA), se pronunciaron en contra, promoviendo la tendencia #LeyAntiDoblaje.<\/p>\n<p>&nbsp;<\/p>\n<p>Mediante un video, Mayer Bret\u00f3n aclar\u00f3 que es falsa toda idea de prohibici\u00f3n del dolaje, y agreg\u00f3, sobre el art\u00edculo 23 que contempla la existencia del doblaje:<\/p>\n<p>&nbsp;<\/p>\n<p>https:\/\/twitter.com\/i\/status\/1374489737621213202<\/p>\n<p><em>\u201cEs importante aclarar que no se modific\u00f3 absolutamente nada respecto al doblaje de las pel\u00edculas. El art\u00edculo qued\u00f3 exactamente igual en ese tema\u201d.<\/em><\/p>\n<p><a class=\"twitter-timeline\" data-width=\"640\" data-height=\"960\" data-dnt=\"true\" href=\"https:\/\/twitter.com\/SergioMayerb?ref_src=twsrc%5Etfw\">Tweets by SergioMayerb<\/a><script async src=\"https:\/\/platform.twitter.com\/widgets.js\" charset=\"utf-8\"><\/script><\/p>\n<p>&nbsp;<\/p>\n<p>&nbsp;<\/p>\n<p>Tambi\u00e9n la ANDA envi\u00f3 una nota aclaratoria para sus agremiados, recordando que, lejos de prohibir el doblaje o atentar en contra de este recurso del cine, la intenci\u00f3n de la reforma es ser incluyentes en la constituci\u00f3n con personas con debilidad auditiva, que hasta ahora hab\u00edan sido relegadas.<\/p>\n<p>&nbsp;<\/p>\n<p>En efecto, la ley b\u00e1sicamente dispone que las pel\u00edculas que sean proyectadas en el idioma original deben incluir subt\u00edtulos en espa\u00f1ol, mientras que las pel\u00edculas infantiles y documentales educativos tendr\u00e1n que incorporar subt\u00edtulos, aunque ya est\u00e9n dobladas, para incluir a las audiencias con debilidad auditiva.<\/p>\n<p><a class=\"twitter-timeline\" data-width=\"640\" data-height=\"960\" data-dnt=\"true\" href=\"https:\/\/twitter.com\/andactores?ref_src=twsrc%5Etfw\">Tweets by andactores<\/a><script async src=\"https:\/\/platform.twitter.com\/widgets.js\" charset=\"utf-8\"><\/script><\/p>\n<p>&nbsp;<\/p>\n<p>(Publicada el 24\/03\/2021)<\/p>\n","protected":false},"excerpt":{"rendered":"<p>CIUDAD DE M\u00c9XICO. MX. \u2014 Sergio Mayer Bret\u00f3n, Presidente de la Comisi\u00f3n de Cultura y&#8230;<\/p>\n","protected":false},"author":1,"featured_media":110040,"comment_status":"open","ping_status":"open","sticky":false,"template":"","format":"standard","meta":{"_monsterinsights_skip_tracking":false,"_monsterinsights_sitenote_active":false,"_monsterinsights_sitenote_note":"","_monsterinsights_sitenote_category":0,"footnotes":""},"categories":[5],"tags":[],"class_list":["post"],"yoast_head":" \n<title>Sonora en Equipo. No se prohibi\u00f3 doblaje de pel\u00edculas, aclara Sergio Mayer Rep\u00fablica<\/title>\n<meta name=\"description\" content=\"CIUDAD DE M\u00c9XICO. MX. \u2014 Sergio Mayer Bret\u00f3n, Presidente de la Comisi\u00f3n de Cultura y Cinematograf\u00eda en la C\u00e1mara de Diputados, aclar\u00f3 que no se prohibieron En Sonora en Equipo publicamos toda la informaci\u00f3n de Sonora, M\u00e9xico y el Mundo de manera oportuna y busca que la libertad de expresi\u00f3n sea real. Visita nuestro medio informativo publicado desde Hermosillo, Sonora. %\" \/>\n<meta name=\"robots\" content=\"index, follow, max-snippet:-1, max-image-preview:large, max-video-preview:-1\" \/>\n<link rel=\"canonical\" href=\"https:\/\/www.sonoraenequipo.com.mx\/no-se-prohibio-doblaje-de-peliculas-aclara-sergio-mayer\/\" \/>\n<meta property=\"og:locale\" content=\"es_ES\" \/>\n<meta property=\"og:type\" content=\"article\" \/>\n<meta property=\"og:title\" content=\"Sonora en Equipo. No se prohibi\u00f3 doblaje de pel\u00edculas, aclara Sergio Mayer Rep\u00fablica\" \/>\n<meta property=\"og:description\" content=\"CIUDAD DE M\u00c9XICO. MX. \u2014 Sergio Mayer Bret\u00f3n, Presidente de la Comisi\u00f3n de Cultura y Cinematograf\u00eda en la C\u00e1mara de Diputados, aclar\u00f3 que no se prohibieron En Sonora en Equipo publicamos toda la informaci\u00f3n de Sonora, M\u00e9xico y el Mundo de manera oportuna y busca que la libertad de expresi\u00f3n sea real. Visita nuestro medio informativo publicado desde Hermosillo, Sonora. %\" \/>\n<meta property=\"og:url\" content=\"https:\/\/www.sonoraenequipo.com.mx\/no-se-prohibio-doblaje-de-peliculas-aclara-sergio-mayer\/\" \/>\n<meta property=\"og:site_name\" content=\"Sonora en Equipo.\" \/>\n<meta property=\"article:publisher\" content=\"https:\/\/www.facebook.com\/SonoraEE\/\" \/>\n<meta property=\"article:author\" content=\"https:\/\/www.facebook.com\/SonoraEE\" \/>\n<meta property=\"article:published_time\" content=\"2021-03-25T06:55:40+00:00\" \/>\n<meta property=\"article:modified_time\" content=\"2021-03-25T15:52:02+00:00\" \/>\n<meta property=\"og:image\" content=\"https:\/\/www.sonoraenequipo.com.mx\/storage\/2021\/03\/sergio-mayer-aclara-doblaje-peliculas-mexico-subtitulos.jpg\" \/>\n\t<meta property=\"og:image:width\" content=\"780\" \/>\n\t<meta property=\"og:image:height\" content=\"470\" \/>\n\t<meta property=\"og:image:type\" content=\"image\/jpeg\" \/>\n<meta name=\"author\" content=\"enequipo\" \/>\n<meta name=\"twitter:card\" content=\"summary_large_image\" \/>\n<meta name=\"twitter:creator\" content=\"@sonoraenequipo\" \/>\n<meta name=\"twitter:site\" content=\"@sonoraenequipo\" \/>\n<meta name=\"twitter:label1\" content=\"Escrito por\" \/>\n\t<meta name=\"twitter:data1\" content=\"enequipo\" \/>\n\t<meta name=\"twitter:label2\" content=\"Tiempo de lectura\" \/>\n\t<meta name=\"twitter:data2\" content=\"2 minutos\" \/>\n<script type=\"application\/ld+json\" class=\"yoast-schema-graph\">{\"@context\":\"https:\/\/schema.org\",\"@graph\":[{\"@type\":\"Article\",\"@id\":\"https:\/\/www.sonoraenequipo.com.mx\/no-se-prohibio-doblaje-de-peliculas-aclara-sergio-mayer\/#article\",\"isPartOf\":{\"@id\":\"https:\/\/www.sonoraenequipo.com.mx\/no-se-prohibio-doblaje-de-peliculas-aclara-sergio-mayer\/\"},\"author\":{\"name\":\"enequipo\",\"@id\":\"https:\/\/www.sonoraenequipo.com.mx\/#\/schema\/person\/50102df0fb23a8fa9e8effad8fa81386\"},\"headline\":\"No se prohibi\u00f3 doblaje de pel\u00edculas, aclara Sergio Mayer\",\"datePublished\":\"2021-03-25T06:55:40+00:00\",\"dateModified\":\"2021-03-25T15:52:02+00:00\",\"mainEntityOfPage\":{\"@id\":\"https:\/\/www.sonoraenequipo.com.mx\/no-se-prohibio-doblaje-de-peliculas-aclara-sergio-mayer\/\"},\"wordCount\":349,\"commentCount\":0,\"publisher\":{\"@id\":\"https:\/\/www.sonoraenequipo.com.mx\/#organization\"},\"image\":{\"@id\":\"https:\/\/www.sonoraenequipo.com.mx\/no-se-prohibio-doblaje-de-peliculas-aclara-sergio-mayer\/#primaryimage\"},\"thumbnailUrl\":\"https:\/\/www.sonoraenequipo.com.mx\/storage\/2021\/03\/sergio-mayer-aclara-doblaje-peliculas-mexico-subtitulos.jpg\",\"articleSection\":[\"Rep\u00fablica\"],\"inLanguage\":\"es\",\"potentialAction\":[{\"@type\":\"CommentAction\",\"name\":\"Comment\",\"target\":[\"https:\/\/www.sonoraenequipo.com.mx\/no-se-prohibio-doblaje-de-peliculas-aclara-sergio-mayer\/#respond\"]}]},{\"@type\":\"WebPage\",\"@id\":\"https:\/\/www.sonoraenequipo.com.mx\/no-se-prohibio-doblaje-de-peliculas-aclara-sergio-mayer\/\",\"url\":\"https:\/\/www.sonoraenequipo.com.mx\/no-se-prohibio-doblaje-de-peliculas-aclara-sergio-mayer\/\",\"name\":\"Sonora en Equipo. No se prohibi\u00f3 doblaje de pel\u00edculas, aclara Sergio Mayer Rep\u00fablica\",\"isPartOf\":{\"@id\":\"https:\/\/www.sonoraenequipo.com.mx\/#website\"},\"primaryImageOfPage\":{\"@id\":\"https:\/\/www.sonoraenequipo.com.mx\/no-se-prohibio-doblaje-de-peliculas-aclara-sergio-mayer\/#primaryimage\"},\"image\":{\"@id\":\"https:\/\/www.sonoraenequipo.com.mx\/no-se-prohibio-doblaje-de-peliculas-aclara-sergio-mayer\/#primaryimage\"},\"thumbnailUrl\":\"https:\/\/www.sonoraenequipo.com.mx\/storage\/2021\/03\/sergio-mayer-aclara-doblaje-peliculas-mexico-subtitulos.jpg\",\"datePublished\":\"2021-03-25T06:55:40+00:00\",\"dateModified\":\"2021-03-25T15:52:02+00:00\",\"description\":\"CIUDAD DE M\u00c9XICO. MX. \u2014 Sergio Mayer Bret\u00f3n, Presidente de la Comisi\u00f3n de Cultura y Cinematograf\u00eda en la C\u00e1mara de Diputados, aclar\u00f3 que no se prohibieron En Sonora en Equipo publicamos toda la informaci\u00f3n de Sonora, M\u00e9xico y el Mundo de manera oportuna y busca que la libertad de expresi\u00f3n sea real. Visita nuestro medio informativo publicado desde Hermosillo, Sonora. %\",\"breadcrumb\":{\"@id\":\"https:\/\/www.sonoraenequipo.com.mx\/no-se-prohibio-doblaje-de-peliculas-aclara-sergio-mayer\/#breadcrumb\"},\"inLanguage\":\"es\",\"potentialAction\":[{\"@type\":\"ReadAction\",\"target\":[\"https:\/\/www.sonoraenequipo.com.mx\/no-se-prohibio-doblaje-de-peliculas-aclara-sergio-mayer\/\"]}]},{\"@type\":\"ImageObject\",\"inLanguage\":\"es\",\"@id\":\"https:\/\/www.sonoraenequipo.com.mx\/no-se-prohibio-doblaje-de-peliculas-aclara-sergio-mayer\/#primaryimage\",\"url\":\"https:\/\/www.sonoraenequipo.com.mx\/storage\/2021\/03\/sergio-mayer-aclara-doblaje-peliculas-mexico-subtitulos.jpg\",\"contentUrl\":\"https:\/\/www.sonoraenequipo.com.mx\/storage\/2021\/03\/sergio-mayer-aclara-doblaje-peliculas-mexico-subtitulos.jpg\",\"width\":780,\"height\":470},{\"@type\":\"BreadcrumbList\",\"@id\":\"https:\/\/www.sonoraenequipo.com.mx\/no-se-prohibio-doblaje-de-peliculas-aclara-sergio-mayer\/#breadcrumb\",\"itemListElement\":[{\"@type\":\"ListItem\",\"position\":1,\"name\":\"Portada\",\"item\":\"https:\/\/www.sonoraenequipo.com.mx\/\"},{\"@type\":\"ListItem\",\"position\":2,\"name\":\"No se prohibi\u00f3 doblaje de pel\u00edculas, aclara Sergio Mayer\"}]},{\"@type\":\"WebSite\",\"@id\":\"https:\/\/www.sonoraenequipo.com.mx\/#website\",\"url\":\"https:\/\/www.sonoraenequipo.com.mx\/\",\"name\":\"Sonora en Equipo.\",\"description\":\"Diario en l\u00ednea con Noticias desde Hermosillo, Sonora\",\"publisher\":{\"@id\":\"https:\/\/www.sonoraenequipo.com.mx\/#organization\"},\"potentialAction\":[{\"@type\":\"SearchAction\",\"target\":{\"@type\":\"EntryPoint\",\"urlTemplate\":\"https:\/\/www.sonoraenequipo.com.mx\/?s={search_term_string}\"},\"query-input\":{\"@type\":\"PropertyValueSpecification\",\"valueRequired\":true,\"valueName\":\"search_term_string\"}}],\"inLanguage\":\"es\"},{\"@type\":\"Organization\",\"@id\":\"https:\/\/www.sonoraenequipo.com.mx\/#organization\",\"name\":\"Sonoraenequipo.com.mx\",\"url\":\"https:\/\/www.sonoraenequipo.com.mx\/\",\"logo\":{\"@type\":\"ImageObject\",\"inLanguage\":\"es\",\"@id\":\"https:\/\/www.sonoraenequipo.com.mx\/#\/schema\/logo\/image\/\",\"url\":\"https:\/\/www.sonoraenequipo.com.mx\/storage\/2019\/01\/sonoraenequipo_opt.png\",\"contentUrl\":\"https:\/\/www.sonoraenequipo.com.mx\/storage\/2019\/01\/sonoraenequipo_opt.png\",\"width\":375,\"height\":125,\"caption\":\"Sonoraenequipo.com.mx\"},\"image\":{\"@id\":\"https:\/\/www.sonoraenequipo.com.mx\/#\/schema\/logo\/image\/\"},\"sameAs\":[\"https:\/\/www.facebook.com\/SonoraEE\/\",\"https:\/\/x.com\/sonoraenequipo\",\"https:\/\/www.youtube.com\/channel\/UC338nW-lPEYmJQs4ZABQ1SQ\"]},{\"@type\":\"Person\",\"@id\":\"https:\/\/www.sonoraenequipo.com.mx\/#\/schema\/person\/50102df0fb23a8fa9e8effad8fa81386\",\"name\":\"enequipo\",\"image\":{\"@type\":\"ImageObject\",\"inLanguage\":\"es\",\"@id\":\"https:\/\/www.sonoraenequipo.com.mx\/#\/schema\/person\/image\/\",\"url\":\"https:\/\/secure.gravatar.com\/avatar\/049821681b589dabc0bc20695993ccebb09f5b5d4d790cd9251b97faac7c652b?s=96&d=blank&r=g\",\"contentUrl\":\"https:\/\/secure.gravatar.com\/avatar\/049821681b589dabc0bc20695993ccebb09f5b5d4d790cd9251b97faac7c652b?s=96&d=blank&r=g\",\"caption\":\"enequipo\"},\"sameAs\":[\"https:\/\/www.facebook.com\/SonoraEE\"]}]}<\/script>\n ","yoast_head_json":{"title":"Sonora en Equipo. No se prohibi\u00f3 doblaje de pel\u00edculas, aclara Sergio Mayer Rep\u00fablica","description":"CIUDAD DE M\u00c9XICO. MX. \u2014 Sergio Mayer Bret\u00f3n, Presidente de la Comisi\u00f3n de Cultura y Cinematograf\u00eda en la C\u00e1mara de Diputados, aclar\u00f3 que no se prohibieron En Sonora en Equipo publicamos toda la informaci\u00f3n de Sonora, M\u00e9xico y el Mundo de manera oportuna y busca que la libertad de expresi\u00f3n sea real. Visita nuestro medio informativo publicado desde Hermosillo, Sonora. %","robots":{"index":"index","follow":"follow","max-snippet":"max-snippet:-1","max-image-preview":"max-image-preview:large","max-video-preview":"max-video-preview:-1"},"canonical":"https:\/\/www.sonoraenequipo.com.mx\/no-se-prohibio-doblaje-de-peliculas-aclara-sergio-mayer\/","og_locale":"es_ES","og_type":"article","og_title":"Sonora en Equipo. No se prohibi\u00f3 doblaje de pel\u00edculas, aclara Sergio Mayer Rep\u00fablica","og_description":"CIUDAD DE M\u00c9XICO. MX. \u2014 Sergio Mayer Bret\u00f3n, Presidente de la Comisi\u00f3n de Cultura y Cinematograf\u00eda en la C\u00e1mara de Diputados, aclar\u00f3 que no se prohibieron En Sonora en Equipo publicamos toda la informaci\u00f3n de Sonora, M\u00e9xico y el Mundo de manera oportuna y busca que la libertad de expresi\u00f3n sea real. Visita nuestro medio informativo publicado desde Hermosillo, Sonora. %","og_url":"https:\/\/www.sonoraenequipo.com.mx\/no-se-prohibio-doblaje-de-peliculas-aclara-sergio-mayer\/","og_site_name":"Sonora en Equipo.","article_publisher":"https:\/\/www.facebook.com\/SonoraEE\/","article_author":"https:\/\/www.facebook.com\/SonoraEE","article_published_time":"2021-03-25T06:55:40+00:00","article_modified_time":"2021-03-25T15:52:02+00:00","og_image":[{"width":780,"height":470,"url":"https:\/\/www.sonoraenequipo.com.mx\/storage\/2021\/03\/sergio-mayer-aclara-doblaje-peliculas-mexico-subtitulos.jpg","type":"image\/jpeg"}],"author":"enequipo","twitter_card":"summary_large_image","twitter_creator":"@sonoraenequipo","twitter_site":"@sonoraenequipo","twitter_misc":{"Escrito por":"enequipo","Tiempo de lectura":"2 minutos"},"schema":{"@context":"https:\/\/schema.org","@graph":[{"@type":"Article","@id":"https:\/\/www.sonoraenequipo.com.mx\/no-se-prohibio-doblaje-de-peliculas-aclara-sergio-mayer\/#article","isPartOf":{"@id":"https:\/\/www.sonoraenequipo.com.mx\/no-se-prohibio-doblaje-de-peliculas-aclara-sergio-mayer\/"},"author":{"name":"enequipo","@id":"https:\/\/www.sonoraenequipo.com.mx\/#\/schema\/person\/50102df0fb23a8fa9e8effad8fa81386"},"headline":"No se prohibi\u00f3 doblaje de pel\u00edculas, aclara Sergio Mayer","datePublished":"2021-03-25T06:55:40+00:00","dateModified":"2021-03-25T15:52:02+00:00","mainEntityOfPage":{"@id":"https:\/\/www.sonoraenequipo.com.mx\/no-se-prohibio-doblaje-de-peliculas-aclara-sergio-mayer\/"},"wordCount":349,"commentCount":0,"publisher":{"@id":"https:\/\/www.sonoraenequipo.com.mx\/#organization"},"image":{"@id":"https:\/\/www.sonoraenequipo.com.mx\/no-se-prohibio-doblaje-de-peliculas-aclara-sergio-mayer\/#primaryimage"},"thumbnailUrl":"https:\/\/www.sonoraenequipo.com.mx\/storage\/2021\/03\/sergio-mayer-aclara-doblaje-peliculas-mexico-subtitulos.jpg","articleSection":["Rep\u00fablica"],"inLanguage":"es","potentialAction":[{"@type":"CommentAction","name":"Comment","target":["https:\/\/www.sonoraenequipo.com.mx\/no-se-prohibio-doblaje-de-peliculas-aclara-sergio-mayer\/#respond"]}]},{"@type":"WebPage","@id":"https:\/\/www.sonoraenequipo.com.mx\/no-se-prohibio-doblaje-de-peliculas-aclara-sergio-mayer\/","url":"https:\/\/www.sonoraenequipo.com.mx\/no-se-prohibio-doblaje-de-peliculas-aclara-sergio-mayer\/","name":"Sonora en Equipo. No se prohibi\u00f3 doblaje de pel\u00edculas, aclara Sergio Mayer Rep\u00fablica","isPartOf":{"@id":"https:\/\/www.sonoraenequipo.com.mx\/#website"},"primaryImageOfPage":{"@id":"https:\/\/www.sonoraenequipo.com.mx\/no-se-prohibio-doblaje-de-peliculas-aclara-sergio-mayer\/#primaryimage"},"image":{"@id":"https:\/\/www.sonoraenequipo.com.mx\/no-se-prohibio-doblaje-de-peliculas-aclara-sergio-mayer\/#primaryimage"},"thumbnailUrl":"https:\/\/www.sonoraenequipo.com.mx\/storage\/2021\/03\/sergio-mayer-aclara-doblaje-peliculas-mexico-subtitulos.jpg","datePublished":"2021-03-25T06:55:40+00:00","dateModified":"2021-03-25T15:52:02+00:00","description":"CIUDAD DE M\u00c9XICO. MX. \u2014 Sergio Mayer Bret\u00f3n, Presidente de la Comisi\u00f3n de Cultura y Cinematograf\u00eda en la C\u00e1mara de Diputados, aclar\u00f3 que no se prohibieron En Sonora en Equipo publicamos toda la informaci\u00f3n de Sonora, M\u00e9xico y el Mundo de manera oportuna y busca que la libertad de expresi\u00f3n sea real. Visita nuestro medio informativo publicado desde Hermosillo, Sonora. %","breadcrumb":{"@id":"https:\/\/www.sonoraenequipo.com.mx\/no-se-prohibio-doblaje-de-peliculas-aclara-sergio-mayer\/#breadcrumb"},"inLanguage":"es","potentialAction":[{"@type":"ReadAction","target":["https:\/\/www.sonoraenequipo.com.mx\/no-se-prohibio-doblaje-de-peliculas-aclara-sergio-mayer\/"]}]},{"@type":"ImageObject","inLanguage":"es","@id":"https:\/\/www.sonoraenequipo.com.mx\/no-se-prohibio-doblaje-de-peliculas-aclara-sergio-mayer\/#primaryimage","url":"https:\/\/www.sonoraenequipo.com.mx\/storage\/2021\/03\/sergio-mayer-aclara-doblaje-peliculas-mexico-subtitulos.jpg","contentUrl":"https:\/\/www.sonoraenequipo.com.mx\/storage\/2021\/03\/sergio-mayer-aclara-doblaje-peliculas-mexico-subtitulos.jpg","width":780,"height":470},{"@type":"BreadcrumbList","@id":"https:\/\/www.sonoraenequipo.com.mx\/no-se-prohibio-doblaje-de-peliculas-aclara-sergio-mayer\/#breadcrumb","itemListElement":[{"@type":"ListItem","position":1,"name":"Portada","item":"https:\/\/www.sonoraenequipo.com.mx\/"},{"@type":"ListItem","position":2,"name":"No se prohibi\u00f3 doblaje de pel\u00edculas, aclara Sergio Mayer"}]},{"@type":"WebSite","@id":"https:\/\/www.sonoraenequipo.com.mx\/#website","url":"https:\/\/www.sonoraenequipo.com.mx\/","name":"Sonora en Equipo.","description":"Diario en l\u00ednea con Noticias desde Hermosillo, Sonora","publisher":{"@id":"https:\/\/www.sonoraenequipo.com.mx\/#organization"},"potentialAction":[{"@type":"SearchAction","target":{"@type":"EntryPoint","urlTemplate":"https:\/\/www.sonoraenequipo.com.mx\/?s={search_term_string}"},"query-input":{"@type":"PropertyValueSpecification","valueRequired":true,"valueName":"search_term_string"}}],"inLanguage":"es"},{"@type":"Organization","@id":"https:\/\/www.sonoraenequipo.com.mx\/#organization","name":"Sonoraenequipo.com.mx","url":"https:\/\/www.sonoraenequipo.com.mx\/","logo":{"@type":"ImageObject","inLanguage":"es","@id":"https:\/\/www.sonoraenequipo.com.mx\/#\/schema\/logo\/image\/","url":"https:\/\/www.sonoraenequipo.com.mx\/storage\/2019\/01\/sonoraenequipo_opt.png","contentUrl":"https:\/\/www.sonoraenequipo.com.mx\/storage\/2019\/01\/sonoraenequipo_opt.png","width":375,"height":125,"caption":"Sonoraenequipo.com.mx"},"image":{"@id":"https:\/\/www.sonoraenequipo.com.mx\/#\/schema\/logo\/image\/"},"sameAs":["https:\/\/www.facebook.com\/SonoraEE\/","https:\/\/x.com\/sonoraenequipo","https:\/\/www.youtube.com\/channel\/UC338nW-lPEYmJQs4ZABQ1SQ"]},{"@type":"Person","@id":"https:\/\/www.sonoraenequipo.com.mx\/#\/schema\/person\/50102df0fb23a8fa9e8effad8fa81386","name":"enequipo","image":{"@type":"ImageObject","inLanguage":"es","@id":"https:\/\/www.sonoraenequipo.com.mx\/#\/schema\/person\/image\/","url":"https:\/\/secure.gravatar.com\/avatar\/049821681b589dabc0bc20695993ccebb09f5b5d4d790cd9251b97faac7c652b?s=96&d=blank&r=g","contentUrl":"https:\/\/secure.gravatar.com\/avatar\/049821681b589dabc0bc20695993ccebb09f5b5d4d790cd9251b97faac7c652b?s=96&d=blank&r=g","caption":"enequipo"},"sameAs":["https:\/\/www.facebook.com\/SonoraEE"]}]}},"jetpack_featured_media_url":"https:\/\/www.sonoraenequipo.com.mx\/storage\/2021\/03\/sergio-mayer-aclara-doblaje-peliculas-mexico-subtitulos.jpg","_links":{"self":[{"href":"https:\/\/www.sonoraenequipo.com.mx\/api\/wp\/v2\/posts\/110116","targetHints":{"allow":["GET"]}}],"collection":[{"href":"https:\/\/www.sonoraenequipo.com.mx\/api\/wp\/v2\/posts"}],"about":[{"href":"https:\/\/www.sonoraenequipo.com.mx\/api\/wp\/v2\/types\/post"}],"author":[{"embeddable":true,"href":"https:\/\/www.sonoraenequipo.com.mx\/api\/wp\/v2\/users\/1"}],"replies":[{"embeddable":true,"href":"https:\/\/www.sonoraenequipo.com.mx\/api\/wp\/v2\/comments?post=110116"}],"version-history":[{"count":1,"href":"https:\/\/www.sonoraenequipo.com.mx\/api\/wp\/v2\/posts\/110116\/revisions"}],"predecessor-version":[{"id":110117,"href":"https:\/\/www.sonoraenequipo.com.mx\/api\/wp\/v2\/posts\/110116\/revisions\/110117"}],"wp:featuredmedia":[{"embeddable":true,"href":"https:\/\/www.sonoraenequipo.com.mx\/api\/wp\/v2\/media\/110040"}],"wp:attachment":[{"href":"https:\/\/www.sonoraenequipo.com.mx\/api\/wp\/v2\/media?parent=110116"}],"wp:term":[{"taxonomy":"category","embeddable":true,"href":"https:\/\/www.sonoraenequipo.com.mx\/api\/wp\/v2\/categories?post=110116"},{"taxonomy":"post_tag","embeddable":true,"href":"https:\/\/www.sonoraenequipo.com.mx\/api\/wp\/v2\/tags?post=110116"}],"curies":[{"name":"wp","href":"https:\/\/api.w.org\/{rel}","templated":true}]}}