{"id":110125,"date":"2021-03-24T23:15:41","date_gmt":"2021-03-25T06:15:41","guid":{"rendered":"https:\/\/www.sonoraenequipo.com.mx\/?p=110125"},"modified":"2021-03-25T09:15:00","modified_gmt":"2021-03-25T16:15:00","slug":"corea-del-norte-disparo-dos-misiles-balisticos-dice-un-alto-funcionario-estadounidense","status":"publish","type":"post","link":"https:\/\/www.sonoraenequipo.com.mx\/corea-del-norte-disparo-dos-misiles-balisticos-dice-un-alto-funcionario-estadounidense\/","title":{"rendered":"Corea del Norte dispar\u00f3 dos misiles bal\u00edsticos, dice un alto funcionario estadounidense"},"content":{"rendered":"<p>ESTADOS UNIDOS. \u2014 Corea del Norte lanz\u00f3 dos misiles bal\u00edsticos el jueves, seg\u00fan una evaluaci\u00f3n de inteligencia, dijo a CNN un alto funcionario estadounidense.<\/p>\n<p>&nbsp;<\/p>\n<p> <\/p>\n<p>&nbsp;<\/p>\n<p>A\u00fan no se sabe si los misiles eran de corto, medio o largo alcance, como un misil bal\u00edstico intercontinental (ICBM). La comunidad militar y de inteligencia de EE.UU. todav\u00eda est\u00e1 analizando los datos del lanzamiento de prueba para determinar qu\u00e9 tipo de misil se dispar\u00f3 y hasta d\u00f3nde lleg\u00f3.<\/p>\n<p>&nbsp;<\/p>\n<p>Estados Unidos rastrea todas las pruebas de armas de Corea del Norte a trav\u00e9s de radares y sat\u00e9lites, que pueden detectar los rastros de calor de un lanzamiento de misiles casi de inmediato.<\/p>\n<p>&nbsp;<\/p>\n<p>Corea del Norte realiza su primera prueba de armas en la presidencia de Biden<\/p>\n<p>&nbsp;<\/p>\n<p>Horas antes, el Estado Mayor Conjunto de Corea del Sur dijo a los periodistas que Corea del Norte hab\u00eda lanzado proyectiles no identificados hacia el mar entre la pen\u00ednsula de Corea y Jap\u00f3n.<\/p>\n<p>&nbsp;<\/p>\n<p>\u00abEl ej\u00e9rcito de Corea del Sur ha reforzado su vigilancia y se ha mantenido preparado en estrecha cooperaci\u00f3n con Estados Unidos\u00bb, dijo el Estado Mayor Conjunto en un comunicado.<\/p>\n<p>&nbsp;<\/p>\n<p>Seg\u00fan el Ministerio de Defensa de Jap\u00f3n, es probable que el proyectil haya aterrizado fuera del territorio japon\u00e9s y de su zona econ\u00f3mica exclusiva. La Guardia Costera de Jap\u00f3n advirti\u00f3 a los barcos que est\u00e9n atentos a la ca\u00edda de escombros.<\/p>\n<h3>\nLa segunda prueba en menos de una semana<\/h3>\n<p>&nbsp;<\/p>\n<p>El fin de semana pasado, Corea del Norte llev\u00f3 a cabo su primera prueba de armas desde que el presidente de Estados Unidos, Joe Biden, asumi\u00f3 el cargo, seg\u00fan tres funcionarios estadounidenses, lanzando dos proyectiles en una medida que los altos funcionarios de la administraci\u00f3n minimizaron por estar \u00aben el extremo inferior del espectro\u00bb de provocaciones.<\/p>\n<p>&nbsp;<\/p>\n<p>Funcionarios y expertos hab\u00edan anticipado que el l\u00edder norcoreano, Kim Jong Un, intentar\u00eda enviar un mensaje a la administraci\u00f3n Biden sobre la importancia del pa\u00eds en la regi\u00f3n.<\/p>\n<p>&nbsp;<\/p>\n<p>En esa prueba, un funcionario estadounidense le dijo a CNN que Corea del Norte hab\u00eda lanzado proyectiles de corto alcance, posiblemente artiller\u00eda o misiles de crucero, no misiles bal\u00edsticos, una distinci\u00f3n clave que subray\u00f3 la opini\u00f3n de la administraci\u00f3n Biden de que no se trataba de una infracci\u00f3n grave y no impedir\u00e1 la EE.UU. de buscar la diplomacia con Pyongyang.<\/p>\n<p>&nbsp;<\/p>\n<p>Pero en una declaraci\u00f3n al Comit\u00e9 de Fuerzas Armadas del Senado el 16 de marzo, el general de la Fuerza A\u00e9rea de Estados Unidos, Glen VanHerck, advirti\u00f3 que el r\u00e9gimen norcoreano podr\u00eda ir m\u00e1s all\u00e1.<\/p>\n<p>&nbsp;<\/p>\n<p>Pyongyang ha \u00abindicado que ya no est\u00e1 obligado por la moratoria unilateral de pruebas nucleares y de misiles bal\u00edsticos intercontinentales anunciada en 2018, lo que sugiere que Kim Jong Un podr\u00eda comenzar a probar en vuelo un dise\u00f1o mejorado de misiles bal\u00edsticos intercontinentales en un futuro pr\u00f3ximo\u00bb, dijo.<\/p>\n<h3>\n\u2018Cuando practicamos atacarlos, ellos practican bombardearnos\u2019<\/h3>\n<p>&nbsp;<\/p>\n<p>El lanzamiento de un misil bal\u00edstico es una violaci\u00f3n de las resoluciones del Consejo de Seguridad de la ONU, y \u00abeso har\u00e1 que las cosas sean un poco m\u00e1s dif\u00edciles para la gente de Biden\u00bb, dijo Jeffrey Lewis, profesor del Instituto de Estudios Internacionales de Middlebury, que se especializa en inteligencia de c\u00f3digo abierto.<\/p>\n<p>&nbsp;<\/p>\n<p>Lewis, quien dijo previamente los lanzamientos de corto alcance del fin de semana habr\u00edan sido \u00abdos\u00bb de 10, dijo a CNN el mi\u00e9rcoles por la noche que los nuevos lanzamientos bal\u00edsticos ser\u00edan <em>\u00abm\u00e1s de dos\u00bb.<\/em><\/p>\n<p>&nbsp;<\/p>\n<p>Pero el lanzamiento no fue del todo inesperado, d\u00edas despu\u00e9s de que el secretario de Estado y el secretario de Defensa de Estados Unidos visitaran la regi\u00f3n y luego de un ejercicio militar conjunto entre Estados Unidos y Corea del Sur. \u00ab<em>Cuando practicamos atacarlos, ellos practican bombardearnos. Eso es solo el yin y el yang\u00bb<\/em>, dijo Lewis.<\/p>\n<p>&nbsp;<\/p>\n<p>Aunque no est\u00e1 claro si exactamente qu\u00e9 tipo de misil bal\u00edstico se lanz\u00f3, Lewis dijo que parec\u00eda poco probable que fuera el misil de largo alcance m\u00e1s poderoso.<\/p>\n<p>&nbsp;<\/p>\n<p>&nbsp;<\/p>\n<p><em>\u00abEn el caso de los misiles de largo alcance, tend\u00edan a ser recogidos cuando sub\u00edan y permanec\u00edan en el aire durante 10 a 20 minutos. Con los ICMB, nos enteramos del lanzamiento antes de que cayeran, y eso es un buen indicador\u00bb,<\/em> dijo.<\/p>\n<p>&nbsp;<\/p>\n<p>&nbsp;<\/p>\n<p><em>\u00abEsta vez, subieron y bajaron\u00bb.<\/em><\/p>\n<p>&nbsp;<\/p>\n<p>&nbsp;<\/p>\n<p>&nbsp;<\/p>\n<p>&nbsp;<\/p>\n<p>(Publicada el 24\/03\/2021 \/Con informaci\u00f3n de Jake Kwon y Junko Ogura de CNN.)<\/p>\n","protected":false},"excerpt":{"rendered":"<p>ESTADOS UNIDOS. \u2014 Corea del Norte lanz\u00f3 dos misiles bal\u00edsticos el jueves, seg\u00fan una evaluaci\u00f3n&#8230;<\/p>\n","protected":false},"author":1,"featured_media":110126,"comment_status":"open","ping_status":"open","sticky":false,"template":"","format":"standard","meta":{"_monsterinsights_skip_tracking":false,"_monsterinsights_sitenote_active":false,"_monsterinsights_sitenote_note":"","_monsterinsights_sitenote_category":0,"footnotes":""},"categories":[3],"tags":[],"class_list":["post"],"yoast_head":" \n<title>Sonora en Equipo. Corea del Norte dispar\u00f3 dos misiles bal\u00edsticos, dice un alto funcionario estadounidense MUNDO<\/title>\n<meta name=\"description\" content=\"ESTADOS UNIDOS. \u2014 Corea del Norte lanz\u00f3 dos misiles bal\u00edsticos el jueves, seg\u00fan una evaluaci\u00f3n de inteligencia, dijo a CNN un alto funcionario En Sonora en Equipo publicamos toda la informaci\u00f3n de Sonora, M\u00e9xico y el Mundo de manera oportuna y busca que la libertad de expresi\u00f3n sea real. Visita nuestro medio informativo publicado desde Hermosillo, Sonora. %\" \/>\n<meta name=\"robots\" content=\"index, follow, max-snippet:-1, max-image-preview:large, max-video-preview:-1\" \/>\n<link rel=\"canonical\" href=\"https:\/\/www.sonoraenequipo.com.mx\/corea-del-norte-disparo-dos-misiles-balisticos-dice-un-alto-funcionario-estadounidense\/\" \/>\n<meta property=\"og:locale\" content=\"es_ES\" \/>\n<meta property=\"og:type\" content=\"article\" \/>\n<meta property=\"og:title\" content=\"Sonora en Equipo. Corea del Norte dispar\u00f3 dos misiles bal\u00edsticos, dice un alto funcionario estadounidense MUNDO\" \/>\n<meta property=\"og:description\" content=\"ESTADOS UNIDOS. \u2014 Corea del Norte lanz\u00f3 dos misiles bal\u00edsticos el jueves, seg\u00fan una evaluaci\u00f3n de inteligencia, dijo a CNN un alto funcionario En Sonora en Equipo publicamos toda la informaci\u00f3n de Sonora, M\u00e9xico y el Mundo de manera oportuna y busca que la libertad de expresi\u00f3n sea real. Visita nuestro medio informativo publicado desde Hermosillo, Sonora. %\" \/>\n<meta property=\"og:url\" content=\"https:\/\/www.sonoraenequipo.com.mx\/corea-del-norte-disparo-dos-misiles-balisticos-dice-un-alto-funcionario-estadounidense\/\" \/>\n<meta property=\"og:site_name\" content=\"Sonora en Equipo.\" \/>\n<meta property=\"article:publisher\" content=\"https:\/\/www.facebook.com\/SonoraEE\/\" \/>\n<meta property=\"article:author\" content=\"https:\/\/www.facebook.com\/SonoraEE\" \/>\n<meta property=\"article:published_time\" content=\"2021-03-25T06:15:41+00:00\" \/>\n<meta property=\"article:modified_time\" content=\"2021-03-25T16:15:00+00:00\" \/>\n<meta property=\"og:image\" content=\"https:\/\/www.sonoraenequipo.com.mx\/storage\/2021\/03\/norcorea_opt.jpg\" \/>\n\t<meta property=\"og:image:width\" content=\"710\" \/>\n\t<meta property=\"og:image:height\" content=\"400\" \/>\n\t<meta property=\"og:image:type\" content=\"image\/jpeg\" \/>\n<meta name=\"author\" content=\"enequipo\" \/>\n<meta name=\"twitter:card\" content=\"summary_large_image\" \/>\n<meta name=\"twitter:creator\" content=\"@sonoraenequipo\" \/>\n<meta name=\"twitter:site\" content=\"@sonoraenequipo\" \/>\n<meta name=\"twitter:label1\" content=\"Escrito por\" \/>\n\t<meta name=\"twitter:data1\" content=\"enequipo\" \/>\n\t<meta name=\"twitter:label2\" content=\"Tiempo de lectura\" \/>\n\t<meta name=\"twitter:data2\" content=\"4 minutos\" \/>\n<script type=\"application\/ld+json\" class=\"yoast-schema-graph\">{\"@context\":\"https:\/\/schema.org\",\"@graph\":[{\"@type\":\"Article\",\"@id\":\"https:\/\/www.sonoraenequipo.com.mx\/corea-del-norte-disparo-dos-misiles-balisticos-dice-un-alto-funcionario-estadounidense\/#article\",\"isPartOf\":{\"@id\":\"https:\/\/www.sonoraenequipo.com.mx\/corea-del-norte-disparo-dos-misiles-balisticos-dice-un-alto-funcionario-estadounidense\/\"},\"author\":{\"name\":\"enequipo\",\"@id\":\"https:\/\/www.sonoraenequipo.com.mx\/#\/schema\/person\/50102df0fb23a8fa9e8effad8fa81386\"},\"headline\":\"Corea del Norte dispar\u00f3 dos misiles bal\u00edsticos, dice un alto funcionario estadounidense\",\"datePublished\":\"2021-03-25T06:15:41+00:00\",\"dateModified\":\"2021-03-25T16:15:00+00:00\",\"mainEntityOfPage\":{\"@id\":\"https:\/\/www.sonoraenequipo.com.mx\/corea-del-norte-disparo-dos-misiles-balisticos-dice-un-alto-funcionario-estadounidense\/\"},\"wordCount\":797,\"commentCount\":0,\"publisher\":{\"@id\":\"https:\/\/www.sonoraenequipo.com.mx\/#organization\"},\"image\":{\"@id\":\"https:\/\/www.sonoraenequipo.com.mx\/corea-del-norte-disparo-dos-misiles-balisticos-dice-un-alto-funcionario-estadounidense\/#primaryimage\"},\"thumbnailUrl\":\"https:\/\/www.sonoraenequipo.com.mx\/storage\/2021\/03\/norcorea_opt.jpg\",\"articleSection\":[\"MUNDO\"],\"inLanguage\":\"es\",\"potentialAction\":[{\"@type\":\"CommentAction\",\"name\":\"Comment\",\"target\":[\"https:\/\/www.sonoraenequipo.com.mx\/corea-del-norte-disparo-dos-misiles-balisticos-dice-un-alto-funcionario-estadounidense\/#respond\"]}]},{\"@type\":\"WebPage\",\"@id\":\"https:\/\/www.sonoraenequipo.com.mx\/corea-del-norte-disparo-dos-misiles-balisticos-dice-un-alto-funcionario-estadounidense\/\",\"url\":\"https:\/\/www.sonoraenequipo.com.mx\/corea-del-norte-disparo-dos-misiles-balisticos-dice-un-alto-funcionario-estadounidense\/\",\"name\":\"Sonora en Equipo. Corea del Norte dispar\u00f3 dos misiles bal\u00edsticos, dice un alto funcionario estadounidense MUNDO\",\"isPartOf\":{\"@id\":\"https:\/\/www.sonoraenequipo.com.mx\/#website\"},\"primaryImageOfPage\":{\"@id\":\"https:\/\/www.sonoraenequipo.com.mx\/corea-del-norte-disparo-dos-misiles-balisticos-dice-un-alto-funcionario-estadounidense\/#primaryimage\"},\"image\":{\"@id\":\"https:\/\/www.sonoraenequipo.com.mx\/corea-del-norte-disparo-dos-misiles-balisticos-dice-un-alto-funcionario-estadounidense\/#primaryimage\"},\"thumbnailUrl\":\"https:\/\/www.sonoraenequipo.com.mx\/storage\/2021\/03\/norcorea_opt.jpg\",\"datePublished\":\"2021-03-25T06:15:41+00:00\",\"dateModified\":\"2021-03-25T16:15:00+00:00\",\"description\":\"ESTADOS UNIDOS. \u2014 Corea del Norte lanz\u00f3 dos misiles bal\u00edsticos el jueves, seg\u00fan una evaluaci\u00f3n de inteligencia, dijo a CNN un alto funcionario En Sonora en Equipo publicamos toda la informaci\u00f3n de Sonora, M\u00e9xico y el Mundo de manera oportuna y busca que la libertad de expresi\u00f3n sea real. Visita nuestro medio informativo publicado desde Hermosillo, Sonora. %\",\"breadcrumb\":{\"@id\":\"https:\/\/www.sonoraenequipo.com.mx\/corea-del-norte-disparo-dos-misiles-balisticos-dice-un-alto-funcionario-estadounidense\/#breadcrumb\"},\"inLanguage\":\"es\",\"potentialAction\":[{\"@type\":\"ReadAction\",\"target\":[\"https:\/\/www.sonoraenequipo.com.mx\/corea-del-norte-disparo-dos-misiles-balisticos-dice-un-alto-funcionario-estadounidense\/\"]}]},{\"@type\":\"ImageObject\",\"inLanguage\":\"es\",\"@id\":\"https:\/\/www.sonoraenequipo.com.mx\/corea-del-norte-disparo-dos-misiles-balisticos-dice-un-alto-funcionario-estadounidense\/#primaryimage\",\"url\":\"https:\/\/www.sonoraenequipo.com.mx\/storage\/2021\/03\/norcorea_opt.jpg\",\"contentUrl\":\"https:\/\/www.sonoraenequipo.com.mx\/storage\/2021\/03\/norcorea_opt.jpg\",\"width\":710,\"height\":400},{\"@type\":\"BreadcrumbList\",\"@id\":\"https:\/\/www.sonoraenequipo.com.mx\/corea-del-norte-disparo-dos-misiles-balisticos-dice-un-alto-funcionario-estadounidense\/#breadcrumb\",\"itemListElement\":[{\"@type\":\"ListItem\",\"position\":1,\"name\":\"Portada\",\"item\":\"https:\/\/www.sonoraenequipo.com.mx\/\"},{\"@type\":\"ListItem\",\"position\":2,\"name\":\"Corea del Norte dispar\u00f3 dos misiles bal\u00edsticos, dice un alto funcionario estadounidense\"}]},{\"@type\":\"WebSite\",\"@id\":\"https:\/\/www.sonoraenequipo.com.mx\/#website\",\"url\":\"https:\/\/www.sonoraenequipo.com.mx\/\",\"name\":\"Sonora en Equipo.\",\"description\":\"Diario en l\u00ednea con Noticias desde Hermosillo, Sonora\",\"publisher\":{\"@id\":\"https:\/\/www.sonoraenequipo.com.mx\/#organization\"},\"potentialAction\":[{\"@type\":\"SearchAction\",\"target\":{\"@type\":\"EntryPoint\",\"urlTemplate\":\"https:\/\/www.sonoraenequipo.com.mx\/?s={search_term_string}\"},\"query-input\":{\"@type\":\"PropertyValueSpecification\",\"valueRequired\":true,\"valueName\":\"search_term_string\"}}],\"inLanguage\":\"es\"},{\"@type\":\"Organization\",\"@id\":\"https:\/\/www.sonoraenequipo.com.mx\/#organization\",\"name\":\"Sonoraenequipo.com.mx\",\"url\":\"https:\/\/www.sonoraenequipo.com.mx\/\",\"logo\":{\"@type\":\"ImageObject\",\"inLanguage\":\"es\",\"@id\":\"https:\/\/www.sonoraenequipo.com.mx\/#\/schema\/logo\/image\/\",\"url\":\"https:\/\/www.sonoraenequipo.com.mx\/storage\/2019\/01\/sonoraenequipo_opt.png\",\"contentUrl\":\"https:\/\/www.sonoraenequipo.com.mx\/storage\/2019\/01\/sonoraenequipo_opt.png\",\"width\":375,\"height\":125,\"caption\":\"Sonoraenequipo.com.mx\"},\"image\":{\"@id\":\"https:\/\/www.sonoraenequipo.com.mx\/#\/schema\/logo\/image\/\"},\"sameAs\":[\"https:\/\/www.facebook.com\/SonoraEE\/\",\"https:\/\/x.com\/sonoraenequipo\",\"https:\/\/www.youtube.com\/channel\/UC338nW-lPEYmJQs4ZABQ1SQ\"]},{\"@type\":\"Person\",\"@id\":\"https:\/\/www.sonoraenequipo.com.mx\/#\/schema\/person\/50102df0fb23a8fa9e8effad8fa81386\",\"name\":\"enequipo\",\"image\":{\"@type\":\"ImageObject\",\"inLanguage\":\"es\",\"@id\":\"https:\/\/www.sonoraenequipo.com.mx\/#\/schema\/person\/image\/\",\"url\":\"https:\/\/secure.gravatar.com\/avatar\/049821681b589dabc0bc20695993ccebb09f5b5d4d790cd9251b97faac7c652b?s=96&d=blank&r=g\",\"contentUrl\":\"https:\/\/secure.gravatar.com\/avatar\/049821681b589dabc0bc20695993ccebb09f5b5d4d790cd9251b97faac7c652b?s=96&d=blank&r=g\",\"caption\":\"enequipo\"},\"sameAs\":[\"https:\/\/www.facebook.com\/SonoraEE\"]}]}<\/script>\n ","yoast_head_json":{"title":"Sonora en Equipo. Corea del Norte dispar\u00f3 dos misiles bal\u00edsticos, dice un alto funcionario estadounidense MUNDO","description":"ESTADOS UNIDOS. \u2014 Corea del Norte lanz\u00f3 dos misiles bal\u00edsticos el jueves, seg\u00fan una evaluaci\u00f3n de inteligencia, dijo a CNN un alto funcionario En Sonora en Equipo publicamos toda la informaci\u00f3n de Sonora, M\u00e9xico y el Mundo de manera oportuna y busca que la libertad de expresi\u00f3n sea real. Visita nuestro medio informativo publicado desde Hermosillo, Sonora. %","robots":{"index":"index","follow":"follow","max-snippet":"max-snippet:-1","max-image-preview":"max-image-preview:large","max-video-preview":"max-video-preview:-1"},"canonical":"https:\/\/www.sonoraenequipo.com.mx\/corea-del-norte-disparo-dos-misiles-balisticos-dice-un-alto-funcionario-estadounidense\/","og_locale":"es_ES","og_type":"article","og_title":"Sonora en Equipo. Corea del Norte dispar\u00f3 dos misiles bal\u00edsticos, dice un alto funcionario estadounidense MUNDO","og_description":"ESTADOS UNIDOS. \u2014 Corea del Norte lanz\u00f3 dos misiles bal\u00edsticos el jueves, seg\u00fan una evaluaci\u00f3n de inteligencia, dijo a CNN un alto funcionario En Sonora en Equipo publicamos toda la informaci\u00f3n de Sonora, M\u00e9xico y el Mundo de manera oportuna y busca que la libertad de expresi\u00f3n sea real. Visita nuestro medio informativo publicado desde Hermosillo, Sonora. %","og_url":"https:\/\/www.sonoraenequipo.com.mx\/corea-del-norte-disparo-dos-misiles-balisticos-dice-un-alto-funcionario-estadounidense\/","og_site_name":"Sonora en Equipo.","article_publisher":"https:\/\/www.facebook.com\/SonoraEE\/","article_author":"https:\/\/www.facebook.com\/SonoraEE","article_published_time":"2021-03-25T06:15:41+00:00","article_modified_time":"2021-03-25T16:15:00+00:00","og_image":[{"width":710,"height":400,"url":"https:\/\/www.sonoraenequipo.com.mx\/storage\/2021\/03\/norcorea_opt.jpg","type":"image\/jpeg"}],"author":"enequipo","twitter_card":"summary_large_image","twitter_creator":"@sonoraenequipo","twitter_site":"@sonoraenequipo","twitter_misc":{"Escrito por":"enequipo","Tiempo de lectura":"4 minutos"},"schema":{"@context":"https:\/\/schema.org","@graph":[{"@type":"Article","@id":"https:\/\/www.sonoraenequipo.com.mx\/corea-del-norte-disparo-dos-misiles-balisticos-dice-un-alto-funcionario-estadounidense\/#article","isPartOf":{"@id":"https:\/\/www.sonoraenequipo.com.mx\/corea-del-norte-disparo-dos-misiles-balisticos-dice-un-alto-funcionario-estadounidense\/"},"author":{"name":"enequipo","@id":"https:\/\/www.sonoraenequipo.com.mx\/#\/schema\/person\/50102df0fb23a8fa9e8effad8fa81386"},"headline":"Corea del Norte dispar\u00f3 dos misiles bal\u00edsticos, dice un alto funcionario estadounidense","datePublished":"2021-03-25T06:15:41+00:00","dateModified":"2021-03-25T16:15:00+00:00","mainEntityOfPage":{"@id":"https:\/\/www.sonoraenequipo.com.mx\/corea-del-norte-disparo-dos-misiles-balisticos-dice-un-alto-funcionario-estadounidense\/"},"wordCount":797,"commentCount":0,"publisher":{"@id":"https:\/\/www.sonoraenequipo.com.mx\/#organization"},"image":{"@id":"https:\/\/www.sonoraenequipo.com.mx\/corea-del-norte-disparo-dos-misiles-balisticos-dice-un-alto-funcionario-estadounidense\/#primaryimage"},"thumbnailUrl":"https:\/\/www.sonoraenequipo.com.mx\/storage\/2021\/03\/norcorea_opt.jpg","articleSection":["MUNDO"],"inLanguage":"es","potentialAction":[{"@type":"CommentAction","name":"Comment","target":["https:\/\/www.sonoraenequipo.com.mx\/corea-del-norte-disparo-dos-misiles-balisticos-dice-un-alto-funcionario-estadounidense\/#respond"]}]},{"@type":"WebPage","@id":"https:\/\/www.sonoraenequipo.com.mx\/corea-del-norte-disparo-dos-misiles-balisticos-dice-un-alto-funcionario-estadounidense\/","url":"https:\/\/www.sonoraenequipo.com.mx\/corea-del-norte-disparo-dos-misiles-balisticos-dice-un-alto-funcionario-estadounidense\/","name":"Sonora en Equipo. Corea del Norte dispar\u00f3 dos misiles bal\u00edsticos, dice un alto funcionario estadounidense MUNDO","isPartOf":{"@id":"https:\/\/www.sonoraenequipo.com.mx\/#website"},"primaryImageOfPage":{"@id":"https:\/\/www.sonoraenequipo.com.mx\/corea-del-norte-disparo-dos-misiles-balisticos-dice-un-alto-funcionario-estadounidense\/#primaryimage"},"image":{"@id":"https:\/\/www.sonoraenequipo.com.mx\/corea-del-norte-disparo-dos-misiles-balisticos-dice-un-alto-funcionario-estadounidense\/#primaryimage"},"thumbnailUrl":"https:\/\/www.sonoraenequipo.com.mx\/storage\/2021\/03\/norcorea_opt.jpg","datePublished":"2021-03-25T06:15:41+00:00","dateModified":"2021-03-25T16:15:00+00:00","description":"ESTADOS UNIDOS. \u2014 Corea del Norte lanz\u00f3 dos misiles bal\u00edsticos el jueves, seg\u00fan una evaluaci\u00f3n de inteligencia, dijo a CNN un alto funcionario En Sonora en Equipo publicamos toda la informaci\u00f3n de Sonora, M\u00e9xico y el Mundo de manera oportuna y busca que la libertad de expresi\u00f3n sea real. Visita nuestro medio informativo publicado desde Hermosillo, Sonora. %","breadcrumb":{"@id":"https:\/\/www.sonoraenequipo.com.mx\/corea-del-norte-disparo-dos-misiles-balisticos-dice-un-alto-funcionario-estadounidense\/#breadcrumb"},"inLanguage":"es","potentialAction":[{"@type":"ReadAction","target":["https:\/\/www.sonoraenequipo.com.mx\/corea-del-norte-disparo-dos-misiles-balisticos-dice-un-alto-funcionario-estadounidense\/"]}]},{"@type":"ImageObject","inLanguage":"es","@id":"https:\/\/www.sonoraenequipo.com.mx\/corea-del-norte-disparo-dos-misiles-balisticos-dice-un-alto-funcionario-estadounidense\/#primaryimage","url":"https:\/\/www.sonoraenequipo.com.mx\/storage\/2021\/03\/norcorea_opt.jpg","contentUrl":"https:\/\/www.sonoraenequipo.com.mx\/storage\/2021\/03\/norcorea_opt.jpg","width":710,"height":400},{"@type":"BreadcrumbList","@id":"https:\/\/www.sonoraenequipo.com.mx\/corea-del-norte-disparo-dos-misiles-balisticos-dice-un-alto-funcionario-estadounidense\/#breadcrumb","itemListElement":[{"@type":"ListItem","position":1,"name":"Portada","item":"https:\/\/www.sonoraenequipo.com.mx\/"},{"@type":"ListItem","position":2,"name":"Corea del Norte dispar\u00f3 dos misiles bal\u00edsticos, dice un alto funcionario estadounidense"}]},{"@type":"WebSite","@id":"https:\/\/www.sonoraenequipo.com.mx\/#website","url":"https:\/\/www.sonoraenequipo.com.mx\/","name":"Sonora en Equipo.","description":"Diario en l\u00ednea con Noticias desde Hermosillo, Sonora","publisher":{"@id":"https:\/\/www.sonoraenequipo.com.mx\/#organization"},"potentialAction":[{"@type":"SearchAction","target":{"@type":"EntryPoint","urlTemplate":"https:\/\/www.sonoraenequipo.com.mx\/?s={search_term_string}"},"query-input":{"@type":"PropertyValueSpecification","valueRequired":true,"valueName":"search_term_string"}}],"inLanguage":"es"},{"@type":"Organization","@id":"https:\/\/www.sonoraenequipo.com.mx\/#organization","name":"Sonoraenequipo.com.mx","url":"https:\/\/www.sonoraenequipo.com.mx\/","logo":{"@type":"ImageObject","inLanguage":"es","@id":"https:\/\/www.sonoraenequipo.com.mx\/#\/schema\/logo\/image\/","url":"https:\/\/www.sonoraenequipo.com.mx\/storage\/2019\/01\/sonoraenequipo_opt.png","contentUrl":"https:\/\/www.sonoraenequipo.com.mx\/storage\/2019\/01\/sonoraenequipo_opt.png","width":375,"height":125,"caption":"Sonoraenequipo.com.mx"},"image":{"@id":"https:\/\/www.sonoraenequipo.com.mx\/#\/schema\/logo\/image\/"},"sameAs":["https:\/\/www.facebook.com\/SonoraEE\/","https:\/\/x.com\/sonoraenequipo","https:\/\/www.youtube.com\/channel\/UC338nW-lPEYmJQs4ZABQ1SQ"]},{"@type":"Person","@id":"https:\/\/www.sonoraenequipo.com.mx\/#\/schema\/person\/50102df0fb23a8fa9e8effad8fa81386","name":"enequipo","image":{"@type":"ImageObject","inLanguage":"es","@id":"https:\/\/www.sonoraenequipo.com.mx\/#\/schema\/person\/image\/","url":"https:\/\/secure.gravatar.com\/avatar\/049821681b589dabc0bc20695993ccebb09f5b5d4d790cd9251b97faac7c652b?s=96&d=blank&r=g","contentUrl":"https:\/\/secure.gravatar.com\/avatar\/049821681b589dabc0bc20695993ccebb09f5b5d4d790cd9251b97faac7c652b?s=96&d=blank&r=g","caption":"enequipo"},"sameAs":["https:\/\/www.facebook.com\/SonoraEE"]}]}},"jetpack_featured_media_url":"https:\/\/www.sonoraenequipo.com.mx\/storage\/2021\/03\/norcorea_opt.jpg","_links":{"self":[{"href":"https:\/\/www.sonoraenequipo.com.mx\/api\/wp\/v2\/posts\/110125","targetHints":{"allow":["GET"]}}],"collection":[{"href":"https:\/\/www.sonoraenequipo.com.mx\/api\/wp\/v2\/posts"}],"about":[{"href":"https:\/\/www.sonoraenequipo.com.mx\/api\/wp\/v2\/types\/post"}],"author":[{"embeddable":true,"href":"https:\/\/www.sonoraenequipo.com.mx\/api\/wp\/v2\/users\/1"}],"replies":[{"embeddable":true,"href":"https:\/\/www.sonoraenequipo.com.mx\/api\/wp\/v2\/comments?post=110125"}],"version-history":[{"count":1,"href":"https:\/\/www.sonoraenequipo.com.mx\/api\/wp\/v2\/posts\/110125\/revisions"}],"predecessor-version":[{"id":110127,"href":"https:\/\/www.sonoraenequipo.com.mx\/api\/wp\/v2\/posts\/110125\/revisions\/110127"}],"wp:featuredmedia":[{"embeddable":true,"href":"https:\/\/www.sonoraenequipo.com.mx\/api\/wp\/v2\/media\/110126"}],"wp:attachment":[{"href":"https:\/\/www.sonoraenequipo.com.mx\/api\/wp\/v2\/media?parent=110125"}],"wp:term":[{"taxonomy":"category","embeddable":true,"href":"https:\/\/www.sonoraenequipo.com.mx\/api\/wp\/v2\/categories?post=110125"},{"taxonomy":"post_tag","embeddable":true,"href":"https:\/\/www.sonoraenequipo.com.mx\/api\/wp\/v2\/tags?post=110125"}],"curies":[{"name":"wp","href":"https:\/\/api.w.org\/{rel}","templated":true}]}}