{"id":110138,"date":"2021-03-25T06:00:14","date_gmt":"2021-03-25T13:00:14","guid":{"rendered":"https:\/\/www.sonoraenequipo.com.mx\/?p=110138"},"modified":"2021-03-25T10:31:55","modified_gmt":"2021-03-25T17:31:55","slug":"impulsara-amazon-economia-y-generacion-de-empleos-en-sonora-gobernadora","status":"publish","type":"post","link":"https:\/\/www.sonoraenequipo.com.mx\/impulsara-amazon-economia-y-generacion-de-empleos-en-sonora-gobernadora\/","title":{"rendered":"Impulsar\u00e1 Amazon econom\u00eda y generaci\u00f3n de empleos en Sonora: Gobernadora"},"content":{"rendered":"<p>HERMOSILLO, SONORA. MX. \u2014\u00a0 Grandes beneficios llegar\u00e1n a Sonora con la instalaci\u00f3n del nuevo centro de env\u00edo de Amazon en Hermosillo, que no solo agilizar\u00e1 la distribuci\u00f3n de paqueter\u00eda en el norte de M\u00e9xico, sino que traer\u00e1 consigo mayor inversi\u00f3n, generaci\u00f3n de empleos y el impulso de la proveedur\u00eda local, destac\u00f3 la gobernadora Claudia Pavlovich Arellano.<\/p>\n<p>&nbsp;<\/p>\n<p> <\/p>\n<p>&nbsp;<\/p>\n<p>Al celebrar que en medio de esta pandemia por COVID-19 que ha impactado al mundo, Sonora siga atrayendo inversiones y detonado nuevas formas de crecimiento para las empresas de comercio y servicios, la mandataria estatal detall\u00f3 que este nuevo centro de env\u00edos que se instalar\u00e1 en la capital sonorense, se suma a los ya establecidos en el Estado de M\u00e9xico, Jalisco y Nuevo Le\u00f3n y representa importantes beneficios para la entidad.<\/p>\n<p>&nbsp;<\/p>\n<p>Entre ellos, dijo, la generaci\u00f3n de empleos y el impulso a las empresas locales que ser\u00e1n proveedores y usuarios de esta plataforma l\u00edder en la modalidad de comercio en l\u00ednea.<\/p>\n<p>&nbsp;<\/p>\n<p><em>\u201cImag\u00ednense el beneficio de tener aqu\u00ed a una de las plataformas m\u00e1s importantes de comercio electr\u00f3nico en el mundo, habr\u00e1 much\u00edsimos beneficios, primero que nada la construcci\u00f3n de la misma bodega, todo este empleo directo e indirecto, el contrato de repartidores, todo lo que se refiere a proveedur\u00eda en general, talleres mec\u00e1nicos, llantas, gasolina; la verdad es un combo econ\u00f3mico que va a ser mucho muy importante\u201d,<\/em> expres\u00f3.<\/p>\n<p>&nbsp;<\/p>\n<p>Y sin duda, dijo, el beneficio para los usuarios sonorenses que utilizan esta plataforma digital, quienes podr\u00e1n contar con sus productos de manera m\u00e1s r\u00e1pida, pues este nuevo centro de env\u00edos de Amazon tiene como fin agilizar los env\u00edos del norte del pa\u00eds.<\/p>\n<p>&nbsp;<\/p>\n<p><em>\u201cEstoy muy complacida de que hayan escogido a Sonora como una de sus bodegas, uno de sus centros de distribuci\u00f3n y tambi\u00e9n emocionada porque cada vez Sonora genera mayor n\u00famero de empleos y por supuesto una derrama econ\u00f3mica importante\u201d,<\/em> asegur\u00f3.<\/p>\n<p>&nbsp;<\/p>\n<p>La instalaci\u00f3n de esta empresa internacional detonar\u00e1 la reactivaci\u00f3n econ\u00f3mica en la entidad ya que pondr\u00e1 a Sonora en los ojos del mundo, a trav\u00e9s de una plataforma exitosa que cada d\u00eda suma m\u00e1s usuarios activos y m\u00e1s proveedores.<\/p>\n<p>&nbsp;<\/p>\n<p><em>\u201cEsto significa tambi\u00e9n que tenemos paz laboral y certidumbre jur\u00eddica y por eso empresas de la talla de Amazon, conocida como una de las plataformas de comercio electr\u00f3nico m\u00e1s grande del mundo ahora estar\u00e1 aqu\u00ed en nuestro estado\u201d,<\/em> finaliz\u00f3.<\/p>\n<p>&nbsp;<\/p>\n<p>(Publicada el 25\/03\/2021)<\/p>\n","protected":false},"excerpt":{"rendered":"<p>HERMOSILLO, SONORA. MX. \u2014\u00a0 Grandes beneficios llegar\u00e1n a Sonora con la instalaci\u00f3n del nuevo centro&#8230;<\/p>\n","protected":false},"author":1,"featured_media":110139,"comment_status":"open","ping_status":"open","sticky":false,"template":"","format":"standard","meta":{"_monsterinsights_skip_tracking":false,"_monsterinsights_sitenote_active":false,"_monsterinsights_sitenote_note":"","_monsterinsights_sitenote_category":0,"footnotes":""},"categories":[22],"tags":[],"class_list":["post"],"yoast_head":" \n<title>Sonora en Equipo. Impulsar\u00e1 Amazon econom\u00eda y generaci\u00f3n de empleos en Sonora: Gobernadora Sonora<\/title>\n<meta name=\"description\" content=\"HERMOSILLO, SONORA. MX. \u2014\u00a0 Grandes beneficios llegar\u00e1n a Sonora con la instalaci\u00f3n del nuevo centro de env\u00edo de Amazon en Hermosillo, que no solo En Sonora en Equipo publicamos toda la informaci\u00f3n de Sonora, M\u00e9xico y el Mundo de manera oportuna y busca que la libertad de expresi\u00f3n sea real. Visita nuestro medio informativo publicado desde Hermosillo, Sonora. %\" \/>\n<meta name=\"robots\" content=\"index, follow, max-snippet:-1, max-image-preview:large, max-video-preview:-1\" \/>\n<link rel=\"canonical\" href=\"https:\/\/www.sonoraenequipo.com.mx\/impulsara-amazon-economia-y-generacion-de-empleos-en-sonora-gobernadora\/\" \/>\n<meta property=\"og:locale\" content=\"es_ES\" \/>\n<meta property=\"og:type\" content=\"article\" \/>\n<meta property=\"og:title\" content=\"Sonora en Equipo. Impulsar\u00e1 Amazon econom\u00eda y generaci\u00f3n de empleos en Sonora: Gobernadora Sonora\" \/>\n<meta property=\"og:description\" content=\"HERMOSILLO, SONORA. MX. \u2014\u00a0 Grandes beneficios llegar\u00e1n a Sonora con la instalaci\u00f3n del nuevo centro de env\u00edo de Amazon en Hermosillo, que no solo En Sonora en Equipo publicamos toda la informaci\u00f3n de Sonora, M\u00e9xico y el Mundo de manera oportuna y busca que la libertad de expresi\u00f3n sea real. Visita nuestro medio informativo publicado desde Hermosillo, Sonora. %\" \/>\n<meta property=\"og:url\" content=\"https:\/\/www.sonoraenequipo.com.mx\/impulsara-amazon-economia-y-generacion-de-empleos-en-sonora-gobernadora\/\" \/>\n<meta property=\"og:site_name\" content=\"Sonora en Equipo.\" \/>\n<meta property=\"article:publisher\" content=\"https:\/\/www.facebook.com\/SonoraEE\/\" \/>\n<meta property=\"article:author\" content=\"https:\/\/www.facebook.com\/SonoraEE\" \/>\n<meta property=\"article:published_time\" content=\"2021-03-25T13:00:14+00:00\" \/>\n<meta property=\"article:modified_time\" content=\"2021-03-25T17:31:55+00:00\" \/>\n<meta property=\"og:image\" content=\"https:\/\/www.sonoraenequipo.com.mx\/storage\/2021\/03\/Claudia-Pavlovich_opt5.jpg\" \/>\n\t<meta property=\"og:image:width\" content=\"678\" \/>\n\t<meta property=\"og:image:height\" content=\"500\" \/>\n\t<meta property=\"og:image:type\" content=\"image\/jpeg\" \/>\n<meta name=\"author\" content=\"enequipo\" \/>\n<meta name=\"twitter:card\" content=\"summary_large_image\" \/>\n<meta name=\"twitter:creator\" content=\"@sonoraenequipo\" \/>\n<meta name=\"twitter:site\" content=\"@sonoraenequipo\" \/>\n<meta name=\"twitter:label1\" content=\"Escrito por\" \/>\n\t<meta name=\"twitter:data1\" content=\"enequipo\" \/>\n\t<meta name=\"twitter:label2\" content=\"Tiempo de lectura\" \/>\n\t<meta name=\"twitter:data2\" content=\"2 minutos\" \/>\n<script type=\"application\/ld+json\" class=\"yoast-schema-graph\">{\"@context\":\"https:\/\/schema.org\",\"@graph\":[{\"@type\":\"Article\",\"@id\":\"https:\/\/www.sonoraenequipo.com.mx\/impulsara-amazon-economia-y-generacion-de-empleos-en-sonora-gobernadora\/#article\",\"isPartOf\":{\"@id\":\"https:\/\/www.sonoraenequipo.com.mx\/impulsara-amazon-economia-y-generacion-de-empleos-en-sonora-gobernadora\/\"},\"author\":{\"name\":\"enequipo\",\"@id\":\"https:\/\/www.sonoraenequipo.com.mx\/#\/schema\/person\/50102df0fb23a8fa9e8effad8fa81386\"},\"headline\":\"Impulsar\u00e1 Amazon econom\u00eda y generaci\u00f3n de empleos en Sonora: Gobernadora\",\"datePublished\":\"2021-03-25T13:00:14+00:00\",\"dateModified\":\"2021-03-25T17:31:55+00:00\",\"mainEntityOfPage\":{\"@id\":\"https:\/\/www.sonoraenequipo.com.mx\/impulsara-amazon-economia-y-generacion-de-empleos-en-sonora-gobernadora\/\"},\"wordCount\":453,\"commentCount\":0,\"publisher\":{\"@id\":\"https:\/\/www.sonoraenequipo.com.mx\/#organization\"},\"image\":{\"@id\":\"https:\/\/www.sonoraenequipo.com.mx\/impulsara-amazon-economia-y-generacion-de-empleos-en-sonora-gobernadora\/#primaryimage\"},\"thumbnailUrl\":\"https:\/\/www.sonoraenequipo.com.mx\/storage\/2021\/03\/Claudia-Pavlovich_opt5.jpg\",\"articleSection\":[\"Sonora\"],\"inLanguage\":\"es\",\"potentialAction\":[{\"@type\":\"CommentAction\",\"name\":\"Comment\",\"target\":[\"https:\/\/www.sonoraenequipo.com.mx\/impulsara-amazon-economia-y-generacion-de-empleos-en-sonora-gobernadora\/#respond\"]}]},{\"@type\":\"WebPage\",\"@id\":\"https:\/\/www.sonoraenequipo.com.mx\/impulsara-amazon-economia-y-generacion-de-empleos-en-sonora-gobernadora\/\",\"url\":\"https:\/\/www.sonoraenequipo.com.mx\/impulsara-amazon-economia-y-generacion-de-empleos-en-sonora-gobernadora\/\",\"name\":\"Sonora en Equipo. Impulsar\u00e1 Amazon econom\u00eda y generaci\u00f3n de empleos en Sonora: Gobernadora Sonora\",\"isPartOf\":{\"@id\":\"https:\/\/www.sonoraenequipo.com.mx\/#website\"},\"primaryImageOfPage\":{\"@id\":\"https:\/\/www.sonoraenequipo.com.mx\/impulsara-amazon-economia-y-generacion-de-empleos-en-sonora-gobernadora\/#primaryimage\"},\"image\":{\"@id\":\"https:\/\/www.sonoraenequipo.com.mx\/impulsara-amazon-economia-y-generacion-de-empleos-en-sonora-gobernadora\/#primaryimage\"},\"thumbnailUrl\":\"https:\/\/www.sonoraenequipo.com.mx\/storage\/2021\/03\/Claudia-Pavlovich_opt5.jpg\",\"datePublished\":\"2021-03-25T13:00:14+00:00\",\"dateModified\":\"2021-03-25T17:31:55+00:00\",\"description\":\"HERMOSILLO, SONORA. MX. \u2014\u00a0 Grandes beneficios llegar\u00e1n a Sonora con la instalaci\u00f3n del nuevo centro de env\u00edo de Amazon en Hermosillo, que no solo En Sonora en Equipo publicamos toda la informaci\u00f3n de Sonora, M\u00e9xico y el Mundo de manera oportuna y busca que la libertad de expresi\u00f3n sea real. Visita nuestro medio informativo publicado desde Hermosillo, Sonora. %\",\"breadcrumb\":{\"@id\":\"https:\/\/www.sonoraenequipo.com.mx\/impulsara-amazon-economia-y-generacion-de-empleos-en-sonora-gobernadora\/#breadcrumb\"},\"inLanguage\":\"es\",\"potentialAction\":[{\"@type\":\"ReadAction\",\"target\":[\"https:\/\/www.sonoraenequipo.com.mx\/impulsara-amazon-economia-y-generacion-de-empleos-en-sonora-gobernadora\/\"]}]},{\"@type\":\"ImageObject\",\"inLanguage\":\"es\",\"@id\":\"https:\/\/www.sonoraenequipo.com.mx\/impulsara-amazon-economia-y-generacion-de-empleos-en-sonora-gobernadora\/#primaryimage\",\"url\":\"https:\/\/www.sonoraenequipo.com.mx\/storage\/2021\/03\/Claudia-Pavlovich_opt5.jpg\",\"contentUrl\":\"https:\/\/www.sonoraenequipo.com.mx\/storage\/2021\/03\/Claudia-Pavlovich_opt5.jpg\",\"width\":678,\"height\":500},{\"@type\":\"BreadcrumbList\",\"@id\":\"https:\/\/www.sonoraenequipo.com.mx\/impulsara-amazon-economia-y-generacion-de-empleos-en-sonora-gobernadora\/#breadcrumb\",\"itemListElement\":[{\"@type\":\"ListItem\",\"position\":1,\"name\":\"Portada\",\"item\":\"https:\/\/www.sonoraenequipo.com.mx\/\"},{\"@type\":\"ListItem\",\"position\":2,\"name\":\"Impulsar\u00e1 Amazon econom\u00eda y generaci\u00f3n de empleos en Sonora: Gobernadora\"}]},{\"@type\":\"WebSite\",\"@id\":\"https:\/\/www.sonoraenequipo.com.mx\/#website\",\"url\":\"https:\/\/www.sonoraenequipo.com.mx\/\",\"name\":\"Sonora en Equipo.\",\"description\":\"Diario en l\u00ednea con Noticias desde Hermosillo, Sonora\",\"publisher\":{\"@id\":\"https:\/\/www.sonoraenequipo.com.mx\/#organization\"},\"potentialAction\":[{\"@type\":\"SearchAction\",\"target\":{\"@type\":\"EntryPoint\",\"urlTemplate\":\"https:\/\/www.sonoraenequipo.com.mx\/?s={search_term_string}\"},\"query-input\":{\"@type\":\"PropertyValueSpecification\",\"valueRequired\":true,\"valueName\":\"search_term_string\"}}],\"inLanguage\":\"es\"},{\"@type\":\"Organization\",\"@id\":\"https:\/\/www.sonoraenequipo.com.mx\/#organization\",\"name\":\"Sonoraenequipo.com.mx\",\"url\":\"https:\/\/www.sonoraenequipo.com.mx\/\",\"logo\":{\"@type\":\"ImageObject\",\"inLanguage\":\"es\",\"@id\":\"https:\/\/www.sonoraenequipo.com.mx\/#\/schema\/logo\/image\/\",\"url\":\"https:\/\/www.sonoraenequipo.com.mx\/storage\/2019\/01\/sonoraenequipo_opt.png\",\"contentUrl\":\"https:\/\/www.sonoraenequipo.com.mx\/storage\/2019\/01\/sonoraenequipo_opt.png\",\"width\":375,\"height\":125,\"caption\":\"Sonoraenequipo.com.mx\"},\"image\":{\"@id\":\"https:\/\/www.sonoraenequipo.com.mx\/#\/schema\/logo\/image\/\"},\"sameAs\":[\"https:\/\/www.facebook.com\/SonoraEE\/\",\"https:\/\/x.com\/sonoraenequipo\",\"https:\/\/www.youtube.com\/channel\/UC338nW-lPEYmJQs4ZABQ1SQ\"]},{\"@type\":\"Person\",\"@id\":\"https:\/\/www.sonoraenequipo.com.mx\/#\/schema\/person\/50102df0fb23a8fa9e8effad8fa81386\",\"name\":\"enequipo\",\"image\":{\"@type\":\"ImageObject\",\"inLanguage\":\"es\",\"@id\":\"https:\/\/www.sonoraenequipo.com.mx\/#\/schema\/person\/image\/\",\"url\":\"https:\/\/secure.gravatar.com\/avatar\/049821681b589dabc0bc20695993ccebb09f5b5d4d790cd9251b97faac7c652b?s=96&d=blank&r=g\",\"contentUrl\":\"https:\/\/secure.gravatar.com\/avatar\/049821681b589dabc0bc20695993ccebb09f5b5d4d790cd9251b97faac7c652b?s=96&d=blank&r=g\",\"caption\":\"enequipo\"},\"sameAs\":[\"https:\/\/www.facebook.com\/SonoraEE\"]}]}<\/script>\n ","yoast_head_json":{"title":"Sonora en Equipo. Impulsar\u00e1 Amazon econom\u00eda y generaci\u00f3n de empleos en Sonora: Gobernadora Sonora","description":"HERMOSILLO, SONORA. MX. \u2014\u00a0 Grandes beneficios llegar\u00e1n a Sonora con la instalaci\u00f3n del nuevo centro de env\u00edo de Amazon en Hermosillo, que no solo En Sonora en Equipo publicamos toda la informaci\u00f3n de Sonora, M\u00e9xico y el Mundo de manera oportuna y busca que la libertad de expresi\u00f3n sea real. Visita nuestro medio informativo publicado desde Hermosillo, Sonora. %","robots":{"index":"index","follow":"follow","max-snippet":"max-snippet:-1","max-image-preview":"max-image-preview:large","max-video-preview":"max-video-preview:-1"},"canonical":"https:\/\/www.sonoraenequipo.com.mx\/impulsara-amazon-economia-y-generacion-de-empleos-en-sonora-gobernadora\/","og_locale":"es_ES","og_type":"article","og_title":"Sonora en Equipo. Impulsar\u00e1 Amazon econom\u00eda y generaci\u00f3n de empleos en Sonora: Gobernadora Sonora","og_description":"HERMOSILLO, SONORA. MX. \u2014\u00a0 Grandes beneficios llegar\u00e1n a Sonora con la instalaci\u00f3n del nuevo centro de env\u00edo de Amazon en Hermosillo, que no solo En Sonora en Equipo publicamos toda la informaci\u00f3n de Sonora, M\u00e9xico y el Mundo de manera oportuna y busca que la libertad de expresi\u00f3n sea real. Visita nuestro medio informativo publicado desde Hermosillo, Sonora. %","og_url":"https:\/\/www.sonoraenequipo.com.mx\/impulsara-amazon-economia-y-generacion-de-empleos-en-sonora-gobernadora\/","og_site_name":"Sonora en Equipo.","article_publisher":"https:\/\/www.facebook.com\/SonoraEE\/","article_author":"https:\/\/www.facebook.com\/SonoraEE","article_published_time":"2021-03-25T13:00:14+00:00","article_modified_time":"2021-03-25T17:31:55+00:00","og_image":[{"width":678,"height":500,"url":"https:\/\/www.sonoraenequipo.com.mx\/storage\/2021\/03\/Claudia-Pavlovich_opt5.jpg","type":"image\/jpeg"}],"author":"enequipo","twitter_card":"summary_large_image","twitter_creator":"@sonoraenequipo","twitter_site":"@sonoraenequipo","twitter_misc":{"Escrito por":"enequipo","Tiempo de lectura":"2 minutos"},"schema":{"@context":"https:\/\/schema.org","@graph":[{"@type":"Article","@id":"https:\/\/www.sonoraenequipo.com.mx\/impulsara-amazon-economia-y-generacion-de-empleos-en-sonora-gobernadora\/#article","isPartOf":{"@id":"https:\/\/www.sonoraenequipo.com.mx\/impulsara-amazon-economia-y-generacion-de-empleos-en-sonora-gobernadora\/"},"author":{"name":"enequipo","@id":"https:\/\/www.sonoraenequipo.com.mx\/#\/schema\/person\/50102df0fb23a8fa9e8effad8fa81386"},"headline":"Impulsar\u00e1 Amazon econom\u00eda y generaci\u00f3n de empleos en Sonora: Gobernadora","datePublished":"2021-03-25T13:00:14+00:00","dateModified":"2021-03-25T17:31:55+00:00","mainEntityOfPage":{"@id":"https:\/\/www.sonoraenequipo.com.mx\/impulsara-amazon-economia-y-generacion-de-empleos-en-sonora-gobernadora\/"},"wordCount":453,"commentCount":0,"publisher":{"@id":"https:\/\/www.sonoraenequipo.com.mx\/#organization"},"image":{"@id":"https:\/\/www.sonoraenequipo.com.mx\/impulsara-amazon-economia-y-generacion-de-empleos-en-sonora-gobernadora\/#primaryimage"},"thumbnailUrl":"https:\/\/www.sonoraenequipo.com.mx\/storage\/2021\/03\/Claudia-Pavlovich_opt5.jpg","articleSection":["Sonora"],"inLanguage":"es","potentialAction":[{"@type":"CommentAction","name":"Comment","target":["https:\/\/www.sonoraenequipo.com.mx\/impulsara-amazon-economia-y-generacion-de-empleos-en-sonora-gobernadora\/#respond"]}]},{"@type":"WebPage","@id":"https:\/\/www.sonoraenequipo.com.mx\/impulsara-amazon-economia-y-generacion-de-empleos-en-sonora-gobernadora\/","url":"https:\/\/www.sonoraenequipo.com.mx\/impulsara-amazon-economia-y-generacion-de-empleos-en-sonora-gobernadora\/","name":"Sonora en Equipo. Impulsar\u00e1 Amazon econom\u00eda y generaci\u00f3n de empleos en Sonora: Gobernadora Sonora","isPartOf":{"@id":"https:\/\/www.sonoraenequipo.com.mx\/#website"},"primaryImageOfPage":{"@id":"https:\/\/www.sonoraenequipo.com.mx\/impulsara-amazon-economia-y-generacion-de-empleos-en-sonora-gobernadora\/#primaryimage"},"image":{"@id":"https:\/\/www.sonoraenequipo.com.mx\/impulsara-amazon-economia-y-generacion-de-empleos-en-sonora-gobernadora\/#primaryimage"},"thumbnailUrl":"https:\/\/www.sonoraenequipo.com.mx\/storage\/2021\/03\/Claudia-Pavlovich_opt5.jpg","datePublished":"2021-03-25T13:00:14+00:00","dateModified":"2021-03-25T17:31:55+00:00","description":"HERMOSILLO, SONORA. MX. \u2014\u00a0 Grandes beneficios llegar\u00e1n a Sonora con la instalaci\u00f3n del nuevo centro de env\u00edo de Amazon en Hermosillo, que no solo En Sonora en Equipo publicamos toda la informaci\u00f3n de Sonora, M\u00e9xico y el Mundo de manera oportuna y busca que la libertad de expresi\u00f3n sea real. Visita nuestro medio informativo publicado desde Hermosillo, Sonora. %","breadcrumb":{"@id":"https:\/\/www.sonoraenequipo.com.mx\/impulsara-amazon-economia-y-generacion-de-empleos-en-sonora-gobernadora\/#breadcrumb"},"inLanguage":"es","potentialAction":[{"@type":"ReadAction","target":["https:\/\/www.sonoraenequipo.com.mx\/impulsara-amazon-economia-y-generacion-de-empleos-en-sonora-gobernadora\/"]}]},{"@type":"ImageObject","inLanguage":"es","@id":"https:\/\/www.sonoraenequipo.com.mx\/impulsara-amazon-economia-y-generacion-de-empleos-en-sonora-gobernadora\/#primaryimage","url":"https:\/\/www.sonoraenequipo.com.mx\/storage\/2021\/03\/Claudia-Pavlovich_opt5.jpg","contentUrl":"https:\/\/www.sonoraenequipo.com.mx\/storage\/2021\/03\/Claudia-Pavlovich_opt5.jpg","width":678,"height":500},{"@type":"BreadcrumbList","@id":"https:\/\/www.sonoraenequipo.com.mx\/impulsara-amazon-economia-y-generacion-de-empleos-en-sonora-gobernadora\/#breadcrumb","itemListElement":[{"@type":"ListItem","position":1,"name":"Portada","item":"https:\/\/www.sonoraenequipo.com.mx\/"},{"@type":"ListItem","position":2,"name":"Impulsar\u00e1 Amazon econom\u00eda y generaci\u00f3n de empleos en Sonora: Gobernadora"}]},{"@type":"WebSite","@id":"https:\/\/www.sonoraenequipo.com.mx\/#website","url":"https:\/\/www.sonoraenequipo.com.mx\/","name":"Sonora en Equipo.","description":"Diario en l\u00ednea con Noticias desde Hermosillo, Sonora","publisher":{"@id":"https:\/\/www.sonoraenequipo.com.mx\/#organization"},"potentialAction":[{"@type":"SearchAction","target":{"@type":"EntryPoint","urlTemplate":"https:\/\/www.sonoraenequipo.com.mx\/?s={search_term_string}"},"query-input":{"@type":"PropertyValueSpecification","valueRequired":true,"valueName":"search_term_string"}}],"inLanguage":"es"},{"@type":"Organization","@id":"https:\/\/www.sonoraenequipo.com.mx\/#organization","name":"Sonoraenequipo.com.mx","url":"https:\/\/www.sonoraenequipo.com.mx\/","logo":{"@type":"ImageObject","inLanguage":"es","@id":"https:\/\/www.sonoraenequipo.com.mx\/#\/schema\/logo\/image\/","url":"https:\/\/www.sonoraenequipo.com.mx\/storage\/2019\/01\/sonoraenequipo_opt.png","contentUrl":"https:\/\/www.sonoraenequipo.com.mx\/storage\/2019\/01\/sonoraenequipo_opt.png","width":375,"height":125,"caption":"Sonoraenequipo.com.mx"},"image":{"@id":"https:\/\/www.sonoraenequipo.com.mx\/#\/schema\/logo\/image\/"},"sameAs":["https:\/\/www.facebook.com\/SonoraEE\/","https:\/\/x.com\/sonoraenequipo","https:\/\/www.youtube.com\/channel\/UC338nW-lPEYmJQs4ZABQ1SQ"]},{"@type":"Person","@id":"https:\/\/www.sonoraenequipo.com.mx\/#\/schema\/person\/50102df0fb23a8fa9e8effad8fa81386","name":"enequipo","image":{"@type":"ImageObject","inLanguage":"es","@id":"https:\/\/www.sonoraenequipo.com.mx\/#\/schema\/person\/image\/","url":"https:\/\/secure.gravatar.com\/avatar\/049821681b589dabc0bc20695993ccebb09f5b5d4d790cd9251b97faac7c652b?s=96&d=blank&r=g","contentUrl":"https:\/\/secure.gravatar.com\/avatar\/049821681b589dabc0bc20695993ccebb09f5b5d4d790cd9251b97faac7c652b?s=96&d=blank&r=g","caption":"enequipo"},"sameAs":["https:\/\/www.facebook.com\/SonoraEE"]}]}},"jetpack_featured_media_url":"https:\/\/www.sonoraenequipo.com.mx\/storage\/2021\/03\/Claudia-Pavlovich_opt5.jpg","_links":{"self":[{"href":"https:\/\/www.sonoraenequipo.com.mx\/api\/wp\/v2\/posts\/110138","targetHints":{"allow":["GET"]}}],"collection":[{"href":"https:\/\/www.sonoraenequipo.com.mx\/api\/wp\/v2\/posts"}],"about":[{"href":"https:\/\/www.sonoraenequipo.com.mx\/api\/wp\/v2\/types\/post"}],"author":[{"embeddable":true,"href":"https:\/\/www.sonoraenequipo.com.mx\/api\/wp\/v2\/users\/1"}],"replies":[{"embeddable":true,"href":"https:\/\/www.sonoraenequipo.com.mx\/api\/wp\/v2\/comments?post=110138"}],"version-history":[{"count":1,"href":"https:\/\/www.sonoraenequipo.com.mx\/api\/wp\/v2\/posts\/110138\/revisions"}],"predecessor-version":[{"id":110140,"href":"https:\/\/www.sonoraenequipo.com.mx\/api\/wp\/v2\/posts\/110138\/revisions\/110140"}],"wp:featuredmedia":[{"embeddable":true,"href":"https:\/\/www.sonoraenequipo.com.mx\/api\/wp\/v2\/media\/110139"}],"wp:attachment":[{"href":"https:\/\/www.sonoraenequipo.com.mx\/api\/wp\/v2\/media?parent=110138"}],"wp:term":[{"taxonomy":"category","embeddable":true,"href":"https:\/\/www.sonoraenequipo.com.mx\/api\/wp\/v2\/categories?post=110138"},{"taxonomy":"post_tag","embeddable":true,"href":"https:\/\/www.sonoraenequipo.com.mx\/api\/wp\/v2\/tags?post=110138"}],"curies":[{"name":"wp","href":"https:\/\/api.w.org\/{rel}","templated":true}]}}