{"id":110509,"date":"2021-03-31T06:10:27","date_gmt":"2021-03-31T13:10:27","guid":{"rendered":"https:\/\/www.sonoraenequipo.com.mx\/?p=110509"},"modified":"2021-03-31T10:51:57","modified_gmt":"2021-03-31T17:51:57","slug":"alemania-restringe-uso-de-vacuna-de-astrazeneca-a-menores-de-60-anos","status":"publish","type":"post","link":"https:\/\/www.sonoraenequipo.com.mx\/alemania-restringe-uso-de-vacuna-de-astrazeneca-a-menores-de-60-anos\/","title":{"rendered":"Por qu\u00e9 produce Trombos la vacuna de AstraZeneca. \u00bfC\u00f3mo tratarla?"},"content":{"rendered":"<p>ALEMANIA. \u2014 Alemania va a reservar el uso de la vacuna AstraZeneca a las personas mayores de 60 a\u00f1os despu\u00e9s de varios casos de formaci\u00f3n de co\u00e1gulos sangu\u00edneos, anunciaron el martes los ministerios de Salud regionales y federales.<\/p>\n<p>&nbsp;<\/p>\n<p>&nbsp;<\/p>\n<p> <\/p>\n<p>Sin embargo, los menores de 60 a\u00f1os que lo deseen podr\u00e1n decidir recibir la vacuna, pero s\u00f3lo despu\u00e9s de \u201cconsultar a un m\u00e9dico que practique la vacunaci\u00f3n (\u2026) y un an\u00e1lisis personalizado de los riesgos\u201d, se\u00f1alaron los ministros de las 16 regiones alemanas y el ministro federal, en un comunicado al t\u00e9rmino de una reuni\u00f3n.<\/p>\n<p>&nbsp;<\/p>\n<p>Los menores de 60 a\u00f1os que ya hayan recibido una primera dosis de esa vacuna podr\u00e1n decidir: o se vacunan con la segunda dosis o esperan a la recomendaci\u00f3n de la comisi\u00f3n de vacunaci\u00f3n (STIKO) sobre ese asunto, que en principio llegar\u00e1 a finales de abril.<\/p>\n<p>&nbsp;<\/p>\n<p>Por la noche, en rueda de prensa, la canciller alemana, Angela Merkel, se\u00f1al\u00f3 que los expertos hab\u00edan detectado en las \u00faltimas semanas <em>\u201ccasos muy inusuales pero muy serios de trombos\u201d<\/em> en personas que se hab\u00edan vacunado con AstraZeneca.<\/p>\n<p>&nbsp;<\/p>\n<p><em>\u201cSon resultados que 1\/8 de la comisi\u00f3n de vacunaci\u00f3n de Alemania 3\/8 y nosotros no podemos ignorar\u201d<\/em>, afirm\u00f3.<\/p>\n<p>&nbsp;<\/p>\n<p>La STIKO hab\u00eda anunciado un poco antes su decisi\u00f3n de <em>\u201crecomendar la vacuna de AstraZeneca \u00fanicamente para los mayores de 60 a\u00f1os\u201d.<\/em><\/p>\n<p>&nbsp;<\/p>\n<p>La decisi\u00f3n se apoya en<em> \u201clos datos disponibles que muestran la aparici\u00f3n inhabitual, pero muy grave, de trombos como efecto secundario\u201d, que afectan \u201cprincipalmente a personas menores de 60 a\u00f1os entre 4 y 16 d\u00edas despu\u00e9s de la vacunaci\u00f3n\u201d<\/em>, precis\u00f3.<\/p>\n<p>&nbsp;<\/p>\n<p>No obstante, el ministro de Salud, Jens Spahn, dijo en la misma rueda de prensa que Alemania cumplir\u00e1 con su objetivo de ofrecer la posibilidad de vacunarse a todos los adultos para el final del verano, <em>\u201csi las entregas anunciadas por los proveedores son respetadas y todas las vacunas esperadas, autorizadas\u201d.<\/em><\/p>\n<p>&nbsp;<\/p>\n<p>M\u00e1s temprano este martes, las ciudades alemanas de Berl\u00edn y M\u00fanich hab\u00edan anunciado la suspensi\u00f3n de la inoculaci\u00f3n con la vacuna de AstraZeneca para menores de 60 a\u00f1os, <em>\u201cpor precauci\u00f3n\u201d,<\/em> a la espera de las recomendaciones del gobierno.<\/p>\n<p>&nbsp;<\/p>\n<p>Varios pa\u00edses suspendieron el uso, total o parcialmente, de esa vacuna tras la detecci\u00f3n de casos graves de co\u00e1gulos sangu\u00edneos.<\/p>\n<p>&nbsp;<\/p>\n<p>El instituto m\u00e9dico Paul-Ehrlich, que asesora al gobierno en materia de vacunas, est\u00e1 examinando 31 casos de co\u00e1gulos sangu\u00edneos en personas vacunadas con el inmunizante de AstraZeneca en Alemania, inform\u00f3 el martes la revista Spiegel.<\/p>\n<p>&nbsp;<\/p>\n<p>Casi todos los casos implican a mujeres j\u00f3venes o de mediana edad.<\/p>\n<p>&nbsp;<\/p>\n<p>Siguiendo las recomendaciones de la Agencia Europea de Medicamentos (EMA), Alemania hab\u00eda reanudado a mediados de marzo la utilizaci\u00f3n de esa vacuna en todas las franjas de edad.<\/p>\n<p>&nbsp;<\/p>\n<p>&nbsp;<\/p>\n<p>(Publicada el 30\/03\/2021 \/Con informaci\u00f3n de AFP)<\/p>\n","protected":false},"excerpt":{"rendered":"<p>ALEMANIA. \u2014 Alemania va a reservar el uso de la vacuna AstraZeneca a las personas&#8230;<\/p>\n","protected":false},"author":1,"featured_media":110510,"comment_status":"open","ping_status":"open","sticky":false,"template":"","format":"standard","meta":{"_monsterinsights_skip_tracking":false,"_monsterinsights_sitenote_active":false,"_monsterinsights_sitenote_note":"","_monsterinsights_sitenote_category":0,"footnotes":""},"categories":[2216,3],"tags":[],"class_list":["post"],"yoast_head":" \n<title>Sonora en Equipo. Por qu\u00e9 produce Trombos la vacuna de AstraZeneca. \u00bfC\u00f3mo tratarla? MUNDO<\/title>\n<meta name=\"description\" content=\"ALEMANIA. \u2014 Alemania va a reservar el uso de la vacuna AstraZeneca a las personas mayores de 60 a\u00f1os despu\u00e9s de varios casos de formaci\u00f3n de co\u00e1gulos En Sonora en Equipo publicamos toda la informaci\u00f3n de Sonora, M\u00e9xico y el Mundo de manera oportuna y busca que la libertad de expresi\u00f3n sea real. Visita nuestro medio informativo publicado desde Hermosillo, Sonora. %\" \/>\n<meta name=\"robots\" content=\"index, follow, max-snippet:-1, max-image-preview:large, max-video-preview:-1\" \/>\n<link rel=\"canonical\" href=\"https:\/\/www.sonoraenequipo.com.mx\/alemania-restringe-uso-de-vacuna-de-astrazeneca-a-menores-de-60-anos\/\" \/>\n<meta property=\"og:locale\" content=\"es_ES\" \/>\n<meta property=\"og:type\" content=\"article\" \/>\n<meta property=\"og:title\" content=\"Sonora en Equipo. Por qu\u00e9 produce Trombos la vacuna de AstraZeneca. \u00bfC\u00f3mo tratarla? MUNDO\" \/>\n<meta property=\"og:description\" content=\"ALEMANIA. \u2014 Alemania va a reservar el uso de la vacuna AstraZeneca a las personas mayores de 60 a\u00f1os despu\u00e9s de varios casos de formaci\u00f3n de co\u00e1gulos En Sonora en Equipo publicamos toda la informaci\u00f3n de Sonora, M\u00e9xico y el Mundo de manera oportuna y busca que la libertad de expresi\u00f3n sea real. Visita nuestro medio informativo publicado desde Hermosillo, Sonora. %\" \/>\n<meta property=\"og:url\" content=\"https:\/\/www.sonoraenequipo.com.mx\/alemania-restringe-uso-de-vacuna-de-astrazeneca-a-menores-de-60-anos\/\" \/>\n<meta property=\"og:site_name\" content=\"Sonora en Equipo.\" \/>\n<meta property=\"article:publisher\" content=\"https:\/\/www.facebook.com\/SonoraEE\/\" \/>\n<meta property=\"article:author\" content=\"https:\/\/www.facebook.com\/SonoraEE\" \/>\n<meta property=\"article:published_time\" content=\"2021-03-31T13:10:27+00:00\" \/>\n<meta property=\"article:modified_time\" content=\"2021-03-31T17:51:57+00:00\" \/>\n<meta property=\"og:image\" content=\"https:\/\/www.sonoraenequipo.com.mx\/storage\/2021\/03\/vacuna-de-astrazeneca-provoca-trombos_opt.jpg\" \/>\n\t<meta property=\"og:image:width\" content=\"820\" \/>\n\t<meta property=\"og:image:height\" content=\"500\" \/>\n\t<meta property=\"og:image:type\" content=\"image\/jpeg\" \/>\n<meta name=\"author\" content=\"enequipo\" \/>\n<meta name=\"twitter:card\" content=\"summary_large_image\" \/>\n<meta name=\"twitter:creator\" content=\"@sonoraenequipo\" \/>\n<meta name=\"twitter:site\" content=\"@sonoraenequipo\" \/>\n<meta name=\"twitter:label1\" content=\"Escrito por\" \/>\n\t<meta name=\"twitter:data1\" content=\"enequipo\" \/>\n\t<meta name=\"twitter:label2\" content=\"Tiempo de lectura\" \/>\n\t<meta name=\"twitter:data2\" content=\"2 minutos\" \/>\n<script type=\"application\/ld+json\" class=\"yoast-schema-graph\">{\"@context\":\"https:\/\/schema.org\",\"@graph\":[{\"@type\":\"Article\",\"@id\":\"https:\/\/www.sonoraenequipo.com.mx\/alemania-restringe-uso-de-vacuna-de-astrazeneca-a-menores-de-60-anos\/#article\",\"isPartOf\":{\"@id\":\"https:\/\/www.sonoraenequipo.com.mx\/alemania-restringe-uso-de-vacuna-de-astrazeneca-a-menores-de-60-anos\/\"},\"author\":{\"name\":\"enequipo\",\"@id\":\"https:\/\/www.sonoraenequipo.com.mx\/#\/schema\/person\/50102df0fb23a8fa9e8effad8fa81386\"},\"headline\":\"Por qu\u00e9 produce Trombos la vacuna de AstraZeneca. \u00bfC\u00f3mo tratarla?\",\"datePublished\":\"2021-03-31T13:10:27+00:00\",\"dateModified\":\"2021-03-31T17:51:57+00:00\",\"mainEntityOfPage\":{\"@id\":\"https:\/\/www.sonoraenequipo.com.mx\/alemania-restringe-uso-de-vacuna-de-astrazeneca-a-menores-de-60-anos\/\"},\"wordCount\":512,\"commentCount\":0,\"publisher\":{\"@id\":\"https:\/\/www.sonoraenequipo.com.mx\/#organization\"},\"image\":{\"@id\":\"https:\/\/www.sonoraenequipo.com.mx\/alemania-restringe-uso-de-vacuna-de-astrazeneca-a-menores-de-60-anos\/#primaryimage\"},\"thumbnailUrl\":\"https:\/\/www.sonoraenequipo.com.mx\/storage\/2021\/03\/vacuna-de-astrazeneca-provoca-trombos_opt.jpg\",\"articleSection\":[\"Ciencia y Tecnolog\u00eda\",\"MUNDO\"],\"inLanguage\":\"es\",\"potentialAction\":[{\"@type\":\"CommentAction\",\"name\":\"Comment\",\"target\":[\"https:\/\/www.sonoraenequipo.com.mx\/alemania-restringe-uso-de-vacuna-de-astrazeneca-a-menores-de-60-anos\/#respond\"]}]},{\"@type\":\"WebPage\",\"@id\":\"https:\/\/www.sonoraenequipo.com.mx\/alemania-restringe-uso-de-vacuna-de-astrazeneca-a-menores-de-60-anos\/\",\"url\":\"https:\/\/www.sonoraenequipo.com.mx\/alemania-restringe-uso-de-vacuna-de-astrazeneca-a-menores-de-60-anos\/\",\"name\":\"Sonora en Equipo. Por qu\u00e9 produce Trombos la vacuna de AstraZeneca. \u00bfC\u00f3mo tratarla? MUNDO\",\"isPartOf\":{\"@id\":\"https:\/\/www.sonoraenequipo.com.mx\/#website\"},\"primaryImageOfPage\":{\"@id\":\"https:\/\/www.sonoraenequipo.com.mx\/alemania-restringe-uso-de-vacuna-de-astrazeneca-a-menores-de-60-anos\/#primaryimage\"},\"image\":{\"@id\":\"https:\/\/www.sonoraenequipo.com.mx\/alemania-restringe-uso-de-vacuna-de-astrazeneca-a-menores-de-60-anos\/#primaryimage\"},\"thumbnailUrl\":\"https:\/\/www.sonoraenequipo.com.mx\/storage\/2021\/03\/vacuna-de-astrazeneca-provoca-trombos_opt.jpg\",\"datePublished\":\"2021-03-31T13:10:27+00:00\",\"dateModified\":\"2021-03-31T17:51:57+00:00\",\"description\":\"ALEMANIA. \u2014 Alemania va a reservar el uso de la vacuna AstraZeneca a las personas mayores de 60 a\u00f1os despu\u00e9s de varios casos de formaci\u00f3n de co\u00e1gulos En Sonora en Equipo publicamos toda la informaci\u00f3n de Sonora, M\u00e9xico y el Mundo de manera oportuna y busca que la libertad de expresi\u00f3n sea real. Visita nuestro medio informativo publicado desde Hermosillo, Sonora. %\",\"breadcrumb\":{\"@id\":\"https:\/\/www.sonoraenequipo.com.mx\/alemania-restringe-uso-de-vacuna-de-astrazeneca-a-menores-de-60-anos\/#breadcrumb\"},\"inLanguage\":\"es\",\"potentialAction\":[{\"@type\":\"ReadAction\",\"target\":[\"https:\/\/www.sonoraenequipo.com.mx\/alemania-restringe-uso-de-vacuna-de-astrazeneca-a-menores-de-60-anos\/\"]}]},{\"@type\":\"ImageObject\",\"inLanguage\":\"es\",\"@id\":\"https:\/\/www.sonoraenequipo.com.mx\/alemania-restringe-uso-de-vacuna-de-astrazeneca-a-menores-de-60-anos\/#primaryimage\",\"url\":\"https:\/\/www.sonoraenequipo.com.mx\/storage\/2021\/03\/vacuna-de-astrazeneca-provoca-trombos_opt.jpg\",\"contentUrl\":\"https:\/\/www.sonoraenequipo.com.mx\/storage\/2021\/03\/vacuna-de-astrazeneca-provoca-trombos_opt.jpg\",\"width\":820,\"height\":500},{\"@type\":\"BreadcrumbList\",\"@id\":\"https:\/\/www.sonoraenequipo.com.mx\/alemania-restringe-uso-de-vacuna-de-astrazeneca-a-menores-de-60-anos\/#breadcrumb\",\"itemListElement\":[{\"@type\":\"ListItem\",\"position\":1,\"name\":\"Portada\",\"item\":\"https:\/\/www.sonoraenequipo.com.mx\/\"},{\"@type\":\"ListItem\",\"position\":2,\"name\":\"Por qu\u00e9 produce Trombos la vacuna de AstraZeneca. \u00bfC\u00f3mo tratarla?\"}]},{\"@type\":\"WebSite\",\"@id\":\"https:\/\/www.sonoraenequipo.com.mx\/#website\",\"url\":\"https:\/\/www.sonoraenequipo.com.mx\/\",\"name\":\"Sonora en Equipo.\",\"description\":\"Diario en l\u00ednea con Noticias desde Hermosillo, Sonora\",\"publisher\":{\"@id\":\"https:\/\/www.sonoraenequipo.com.mx\/#organization\"},\"potentialAction\":[{\"@type\":\"SearchAction\",\"target\":{\"@type\":\"EntryPoint\",\"urlTemplate\":\"https:\/\/www.sonoraenequipo.com.mx\/?s={search_term_string}\"},\"query-input\":{\"@type\":\"PropertyValueSpecification\",\"valueRequired\":true,\"valueName\":\"search_term_string\"}}],\"inLanguage\":\"es\"},{\"@type\":\"Organization\",\"@id\":\"https:\/\/www.sonoraenequipo.com.mx\/#organization\",\"name\":\"Sonoraenequipo.com.mx\",\"url\":\"https:\/\/www.sonoraenequipo.com.mx\/\",\"logo\":{\"@type\":\"ImageObject\",\"inLanguage\":\"es\",\"@id\":\"https:\/\/www.sonoraenequipo.com.mx\/#\/schema\/logo\/image\/\",\"url\":\"https:\/\/www.sonoraenequipo.com.mx\/storage\/2019\/01\/sonoraenequipo_opt.png\",\"contentUrl\":\"https:\/\/www.sonoraenequipo.com.mx\/storage\/2019\/01\/sonoraenequipo_opt.png\",\"width\":375,\"height\":125,\"caption\":\"Sonoraenequipo.com.mx\"},\"image\":{\"@id\":\"https:\/\/www.sonoraenequipo.com.mx\/#\/schema\/logo\/image\/\"},\"sameAs\":[\"https:\/\/www.facebook.com\/SonoraEE\/\",\"https:\/\/x.com\/sonoraenequipo\",\"https:\/\/www.youtube.com\/channel\/UC338nW-lPEYmJQs4ZABQ1SQ\"]},{\"@type\":\"Person\",\"@id\":\"https:\/\/www.sonoraenequipo.com.mx\/#\/schema\/person\/50102df0fb23a8fa9e8effad8fa81386\",\"name\":\"enequipo\",\"image\":{\"@type\":\"ImageObject\",\"inLanguage\":\"es\",\"@id\":\"https:\/\/www.sonoraenequipo.com.mx\/#\/schema\/person\/image\/\",\"url\":\"https:\/\/secure.gravatar.com\/avatar\/049821681b589dabc0bc20695993ccebb09f5b5d4d790cd9251b97faac7c652b?s=96&d=blank&r=g\",\"contentUrl\":\"https:\/\/secure.gravatar.com\/avatar\/049821681b589dabc0bc20695993ccebb09f5b5d4d790cd9251b97faac7c652b?s=96&d=blank&r=g\",\"caption\":\"enequipo\"},\"sameAs\":[\"https:\/\/www.facebook.com\/SonoraEE\"]}]}<\/script>\n ","yoast_head_json":{"title":"Sonora en Equipo. Por qu\u00e9 produce Trombos la vacuna de AstraZeneca. \u00bfC\u00f3mo tratarla? MUNDO","description":"ALEMANIA. \u2014 Alemania va a reservar el uso de la vacuna AstraZeneca a las personas mayores de 60 a\u00f1os despu\u00e9s de varios casos de formaci\u00f3n de co\u00e1gulos En Sonora en Equipo publicamos toda la informaci\u00f3n de Sonora, M\u00e9xico y el Mundo de manera oportuna y busca que la libertad de expresi\u00f3n sea real. Visita nuestro medio informativo publicado desde Hermosillo, Sonora. %","robots":{"index":"index","follow":"follow","max-snippet":"max-snippet:-1","max-image-preview":"max-image-preview:large","max-video-preview":"max-video-preview:-1"},"canonical":"https:\/\/www.sonoraenequipo.com.mx\/alemania-restringe-uso-de-vacuna-de-astrazeneca-a-menores-de-60-anos\/","og_locale":"es_ES","og_type":"article","og_title":"Sonora en Equipo. Por qu\u00e9 produce Trombos la vacuna de AstraZeneca. \u00bfC\u00f3mo tratarla? MUNDO","og_description":"ALEMANIA. \u2014 Alemania va a reservar el uso de la vacuna AstraZeneca a las personas mayores de 60 a\u00f1os despu\u00e9s de varios casos de formaci\u00f3n de co\u00e1gulos En Sonora en Equipo publicamos toda la informaci\u00f3n de Sonora, M\u00e9xico y el Mundo de manera oportuna y busca que la libertad de expresi\u00f3n sea real. Visita nuestro medio informativo publicado desde Hermosillo, Sonora. %","og_url":"https:\/\/www.sonoraenequipo.com.mx\/alemania-restringe-uso-de-vacuna-de-astrazeneca-a-menores-de-60-anos\/","og_site_name":"Sonora en Equipo.","article_publisher":"https:\/\/www.facebook.com\/SonoraEE\/","article_author":"https:\/\/www.facebook.com\/SonoraEE","article_published_time":"2021-03-31T13:10:27+00:00","article_modified_time":"2021-03-31T17:51:57+00:00","og_image":[{"width":820,"height":500,"url":"https:\/\/www.sonoraenequipo.com.mx\/storage\/2021\/03\/vacuna-de-astrazeneca-provoca-trombos_opt.jpg","type":"image\/jpeg"}],"author":"enequipo","twitter_card":"summary_large_image","twitter_creator":"@sonoraenequipo","twitter_site":"@sonoraenequipo","twitter_misc":{"Escrito por":"enequipo","Tiempo de lectura":"2 minutos"},"schema":{"@context":"https:\/\/schema.org","@graph":[{"@type":"Article","@id":"https:\/\/www.sonoraenequipo.com.mx\/alemania-restringe-uso-de-vacuna-de-astrazeneca-a-menores-de-60-anos\/#article","isPartOf":{"@id":"https:\/\/www.sonoraenequipo.com.mx\/alemania-restringe-uso-de-vacuna-de-astrazeneca-a-menores-de-60-anos\/"},"author":{"name":"enequipo","@id":"https:\/\/www.sonoraenequipo.com.mx\/#\/schema\/person\/50102df0fb23a8fa9e8effad8fa81386"},"headline":"Por qu\u00e9 produce Trombos la vacuna de AstraZeneca. \u00bfC\u00f3mo tratarla?","datePublished":"2021-03-31T13:10:27+00:00","dateModified":"2021-03-31T17:51:57+00:00","mainEntityOfPage":{"@id":"https:\/\/www.sonoraenequipo.com.mx\/alemania-restringe-uso-de-vacuna-de-astrazeneca-a-menores-de-60-anos\/"},"wordCount":512,"commentCount":0,"publisher":{"@id":"https:\/\/www.sonoraenequipo.com.mx\/#organization"},"image":{"@id":"https:\/\/www.sonoraenequipo.com.mx\/alemania-restringe-uso-de-vacuna-de-astrazeneca-a-menores-de-60-anos\/#primaryimage"},"thumbnailUrl":"https:\/\/www.sonoraenequipo.com.mx\/storage\/2021\/03\/vacuna-de-astrazeneca-provoca-trombos_opt.jpg","articleSection":["Ciencia y Tecnolog\u00eda","MUNDO"],"inLanguage":"es","potentialAction":[{"@type":"CommentAction","name":"Comment","target":["https:\/\/www.sonoraenequipo.com.mx\/alemania-restringe-uso-de-vacuna-de-astrazeneca-a-menores-de-60-anos\/#respond"]}]},{"@type":"WebPage","@id":"https:\/\/www.sonoraenequipo.com.mx\/alemania-restringe-uso-de-vacuna-de-astrazeneca-a-menores-de-60-anos\/","url":"https:\/\/www.sonoraenequipo.com.mx\/alemania-restringe-uso-de-vacuna-de-astrazeneca-a-menores-de-60-anos\/","name":"Sonora en Equipo. Por qu\u00e9 produce Trombos la vacuna de AstraZeneca. \u00bfC\u00f3mo tratarla? MUNDO","isPartOf":{"@id":"https:\/\/www.sonoraenequipo.com.mx\/#website"},"primaryImageOfPage":{"@id":"https:\/\/www.sonoraenequipo.com.mx\/alemania-restringe-uso-de-vacuna-de-astrazeneca-a-menores-de-60-anos\/#primaryimage"},"image":{"@id":"https:\/\/www.sonoraenequipo.com.mx\/alemania-restringe-uso-de-vacuna-de-astrazeneca-a-menores-de-60-anos\/#primaryimage"},"thumbnailUrl":"https:\/\/www.sonoraenequipo.com.mx\/storage\/2021\/03\/vacuna-de-astrazeneca-provoca-trombos_opt.jpg","datePublished":"2021-03-31T13:10:27+00:00","dateModified":"2021-03-31T17:51:57+00:00","description":"ALEMANIA. \u2014 Alemania va a reservar el uso de la vacuna AstraZeneca a las personas mayores de 60 a\u00f1os despu\u00e9s de varios casos de formaci\u00f3n de co\u00e1gulos En Sonora en Equipo publicamos toda la informaci\u00f3n de Sonora, M\u00e9xico y el Mundo de manera oportuna y busca que la libertad de expresi\u00f3n sea real. Visita nuestro medio informativo publicado desde Hermosillo, Sonora. %","breadcrumb":{"@id":"https:\/\/www.sonoraenequipo.com.mx\/alemania-restringe-uso-de-vacuna-de-astrazeneca-a-menores-de-60-anos\/#breadcrumb"},"inLanguage":"es","potentialAction":[{"@type":"ReadAction","target":["https:\/\/www.sonoraenequipo.com.mx\/alemania-restringe-uso-de-vacuna-de-astrazeneca-a-menores-de-60-anos\/"]}]},{"@type":"ImageObject","inLanguage":"es","@id":"https:\/\/www.sonoraenequipo.com.mx\/alemania-restringe-uso-de-vacuna-de-astrazeneca-a-menores-de-60-anos\/#primaryimage","url":"https:\/\/www.sonoraenequipo.com.mx\/storage\/2021\/03\/vacuna-de-astrazeneca-provoca-trombos_opt.jpg","contentUrl":"https:\/\/www.sonoraenequipo.com.mx\/storage\/2021\/03\/vacuna-de-astrazeneca-provoca-trombos_opt.jpg","width":820,"height":500},{"@type":"BreadcrumbList","@id":"https:\/\/www.sonoraenequipo.com.mx\/alemania-restringe-uso-de-vacuna-de-astrazeneca-a-menores-de-60-anos\/#breadcrumb","itemListElement":[{"@type":"ListItem","position":1,"name":"Portada","item":"https:\/\/www.sonoraenequipo.com.mx\/"},{"@type":"ListItem","position":2,"name":"Por qu\u00e9 produce Trombos la vacuna de AstraZeneca. \u00bfC\u00f3mo tratarla?"}]},{"@type":"WebSite","@id":"https:\/\/www.sonoraenequipo.com.mx\/#website","url":"https:\/\/www.sonoraenequipo.com.mx\/","name":"Sonora en Equipo.","description":"Diario en l\u00ednea con Noticias desde Hermosillo, Sonora","publisher":{"@id":"https:\/\/www.sonoraenequipo.com.mx\/#organization"},"potentialAction":[{"@type":"SearchAction","target":{"@type":"EntryPoint","urlTemplate":"https:\/\/www.sonoraenequipo.com.mx\/?s={search_term_string}"},"query-input":{"@type":"PropertyValueSpecification","valueRequired":true,"valueName":"search_term_string"}}],"inLanguage":"es"},{"@type":"Organization","@id":"https:\/\/www.sonoraenequipo.com.mx\/#organization","name":"Sonoraenequipo.com.mx","url":"https:\/\/www.sonoraenequipo.com.mx\/","logo":{"@type":"ImageObject","inLanguage":"es","@id":"https:\/\/www.sonoraenequipo.com.mx\/#\/schema\/logo\/image\/","url":"https:\/\/www.sonoraenequipo.com.mx\/storage\/2019\/01\/sonoraenequipo_opt.png","contentUrl":"https:\/\/www.sonoraenequipo.com.mx\/storage\/2019\/01\/sonoraenequipo_opt.png","width":375,"height":125,"caption":"Sonoraenequipo.com.mx"},"image":{"@id":"https:\/\/www.sonoraenequipo.com.mx\/#\/schema\/logo\/image\/"},"sameAs":["https:\/\/www.facebook.com\/SonoraEE\/","https:\/\/x.com\/sonoraenequipo","https:\/\/www.youtube.com\/channel\/UC338nW-lPEYmJQs4ZABQ1SQ"]},{"@type":"Person","@id":"https:\/\/www.sonoraenequipo.com.mx\/#\/schema\/person\/50102df0fb23a8fa9e8effad8fa81386","name":"enequipo","image":{"@type":"ImageObject","inLanguage":"es","@id":"https:\/\/www.sonoraenequipo.com.mx\/#\/schema\/person\/image\/","url":"https:\/\/secure.gravatar.com\/avatar\/049821681b589dabc0bc20695993ccebb09f5b5d4d790cd9251b97faac7c652b?s=96&d=blank&r=g","contentUrl":"https:\/\/secure.gravatar.com\/avatar\/049821681b589dabc0bc20695993ccebb09f5b5d4d790cd9251b97faac7c652b?s=96&d=blank&r=g","caption":"enequipo"},"sameAs":["https:\/\/www.facebook.com\/SonoraEE"]}]}},"jetpack_featured_media_url":"https:\/\/www.sonoraenequipo.com.mx\/storage\/2021\/03\/vacuna-de-astrazeneca-provoca-trombos_opt.jpg","_links":{"self":[{"href":"https:\/\/www.sonoraenequipo.com.mx\/api\/wp\/v2\/posts\/110509","targetHints":{"allow":["GET"]}}],"collection":[{"href":"https:\/\/www.sonoraenequipo.com.mx\/api\/wp\/v2\/posts"}],"about":[{"href":"https:\/\/www.sonoraenequipo.com.mx\/api\/wp\/v2\/types\/post"}],"author":[{"embeddable":true,"href":"https:\/\/www.sonoraenequipo.com.mx\/api\/wp\/v2\/users\/1"}],"replies":[{"embeddable":true,"href":"https:\/\/www.sonoraenequipo.com.mx\/api\/wp\/v2\/comments?post=110509"}],"version-history":[{"count":3,"href":"https:\/\/www.sonoraenequipo.com.mx\/api\/wp\/v2\/posts\/110509\/revisions"}],"predecessor-version":[{"id":110537,"href":"https:\/\/www.sonoraenequipo.com.mx\/api\/wp\/v2\/posts\/110509\/revisions\/110537"}],"wp:featuredmedia":[{"embeddable":true,"href":"https:\/\/www.sonoraenequipo.com.mx\/api\/wp\/v2\/media\/110510"}],"wp:attachment":[{"href":"https:\/\/www.sonoraenequipo.com.mx\/api\/wp\/v2\/media?parent=110509"}],"wp:term":[{"taxonomy":"category","embeddable":true,"href":"https:\/\/www.sonoraenequipo.com.mx\/api\/wp\/v2\/categories?post=110509"},{"taxonomy":"post_tag","embeddable":true,"href":"https:\/\/www.sonoraenequipo.com.mx\/api\/wp\/v2\/tags?post=110509"}],"curies":[{"name":"wp","href":"https:\/\/api.w.org\/{rel}","templated":true}]}}