{"id":110762,"date":"2021-04-04T20:10:15","date_gmt":"2021-04-05T03:10:15","guid":{"rendered":"https:\/\/www.sonoraenequipo.com.mx\/?p=110762"},"modified":"2021-04-04T20:10:15","modified_gmt":"2021-04-05T03:10:15","slug":"mesa-ciudades-heroicas-que-dan-identidad-al-territorio-mexicano","status":"publish","type":"post","link":"https:\/\/www.sonoraenequipo.com.mx\/mesa-ciudades-heroicas-que-dan-identidad-al-territorio-mexicano\/","title":{"rendered":"Mesa \u201cCiudades Heroicas\u201d que dan identidad al territorio mexicano"},"content":{"rendered":"<p>HERMOSILLO, SONORA. MX. \u2014 La conmemoraci\u00f3n de los 164 a\u00f1os de la Gesta Heroica en Caborca, Sonora y de los 200 a\u00f1os de la culminaci\u00f3n de la Independencia de M\u00e9xico, enmarcan la Mesa \u201cCiudades Heroicas\u201d, impulsada por el Instituto Nacional de Antropolog\u00eda e Historia en Sonora y el H Ayuntamiento de Caborca, a realizarse el pr\u00f3ximo 6 de abril del presente, a las 17:00 horas de Sonora, con la participaci\u00f3n de don Samuel Hern\u00e1ndez Beltr\u00e1n, Cronista de Cuautla, Morelos, de la Mtra. Esperanza Donjuan, investigadora Centro INAH Sonora y el Lic. Luis Ernesto Castillo del Archivo Hist\u00f3rico de Caborca.<\/p>\n<p>&nbsp;<\/p>\n<p> <\/p>\n<p>&nbsp;<\/p>\n<p>Esta mesa virtual pretende llevar a cabo la divulgaci\u00f3n amplia, sobre la importancia que tienen las ciudades heroicas como Caborca y Guaymas en Sonora, as\u00ed como de Cuautla, Morelos, para promover el rescate y la difusi\u00f3n del haber hist\u00f3rico, conocer algunas historias orales y documentales, impulsar su reconocimiento ante la ciudadan\u00eda, sus actos y luchas que hoy dan identidad y pertenencia.<\/p>\n<p>&nbsp;<\/p>\n<p><em><img loading=\"lazy\" decoding=\"async\" class=\"size-medium  x-left\" src=\"https:\/\/www.sonoraenequipo.com.mx\/storage\/2021\/04\/primer-nave-aeronaval-de-combate-en-Mexico_-AvionSonora_INAH_opt-680x342.jpg\" alt=\"\" width=\"680\" height=\"342\" \/>\u201cLas ciudades heroicas se denominan fundamentalmente por sucesos importantes, como son la defensa de la soberan\u00eda nacional ante el peligro de una intervenci\u00f3n extranjera, que resistieron y que se destacaron por hechos que marcan la historia de cada pueblo, ciudad o de M\u00e9xico\u201d,<\/em> es como lo define el Antrop. Jos\u00e9 Luis Perea Gonz\u00e1lez, director del Centro INAH Sonora y qui\u00e9n ser\u00e1 el moderador de la mesa.<\/p>\n<p>&nbsp;<\/p>\n<p>&nbsp;<\/p>\n<p><em>\u201cA 209 a\u00f1os, se sigue recordando una de las batallas m\u00e1s importantes en la lucha por la Independencia de M\u00e9xico, el asalto y sitio de Cuautla por el general Jos\u00e9 Ma. Morelos y Pav\u00f3n, suscitada el 19 de febrero de 1812, que ha dejado a los mexicanos con un esp\u00edritu de lucha, patri\u00f3tico y c\u00edvico, con un poder de resistencia heroica ante los extranjeros realistas\u201d<\/em>, mencion\u00f3 don Samuel Hern\u00e1ndez que abrir\u00e1 la mesa con este tema.<\/p>\n<p>&nbsp;<\/p>\n<p>&nbsp;<\/p>\n<p>Por su parte la Mtra. Esperanza Donjuan Espinoza, participar\u00e1 con el tema el <em>\u201cAvi\u00f3n Sonora\u201d,<\/em> biplano adquirido en los Estados Unidos por los revolucionarios sonorenses para hacer frente a las fuerzas federales al mando de Victoriano Huerta en 1913.<\/p>\n<p>&nbsp;<\/p>\n<p>&nbsp;<\/p>\n<p><img loading=\"lazy\" decoding=\"async\" class=\"size-medium  x-right\" src=\"https:\/\/www.sonoraenequipo.com.mx\/storage\/2021\/04\/Mision-de-la-Purisima-Concepcion-de-Caborca_-INAH_opt-486x365.jpg\" alt=\"\" width=\"486\" height=\"365\" \/>Otra de las ciudades heroicas estar\u00e1 abordada por el Lic. Luis Ernesto Castillo, qui\u00e9n narrar\u00e1 algunos de los hechos m\u00e1s relevantes de mediados del siglo XIX, la defensa de Pueblo Viejo de Caborca, batalla que, entre los habitantes, soldados y la tribu tohono o\u00b4odham, lograron salvaguardar la soberan\u00eda nacional, ante un grupo de filibusteros norteamericanos capitaneados por Henry A. Crabb, que pretend\u00edan colonizar por las fuerzas de las armas esta regi\u00f3n.<\/p>\n<p>&nbsp;<\/p>\n<p>&nbsp;<\/p>\n<p>Estos hechos ser\u00e1n expuestos por especialistas, como una oportunidad de conocerlos a trav\u00e9s del rescate hist\u00f3rico, los estudios que se han realizado en torno a ellos, as\u00ed como de evitar que se pierdan importantes textos y testimonios de personajes hist\u00f3ricos, que alimentan,fortalecen y dan sentido de pertenencia de cada ciudad y las ra\u00edces como mexicanos.<\/p>\n<p>&nbsp;<\/p>\n<p>&nbsp;<\/p>\n<p>La mesa estar\u00e1 dirigida a un p\u00fablico amplio, que podr\u00e1 conectarse v\u00eda Zoom ID: 897 8295 9450 o por la fan page de Facebook: @Antropolog\u00eda e Historia en Sonora, el pr\u00f3ximo 6 de abril, a las 17 horas de Sonora.<\/p>\n<p>&nbsp;<\/p>\n<p>(Publicada el 04\/04\/2021)<\/p>\n","protected":false},"excerpt":{"rendered":"<p>HERMOSILLO, SONORA. MX. \u2014 La conmemoraci\u00f3n de los 164 a\u00f1os de la Gesta Heroica en&#8230;<\/p>\n","protected":false},"author":1,"featured_media":110766,"comment_status":"open","ping_status":"open","sticky":false,"template":"","format":"standard","meta":{"_monsterinsights_skip_tracking":false,"_monsterinsights_sitenote_active":false,"_monsterinsights_sitenote_note":"","_monsterinsights_sitenote_category":0,"footnotes":""},"categories":[22],"tags":[],"class_list":["post"],"yoast_head":" \n<title>Sonora en Equipo. Mesa \u201cCiudades Heroicas\u201d que dan identidad al territorio mexicano Sonora<\/title>\n<meta name=\"description\" content=\"HERMOSILLO, SONORA. MX. \u2014 La conmemoraci\u00f3n de los 164 a\u00f1os de la Gesta Heroica en Caborca, Sonora y de los 200 a\u00f1os de la culminaci\u00f3n de la Independencia En Sonora en Equipo publicamos toda la informaci\u00f3n de Sonora, M\u00e9xico y el Mundo de manera oportuna y busca que la libertad de expresi\u00f3n sea real. Visita nuestro medio informativo publicado desde Hermosillo, Sonora. %\" \/>\n<meta name=\"robots\" content=\"index, follow, max-snippet:-1, max-image-preview:large, max-video-preview:-1\" \/>\n<link rel=\"canonical\" href=\"https:\/\/www.sonoraenequipo.com.mx\/mesa-ciudades-heroicas-que-dan-identidad-al-territorio-mexicano\/\" \/>\n<meta property=\"og:locale\" content=\"es_ES\" \/>\n<meta property=\"og:type\" content=\"article\" \/>\n<meta property=\"og:title\" content=\"Sonora en Equipo. Mesa \u201cCiudades Heroicas\u201d que dan identidad al territorio mexicano Sonora\" \/>\n<meta property=\"og:description\" content=\"HERMOSILLO, SONORA. MX. \u2014 La conmemoraci\u00f3n de los 164 a\u00f1os de la Gesta Heroica en Caborca, Sonora y de los 200 a\u00f1os de la culminaci\u00f3n de la Independencia En Sonora en Equipo publicamos toda la informaci\u00f3n de Sonora, M\u00e9xico y el Mundo de manera oportuna y busca que la libertad de expresi\u00f3n sea real. Visita nuestro medio informativo publicado desde Hermosillo, Sonora. %\" \/>\n<meta property=\"og:url\" content=\"https:\/\/www.sonoraenequipo.com.mx\/mesa-ciudades-heroicas-que-dan-identidad-al-territorio-mexicano\/\" \/>\n<meta property=\"og:site_name\" content=\"Sonora en Equipo.\" \/>\n<meta property=\"article:publisher\" content=\"https:\/\/www.facebook.com\/SonoraEE\/\" \/>\n<meta property=\"article:author\" content=\"https:\/\/www.facebook.com\/SonoraEE\" \/>\n<meta property=\"article:published_time\" content=\"2021-04-05T03:10:15+00:00\" \/>\n<meta property=\"og:image\" content=\"https:\/\/www.sonoraenequipo.com.mx\/storage\/2021\/04\/Programa_Mesa-CiudadesHeroicas_INAH_Caborca_opt1.jpg\" \/>\n\t<meta property=\"og:image:width\" content=\"711\" \/>\n\t<meta property=\"og:image:height\" content=\"400\" \/>\n\t<meta property=\"og:image:type\" content=\"image\/jpeg\" \/>\n<meta name=\"author\" content=\"enequipo\" \/>\n<meta name=\"twitter:card\" content=\"summary_large_image\" \/>\n<meta name=\"twitter:creator\" content=\"@sonoraenequipo\" \/>\n<meta name=\"twitter:site\" content=\"@sonoraenequipo\" \/>\n<meta name=\"twitter:label1\" content=\"Escrito por\" \/>\n\t<meta name=\"twitter:data1\" content=\"enequipo\" \/>\n\t<meta name=\"twitter:label2\" content=\"Tiempo de lectura\" \/>\n\t<meta name=\"twitter:data2\" content=\"3 minutos\" \/>\n<script type=\"application\/ld+json\" class=\"yoast-schema-graph\">{\"@context\":\"https:\/\/schema.org\",\"@graph\":[{\"@type\":\"Article\",\"@id\":\"https:\/\/www.sonoraenequipo.com.mx\/mesa-ciudades-heroicas-que-dan-identidad-al-territorio-mexicano\/#article\",\"isPartOf\":{\"@id\":\"https:\/\/www.sonoraenequipo.com.mx\/mesa-ciudades-heroicas-que-dan-identidad-al-territorio-mexicano\/\"},\"author\":{\"name\":\"enequipo\",\"@id\":\"https:\/\/www.sonoraenequipo.com.mx\/#\/schema\/person\/50102df0fb23a8fa9e8effad8fa81386\"},\"headline\":\"Mesa \u201cCiudades Heroicas\u201d que dan identidad al territorio mexicano\",\"datePublished\":\"2021-04-05T03:10:15+00:00\",\"mainEntityOfPage\":{\"@id\":\"https:\/\/www.sonoraenequipo.com.mx\/mesa-ciudades-heroicas-que-dan-identidad-al-territorio-mexicano\/\"},\"wordCount\":563,\"commentCount\":0,\"publisher\":{\"@id\":\"https:\/\/www.sonoraenequipo.com.mx\/#organization\"},\"image\":{\"@id\":\"https:\/\/www.sonoraenequipo.com.mx\/mesa-ciudades-heroicas-que-dan-identidad-al-territorio-mexicano\/#primaryimage\"},\"thumbnailUrl\":\"https:\/\/www.sonoraenequipo.com.mx\/storage\/2021\/04\/Programa_Mesa-CiudadesHeroicas_INAH_Caborca_opt1.jpg\",\"articleSection\":[\"Sonora\"],\"inLanguage\":\"es\",\"potentialAction\":[{\"@type\":\"CommentAction\",\"name\":\"Comment\",\"target\":[\"https:\/\/www.sonoraenequipo.com.mx\/mesa-ciudades-heroicas-que-dan-identidad-al-territorio-mexicano\/#respond\"]}]},{\"@type\":\"WebPage\",\"@id\":\"https:\/\/www.sonoraenequipo.com.mx\/mesa-ciudades-heroicas-que-dan-identidad-al-territorio-mexicano\/\",\"url\":\"https:\/\/www.sonoraenequipo.com.mx\/mesa-ciudades-heroicas-que-dan-identidad-al-territorio-mexicano\/\",\"name\":\"Sonora en Equipo. Mesa \u201cCiudades Heroicas\u201d que dan identidad al territorio mexicano Sonora\",\"isPartOf\":{\"@id\":\"https:\/\/www.sonoraenequipo.com.mx\/#website\"},\"primaryImageOfPage\":{\"@id\":\"https:\/\/www.sonoraenequipo.com.mx\/mesa-ciudades-heroicas-que-dan-identidad-al-territorio-mexicano\/#primaryimage\"},\"image\":{\"@id\":\"https:\/\/www.sonoraenequipo.com.mx\/mesa-ciudades-heroicas-que-dan-identidad-al-territorio-mexicano\/#primaryimage\"},\"thumbnailUrl\":\"https:\/\/www.sonoraenequipo.com.mx\/storage\/2021\/04\/Programa_Mesa-CiudadesHeroicas_INAH_Caborca_opt1.jpg\",\"datePublished\":\"2021-04-05T03:10:15+00:00\",\"description\":\"HERMOSILLO, SONORA. MX. \u2014 La conmemoraci\u00f3n de los 164 a\u00f1os de la Gesta Heroica en Caborca, Sonora y de los 200 a\u00f1os de la culminaci\u00f3n de la Independencia En Sonora en Equipo publicamos toda la informaci\u00f3n de Sonora, M\u00e9xico y el Mundo de manera oportuna y busca que la libertad de expresi\u00f3n sea real. Visita nuestro medio informativo publicado desde Hermosillo, Sonora. %\",\"breadcrumb\":{\"@id\":\"https:\/\/www.sonoraenequipo.com.mx\/mesa-ciudades-heroicas-que-dan-identidad-al-territorio-mexicano\/#breadcrumb\"},\"inLanguage\":\"es\",\"potentialAction\":[{\"@type\":\"ReadAction\",\"target\":[\"https:\/\/www.sonoraenequipo.com.mx\/mesa-ciudades-heroicas-que-dan-identidad-al-territorio-mexicano\/\"]}]},{\"@type\":\"ImageObject\",\"inLanguage\":\"es\",\"@id\":\"https:\/\/www.sonoraenequipo.com.mx\/mesa-ciudades-heroicas-que-dan-identidad-al-territorio-mexicano\/#primaryimage\",\"url\":\"https:\/\/www.sonoraenequipo.com.mx\/storage\/2021\/04\/Programa_Mesa-CiudadesHeroicas_INAH_Caborca_opt1.jpg\",\"contentUrl\":\"https:\/\/www.sonoraenequipo.com.mx\/storage\/2021\/04\/Programa_Mesa-CiudadesHeroicas_INAH_Caborca_opt1.jpg\",\"width\":711,\"height\":400},{\"@type\":\"BreadcrumbList\",\"@id\":\"https:\/\/www.sonoraenequipo.com.mx\/mesa-ciudades-heroicas-que-dan-identidad-al-territorio-mexicano\/#breadcrumb\",\"itemListElement\":[{\"@type\":\"ListItem\",\"position\":1,\"name\":\"Portada\",\"item\":\"https:\/\/www.sonoraenequipo.com.mx\/\"},{\"@type\":\"ListItem\",\"position\":2,\"name\":\"Mesa \u201cCiudades Heroicas\u201d que dan identidad al territorio mexicano\"}]},{\"@type\":\"WebSite\",\"@id\":\"https:\/\/www.sonoraenequipo.com.mx\/#website\",\"url\":\"https:\/\/www.sonoraenequipo.com.mx\/\",\"name\":\"Sonora en Equipo.\",\"description\":\"Diario en l\u00ednea con Noticias desde Hermosillo, Sonora\",\"publisher\":{\"@id\":\"https:\/\/www.sonoraenequipo.com.mx\/#organization\"},\"potentialAction\":[{\"@type\":\"SearchAction\",\"target\":{\"@type\":\"EntryPoint\",\"urlTemplate\":\"https:\/\/www.sonoraenequipo.com.mx\/?s={search_term_string}\"},\"query-input\":{\"@type\":\"PropertyValueSpecification\",\"valueRequired\":true,\"valueName\":\"search_term_string\"}}],\"inLanguage\":\"es\"},{\"@type\":\"Organization\",\"@id\":\"https:\/\/www.sonoraenequipo.com.mx\/#organization\",\"name\":\"Sonoraenequipo.com.mx\",\"url\":\"https:\/\/www.sonoraenequipo.com.mx\/\",\"logo\":{\"@type\":\"ImageObject\",\"inLanguage\":\"es\",\"@id\":\"https:\/\/www.sonoraenequipo.com.mx\/#\/schema\/logo\/image\/\",\"url\":\"https:\/\/www.sonoraenequipo.com.mx\/storage\/2019\/01\/sonoraenequipo_opt.png\",\"contentUrl\":\"https:\/\/www.sonoraenequipo.com.mx\/storage\/2019\/01\/sonoraenequipo_opt.png\",\"width\":375,\"height\":125,\"caption\":\"Sonoraenequipo.com.mx\"},\"image\":{\"@id\":\"https:\/\/www.sonoraenequipo.com.mx\/#\/schema\/logo\/image\/\"},\"sameAs\":[\"https:\/\/www.facebook.com\/SonoraEE\/\",\"https:\/\/x.com\/sonoraenequipo\",\"https:\/\/www.youtube.com\/channel\/UC338nW-lPEYmJQs4ZABQ1SQ\"]},{\"@type\":\"Person\",\"@id\":\"https:\/\/www.sonoraenequipo.com.mx\/#\/schema\/person\/50102df0fb23a8fa9e8effad8fa81386\",\"name\":\"enequipo\",\"image\":{\"@type\":\"ImageObject\",\"inLanguage\":\"es\",\"@id\":\"https:\/\/www.sonoraenequipo.com.mx\/#\/schema\/person\/image\/\",\"url\":\"https:\/\/secure.gravatar.com\/avatar\/049821681b589dabc0bc20695993ccebb09f5b5d4d790cd9251b97faac7c652b?s=96&d=blank&r=g\",\"contentUrl\":\"https:\/\/secure.gravatar.com\/avatar\/049821681b589dabc0bc20695993ccebb09f5b5d4d790cd9251b97faac7c652b?s=96&d=blank&r=g\",\"caption\":\"enequipo\"},\"sameAs\":[\"https:\/\/www.facebook.com\/SonoraEE\"]}]}<\/script>\n ","yoast_head_json":{"title":"Sonora en Equipo. Mesa \u201cCiudades Heroicas\u201d que dan identidad al territorio mexicano Sonora","description":"HERMOSILLO, SONORA. MX. \u2014 La conmemoraci\u00f3n de los 164 a\u00f1os de la Gesta Heroica en Caborca, Sonora y de los 200 a\u00f1os de la culminaci\u00f3n de la Independencia En Sonora en Equipo publicamos toda la informaci\u00f3n de Sonora, M\u00e9xico y el Mundo de manera oportuna y busca que la libertad de expresi\u00f3n sea real. Visita nuestro medio informativo publicado desde Hermosillo, Sonora. %","robots":{"index":"index","follow":"follow","max-snippet":"max-snippet:-1","max-image-preview":"max-image-preview:large","max-video-preview":"max-video-preview:-1"},"canonical":"https:\/\/www.sonoraenequipo.com.mx\/mesa-ciudades-heroicas-que-dan-identidad-al-territorio-mexicano\/","og_locale":"es_ES","og_type":"article","og_title":"Sonora en Equipo. Mesa \u201cCiudades Heroicas\u201d que dan identidad al territorio mexicano Sonora","og_description":"HERMOSILLO, SONORA. MX. \u2014 La conmemoraci\u00f3n de los 164 a\u00f1os de la Gesta Heroica en Caborca, Sonora y de los 200 a\u00f1os de la culminaci\u00f3n de la Independencia En Sonora en Equipo publicamos toda la informaci\u00f3n de Sonora, M\u00e9xico y el Mundo de manera oportuna y busca que la libertad de expresi\u00f3n sea real. Visita nuestro medio informativo publicado desde Hermosillo, Sonora. %","og_url":"https:\/\/www.sonoraenequipo.com.mx\/mesa-ciudades-heroicas-que-dan-identidad-al-territorio-mexicano\/","og_site_name":"Sonora en Equipo.","article_publisher":"https:\/\/www.facebook.com\/SonoraEE\/","article_author":"https:\/\/www.facebook.com\/SonoraEE","article_published_time":"2021-04-05T03:10:15+00:00","og_image":[{"width":711,"height":400,"url":"https:\/\/www.sonoraenequipo.com.mx\/storage\/2021\/04\/Programa_Mesa-CiudadesHeroicas_INAH_Caborca_opt1.jpg","type":"image\/jpeg"}],"author":"enequipo","twitter_card":"summary_large_image","twitter_creator":"@sonoraenequipo","twitter_site":"@sonoraenequipo","twitter_misc":{"Escrito por":"enequipo","Tiempo de lectura":"3 minutos"},"schema":{"@context":"https:\/\/schema.org","@graph":[{"@type":"Article","@id":"https:\/\/www.sonoraenequipo.com.mx\/mesa-ciudades-heroicas-que-dan-identidad-al-territorio-mexicano\/#article","isPartOf":{"@id":"https:\/\/www.sonoraenequipo.com.mx\/mesa-ciudades-heroicas-que-dan-identidad-al-territorio-mexicano\/"},"author":{"name":"enequipo","@id":"https:\/\/www.sonoraenequipo.com.mx\/#\/schema\/person\/50102df0fb23a8fa9e8effad8fa81386"},"headline":"Mesa \u201cCiudades Heroicas\u201d que dan identidad al territorio mexicano","datePublished":"2021-04-05T03:10:15+00:00","mainEntityOfPage":{"@id":"https:\/\/www.sonoraenequipo.com.mx\/mesa-ciudades-heroicas-que-dan-identidad-al-territorio-mexicano\/"},"wordCount":563,"commentCount":0,"publisher":{"@id":"https:\/\/www.sonoraenequipo.com.mx\/#organization"},"image":{"@id":"https:\/\/www.sonoraenequipo.com.mx\/mesa-ciudades-heroicas-que-dan-identidad-al-territorio-mexicano\/#primaryimage"},"thumbnailUrl":"https:\/\/www.sonoraenequipo.com.mx\/storage\/2021\/04\/Programa_Mesa-CiudadesHeroicas_INAH_Caborca_opt1.jpg","articleSection":["Sonora"],"inLanguage":"es","potentialAction":[{"@type":"CommentAction","name":"Comment","target":["https:\/\/www.sonoraenequipo.com.mx\/mesa-ciudades-heroicas-que-dan-identidad-al-territorio-mexicano\/#respond"]}]},{"@type":"WebPage","@id":"https:\/\/www.sonoraenequipo.com.mx\/mesa-ciudades-heroicas-que-dan-identidad-al-territorio-mexicano\/","url":"https:\/\/www.sonoraenequipo.com.mx\/mesa-ciudades-heroicas-que-dan-identidad-al-territorio-mexicano\/","name":"Sonora en Equipo. Mesa \u201cCiudades Heroicas\u201d que dan identidad al territorio mexicano Sonora","isPartOf":{"@id":"https:\/\/www.sonoraenequipo.com.mx\/#website"},"primaryImageOfPage":{"@id":"https:\/\/www.sonoraenequipo.com.mx\/mesa-ciudades-heroicas-que-dan-identidad-al-territorio-mexicano\/#primaryimage"},"image":{"@id":"https:\/\/www.sonoraenequipo.com.mx\/mesa-ciudades-heroicas-que-dan-identidad-al-territorio-mexicano\/#primaryimage"},"thumbnailUrl":"https:\/\/www.sonoraenequipo.com.mx\/storage\/2021\/04\/Programa_Mesa-CiudadesHeroicas_INAH_Caborca_opt1.jpg","datePublished":"2021-04-05T03:10:15+00:00","description":"HERMOSILLO, SONORA. MX. \u2014 La conmemoraci\u00f3n de los 164 a\u00f1os de la Gesta Heroica en Caborca, Sonora y de los 200 a\u00f1os de la culminaci\u00f3n de la Independencia En Sonora en Equipo publicamos toda la informaci\u00f3n de Sonora, M\u00e9xico y el Mundo de manera oportuna y busca que la libertad de expresi\u00f3n sea real. Visita nuestro medio informativo publicado desde Hermosillo, Sonora. %","breadcrumb":{"@id":"https:\/\/www.sonoraenequipo.com.mx\/mesa-ciudades-heroicas-que-dan-identidad-al-territorio-mexicano\/#breadcrumb"},"inLanguage":"es","potentialAction":[{"@type":"ReadAction","target":["https:\/\/www.sonoraenequipo.com.mx\/mesa-ciudades-heroicas-que-dan-identidad-al-territorio-mexicano\/"]}]},{"@type":"ImageObject","inLanguage":"es","@id":"https:\/\/www.sonoraenequipo.com.mx\/mesa-ciudades-heroicas-que-dan-identidad-al-territorio-mexicano\/#primaryimage","url":"https:\/\/www.sonoraenequipo.com.mx\/storage\/2021\/04\/Programa_Mesa-CiudadesHeroicas_INAH_Caborca_opt1.jpg","contentUrl":"https:\/\/www.sonoraenequipo.com.mx\/storage\/2021\/04\/Programa_Mesa-CiudadesHeroicas_INAH_Caborca_opt1.jpg","width":711,"height":400},{"@type":"BreadcrumbList","@id":"https:\/\/www.sonoraenequipo.com.mx\/mesa-ciudades-heroicas-que-dan-identidad-al-territorio-mexicano\/#breadcrumb","itemListElement":[{"@type":"ListItem","position":1,"name":"Portada","item":"https:\/\/www.sonoraenequipo.com.mx\/"},{"@type":"ListItem","position":2,"name":"Mesa \u201cCiudades Heroicas\u201d que dan identidad al territorio mexicano"}]},{"@type":"WebSite","@id":"https:\/\/www.sonoraenequipo.com.mx\/#website","url":"https:\/\/www.sonoraenequipo.com.mx\/","name":"Sonora en Equipo.","description":"Diario en l\u00ednea con Noticias desde Hermosillo, Sonora","publisher":{"@id":"https:\/\/www.sonoraenequipo.com.mx\/#organization"},"potentialAction":[{"@type":"SearchAction","target":{"@type":"EntryPoint","urlTemplate":"https:\/\/www.sonoraenequipo.com.mx\/?s={search_term_string}"},"query-input":{"@type":"PropertyValueSpecification","valueRequired":true,"valueName":"search_term_string"}}],"inLanguage":"es"},{"@type":"Organization","@id":"https:\/\/www.sonoraenequipo.com.mx\/#organization","name":"Sonoraenequipo.com.mx","url":"https:\/\/www.sonoraenequipo.com.mx\/","logo":{"@type":"ImageObject","inLanguage":"es","@id":"https:\/\/www.sonoraenequipo.com.mx\/#\/schema\/logo\/image\/","url":"https:\/\/www.sonoraenequipo.com.mx\/storage\/2019\/01\/sonoraenequipo_opt.png","contentUrl":"https:\/\/www.sonoraenequipo.com.mx\/storage\/2019\/01\/sonoraenequipo_opt.png","width":375,"height":125,"caption":"Sonoraenequipo.com.mx"},"image":{"@id":"https:\/\/www.sonoraenequipo.com.mx\/#\/schema\/logo\/image\/"},"sameAs":["https:\/\/www.facebook.com\/SonoraEE\/","https:\/\/x.com\/sonoraenequipo","https:\/\/www.youtube.com\/channel\/UC338nW-lPEYmJQs4ZABQ1SQ"]},{"@type":"Person","@id":"https:\/\/www.sonoraenequipo.com.mx\/#\/schema\/person\/50102df0fb23a8fa9e8effad8fa81386","name":"enequipo","image":{"@type":"ImageObject","inLanguage":"es","@id":"https:\/\/www.sonoraenequipo.com.mx\/#\/schema\/person\/image\/","url":"https:\/\/secure.gravatar.com\/avatar\/049821681b589dabc0bc20695993ccebb09f5b5d4d790cd9251b97faac7c652b?s=96&d=blank&r=g","contentUrl":"https:\/\/secure.gravatar.com\/avatar\/049821681b589dabc0bc20695993ccebb09f5b5d4d790cd9251b97faac7c652b?s=96&d=blank&r=g","caption":"enequipo"},"sameAs":["https:\/\/www.facebook.com\/SonoraEE"]}]}},"jetpack_featured_media_url":"https:\/\/www.sonoraenequipo.com.mx\/storage\/2021\/04\/Programa_Mesa-CiudadesHeroicas_INAH_Caborca_opt1.jpg","_links":{"self":[{"href":"https:\/\/www.sonoraenequipo.com.mx\/api\/wp\/v2\/posts\/110762","targetHints":{"allow":["GET"]}}],"collection":[{"href":"https:\/\/www.sonoraenequipo.com.mx\/api\/wp\/v2\/posts"}],"about":[{"href":"https:\/\/www.sonoraenequipo.com.mx\/api\/wp\/v2\/types\/post"}],"author":[{"embeddable":true,"href":"https:\/\/www.sonoraenequipo.com.mx\/api\/wp\/v2\/users\/1"}],"replies":[{"embeddable":true,"href":"https:\/\/www.sonoraenequipo.com.mx\/api\/wp\/v2\/comments?post=110762"}],"version-history":[{"count":1,"href":"https:\/\/www.sonoraenequipo.com.mx\/api\/wp\/v2\/posts\/110762\/revisions"}],"predecessor-version":[{"id":110767,"href":"https:\/\/www.sonoraenequipo.com.mx\/api\/wp\/v2\/posts\/110762\/revisions\/110767"}],"wp:featuredmedia":[{"embeddable":true,"href":"https:\/\/www.sonoraenequipo.com.mx\/api\/wp\/v2\/media\/110766"}],"wp:attachment":[{"href":"https:\/\/www.sonoraenequipo.com.mx\/api\/wp\/v2\/media?parent=110762"}],"wp:term":[{"taxonomy":"category","embeddable":true,"href":"https:\/\/www.sonoraenequipo.com.mx\/api\/wp\/v2\/categories?post=110762"},{"taxonomy":"post_tag","embeddable":true,"href":"https:\/\/www.sonoraenequipo.com.mx\/api\/wp\/v2\/tags?post=110762"}],"curies":[{"name":"wp","href":"https:\/\/api.w.org\/{rel}","templated":true}]}}