{"id":110831,"date":"2021-04-05T22:45:16","date_gmt":"2021-04-06T05:45:16","guid":{"rendered":"https:\/\/www.sonoraenequipo.com.mx\/?p=110831"},"modified":"2021-04-05T21:35:13","modified_gmt":"2021-04-06T04:35:13","slug":"prioritario-y-estrategico-atender-el-medio-ambiente-alfonso-durazo","status":"publish","type":"post","link":"https:\/\/www.sonoraenequipo.com.mx\/prioritario-y-estrategico-atender-el-medio-ambiente-alfonso-durazo\/","title":{"rendered":"Prioritario y estrat\u00e9gico atender el medio ambiente: Alfonso Durazo"},"content":{"rendered":"<p>HERMOSILLO, SONORA. MX.\u2014 El cuidado del medio ambiente cobrar\u00e1 igual relevancia que otros temas, como el econ\u00f3mico, asegur\u00f3 Alfonso Durazo Monta\u00f1o en reuni\u00f3n con ambientalistas.<\/p>\n<p>&nbsp;<\/p>\n<p> <\/p>\n<p>&nbsp;<\/p>\n<p>El abanderado de la candidatura com\u00fan \u00ab<em>Juntos haremos historia en Sonora\u00bb,<\/em> que integra Morena, PT, Verde Ecologista y Nueva Alianza Sonora, lament\u00f3 que la problem\u00e1tica no figure como prioridad en las agendas de sus adversarios a la gubernatura.<\/p>\n<p>&nbsp;<\/p>\n<p><em>\u00abHay que darle al tema ambiental la misma relevancia que el tema del relanzamiento econ\u00f3mico del estado, que al tema de la econom\u00eda, que al tema de la salud. En estricto rigor ese es el espacio que le corresponde, pero sabemos que eso no es as\u00ed\u00bb<\/em>, expuso el candidato.<\/p>\n<p>&nbsp;<\/p>\n<p>Durazo Monta\u00f1o reiter\u00f3 sus propuestas medioambientales para las diferentes regiones del estado, como la reforestaci\u00f3n de la ribera del r\u00edo Mayo en Navojoa, la rehabilitaci\u00f3n de las redes de abasto de agua, la promoci\u00f3n de la energ\u00eda solar y la iniciativa de una Ciudad Universitaria en Cajeme para impulsar la movilidad en bicicleta.<\/p>\n<p>&nbsp;<\/p>\n<p>Record\u00f3 tambi\u00e9n la propuesta de crear veterinarias p\u00fablicas, dar prioridad a la adopci\u00f3n de mascotas, el rescate de la Comisi\u00f3n de Ecolog\u00eda y Medio Ambiente estatal, y fomentar los huertos urbanos, entre algunas de las pol\u00edticas para promover la cultura de respeto al medio ambiente en el gobierno de la Cuarta Transformaci\u00f3n.<\/p>\n<p>&nbsp;<\/p>\n<p>El candidato a gobernador se comprometi\u00f3 con los integrantes del movimiento Ciudadan\u00eda Activa a que no se vender\u00e1n los pulmones del estado.<\/p>\n<p>&nbsp;<\/p>\n<p>(Publicada el 05\/04\/2021)<\/p>\n","protected":false},"excerpt":{"rendered":"<p>HERMOSILLO, SONORA. MX.\u2014 El cuidado del medio ambiente cobrar\u00e1 igual relevancia que otros temas, como&#8230;<\/p>\n","protected":false},"author":1,"featured_media":110832,"comment_status":"open","ping_status":"open","sticky":false,"template":"","format":"standard","meta":{"_monsterinsights_skip_tracking":false,"_monsterinsights_sitenote_active":false,"_monsterinsights_sitenote_note":"","_monsterinsights_sitenote_category":0,"footnotes":""},"categories":[8],"tags":[],"class_list":["post"],"yoast_head":" \n<title>Sonora en Equipo. Prioritario y estrat\u00e9gico atender el medio ambiente: Alfonso Durazo LA ELECCION 2024<\/title>\n<meta name=\"description\" content=\"HERMOSILLO, SONORA. MX.\u2014 El cuidado del medio ambiente cobrar\u00e1 igual relevancia que otros temas, como el econ\u00f3mico, asegur\u00f3 Alfonso Durazo Monta\u00f1o en En Sonora en Equipo publicamos toda la informaci\u00f3n de Sonora, M\u00e9xico y el Mundo de manera oportuna y busca que la libertad de expresi\u00f3n sea real. Visita nuestro medio informativo publicado desde Hermosillo, Sonora. %\" \/>\n<meta name=\"robots\" content=\"index, follow, max-snippet:-1, max-image-preview:large, max-video-preview:-1\" \/>\n<link rel=\"canonical\" href=\"https:\/\/www.sonoraenequipo.com.mx\/prioritario-y-estrategico-atender-el-medio-ambiente-alfonso-durazo\/\" \/>\n<meta property=\"og:locale\" content=\"es_ES\" \/>\n<meta property=\"og:type\" content=\"article\" \/>\n<meta property=\"og:title\" content=\"Sonora en Equipo. Prioritario y estrat\u00e9gico atender el medio ambiente: Alfonso Durazo LA ELECCION 2024\" \/>\n<meta property=\"og:description\" content=\"HERMOSILLO, SONORA. MX.\u2014 El cuidado del medio ambiente cobrar\u00e1 igual relevancia que otros temas, como el econ\u00f3mico, asegur\u00f3 Alfonso Durazo Monta\u00f1o en En Sonora en Equipo publicamos toda la informaci\u00f3n de Sonora, M\u00e9xico y el Mundo de manera oportuna y busca que la libertad de expresi\u00f3n sea real. Visita nuestro medio informativo publicado desde Hermosillo, Sonora. %\" \/>\n<meta property=\"og:url\" content=\"https:\/\/www.sonoraenequipo.com.mx\/prioritario-y-estrategico-atender-el-medio-ambiente-alfonso-durazo\/\" \/>\n<meta property=\"og:site_name\" content=\"Sonora en Equipo.\" \/>\n<meta property=\"article:publisher\" content=\"https:\/\/www.facebook.com\/SonoraEE\/\" \/>\n<meta property=\"article:author\" content=\"https:\/\/www.facebook.com\/SonoraEE\" \/>\n<meta property=\"article:published_time\" content=\"2021-04-06T05:45:16+00:00\" \/>\n<meta property=\"og:image\" content=\"https:\/\/www.sonoraenequipo.com.mx\/storage\/2021\/04\/Alfonso-Durazo-0504_opt.jpg\" \/>\n\t<meta property=\"og:image:width\" content=\"708\" \/>\n\t<meta property=\"og:image:height\" content=\"400\" \/>\n\t<meta property=\"og:image:type\" content=\"image\/jpeg\" \/>\n<meta name=\"author\" content=\"enequipo\" \/>\n<meta name=\"twitter:card\" content=\"summary_large_image\" \/>\n<meta name=\"twitter:creator\" content=\"@sonoraenequipo\" \/>\n<meta name=\"twitter:site\" content=\"@sonoraenequipo\" \/>\n<meta name=\"twitter:label1\" content=\"Escrito por\" \/>\n\t<meta name=\"twitter:data1\" content=\"enequipo\" \/>\n\t<meta name=\"twitter:label2\" content=\"Tiempo de lectura\" \/>\n\t<meta name=\"twitter:data2\" content=\"2 minutos\" \/>\n<script type=\"application\/ld+json\" class=\"yoast-schema-graph\">{\"@context\":\"https:\/\/schema.org\",\"@graph\":[{\"@type\":\"Article\",\"@id\":\"https:\/\/www.sonoraenequipo.com.mx\/prioritario-y-estrategico-atender-el-medio-ambiente-alfonso-durazo\/#article\",\"isPartOf\":{\"@id\":\"https:\/\/www.sonoraenequipo.com.mx\/prioritario-y-estrategico-atender-el-medio-ambiente-alfonso-durazo\/\"},\"author\":{\"name\":\"enequipo\",\"@id\":\"https:\/\/www.sonoraenequipo.com.mx\/#\/schema\/person\/50102df0fb23a8fa9e8effad8fa81386\"},\"headline\":\"Prioritario y estrat\u00e9gico atender el medio ambiente: Alfonso Durazo\",\"datePublished\":\"2021-04-06T05:45:16+00:00\",\"mainEntityOfPage\":{\"@id\":\"https:\/\/www.sonoraenequipo.com.mx\/prioritario-y-estrategico-atender-el-medio-ambiente-alfonso-durazo\/\"},\"wordCount\":280,\"commentCount\":0,\"publisher\":{\"@id\":\"https:\/\/www.sonoraenequipo.com.mx\/#organization\"},\"image\":{\"@id\":\"https:\/\/www.sonoraenequipo.com.mx\/prioritario-y-estrategico-atender-el-medio-ambiente-alfonso-durazo\/#primaryimage\"},\"thumbnailUrl\":\"https:\/\/www.sonoraenequipo.com.mx\/storage\/2021\/04\/Alfonso-Durazo-0504_opt.jpg\",\"articleSection\":[\"LA ELECCION 2024\"],\"inLanguage\":\"es\",\"potentialAction\":[{\"@type\":\"CommentAction\",\"name\":\"Comment\",\"target\":[\"https:\/\/www.sonoraenequipo.com.mx\/prioritario-y-estrategico-atender-el-medio-ambiente-alfonso-durazo\/#respond\"]}]},{\"@type\":\"WebPage\",\"@id\":\"https:\/\/www.sonoraenequipo.com.mx\/prioritario-y-estrategico-atender-el-medio-ambiente-alfonso-durazo\/\",\"url\":\"https:\/\/www.sonoraenequipo.com.mx\/prioritario-y-estrategico-atender-el-medio-ambiente-alfonso-durazo\/\",\"name\":\"Sonora en Equipo. Prioritario y estrat\u00e9gico atender el medio ambiente: Alfonso Durazo LA ELECCION 2024\",\"isPartOf\":{\"@id\":\"https:\/\/www.sonoraenequipo.com.mx\/#website\"},\"primaryImageOfPage\":{\"@id\":\"https:\/\/www.sonoraenequipo.com.mx\/prioritario-y-estrategico-atender-el-medio-ambiente-alfonso-durazo\/#primaryimage\"},\"image\":{\"@id\":\"https:\/\/www.sonoraenequipo.com.mx\/prioritario-y-estrategico-atender-el-medio-ambiente-alfonso-durazo\/#primaryimage\"},\"thumbnailUrl\":\"https:\/\/www.sonoraenequipo.com.mx\/storage\/2021\/04\/Alfonso-Durazo-0504_opt.jpg\",\"datePublished\":\"2021-04-06T05:45:16+00:00\",\"description\":\"HERMOSILLO, SONORA. MX.\u2014 El cuidado del medio ambiente cobrar\u00e1 igual relevancia que otros temas, como el econ\u00f3mico, asegur\u00f3 Alfonso Durazo Monta\u00f1o en En Sonora en Equipo publicamos toda la informaci\u00f3n de Sonora, M\u00e9xico y el Mundo de manera oportuna y busca que la libertad de expresi\u00f3n sea real. Visita nuestro medio informativo publicado desde Hermosillo, Sonora. %\",\"breadcrumb\":{\"@id\":\"https:\/\/www.sonoraenequipo.com.mx\/prioritario-y-estrategico-atender-el-medio-ambiente-alfonso-durazo\/#breadcrumb\"},\"inLanguage\":\"es\",\"potentialAction\":[{\"@type\":\"ReadAction\",\"target\":[\"https:\/\/www.sonoraenequipo.com.mx\/prioritario-y-estrategico-atender-el-medio-ambiente-alfonso-durazo\/\"]}]},{\"@type\":\"ImageObject\",\"inLanguage\":\"es\",\"@id\":\"https:\/\/www.sonoraenequipo.com.mx\/prioritario-y-estrategico-atender-el-medio-ambiente-alfonso-durazo\/#primaryimage\",\"url\":\"https:\/\/www.sonoraenequipo.com.mx\/storage\/2021\/04\/Alfonso-Durazo-0504_opt.jpg\",\"contentUrl\":\"https:\/\/www.sonoraenequipo.com.mx\/storage\/2021\/04\/Alfonso-Durazo-0504_opt.jpg\",\"width\":708,\"height\":400},{\"@type\":\"BreadcrumbList\",\"@id\":\"https:\/\/www.sonoraenequipo.com.mx\/prioritario-y-estrategico-atender-el-medio-ambiente-alfonso-durazo\/#breadcrumb\",\"itemListElement\":[{\"@type\":\"ListItem\",\"position\":1,\"name\":\"Portada\",\"item\":\"https:\/\/www.sonoraenequipo.com.mx\/\"},{\"@type\":\"ListItem\",\"position\":2,\"name\":\"Prioritario y estrat\u00e9gico atender el medio ambiente: Alfonso Durazo\"}]},{\"@type\":\"WebSite\",\"@id\":\"https:\/\/www.sonoraenequipo.com.mx\/#website\",\"url\":\"https:\/\/www.sonoraenequipo.com.mx\/\",\"name\":\"Sonora en Equipo.\",\"description\":\"Diario en l\u00ednea con Noticias desde Hermosillo, Sonora\",\"publisher\":{\"@id\":\"https:\/\/www.sonoraenequipo.com.mx\/#organization\"},\"potentialAction\":[{\"@type\":\"SearchAction\",\"target\":{\"@type\":\"EntryPoint\",\"urlTemplate\":\"https:\/\/www.sonoraenequipo.com.mx\/?s={search_term_string}\"},\"query-input\":{\"@type\":\"PropertyValueSpecification\",\"valueRequired\":true,\"valueName\":\"search_term_string\"}}],\"inLanguage\":\"es\"},{\"@type\":\"Organization\",\"@id\":\"https:\/\/www.sonoraenequipo.com.mx\/#organization\",\"name\":\"Sonoraenequipo.com.mx\",\"url\":\"https:\/\/www.sonoraenequipo.com.mx\/\",\"logo\":{\"@type\":\"ImageObject\",\"inLanguage\":\"es\",\"@id\":\"https:\/\/www.sonoraenequipo.com.mx\/#\/schema\/logo\/image\/\",\"url\":\"https:\/\/www.sonoraenequipo.com.mx\/storage\/2019\/01\/sonoraenequipo_opt.png\",\"contentUrl\":\"https:\/\/www.sonoraenequipo.com.mx\/storage\/2019\/01\/sonoraenequipo_opt.png\",\"width\":375,\"height\":125,\"caption\":\"Sonoraenequipo.com.mx\"},\"image\":{\"@id\":\"https:\/\/www.sonoraenequipo.com.mx\/#\/schema\/logo\/image\/\"},\"sameAs\":[\"https:\/\/www.facebook.com\/SonoraEE\/\",\"https:\/\/x.com\/sonoraenequipo\",\"https:\/\/www.youtube.com\/channel\/UC338nW-lPEYmJQs4ZABQ1SQ\"]},{\"@type\":\"Person\",\"@id\":\"https:\/\/www.sonoraenequipo.com.mx\/#\/schema\/person\/50102df0fb23a8fa9e8effad8fa81386\",\"name\":\"enequipo\",\"image\":{\"@type\":\"ImageObject\",\"inLanguage\":\"es\",\"@id\":\"https:\/\/www.sonoraenequipo.com.mx\/#\/schema\/person\/image\/\",\"url\":\"https:\/\/secure.gravatar.com\/avatar\/049821681b589dabc0bc20695993ccebb09f5b5d4d790cd9251b97faac7c652b?s=96&d=blank&r=g\",\"contentUrl\":\"https:\/\/secure.gravatar.com\/avatar\/049821681b589dabc0bc20695993ccebb09f5b5d4d790cd9251b97faac7c652b?s=96&d=blank&r=g\",\"caption\":\"enequipo\"},\"sameAs\":[\"https:\/\/www.facebook.com\/SonoraEE\"]}]}<\/script>\n ","yoast_head_json":{"title":"Sonora en Equipo. Prioritario y estrat\u00e9gico atender el medio ambiente: Alfonso Durazo LA ELECCION 2024","description":"HERMOSILLO, SONORA. MX.\u2014 El cuidado del medio ambiente cobrar\u00e1 igual relevancia que otros temas, como el econ\u00f3mico, asegur\u00f3 Alfonso Durazo Monta\u00f1o en En Sonora en Equipo publicamos toda la informaci\u00f3n de Sonora, M\u00e9xico y el Mundo de manera oportuna y busca que la libertad de expresi\u00f3n sea real. Visita nuestro medio informativo publicado desde Hermosillo, Sonora. %","robots":{"index":"index","follow":"follow","max-snippet":"max-snippet:-1","max-image-preview":"max-image-preview:large","max-video-preview":"max-video-preview:-1"},"canonical":"https:\/\/www.sonoraenequipo.com.mx\/prioritario-y-estrategico-atender-el-medio-ambiente-alfonso-durazo\/","og_locale":"es_ES","og_type":"article","og_title":"Sonora en Equipo. Prioritario y estrat\u00e9gico atender el medio ambiente: Alfonso Durazo LA ELECCION 2024","og_description":"HERMOSILLO, SONORA. MX.\u2014 El cuidado del medio ambiente cobrar\u00e1 igual relevancia que otros temas, como el econ\u00f3mico, asegur\u00f3 Alfonso Durazo Monta\u00f1o en En Sonora en Equipo publicamos toda la informaci\u00f3n de Sonora, M\u00e9xico y el Mundo de manera oportuna y busca que la libertad de expresi\u00f3n sea real. Visita nuestro medio informativo publicado desde Hermosillo, Sonora. %","og_url":"https:\/\/www.sonoraenequipo.com.mx\/prioritario-y-estrategico-atender-el-medio-ambiente-alfonso-durazo\/","og_site_name":"Sonora en Equipo.","article_publisher":"https:\/\/www.facebook.com\/SonoraEE\/","article_author":"https:\/\/www.facebook.com\/SonoraEE","article_published_time":"2021-04-06T05:45:16+00:00","og_image":[{"width":708,"height":400,"url":"https:\/\/www.sonoraenequipo.com.mx\/storage\/2021\/04\/Alfonso-Durazo-0504_opt.jpg","type":"image\/jpeg"}],"author":"enequipo","twitter_card":"summary_large_image","twitter_creator":"@sonoraenequipo","twitter_site":"@sonoraenequipo","twitter_misc":{"Escrito por":"enequipo","Tiempo de lectura":"2 minutos"},"schema":{"@context":"https:\/\/schema.org","@graph":[{"@type":"Article","@id":"https:\/\/www.sonoraenequipo.com.mx\/prioritario-y-estrategico-atender-el-medio-ambiente-alfonso-durazo\/#article","isPartOf":{"@id":"https:\/\/www.sonoraenequipo.com.mx\/prioritario-y-estrategico-atender-el-medio-ambiente-alfonso-durazo\/"},"author":{"name":"enequipo","@id":"https:\/\/www.sonoraenequipo.com.mx\/#\/schema\/person\/50102df0fb23a8fa9e8effad8fa81386"},"headline":"Prioritario y estrat\u00e9gico atender el medio ambiente: Alfonso Durazo","datePublished":"2021-04-06T05:45:16+00:00","mainEntityOfPage":{"@id":"https:\/\/www.sonoraenequipo.com.mx\/prioritario-y-estrategico-atender-el-medio-ambiente-alfonso-durazo\/"},"wordCount":280,"commentCount":0,"publisher":{"@id":"https:\/\/www.sonoraenequipo.com.mx\/#organization"},"image":{"@id":"https:\/\/www.sonoraenequipo.com.mx\/prioritario-y-estrategico-atender-el-medio-ambiente-alfonso-durazo\/#primaryimage"},"thumbnailUrl":"https:\/\/www.sonoraenequipo.com.mx\/storage\/2021\/04\/Alfonso-Durazo-0504_opt.jpg","articleSection":["LA ELECCION 2024"],"inLanguage":"es","potentialAction":[{"@type":"CommentAction","name":"Comment","target":["https:\/\/www.sonoraenequipo.com.mx\/prioritario-y-estrategico-atender-el-medio-ambiente-alfonso-durazo\/#respond"]}]},{"@type":"WebPage","@id":"https:\/\/www.sonoraenequipo.com.mx\/prioritario-y-estrategico-atender-el-medio-ambiente-alfonso-durazo\/","url":"https:\/\/www.sonoraenequipo.com.mx\/prioritario-y-estrategico-atender-el-medio-ambiente-alfonso-durazo\/","name":"Sonora en Equipo. Prioritario y estrat\u00e9gico atender el medio ambiente: Alfonso Durazo LA ELECCION 2024","isPartOf":{"@id":"https:\/\/www.sonoraenequipo.com.mx\/#website"},"primaryImageOfPage":{"@id":"https:\/\/www.sonoraenequipo.com.mx\/prioritario-y-estrategico-atender-el-medio-ambiente-alfonso-durazo\/#primaryimage"},"image":{"@id":"https:\/\/www.sonoraenequipo.com.mx\/prioritario-y-estrategico-atender-el-medio-ambiente-alfonso-durazo\/#primaryimage"},"thumbnailUrl":"https:\/\/www.sonoraenequipo.com.mx\/storage\/2021\/04\/Alfonso-Durazo-0504_opt.jpg","datePublished":"2021-04-06T05:45:16+00:00","description":"HERMOSILLO, SONORA. MX.\u2014 El cuidado del medio ambiente cobrar\u00e1 igual relevancia que otros temas, como el econ\u00f3mico, asegur\u00f3 Alfonso Durazo Monta\u00f1o en En Sonora en Equipo publicamos toda la informaci\u00f3n de Sonora, M\u00e9xico y el Mundo de manera oportuna y busca que la libertad de expresi\u00f3n sea real. Visita nuestro medio informativo publicado desde Hermosillo, Sonora. %","breadcrumb":{"@id":"https:\/\/www.sonoraenequipo.com.mx\/prioritario-y-estrategico-atender-el-medio-ambiente-alfonso-durazo\/#breadcrumb"},"inLanguage":"es","potentialAction":[{"@type":"ReadAction","target":["https:\/\/www.sonoraenequipo.com.mx\/prioritario-y-estrategico-atender-el-medio-ambiente-alfonso-durazo\/"]}]},{"@type":"ImageObject","inLanguage":"es","@id":"https:\/\/www.sonoraenequipo.com.mx\/prioritario-y-estrategico-atender-el-medio-ambiente-alfonso-durazo\/#primaryimage","url":"https:\/\/www.sonoraenequipo.com.mx\/storage\/2021\/04\/Alfonso-Durazo-0504_opt.jpg","contentUrl":"https:\/\/www.sonoraenequipo.com.mx\/storage\/2021\/04\/Alfonso-Durazo-0504_opt.jpg","width":708,"height":400},{"@type":"BreadcrumbList","@id":"https:\/\/www.sonoraenequipo.com.mx\/prioritario-y-estrategico-atender-el-medio-ambiente-alfonso-durazo\/#breadcrumb","itemListElement":[{"@type":"ListItem","position":1,"name":"Portada","item":"https:\/\/www.sonoraenequipo.com.mx\/"},{"@type":"ListItem","position":2,"name":"Prioritario y estrat\u00e9gico atender el medio ambiente: Alfonso Durazo"}]},{"@type":"WebSite","@id":"https:\/\/www.sonoraenequipo.com.mx\/#website","url":"https:\/\/www.sonoraenequipo.com.mx\/","name":"Sonora en Equipo.","description":"Diario en l\u00ednea con Noticias desde Hermosillo, Sonora","publisher":{"@id":"https:\/\/www.sonoraenequipo.com.mx\/#organization"},"potentialAction":[{"@type":"SearchAction","target":{"@type":"EntryPoint","urlTemplate":"https:\/\/www.sonoraenequipo.com.mx\/?s={search_term_string}"},"query-input":{"@type":"PropertyValueSpecification","valueRequired":true,"valueName":"search_term_string"}}],"inLanguage":"es"},{"@type":"Organization","@id":"https:\/\/www.sonoraenequipo.com.mx\/#organization","name":"Sonoraenequipo.com.mx","url":"https:\/\/www.sonoraenequipo.com.mx\/","logo":{"@type":"ImageObject","inLanguage":"es","@id":"https:\/\/www.sonoraenequipo.com.mx\/#\/schema\/logo\/image\/","url":"https:\/\/www.sonoraenequipo.com.mx\/storage\/2019\/01\/sonoraenequipo_opt.png","contentUrl":"https:\/\/www.sonoraenequipo.com.mx\/storage\/2019\/01\/sonoraenequipo_opt.png","width":375,"height":125,"caption":"Sonoraenequipo.com.mx"},"image":{"@id":"https:\/\/www.sonoraenequipo.com.mx\/#\/schema\/logo\/image\/"},"sameAs":["https:\/\/www.facebook.com\/SonoraEE\/","https:\/\/x.com\/sonoraenequipo","https:\/\/www.youtube.com\/channel\/UC338nW-lPEYmJQs4ZABQ1SQ"]},{"@type":"Person","@id":"https:\/\/www.sonoraenequipo.com.mx\/#\/schema\/person\/50102df0fb23a8fa9e8effad8fa81386","name":"enequipo","image":{"@type":"ImageObject","inLanguage":"es","@id":"https:\/\/www.sonoraenequipo.com.mx\/#\/schema\/person\/image\/","url":"https:\/\/secure.gravatar.com\/avatar\/049821681b589dabc0bc20695993ccebb09f5b5d4d790cd9251b97faac7c652b?s=96&d=blank&r=g","contentUrl":"https:\/\/secure.gravatar.com\/avatar\/049821681b589dabc0bc20695993ccebb09f5b5d4d790cd9251b97faac7c652b?s=96&d=blank&r=g","caption":"enequipo"},"sameAs":["https:\/\/www.facebook.com\/SonoraEE"]}]}},"jetpack_featured_media_url":"https:\/\/www.sonoraenequipo.com.mx\/storage\/2021\/04\/Alfonso-Durazo-0504_opt.jpg","_links":{"self":[{"href":"https:\/\/www.sonoraenequipo.com.mx\/api\/wp\/v2\/posts\/110831","targetHints":{"allow":["GET"]}}],"collection":[{"href":"https:\/\/www.sonoraenequipo.com.mx\/api\/wp\/v2\/posts"}],"about":[{"href":"https:\/\/www.sonoraenequipo.com.mx\/api\/wp\/v2\/types\/post"}],"author":[{"embeddable":true,"href":"https:\/\/www.sonoraenequipo.com.mx\/api\/wp\/v2\/users\/1"}],"replies":[{"embeddable":true,"href":"https:\/\/www.sonoraenequipo.com.mx\/api\/wp\/v2\/comments?post=110831"}],"version-history":[{"count":1,"href":"https:\/\/www.sonoraenequipo.com.mx\/api\/wp\/v2\/posts\/110831\/revisions"}],"predecessor-version":[{"id":110834,"href":"https:\/\/www.sonoraenequipo.com.mx\/api\/wp\/v2\/posts\/110831\/revisions\/110834"}],"wp:featuredmedia":[{"embeddable":true,"href":"https:\/\/www.sonoraenequipo.com.mx\/api\/wp\/v2\/media\/110832"}],"wp:attachment":[{"href":"https:\/\/www.sonoraenequipo.com.mx\/api\/wp\/v2\/media?parent=110831"}],"wp:term":[{"taxonomy":"category","embeddable":true,"href":"https:\/\/www.sonoraenequipo.com.mx\/api\/wp\/v2\/categories?post=110831"},{"taxonomy":"post_tag","embeddable":true,"href":"https:\/\/www.sonoraenequipo.com.mx\/api\/wp\/v2\/tags?post=110831"}],"curies":[{"name":"wp","href":"https:\/\/api.w.org\/{rel}","templated":true}]}}