{"id":110836,"date":"2021-04-05T22:36:45","date_gmt":"2021-04-06T05:36:45","guid":{"rendered":"https:\/\/www.sonoraenequipo.com.mx\/?p=110836"},"modified":"2021-04-05T23:04:58","modified_gmt":"2021-04-06T06:04:58","slug":"confirman-hallazgo-de-restos-oseos-de-andrea-carolina-osuna-en-guaymas-su-asesino-ya-esta-detenido","status":"publish","type":"post","link":"https:\/\/www.sonoraenequipo.com.mx\/confirman-hallazgo-de-restos-oseos-de-andrea-carolina-osuna-en-guaymas-su-asesino-ya-esta-detenido\/","title":{"rendered":"Confirman hallazgo de restos\u00a0 \u00f3seos de Andrea Carolina Osuna en Guaymas, su asesino ya esta detenido"},"content":{"rendered":"<p>Confirman hallazgo de restos\u00a0 \u00f3seos de Andrea Carolina Osuna en Guaymas, su asesino ya esta detenido<\/p>\n<p>&nbsp;<\/p>\n<p><img loading=\"lazy\" decoding=\"async\" class=\"size-medium  x-left\" src=\"https:\/\/www.sonoraenequipo.com.mx\/storage\/2021\/04\/heriberto-n-205x365.jpg\" alt=\"\" width=\"205\" height=\"365\" \/>GUAYMAS, SONORA,MX.\u2500 Despu\u00e9s de ejecutarse orden de aprehensi\u00f3n, el Juez aval\u00f3 los datos de pruebas presentados por la Fiscal\u00eda General de Justicia del Estado de Sonora (FGJE) y vincul\u00f3 a proceso a Heriberto \u201cN.\u201d por el delito de feminicidio en agravio de Andrea Carolina Osuna Gil, quien se desempe\u00f1aba como secretaria del CBTIS40 de Guaymas<\/p>\n<p>&nbsp;<\/p>\n<p>En la Audiencia Inicial, celebrada este lunes por videoconferencia, al imputado tambi\u00e9n se le decret\u00f3 la prisi\u00f3n preventiva, donde el Agente del Ministerio P\u00fablico pidi\u00f3 la reclasificaci\u00f3n a feminicidio, ya que se le hab\u00eda ejecutado orden de aprehensi\u00f3n por desaparici\u00f3n de personas cometida por particulares. Se otorgaron dos meses de plazo para la investigaci\u00f3n complementaria.<\/p>\n<p>&nbsp;<\/p>\n<p>Elementos de la Agencia Ministerial de Investigaci\u00f3n Criminal (AMIC) ejecutaron la orden de aprehensi\u00f3n a Heriberto \u201cN.\u201d, a las 21:40 horas del domingo 4, y lo ingresaron al Centro de Reinserci\u00f3n Social (Cereso), en esta ciudad.<\/p>\n<p>&nbsp;<\/p>\n<p>Indagatorias de la Trilog\u00eda Investigadora, Agente del Ministerio P\u00fablico, elementos AMIC y personal de Servicios Periciales, determinaron que Heriberto \u201cN.\u201d, de 42 a\u00f1os de edad, como el probable responsable del delito de feminicidio.<\/p>\n<p>&nbsp;<\/p>\n<p>Personal de la Fiscal\u00eda de Justicia obtuvo diversos datos de prueba dentro de la carpeta de investigaci\u00f3n, como entrevistas a testigos, acciones de cateo, periciales forenses, an\u00e1lisis de c\u00e1maras y t\u00e9cnicas de investigaci\u00f3n basada en tecnolog\u00eda.<\/p>\n<p>&nbsp;<\/p>\n<p>El pasado 18 de marzo, personal de la FGJE recibi\u00f3 la denuncia por persona extraviada o desaparecida de Adriana Carolina Osuna Gil, de quien perdieron contacto sus familiares el 18 de marzo, el d\u00eda se activ\u00f3 Protocolo Alba Sonora.<\/p>\n<p>&nbsp;<\/p>\n<p>La Trilog\u00eda desarroll\u00f3 t\u00e9cnicas de investigaci\u00f3n que coadyuvaron al hallazgo de restos \u00f3seos calcinados por agentes AMIC, el 3 de abril, a la altura del kil\u00f3metro 2+500 del tramo del libramiento San Jos\u00e9 de Guaymas-Empalme, atr\u00e1s de la capilla de San Judas<\/p>\n<p>&nbsp;<\/p>\n<p>Peritos expertos de diversas \u00e1reas del Laboratorio de Inteligencia Cient\u00edfica Forense (CIF), de la FGJE Sonora, obtuvieron resultados que correspond\u00edan a Andrea Carolina, luego que se realiz\u00f3 el proceso de rehidrataci\u00f3n humana de huellas dactilares.<\/p>\n<p>&nbsp;<\/p>\n<p>En la carpeta de investigaci\u00f3n se desprendi\u00f3 que el 18 de marzo la v\u00edctima visit\u00f3 Heriberto \u201cN.\u201d en su domicilio, despu\u00e9s de discutir el sujeto sac\u00f3 un arma de fuego y presuntamente impactando a la v\u00edctima.<\/p>\n<p>&nbsp;<\/p>\n<p>Estos hechos tan lamentables conmocionaron a la sociedad, causando un gran dolor a la familia, quienes han confiado en la instituci\u00f3n de procuraci\u00f3n de justicia. Que este resultado contribuya a transitar el duelo, al mejoramiento emocional de familia, amigos y conocidos de Andrea Carolina.<\/p>\n<p>Fecha de publicaci\u00f3n \u00a0\u00a0lunes\/ \u00a05 \/abril \/ 2021<\/p>\n<p>&nbsp;<\/p>\n","protected":false},"excerpt":{"rendered":"<p>Confirman hallazgo de restos\u00a0 \u00f3seos de Andrea Carolina Osuna en Guaymas, su asesino ya esta&#8230;<\/p>\n","protected":false},"author":1,"featured_media":109927,"comment_status":"open","ping_status":"open","sticky":false,"template":"","format":"standard","meta":{"_monsterinsights_skip_tracking":false,"_monsterinsights_sitenote_active":false,"_monsterinsights_sitenote_note":"","_monsterinsights_sitenote_category":0,"footnotes":""},"categories":[3144],"tags":[5547],"class_list":["post"],"yoast_head":" \n<title>Sonora en Equipo. Confirman hallazgo de restos\u00a0 \u00f3seos de Andrea Carolina Osuna en Guaymas, su asesino ya esta detenido Polic\u00edaca<\/title>\n<meta name=\"description\" content=\"Confirman hallazgo de restos\u00a0 \u00f3seos de Andrea Carolina Osuna en Guaymas, su asesino ya esta detenido &nbsp; GUAYMAS, SONORA,MX.\u2500 Despu\u00e9s de ejecutarse En Sonora en Equipo publicamos toda la informaci\u00f3n de Sonora, M\u00e9xico y el Mundo de manera oportuna y busca que la libertad de expresi\u00f3n sea real. Visita nuestro medio informativo publicado desde Hermosillo, Sonora. %\" \/>\n<meta name=\"robots\" content=\"index, follow, max-snippet:-1, max-image-preview:large, max-video-preview:-1\" \/>\n<link rel=\"canonical\" href=\"https:\/\/www.sonoraenequipo.com.mx\/confirman-hallazgo-de-restos-oseos-de-andrea-carolina-osuna-en-guaymas-su-asesino-ya-esta-detenido\/\" \/>\n<meta property=\"og:locale\" content=\"es_ES\" \/>\n<meta property=\"og:type\" content=\"article\" \/>\n<meta property=\"og:title\" content=\"Sonora en Equipo. Confirman hallazgo de restos\u00a0 \u00f3seos de Andrea Carolina Osuna en Guaymas, su asesino ya esta detenido Polic\u00edaca\" \/>\n<meta property=\"og:description\" content=\"Confirman hallazgo de restos\u00a0 \u00f3seos de Andrea Carolina Osuna en Guaymas, su asesino ya esta detenido &nbsp; GUAYMAS, SONORA,MX.\u2500 Despu\u00e9s de ejecutarse En Sonora en Equipo publicamos toda la informaci\u00f3n de Sonora, M\u00e9xico y el Mundo de manera oportuna y busca que la libertad de expresi\u00f3n sea real. Visita nuestro medio informativo publicado desde Hermosillo, Sonora. %\" \/>\n<meta property=\"og:url\" content=\"https:\/\/www.sonoraenequipo.com.mx\/confirman-hallazgo-de-restos-oseos-de-andrea-carolina-osuna-en-guaymas-su-asesino-ya-esta-detenido\/\" \/>\n<meta property=\"og:site_name\" content=\"Sonora en Equipo.\" \/>\n<meta property=\"article:publisher\" content=\"https:\/\/www.facebook.com\/SonoraEE\/\" \/>\n<meta property=\"article:author\" content=\"https:\/\/www.facebook.com\/SonoraEE\" \/>\n<meta property=\"article:published_time\" content=\"2021-04-06T05:36:45+00:00\" \/>\n<meta property=\"article:modified_time\" content=\"2021-04-06T06:04:58+00:00\" \/>\n<meta property=\"og:image\" content=\"https:\/\/www.sonoraenequipo.com.mx\/storage\/2021\/03\/OLIVIA-O.jpg\" \/>\n\t<meta property=\"og:image:width\" content=\"500\" \/>\n\t<meta property=\"og:image:height\" content=\"300\" \/>\n\t<meta property=\"og:image:type\" content=\"image\/jpeg\" \/>\n<meta name=\"author\" content=\"enequipo\" \/>\n<meta name=\"twitter:card\" content=\"summary_large_image\" \/>\n<meta name=\"twitter:creator\" content=\"@sonoraenequipo\" \/>\n<meta name=\"twitter:site\" content=\"@sonoraenequipo\" \/>\n<meta name=\"twitter:label1\" content=\"Escrito por\" \/>\n\t<meta name=\"twitter:data1\" content=\"enequipo\" \/>\n\t<meta name=\"twitter:label2\" content=\"Tiempo de lectura\" \/>\n\t<meta name=\"twitter:data2\" content=\"3 minutos\" \/>\n<script type=\"application\/ld+json\" class=\"yoast-schema-graph\">{\"@context\":\"https:\/\/schema.org\",\"@graph\":[{\"@type\":\"Article\",\"@id\":\"https:\/\/www.sonoraenequipo.com.mx\/confirman-hallazgo-de-restos-oseos-de-andrea-carolina-osuna-en-guaymas-su-asesino-ya-esta-detenido\/#article\",\"isPartOf\":{\"@id\":\"https:\/\/www.sonoraenequipo.com.mx\/confirman-hallazgo-de-restos-oseos-de-andrea-carolina-osuna-en-guaymas-su-asesino-ya-esta-detenido\/\"},\"author\":{\"name\":\"enequipo\",\"@id\":\"https:\/\/www.sonoraenequipo.com.mx\/#\/schema\/person\/50102df0fb23a8fa9e8effad8fa81386\"},\"headline\":\"Confirman hallazgo de restos\u00a0 \u00f3seos de Andrea Carolina Osuna en Guaymas, su asesino ya esta detenido\",\"datePublished\":\"2021-04-06T05:36:45+00:00\",\"dateModified\":\"2021-04-06T06:04:58+00:00\",\"mainEntityOfPage\":{\"@id\":\"https:\/\/www.sonoraenequipo.com.mx\/confirman-hallazgo-de-restos-oseos-de-andrea-carolina-osuna-en-guaymas-su-asesino-ya-esta-detenido\/\"},\"wordCount\":493,\"commentCount\":0,\"publisher\":{\"@id\":\"https:\/\/www.sonoraenequipo.com.mx\/#organization\"},\"image\":{\"@id\":\"https:\/\/www.sonoraenequipo.com.mx\/confirman-hallazgo-de-restos-oseos-de-andrea-carolina-osuna-en-guaymas-su-asesino-ya-esta-detenido\/#primaryimage\"},\"thumbnailUrl\":\"https:\/\/www.sonoraenequipo.com.mx\/storage\/2021\/03\/OLIVIA-O.jpg\",\"keywords\":[\"Andrea Carolina\"],\"articleSection\":[\"Polic\u00edaca\"],\"inLanguage\":\"es\",\"potentialAction\":[{\"@type\":\"CommentAction\",\"name\":\"Comment\",\"target\":[\"https:\/\/www.sonoraenequipo.com.mx\/confirman-hallazgo-de-restos-oseos-de-andrea-carolina-osuna-en-guaymas-su-asesino-ya-esta-detenido\/#respond\"]}]},{\"@type\":\"WebPage\",\"@id\":\"https:\/\/www.sonoraenequipo.com.mx\/confirman-hallazgo-de-restos-oseos-de-andrea-carolina-osuna-en-guaymas-su-asesino-ya-esta-detenido\/\",\"url\":\"https:\/\/www.sonoraenequipo.com.mx\/confirman-hallazgo-de-restos-oseos-de-andrea-carolina-osuna-en-guaymas-su-asesino-ya-esta-detenido\/\",\"name\":\"Sonora en Equipo. Confirman hallazgo de restos\u00a0 \u00f3seos de Andrea Carolina Osuna en Guaymas, su asesino ya esta detenido Polic\u00edaca\",\"isPartOf\":{\"@id\":\"https:\/\/www.sonoraenequipo.com.mx\/#website\"},\"primaryImageOfPage\":{\"@id\":\"https:\/\/www.sonoraenequipo.com.mx\/confirman-hallazgo-de-restos-oseos-de-andrea-carolina-osuna-en-guaymas-su-asesino-ya-esta-detenido\/#primaryimage\"},\"image\":{\"@id\":\"https:\/\/www.sonoraenequipo.com.mx\/confirman-hallazgo-de-restos-oseos-de-andrea-carolina-osuna-en-guaymas-su-asesino-ya-esta-detenido\/#primaryimage\"},\"thumbnailUrl\":\"https:\/\/www.sonoraenequipo.com.mx\/storage\/2021\/03\/OLIVIA-O.jpg\",\"datePublished\":\"2021-04-06T05:36:45+00:00\",\"dateModified\":\"2021-04-06T06:04:58+00:00\",\"description\":\"Confirman hallazgo de restos\u00a0 \u00f3seos de Andrea Carolina Osuna en Guaymas, su asesino ya esta detenido &nbsp; GUAYMAS, SONORA,MX.\u2500 Despu\u00e9s de ejecutarse En Sonora en Equipo publicamos toda la informaci\u00f3n de Sonora, M\u00e9xico y el Mundo de manera oportuna y busca que la libertad de expresi\u00f3n sea real. Visita nuestro medio informativo publicado desde Hermosillo, Sonora. %\",\"breadcrumb\":{\"@id\":\"https:\/\/www.sonoraenequipo.com.mx\/confirman-hallazgo-de-restos-oseos-de-andrea-carolina-osuna-en-guaymas-su-asesino-ya-esta-detenido\/#breadcrumb\"},\"inLanguage\":\"es\",\"potentialAction\":[{\"@type\":\"ReadAction\",\"target\":[\"https:\/\/www.sonoraenequipo.com.mx\/confirman-hallazgo-de-restos-oseos-de-andrea-carolina-osuna-en-guaymas-su-asesino-ya-esta-detenido\/\"]}]},{\"@type\":\"ImageObject\",\"inLanguage\":\"es\",\"@id\":\"https:\/\/www.sonoraenequipo.com.mx\/confirman-hallazgo-de-restos-oseos-de-andrea-carolina-osuna-en-guaymas-su-asesino-ya-esta-detenido\/#primaryimage\",\"url\":\"https:\/\/www.sonoraenequipo.com.mx\/storage\/2021\/03\/OLIVIA-O.jpg\",\"contentUrl\":\"https:\/\/www.sonoraenequipo.com.mx\/storage\/2021\/03\/OLIVIA-O.jpg\",\"width\":500,\"height\":300,\"caption\":\"Andrea Carolina se desempe\u00f1aba como secretaria del CBTIS40de Guaymas y desde el 18 de marzo que sali\u00f3 de su casa se desconoc\u00eda su paradero.\"},{\"@type\":\"BreadcrumbList\",\"@id\":\"https:\/\/www.sonoraenequipo.com.mx\/confirman-hallazgo-de-restos-oseos-de-andrea-carolina-osuna-en-guaymas-su-asesino-ya-esta-detenido\/#breadcrumb\",\"itemListElement\":[{\"@type\":\"ListItem\",\"position\":1,\"name\":\"Portada\",\"item\":\"https:\/\/www.sonoraenequipo.com.mx\/\"},{\"@type\":\"ListItem\",\"position\":2,\"name\":\"Confirman hallazgo de restos\u00a0 \u00f3seos de Andrea Carolina Osuna en Guaymas, su asesino ya esta detenido\"}]},{\"@type\":\"WebSite\",\"@id\":\"https:\/\/www.sonoraenequipo.com.mx\/#website\",\"url\":\"https:\/\/www.sonoraenequipo.com.mx\/\",\"name\":\"Sonora en Equipo.\",\"description\":\"Diario en l\u00ednea con Noticias desde Hermosillo, Sonora\",\"publisher\":{\"@id\":\"https:\/\/www.sonoraenequipo.com.mx\/#organization\"},\"potentialAction\":[{\"@type\":\"SearchAction\",\"target\":{\"@type\":\"EntryPoint\",\"urlTemplate\":\"https:\/\/www.sonoraenequipo.com.mx\/?s={search_term_string}\"},\"query-input\":{\"@type\":\"PropertyValueSpecification\",\"valueRequired\":true,\"valueName\":\"search_term_string\"}}],\"inLanguage\":\"es\"},{\"@type\":\"Organization\",\"@id\":\"https:\/\/www.sonoraenequipo.com.mx\/#organization\",\"name\":\"Sonoraenequipo.com.mx\",\"url\":\"https:\/\/www.sonoraenequipo.com.mx\/\",\"logo\":{\"@type\":\"ImageObject\",\"inLanguage\":\"es\",\"@id\":\"https:\/\/www.sonoraenequipo.com.mx\/#\/schema\/logo\/image\/\",\"url\":\"https:\/\/www.sonoraenequipo.com.mx\/storage\/2019\/01\/sonoraenequipo_opt.png\",\"contentUrl\":\"https:\/\/www.sonoraenequipo.com.mx\/storage\/2019\/01\/sonoraenequipo_opt.png\",\"width\":375,\"height\":125,\"caption\":\"Sonoraenequipo.com.mx\"},\"image\":{\"@id\":\"https:\/\/www.sonoraenequipo.com.mx\/#\/schema\/logo\/image\/\"},\"sameAs\":[\"https:\/\/www.facebook.com\/SonoraEE\/\",\"https:\/\/x.com\/sonoraenequipo\",\"https:\/\/www.youtube.com\/channel\/UC338nW-lPEYmJQs4ZABQ1SQ\"]},{\"@type\":\"Person\",\"@id\":\"https:\/\/www.sonoraenequipo.com.mx\/#\/schema\/person\/50102df0fb23a8fa9e8effad8fa81386\",\"name\":\"enequipo\",\"image\":{\"@type\":\"ImageObject\",\"inLanguage\":\"es\",\"@id\":\"https:\/\/www.sonoraenequipo.com.mx\/#\/schema\/person\/image\/\",\"url\":\"https:\/\/secure.gravatar.com\/avatar\/049821681b589dabc0bc20695993ccebb09f5b5d4d790cd9251b97faac7c652b?s=96&d=blank&r=g\",\"contentUrl\":\"https:\/\/secure.gravatar.com\/avatar\/049821681b589dabc0bc20695993ccebb09f5b5d4d790cd9251b97faac7c652b?s=96&d=blank&r=g\",\"caption\":\"enequipo\"},\"sameAs\":[\"https:\/\/www.facebook.com\/SonoraEE\"]}]}<\/script>\n ","yoast_head_json":{"title":"Sonora en Equipo. Confirman hallazgo de restos\u00a0 \u00f3seos de Andrea Carolina Osuna en Guaymas, su asesino ya esta detenido Polic\u00edaca","description":"Confirman hallazgo de restos\u00a0 \u00f3seos de Andrea Carolina Osuna en Guaymas, su asesino ya esta detenido &nbsp; GUAYMAS, SONORA,MX.\u2500 Despu\u00e9s de ejecutarse En Sonora en Equipo publicamos toda la informaci\u00f3n de Sonora, M\u00e9xico y el Mundo de manera oportuna y busca que la libertad de expresi\u00f3n sea real. Visita nuestro medio informativo publicado desde Hermosillo, Sonora. %","robots":{"index":"index","follow":"follow","max-snippet":"max-snippet:-1","max-image-preview":"max-image-preview:large","max-video-preview":"max-video-preview:-1"},"canonical":"https:\/\/www.sonoraenequipo.com.mx\/confirman-hallazgo-de-restos-oseos-de-andrea-carolina-osuna-en-guaymas-su-asesino-ya-esta-detenido\/","og_locale":"es_ES","og_type":"article","og_title":"Sonora en Equipo. Confirman hallazgo de restos\u00a0 \u00f3seos de Andrea Carolina Osuna en Guaymas, su asesino ya esta detenido Polic\u00edaca","og_description":"Confirman hallazgo de restos\u00a0 \u00f3seos de Andrea Carolina Osuna en Guaymas, su asesino ya esta detenido &nbsp; GUAYMAS, SONORA,MX.\u2500 Despu\u00e9s de ejecutarse En Sonora en Equipo publicamos toda la informaci\u00f3n de Sonora, M\u00e9xico y el Mundo de manera oportuna y busca que la libertad de expresi\u00f3n sea real. Visita nuestro medio informativo publicado desde Hermosillo, Sonora. %","og_url":"https:\/\/www.sonoraenequipo.com.mx\/confirman-hallazgo-de-restos-oseos-de-andrea-carolina-osuna-en-guaymas-su-asesino-ya-esta-detenido\/","og_site_name":"Sonora en Equipo.","article_publisher":"https:\/\/www.facebook.com\/SonoraEE\/","article_author":"https:\/\/www.facebook.com\/SonoraEE","article_published_time":"2021-04-06T05:36:45+00:00","article_modified_time":"2021-04-06T06:04:58+00:00","og_image":[{"width":500,"height":300,"url":"https:\/\/www.sonoraenequipo.com.mx\/storage\/2021\/03\/OLIVIA-O.jpg","type":"image\/jpeg"}],"author":"enequipo","twitter_card":"summary_large_image","twitter_creator":"@sonoraenequipo","twitter_site":"@sonoraenequipo","twitter_misc":{"Escrito por":"enequipo","Tiempo de lectura":"3 minutos"},"schema":{"@context":"https:\/\/schema.org","@graph":[{"@type":"Article","@id":"https:\/\/www.sonoraenequipo.com.mx\/confirman-hallazgo-de-restos-oseos-de-andrea-carolina-osuna-en-guaymas-su-asesino-ya-esta-detenido\/#article","isPartOf":{"@id":"https:\/\/www.sonoraenequipo.com.mx\/confirman-hallazgo-de-restos-oseos-de-andrea-carolina-osuna-en-guaymas-su-asesino-ya-esta-detenido\/"},"author":{"name":"enequipo","@id":"https:\/\/www.sonoraenequipo.com.mx\/#\/schema\/person\/50102df0fb23a8fa9e8effad8fa81386"},"headline":"Confirman hallazgo de restos\u00a0 \u00f3seos de Andrea Carolina Osuna en Guaymas, su asesino ya esta detenido","datePublished":"2021-04-06T05:36:45+00:00","dateModified":"2021-04-06T06:04:58+00:00","mainEntityOfPage":{"@id":"https:\/\/www.sonoraenequipo.com.mx\/confirman-hallazgo-de-restos-oseos-de-andrea-carolina-osuna-en-guaymas-su-asesino-ya-esta-detenido\/"},"wordCount":493,"commentCount":0,"publisher":{"@id":"https:\/\/www.sonoraenequipo.com.mx\/#organization"},"image":{"@id":"https:\/\/www.sonoraenequipo.com.mx\/confirman-hallazgo-de-restos-oseos-de-andrea-carolina-osuna-en-guaymas-su-asesino-ya-esta-detenido\/#primaryimage"},"thumbnailUrl":"https:\/\/www.sonoraenequipo.com.mx\/storage\/2021\/03\/OLIVIA-O.jpg","keywords":["Andrea Carolina"],"articleSection":["Polic\u00edaca"],"inLanguage":"es","potentialAction":[{"@type":"CommentAction","name":"Comment","target":["https:\/\/www.sonoraenequipo.com.mx\/confirman-hallazgo-de-restos-oseos-de-andrea-carolina-osuna-en-guaymas-su-asesino-ya-esta-detenido\/#respond"]}]},{"@type":"WebPage","@id":"https:\/\/www.sonoraenequipo.com.mx\/confirman-hallazgo-de-restos-oseos-de-andrea-carolina-osuna-en-guaymas-su-asesino-ya-esta-detenido\/","url":"https:\/\/www.sonoraenequipo.com.mx\/confirman-hallazgo-de-restos-oseos-de-andrea-carolina-osuna-en-guaymas-su-asesino-ya-esta-detenido\/","name":"Sonora en Equipo. Confirman hallazgo de restos\u00a0 \u00f3seos de Andrea Carolina Osuna en Guaymas, su asesino ya esta detenido Polic\u00edaca","isPartOf":{"@id":"https:\/\/www.sonoraenequipo.com.mx\/#website"},"primaryImageOfPage":{"@id":"https:\/\/www.sonoraenequipo.com.mx\/confirman-hallazgo-de-restos-oseos-de-andrea-carolina-osuna-en-guaymas-su-asesino-ya-esta-detenido\/#primaryimage"},"image":{"@id":"https:\/\/www.sonoraenequipo.com.mx\/confirman-hallazgo-de-restos-oseos-de-andrea-carolina-osuna-en-guaymas-su-asesino-ya-esta-detenido\/#primaryimage"},"thumbnailUrl":"https:\/\/www.sonoraenequipo.com.mx\/storage\/2021\/03\/OLIVIA-O.jpg","datePublished":"2021-04-06T05:36:45+00:00","dateModified":"2021-04-06T06:04:58+00:00","description":"Confirman hallazgo de restos\u00a0 \u00f3seos de Andrea Carolina Osuna en Guaymas, su asesino ya esta detenido &nbsp; GUAYMAS, SONORA,MX.\u2500 Despu\u00e9s de ejecutarse En Sonora en Equipo publicamos toda la informaci\u00f3n de Sonora, M\u00e9xico y el Mundo de manera oportuna y busca que la libertad de expresi\u00f3n sea real. Visita nuestro medio informativo publicado desde Hermosillo, Sonora. %","breadcrumb":{"@id":"https:\/\/www.sonoraenequipo.com.mx\/confirman-hallazgo-de-restos-oseos-de-andrea-carolina-osuna-en-guaymas-su-asesino-ya-esta-detenido\/#breadcrumb"},"inLanguage":"es","potentialAction":[{"@type":"ReadAction","target":["https:\/\/www.sonoraenequipo.com.mx\/confirman-hallazgo-de-restos-oseos-de-andrea-carolina-osuna-en-guaymas-su-asesino-ya-esta-detenido\/"]}]},{"@type":"ImageObject","inLanguage":"es","@id":"https:\/\/www.sonoraenequipo.com.mx\/confirman-hallazgo-de-restos-oseos-de-andrea-carolina-osuna-en-guaymas-su-asesino-ya-esta-detenido\/#primaryimage","url":"https:\/\/www.sonoraenequipo.com.mx\/storage\/2021\/03\/OLIVIA-O.jpg","contentUrl":"https:\/\/www.sonoraenequipo.com.mx\/storage\/2021\/03\/OLIVIA-O.jpg","width":500,"height":300,"caption":"Andrea Carolina se desempe\u00f1aba como secretaria del CBTIS40de Guaymas y desde el 18 de marzo que sali\u00f3 de su casa se desconoc\u00eda su paradero."},{"@type":"BreadcrumbList","@id":"https:\/\/www.sonoraenequipo.com.mx\/confirman-hallazgo-de-restos-oseos-de-andrea-carolina-osuna-en-guaymas-su-asesino-ya-esta-detenido\/#breadcrumb","itemListElement":[{"@type":"ListItem","position":1,"name":"Portada","item":"https:\/\/www.sonoraenequipo.com.mx\/"},{"@type":"ListItem","position":2,"name":"Confirman hallazgo de restos\u00a0 \u00f3seos de Andrea Carolina Osuna en Guaymas, su asesino ya esta detenido"}]},{"@type":"WebSite","@id":"https:\/\/www.sonoraenequipo.com.mx\/#website","url":"https:\/\/www.sonoraenequipo.com.mx\/","name":"Sonora en Equipo.","description":"Diario en l\u00ednea con Noticias desde Hermosillo, Sonora","publisher":{"@id":"https:\/\/www.sonoraenequipo.com.mx\/#organization"},"potentialAction":[{"@type":"SearchAction","target":{"@type":"EntryPoint","urlTemplate":"https:\/\/www.sonoraenequipo.com.mx\/?s={search_term_string}"},"query-input":{"@type":"PropertyValueSpecification","valueRequired":true,"valueName":"search_term_string"}}],"inLanguage":"es"},{"@type":"Organization","@id":"https:\/\/www.sonoraenequipo.com.mx\/#organization","name":"Sonoraenequipo.com.mx","url":"https:\/\/www.sonoraenequipo.com.mx\/","logo":{"@type":"ImageObject","inLanguage":"es","@id":"https:\/\/www.sonoraenequipo.com.mx\/#\/schema\/logo\/image\/","url":"https:\/\/www.sonoraenequipo.com.mx\/storage\/2019\/01\/sonoraenequipo_opt.png","contentUrl":"https:\/\/www.sonoraenequipo.com.mx\/storage\/2019\/01\/sonoraenequipo_opt.png","width":375,"height":125,"caption":"Sonoraenequipo.com.mx"},"image":{"@id":"https:\/\/www.sonoraenequipo.com.mx\/#\/schema\/logo\/image\/"},"sameAs":["https:\/\/www.facebook.com\/SonoraEE\/","https:\/\/x.com\/sonoraenequipo","https:\/\/www.youtube.com\/channel\/UC338nW-lPEYmJQs4ZABQ1SQ"]},{"@type":"Person","@id":"https:\/\/www.sonoraenequipo.com.mx\/#\/schema\/person\/50102df0fb23a8fa9e8effad8fa81386","name":"enequipo","image":{"@type":"ImageObject","inLanguage":"es","@id":"https:\/\/www.sonoraenequipo.com.mx\/#\/schema\/person\/image\/","url":"https:\/\/secure.gravatar.com\/avatar\/049821681b589dabc0bc20695993ccebb09f5b5d4d790cd9251b97faac7c652b?s=96&d=blank&r=g","contentUrl":"https:\/\/secure.gravatar.com\/avatar\/049821681b589dabc0bc20695993ccebb09f5b5d4d790cd9251b97faac7c652b?s=96&d=blank&r=g","caption":"enequipo"},"sameAs":["https:\/\/www.facebook.com\/SonoraEE"]}]}},"jetpack_featured_media_url":"https:\/\/www.sonoraenequipo.com.mx\/storage\/2021\/03\/OLIVIA-O.jpg","_links":{"self":[{"href":"https:\/\/www.sonoraenequipo.com.mx\/api\/wp\/v2\/posts\/110836","targetHints":{"allow":["GET"]}}],"collection":[{"href":"https:\/\/www.sonoraenequipo.com.mx\/api\/wp\/v2\/posts"}],"about":[{"href":"https:\/\/www.sonoraenequipo.com.mx\/api\/wp\/v2\/types\/post"}],"author":[{"embeddable":true,"href":"https:\/\/www.sonoraenequipo.com.mx\/api\/wp\/v2\/users\/1"}],"replies":[{"embeddable":true,"href":"https:\/\/www.sonoraenequipo.com.mx\/api\/wp\/v2\/comments?post=110836"}],"version-history":[{"count":1,"href":"https:\/\/www.sonoraenequipo.com.mx\/api\/wp\/v2\/posts\/110836\/revisions"}],"predecessor-version":[{"id":110838,"href":"https:\/\/www.sonoraenequipo.com.mx\/api\/wp\/v2\/posts\/110836\/revisions\/110838"}],"wp:featuredmedia":[{"embeddable":true,"href":"https:\/\/www.sonoraenequipo.com.mx\/api\/wp\/v2\/media\/109927"}],"wp:attachment":[{"href":"https:\/\/www.sonoraenequipo.com.mx\/api\/wp\/v2\/media?parent=110836"}],"wp:term":[{"taxonomy":"category","embeddable":true,"href":"https:\/\/www.sonoraenequipo.com.mx\/api\/wp\/v2\/categories?post=110836"},{"taxonomy":"post_tag","embeddable":true,"href":"https:\/\/www.sonoraenequipo.com.mx\/api\/wp\/v2\/tags?post=110836"}],"curies":[{"name":"wp","href":"https:\/\/api.w.org\/{rel}","templated":true}]}}