{"id":110847,"date":"2021-04-05T23:43:04","date_gmt":"2021-04-06T06:43:04","guid":{"rendered":"https:\/\/www.sonoraenequipo.com.mx\/?p=110847"},"modified":"2021-04-05T23:43:04","modified_gmt":"2021-04-06T06:43:04","slug":"con-el-esfuerzo-de-todos-se-previenen-los-contagios-por-covid-19-enrique-clausen-iberri","status":"publish","type":"post","link":"https:\/\/www.sonoraenequipo.com.mx\/con-el-esfuerzo-de-todos-se-previenen-los-contagios-por-covid-19-enrique-clausen-iberri\/","title":{"rendered":"Con el esfuerzo de todos se previenen los contagios por Covid-19: Enrique Clausen Iberri"},"content":{"rendered":"<p>\u25baConfirma Secretar\u00eda de Salud 57 nuevos casos y 8 defunciones por Covid-19 en Sonora<\/p>\n<p>&nbsp;<\/p>\n<p>HERMOSILLO, SONORA,MX.\u2500\u2500 El \u00e9xito para prevenir que incrementen los contagios y las defunciones por COVID-19 depende de la cooperaci\u00f3n de todas y todos los sonorenses, al adoptar las medidas como el uso de cubrebocas, lavado de manos, y mantener distanciamiento social, asever\u00f3 Enrique Clausen Iberri.<\/p>\n<p>&nbsp;<\/p>\n<p>El secretario de Salud en Sonora mencion\u00f3 que durante el periodo de Semana Santa muchas personas decidieron quedarse en sus casas, para protegerse a s\u00ed mismos y a sus familiares de contagios por COVID-19.<\/p>\n<p>&nbsp;<\/p>\n<p>\u201cDefinitivamente, el \u00e9xito se alcanza con el esfuerzo de todos, gracias por evitar contagios y, sobretodo, gracias por evitar muertes\u201d, indic\u00f3.<\/p>\n<p>&nbsp;<\/p>\n<p>Clausen Iberri mencion\u00f3 que las personas que ayudaron a disminuir la movilidad durante estos d\u00edas, adoptaron una actitud responsable al proteger adem\u00e1s a las personas vulnerables ante este virus.<\/p>\n<p>&nbsp;<\/p>\n<p>\u201cA las personas que no salieron esta Semana Santa y que nos ayudaron a reducir la movilidad, que bueno que hayan sido responsables, que bueno que hayan ayudado al pr\u00f3jimo, que bueno que est\u00e9s protegiendo a tu familia, que bueno tambi\u00e9n que hayas protegido a los vulnerables\u201d, se\u00f1al\u00f3.<\/p>\n<p>&nbsp;<\/p>\n<p>Hoy se confirmaron 8 decesos por Covid-19, en 5 hombres y 3 mujeres, residentes de: Hermosillo 4; General Plutarco El\u00edas Calles, Hu\u00e9pac, Naco y Nogales 1 cada uno; acumul\u00e1ndose 6 mil 026 defunciones.<\/p>\n<p>&nbsp;<\/p>\n<p>Este d\u00eda se sumaron 57 nuevos casos por Covid, en 34 mujeres y 23 hombres; con ellos se acumulan 70 mil 249 casos en total. Los nuevos casos son residentes de: Hermosillo 42; Empalme 5; Caborca y Nogales 3 cada uno; Altar, Cajeme, Cananea y Naco 1 cada uno.<\/p>\n<p>&nbsp;<\/p>\n<p>Se confirmaron 2 casos pedi\u00e1tricos, en 1 ni\u00f1a y 1 ni\u00f1o, acumul\u00e1ndose 1 mil 285 casos en total y se sumaron 2 casos en mujeres embarazadas, alcanzando un total de 480.<\/p>\n<p>&nbsp;<\/p>\n<p>Al momento, se han realizado 123 mil 377 pruebas, de las cuales 70 mil 249 han sido casos confirmados y 53 mil 128 casos descartados.<\/p>\n<p>&nbsp;<\/p>\n<p>6 mil 957 casos con cuadro leve, 1 mil 010 activos y 5 mil 947 con seguimiento terminado; y se tiene un registro de 116 pacientes hospitalizados, 34 estables, 62 graves, y 20 cr\u00edticos.<\/p>\n<p>A la fecha se han recuperado 63 mil 097 personas de Covid-19 en Sonora.<\/p>\n<p>&nbsp;<\/p>\n<p>Casos COVID-19 en Sonora 70,249 casos confirmados y 6,026 defunciones.<\/p>\n<p>Fecha de publicaci\u00f3n \u00a0\u00a0lunes\/ \u00a05 \/abril \/ 2021<\/p>\n","protected":false},"excerpt":{"rendered":"<p>\u25baConfirma Secretar\u00eda de Salud 57 nuevos casos y 8 defunciones por Covid-19 en Sonora &nbsp;&#8230;<\/p>\n","protected":false},"author":1,"featured_media":109610,"comment_status":"open","ping_status":"open","sticky":false,"template":"","format":"standard","meta":{"_monsterinsights_skip_tracking":false,"_monsterinsights_sitenote_active":false,"_monsterinsights_sitenote_note":"","_monsterinsights_sitenote_category":0,"footnotes":""},"categories":[22],"tags":[4249,15],"class_list":["post"],"yoast_head":" \n<title>Sonora en Equipo. Con el esfuerzo de todos se previenen los contagios por Covid-19: Enrique Clausen Iberri Sonora<\/title>\n<meta name=\"description\" content=\"\u25baConfirma Secretar\u00eda de Salud 57 nuevos casos y 8 defunciones por Covid-19 en Sonora &nbsp; HERMOSILLO, SONORA,MX.\u2500\u2500 El \u00e9xito para prevenir que En Sonora en Equipo publicamos toda la informaci\u00f3n de Sonora, M\u00e9xico y el Mundo de manera oportuna y busca que la libertad de expresi\u00f3n sea real. Visita nuestro medio informativo publicado desde Hermosillo, Sonora. %\" \/>\n<meta name=\"robots\" content=\"index, follow, max-snippet:-1, max-image-preview:large, max-video-preview:-1\" \/>\n<link rel=\"canonical\" href=\"https:\/\/www.sonoraenequipo.com.mx\/con-el-esfuerzo-de-todos-se-previenen-los-contagios-por-covid-19-enrique-clausen-iberri\/\" \/>\n<meta property=\"og:locale\" content=\"es_ES\" \/>\n<meta property=\"og:type\" content=\"article\" \/>\n<meta property=\"og:title\" content=\"Sonora en Equipo. Con el esfuerzo de todos se previenen los contagios por Covid-19: Enrique Clausen Iberri Sonora\" \/>\n<meta property=\"og:description\" content=\"\u25baConfirma Secretar\u00eda de Salud 57 nuevos casos y 8 defunciones por Covid-19 en Sonora &nbsp; HERMOSILLO, SONORA,MX.\u2500\u2500 El \u00e9xito para prevenir que En Sonora en Equipo publicamos toda la informaci\u00f3n de Sonora, M\u00e9xico y el Mundo de manera oportuna y busca que la libertad de expresi\u00f3n sea real. Visita nuestro medio informativo publicado desde Hermosillo, Sonora. %\" \/>\n<meta property=\"og:url\" content=\"https:\/\/www.sonoraenequipo.com.mx\/con-el-esfuerzo-de-todos-se-previenen-los-contagios-por-covid-19-enrique-clausen-iberri\/\" \/>\n<meta property=\"og:site_name\" content=\"Sonora en Equipo.\" \/>\n<meta property=\"article:publisher\" content=\"https:\/\/www.facebook.com\/SonoraEE\/\" \/>\n<meta property=\"article:author\" content=\"https:\/\/www.facebook.com\/SonoraEE\" \/>\n<meta property=\"article:published_time\" content=\"2021-04-06T06:43:04+00:00\" \/>\n<meta property=\"og:image\" content=\"https:\/\/www.sonoraenequipo.com.mx\/storage\/2021\/03\/clausen__opt.jpg\" \/>\n\t<meta property=\"og:image:width\" content=\"713\" \/>\n\t<meta property=\"og:image:height\" content=\"400\" \/>\n\t<meta property=\"og:image:type\" content=\"image\/jpeg\" \/>\n<meta name=\"author\" content=\"enequipo\" \/>\n<meta name=\"twitter:card\" content=\"summary_large_image\" \/>\n<meta name=\"twitter:creator\" content=\"@sonoraenequipo\" \/>\n<meta name=\"twitter:site\" content=\"@sonoraenequipo\" \/>\n<meta name=\"twitter:label1\" content=\"Escrito por\" \/>\n\t<meta name=\"twitter:data1\" content=\"enequipo\" \/>\n\t<meta name=\"twitter:label2\" content=\"Tiempo de lectura\" \/>\n\t<meta name=\"twitter:data2\" content=\"2 minutos\" \/>\n<script type=\"application\/ld+json\" class=\"yoast-schema-graph\">{\"@context\":\"https:\/\/schema.org\",\"@graph\":[{\"@type\":\"Article\",\"@id\":\"https:\/\/www.sonoraenequipo.com.mx\/con-el-esfuerzo-de-todos-se-previenen-los-contagios-por-covid-19-enrique-clausen-iberri\/#article\",\"isPartOf\":{\"@id\":\"https:\/\/www.sonoraenequipo.com.mx\/con-el-esfuerzo-de-todos-se-previenen-los-contagios-por-covid-19-enrique-clausen-iberri\/\"},\"author\":{\"name\":\"enequipo\",\"@id\":\"https:\/\/www.sonoraenequipo.com.mx\/#\/schema\/person\/50102df0fb23a8fa9e8effad8fa81386\"},\"headline\":\"Con el esfuerzo de todos se previenen los contagios por Covid-19: Enrique Clausen Iberri\",\"datePublished\":\"2021-04-06T06:43:04+00:00\",\"mainEntityOfPage\":{\"@id\":\"https:\/\/www.sonoraenequipo.com.mx\/con-el-esfuerzo-de-todos-se-previenen-los-contagios-por-covid-19-enrique-clausen-iberri\/\"},\"wordCount\":391,\"commentCount\":0,\"publisher\":{\"@id\":\"https:\/\/www.sonoraenequipo.com.mx\/#organization\"},\"image\":{\"@id\":\"https:\/\/www.sonoraenequipo.com.mx\/con-el-esfuerzo-de-todos-se-previenen-los-contagios-por-covid-19-enrique-clausen-iberri\/#primaryimage\"},\"thumbnailUrl\":\"https:\/\/www.sonoraenequipo.com.mx\/storage\/2021\/03\/clausen__opt.jpg\",\"keywords\":[\"covid\",\"Sonora\"],\"articleSection\":[\"Sonora\"],\"inLanguage\":\"es\",\"potentialAction\":[{\"@type\":\"CommentAction\",\"name\":\"Comment\",\"target\":[\"https:\/\/www.sonoraenequipo.com.mx\/con-el-esfuerzo-de-todos-se-previenen-los-contagios-por-covid-19-enrique-clausen-iberri\/#respond\"]}]},{\"@type\":\"WebPage\",\"@id\":\"https:\/\/www.sonoraenequipo.com.mx\/con-el-esfuerzo-de-todos-se-previenen-los-contagios-por-covid-19-enrique-clausen-iberri\/\",\"url\":\"https:\/\/www.sonoraenequipo.com.mx\/con-el-esfuerzo-de-todos-se-previenen-los-contagios-por-covid-19-enrique-clausen-iberri\/\",\"name\":\"Sonora en Equipo. Con el esfuerzo de todos se previenen los contagios por Covid-19: Enrique Clausen Iberri Sonora\",\"isPartOf\":{\"@id\":\"https:\/\/www.sonoraenequipo.com.mx\/#website\"},\"primaryImageOfPage\":{\"@id\":\"https:\/\/www.sonoraenequipo.com.mx\/con-el-esfuerzo-de-todos-se-previenen-los-contagios-por-covid-19-enrique-clausen-iberri\/#primaryimage\"},\"image\":{\"@id\":\"https:\/\/www.sonoraenequipo.com.mx\/con-el-esfuerzo-de-todos-se-previenen-los-contagios-por-covid-19-enrique-clausen-iberri\/#primaryimage\"},\"thumbnailUrl\":\"https:\/\/www.sonoraenequipo.com.mx\/storage\/2021\/03\/clausen__opt.jpg\",\"datePublished\":\"2021-04-06T06:43:04+00:00\",\"description\":\"\u25baConfirma Secretar\u00eda de Salud 57 nuevos casos y 8 defunciones por Covid-19 en Sonora &nbsp; HERMOSILLO, SONORA,MX.\u2500\u2500 El \u00e9xito para prevenir que En Sonora en Equipo publicamos toda la informaci\u00f3n de Sonora, M\u00e9xico y el Mundo de manera oportuna y busca que la libertad de expresi\u00f3n sea real. Visita nuestro medio informativo publicado desde Hermosillo, Sonora. %\",\"breadcrumb\":{\"@id\":\"https:\/\/www.sonoraenequipo.com.mx\/con-el-esfuerzo-de-todos-se-previenen-los-contagios-por-covid-19-enrique-clausen-iberri\/#breadcrumb\"},\"inLanguage\":\"es\",\"potentialAction\":[{\"@type\":\"ReadAction\",\"target\":[\"https:\/\/www.sonoraenequipo.com.mx\/con-el-esfuerzo-de-todos-se-previenen-los-contagios-por-covid-19-enrique-clausen-iberri\/\"]}]},{\"@type\":\"ImageObject\",\"inLanguage\":\"es\",\"@id\":\"https:\/\/www.sonoraenequipo.com.mx\/con-el-esfuerzo-de-todos-se-previenen-los-contagios-por-covid-19-enrique-clausen-iberri\/#primaryimage\",\"url\":\"https:\/\/www.sonoraenequipo.com.mx\/storage\/2021\/03\/clausen__opt.jpg\",\"contentUrl\":\"https:\/\/www.sonoraenequipo.com.mx\/storage\/2021\/03\/clausen__opt.jpg\",\"width\":713,\"height\":400},{\"@type\":\"BreadcrumbList\",\"@id\":\"https:\/\/www.sonoraenequipo.com.mx\/con-el-esfuerzo-de-todos-se-previenen-los-contagios-por-covid-19-enrique-clausen-iberri\/#breadcrumb\",\"itemListElement\":[{\"@type\":\"ListItem\",\"position\":1,\"name\":\"Portada\",\"item\":\"https:\/\/www.sonoraenequipo.com.mx\/\"},{\"@type\":\"ListItem\",\"position\":2,\"name\":\"Con el esfuerzo de todos se previenen los contagios por Covid-19: Enrique Clausen Iberri\"}]},{\"@type\":\"WebSite\",\"@id\":\"https:\/\/www.sonoraenequipo.com.mx\/#website\",\"url\":\"https:\/\/www.sonoraenequipo.com.mx\/\",\"name\":\"Sonora en Equipo.\",\"description\":\"Diario en l\u00ednea con Noticias desde Hermosillo, Sonora\",\"publisher\":{\"@id\":\"https:\/\/www.sonoraenequipo.com.mx\/#organization\"},\"potentialAction\":[{\"@type\":\"SearchAction\",\"target\":{\"@type\":\"EntryPoint\",\"urlTemplate\":\"https:\/\/www.sonoraenequipo.com.mx\/?s={search_term_string}\"},\"query-input\":{\"@type\":\"PropertyValueSpecification\",\"valueRequired\":true,\"valueName\":\"search_term_string\"}}],\"inLanguage\":\"es\"},{\"@type\":\"Organization\",\"@id\":\"https:\/\/www.sonoraenequipo.com.mx\/#organization\",\"name\":\"Sonoraenequipo.com.mx\",\"url\":\"https:\/\/www.sonoraenequipo.com.mx\/\",\"logo\":{\"@type\":\"ImageObject\",\"inLanguage\":\"es\",\"@id\":\"https:\/\/www.sonoraenequipo.com.mx\/#\/schema\/logo\/image\/\",\"url\":\"https:\/\/www.sonoraenequipo.com.mx\/storage\/2019\/01\/sonoraenequipo_opt.png\",\"contentUrl\":\"https:\/\/www.sonoraenequipo.com.mx\/storage\/2019\/01\/sonoraenequipo_opt.png\",\"width\":375,\"height\":125,\"caption\":\"Sonoraenequipo.com.mx\"},\"image\":{\"@id\":\"https:\/\/www.sonoraenequipo.com.mx\/#\/schema\/logo\/image\/\"},\"sameAs\":[\"https:\/\/www.facebook.com\/SonoraEE\/\",\"https:\/\/x.com\/sonoraenequipo\",\"https:\/\/www.youtube.com\/channel\/UC338nW-lPEYmJQs4ZABQ1SQ\"]},{\"@type\":\"Person\",\"@id\":\"https:\/\/www.sonoraenequipo.com.mx\/#\/schema\/person\/50102df0fb23a8fa9e8effad8fa81386\",\"name\":\"enequipo\",\"image\":{\"@type\":\"ImageObject\",\"inLanguage\":\"es\",\"@id\":\"https:\/\/www.sonoraenequipo.com.mx\/#\/schema\/person\/image\/\",\"url\":\"https:\/\/secure.gravatar.com\/avatar\/049821681b589dabc0bc20695993ccebb09f5b5d4d790cd9251b97faac7c652b?s=96&d=blank&r=g\",\"contentUrl\":\"https:\/\/secure.gravatar.com\/avatar\/049821681b589dabc0bc20695993ccebb09f5b5d4d790cd9251b97faac7c652b?s=96&d=blank&r=g\",\"caption\":\"enequipo\"},\"sameAs\":[\"https:\/\/www.facebook.com\/SonoraEE\"]}]}<\/script>\n ","yoast_head_json":{"title":"Sonora en Equipo. Con el esfuerzo de todos se previenen los contagios por Covid-19: Enrique Clausen Iberri Sonora","description":"\u25baConfirma Secretar\u00eda de Salud 57 nuevos casos y 8 defunciones por Covid-19 en Sonora &nbsp; HERMOSILLO, SONORA,MX.\u2500\u2500 El \u00e9xito para prevenir que En Sonora en Equipo publicamos toda la informaci\u00f3n de Sonora, M\u00e9xico y el Mundo de manera oportuna y busca que la libertad de expresi\u00f3n sea real. Visita nuestro medio informativo publicado desde Hermosillo, Sonora. %","robots":{"index":"index","follow":"follow","max-snippet":"max-snippet:-1","max-image-preview":"max-image-preview:large","max-video-preview":"max-video-preview:-1"},"canonical":"https:\/\/www.sonoraenequipo.com.mx\/con-el-esfuerzo-de-todos-se-previenen-los-contagios-por-covid-19-enrique-clausen-iberri\/","og_locale":"es_ES","og_type":"article","og_title":"Sonora en Equipo. Con el esfuerzo de todos se previenen los contagios por Covid-19: Enrique Clausen Iberri Sonora","og_description":"\u25baConfirma Secretar\u00eda de Salud 57 nuevos casos y 8 defunciones por Covid-19 en Sonora &nbsp; HERMOSILLO, SONORA,MX.\u2500\u2500 El \u00e9xito para prevenir que En Sonora en Equipo publicamos toda la informaci\u00f3n de Sonora, M\u00e9xico y el Mundo de manera oportuna y busca que la libertad de expresi\u00f3n sea real. Visita nuestro medio informativo publicado desde Hermosillo, Sonora. %","og_url":"https:\/\/www.sonoraenequipo.com.mx\/con-el-esfuerzo-de-todos-se-previenen-los-contagios-por-covid-19-enrique-clausen-iberri\/","og_site_name":"Sonora en Equipo.","article_publisher":"https:\/\/www.facebook.com\/SonoraEE\/","article_author":"https:\/\/www.facebook.com\/SonoraEE","article_published_time":"2021-04-06T06:43:04+00:00","og_image":[{"width":713,"height":400,"url":"https:\/\/www.sonoraenequipo.com.mx\/storage\/2021\/03\/clausen__opt.jpg","type":"image\/jpeg"}],"author":"enequipo","twitter_card":"summary_large_image","twitter_creator":"@sonoraenequipo","twitter_site":"@sonoraenequipo","twitter_misc":{"Escrito por":"enequipo","Tiempo de lectura":"2 minutos"},"schema":{"@context":"https:\/\/schema.org","@graph":[{"@type":"Article","@id":"https:\/\/www.sonoraenequipo.com.mx\/con-el-esfuerzo-de-todos-se-previenen-los-contagios-por-covid-19-enrique-clausen-iberri\/#article","isPartOf":{"@id":"https:\/\/www.sonoraenequipo.com.mx\/con-el-esfuerzo-de-todos-se-previenen-los-contagios-por-covid-19-enrique-clausen-iberri\/"},"author":{"name":"enequipo","@id":"https:\/\/www.sonoraenequipo.com.mx\/#\/schema\/person\/50102df0fb23a8fa9e8effad8fa81386"},"headline":"Con el esfuerzo de todos se previenen los contagios por Covid-19: Enrique Clausen Iberri","datePublished":"2021-04-06T06:43:04+00:00","mainEntityOfPage":{"@id":"https:\/\/www.sonoraenequipo.com.mx\/con-el-esfuerzo-de-todos-se-previenen-los-contagios-por-covid-19-enrique-clausen-iberri\/"},"wordCount":391,"commentCount":0,"publisher":{"@id":"https:\/\/www.sonoraenequipo.com.mx\/#organization"},"image":{"@id":"https:\/\/www.sonoraenequipo.com.mx\/con-el-esfuerzo-de-todos-se-previenen-los-contagios-por-covid-19-enrique-clausen-iberri\/#primaryimage"},"thumbnailUrl":"https:\/\/www.sonoraenequipo.com.mx\/storage\/2021\/03\/clausen__opt.jpg","keywords":["covid","Sonora"],"articleSection":["Sonora"],"inLanguage":"es","potentialAction":[{"@type":"CommentAction","name":"Comment","target":["https:\/\/www.sonoraenequipo.com.mx\/con-el-esfuerzo-de-todos-se-previenen-los-contagios-por-covid-19-enrique-clausen-iberri\/#respond"]}]},{"@type":"WebPage","@id":"https:\/\/www.sonoraenequipo.com.mx\/con-el-esfuerzo-de-todos-se-previenen-los-contagios-por-covid-19-enrique-clausen-iberri\/","url":"https:\/\/www.sonoraenequipo.com.mx\/con-el-esfuerzo-de-todos-se-previenen-los-contagios-por-covid-19-enrique-clausen-iberri\/","name":"Sonora en Equipo. Con el esfuerzo de todos se previenen los contagios por Covid-19: Enrique Clausen Iberri Sonora","isPartOf":{"@id":"https:\/\/www.sonoraenequipo.com.mx\/#website"},"primaryImageOfPage":{"@id":"https:\/\/www.sonoraenequipo.com.mx\/con-el-esfuerzo-de-todos-se-previenen-los-contagios-por-covid-19-enrique-clausen-iberri\/#primaryimage"},"image":{"@id":"https:\/\/www.sonoraenequipo.com.mx\/con-el-esfuerzo-de-todos-se-previenen-los-contagios-por-covid-19-enrique-clausen-iberri\/#primaryimage"},"thumbnailUrl":"https:\/\/www.sonoraenequipo.com.mx\/storage\/2021\/03\/clausen__opt.jpg","datePublished":"2021-04-06T06:43:04+00:00","description":"\u25baConfirma Secretar\u00eda de Salud 57 nuevos casos y 8 defunciones por Covid-19 en Sonora &nbsp; HERMOSILLO, SONORA,MX.\u2500\u2500 El \u00e9xito para prevenir que En Sonora en Equipo publicamos toda la informaci\u00f3n de Sonora, M\u00e9xico y el Mundo de manera oportuna y busca que la libertad de expresi\u00f3n sea real. Visita nuestro medio informativo publicado desde Hermosillo, Sonora. %","breadcrumb":{"@id":"https:\/\/www.sonoraenequipo.com.mx\/con-el-esfuerzo-de-todos-se-previenen-los-contagios-por-covid-19-enrique-clausen-iberri\/#breadcrumb"},"inLanguage":"es","potentialAction":[{"@type":"ReadAction","target":["https:\/\/www.sonoraenequipo.com.mx\/con-el-esfuerzo-de-todos-se-previenen-los-contagios-por-covid-19-enrique-clausen-iberri\/"]}]},{"@type":"ImageObject","inLanguage":"es","@id":"https:\/\/www.sonoraenequipo.com.mx\/con-el-esfuerzo-de-todos-se-previenen-los-contagios-por-covid-19-enrique-clausen-iberri\/#primaryimage","url":"https:\/\/www.sonoraenequipo.com.mx\/storage\/2021\/03\/clausen__opt.jpg","contentUrl":"https:\/\/www.sonoraenequipo.com.mx\/storage\/2021\/03\/clausen__opt.jpg","width":713,"height":400},{"@type":"BreadcrumbList","@id":"https:\/\/www.sonoraenequipo.com.mx\/con-el-esfuerzo-de-todos-se-previenen-los-contagios-por-covid-19-enrique-clausen-iberri\/#breadcrumb","itemListElement":[{"@type":"ListItem","position":1,"name":"Portada","item":"https:\/\/www.sonoraenequipo.com.mx\/"},{"@type":"ListItem","position":2,"name":"Con el esfuerzo de todos se previenen los contagios por Covid-19: Enrique Clausen Iberri"}]},{"@type":"WebSite","@id":"https:\/\/www.sonoraenequipo.com.mx\/#website","url":"https:\/\/www.sonoraenequipo.com.mx\/","name":"Sonora en Equipo.","description":"Diario en l\u00ednea con Noticias desde Hermosillo, Sonora","publisher":{"@id":"https:\/\/www.sonoraenequipo.com.mx\/#organization"},"potentialAction":[{"@type":"SearchAction","target":{"@type":"EntryPoint","urlTemplate":"https:\/\/www.sonoraenequipo.com.mx\/?s={search_term_string}"},"query-input":{"@type":"PropertyValueSpecification","valueRequired":true,"valueName":"search_term_string"}}],"inLanguage":"es"},{"@type":"Organization","@id":"https:\/\/www.sonoraenequipo.com.mx\/#organization","name":"Sonoraenequipo.com.mx","url":"https:\/\/www.sonoraenequipo.com.mx\/","logo":{"@type":"ImageObject","inLanguage":"es","@id":"https:\/\/www.sonoraenequipo.com.mx\/#\/schema\/logo\/image\/","url":"https:\/\/www.sonoraenequipo.com.mx\/storage\/2019\/01\/sonoraenequipo_opt.png","contentUrl":"https:\/\/www.sonoraenequipo.com.mx\/storage\/2019\/01\/sonoraenequipo_opt.png","width":375,"height":125,"caption":"Sonoraenequipo.com.mx"},"image":{"@id":"https:\/\/www.sonoraenequipo.com.mx\/#\/schema\/logo\/image\/"},"sameAs":["https:\/\/www.facebook.com\/SonoraEE\/","https:\/\/x.com\/sonoraenequipo","https:\/\/www.youtube.com\/channel\/UC338nW-lPEYmJQs4ZABQ1SQ"]},{"@type":"Person","@id":"https:\/\/www.sonoraenequipo.com.mx\/#\/schema\/person\/50102df0fb23a8fa9e8effad8fa81386","name":"enequipo","image":{"@type":"ImageObject","inLanguage":"es","@id":"https:\/\/www.sonoraenequipo.com.mx\/#\/schema\/person\/image\/","url":"https:\/\/secure.gravatar.com\/avatar\/049821681b589dabc0bc20695993ccebb09f5b5d4d790cd9251b97faac7c652b?s=96&d=blank&r=g","contentUrl":"https:\/\/secure.gravatar.com\/avatar\/049821681b589dabc0bc20695993ccebb09f5b5d4d790cd9251b97faac7c652b?s=96&d=blank&r=g","caption":"enequipo"},"sameAs":["https:\/\/www.facebook.com\/SonoraEE"]}]}},"jetpack_featured_media_url":"https:\/\/www.sonoraenequipo.com.mx\/storage\/2021\/03\/clausen__opt.jpg","_links":{"self":[{"href":"https:\/\/www.sonoraenequipo.com.mx\/api\/wp\/v2\/posts\/110847","targetHints":{"allow":["GET"]}}],"collection":[{"href":"https:\/\/www.sonoraenequipo.com.mx\/api\/wp\/v2\/posts"}],"about":[{"href":"https:\/\/www.sonoraenequipo.com.mx\/api\/wp\/v2\/types\/post"}],"author":[{"embeddable":true,"href":"https:\/\/www.sonoraenequipo.com.mx\/api\/wp\/v2\/users\/1"}],"replies":[{"embeddable":true,"href":"https:\/\/www.sonoraenequipo.com.mx\/api\/wp\/v2\/comments?post=110847"}],"version-history":[{"count":1,"href":"https:\/\/www.sonoraenequipo.com.mx\/api\/wp\/v2\/posts\/110847\/revisions"}],"predecessor-version":[{"id":110848,"href":"https:\/\/www.sonoraenequipo.com.mx\/api\/wp\/v2\/posts\/110847\/revisions\/110848"}],"wp:featuredmedia":[{"embeddable":true,"href":"https:\/\/www.sonoraenequipo.com.mx\/api\/wp\/v2\/media\/109610"}],"wp:attachment":[{"href":"https:\/\/www.sonoraenequipo.com.mx\/api\/wp\/v2\/media?parent=110847"}],"wp:term":[{"taxonomy":"category","embeddable":true,"href":"https:\/\/www.sonoraenequipo.com.mx\/api\/wp\/v2\/categories?post=110847"},{"taxonomy":"post_tag","embeddable":true,"href":"https:\/\/www.sonoraenequipo.com.mx\/api\/wp\/v2\/tags?post=110847"}],"curies":[{"name":"wp","href":"https:\/\/api.w.org\/{rel}","templated":true}]}}