{"id":110870,"date":"2021-04-06T16:25:47","date_gmt":"2021-04-06T23:25:47","guid":{"rendered":"https:\/\/www.sonoraenequipo.com.mx\/?p=110870"},"modified":"2021-04-06T15:49:15","modified_gmt":"2021-04-06T22:49:15","slug":"padecian-depresion-y-decidieron-acabar-con-sus-vidas-y-las-de-sus-familiares","status":"publish","type":"post","link":"https:\/\/www.sonoraenequipo.com.mx\/padecian-depresion-y-decidieron-acabar-con-sus-vidas-y-las-de-sus-familiares\/","title":{"rendered":"Padec\u00edan depresi\u00f3n y decidieron acabar con sus vidas y las de sus familiares."},"content":{"rendered":"<p>TEXAS, ESTADOS UNIDOS. \u2014 Habitantes de Texas, EUA, se vieron conmocionados tras darse a conocer el caso de un par de hermanos que acabaron con las vidas de sus familiares para despu\u00e9s acabar con las suyas, en un supuesto pacto hecho entre ambos.<\/p>\n<p>&nbsp;<\/p>\n<p> <\/p>\n<p>&nbsp;<\/p>\n<p>De acuerdo a la informaci\u00f3n compartida por medios estadounidenses, los cuerpos de los hermanos Farhan y Tanvir Towhid, de 19 y 21 a\u00f1os, adem\u00e1s de cuatro miembros de su familia, fueron descubiertos por la polic\u00eda durante la madrugada del lunes en la ciudad de Allen.<\/p>\n<p>&nbsp;<\/p>\n<p>Los informes de la polic\u00eda detallan que entre los cad\u00e1veres estaban los de los padres de los hermanos, su hermana y su abuela, todos presentando heridas de bala.<\/p>\n<p>&nbsp;<\/p>\n<p>A trav\u00e9s de los perfiles en redes sociales de los hermanos, se descubri\u00f3 una nota de suicidio de 12 p\u00e1ginas en la que los hoy occisos explicaban el supuesto motivo que los llev\u00f3 a matar a su familia y posteriormente quitarse la vida ellos mismos.<\/p>\n<p>&nbsp;<\/p>\n<p>Seg\u00fan el escrito ambos j\u00f3venes sufr\u00edan de depresi\u00f3n y planearon desde hace un mes la matanza en un pacto en el que se daban un l\u00edmite de tiempo para &#8216;arreglar las cosas&#8217;.<\/p>\n<p>&nbsp;<\/p>\n<p><em>\u00abSi solo me suicido, (mis familiares) quedar\u00edan destrozados. Amo a mi familia, de verdad. Y es exactamente por eso que decid\u00ed matarlos\u00bb,<\/em> se\u00f1ala Farhan en el escrito.<\/p>\n<p>&nbsp;<\/p>\n<p>Por otra parte en la carta los hermanos destacan &#8216;<em>lo f\u00e1cil&#8217;<\/em> que fue conseguir las pistolas, pues se\u00f1alan al control de armas de EUA como &#8216;una broma&#8217;.<\/p>\n<p>&nbsp;<\/p>\n<p><em>\u00abMi hermano solo tuvo que ir a una armer\u00eda, decir algo sobre que quer\u00eda un arma para defensa del hogar, firmar algunos formularios y eso fue todo. Le hicieron alguna pregunta sobre si ten\u00eda alguna enfermedad mental, pero minti\u00f3\u00bb.<\/em><\/p>\n<p>&nbsp;<\/p>\n<p>La polic\u00eda de Allen, agrega que no tuvieron ninguna interacci\u00f3n con la familia previamente que los hubiera ayudado a detectar el problema que atravesaban los j\u00f3venes.<\/p>\n<p>&nbsp;<\/p>\n<p>&nbsp;<\/p>\n<p>(Publicada el 06\/04\/2021)<\/p>\n","protected":false},"excerpt":{"rendered":"<p>TEXAS, ESTADOS UNIDOS. \u2014 Habitantes de Texas, EUA, se vieron conmocionados tras darse a conocer&#8230;<\/p>\n","protected":false},"author":1,"featured_media":110874,"comment_status":"open","ping_status":"open","sticky":false,"template":"","format":"standard","meta":{"_monsterinsights_skip_tracking":false,"_monsterinsights_sitenote_active":false,"_monsterinsights_sitenote_note":"","_monsterinsights_sitenote_category":0,"footnotes":""},"categories":[3],"tags":[],"class_list":["post"],"yoast_head":" \n<title>Sonora en Equipo. Padec\u00edan depresi\u00f3n y decidieron acabar con sus vidas y las de sus familiares. MUNDO<\/title>\n<meta name=\"description\" content=\"TEXAS, ESTADOS UNIDOS. \u2014 Habitantes de Texas, EUA, se vieron conmocionados tras darse a conocer el caso de un par de hermanos que acabaron con las vidas En Sonora en Equipo publicamos toda la informaci\u00f3n de Sonora, M\u00e9xico y el Mundo de manera oportuna y busca que la libertad de expresi\u00f3n sea real. Visita nuestro medio informativo publicado desde Hermosillo, Sonora. %\" \/>\n<meta name=\"robots\" content=\"index, follow, max-snippet:-1, max-image-preview:large, max-video-preview:-1\" \/>\n<link rel=\"canonical\" href=\"https:\/\/www.sonoraenequipo.com.mx\/padecian-depresion-y-decidieron-acabar-con-sus-vidas-y-las-de-sus-familiares\/\" \/>\n<meta property=\"og:locale\" content=\"es_ES\" \/>\n<meta property=\"og:type\" content=\"article\" \/>\n<meta property=\"og:title\" content=\"Sonora en Equipo. Padec\u00edan depresi\u00f3n y decidieron acabar con sus vidas y las de sus familiares. MUNDO\" \/>\n<meta property=\"og:description\" content=\"TEXAS, ESTADOS UNIDOS. \u2014 Habitantes de Texas, EUA, se vieron conmocionados tras darse a conocer el caso de un par de hermanos que acabaron con las vidas En Sonora en Equipo publicamos toda la informaci\u00f3n de Sonora, M\u00e9xico y el Mundo de manera oportuna y busca que la libertad de expresi\u00f3n sea real. Visita nuestro medio informativo publicado desde Hermosillo, Sonora. %\" \/>\n<meta property=\"og:url\" content=\"https:\/\/www.sonoraenequipo.com.mx\/padecian-depresion-y-decidieron-acabar-con-sus-vidas-y-las-de-sus-familiares\/\" \/>\n<meta property=\"og:site_name\" content=\"Sonora en Equipo.\" \/>\n<meta property=\"article:publisher\" content=\"https:\/\/www.facebook.com\/SonoraEE\/\" \/>\n<meta property=\"article:author\" content=\"https:\/\/www.facebook.com\/SonoraEE\" \/>\n<meta property=\"article:published_time\" content=\"2021-04-06T23:25:47+00:00\" \/>\n<meta property=\"og:image\" content=\"https:\/\/www.sonoraenequipo.com.mx\/storage\/2021\/04\/familia-deprimida-se-suicida_opt2.jpg\" \/>\n\t<meta property=\"og:image:width\" content=\"626\" \/>\n\t<meta property=\"og:image:height\" content=\"400\" \/>\n\t<meta property=\"og:image:type\" content=\"image\/jpeg\" \/>\n<meta name=\"author\" content=\"enequipo\" \/>\n<meta name=\"twitter:card\" content=\"summary_large_image\" \/>\n<meta name=\"twitter:creator\" content=\"@sonoraenequipo\" \/>\n<meta name=\"twitter:site\" content=\"@sonoraenequipo\" \/>\n<meta name=\"twitter:label1\" content=\"Escrito por\" \/>\n\t<meta name=\"twitter:data1\" content=\"enequipo\" \/>\n\t<meta name=\"twitter:label2\" content=\"Tiempo de lectura\" \/>\n\t<meta name=\"twitter:data2\" content=\"2 minutos\" \/>\n<script type=\"application\/ld+json\" class=\"yoast-schema-graph\">{\"@context\":\"https:\/\/schema.org\",\"@graph\":[{\"@type\":\"Article\",\"@id\":\"https:\/\/www.sonoraenequipo.com.mx\/padecian-depresion-y-decidieron-acabar-con-sus-vidas-y-las-de-sus-familiares\/#article\",\"isPartOf\":{\"@id\":\"https:\/\/www.sonoraenequipo.com.mx\/padecian-depresion-y-decidieron-acabar-con-sus-vidas-y-las-de-sus-familiares\/\"},\"author\":{\"name\":\"enequipo\",\"@id\":\"https:\/\/www.sonoraenequipo.com.mx\/#\/schema\/person\/50102df0fb23a8fa9e8effad8fa81386\"},\"headline\":\"Padec\u00edan depresi\u00f3n y decidieron acabar con sus vidas y las de sus familiares.\",\"datePublished\":\"2021-04-06T23:25:47+00:00\",\"mainEntityOfPage\":{\"@id\":\"https:\/\/www.sonoraenequipo.com.mx\/padecian-depresion-y-decidieron-acabar-con-sus-vidas-y-las-de-sus-familiares\/\"},\"wordCount\":360,\"commentCount\":0,\"publisher\":{\"@id\":\"https:\/\/www.sonoraenequipo.com.mx\/#organization\"},\"image\":{\"@id\":\"https:\/\/www.sonoraenequipo.com.mx\/padecian-depresion-y-decidieron-acabar-con-sus-vidas-y-las-de-sus-familiares\/#primaryimage\"},\"thumbnailUrl\":\"https:\/\/www.sonoraenequipo.com.mx\/storage\/2021\/04\/familia-deprimida-se-suicida_opt2.jpg\",\"articleSection\":[\"MUNDO\"],\"inLanguage\":\"es\",\"potentialAction\":[{\"@type\":\"CommentAction\",\"name\":\"Comment\",\"target\":[\"https:\/\/www.sonoraenequipo.com.mx\/padecian-depresion-y-decidieron-acabar-con-sus-vidas-y-las-de-sus-familiares\/#respond\"]}]},{\"@type\":\"WebPage\",\"@id\":\"https:\/\/www.sonoraenequipo.com.mx\/padecian-depresion-y-decidieron-acabar-con-sus-vidas-y-las-de-sus-familiares\/\",\"url\":\"https:\/\/www.sonoraenequipo.com.mx\/padecian-depresion-y-decidieron-acabar-con-sus-vidas-y-las-de-sus-familiares\/\",\"name\":\"Sonora en Equipo. Padec\u00edan depresi\u00f3n y decidieron acabar con sus vidas y las de sus familiares. MUNDO\",\"isPartOf\":{\"@id\":\"https:\/\/www.sonoraenequipo.com.mx\/#website\"},\"primaryImageOfPage\":{\"@id\":\"https:\/\/www.sonoraenequipo.com.mx\/padecian-depresion-y-decidieron-acabar-con-sus-vidas-y-las-de-sus-familiares\/#primaryimage\"},\"image\":{\"@id\":\"https:\/\/www.sonoraenequipo.com.mx\/padecian-depresion-y-decidieron-acabar-con-sus-vidas-y-las-de-sus-familiares\/#primaryimage\"},\"thumbnailUrl\":\"https:\/\/www.sonoraenequipo.com.mx\/storage\/2021\/04\/familia-deprimida-se-suicida_opt2.jpg\",\"datePublished\":\"2021-04-06T23:25:47+00:00\",\"description\":\"TEXAS, ESTADOS UNIDOS. \u2014 Habitantes de Texas, EUA, se vieron conmocionados tras darse a conocer el caso de un par de hermanos que acabaron con las vidas En Sonora en Equipo publicamos toda la informaci\u00f3n de Sonora, M\u00e9xico y el Mundo de manera oportuna y busca que la libertad de expresi\u00f3n sea real. Visita nuestro medio informativo publicado desde Hermosillo, Sonora. %\",\"breadcrumb\":{\"@id\":\"https:\/\/www.sonoraenequipo.com.mx\/padecian-depresion-y-decidieron-acabar-con-sus-vidas-y-las-de-sus-familiares\/#breadcrumb\"},\"inLanguage\":\"es\",\"potentialAction\":[{\"@type\":\"ReadAction\",\"target\":[\"https:\/\/www.sonoraenequipo.com.mx\/padecian-depresion-y-decidieron-acabar-con-sus-vidas-y-las-de-sus-familiares\/\"]}]},{\"@type\":\"ImageObject\",\"inLanguage\":\"es\",\"@id\":\"https:\/\/www.sonoraenequipo.com.mx\/padecian-depresion-y-decidieron-acabar-con-sus-vidas-y-las-de-sus-familiares\/#primaryimage\",\"url\":\"https:\/\/www.sonoraenequipo.com.mx\/storage\/2021\/04\/familia-deprimida-se-suicida_opt2.jpg\",\"contentUrl\":\"https:\/\/www.sonoraenequipo.com.mx\/storage\/2021\/04\/familia-deprimida-se-suicida_opt2.jpg\",\"width\":626,\"height\":400},{\"@type\":\"BreadcrumbList\",\"@id\":\"https:\/\/www.sonoraenequipo.com.mx\/padecian-depresion-y-decidieron-acabar-con-sus-vidas-y-las-de-sus-familiares\/#breadcrumb\",\"itemListElement\":[{\"@type\":\"ListItem\",\"position\":1,\"name\":\"Portada\",\"item\":\"https:\/\/www.sonoraenequipo.com.mx\/\"},{\"@type\":\"ListItem\",\"position\":2,\"name\":\"Padec\u00edan depresi\u00f3n y decidieron acabar con sus vidas y las de sus familiares.\"}]},{\"@type\":\"WebSite\",\"@id\":\"https:\/\/www.sonoraenequipo.com.mx\/#website\",\"url\":\"https:\/\/www.sonoraenequipo.com.mx\/\",\"name\":\"Sonora en Equipo.\",\"description\":\"Diario en l\u00ednea con Noticias desde Hermosillo, Sonora\",\"publisher\":{\"@id\":\"https:\/\/www.sonoraenequipo.com.mx\/#organization\"},\"potentialAction\":[{\"@type\":\"SearchAction\",\"target\":{\"@type\":\"EntryPoint\",\"urlTemplate\":\"https:\/\/www.sonoraenequipo.com.mx\/?s={search_term_string}\"},\"query-input\":{\"@type\":\"PropertyValueSpecification\",\"valueRequired\":true,\"valueName\":\"search_term_string\"}}],\"inLanguage\":\"es\"},{\"@type\":\"Organization\",\"@id\":\"https:\/\/www.sonoraenequipo.com.mx\/#organization\",\"name\":\"Sonoraenequipo.com.mx\",\"url\":\"https:\/\/www.sonoraenequipo.com.mx\/\",\"logo\":{\"@type\":\"ImageObject\",\"inLanguage\":\"es\",\"@id\":\"https:\/\/www.sonoraenequipo.com.mx\/#\/schema\/logo\/image\/\",\"url\":\"https:\/\/www.sonoraenequipo.com.mx\/storage\/2019\/01\/sonoraenequipo_opt.png\",\"contentUrl\":\"https:\/\/www.sonoraenequipo.com.mx\/storage\/2019\/01\/sonoraenequipo_opt.png\",\"width\":375,\"height\":125,\"caption\":\"Sonoraenequipo.com.mx\"},\"image\":{\"@id\":\"https:\/\/www.sonoraenequipo.com.mx\/#\/schema\/logo\/image\/\"},\"sameAs\":[\"https:\/\/www.facebook.com\/SonoraEE\/\",\"https:\/\/x.com\/sonoraenequipo\",\"https:\/\/www.youtube.com\/channel\/UC338nW-lPEYmJQs4ZABQ1SQ\"]},{\"@type\":\"Person\",\"@id\":\"https:\/\/www.sonoraenequipo.com.mx\/#\/schema\/person\/50102df0fb23a8fa9e8effad8fa81386\",\"name\":\"enequipo\",\"image\":{\"@type\":\"ImageObject\",\"inLanguage\":\"es\",\"@id\":\"https:\/\/www.sonoraenequipo.com.mx\/#\/schema\/person\/image\/\",\"url\":\"https:\/\/secure.gravatar.com\/avatar\/049821681b589dabc0bc20695993ccebb09f5b5d4d790cd9251b97faac7c652b?s=96&d=blank&r=g\",\"contentUrl\":\"https:\/\/secure.gravatar.com\/avatar\/049821681b589dabc0bc20695993ccebb09f5b5d4d790cd9251b97faac7c652b?s=96&d=blank&r=g\",\"caption\":\"enequipo\"},\"sameAs\":[\"https:\/\/www.facebook.com\/SonoraEE\"]}]}<\/script>\n ","yoast_head_json":{"title":"Sonora en Equipo. Padec\u00edan depresi\u00f3n y decidieron acabar con sus vidas y las de sus familiares. MUNDO","description":"TEXAS, ESTADOS UNIDOS. \u2014 Habitantes de Texas, EUA, se vieron conmocionados tras darse a conocer el caso de un par de hermanos que acabaron con las vidas En Sonora en Equipo publicamos toda la informaci\u00f3n de Sonora, M\u00e9xico y el Mundo de manera oportuna y busca que la libertad de expresi\u00f3n sea real. Visita nuestro medio informativo publicado desde Hermosillo, Sonora. %","robots":{"index":"index","follow":"follow","max-snippet":"max-snippet:-1","max-image-preview":"max-image-preview:large","max-video-preview":"max-video-preview:-1"},"canonical":"https:\/\/www.sonoraenequipo.com.mx\/padecian-depresion-y-decidieron-acabar-con-sus-vidas-y-las-de-sus-familiares\/","og_locale":"es_ES","og_type":"article","og_title":"Sonora en Equipo. Padec\u00edan depresi\u00f3n y decidieron acabar con sus vidas y las de sus familiares. MUNDO","og_description":"TEXAS, ESTADOS UNIDOS. \u2014 Habitantes de Texas, EUA, se vieron conmocionados tras darse a conocer el caso de un par de hermanos que acabaron con las vidas En Sonora en Equipo publicamos toda la informaci\u00f3n de Sonora, M\u00e9xico y el Mundo de manera oportuna y busca que la libertad de expresi\u00f3n sea real. Visita nuestro medio informativo publicado desde Hermosillo, Sonora. %","og_url":"https:\/\/www.sonoraenequipo.com.mx\/padecian-depresion-y-decidieron-acabar-con-sus-vidas-y-las-de-sus-familiares\/","og_site_name":"Sonora en Equipo.","article_publisher":"https:\/\/www.facebook.com\/SonoraEE\/","article_author":"https:\/\/www.facebook.com\/SonoraEE","article_published_time":"2021-04-06T23:25:47+00:00","og_image":[{"width":626,"height":400,"url":"https:\/\/www.sonoraenequipo.com.mx\/storage\/2021\/04\/familia-deprimida-se-suicida_opt2.jpg","type":"image\/jpeg"}],"author":"enequipo","twitter_card":"summary_large_image","twitter_creator":"@sonoraenequipo","twitter_site":"@sonoraenequipo","twitter_misc":{"Escrito por":"enequipo","Tiempo de lectura":"2 minutos"},"schema":{"@context":"https:\/\/schema.org","@graph":[{"@type":"Article","@id":"https:\/\/www.sonoraenequipo.com.mx\/padecian-depresion-y-decidieron-acabar-con-sus-vidas-y-las-de-sus-familiares\/#article","isPartOf":{"@id":"https:\/\/www.sonoraenequipo.com.mx\/padecian-depresion-y-decidieron-acabar-con-sus-vidas-y-las-de-sus-familiares\/"},"author":{"name":"enequipo","@id":"https:\/\/www.sonoraenequipo.com.mx\/#\/schema\/person\/50102df0fb23a8fa9e8effad8fa81386"},"headline":"Padec\u00edan depresi\u00f3n y decidieron acabar con sus vidas y las de sus familiares.","datePublished":"2021-04-06T23:25:47+00:00","mainEntityOfPage":{"@id":"https:\/\/www.sonoraenequipo.com.mx\/padecian-depresion-y-decidieron-acabar-con-sus-vidas-y-las-de-sus-familiares\/"},"wordCount":360,"commentCount":0,"publisher":{"@id":"https:\/\/www.sonoraenequipo.com.mx\/#organization"},"image":{"@id":"https:\/\/www.sonoraenequipo.com.mx\/padecian-depresion-y-decidieron-acabar-con-sus-vidas-y-las-de-sus-familiares\/#primaryimage"},"thumbnailUrl":"https:\/\/www.sonoraenequipo.com.mx\/storage\/2021\/04\/familia-deprimida-se-suicida_opt2.jpg","articleSection":["MUNDO"],"inLanguage":"es","potentialAction":[{"@type":"CommentAction","name":"Comment","target":["https:\/\/www.sonoraenequipo.com.mx\/padecian-depresion-y-decidieron-acabar-con-sus-vidas-y-las-de-sus-familiares\/#respond"]}]},{"@type":"WebPage","@id":"https:\/\/www.sonoraenequipo.com.mx\/padecian-depresion-y-decidieron-acabar-con-sus-vidas-y-las-de-sus-familiares\/","url":"https:\/\/www.sonoraenequipo.com.mx\/padecian-depresion-y-decidieron-acabar-con-sus-vidas-y-las-de-sus-familiares\/","name":"Sonora en Equipo. Padec\u00edan depresi\u00f3n y decidieron acabar con sus vidas y las de sus familiares. MUNDO","isPartOf":{"@id":"https:\/\/www.sonoraenequipo.com.mx\/#website"},"primaryImageOfPage":{"@id":"https:\/\/www.sonoraenequipo.com.mx\/padecian-depresion-y-decidieron-acabar-con-sus-vidas-y-las-de-sus-familiares\/#primaryimage"},"image":{"@id":"https:\/\/www.sonoraenequipo.com.mx\/padecian-depresion-y-decidieron-acabar-con-sus-vidas-y-las-de-sus-familiares\/#primaryimage"},"thumbnailUrl":"https:\/\/www.sonoraenequipo.com.mx\/storage\/2021\/04\/familia-deprimida-se-suicida_opt2.jpg","datePublished":"2021-04-06T23:25:47+00:00","description":"TEXAS, ESTADOS UNIDOS. \u2014 Habitantes de Texas, EUA, se vieron conmocionados tras darse a conocer el caso de un par de hermanos que acabaron con las vidas En Sonora en Equipo publicamos toda la informaci\u00f3n de Sonora, M\u00e9xico y el Mundo de manera oportuna y busca que la libertad de expresi\u00f3n sea real. Visita nuestro medio informativo publicado desde Hermosillo, Sonora. %","breadcrumb":{"@id":"https:\/\/www.sonoraenequipo.com.mx\/padecian-depresion-y-decidieron-acabar-con-sus-vidas-y-las-de-sus-familiares\/#breadcrumb"},"inLanguage":"es","potentialAction":[{"@type":"ReadAction","target":["https:\/\/www.sonoraenequipo.com.mx\/padecian-depresion-y-decidieron-acabar-con-sus-vidas-y-las-de-sus-familiares\/"]}]},{"@type":"ImageObject","inLanguage":"es","@id":"https:\/\/www.sonoraenequipo.com.mx\/padecian-depresion-y-decidieron-acabar-con-sus-vidas-y-las-de-sus-familiares\/#primaryimage","url":"https:\/\/www.sonoraenequipo.com.mx\/storage\/2021\/04\/familia-deprimida-se-suicida_opt2.jpg","contentUrl":"https:\/\/www.sonoraenequipo.com.mx\/storage\/2021\/04\/familia-deprimida-se-suicida_opt2.jpg","width":626,"height":400},{"@type":"BreadcrumbList","@id":"https:\/\/www.sonoraenequipo.com.mx\/padecian-depresion-y-decidieron-acabar-con-sus-vidas-y-las-de-sus-familiares\/#breadcrumb","itemListElement":[{"@type":"ListItem","position":1,"name":"Portada","item":"https:\/\/www.sonoraenequipo.com.mx\/"},{"@type":"ListItem","position":2,"name":"Padec\u00edan depresi\u00f3n y decidieron acabar con sus vidas y las de sus familiares."}]},{"@type":"WebSite","@id":"https:\/\/www.sonoraenequipo.com.mx\/#website","url":"https:\/\/www.sonoraenequipo.com.mx\/","name":"Sonora en Equipo.","description":"Diario en l\u00ednea con Noticias desde Hermosillo, Sonora","publisher":{"@id":"https:\/\/www.sonoraenequipo.com.mx\/#organization"},"potentialAction":[{"@type":"SearchAction","target":{"@type":"EntryPoint","urlTemplate":"https:\/\/www.sonoraenequipo.com.mx\/?s={search_term_string}"},"query-input":{"@type":"PropertyValueSpecification","valueRequired":true,"valueName":"search_term_string"}}],"inLanguage":"es"},{"@type":"Organization","@id":"https:\/\/www.sonoraenequipo.com.mx\/#organization","name":"Sonoraenequipo.com.mx","url":"https:\/\/www.sonoraenequipo.com.mx\/","logo":{"@type":"ImageObject","inLanguage":"es","@id":"https:\/\/www.sonoraenequipo.com.mx\/#\/schema\/logo\/image\/","url":"https:\/\/www.sonoraenequipo.com.mx\/storage\/2019\/01\/sonoraenequipo_opt.png","contentUrl":"https:\/\/www.sonoraenequipo.com.mx\/storage\/2019\/01\/sonoraenequipo_opt.png","width":375,"height":125,"caption":"Sonoraenequipo.com.mx"},"image":{"@id":"https:\/\/www.sonoraenequipo.com.mx\/#\/schema\/logo\/image\/"},"sameAs":["https:\/\/www.facebook.com\/SonoraEE\/","https:\/\/x.com\/sonoraenequipo","https:\/\/www.youtube.com\/channel\/UC338nW-lPEYmJQs4ZABQ1SQ"]},{"@type":"Person","@id":"https:\/\/www.sonoraenequipo.com.mx\/#\/schema\/person\/50102df0fb23a8fa9e8effad8fa81386","name":"enequipo","image":{"@type":"ImageObject","inLanguage":"es","@id":"https:\/\/www.sonoraenequipo.com.mx\/#\/schema\/person\/image\/","url":"https:\/\/secure.gravatar.com\/avatar\/049821681b589dabc0bc20695993ccebb09f5b5d4d790cd9251b97faac7c652b?s=96&d=blank&r=g","contentUrl":"https:\/\/secure.gravatar.com\/avatar\/049821681b589dabc0bc20695993ccebb09f5b5d4d790cd9251b97faac7c652b?s=96&d=blank&r=g","caption":"enequipo"},"sameAs":["https:\/\/www.facebook.com\/SonoraEE"]}]}},"jetpack_featured_media_url":"https:\/\/www.sonoraenequipo.com.mx\/storage\/2021\/04\/familia-deprimida-se-suicida_opt2.jpg","_links":{"self":[{"href":"https:\/\/www.sonoraenequipo.com.mx\/api\/wp\/v2\/posts\/110870","targetHints":{"allow":["GET"]}}],"collection":[{"href":"https:\/\/www.sonoraenequipo.com.mx\/api\/wp\/v2\/posts"}],"about":[{"href":"https:\/\/www.sonoraenequipo.com.mx\/api\/wp\/v2\/types\/post"}],"author":[{"embeddable":true,"href":"https:\/\/www.sonoraenequipo.com.mx\/api\/wp\/v2\/users\/1"}],"replies":[{"embeddable":true,"href":"https:\/\/www.sonoraenequipo.com.mx\/api\/wp\/v2\/comments?post=110870"}],"version-history":[{"count":1,"href":"https:\/\/www.sonoraenequipo.com.mx\/api\/wp\/v2\/posts\/110870\/revisions"}],"predecessor-version":[{"id":110872,"href":"https:\/\/www.sonoraenequipo.com.mx\/api\/wp\/v2\/posts\/110870\/revisions\/110872"}],"wp:featuredmedia":[{"embeddable":true,"href":"https:\/\/www.sonoraenequipo.com.mx\/api\/wp\/v2\/media\/110874"}],"wp:attachment":[{"href":"https:\/\/www.sonoraenequipo.com.mx\/api\/wp\/v2\/media?parent=110870"}],"wp:term":[{"taxonomy":"category","embeddable":true,"href":"https:\/\/www.sonoraenequipo.com.mx\/api\/wp\/v2\/categories?post=110870"},{"taxonomy":"post_tag","embeddable":true,"href":"https:\/\/www.sonoraenequipo.com.mx\/api\/wp\/v2\/tags?post=110870"}],"curies":[{"name":"wp","href":"https:\/\/api.w.org\/{rel}","templated":true}]}}