{"id":110886,"date":"2021-04-06T15:04:18","date_gmt":"2021-04-06T22:04:18","guid":{"rendered":"https:\/\/www.sonoraenequipo.com.mx\/?p=110886"},"modified":"2021-04-06T15:04:18","modified_gmt":"2021-04-06T22:04:18","slug":"propone-alfonso-durazo-reducir-50-el-presupuesto-del-congreso","status":"publish","type":"post","link":"https:\/\/www.sonoraenequipo.com.mx\/propone-alfonso-durazo-reducir-50-el-presupuesto-del-congreso\/","title":{"rendered":"Propone Alfonso Durazo reducir 50% el presupuesto del Congreso"},"content":{"rendered":"<p>Hermosillo, Sonora.- Reducir a la mitad el presupuesto del Congreso local para destinar una parte a becas para las y los estudiantes sonorenses, propuso Alfonso Durazo Monta\u00f1o en un di\u00e1logo con j\u00f3venes.<\/p>\n<p>En la Plaza Bicentenario, ante cerca de 250 j\u00f3venes que acudieron de manera presencial y siete mil 500 que siguieron el encuentro v\u00eda transmisi\u00f3n en vivo, el aspirante a la gubernatura por la alianza \u201cJuntos haremos historia en Sonora\u201d reprob\u00f3 que el presupuesto del Legislativo pr\u00e1cticamente es el mismo que el de la Universidad de Sonora.<\/p>\n<p>&nbsp;<\/p>\n<p>El candidato a gobernador contrast\u00f3 que, por un lado, hay 33 \u201cilustres parlamentarios\u201d y que por el otro hay 40 mil j\u00f3venes en formaci\u00f3n profesional. Y que ese s\u00f3lo hecho nos habla de que algo estamos haciendo mal como sociedad, al dedicarle los mismos recursos a una burocracia como la del Congreso que a la formaci\u00f3n a los j\u00f3venes, nuestro presente y futuro de Sonora.<\/p>\n<p>&nbsp;<\/p>\n<p>\u201cAqu\u00ed en esta plaza hago el compromiso, de pegarle, no es un pellizco, va a ser una tarascada la que le vamos a dar al presupuesto del Congreso. M\u00ednimo 500 millones de pesos, m\u00ednimo. Y con ello vamos a constituir un fondo para otorgar becas a todas y a todos los estudiantes sonorenses. De tal manera que lo importante es que ni un solo joven sonorense se vea en la necesidad de suspender sus estudios por limitaciones econ\u00f3micas\u201d, plante\u00f3.<\/p>\n<p>&nbsp;<\/p>\n<p>Explic\u00f3 que el proyecto de transformaci\u00f3n que encabeza Morena no s\u00f3lo se propone recuperar el gobierno para ponerlo al servicio de la gente, sino llevar a \u00e9l nuevas formas de hacer pol\u00edtica, donde los j\u00f3venes jugar\u00e1n un rol estelar.<\/p>\n<p>&nbsp;<\/p>\n<p>\u201cUstedes van a ser fundamentales en mi gobierno. Y se los digo, no por cortes\u00eda, por necesidad. Porque si no juegan ese rol relevante al concluir el sexenio tendremos que regresarle los trastos al grupo en el poder\u201d, advirti\u00f3.<\/p>\n<p>&nbsp;<\/p>\n<p>Reiter\u00f3 su propuesta de contar con un gabinete mitad hombres y mitad mujeres, adem\u00e1s de integrarlo con mitad j\u00f3venes y mitad funcionarios con experiencia en el servicio p\u00fablico.<\/p>\n<p>&nbsp;<\/p>\n<p>En ese sentido, se mostr\u00f3 a favor de replantear las pol\u00edticas de p\u00fablicas de atenci\u00f3n a la juventud, as\u00ed como el papel que juega el Instituto Sonorense de la Juventud (ISJ), al que calific\u00f3 como un nido de bur\u00f3cratas que le han dejado a deber a las y los j\u00f3venes sonorenses.<\/p>\n<p>&nbsp;<\/p>\n<p>Acompa\u00f1aron a Alfonso Durazo organizaciones como \u201cMorrxs con ADM\u201d, \u201cGeneraci\u00f3n ADelante\u201d, \u201cMIIT J\u00f3venes\u201d, \u201cS\u00famate\u201d, \u201cJ\u00f3venes Pa\u2019 Adelante\u201d, \u201c#45gradosSonora\u201d, \u201cS\u00fam4T\u201d, \u201cJ\u00f3venes A Darle Con Hermosillo\u201d as\u00ed como y j\u00f3venes militantes del Verde Ecologista y de Nueva Alianza Sonora.<\/p>\n<p>Fecha de publicaci\u00f3n \u00a0\u00a0martes\/ 6 \/abril \/ 2021<\/p>\n","protected":false},"excerpt":{"rendered":"<p>Hermosillo, Sonora.- Reducir a la mitad el presupuesto del Congreso local para destinar una parte&#8230;<\/p>\n","protected":false},"author":1,"featured_media":110887,"comment_status":"open","ping_status":"open","sticky":false,"template":"","format":"standard","meta":{"_monsterinsights_skip_tracking":false,"_monsterinsights_sitenote_active":false,"_monsterinsights_sitenote_note":"","_monsterinsights_sitenote_category":0,"footnotes":""},"categories":[1],"tags":[3635,4636],"class_list":["post"],"yoast_head":" \n<title>Sonora en Equipo. Propone Alfonso Durazo reducir 50% el presupuesto del Congreso<\/title>\n<meta name=\"description\" content=\"Hermosillo, Sonora.- Reducir a la mitad el presupuesto del Congreso local para destinar una parte a becas para las y los estudiantes sonorenses, propuso En Sonora en Equipo publicamos toda la informaci\u00f3n de Sonora, M\u00e9xico y el Mundo de manera oportuna y busca que la libertad de expresi\u00f3n sea real. Visita nuestro medio informativo publicado desde Hermosillo, Sonora. %\" \/>\n<meta name=\"robots\" content=\"index, follow, max-snippet:-1, max-image-preview:large, max-video-preview:-1\" \/>\n<link rel=\"canonical\" href=\"https:\/\/www.sonoraenequipo.com.mx\/propone-alfonso-durazo-reducir-50-el-presupuesto-del-congreso\/\" \/>\n<meta property=\"og:locale\" content=\"es_ES\" \/>\n<meta property=\"og:type\" content=\"article\" \/>\n<meta property=\"og:title\" content=\"Sonora en Equipo. Propone Alfonso Durazo reducir 50% el presupuesto del Congreso\" \/>\n<meta property=\"og:description\" content=\"Hermosillo, Sonora.- Reducir a la mitad el presupuesto del Congreso local para destinar una parte a becas para las y los estudiantes sonorenses, propuso En Sonora en Equipo publicamos toda la informaci\u00f3n de Sonora, M\u00e9xico y el Mundo de manera oportuna y busca que la libertad de expresi\u00f3n sea real. Visita nuestro medio informativo publicado desde Hermosillo, Sonora. %\" \/>\n<meta property=\"og:url\" content=\"https:\/\/www.sonoraenequipo.com.mx\/propone-alfonso-durazo-reducir-50-el-presupuesto-del-congreso\/\" \/>\n<meta property=\"og:site_name\" content=\"Sonora en Equipo.\" \/>\n<meta property=\"article:publisher\" content=\"https:\/\/www.facebook.com\/SonoraEE\/\" \/>\n<meta property=\"article:author\" content=\"https:\/\/www.facebook.com\/SonoraEE\" \/>\n<meta property=\"article:published_time\" content=\"2021-04-06T22:04:18+00:00\" \/>\n<meta property=\"og:image\" content=\"https:\/\/www.sonoraenequipo.com.mx\/storage\/2021\/04\/adm060421.jpg\" \/>\n\t<meta property=\"og:image:width\" content=\"500\" \/>\n\t<meta property=\"og:image:height\" content=\"300\" \/>\n\t<meta property=\"og:image:type\" content=\"image\/jpeg\" \/>\n<meta name=\"author\" content=\"enequipo\" \/>\n<meta name=\"twitter:card\" content=\"summary_large_image\" \/>\n<meta name=\"twitter:creator\" content=\"@sonoraenequipo\" \/>\n<meta name=\"twitter:site\" content=\"@sonoraenequipo\" \/>\n<meta name=\"twitter:label1\" content=\"Escrito por\" \/>\n\t<meta name=\"twitter:data1\" content=\"enequipo\" \/>\n\t<meta name=\"twitter:label2\" content=\"Tiempo de lectura\" \/>\n\t<meta name=\"twitter:data2\" content=\"2 minutos\" \/>\n<script type=\"application\/ld+json\" class=\"yoast-schema-graph\">{\"@context\":\"https:\/\/schema.org\",\"@graph\":[{\"@type\":\"Article\",\"@id\":\"https:\/\/www.sonoraenequipo.com.mx\/propone-alfonso-durazo-reducir-50-el-presupuesto-del-congreso\/#article\",\"isPartOf\":{\"@id\":\"https:\/\/www.sonoraenequipo.com.mx\/propone-alfonso-durazo-reducir-50-el-presupuesto-del-congreso\/\"},\"author\":{\"name\":\"enequipo\",\"@id\":\"https:\/\/www.sonoraenequipo.com.mx\/#\/schema\/person\/50102df0fb23a8fa9e8effad8fa81386\"},\"headline\":\"Propone Alfonso Durazo reducir 50% el presupuesto del Congreso\",\"datePublished\":\"2021-04-06T22:04:18+00:00\",\"mainEntityOfPage\":{\"@id\":\"https:\/\/www.sonoraenequipo.com.mx\/propone-alfonso-durazo-reducir-50-el-presupuesto-del-congreso\/\"},\"wordCount\":481,\"commentCount\":0,\"publisher\":{\"@id\":\"https:\/\/www.sonoraenequipo.com.mx\/#organization\"},\"image\":{\"@id\":\"https:\/\/www.sonoraenequipo.com.mx\/propone-alfonso-durazo-reducir-50-el-presupuesto-del-congreso\/#primaryimage\"},\"thumbnailUrl\":\"https:\/\/www.sonoraenequipo.com.mx\/storage\/2021\/04\/adm060421.jpg\",\"keywords\":[\"DURAZO\",\"ELECCIONES 2021\"],\"articleSection\":[\"Sin categorizar\"],\"inLanguage\":\"es\",\"potentialAction\":[{\"@type\":\"CommentAction\",\"name\":\"Comment\",\"target\":[\"https:\/\/www.sonoraenequipo.com.mx\/propone-alfonso-durazo-reducir-50-el-presupuesto-del-congreso\/#respond\"]}]},{\"@type\":\"WebPage\",\"@id\":\"https:\/\/www.sonoraenequipo.com.mx\/propone-alfonso-durazo-reducir-50-el-presupuesto-del-congreso\/\",\"url\":\"https:\/\/www.sonoraenequipo.com.mx\/propone-alfonso-durazo-reducir-50-el-presupuesto-del-congreso\/\",\"name\":\"Sonora en Equipo. Propone Alfonso Durazo reducir 50% el presupuesto del Congreso\",\"isPartOf\":{\"@id\":\"https:\/\/www.sonoraenequipo.com.mx\/#website\"},\"primaryImageOfPage\":{\"@id\":\"https:\/\/www.sonoraenequipo.com.mx\/propone-alfonso-durazo-reducir-50-el-presupuesto-del-congreso\/#primaryimage\"},\"image\":{\"@id\":\"https:\/\/www.sonoraenequipo.com.mx\/propone-alfonso-durazo-reducir-50-el-presupuesto-del-congreso\/#primaryimage\"},\"thumbnailUrl\":\"https:\/\/www.sonoraenequipo.com.mx\/storage\/2021\/04\/adm060421.jpg\",\"datePublished\":\"2021-04-06T22:04:18+00:00\",\"description\":\"Hermosillo, Sonora.- Reducir a la mitad el presupuesto del Congreso local para destinar una parte a becas para las y los estudiantes sonorenses, propuso En Sonora en Equipo publicamos toda la informaci\u00f3n de Sonora, M\u00e9xico y el Mundo de manera oportuna y busca que la libertad de expresi\u00f3n sea real. Visita nuestro medio informativo publicado desde Hermosillo, Sonora. %\",\"breadcrumb\":{\"@id\":\"https:\/\/www.sonoraenequipo.com.mx\/propone-alfonso-durazo-reducir-50-el-presupuesto-del-congreso\/#breadcrumb\"},\"inLanguage\":\"es\",\"potentialAction\":[{\"@type\":\"ReadAction\",\"target\":[\"https:\/\/www.sonoraenequipo.com.mx\/propone-alfonso-durazo-reducir-50-el-presupuesto-del-congreso\/\"]}]},{\"@type\":\"ImageObject\",\"inLanguage\":\"es\",\"@id\":\"https:\/\/www.sonoraenequipo.com.mx\/propone-alfonso-durazo-reducir-50-el-presupuesto-del-congreso\/#primaryimage\",\"url\":\"https:\/\/www.sonoraenequipo.com.mx\/storage\/2021\/04\/adm060421.jpg\",\"contentUrl\":\"https:\/\/www.sonoraenequipo.com.mx\/storage\/2021\/04\/adm060421.jpg\",\"width\":500,\"height\":300},{\"@type\":\"BreadcrumbList\",\"@id\":\"https:\/\/www.sonoraenequipo.com.mx\/propone-alfonso-durazo-reducir-50-el-presupuesto-del-congreso\/#breadcrumb\",\"itemListElement\":[{\"@type\":\"ListItem\",\"position\":1,\"name\":\"Portada\",\"item\":\"https:\/\/www.sonoraenequipo.com.mx\/\"},{\"@type\":\"ListItem\",\"position\":2,\"name\":\"Propone Alfonso Durazo reducir 50% el presupuesto del Congreso\"}]},{\"@type\":\"WebSite\",\"@id\":\"https:\/\/www.sonoraenequipo.com.mx\/#website\",\"url\":\"https:\/\/www.sonoraenequipo.com.mx\/\",\"name\":\"Sonora en Equipo.\",\"description\":\"Diario en l\u00ednea con Noticias desde Hermosillo, Sonora\",\"publisher\":{\"@id\":\"https:\/\/www.sonoraenequipo.com.mx\/#organization\"},\"potentialAction\":[{\"@type\":\"SearchAction\",\"target\":{\"@type\":\"EntryPoint\",\"urlTemplate\":\"https:\/\/www.sonoraenequipo.com.mx\/?s={search_term_string}\"},\"query-input\":{\"@type\":\"PropertyValueSpecification\",\"valueRequired\":true,\"valueName\":\"search_term_string\"}}],\"inLanguage\":\"es\"},{\"@type\":\"Organization\",\"@id\":\"https:\/\/www.sonoraenequipo.com.mx\/#organization\",\"name\":\"Sonoraenequipo.com.mx\",\"url\":\"https:\/\/www.sonoraenequipo.com.mx\/\",\"logo\":{\"@type\":\"ImageObject\",\"inLanguage\":\"es\",\"@id\":\"https:\/\/www.sonoraenequipo.com.mx\/#\/schema\/logo\/image\/\",\"url\":\"https:\/\/www.sonoraenequipo.com.mx\/storage\/2019\/01\/sonoraenequipo_opt.png\",\"contentUrl\":\"https:\/\/www.sonoraenequipo.com.mx\/storage\/2019\/01\/sonoraenequipo_opt.png\",\"width\":375,\"height\":125,\"caption\":\"Sonoraenequipo.com.mx\"},\"image\":{\"@id\":\"https:\/\/www.sonoraenequipo.com.mx\/#\/schema\/logo\/image\/\"},\"sameAs\":[\"https:\/\/www.facebook.com\/SonoraEE\/\",\"https:\/\/x.com\/sonoraenequipo\",\"https:\/\/www.youtube.com\/channel\/UC338nW-lPEYmJQs4ZABQ1SQ\"]},{\"@type\":\"Person\",\"@id\":\"https:\/\/www.sonoraenequipo.com.mx\/#\/schema\/person\/50102df0fb23a8fa9e8effad8fa81386\",\"name\":\"enequipo\",\"image\":{\"@type\":\"ImageObject\",\"inLanguage\":\"es\",\"@id\":\"https:\/\/www.sonoraenequipo.com.mx\/#\/schema\/person\/image\/\",\"url\":\"https:\/\/secure.gravatar.com\/avatar\/049821681b589dabc0bc20695993ccebb09f5b5d4d790cd9251b97faac7c652b?s=96&d=blank&r=g\",\"contentUrl\":\"https:\/\/secure.gravatar.com\/avatar\/049821681b589dabc0bc20695993ccebb09f5b5d4d790cd9251b97faac7c652b?s=96&d=blank&r=g\",\"caption\":\"enequipo\"},\"sameAs\":[\"https:\/\/www.facebook.com\/SonoraEE\"]}]}<\/script>\n ","yoast_head_json":{"title":"Sonora en Equipo. Propone Alfonso Durazo reducir 50% el presupuesto del Congreso","description":"Hermosillo, Sonora.- Reducir a la mitad el presupuesto del Congreso local para destinar una parte a becas para las y los estudiantes sonorenses, propuso En Sonora en Equipo publicamos toda la informaci\u00f3n de Sonora, M\u00e9xico y el Mundo de manera oportuna y busca que la libertad de expresi\u00f3n sea real. Visita nuestro medio informativo publicado desde Hermosillo, Sonora. %","robots":{"index":"index","follow":"follow","max-snippet":"max-snippet:-1","max-image-preview":"max-image-preview:large","max-video-preview":"max-video-preview:-1"},"canonical":"https:\/\/www.sonoraenequipo.com.mx\/propone-alfonso-durazo-reducir-50-el-presupuesto-del-congreso\/","og_locale":"es_ES","og_type":"article","og_title":"Sonora en Equipo. Propone Alfonso Durazo reducir 50% el presupuesto del Congreso","og_description":"Hermosillo, Sonora.- Reducir a la mitad el presupuesto del Congreso local para destinar una parte a becas para las y los estudiantes sonorenses, propuso En Sonora en Equipo publicamos toda la informaci\u00f3n de Sonora, M\u00e9xico y el Mundo de manera oportuna y busca que la libertad de expresi\u00f3n sea real. Visita nuestro medio informativo publicado desde Hermosillo, Sonora. %","og_url":"https:\/\/www.sonoraenequipo.com.mx\/propone-alfonso-durazo-reducir-50-el-presupuesto-del-congreso\/","og_site_name":"Sonora en Equipo.","article_publisher":"https:\/\/www.facebook.com\/SonoraEE\/","article_author":"https:\/\/www.facebook.com\/SonoraEE","article_published_time":"2021-04-06T22:04:18+00:00","og_image":[{"width":500,"height":300,"url":"https:\/\/www.sonoraenequipo.com.mx\/storage\/2021\/04\/adm060421.jpg","type":"image\/jpeg"}],"author":"enequipo","twitter_card":"summary_large_image","twitter_creator":"@sonoraenequipo","twitter_site":"@sonoraenequipo","twitter_misc":{"Escrito por":"enequipo","Tiempo de lectura":"2 minutos"},"schema":{"@context":"https:\/\/schema.org","@graph":[{"@type":"Article","@id":"https:\/\/www.sonoraenequipo.com.mx\/propone-alfonso-durazo-reducir-50-el-presupuesto-del-congreso\/#article","isPartOf":{"@id":"https:\/\/www.sonoraenequipo.com.mx\/propone-alfonso-durazo-reducir-50-el-presupuesto-del-congreso\/"},"author":{"name":"enequipo","@id":"https:\/\/www.sonoraenequipo.com.mx\/#\/schema\/person\/50102df0fb23a8fa9e8effad8fa81386"},"headline":"Propone Alfonso Durazo reducir 50% el presupuesto del Congreso","datePublished":"2021-04-06T22:04:18+00:00","mainEntityOfPage":{"@id":"https:\/\/www.sonoraenequipo.com.mx\/propone-alfonso-durazo-reducir-50-el-presupuesto-del-congreso\/"},"wordCount":481,"commentCount":0,"publisher":{"@id":"https:\/\/www.sonoraenequipo.com.mx\/#organization"},"image":{"@id":"https:\/\/www.sonoraenequipo.com.mx\/propone-alfonso-durazo-reducir-50-el-presupuesto-del-congreso\/#primaryimage"},"thumbnailUrl":"https:\/\/www.sonoraenequipo.com.mx\/storage\/2021\/04\/adm060421.jpg","keywords":["DURAZO","ELECCIONES 2021"],"articleSection":["Sin categorizar"],"inLanguage":"es","potentialAction":[{"@type":"CommentAction","name":"Comment","target":["https:\/\/www.sonoraenequipo.com.mx\/propone-alfonso-durazo-reducir-50-el-presupuesto-del-congreso\/#respond"]}]},{"@type":"WebPage","@id":"https:\/\/www.sonoraenequipo.com.mx\/propone-alfonso-durazo-reducir-50-el-presupuesto-del-congreso\/","url":"https:\/\/www.sonoraenequipo.com.mx\/propone-alfonso-durazo-reducir-50-el-presupuesto-del-congreso\/","name":"Sonora en Equipo. Propone Alfonso Durazo reducir 50% el presupuesto del Congreso","isPartOf":{"@id":"https:\/\/www.sonoraenequipo.com.mx\/#website"},"primaryImageOfPage":{"@id":"https:\/\/www.sonoraenequipo.com.mx\/propone-alfonso-durazo-reducir-50-el-presupuesto-del-congreso\/#primaryimage"},"image":{"@id":"https:\/\/www.sonoraenequipo.com.mx\/propone-alfonso-durazo-reducir-50-el-presupuesto-del-congreso\/#primaryimage"},"thumbnailUrl":"https:\/\/www.sonoraenequipo.com.mx\/storage\/2021\/04\/adm060421.jpg","datePublished":"2021-04-06T22:04:18+00:00","description":"Hermosillo, Sonora.- Reducir a la mitad el presupuesto del Congreso local para destinar una parte a becas para las y los estudiantes sonorenses, propuso En Sonora en Equipo publicamos toda la informaci\u00f3n de Sonora, M\u00e9xico y el Mundo de manera oportuna y busca que la libertad de expresi\u00f3n sea real. Visita nuestro medio informativo publicado desde Hermosillo, Sonora. %","breadcrumb":{"@id":"https:\/\/www.sonoraenequipo.com.mx\/propone-alfonso-durazo-reducir-50-el-presupuesto-del-congreso\/#breadcrumb"},"inLanguage":"es","potentialAction":[{"@type":"ReadAction","target":["https:\/\/www.sonoraenequipo.com.mx\/propone-alfonso-durazo-reducir-50-el-presupuesto-del-congreso\/"]}]},{"@type":"ImageObject","inLanguage":"es","@id":"https:\/\/www.sonoraenequipo.com.mx\/propone-alfonso-durazo-reducir-50-el-presupuesto-del-congreso\/#primaryimage","url":"https:\/\/www.sonoraenequipo.com.mx\/storage\/2021\/04\/adm060421.jpg","contentUrl":"https:\/\/www.sonoraenequipo.com.mx\/storage\/2021\/04\/adm060421.jpg","width":500,"height":300},{"@type":"BreadcrumbList","@id":"https:\/\/www.sonoraenequipo.com.mx\/propone-alfonso-durazo-reducir-50-el-presupuesto-del-congreso\/#breadcrumb","itemListElement":[{"@type":"ListItem","position":1,"name":"Portada","item":"https:\/\/www.sonoraenequipo.com.mx\/"},{"@type":"ListItem","position":2,"name":"Propone Alfonso Durazo reducir 50% el presupuesto del Congreso"}]},{"@type":"WebSite","@id":"https:\/\/www.sonoraenequipo.com.mx\/#website","url":"https:\/\/www.sonoraenequipo.com.mx\/","name":"Sonora en Equipo.","description":"Diario en l\u00ednea con Noticias desde Hermosillo, Sonora","publisher":{"@id":"https:\/\/www.sonoraenequipo.com.mx\/#organization"},"potentialAction":[{"@type":"SearchAction","target":{"@type":"EntryPoint","urlTemplate":"https:\/\/www.sonoraenequipo.com.mx\/?s={search_term_string}"},"query-input":{"@type":"PropertyValueSpecification","valueRequired":true,"valueName":"search_term_string"}}],"inLanguage":"es"},{"@type":"Organization","@id":"https:\/\/www.sonoraenequipo.com.mx\/#organization","name":"Sonoraenequipo.com.mx","url":"https:\/\/www.sonoraenequipo.com.mx\/","logo":{"@type":"ImageObject","inLanguage":"es","@id":"https:\/\/www.sonoraenequipo.com.mx\/#\/schema\/logo\/image\/","url":"https:\/\/www.sonoraenequipo.com.mx\/storage\/2019\/01\/sonoraenequipo_opt.png","contentUrl":"https:\/\/www.sonoraenequipo.com.mx\/storage\/2019\/01\/sonoraenequipo_opt.png","width":375,"height":125,"caption":"Sonoraenequipo.com.mx"},"image":{"@id":"https:\/\/www.sonoraenequipo.com.mx\/#\/schema\/logo\/image\/"},"sameAs":["https:\/\/www.facebook.com\/SonoraEE\/","https:\/\/x.com\/sonoraenequipo","https:\/\/www.youtube.com\/channel\/UC338nW-lPEYmJQs4ZABQ1SQ"]},{"@type":"Person","@id":"https:\/\/www.sonoraenequipo.com.mx\/#\/schema\/person\/50102df0fb23a8fa9e8effad8fa81386","name":"enequipo","image":{"@type":"ImageObject","inLanguage":"es","@id":"https:\/\/www.sonoraenequipo.com.mx\/#\/schema\/person\/image\/","url":"https:\/\/secure.gravatar.com\/avatar\/049821681b589dabc0bc20695993ccebb09f5b5d4d790cd9251b97faac7c652b?s=96&d=blank&r=g","contentUrl":"https:\/\/secure.gravatar.com\/avatar\/049821681b589dabc0bc20695993ccebb09f5b5d4d790cd9251b97faac7c652b?s=96&d=blank&r=g","caption":"enequipo"},"sameAs":["https:\/\/www.facebook.com\/SonoraEE"]}]}},"jetpack_featured_media_url":"https:\/\/www.sonoraenequipo.com.mx\/storage\/2021\/04\/adm060421.jpg","_links":{"self":[{"href":"https:\/\/www.sonoraenequipo.com.mx\/api\/wp\/v2\/posts\/110886","targetHints":{"allow":["GET"]}}],"collection":[{"href":"https:\/\/www.sonoraenequipo.com.mx\/api\/wp\/v2\/posts"}],"about":[{"href":"https:\/\/www.sonoraenequipo.com.mx\/api\/wp\/v2\/types\/post"}],"author":[{"embeddable":true,"href":"https:\/\/www.sonoraenequipo.com.mx\/api\/wp\/v2\/users\/1"}],"replies":[{"embeddable":true,"href":"https:\/\/www.sonoraenequipo.com.mx\/api\/wp\/v2\/comments?post=110886"}],"version-history":[{"count":1,"href":"https:\/\/www.sonoraenequipo.com.mx\/api\/wp\/v2\/posts\/110886\/revisions"}],"predecessor-version":[{"id":110888,"href":"https:\/\/www.sonoraenequipo.com.mx\/api\/wp\/v2\/posts\/110886\/revisions\/110888"}],"wp:featuredmedia":[{"embeddable":true,"href":"https:\/\/www.sonoraenequipo.com.mx\/api\/wp\/v2\/media\/110887"}],"wp:attachment":[{"href":"https:\/\/www.sonoraenequipo.com.mx\/api\/wp\/v2\/media?parent=110886"}],"wp:term":[{"taxonomy":"category","embeddable":true,"href":"https:\/\/www.sonoraenequipo.com.mx\/api\/wp\/v2\/categories?post=110886"},{"taxonomy":"post_tag","embeddable":true,"href":"https:\/\/www.sonoraenequipo.com.mx\/api\/wp\/v2\/tags?post=110886"}],"curies":[{"name":"wp","href":"https:\/\/api.w.org\/{rel}","templated":true}]}}