{"id":110897,"date":"2021-04-06T17:50:34","date_gmt":"2021-04-07T00:50:34","guid":{"rendered":"https:\/\/www.sonoraenequipo.com.mx\/?p=110897"},"modified":"2021-04-06T16:02:42","modified_gmt":"2021-04-06T23:02:42","slug":"por-segundo-dia-simpatizantes-de-felix-salgado-se-manifiestan-frente-al-ine","status":"publish","type":"post","link":"https:\/\/www.sonoraenequipo.com.mx\/por-segundo-dia-simpatizantes-de-felix-salgado-se-manifiestan-frente-al-ine\/","title":{"rendered":"Por segundo d\u00eda, simpatizantes de F\u00e9lix Salgado se manifiestan frente al INE"},"content":{"rendered":"<p>CIUDAD DE M\u00c9XICO. MX. \u2014 Simpatizantes de F\u00e9lix Salgado Macedonio mantienen una protesta afuera del Instituto Nacional Electoral (INE) en la Ciudad de M\u00e9xico para exigir la restituci\u00f3n de su candidatura para la gubernatura de Guerrero y la renuncia del consejero presidente Lorenzo C\u00f3rdova.<\/p>\n<p>&nbsp;<\/p>\n<p> <\/p>\n<p>&nbsp;<\/p>\n<p>Esta tarde iniciaron con las protestas que hasta el momento han incluido la quema de un mu\u00f1eco de Lorenzo C\u00f3rdova hecho con papel mach\u00e9 y bailes con m\u00e1scaras de toro (como se le conoce a F\u00e9lix Salgado), tambi\u00e9n de papel mach\u00e9. Las protestas que iniciaron ayer, donde cientos de simpatizantes del morenista se colocaron sobre las banquetas y camellones con casas de campa\u00f1a.<\/p>\n<p>&nbsp;<\/p>\n<p>Entre las consignas a trav\u00e9s de una bocina montada sobre una camioneta en donde ondean banderas con el logo de Morena est\u00e1n: \u00abVa a caer, va a caer, el INE va a caer\u00bb y \u00abEl pueblo se alz\u00f3, porque el INE lo provoc\u00f3\u00bb.<\/p>\n<p>&nbsp;<\/p>\n<p>&nbsp;<\/p>\n<p>En algunas de las lonas y pancartas colgadas por la protesta se leen mensajes como: \u00abSi F\u00e9lix no aparece en las boletas no habr\u00e1 elecciones en Guerrero\u00bb.<\/p>\n<p>&nbsp;<\/p>\n<p>La vialidad est\u00e1 parcialmente afectada, pues \u00fanicamente permanece abierto un carril de la lateral de Perif\u00e9rico rumbo al sur.<\/p>\n<p>&nbsp;<\/p>\n<p>Elementos de la Secretar\u00eda de Seguridad Ciudadana (SSC) resguardan las instalaciones del INE detr\u00e1s de una vallas met\u00e1licas que se montaron en la entrada posterior del instituto a un lado de la Fundaci\u00f3n Mexicana para la Salud.<\/p>\n<p>&nbsp;<\/p>\n<p>(Publicada el 06\/04\/2021)<\/p>\n","protected":false},"excerpt":{"rendered":"<p>CIUDAD DE M\u00c9XICO. MX. \u2014 Simpatizantes de F\u00e9lix Salgado Macedonio mantienen una protesta afuera del&#8230;<\/p>\n","protected":false},"author":1,"featured_media":110898,"comment_status":"open","ping_status":"open","sticky":false,"template":"","format":"standard","meta":{"_monsterinsights_skip_tracking":false,"_monsterinsights_sitenote_active":false,"_monsterinsights_sitenote_note":"","_monsterinsights_sitenote_category":0,"footnotes":""},"categories":[5],"tags":[],"class_list":["post"],"yoast_head":" \n<title>Sonora en Equipo. Por segundo d\u00eda, simpatizantes de F\u00e9lix Salgado se manifiestan frente al INE Rep\u00fablica<\/title>\n<meta name=\"description\" content=\"CIUDAD DE M\u00c9XICO. MX. \u2014 Simpatizantes de F\u00e9lix Salgado Macedonio mantienen una protesta afuera del Instituto Nacional Electoral (INE) en la Ciudad de En Sonora en Equipo publicamos toda la informaci\u00f3n de Sonora, M\u00e9xico y el Mundo de manera oportuna y busca que la libertad de expresi\u00f3n sea real. Visita nuestro medio informativo publicado desde Hermosillo, Sonora. %\" \/>\n<meta name=\"robots\" content=\"index, follow, max-snippet:-1, max-image-preview:large, max-video-preview:-1\" \/>\n<link rel=\"canonical\" href=\"https:\/\/www.sonoraenequipo.com.mx\/por-segundo-dia-simpatizantes-de-felix-salgado-se-manifiestan-frente-al-ine\/\" \/>\n<meta property=\"og:locale\" content=\"es_ES\" \/>\n<meta property=\"og:type\" content=\"article\" \/>\n<meta property=\"og:title\" content=\"Sonora en Equipo. Por segundo d\u00eda, simpatizantes de F\u00e9lix Salgado se manifiestan frente al INE Rep\u00fablica\" \/>\n<meta property=\"og:description\" content=\"CIUDAD DE M\u00c9XICO. MX. \u2014 Simpatizantes de F\u00e9lix Salgado Macedonio mantienen una protesta afuera del Instituto Nacional Electoral (INE) en la Ciudad de En Sonora en Equipo publicamos toda la informaci\u00f3n de Sonora, M\u00e9xico y el Mundo de manera oportuna y busca que la libertad de expresi\u00f3n sea real. Visita nuestro medio informativo publicado desde Hermosillo, Sonora. %\" \/>\n<meta property=\"og:url\" content=\"https:\/\/www.sonoraenequipo.com.mx\/por-segundo-dia-simpatizantes-de-felix-salgado-se-manifiestan-frente-al-ine\/\" \/>\n<meta property=\"og:site_name\" content=\"Sonora en Equipo.\" \/>\n<meta property=\"article:publisher\" content=\"https:\/\/www.facebook.com\/SonoraEE\/\" \/>\n<meta property=\"article:author\" content=\"https:\/\/www.facebook.com\/SonoraEE\" \/>\n<meta property=\"article:published_time\" content=\"2021-04-07T00:50:34+00:00\" \/>\n<meta property=\"og:image\" content=\"https:\/\/www.sonoraenequipo.com.mx\/storage\/2021\/04\/protestan-oficinas-ine_opt.jpg\" \/>\n\t<meta property=\"og:image:width\" content=\"804\" \/>\n\t<meta property=\"og:image:height\" content=\"500\" \/>\n\t<meta property=\"og:image:type\" content=\"image\/jpeg\" \/>\n<meta name=\"author\" content=\"enequipo\" \/>\n<meta name=\"twitter:card\" content=\"summary_large_image\" \/>\n<meta name=\"twitter:creator\" content=\"@sonoraenequipo\" \/>\n<meta name=\"twitter:site\" content=\"@sonoraenequipo\" \/>\n<meta name=\"twitter:label1\" content=\"Escrito por\" \/>\n\t<meta name=\"twitter:data1\" content=\"enequipo\" \/>\n\t<meta name=\"twitter:label2\" content=\"Tiempo de lectura\" \/>\n\t<meta name=\"twitter:data2\" content=\"2 minutos\" \/>\n<script type=\"application\/ld+json\" class=\"yoast-schema-graph\">{\"@context\":\"https:\/\/schema.org\",\"@graph\":[{\"@type\":\"Article\",\"@id\":\"https:\/\/www.sonoraenequipo.com.mx\/por-segundo-dia-simpatizantes-de-felix-salgado-se-manifiestan-frente-al-ine\/#article\",\"isPartOf\":{\"@id\":\"https:\/\/www.sonoraenequipo.com.mx\/por-segundo-dia-simpatizantes-de-felix-salgado-se-manifiestan-frente-al-ine\/\"},\"author\":{\"name\":\"enequipo\",\"@id\":\"https:\/\/www.sonoraenequipo.com.mx\/#\/schema\/person\/50102df0fb23a8fa9e8effad8fa81386\"},\"headline\":\"Por segundo d\u00eda, simpatizantes de F\u00e9lix Salgado se manifiestan frente al INE\",\"datePublished\":\"2021-04-07T00:50:34+00:00\",\"mainEntityOfPage\":{\"@id\":\"https:\/\/www.sonoraenequipo.com.mx\/por-segundo-dia-simpatizantes-de-felix-salgado-se-manifiestan-frente-al-ine\/\"},\"wordCount\":275,\"commentCount\":0,\"publisher\":{\"@id\":\"https:\/\/www.sonoraenequipo.com.mx\/#organization\"},\"image\":{\"@id\":\"https:\/\/www.sonoraenequipo.com.mx\/por-segundo-dia-simpatizantes-de-felix-salgado-se-manifiestan-frente-al-ine\/#primaryimage\"},\"thumbnailUrl\":\"https:\/\/www.sonoraenequipo.com.mx\/storage\/2021\/04\/protestan-oficinas-ine_opt.jpg\",\"articleSection\":[\"Rep\u00fablica\"],\"inLanguage\":\"es\",\"potentialAction\":[{\"@type\":\"CommentAction\",\"name\":\"Comment\",\"target\":[\"https:\/\/www.sonoraenequipo.com.mx\/por-segundo-dia-simpatizantes-de-felix-salgado-se-manifiestan-frente-al-ine\/#respond\"]}]},{\"@type\":\"WebPage\",\"@id\":\"https:\/\/www.sonoraenequipo.com.mx\/por-segundo-dia-simpatizantes-de-felix-salgado-se-manifiestan-frente-al-ine\/\",\"url\":\"https:\/\/www.sonoraenequipo.com.mx\/por-segundo-dia-simpatizantes-de-felix-salgado-se-manifiestan-frente-al-ine\/\",\"name\":\"Sonora en Equipo. Por segundo d\u00eda, simpatizantes de F\u00e9lix Salgado se manifiestan frente al INE Rep\u00fablica\",\"isPartOf\":{\"@id\":\"https:\/\/www.sonoraenequipo.com.mx\/#website\"},\"primaryImageOfPage\":{\"@id\":\"https:\/\/www.sonoraenequipo.com.mx\/por-segundo-dia-simpatizantes-de-felix-salgado-se-manifiestan-frente-al-ine\/#primaryimage\"},\"image\":{\"@id\":\"https:\/\/www.sonoraenequipo.com.mx\/por-segundo-dia-simpatizantes-de-felix-salgado-se-manifiestan-frente-al-ine\/#primaryimage\"},\"thumbnailUrl\":\"https:\/\/www.sonoraenequipo.com.mx\/storage\/2021\/04\/protestan-oficinas-ine_opt.jpg\",\"datePublished\":\"2021-04-07T00:50:34+00:00\",\"description\":\"CIUDAD DE M\u00c9XICO. MX. \u2014 Simpatizantes de F\u00e9lix Salgado Macedonio mantienen una protesta afuera del Instituto Nacional Electoral (INE) en la Ciudad de En Sonora en Equipo publicamos toda la informaci\u00f3n de Sonora, M\u00e9xico y el Mundo de manera oportuna y busca que la libertad de expresi\u00f3n sea real. Visita nuestro medio informativo publicado desde Hermosillo, Sonora. %\",\"breadcrumb\":{\"@id\":\"https:\/\/www.sonoraenequipo.com.mx\/por-segundo-dia-simpatizantes-de-felix-salgado-se-manifiestan-frente-al-ine\/#breadcrumb\"},\"inLanguage\":\"es\",\"potentialAction\":[{\"@type\":\"ReadAction\",\"target\":[\"https:\/\/www.sonoraenequipo.com.mx\/por-segundo-dia-simpatizantes-de-felix-salgado-se-manifiestan-frente-al-ine\/\"]}]},{\"@type\":\"ImageObject\",\"inLanguage\":\"es\",\"@id\":\"https:\/\/www.sonoraenequipo.com.mx\/por-segundo-dia-simpatizantes-de-felix-salgado-se-manifiestan-frente-al-ine\/#primaryimage\",\"url\":\"https:\/\/www.sonoraenequipo.com.mx\/storage\/2021\/04\/protestan-oficinas-ine_opt.jpg\",\"contentUrl\":\"https:\/\/www.sonoraenequipo.com.mx\/storage\/2021\/04\/protestan-oficinas-ine_opt.jpg\",\"width\":804,\"height\":500},{\"@type\":\"BreadcrumbList\",\"@id\":\"https:\/\/www.sonoraenequipo.com.mx\/por-segundo-dia-simpatizantes-de-felix-salgado-se-manifiestan-frente-al-ine\/#breadcrumb\",\"itemListElement\":[{\"@type\":\"ListItem\",\"position\":1,\"name\":\"Portada\",\"item\":\"https:\/\/www.sonoraenequipo.com.mx\/\"},{\"@type\":\"ListItem\",\"position\":2,\"name\":\"Por segundo d\u00eda, simpatizantes de F\u00e9lix Salgado se manifiestan frente al INE\"}]},{\"@type\":\"WebSite\",\"@id\":\"https:\/\/www.sonoraenequipo.com.mx\/#website\",\"url\":\"https:\/\/www.sonoraenequipo.com.mx\/\",\"name\":\"Sonora en Equipo.\",\"description\":\"Diario en l\u00ednea con Noticias desde Hermosillo, Sonora\",\"publisher\":{\"@id\":\"https:\/\/www.sonoraenequipo.com.mx\/#organization\"},\"potentialAction\":[{\"@type\":\"SearchAction\",\"target\":{\"@type\":\"EntryPoint\",\"urlTemplate\":\"https:\/\/www.sonoraenequipo.com.mx\/?s={search_term_string}\"},\"query-input\":{\"@type\":\"PropertyValueSpecification\",\"valueRequired\":true,\"valueName\":\"search_term_string\"}}],\"inLanguage\":\"es\"},{\"@type\":\"Organization\",\"@id\":\"https:\/\/www.sonoraenequipo.com.mx\/#organization\",\"name\":\"Sonoraenequipo.com.mx\",\"url\":\"https:\/\/www.sonoraenequipo.com.mx\/\",\"logo\":{\"@type\":\"ImageObject\",\"inLanguage\":\"es\",\"@id\":\"https:\/\/www.sonoraenequipo.com.mx\/#\/schema\/logo\/image\/\",\"url\":\"https:\/\/www.sonoraenequipo.com.mx\/storage\/2019\/01\/sonoraenequipo_opt.png\",\"contentUrl\":\"https:\/\/www.sonoraenequipo.com.mx\/storage\/2019\/01\/sonoraenequipo_opt.png\",\"width\":375,\"height\":125,\"caption\":\"Sonoraenequipo.com.mx\"},\"image\":{\"@id\":\"https:\/\/www.sonoraenequipo.com.mx\/#\/schema\/logo\/image\/\"},\"sameAs\":[\"https:\/\/www.facebook.com\/SonoraEE\/\",\"https:\/\/x.com\/sonoraenequipo\",\"https:\/\/www.youtube.com\/channel\/UC338nW-lPEYmJQs4ZABQ1SQ\"]},{\"@type\":\"Person\",\"@id\":\"https:\/\/www.sonoraenequipo.com.mx\/#\/schema\/person\/50102df0fb23a8fa9e8effad8fa81386\",\"name\":\"enequipo\",\"image\":{\"@type\":\"ImageObject\",\"inLanguage\":\"es\",\"@id\":\"https:\/\/www.sonoraenequipo.com.mx\/#\/schema\/person\/image\/\",\"url\":\"https:\/\/secure.gravatar.com\/avatar\/049821681b589dabc0bc20695993ccebb09f5b5d4d790cd9251b97faac7c652b?s=96&d=blank&r=g\",\"contentUrl\":\"https:\/\/secure.gravatar.com\/avatar\/049821681b589dabc0bc20695993ccebb09f5b5d4d790cd9251b97faac7c652b?s=96&d=blank&r=g\",\"caption\":\"enequipo\"},\"sameAs\":[\"https:\/\/www.facebook.com\/SonoraEE\"]}]}<\/script>\n ","yoast_head_json":{"title":"Sonora en Equipo. Por segundo d\u00eda, simpatizantes de F\u00e9lix Salgado se manifiestan frente al INE Rep\u00fablica","description":"CIUDAD DE M\u00c9XICO. MX. \u2014 Simpatizantes de F\u00e9lix Salgado Macedonio mantienen una protesta afuera del Instituto Nacional Electoral (INE) en la Ciudad de En Sonora en Equipo publicamos toda la informaci\u00f3n de Sonora, M\u00e9xico y el Mundo de manera oportuna y busca que la libertad de expresi\u00f3n sea real. Visita nuestro medio informativo publicado desde Hermosillo, Sonora. %","robots":{"index":"index","follow":"follow","max-snippet":"max-snippet:-1","max-image-preview":"max-image-preview:large","max-video-preview":"max-video-preview:-1"},"canonical":"https:\/\/www.sonoraenequipo.com.mx\/por-segundo-dia-simpatizantes-de-felix-salgado-se-manifiestan-frente-al-ine\/","og_locale":"es_ES","og_type":"article","og_title":"Sonora en Equipo. Por segundo d\u00eda, simpatizantes de F\u00e9lix Salgado se manifiestan frente al INE Rep\u00fablica","og_description":"CIUDAD DE M\u00c9XICO. MX. \u2014 Simpatizantes de F\u00e9lix Salgado Macedonio mantienen una protesta afuera del Instituto Nacional Electoral (INE) en la Ciudad de En Sonora en Equipo publicamos toda la informaci\u00f3n de Sonora, M\u00e9xico y el Mundo de manera oportuna y busca que la libertad de expresi\u00f3n sea real. Visita nuestro medio informativo publicado desde Hermosillo, Sonora. %","og_url":"https:\/\/www.sonoraenequipo.com.mx\/por-segundo-dia-simpatizantes-de-felix-salgado-se-manifiestan-frente-al-ine\/","og_site_name":"Sonora en Equipo.","article_publisher":"https:\/\/www.facebook.com\/SonoraEE\/","article_author":"https:\/\/www.facebook.com\/SonoraEE","article_published_time":"2021-04-07T00:50:34+00:00","og_image":[{"width":804,"height":500,"url":"https:\/\/www.sonoraenequipo.com.mx\/storage\/2021\/04\/protestan-oficinas-ine_opt.jpg","type":"image\/jpeg"}],"author":"enequipo","twitter_card":"summary_large_image","twitter_creator":"@sonoraenequipo","twitter_site":"@sonoraenequipo","twitter_misc":{"Escrito por":"enequipo","Tiempo de lectura":"2 minutos"},"schema":{"@context":"https:\/\/schema.org","@graph":[{"@type":"Article","@id":"https:\/\/www.sonoraenequipo.com.mx\/por-segundo-dia-simpatizantes-de-felix-salgado-se-manifiestan-frente-al-ine\/#article","isPartOf":{"@id":"https:\/\/www.sonoraenequipo.com.mx\/por-segundo-dia-simpatizantes-de-felix-salgado-se-manifiestan-frente-al-ine\/"},"author":{"name":"enequipo","@id":"https:\/\/www.sonoraenequipo.com.mx\/#\/schema\/person\/50102df0fb23a8fa9e8effad8fa81386"},"headline":"Por segundo d\u00eda, simpatizantes de F\u00e9lix Salgado se manifiestan frente al INE","datePublished":"2021-04-07T00:50:34+00:00","mainEntityOfPage":{"@id":"https:\/\/www.sonoraenequipo.com.mx\/por-segundo-dia-simpatizantes-de-felix-salgado-se-manifiestan-frente-al-ine\/"},"wordCount":275,"commentCount":0,"publisher":{"@id":"https:\/\/www.sonoraenequipo.com.mx\/#organization"},"image":{"@id":"https:\/\/www.sonoraenequipo.com.mx\/por-segundo-dia-simpatizantes-de-felix-salgado-se-manifiestan-frente-al-ine\/#primaryimage"},"thumbnailUrl":"https:\/\/www.sonoraenequipo.com.mx\/storage\/2021\/04\/protestan-oficinas-ine_opt.jpg","articleSection":["Rep\u00fablica"],"inLanguage":"es","potentialAction":[{"@type":"CommentAction","name":"Comment","target":["https:\/\/www.sonoraenequipo.com.mx\/por-segundo-dia-simpatizantes-de-felix-salgado-se-manifiestan-frente-al-ine\/#respond"]}]},{"@type":"WebPage","@id":"https:\/\/www.sonoraenequipo.com.mx\/por-segundo-dia-simpatizantes-de-felix-salgado-se-manifiestan-frente-al-ine\/","url":"https:\/\/www.sonoraenequipo.com.mx\/por-segundo-dia-simpatizantes-de-felix-salgado-se-manifiestan-frente-al-ine\/","name":"Sonora en Equipo. Por segundo d\u00eda, simpatizantes de F\u00e9lix Salgado se manifiestan frente al INE Rep\u00fablica","isPartOf":{"@id":"https:\/\/www.sonoraenequipo.com.mx\/#website"},"primaryImageOfPage":{"@id":"https:\/\/www.sonoraenequipo.com.mx\/por-segundo-dia-simpatizantes-de-felix-salgado-se-manifiestan-frente-al-ine\/#primaryimage"},"image":{"@id":"https:\/\/www.sonoraenequipo.com.mx\/por-segundo-dia-simpatizantes-de-felix-salgado-se-manifiestan-frente-al-ine\/#primaryimage"},"thumbnailUrl":"https:\/\/www.sonoraenequipo.com.mx\/storage\/2021\/04\/protestan-oficinas-ine_opt.jpg","datePublished":"2021-04-07T00:50:34+00:00","description":"CIUDAD DE M\u00c9XICO. MX. \u2014 Simpatizantes de F\u00e9lix Salgado Macedonio mantienen una protesta afuera del Instituto Nacional Electoral (INE) en la Ciudad de En Sonora en Equipo publicamos toda la informaci\u00f3n de Sonora, M\u00e9xico y el Mundo de manera oportuna y busca que la libertad de expresi\u00f3n sea real. Visita nuestro medio informativo publicado desde Hermosillo, Sonora. %","breadcrumb":{"@id":"https:\/\/www.sonoraenequipo.com.mx\/por-segundo-dia-simpatizantes-de-felix-salgado-se-manifiestan-frente-al-ine\/#breadcrumb"},"inLanguage":"es","potentialAction":[{"@type":"ReadAction","target":["https:\/\/www.sonoraenequipo.com.mx\/por-segundo-dia-simpatizantes-de-felix-salgado-se-manifiestan-frente-al-ine\/"]}]},{"@type":"ImageObject","inLanguage":"es","@id":"https:\/\/www.sonoraenequipo.com.mx\/por-segundo-dia-simpatizantes-de-felix-salgado-se-manifiestan-frente-al-ine\/#primaryimage","url":"https:\/\/www.sonoraenequipo.com.mx\/storage\/2021\/04\/protestan-oficinas-ine_opt.jpg","contentUrl":"https:\/\/www.sonoraenequipo.com.mx\/storage\/2021\/04\/protestan-oficinas-ine_opt.jpg","width":804,"height":500},{"@type":"BreadcrumbList","@id":"https:\/\/www.sonoraenequipo.com.mx\/por-segundo-dia-simpatizantes-de-felix-salgado-se-manifiestan-frente-al-ine\/#breadcrumb","itemListElement":[{"@type":"ListItem","position":1,"name":"Portada","item":"https:\/\/www.sonoraenequipo.com.mx\/"},{"@type":"ListItem","position":2,"name":"Por segundo d\u00eda, simpatizantes de F\u00e9lix Salgado se manifiestan frente al INE"}]},{"@type":"WebSite","@id":"https:\/\/www.sonoraenequipo.com.mx\/#website","url":"https:\/\/www.sonoraenequipo.com.mx\/","name":"Sonora en Equipo.","description":"Diario en l\u00ednea con Noticias desde Hermosillo, Sonora","publisher":{"@id":"https:\/\/www.sonoraenequipo.com.mx\/#organization"},"potentialAction":[{"@type":"SearchAction","target":{"@type":"EntryPoint","urlTemplate":"https:\/\/www.sonoraenequipo.com.mx\/?s={search_term_string}"},"query-input":{"@type":"PropertyValueSpecification","valueRequired":true,"valueName":"search_term_string"}}],"inLanguage":"es"},{"@type":"Organization","@id":"https:\/\/www.sonoraenequipo.com.mx\/#organization","name":"Sonoraenequipo.com.mx","url":"https:\/\/www.sonoraenequipo.com.mx\/","logo":{"@type":"ImageObject","inLanguage":"es","@id":"https:\/\/www.sonoraenequipo.com.mx\/#\/schema\/logo\/image\/","url":"https:\/\/www.sonoraenequipo.com.mx\/storage\/2019\/01\/sonoraenequipo_opt.png","contentUrl":"https:\/\/www.sonoraenequipo.com.mx\/storage\/2019\/01\/sonoraenequipo_opt.png","width":375,"height":125,"caption":"Sonoraenequipo.com.mx"},"image":{"@id":"https:\/\/www.sonoraenequipo.com.mx\/#\/schema\/logo\/image\/"},"sameAs":["https:\/\/www.facebook.com\/SonoraEE\/","https:\/\/x.com\/sonoraenequipo","https:\/\/www.youtube.com\/channel\/UC338nW-lPEYmJQs4ZABQ1SQ"]},{"@type":"Person","@id":"https:\/\/www.sonoraenequipo.com.mx\/#\/schema\/person\/50102df0fb23a8fa9e8effad8fa81386","name":"enequipo","image":{"@type":"ImageObject","inLanguage":"es","@id":"https:\/\/www.sonoraenequipo.com.mx\/#\/schema\/person\/image\/","url":"https:\/\/secure.gravatar.com\/avatar\/049821681b589dabc0bc20695993ccebb09f5b5d4d790cd9251b97faac7c652b?s=96&d=blank&r=g","contentUrl":"https:\/\/secure.gravatar.com\/avatar\/049821681b589dabc0bc20695993ccebb09f5b5d4d790cd9251b97faac7c652b?s=96&d=blank&r=g","caption":"enequipo"},"sameAs":["https:\/\/www.facebook.com\/SonoraEE"]}]}},"jetpack_featured_media_url":"https:\/\/www.sonoraenequipo.com.mx\/storage\/2021\/04\/protestan-oficinas-ine_opt.jpg","_links":{"self":[{"href":"https:\/\/www.sonoraenequipo.com.mx\/api\/wp\/v2\/posts\/110897","targetHints":{"allow":["GET"]}}],"collection":[{"href":"https:\/\/www.sonoraenequipo.com.mx\/api\/wp\/v2\/posts"}],"about":[{"href":"https:\/\/www.sonoraenequipo.com.mx\/api\/wp\/v2\/types\/post"}],"author":[{"embeddable":true,"href":"https:\/\/www.sonoraenequipo.com.mx\/api\/wp\/v2\/users\/1"}],"replies":[{"embeddable":true,"href":"https:\/\/www.sonoraenequipo.com.mx\/api\/wp\/v2\/comments?post=110897"}],"version-history":[{"count":1,"href":"https:\/\/www.sonoraenequipo.com.mx\/api\/wp\/v2\/posts\/110897\/revisions"}],"predecessor-version":[{"id":110899,"href":"https:\/\/www.sonoraenequipo.com.mx\/api\/wp\/v2\/posts\/110897\/revisions\/110899"}],"wp:featuredmedia":[{"embeddable":true,"href":"https:\/\/www.sonoraenequipo.com.mx\/api\/wp\/v2\/media\/110898"}],"wp:attachment":[{"href":"https:\/\/www.sonoraenequipo.com.mx\/api\/wp\/v2\/media?parent=110897"}],"wp:term":[{"taxonomy":"category","embeddable":true,"href":"https:\/\/www.sonoraenequipo.com.mx\/api\/wp\/v2\/categories?post=110897"},{"taxonomy":"post_tag","embeddable":true,"href":"https:\/\/www.sonoraenequipo.com.mx\/api\/wp\/v2\/tags?post=110897"}],"curies":[{"name":"wp","href":"https:\/\/api.w.org\/{rel}","templated":true}]}}