{"id":110905,"date":"2021-04-06T16:55:47","date_gmt":"2021-04-06T23:55:47","guid":{"rendered":"https:\/\/www.sonoraenequipo.com.mx\/?p=110905"},"modified":"2021-04-06T16:55:47","modified_gmt":"2021-04-06T23:55:47","slug":"aprueban-minuta-de-reforma-constitucional-y-rinden-protesta-diputados-propietarios","status":"publish","type":"post","link":"https:\/\/www.sonoraenequipo.com.mx\/aprueban-minuta-de-reforma-constitucional-y-rinden-protesta-diputados-propietarios\/","title":{"rendered":"Aprueban minuta de reforma constitucional y rinden protesta diputados propietarios"},"content":{"rendered":"<p>&nbsp;<\/p>\n<p>&nbsp;<\/p>\n<p>&nbsp;<\/p>\n<p>Hermosillo, Son., abril 6 de 2021.- El Pleno del Congreso del Estado aprob\u00f3 la minuta con proyecto de Decreto por el que se reforma el p\u00e1rrafo cuarto de la fracci\u00f3n IV del Art\u00edculo 74 de la Constituci\u00f3n Pol\u00edtica de los Estados Unidos Mexicanos, que establece que no podr\u00e1 haber partidas secretas en el Presupuesto de Egresos de la Federaci\u00f3n.<\/p>\n<p>En esta primera sesi\u00f3n del mes de abril rindieron protesta de Ley como diputados propietarios de la LXII Legislatura, los ciudadanos <em><strong>Daniel Liera Castro, Jos\u00e9 R\u00f3mulo F\u00e9lix Gast\u00e9lum, Patricia Pacheco Borb\u00f3n, Juan Gabriel P\u00e9rez P\u00e9rez y Oralia S\u00e1nchez Hern\u00e1ndez.<\/strong><\/em><\/p>\n<p>&nbsp;<\/p>\n<p>De acuerdo al orden del d\u00eda aprobado, la Comisi\u00f3n de Gobernaci\u00f3n y Puntos Constitucionales present\u00f3 tres dict\u00e1menes para su aprobaci\u00f3n, el primero sobre la reforma constitucional en materia de partida secreta y los otros dos sobre renuncias al cargo de regidores de los ayuntamientos de Bacoachi y San Javier, Sonora.<\/p>\n<p>&nbsp;<\/p>\n<p>El diputado Jos\u00e9 Salvador Urz\u00faa Sol\u00eds present\u00f3 al Pleno el dictamen que se elabor\u00f3 con base en la minuta remitida por la C\u00e1mara de Senadores, que estableci\u00f3 la necesidad de ajustar el texto constitucional para dejar atr\u00e1s la posibilidad de que haya partidas secretas, as\u00ed como para contribuir a que se mantenga en la memoria pol\u00edtica del pa\u00eds, la existencia durante muchos a\u00f1os de esta clase de gastos, propios de la corrupci\u00f3n como elemento del sistema pol\u00edtico.<\/p>\n<p>&nbsp;<\/p>\n<p>En el resumen de la propuesta de dictamen destaca como fundamental el buen manejo de los recursos p\u00fablicos y de transparentar su uso, a fin de consolidar una democracia creciente como la que acontece en el pa\u00eds.<\/p>\n<p>&nbsp;<\/p>\n<p>&nbsp;<\/p>\n<p>&nbsp;<\/p>\n<p>La diputada Mar\u00eda Magdalena Uribe Pe\u00f1a ley\u00f3 enseguida el Acuerdo presentado por la Comisi\u00f3n de Gobernaci\u00f3n y Puntos Constitucionales, mediante el cual este Poder Legislativo aprueba la renuncia presentada por el ciudadano Rosendo L\u00f3pez D\u00e1valos, al cargo de regidor propietario del Ayuntamiento de Bacoachi, Sonora.<\/p>\n<p>&nbsp;<\/p>\n<p>&nbsp;<\/p>\n<p>&nbsp;<\/p>\n<p>El resolutivo deber\u00e1 hacerse del conocimiento al ciudadano Jos\u00e9 Eduardo Navarro G\u00f3mez, a efecto de que rinda la protesta de Ley como regidor propietario. Se comision\u00f3 al diputado Ferm\u00edn Trujillo Fuentes para que acuda a la toma de protesta con la representaci\u00f3n del Poder Legislativo.<\/p>\n<p>&nbsp;<\/p>\n<p>&nbsp;<\/p>\n<p>&nbsp;<\/p>\n<p>Tambi\u00e9n se aprob\u00f3 la renuncia al cargo de regidora propietaria del Ayuntamiento de San Javier a la ciudadana Dora Leticia Alday Buelna, por lo cual deber\u00e1 hacerse del conocimiento este resolutivo a la ciudadana Mar\u00eda de los \u00c1ngeles Burboa Ruiz, para que asuma el cargo. El diputado Trujillo Fuentes fue comisionado a acudir a la toma de protesta en nombre y representaci\u00f3n de esta Soberan\u00eda.<\/p>\n<p>&nbsp;<\/p>\n<p>&nbsp;<\/p>\n<p>&nbsp;<\/p>\n<p>La presidenta de la mesa directiva, Rosa Icela Mart\u00ednez Espinoza, turn\u00f3 a la Comisi\u00f3n de Gobernaci\u00f3n y Puntos Constitucionales, una iniciativa presentada por el diputado Carlos Navarrete Aguirre, con proyecto de ley que deroga y adiciona diversas disposiciones a la Constituci\u00f3n Pol\u00edtica del Estado de Sonora.<\/p>\n<p>&nbsp;<\/p>\n<p>&nbsp;<\/p>\n<p>Propuso que la Defensor\u00eda de Oficio no dependa del Poder Ejecutivo, sino del Poder Judicial, que para su designaci\u00f3n dependa del Pleno del Supremo Tribunal de Justicia del Estado y que dentro del mismo poder exista la posibilidad de la carrera judicial y no sean removidos por cuestiones pol\u00edticas.<\/p>\n<p>&nbsp;<\/p>\n<p>&nbsp;<\/p>\n<p>&nbsp;<\/p>\n<p>En esta sesi\u00f3n ordinaria, la Presidencia recibi\u00f3 en correspondencia un paquete de cuatro iniciativas presentadas por el diputado Jorge Villaescusa Aguayo, relativas a la comercializaci\u00f3n del Bacanora, las cuales se turnaron para estudio a la Comisi\u00f3n de Fomento Econ\u00f3mico y Turismo.<\/p>\n<p>&nbsp;<\/p>\n<p>&nbsp;<\/p>\n<p>&nbsp;<\/p>\n<p>La primera es iniciativa con punto de acuerdo mediante el cual solicita que el Congreso del Estado resuelva exhortar a la C\u00e1mara de Diputados del Congreso de la Uni\u00f3n, al titular del Ejecutivo Federal y a la Secretar\u00eda de Hacienda y Cr\u00e9dito P\u00fablico, con el objeto de que exenten del pago del Impuesto Especial Sobre Productos y Servicios, IEPS, a la comercializaci\u00f3n del Bacanora.<\/p>\n<p>&nbsp;<\/p>\n<p>&nbsp;<\/p>\n<p>&nbsp;<\/p>\n<p>La segunda iniciativa es un proyecto de decreto que adiciona la Ley que regula la operaci\u00f3n y funcionamiento de los establecimientos destinados a la fabricaci\u00f3n, envasamiento, distribuci\u00f3n, almacenamiento, transportaci\u00f3n, venta y consumo de bebidas con contenido alcoh\u00f3lico en el Estado de Sonora.<\/p>\n<p>&nbsp;<\/p>\n<p>&nbsp;<\/p>\n<p>&nbsp;<\/p>\n<p>La tercera es un proyecto de ley que declara el d\u00eda 6 de noviembre de cada a\u00f1o como D\u00eda Estatal del Bacanora; y la cuarta iniciativa es un proyecto de decreto que reforma, deroga y adiciona diversas disposiciones a la Ley de fomento para la producci\u00f3n, industrializaci\u00f3n y comercializaci\u00f3n del Bacanora en el Estado de Sonora.<\/p>\n<p>&nbsp;<\/p>\n<p>&nbsp;<\/p>\n<p>&nbsp;<\/p>\n<p>La pr\u00f3xima sesi\u00f3n del Pleno, que ser\u00e1 virtual, por acuerdo de la Comisi\u00f3n de R\u00e9gimen Interno y Concertaci\u00f3n Pol\u00edtica, se cit\u00f3 para el jueves 8 de abril, a las 12:00 horas.<\/p>\n<p>Fecha de publicaci\u00f3n \u00a0\u00a0martes\/ 6 \/abril \/ 2021<\/p>\n<p>&nbsp;<\/p>\n","protected":false},"excerpt":{"rendered":"<p>&nbsp; &nbsp; &nbsp; Hermosillo, Son., abril 6 de 2021.- El Pleno del Congreso del Estado&#8230;<\/p>\n","protected":false},"author":1,"featured_media":110906,"comment_status":"open","ping_status":"open","sticky":false,"template":"","format":"standard","meta":{"_monsterinsights_skip_tracking":false,"_monsterinsights_sitenote_active":false,"_monsterinsights_sitenote_note":"","_monsterinsights_sitenote_category":0,"footnotes":""},"categories":[3281],"tags":[5594],"class_list":["post"],"yoast_head":" \n<title>Sonora en Equipo. Aprueban minuta de reforma constitucional y rinden protesta diputados propietarios Congreso<\/title>\n<meta name=\"description\" content=\"&nbsp; &nbsp; &nbsp; Hermosillo, Son., abril 6 de 2021.- El Pleno del Congreso del Estado aprob\u00f3 la minuta con proyecto de Decreto por el que se reforma En Sonora en Equipo publicamos toda la informaci\u00f3n de Sonora, M\u00e9xico y el Mundo de manera oportuna y busca que la libertad de expresi\u00f3n sea real. Visita nuestro medio informativo publicado desde Hermosillo, Sonora. %\" \/>\n<meta name=\"robots\" content=\"index, follow, max-snippet:-1, max-image-preview:large, max-video-preview:-1\" \/>\n<link rel=\"canonical\" href=\"https:\/\/www.sonoraenequipo.com.mx\/aprueban-minuta-de-reforma-constitucional-y-rinden-protesta-diputados-propietarios\/\" \/>\n<meta property=\"og:locale\" content=\"es_ES\" \/>\n<meta property=\"og:type\" content=\"article\" \/>\n<meta property=\"og:title\" content=\"Sonora en Equipo. Aprueban minuta de reforma constitucional y rinden protesta diputados propietarios Congreso\" \/>\n<meta property=\"og:description\" content=\"&nbsp; &nbsp; &nbsp; Hermosillo, Son., abril 6 de 2021.- El Pleno del Congreso del Estado aprob\u00f3 la minuta con proyecto de Decreto por el que se reforma En Sonora en Equipo publicamos toda la informaci\u00f3n de Sonora, M\u00e9xico y el Mundo de manera oportuna y busca que la libertad de expresi\u00f3n sea real. Visita nuestro medio informativo publicado desde Hermosillo, Sonora. %\" \/>\n<meta property=\"og:url\" content=\"https:\/\/www.sonoraenequipo.com.mx\/aprueban-minuta-de-reforma-constitucional-y-rinden-protesta-diputados-propietarios\/\" \/>\n<meta property=\"og:site_name\" content=\"Sonora en Equipo.\" \/>\n<meta property=\"article:publisher\" content=\"https:\/\/www.facebook.com\/SonoraEE\/\" \/>\n<meta property=\"article:author\" content=\"https:\/\/www.facebook.com\/SonoraEE\" \/>\n<meta property=\"article:published_time\" content=\"2021-04-06T23:55:47+00:00\" \/>\n<meta property=\"og:image\" content=\"https:\/\/www.sonoraenequipo.com.mx\/storage\/2021\/04\/nuevos-diputados.jpg\" \/>\n\t<meta property=\"og:image:width\" content=\"500\" \/>\n\t<meta property=\"og:image:height\" content=\"300\" \/>\n\t<meta property=\"og:image:type\" content=\"image\/jpeg\" \/>\n<meta name=\"author\" content=\"enequipo\" \/>\n<meta name=\"twitter:card\" content=\"summary_large_image\" \/>\n<meta name=\"twitter:creator\" content=\"@sonoraenequipo\" \/>\n<meta name=\"twitter:site\" content=\"@sonoraenequipo\" \/>\n<meta name=\"twitter:label1\" content=\"Escrito por\" \/>\n\t<meta name=\"twitter:data1\" content=\"enequipo\" \/>\n\t<meta name=\"twitter:label2\" content=\"Tiempo de lectura\" \/>\n\t<meta name=\"twitter:data2\" content=\"4 minutos\" \/>\n<script type=\"application\/ld+json\" class=\"yoast-schema-graph\">{\"@context\":\"https:\/\/schema.org\",\"@graph\":[{\"@type\":\"Article\",\"@id\":\"https:\/\/www.sonoraenequipo.com.mx\/aprueban-minuta-de-reforma-constitucional-y-rinden-protesta-diputados-propietarios\/#article\",\"isPartOf\":{\"@id\":\"https:\/\/www.sonoraenequipo.com.mx\/aprueban-minuta-de-reforma-constitucional-y-rinden-protesta-diputados-propietarios\/\"},\"author\":{\"name\":\"enequipo\",\"@id\":\"https:\/\/www.sonoraenequipo.com.mx\/#\/schema\/person\/50102df0fb23a8fa9e8effad8fa81386\"},\"headline\":\"Aprueban minuta de reforma constitucional y rinden protesta diputados propietarios\",\"datePublished\":\"2021-04-06T23:55:47+00:00\",\"mainEntityOfPage\":{\"@id\":\"https:\/\/www.sonoraenequipo.com.mx\/aprueban-minuta-de-reforma-constitucional-y-rinden-protesta-diputados-propietarios\/\"},\"wordCount\":872,\"commentCount\":0,\"publisher\":{\"@id\":\"https:\/\/www.sonoraenequipo.com.mx\/#organization\"},\"image\":{\"@id\":\"https:\/\/www.sonoraenequipo.com.mx\/aprueban-minuta-de-reforma-constitucional-y-rinden-protesta-diputados-propietarios\/#primaryimage\"},\"thumbnailUrl\":\"https:\/\/www.sonoraenequipo.com.mx\/storage\/2021\/04\/nuevos-diputados.jpg\",\"keywords\":[\"nuevos diputados\"],\"articleSection\":[\"Congreso\"],\"inLanguage\":\"es\",\"potentialAction\":[{\"@type\":\"CommentAction\",\"name\":\"Comment\",\"target\":[\"https:\/\/www.sonoraenequipo.com.mx\/aprueban-minuta-de-reforma-constitucional-y-rinden-protesta-diputados-propietarios\/#respond\"]}]},{\"@type\":\"WebPage\",\"@id\":\"https:\/\/www.sonoraenequipo.com.mx\/aprueban-minuta-de-reforma-constitucional-y-rinden-protesta-diputados-propietarios\/\",\"url\":\"https:\/\/www.sonoraenequipo.com.mx\/aprueban-minuta-de-reforma-constitucional-y-rinden-protesta-diputados-propietarios\/\",\"name\":\"Sonora en Equipo. Aprueban minuta de reforma constitucional y rinden protesta diputados propietarios Congreso\",\"isPartOf\":{\"@id\":\"https:\/\/www.sonoraenequipo.com.mx\/#website\"},\"primaryImageOfPage\":{\"@id\":\"https:\/\/www.sonoraenequipo.com.mx\/aprueban-minuta-de-reforma-constitucional-y-rinden-protesta-diputados-propietarios\/#primaryimage\"},\"image\":{\"@id\":\"https:\/\/www.sonoraenequipo.com.mx\/aprueban-minuta-de-reforma-constitucional-y-rinden-protesta-diputados-propietarios\/#primaryimage\"},\"thumbnailUrl\":\"https:\/\/www.sonoraenequipo.com.mx\/storage\/2021\/04\/nuevos-diputados.jpg\",\"datePublished\":\"2021-04-06T23:55:47+00:00\",\"description\":\"&nbsp; &nbsp; &nbsp; Hermosillo, Son., abril 6 de 2021.- El Pleno del Congreso del Estado aprob\u00f3 la minuta con proyecto de Decreto por el que se reforma En Sonora en Equipo publicamos toda la informaci\u00f3n de Sonora, M\u00e9xico y el Mundo de manera oportuna y busca que la libertad de expresi\u00f3n sea real. Visita nuestro medio informativo publicado desde Hermosillo, Sonora. %\",\"breadcrumb\":{\"@id\":\"https:\/\/www.sonoraenequipo.com.mx\/aprueban-minuta-de-reforma-constitucional-y-rinden-protesta-diputados-propietarios\/#breadcrumb\"},\"inLanguage\":\"es\",\"potentialAction\":[{\"@type\":\"ReadAction\",\"target\":[\"https:\/\/www.sonoraenequipo.com.mx\/aprueban-minuta-de-reforma-constitucional-y-rinden-protesta-diputados-propietarios\/\"]}]},{\"@type\":\"ImageObject\",\"inLanguage\":\"es\",\"@id\":\"https:\/\/www.sonoraenequipo.com.mx\/aprueban-minuta-de-reforma-constitucional-y-rinden-protesta-diputados-propietarios\/#primaryimage\",\"url\":\"https:\/\/www.sonoraenequipo.com.mx\/storage\/2021\/04\/nuevos-diputados.jpg\",\"contentUrl\":\"https:\/\/www.sonoraenequipo.com.mx\/storage\/2021\/04\/nuevos-diputados.jpg\",\"width\":500,\"height\":300},{\"@type\":\"BreadcrumbList\",\"@id\":\"https:\/\/www.sonoraenequipo.com.mx\/aprueban-minuta-de-reforma-constitucional-y-rinden-protesta-diputados-propietarios\/#breadcrumb\",\"itemListElement\":[{\"@type\":\"ListItem\",\"position\":1,\"name\":\"Portada\",\"item\":\"https:\/\/www.sonoraenequipo.com.mx\/\"},{\"@type\":\"ListItem\",\"position\":2,\"name\":\"Aprueban minuta de reforma constitucional y rinden protesta diputados propietarios\"}]},{\"@type\":\"WebSite\",\"@id\":\"https:\/\/www.sonoraenequipo.com.mx\/#website\",\"url\":\"https:\/\/www.sonoraenequipo.com.mx\/\",\"name\":\"Sonora en Equipo.\",\"description\":\"Diario en l\u00ednea con Noticias desde Hermosillo, Sonora\",\"publisher\":{\"@id\":\"https:\/\/www.sonoraenequipo.com.mx\/#organization\"},\"potentialAction\":[{\"@type\":\"SearchAction\",\"target\":{\"@type\":\"EntryPoint\",\"urlTemplate\":\"https:\/\/www.sonoraenequipo.com.mx\/?s={search_term_string}\"},\"query-input\":{\"@type\":\"PropertyValueSpecification\",\"valueRequired\":true,\"valueName\":\"search_term_string\"}}],\"inLanguage\":\"es\"},{\"@type\":\"Organization\",\"@id\":\"https:\/\/www.sonoraenequipo.com.mx\/#organization\",\"name\":\"Sonoraenequipo.com.mx\",\"url\":\"https:\/\/www.sonoraenequipo.com.mx\/\",\"logo\":{\"@type\":\"ImageObject\",\"inLanguage\":\"es\",\"@id\":\"https:\/\/www.sonoraenequipo.com.mx\/#\/schema\/logo\/image\/\",\"url\":\"https:\/\/www.sonoraenequipo.com.mx\/storage\/2019\/01\/sonoraenequipo_opt.png\",\"contentUrl\":\"https:\/\/www.sonoraenequipo.com.mx\/storage\/2019\/01\/sonoraenequipo_opt.png\",\"width\":375,\"height\":125,\"caption\":\"Sonoraenequipo.com.mx\"},\"image\":{\"@id\":\"https:\/\/www.sonoraenequipo.com.mx\/#\/schema\/logo\/image\/\"},\"sameAs\":[\"https:\/\/www.facebook.com\/SonoraEE\/\",\"https:\/\/x.com\/sonoraenequipo\",\"https:\/\/www.youtube.com\/channel\/UC338nW-lPEYmJQs4ZABQ1SQ\"]},{\"@type\":\"Person\",\"@id\":\"https:\/\/www.sonoraenequipo.com.mx\/#\/schema\/person\/50102df0fb23a8fa9e8effad8fa81386\",\"name\":\"enequipo\",\"image\":{\"@type\":\"ImageObject\",\"inLanguage\":\"es\",\"@id\":\"https:\/\/www.sonoraenequipo.com.mx\/#\/schema\/person\/image\/\",\"url\":\"https:\/\/secure.gravatar.com\/avatar\/049821681b589dabc0bc20695993ccebb09f5b5d4d790cd9251b97faac7c652b?s=96&d=blank&r=g\",\"contentUrl\":\"https:\/\/secure.gravatar.com\/avatar\/049821681b589dabc0bc20695993ccebb09f5b5d4d790cd9251b97faac7c652b?s=96&d=blank&r=g\",\"caption\":\"enequipo\"},\"sameAs\":[\"https:\/\/www.facebook.com\/SonoraEE\"]}]}<\/script>\n ","yoast_head_json":{"title":"Sonora en Equipo. Aprueban minuta de reforma constitucional y rinden protesta diputados propietarios Congreso","description":"&nbsp; &nbsp; &nbsp; Hermosillo, Son., abril 6 de 2021.- El Pleno del Congreso del Estado aprob\u00f3 la minuta con proyecto de Decreto por el que se reforma En Sonora en Equipo publicamos toda la informaci\u00f3n de Sonora, M\u00e9xico y el Mundo de manera oportuna y busca que la libertad de expresi\u00f3n sea real. Visita nuestro medio informativo publicado desde Hermosillo, Sonora. %","robots":{"index":"index","follow":"follow","max-snippet":"max-snippet:-1","max-image-preview":"max-image-preview:large","max-video-preview":"max-video-preview:-1"},"canonical":"https:\/\/www.sonoraenequipo.com.mx\/aprueban-minuta-de-reforma-constitucional-y-rinden-protesta-diputados-propietarios\/","og_locale":"es_ES","og_type":"article","og_title":"Sonora en Equipo. Aprueban minuta de reforma constitucional y rinden protesta diputados propietarios Congreso","og_description":"&nbsp; &nbsp; &nbsp; Hermosillo, Son., abril 6 de 2021.- El Pleno del Congreso del Estado aprob\u00f3 la minuta con proyecto de Decreto por el que se reforma En Sonora en Equipo publicamos toda la informaci\u00f3n de Sonora, M\u00e9xico y el Mundo de manera oportuna y busca que la libertad de expresi\u00f3n sea real. Visita nuestro medio informativo publicado desde Hermosillo, Sonora. %","og_url":"https:\/\/www.sonoraenequipo.com.mx\/aprueban-minuta-de-reforma-constitucional-y-rinden-protesta-diputados-propietarios\/","og_site_name":"Sonora en Equipo.","article_publisher":"https:\/\/www.facebook.com\/SonoraEE\/","article_author":"https:\/\/www.facebook.com\/SonoraEE","article_published_time":"2021-04-06T23:55:47+00:00","og_image":[{"width":500,"height":300,"url":"https:\/\/www.sonoraenequipo.com.mx\/storage\/2021\/04\/nuevos-diputados.jpg","type":"image\/jpeg"}],"author":"enequipo","twitter_card":"summary_large_image","twitter_creator":"@sonoraenequipo","twitter_site":"@sonoraenequipo","twitter_misc":{"Escrito por":"enequipo","Tiempo de lectura":"4 minutos"},"schema":{"@context":"https:\/\/schema.org","@graph":[{"@type":"Article","@id":"https:\/\/www.sonoraenequipo.com.mx\/aprueban-minuta-de-reforma-constitucional-y-rinden-protesta-diputados-propietarios\/#article","isPartOf":{"@id":"https:\/\/www.sonoraenequipo.com.mx\/aprueban-minuta-de-reforma-constitucional-y-rinden-protesta-diputados-propietarios\/"},"author":{"name":"enequipo","@id":"https:\/\/www.sonoraenequipo.com.mx\/#\/schema\/person\/50102df0fb23a8fa9e8effad8fa81386"},"headline":"Aprueban minuta de reforma constitucional y rinden protesta diputados propietarios","datePublished":"2021-04-06T23:55:47+00:00","mainEntityOfPage":{"@id":"https:\/\/www.sonoraenequipo.com.mx\/aprueban-minuta-de-reforma-constitucional-y-rinden-protesta-diputados-propietarios\/"},"wordCount":872,"commentCount":0,"publisher":{"@id":"https:\/\/www.sonoraenequipo.com.mx\/#organization"},"image":{"@id":"https:\/\/www.sonoraenequipo.com.mx\/aprueban-minuta-de-reforma-constitucional-y-rinden-protesta-diputados-propietarios\/#primaryimage"},"thumbnailUrl":"https:\/\/www.sonoraenequipo.com.mx\/storage\/2021\/04\/nuevos-diputados.jpg","keywords":["nuevos diputados"],"articleSection":["Congreso"],"inLanguage":"es","potentialAction":[{"@type":"CommentAction","name":"Comment","target":["https:\/\/www.sonoraenequipo.com.mx\/aprueban-minuta-de-reforma-constitucional-y-rinden-protesta-diputados-propietarios\/#respond"]}]},{"@type":"WebPage","@id":"https:\/\/www.sonoraenequipo.com.mx\/aprueban-minuta-de-reforma-constitucional-y-rinden-protesta-diputados-propietarios\/","url":"https:\/\/www.sonoraenequipo.com.mx\/aprueban-minuta-de-reforma-constitucional-y-rinden-protesta-diputados-propietarios\/","name":"Sonora en Equipo. Aprueban minuta de reforma constitucional y rinden protesta diputados propietarios Congreso","isPartOf":{"@id":"https:\/\/www.sonoraenequipo.com.mx\/#website"},"primaryImageOfPage":{"@id":"https:\/\/www.sonoraenequipo.com.mx\/aprueban-minuta-de-reforma-constitucional-y-rinden-protesta-diputados-propietarios\/#primaryimage"},"image":{"@id":"https:\/\/www.sonoraenequipo.com.mx\/aprueban-minuta-de-reforma-constitucional-y-rinden-protesta-diputados-propietarios\/#primaryimage"},"thumbnailUrl":"https:\/\/www.sonoraenequipo.com.mx\/storage\/2021\/04\/nuevos-diputados.jpg","datePublished":"2021-04-06T23:55:47+00:00","description":"&nbsp; &nbsp; &nbsp; Hermosillo, Son., abril 6 de 2021.- El Pleno del Congreso del Estado aprob\u00f3 la minuta con proyecto de Decreto por el que se reforma En Sonora en Equipo publicamos toda la informaci\u00f3n de Sonora, M\u00e9xico y el Mundo de manera oportuna y busca que la libertad de expresi\u00f3n sea real. Visita nuestro medio informativo publicado desde Hermosillo, Sonora. %","breadcrumb":{"@id":"https:\/\/www.sonoraenequipo.com.mx\/aprueban-minuta-de-reforma-constitucional-y-rinden-protesta-diputados-propietarios\/#breadcrumb"},"inLanguage":"es","potentialAction":[{"@type":"ReadAction","target":["https:\/\/www.sonoraenequipo.com.mx\/aprueban-minuta-de-reforma-constitucional-y-rinden-protesta-diputados-propietarios\/"]}]},{"@type":"ImageObject","inLanguage":"es","@id":"https:\/\/www.sonoraenequipo.com.mx\/aprueban-minuta-de-reforma-constitucional-y-rinden-protesta-diputados-propietarios\/#primaryimage","url":"https:\/\/www.sonoraenequipo.com.mx\/storage\/2021\/04\/nuevos-diputados.jpg","contentUrl":"https:\/\/www.sonoraenequipo.com.mx\/storage\/2021\/04\/nuevos-diputados.jpg","width":500,"height":300},{"@type":"BreadcrumbList","@id":"https:\/\/www.sonoraenequipo.com.mx\/aprueban-minuta-de-reforma-constitucional-y-rinden-protesta-diputados-propietarios\/#breadcrumb","itemListElement":[{"@type":"ListItem","position":1,"name":"Portada","item":"https:\/\/www.sonoraenequipo.com.mx\/"},{"@type":"ListItem","position":2,"name":"Aprueban minuta de reforma constitucional y rinden protesta diputados propietarios"}]},{"@type":"WebSite","@id":"https:\/\/www.sonoraenequipo.com.mx\/#website","url":"https:\/\/www.sonoraenequipo.com.mx\/","name":"Sonora en Equipo.","description":"Diario en l\u00ednea con Noticias desde Hermosillo, Sonora","publisher":{"@id":"https:\/\/www.sonoraenequipo.com.mx\/#organization"},"potentialAction":[{"@type":"SearchAction","target":{"@type":"EntryPoint","urlTemplate":"https:\/\/www.sonoraenequipo.com.mx\/?s={search_term_string}"},"query-input":{"@type":"PropertyValueSpecification","valueRequired":true,"valueName":"search_term_string"}}],"inLanguage":"es"},{"@type":"Organization","@id":"https:\/\/www.sonoraenequipo.com.mx\/#organization","name":"Sonoraenequipo.com.mx","url":"https:\/\/www.sonoraenequipo.com.mx\/","logo":{"@type":"ImageObject","inLanguage":"es","@id":"https:\/\/www.sonoraenequipo.com.mx\/#\/schema\/logo\/image\/","url":"https:\/\/www.sonoraenequipo.com.mx\/storage\/2019\/01\/sonoraenequipo_opt.png","contentUrl":"https:\/\/www.sonoraenequipo.com.mx\/storage\/2019\/01\/sonoraenequipo_opt.png","width":375,"height":125,"caption":"Sonoraenequipo.com.mx"},"image":{"@id":"https:\/\/www.sonoraenequipo.com.mx\/#\/schema\/logo\/image\/"},"sameAs":["https:\/\/www.facebook.com\/SonoraEE\/","https:\/\/x.com\/sonoraenequipo","https:\/\/www.youtube.com\/channel\/UC338nW-lPEYmJQs4ZABQ1SQ"]},{"@type":"Person","@id":"https:\/\/www.sonoraenequipo.com.mx\/#\/schema\/person\/50102df0fb23a8fa9e8effad8fa81386","name":"enequipo","image":{"@type":"ImageObject","inLanguage":"es","@id":"https:\/\/www.sonoraenequipo.com.mx\/#\/schema\/person\/image\/","url":"https:\/\/secure.gravatar.com\/avatar\/049821681b589dabc0bc20695993ccebb09f5b5d4d790cd9251b97faac7c652b?s=96&d=blank&r=g","contentUrl":"https:\/\/secure.gravatar.com\/avatar\/049821681b589dabc0bc20695993ccebb09f5b5d4d790cd9251b97faac7c652b?s=96&d=blank&r=g","caption":"enequipo"},"sameAs":["https:\/\/www.facebook.com\/SonoraEE"]}]}},"jetpack_featured_media_url":"https:\/\/www.sonoraenequipo.com.mx\/storage\/2021\/04\/nuevos-diputados.jpg","_links":{"self":[{"href":"https:\/\/www.sonoraenequipo.com.mx\/api\/wp\/v2\/posts\/110905","targetHints":{"allow":["GET"]}}],"collection":[{"href":"https:\/\/www.sonoraenequipo.com.mx\/api\/wp\/v2\/posts"}],"about":[{"href":"https:\/\/www.sonoraenequipo.com.mx\/api\/wp\/v2\/types\/post"}],"author":[{"embeddable":true,"href":"https:\/\/www.sonoraenequipo.com.mx\/api\/wp\/v2\/users\/1"}],"replies":[{"embeddable":true,"href":"https:\/\/www.sonoraenequipo.com.mx\/api\/wp\/v2\/comments?post=110905"}],"version-history":[{"count":1,"href":"https:\/\/www.sonoraenequipo.com.mx\/api\/wp\/v2\/posts\/110905\/revisions"}],"predecessor-version":[{"id":110907,"href":"https:\/\/www.sonoraenequipo.com.mx\/api\/wp\/v2\/posts\/110905\/revisions\/110907"}],"wp:featuredmedia":[{"embeddable":true,"href":"https:\/\/www.sonoraenequipo.com.mx\/api\/wp\/v2\/media\/110906"}],"wp:attachment":[{"href":"https:\/\/www.sonoraenequipo.com.mx\/api\/wp\/v2\/media?parent=110905"}],"wp:term":[{"taxonomy":"category","embeddable":true,"href":"https:\/\/www.sonoraenequipo.com.mx\/api\/wp\/v2\/categories?post=110905"},{"taxonomy":"post_tag","embeddable":true,"href":"https:\/\/www.sonoraenequipo.com.mx\/api\/wp\/v2\/tags?post=110905"}],"curies":[{"name":"wp","href":"https:\/\/api.w.org\/{rel}","templated":true}]}}