{"id":110916,"date":"2021-04-06T18:20:24","date_gmt":"2021-04-07T01:20:24","guid":{"rendered":"https:\/\/www.sonoraenequipo.com.mx\/?p=110916"},"modified":"2021-04-06T20:23:35","modified_gmt":"2021-04-07T03:23:35","slug":"claudia-pavlovich-supervisa-el-primer-dia-de-vacunacion-en-hermosillo","status":"publish","type":"post","link":"https:\/\/www.sonoraenequipo.com.mx\/claudia-pavlovich-supervisa-el-primer-dia-de-vacunacion-en-hermosillo\/","title":{"rendered":"Claudia Pavlovich supervisa el primer d\u00eda de vacunaci\u00f3n en Hermosillo"},"content":{"rendered":"<p>HERMOSILLO, SONORA. MX. \u2014 La gobernadora Claudia Pavlovich Arellano recorri\u00f3 los puntos de vacunaci\u00f3n en Hermosillo donde se aplic\u00f3 la primera dosis de la vacuna contra Covid-19 para adultos mayores en la capital sonorense, donde supervis\u00f3 la aplicaci\u00f3n del biol\u00f3gico para dar certeza y confianza en esta protecci\u00f3n.<\/p>\n<p>&nbsp;<\/p>\n<p> <\/p>\n<p>&nbsp;<\/p>\n<p>Acompa\u00f1ada por Edgar Jes\u00fas Zitle Garc\u00eda, titular del \u00f3rgano de operaci\u00f3n administrativa desconcentrada del IMSS en Sonora y coordinador de la campa\u00f1a federal de vacunaci\u00f3n contra Covid-19; y Jorge Ambia Minero, comandante de la Cuarta Zona Militar; la gobernadora Pavlovich visit\u00f3 los puntos instalados en el Centro de Usos M\u00faltiples, en el estacionamiento del Estadio Sonora y en el Cobach Norte, donde habl\u00f3 personalmente con los adultos mayores que acudieron a recibir su primer dosis de la vacuna.<\/p>\n<p>&nbsp;<\/p>\n<p>\u201cEstoy contenta, la verdad, lo que hemos supervisado va bastante bien, son varios puntos de vacunaci\u00f3n, es un proceso que est\u00e1 muy bien cuidado, que nos ha ido bastante bien hasta ahorita, hay que seguir supervisando\u201d, indic\u00f3.<\/p>\n<p>&nbsp;<\/p>\n<p>La gobernadora Pavlovich reconoci\u00f3 la participaci\u00f3n del personal de salud en esta tarea y de la coordinaci\u00f3n de todos los \u00f3rdenes de gobierno, por lo que llam\u00f3 a la poblaci\u00f3n a mantener las medidas preventivas a\u00fan despu\u00e9s de haber recibido la vacuna.<\/p>\n<p>&nbsp;<\/p>\n<p><em>\u201cTodo el personal est\u00e1 haciendo lo mejor que puede su trabajo, muchas gracias, y a la gente muy importante, decirles que se sigan cuidando, esto no ha terminado, ya las vacunas est\u00e1n llegando, est\u00e1n con carpas, est\u00e1n aqu\u00ed, tambi\u00e9n en el CUM est\u00e1 bastante bien hecho, estamos supervisando los lugares\u201d<\/em>, se\u00f1al\u00f3.<\/p>\n<p>&nbsp;<\/p>\n<p>Agreg\u00f3 que se tienen dos puntos de vacunaci\u00f3n por autom\u00f3vil en Hermosillo, a los cuales pueden acudir los adultos mayores con dificultades motrices, acorde a su d\u00eda, edad y orden alfab\u00e9tico.<\/p>\n<p>&nbsp;<\/p>\n<p>Para el proceso de vacunaci\u00f3n en la capital sonorense se instalaron 32 puntos de vacunaci\u00f3n para la aplicaci\u00f3n de la primera dosis de AstraZeneca, ubicados en: Cecytes Pueblitos, Habitat Solidaridad IV, Cecytes Alto Valle, Escuela Melchor Ocampo, Primaria General Pascual P\u00e9rez Gonz\u00e1lez, Secundaria T\u00e9cnica Estatal #15, CBTIS 206, Cecytes La Manga, Centro de Usos M\u00faltiples (CUM), Jard\u00edn de Ni\u00f1os Nueva Creaci\u00f3n California, H\u00e1bitat Internacional, Escuela 6 de Abril.<\/p>\n<p>&nbsp;<\/p>\n<p>CBTIS 11, Cobach Reforma, Primaria Vicente Mora, CBTIS 132, Secundaria #5 Jos\u00e9 Vasconcelos, H\u00e1bitat Caf\u00e9 Combate, Cecytes Mariachi; Cobach Norte, Primaria L\u00e1zaro C\u00e1rdenas del R\u00edo, H\u00e1bitat Los Olivos, H\u00e1bitat Las Minitas, Primaria Vicente Guerrero, Centro AMAH Altares, Centro CAFV Las Lomas, Cobach Villa de Seris, H\u00e1bitat Poblado Miguel Alem\u00e1n, Centro CAPTS Bah\u00eda de Kino, y la Primaria Jes\u00fas Garc\u00eda (San Pedro).<\/p>\n<p>&nbsp;<\/p>\n<p>Este d\u00eda se inici\u00f3 la vacunaci\u00f3n a los adultos mayores de 60 a\u00f1os en Hermosillo con 67 mil dosis de AstraZeneca, mientras que en Huatabampo y Cajeme seguir\u00eda el procedimiento con 38 mil dosis de Cansino.<\/p>\n<p>&nbsp;<\/p>\n<p>El proceso empez\u00f3 este martes con personas mayores de 75 a\u00f1os, el mi\u00e9rcoles tocar\u00e1 el turno a los adultos mayores de 70 a 74 a\u00f1os, el jueves a las personas de 65 a 69 a\u00f1os y el viernes a quienes tienen entre 60 y 64 a\u00f1os.<\/p>\n<p>&nbsp;<\/p>\n<p>(Publicada el 06\/04\/2021)<\/p>\n","protected":false},"excerpt":{"rendered":"<p>HERMOSILLO, SONORA. MX. \u2014 La gobernadora Claudia Pavlovich Arellano recorri\u00f3 los puntos de vacunaci\u00f3n en&#8230;<\/p>\n","protected":false},"author":1,"featured_media":110917,"comment_status":"open","ping_status":"open","sticky":false,"template":"","format":"standard","meta":{"_monsterinsights_skip_tracking":false,"_monsterinsights_sitenote_active":false,"_monsterinsights_sitenote_note":"","_monsterinsights_sitenote_category":0,"footnotes":""},"categories":[22],"tags":[],"class_list":["post"],"yoast_head":" \n<title>Sonora en Equipo. Claudia Pavlovich supervisa el primer d\u00eda de vacunaci\u00f3n en Hermosillo Sonora<\/title>\n<meta name=\"description\" content=\"HERMOSILLO, SONORA. MX. \u2014 La gobernadora Claudia Pavlovich Arellano recorri\u00f3 los puntos de vacunaci\u00f3n en Hermosillo donde se aplic\u00f3 la primera dosis de la En Sonora en Equipo publicamos toda la informaci\u00f3n de Sonora, M\u00e9xico y el Mundo de manera oportuna y busca que la libertad de expresi\u00f3n sea real. Visita nuestro medio informativo publicado desde Hermosillo, Sonora. %\" \/>\n<meta name=\"robots\" content=\"index, follow, max-snippet:-1, max-image-preview:large, max-video-preview:-1\" \/>\n<link rel=\"canonical\" href=\"https:\/\/www.sonoraenequipo.com.mx\/claudia-pavlovich-supervisa-el-primer-dia-de-vacunacion-en-hermosillo\/\" \/>\n<meta property=\"og:locale\" content=\"es_ES\" \/>\n<meta property=\"og:type\" content=\"article\" \/>\n<meta property=\"og:title\" content=\"Sonora en Equipo. Claudia Pavlovich supervisa el primer d\u00eda de vacunaci\u00f3n en Hermosillo Sonora\" \/>\n<meta property=\"og:description\" content=\"HERMOSILLO, SONORA. MX. \u2014 La gobernadora Claudia Pavlovich Arellano recorri\u00f3 los puntos de vacunaci\u00f3n en Hermosillo donde se aplic\u00f3 la primera dosis de la En Sonora en Equipo publicamos toda la informaci\u00f3n de Sonora, M\u00e9xico y el Mundo de manera oportuna y busca que la libertad de expresi\u00f3n sea real. Visita nuestro medio informativo publicado desde Hermosillo, Sonora. %\" \/>\n<meta property=\"og:url\" content=\"https:\/\/www.sonoraenequipo.com.mx\/claudia-pavlovich-supervisa-el-primer-dia-de-vacunacion-en-hermosillo\/\" \/>\n<meta property=\"og:site_name\" content=\"Sonora en Equipo.\" \/>\n<meta property=\"article:publisher\" content=\"https:\/\/www.facebook.com\/SonoraEE\/\" \/>\n<meta property=\"article:author\" content=\"https:\/\/www.facebook.com\/SonoraEE\" \/>\n<meta property=\"article:published_time\" content=\"2021-04-07T01:20:24+00:00\" \/>\n<meta property=\"article:modified_time\" content=\"2021-04-07T03:23:35+00:00\" \/>\n<meta property=\"og:image\" content=\"https:\/\/www.sonoraenequipo.com.mx\/storage\/2021\/04\/claudia-pavlovich-vacunacion-3_opt.jpg\" \/>\n\t<meta property=\"og:image:width\" content=\"700\" \/>\n\t<meta property=\"og:image:height\" content=\"400\" \/>\n\t<meta property=\"og:image:type\" content=\"image\/jpeg\" \/>\n<meta name=\"author\" content=\"enequipo\" \/>\n<meta name=\"twitter:card\" content=\"summary_large_image\" \/>\n<meta name=\"twitter:creator\" content=\"@sonoraenequipo\" \/>\n<meta name=\"twitter:site\" content=\"@sonoraenequipo\" \/>\n<meta name=\"twitter:label1\" content=\"Escrito por\" \/>\n\t<meta name=\"twitter:data1\" content=\"enequipo\" \/>\n\t<meta name=\"twitter:label2\" content=\"Tiempo de lectura\" \/>\n\t<meta name=\"twitter:data2\" content=\"3 minutos\" \/>\n<script type=\"application\/ld+json\" class=\"yoast-schema-graph\">{\"@context\":\"https:\/\/schema.org\",\"@graph\":[{\"@type\":\"Article\",\"@id\":\"https:\/\/www.sonoraenequipo.com.mx\/claudia-pavlovich-supervisa-el-primer-dia-de-vacunacion-en-hermosillo\/#article\",\"isPartOf\":{\"@id\":\"https:\/\/www.sonoraenequipo.com.mx\/claudia-pavlovich-supervisa-el-primer-dia-de-vacunacion-en-hermosillo\/\"},\"author\":{\"name\":\"enequipo\",\"@id\":\"https:\/\/www.sonoraenequipo.com.mx\/#\/schema\/person\/50102df0fb23a8fa9e8effad8fa81386\"},\"headline\":\"Claudia Pavlovich supervisa el primer d\u00eda de vacunaci\u00f3n en Hermosillo\",\"datePublished\":\"2021-04-07T01:20:24+00:00\",\"dateModified\":\"2021-04-07T03:23:35+00:00\",\"mainEntityOfPage\":{\"@id\":\"https:\/\/www.sonoraenequipo.com.mx\/claudia-pavlovich-supervisa-el-primer-dia-de-vacunacion-en-hermosillo\/\"},\"wordCount\":562,\"commentCount\":0,\"publisher\":{\"@id\":\"https:\/\/www.sonoraenequipo.com.mx\/#organization\"},\"image\":{\"@id\":\"https:\/\/www.sonoraenequipo.com.mx\/claudia-pavlovich-supervisa-el-primer-dia-de-vacunacion-en-hermosillo\/#primaryimage\"},\"thumbnailUrl\":\"https:\/\/www.sonoraenequipo.com.mx\/storage\/2021\/04\/claudia-pavlovich-vacunacion-3_opt.jpg\",\"articleSection\":[\"Sonora\"],\"inLanguage\":\"es\",\"potentialAction\":[{\"@type\":\"CommentAction\",\"name\":\"Comment\",\"target\":[\"https:\/\/www.sonoraenequipo.com.mx\/claudia-pavlovich-supervisa-el-primer-dia-de-vacunacion-en-hermosillo\/#respond\"]}]},{\"@type\":\"WebPage\",\"@id\":\"https:\/\/www.sonoraenequipo.com.mx\/claudia-pavlovich-supervisa-el-primer-dia-de-vacunacion-en-hermosillo\/\",\"url\":\"https:\/\/www.sonoraenequipo.com.mx\/claudia-pavlovich-supervisa-el-primer-dia-de-vacunacion-en-hermosillo\/\",\"name\":\"Sonora en Equipo. Claudia Pavlovich supervisa el primer d\u00eda de vacunaci\u00f3n en Hermosillo Sonora\",\"isPartOf\":{\"@id\":\"https:\/\/www.sonoraenequipo.com.mx\/#website\"},\"primaryImageOfPage\":{\"@id\":\"https:\/\/www.sonoraenequipo.com.mx\/claudia-pavlovich-supervisa-el-primer-dia-de-vacunacion-en-hermosillo\/#primaryimage\"},\"image\":{\"@id\":\"https:\/\/www.sonoraenequipo.com.mx\/claudia-pavlovich-supervisa-el-primer-dia-de-vacunacion-en-hermosillo\/#primaryimage\"},\"thumbnailUrl\":\"https:\/\/www.sonoraenequipo.com.mx\/storage\/2021\/04\/claudia-pavlovich-vacunacion-3_opt.jpg\",\"datePublished\":\"2021-04-07T01:20:24+00:00\",\"dateModified\":\"2021-04-07T03:23:35+00:00\",\"description\":\"HERMOSILLO, SONORA. MX. \u2014 La gobernadora Claudia Pavlovich Arellano recorri\u00f3 los puntos de vacunaci\u00f3n en Hermosillo donde se aplic\u00f3 la primera dosis de la En Sonora en Equipo publicamos toda la informaci\u00f3n de Sonora, M\u00e9xico y el Mundo de manera oportuna y busca que la libertad de expresi\u00f3n sea real. Visita nuestro medio informativo publicado desde Hermosillo, Sonora. %\",\"breadcrumb\":{\"@id\":\"https:\/\/www.sonoraenequipo.com.mx\/claudia-pavlovich-supervisa-el-primer-dia-de-vacunacion-en-hermosillo\/#breadcrumb\"},\"inLanguage\":\"es\",\"potentialAction\":[{\"@type\":\"ReadAction\",\"target\":[\"https:\/\/www.sonoraenequipo.com.mx\/claudia-pavlovich-supervisa-el-primer-dia-de-vacunacion-en-hermosillo\/\"]}]},{\"@type\":\"ImageObject\",\"inLanguage\":\"es\",\"@id\":\"https:\/\/www.sonoraenequipo.com.mx\/claudia-pavlovich-supervisa-el-primer-dia-de-vacunacion-en-hermosillo\/#primaryimage\",\"url\":\"https:\/\/www.sonoraenequipo.com.mx\/storage\/2021\/04\/claudia-pavlovich-vacunacion-3_opt.jpg\",\"contentUrl\":\"https:\/\/www.sonoraenequipo.com.mx\/storage\/2021\/04\/claudia-pavlovich-vacunacion-3_opt.jpg\",\"width\":700,\"height\":400},{\"@type\":\"BreadcrumbList\",\"@id\":\"https:\/\/www.sonoraenequipo.com.mx\/claudia-pavlovich-supervisa-el-primer-dia-de-vacunacion-en-hermosillo\/#breadcrumb\",\"itemListElement\":[{\"@type\":\"ListItem\",\"position\":1,\"name\":\"Portada\",\"item\":\"https:\/\/www.sonoraenequipo.com.mx\/\"},{\"@type\":\"ListItem\",\"position\":2,\"name\":\"Claudia Pavlovich supervisa el primer d\u00eda de vacunaci\u00f3n en Hermosillo\"}]},{\"@type\":\"WebSite\",\"@id\":\"https:\/\/www.sonoraenequipo.com.mx\/#website\",\"url\":\"https:\/\/www.sonoraenequipo.com.mx\/\",\"name\":\"Sonora en Equipo.\",\"description\":\"Diario en l\u00ednea con Noticias desde Hermosillo, Sonora\",\"publisher\":{\"@id\":\"https:\/\/www.sonoraenequipo.com.mx\/#organization\"},\"potentialAction\":[{\"@type\":\"SearchAction\",\"target\":{\"@type\":\"EntryPoint\",\"urlTemplate\":\"https:\/\/www.sonoraenequipo.com.mx\/?s={search_term_string}\"},\"query-input\":{\"@type\":\"PropertyValueSpecification\",\"valueRequired\":true,\"valueName\":\"search_term_string\"}}],\"inLanguage\":\"es\"},{\"@type\":\"Organization\",\"@id\":\"https:\/\/www.sonoraenequipo.com.mx\/#organization\",\"name\":\"Sonoraenequipo.com.mx\",\"url\":\"https:\/\/www.sonoraenequipo.com.mx\/\",\"logo\":{\"@type\":\"ImageObject\",\"inLanguage\":\"es\",\"@id\":\"https:\/\/www.sonoraenequipo.com.mx\/#\/schema\/logo\/image\/\",\"url\":\"https:\/\/www.sonoraenequipo.com.mx\/storage\/2019\/01\/sonoraenequipo_opt.png\",\"contentUrl\":\"https:\/\/www.sonoraenequipo.com.mx\/storage\/2019\/01\/sonoraenequipo_opt.png\",\"width\":375,\"height\":125,\"caption\":\"Sonoraenequipo.com.mx\"},\"image\":{\"@id\":\"https:\/\/www.sonoraenequipo.com.mx\/#\/schema\/logo\/image\/\"},\"sameAs\":[\"https:\/\/www.facebook.com\/SonoraEE\/\",\"https:\/\/x.com\/sonoraenequipo\",\"https:\/\/www.youtube.com\/channel\/UC338nW-lPEYmJQs4ZABQ1SQ\"]},{\"@type\":\"Person\",\"@id\":\"https:\/\/www.sonoraenequipo.com.mx\/#\/schema\/person\/50102df0fb23a8fa9e8effad8fa81386\",\"name\":\"enequipo\",\"image\":{\"@type\":\"ImageObject\",\"inLanguage\":\"es\",\"@id\":\"https:\/\/www.sonoraenequipo.com.mx\/#\/schema\/person\/image\/\",\"url\":\"https:\/\/secure.gravatar.com\/avatar\/049821681b589dabc0bc20695993ccebb09f5b5d4d790cd9251b97faac7c652b?s=96&d=blank&r=g\",\"contentUrl\":\"https:\/\/secure.gravatar.com\/avatar\/049821681b589dabc0bc20695993ccebb09f5b5d4d790cd9251b97faac7c652b?s=96&d=blank&r=g\",\"caption\":\"enequipo\"},\"sameAs\":[\"https:\/\/www.facebook.com\/SonoraEE\"]}]}<\/script>\n ","yoast_head_json":{"title":"Sonora en Equipo. Claudia Pavlovich supervisa el primer d\u00eda de vacunaci\u00f3n en Hermosillo Sonora","description":"HERMOSILLO, SONORA. MX. \u2014 La gobernadora Claudia Pavlovich Arellano recorri\u00f3 los puntos de vacunaci\u00f3n en Hermosillo donde se aplic\u00f3 la primera dosis de la En Sonora en Equipo publicamos toda la informaci\u00f3n de Sonora, M\u00e9xico y el Mundo de manera oportuna y busca que la libertad de expresi\u00f3n sea real. Visita nuestro medio informativo publicado desde Hermosillo, Sonora. %","robots":{"index":"index","follow":"follow","max-snippet":"max-snippet:-1","max-image-preview":"max-image-preview:large","max-video-preview":"max-video-preview:-1"},"canonical":"https:\/\/www.sonoraenequipo.com.mx\/claudia-pavlovich-supervisa-el-primer-dia-de-vacunacion-en-hermosillo\/","og_locale":"es_ES","og_type":"article","og_title":"Sonora en Equipo. Claudia Pavlovich supervisa el primer d\u00eda de vacunaci\u00f3n en Hermosillo Sonora","og_description":"HERMOSILLO, SONORA. MX. \u2014 La gobernadora Claudia Pavlovich Arellano recorri\u00f3 los puntos de vacunaci\u00f3n en Hermosillo donde se aplic\u00f3 la primera dosis de la En Sonora en Equipo publicamos toda la informaci\u00f3n de Sonora, M\u00e9xico y el Mundo de manera oportuna y busca que la libertad de expresi\u00f3n sea real. Visita nuestro medio informativo publicado desde Hermosillo, Sonora. %","og_url":"https:\/\/www.sonoraenequipo.com.mx\/claudia-pavlovich-supervisa-el-primer-dia-de-vacunacion-en-hermosillo\/","og_site_name":"Sonora en Equipo.","article_publisher":"https:\/\/www.facebook.com\/SonoraEE\/","article_author":"https:\/\/www.facebook.com\/SonoraEE","article_published_time":"2021-04-07T01:20:24+00:00","article_modified_time":"2021-04-07T03:23:35+00:00","og_image":[{"width":700,"height":400,"url":"https:\/\/www.sonoraenequipo.com.mx\/storage\/2021\/04\/claudia-pavlovich-vacunacion-3_opt.jpg","type":"image\/jpeg"}],"author":"enequipo","twitter_card":"summary_large_image","twitter_creator":"@sonoraenequipo","twitter_site":"@sonoraenequipo","twitter_misc":{"Escrito por":"enequipo","Tiempo de lectura":"3 minutos"},"schema":{"@context":"https:\/\/schema.org","@graph":[{"@type":"Article","@id":"https:\/\/www.sonoraenequipo.com.mx\/claudia-pavlovich-supervisa-el-primer-dia-de-vacunacion-en-hermosillo\/#article","isPartOf":{"@id":"https:\/\/www.sonoraenequipo.com.mx\/claudia-pavlovich-supervisa-el-primer-dia-de-vacunacion-en-hermosillo\/"},"author":{"name":"enequipo","@id":"https:\/\/www.sonoraenequipo.com.mx\/#\/schema\/person\/50102df0fb23a8fa9e8effad8fa81386"},"headline":"Claudia Pavlovich supervisa el primer d\u00eda de vacunaci\u00f3n en Hermosillo","datePublished":"2021-04-07T01:20:24+00:00","dateModified":"2021-04-07T03:23:35+00:00","mainEntityOfPage":{"@id":"https:\/\/www.sonoraenequipo.com.mx\/claudia-pavlovich-supervisa-el-primer-dia-de-vacunacion-en-hermosillo\/"},"wordCount":562,"commentCount":0,"publisher":{"@id":"https:\/\/www.sonoraenequipo.com.mx\/#organization"},"image":{"@id":"https:\/\/www.sonoraenequipo.com.mx\/claudia-pavlovich-supervisa-el-primer-dia-de-vacunacion-en-hermosillo\/#primaryimage"},"thumbnailUrl":"https:\/\/www.sonoraenequipo.com.mx\/storage\/2021\/04\/claudia-pavlovich-vacunacion-3_opt.jpg","articleSection":["Sonora"],"inLanguage":"es","potentialAction":[{"@type":"CommentAction","name":"Comment","target":["https:\/\/www.sonoraenequipo.com.mx\/claudia-pavlovich-supervisa-el-primer-dia-de-vacunacion-en-hermosillo\/#respond"]}]},{"@type":"WebPage","@id":"https:\/\/www.sonoraenequipo.com.mx\/claudia-pavlovich-supervisa-el-primer-dia-de-vacunacion-en-hermosillo\/","url":"https:\/\/www.sonoraenequipo.com.mx\/claudia-pavlovich-supervisa-el-primer-dia-de-vacunacion-en-hermosillo\/","name":"Sonora en Equipo. Claudia Pavlovich supervisa el primer d\u00eda de vacunaci\u00f3n en Hermosillo Sonora","isPartOf":{"@id":"https:\/\/www.sonoraenequipo.com.mx\/#website"},"primaryImageOfPage":{"@id":"https:\/\/www.sonoraenequipo.com.mx\/claudia-pavlovich-supervisa-el-primer-dia-de-vacunacion-en-hermosillo\/#primaryimage"},"image":{"@id":"https:\/\/www.sonoraenequipo.com.mx\/claudia-pavlovich-supervisa-el-primer-dia-de-vacunacion-en-hermosillo\/#primaryimage"},"thumbnailUrl":"https:\/\/www.sonoraenequipo.com.mx\/storage\/2021\/04\/claudia-pavlovich-vacunacion-3_opt.jpg","datePublished":"2021-04-07T01:20:24+00:00","dateModified":"2021-04-07T03:23:35+00:00","description":"HERMOSILLO, SONORA. MX. \u2014 La gobernadora Claudia Pavlovich Arellano recorri\u00f3 los puntos de vacunaci\u00f3n en Hermosillo donde se aplic\u00f3 la primera dosis de la En Sonora en Equipo publicamos toda la informaci\u00f3n de Sonora, M\u00e9xico y el Mundo de manera oportuna y busca que la libertad de expresi\u00f3n sea real. Visita nuestro medio informativo publicado desde Hermosillo, Sonora. %","breadcrumb":{"@id":"https:\/\/www.sonoraenequipo.com.mx\/claudia-pavlovich-supervisa-el-primer-dia-de-vacunacion-en-hermosillo\/#breadcrumb"},"inLanguage":"es","potentialAction":[{"@type":"ReadAction","target":["https:\/\/www.sonoraenequipo.com.mx\/claudia-pavlovich-supervisa-el-primer-dia-de-vacunacion-en-hermosillo\/"]}]},{"@type":"ImageObject","inLanguage":"es","@id":"https:\/\/www.sonoraenequipo.com.mx\/claudia-pavlovich-supervisa-el-primer-dia-de-vacunacion-en-hermosillo\/#primaryimage","url":"https:\/\/www.sonoraenequipo.com.mx\/storage\/2021\/04\/claudia-pavlovich-vacunacion-3_opt.jpg","contentUrl":"https:\/\/www.sonoraenequipo.com.mx\/storage\/2021\/04\/claudia-pavlovich-vacunacion-3_opt.jpg","width":700,"height":400},{"@type":"BreadcrumbList","@id":"https:\/\/www.sonoraenequipo.com.mx\/claudia-pavlovich-supervisa-el-primer-dia-de-vacunacion-en-hermosillo\/#breadcrumb","itemListElement":[{"@type":"ListItem","position":1,"name":"Portada","item":"https:\/\/www.sonoraenequipo.com.mx\/"},{"@type":"ListItem","position":2,"name":"Claudia Pavlovich supervisa el primer d\u00eda de vacunaci\u00f3n en Hermosillo"}]},{"@type":"WebSite","@id":"https:\/\/www.sonoraenequipo.com.mx\/#website","url":"https:\/\/www.sonoraenequipo.com.mx\/","name":"Sonora en Equipo.","description":"Diario en l\u00ednea con Noticias desde Hermosillo, Sonora","publisher":{"@id":"https:\/\/www.sonoraenequipo.com.mx\/#organization"},"potentialAction":[{"@type":"SearchAction","target":{"@type":"EntryPoint","urlTemplate":"https:\/\/www.sonoraenequipo.com.mx\/?s={search_term_string}"},"query-input":{"@type":"PropertyValueSpecification","valueRequired":true,"valueName":"search_term_string"}}],"inLanguage":"es"},{"@type":"Organization","@id":"https:\/\/www.sonoraenequipo.com.mx\/#organization","name":"Sonoraenequipo.com.mx","url":"https:\/\/www.sonoraenequipo.com.mx\/","logo":{"@type":"ImageObject","inLanguage":"es","@id":"https:\/\/www.sonoraenequipo.com.mx\/#\/schema\/logo\/image\/","url":"https:\/\/www.sonoraenequipo.com.mx\/storage\/2019\/01\/sonoraenequipo_opt.png","contentUrl":"https:\/\/www.sonoraenequipo.com.mx\/storage\/2019\/01\/sonoraenequipo_opt.png","width":375,"height":125,"caption":"Sonoraenequipo.com.mx"},"image":{"@id":"https:\/\/www.sonoraenequipo.com.mx\/#\/schema\/logo\/image\/"},"sameAs":["https:\/\/www.facebook.com\/SonoraEE\/","https:\/\/x.com\/sonoraenequipo","https:\/\/www.youtube.com\/channel\/UC338nW-lPEYmJQs4ZABQ1SQ"]},{"@type":"Person","@id":"https:\/\/www.sonoraenequipo.com.mx\/#\/schema\/person\/50102df0fb23a8fa9e8effad8fa81386","name":"enequipo","image":{"@type":"ImageObject","inLanguage":"es","@id":"https:\/\/www.sonoraenequipo.com.mx\/#\/schema\/person\/image\/","url":"https:\/\/secure.gravatar.com\/avatar\/049821681b589dabc0bc20695993ccebb09f5b5d4d790cd9251b97faac7c652b?s=96&d=blank&r=g","contentUrl":"https:\/\/secure.gravatar.com\/avatar\/049821681b589dabc0bc20695993ccebb09f5b5d4d790cd9251b97faac7c652b?s=96&d=blank&r=g","caption":"enequipo"},"sameAs":["https:\/\/www.facebook.com\/SonoraEE"]}]}},"jetpack_featured_media_url":"https:\/\/www.sonoraenequipo.com.mx\/storage\/2021\/04\/claudia-pavlovich-vacunacion-3_opt.jpg","_links":{"self":[{"href":"https:\/\/www.sonoraenequipo.com.mx\/api\/wp\/v2\/posts\/110916","targetHints":{"allow":["GET"]}}],"collection":[{"href":"https:\/\/www.sonoraenequipo.com.mx\/api\/wp\/v2\/posts"}],"about":[{"href":"https:\/\/www.sonoraenequipo.com.mx\/api\/wp\/v2\/types\/post"}],"author":[{"embeddable":true,"href":"https:\/\/www.sonoraenequipo.com.mx\/api\/wp\/v2\/users\/1"}],"replies":[{"embeddable":true,"href":"https:\/\/www.sonoraenequipo.com.mx\/api\/wp\/v2\/comments?post=110916"}],"version-history":[{"count":1,"href":"https:\/\/www.sonoraenequipo.com.mx\/api\/wp\/v2\/posts\/110916\/revisions"}],"predecessor-version":[{"id":110918,"href":"https:\/\/www.sonoraenequipo.com.mx\/api\/wp\/v2\/posts\/110916\/revisions\/110918"}],"wp:featuredmedia":[{"embeddable":true,"href":"https:\/\/www.sonoraenequipo.com.mx\/api\/wp\/v2\/media\/110917"}],"wp:attachment":[{"href":"https:\/\/www.sonoraenequipo.com.mx\/api\/wp\/v2\/media?parent=110916"}],"wp:term":[{"taxonomy":"category","embeddable":true,"href":"https:\/\/www.sonoraenequipo.com.mx\/api\/wp\/v2\/categories?post=110916"},{"taxonomy":"post_tag","embeddable":true,"href":"https:\/\/www.sonoraenequipo.com.mx\/api\/wp\/v2\/tags?post=110916"}],"curies":[{"name":"wp","href":"https:\/\/api.w.org\/{rel}","templated":true}]}}