{"id":110922,"date":"2021-04-06T21:36:32","date_gmt":"2021-04-07T04:36:32","guid":{"rendered":"https:\/\/www.sonoraenequipo.com.mx\/?p=110922"},"modified":"2021-04-06T20:53:10","modified_gmt":"2021-04-07T03:53:10","slug":"sonorenses-fueron-afecados-por-la-fuga-de-informacion-de-facebook-checa-si-tu-nombre-esta-en-la-lista","status":"publish","type":"post","link":"https:\/\/www.sonoraenequipo.com.mx\/sonorenses-fueron-afecados-por-la-fuga-de-informacion-de-facebook-checa-si-tu-nombre-esta-en-la-lista\/","title":{"rendered":"Sonorenses fueron afecados por la fuga de informaci\u00f3n de Facebook \u00a1\u00a1Checa si tu nombre est\u00e1 en la lista!!"},"content":{"rendered":"<p>HERMOSILLO, SONORA.MX. \u2014 Ante la brecha inform\u00e1tica que afect\u00f3 a m\u00e1s de 13 millones de usuarios de Facebook en M\u00e9xico, la Unidad Cibern\u00e9tica de la Secretar\u00eda de Seguridad P\u00fablica de Sonora, recomienda verificar en el sitio <a href=\"http:\/\/haveibeenpwned.com\"><strong>haveibeenpwned.com<\/strong><\/a> si su informaci\u00f3n personal ha sido expuesta revisando el n\u00famero telef\u00f3nico, as\u00ed como el correo electr\u00f3nico.<\/p>\n<p>&nbsp;<\/p>\n<p> <\/p>\n<p>&nbsp;<\/p>\n<p>El director de la Unidad, Diego Salcido Serrano, explic\u00f3 que como consecuencia de esta fuga de informaci\u00f3n se afect\u00f3 a Facebook quedando expuestos los datos personales de 553 millones de usuarios a nivel mundial, por lo que invit\u00f3 a las y los sonorenses que tengan una cuenta en esta red social a realizar una b\u00fasqueda detallada y saber si fueron perjudicados.<\/p>\n<p>&nbsp;<\/p>\n<p>Se\u00f1al\u00f3 que entre la informaci\u00f3n filtrada est\u00e1n los identificadores de Facebook, m\u00f3viles, direcciones, biograf\u00edas y en algunos casos la direcci\u00f3n de correo electr\u00f3nico.<\/p>\n<p>&nbsp;<\/p>\n<p><em>\u201cEsto supone un enorme peligro, ya que cualquiera puede obtener esos datos y usarlos por ejemplo para suplantar la identidad de esos usuarios\u201d<\/em>, precis\u00f3.<\/p>\n<p>&nbsp;<\/p>\n<p>Ahora bien, de los 13 millones de usuarios de Facebook en M\u00e9xico afectados por el hackeo y robo de datos personales, m\u00e1s de<strong> tres mil corresponden a Hermosillo, Cajeme y Navojoa<\/strong>, los cuales podr\u00edan ser v\u00edctimas de cyber- acoso y de otros delitos, inform\u00f3 el jefe de Inform\u00e1tica y Telecomunicaciones del instituto Polit\u00e9cnico Nacional (IPN) en Sonora.<\/p>\n<p>&nbsp;<\/p>\n<p>Por ello, invit\u00f3 a las y los usuarios de esta conocida red social, verificar y en caso afirmativo, la recomendaci\u00f3n es cambiar la contrase\u00f1a de Facebook e incluso la de la cuenta de correo electr\u00f3nico -un buen gestor de contrase\u00f1as ayuda a simplificar y garantizar ese proceso-, y a\u00f1adir en esas cuentas autenticaci\u00f3n en dos pasos.<\/p>\n<p>&nbsp;<\/p>\n<p>El funcionario, recomend\u00f3 ingresar a la p\u00e1gina<a href=\"https:\/\/haveibeenpwned.com\/\"><strong> https:\/\/haveibeenpwned.com\/<\/strong> <\/a>donde podr\u00e1n comprobar si la informaci\u00f3n personal est\u00e1 expuesta por esta fuga de datos revisando n\u00famero telef\u00f3nico o correo electr\u00f3nico.<\/p>\n<p>&nbsp;<\/p>\n<p>Reiter\u00f3 que el objetivo de la Unidad Cibern\u00e9tica de la SSP es la atenci\u00f3n y prevenci\u00f3n de incidentes cibern\u00e9ticos, por ello, diariamente publican informaci\u00f3n de utilidad sobre alertas, nuevas modalidades de fraude y consejos a trav\u00e9s de las redes sociales @cibersonora en Facebook, Twitter e Instagram.<\/p>\n<p>&nbsp;<\/p>\n<p>(Publicada el 06\/04\/2021)<\/p>\n","protected":false},"excerpt":{"rendered":"<p>HERMOSILLO, SONORA.MX. \u2014 Ante la brecha inform\u00e1tica que afect\u00f3 a m\u00e1s de 13 millones de&#8230;<\/p>\n","protected":false},"author":1,"featured_media":110923,"comment_status":"open","ping_status":"open","sticky":false,"template":"","format":"standard","meta":{"_monsterinsights_skip_tracking":false,"_monsterinsights_sitenote_active":false,"_monsterinsights_sitenote_note":"","_monsterinsights_sitenote_category":0,"footnotes":""},"categories":[22],"tags":[],"class_list":["post"],"yoast_head":" \n<title>Sonora en Equipo. Sonorenses fueron afecados por la fuga de informaci\u00f3n de Facebook \u00a1\u00a1Checa si tu nombre est\u00e1 en la lista!! Sonora<\/title>\n<meta name=\"description\" content=\"HERMOSILLO, SONORA.MX. \u2014 Ante la brecha inform\u00e1tica que afect\u00f3 a m\u00e1s de 13 millones de usuarios de Facebook en M\u00e9xico, la Unidad Cibern\u00e9tica de la En Sonora en Equipo publicamos toda la informaci\u00f3n de Sonora, M\u00e9xico y el Mundo de manera oportuna y busca que la libertad de expresi\u00f3n sea real. Visita nuestro medio informativo publicado desde Hermosillo, Sonora. %\" \/>\n<meta name=\"robots\" content=\"index, follow, max-snippet:-1, max-image-preview:large, max-video-preview:-1\" \/>\n<link rel=\"canonical\" href=\"https:\/\/www.sonoraenequipo.com.mx\/sonorenses-fueron-afecados-por-la-fuga-de-informacion-de-facebook-checa-si-tu-nombre-esta-en-la-lista\/\" \/>\n<meta property=\"og:locale\" content=\"es_ES\" \/>\n<meta property=\"og:type\" content=\"article\" \/>\n<meta property=\"og:title\" content=\"Sonora en Equipo. Sonorenses fueron afecados por la fuga de informaci\u00f3n de Facebook \u00a1\u00a1Checa si tu nombre est\u00e1 en la lista!! Sonora\" \/>\n<meta property=\"og:description\" content=\"HERMOSILLO, SONORA.MX. \u2014 Ante la brecha inform\u00e1tica que afect\u00f3 a m\u00e1s de 13 millones de usuarios de Facebook en M\u00e9xico, la Unidad Cibern\u00e9tica de la En Sonora en Equipo publicamos toda la informaci\u00f3n de Sonora, M\u00e9xico y el Mundo de manera oportuna y busca que la libertad de expresi\u00f3n sea real. Visita nuestro medio informativo publicado desde Hermosillo, Sonora. %\" \/>\n<meta property=\"og:url\" content=\"https:\/\/www.sonoraenequipo.com.mx\/sonorenses-fueron-afecados-por-la-fuga-de-informacion-de-facebook-checa-si-tu-nombre-esta-en-la-lista\/\" \/>\n<meta property=\"og:site_name\" content=\"Sonora en Equipo.\" \/>\n<meta property=\"article:publisher\" content=\"https:\/\/www.facebook.com\/SonoraEE\/\" \/>\n<meta property=\"article:author\" content=\"https:\/\/www.facebook.com\/SonoraEE\" \/>\n<meta property=\"article:published_time\" content=\"2021-04-07T04:36:32+00:00\" \/>\n<meta property=\"og:image\" content=\"https:\/\/www.sonoraenequipo.com.mx\/storage\/2021\/04\/Fuga-de-datos_opt.jpg\" \/>\n\t<meta property=\"og:image:width\" content=\"710\" \/>\n\t<meta property=\"og:image:height\" content=\"400\" \/>\n\t<meta property=\"og:image:type\" content=\"image\/jpeg\" \/>\n<meta name=\"author\" content=\"enequipo\" \/>\n<meta name=\"twitter:card\" content=\"summary_large_image\" \/>\n<meta name=\"twitter:creator\" content=\"@sonoraenequipo\" \/>\n<meta name=\"twitter:site\" content=\"@sonoraenequipo\" \/>\n<meta name=\"twitter:label1\" content=\"Escrito por\" \/>\n\t<meta name=\"twitter:data1\" content=\"enequipo\" \/>\n\t<meta name=\"twitter:label2\" content=\"Tiempo de lectura\" \/>\n\t<meta name=\"twitter:data2\" content=\"2 minutos\" \/>\n<script type=\"application\/ld+json\" class=\"yoast-schema-graph\">{\"@context\":\"https:\/\/schema.org\",\"@graph\":[{\"@type\":\"Article\",\"@id\":\"https:\/\/www.sonoraenequipo.com.mx\/sonorenses-fueron-afecados-por-la-fuga-de-informacion-de-facebook-checa-si-tu-nombre-esta-en-la-lista\/#article\",\"isPartOf\":{\"@id\":\"https:\/\/www.sonoraenequipo.com.mx\/sonorenses-fueron-afecados-por-la-fuga-de-informacion-de-facebook-checa-si-tu-nombre-esta-en-la-lista\/\"},\"author\":{\"name\":\"enequipo\",\"@id\":\"https:\/\/www.sonoraenequipo.com.mx\/#\/schema\/person\/50102df0fb23a8fa9e8effad8fa81386\"},\"headline\":\"Sonorenses fueron afecados por la fuga de informaci\u00f3n de Facebook \u00a1\u00a1Checa si tu nombre est\u00e1 en la lista!!\",\"datePublished\":\"2021-04-07T04:36:32+00:00\",\"mainEntityOfPage\":{\"@id\":\"https:\/\/www.sonoraenequipo.com.mx\/sonorenses-fueron-afecados-por-la-fuga-de-informacion-de-facebook-checa-si-tu-nombre-esta-en-la-lista\/\"},\"wordCount\":421,\"commentCount\":0,\"publisher\":{\"@id\":\"https:\/\/www.sonoraenequipo.com.mx\/#organization\"},\"image\":{\"@id\":\"https:\/\/www.sonoraenequipo.com.mx\/sonorenses-fueron-afecados-por-la-fuga-de-informacion-de-facebook-checa-si-tu-nombre-esta-en-la-lista\/#primaryimage\"},\"thumbnailUrl\":\"https:\/\/www.sonoraenequipo.com.mx\/storage\/2021\/04\/Fuga-de-datos_opt.jpg\",\"articleSection\":[\"Sonora\"],\"inLanguage\":\"es\",\"potentialAction\":[{\"@type\":\"CommentAction\",\"name\":\"Comment\",\"target\":[\"https:\/\/www.sonoraenequipo.com.mx\/sonorenses-fueron-afecados-por-la-fuga-de-informacion-de-facebook-checa-si-tu-nombre-esta-en-la-lista\/#respond\"]}]},{\"@type\":\"WebPage\",\"@id\":\"https:\/\/www.sonoraenequipo.com.mx\/sonorenses-fueron-afecados-por-la-fuga-de-informacion-de-facebook-checa-si-tu-nombre-esta-en-la-lista\/\",\"url\":\"https:\/\/www.sonoraenequipo.com.mx\/sonorenses-fueron-afecados-por-la-fuga-de-informacion-de-facebook-checa-si-tu-nombre-esta-en-la-lista\/\",\"name\":\"Sonora en Equipo. Sonorenses fueron afecados por la fuga de informaci\u00f3n de Facebook \u00a1\u00a1Checa si tu nombre est\u00e1 en la lista!! Sonora\",\"isPartOf\":{\"@id\":\"https:\/\/www.sonoraenequipo.com.mx\/#website\"},\"primaryImageOfPage\":{\"@id\":\"https:\/\/www.sonoraenequipo.com.mx\/sonorenses-fueron-afecados-por-la-fuga-de-informacion-de-facebook-checa-si-tu-nombre-esta-en-la-lista\/#primaryimage\"},\"image\":{\"@id\":\"https:\/\/www.sonoraenequipo.com.mx\/sonorenses-fueron-afecados-por-la-fuga-de-informacion-de-facebook-checa-si-tu-nombre-esta-en-la-lista\/#primaryimage\"},\"thumbnailUrl\":\"https:\/\/www.sonoraenequipo.com.mx\/storage\/2021\/04\/Fuga-de-datos_opt.jpg\",\"datePublished\":\"2021-04-07T04:36:32+00:00\",\"description\":\"HERMOSILLO, SONORA.MX. \u2014 Ante la brecha inform\u00e1tica que afect\u00f3 a m\u00e1s de 13 millones de usuarios de Facebook en M\u00e9xico, la Unidad Cibern\u00e9tica de la En Sonora en Equipo publicamos toda la informaci\u00f3n de Sonora, M\u00e9xico y el Mundo de manera oportuna y busca que la libertad de expresi\u00f3n sea real. Visita nuestro medio informativo publicado desde Hermosillo, Sonora. %\",\"breadcrumb\":{\"@id\":\"https:\/\/www.sonoraenequipo.com.mx\/sonorenses-fueron-afecados-por-la-fuga-de-informacion-de-facebook-checa-si-tu-nombre-esta-en-la-lista\/#breadcrumb\"},\"inLanguage\":\"es\",\"potentialAction\":[{\"@type\":\"ReadAction\",\"target\":[\"https:\/\/www.sonoraenequipo.com.mx\/sonorenses-fueron-afecados-por-la-fuga-de-informacion-de-facebook-checa-si-tu-nombre-esta-en-la-lista\/\"]}]},{\"@type\":\"ImageObject\",\"inLanguage\":\"es\",\"@id\":\"https:\/\/www.sonoraenequipo.com.mx\/sonorenses-fueron-afecados-por-la-fuga-de-informacion-de-facebook-checa-si-tu-nombre-esta-en-la-lista\/#primaryimage\",\"url\":\"https:\/\/www.sonoraenequipo.com.mx\/storage\/2021\/04\/Fuga-de-datos_opt.jpg\",\"contentUrl\":\"https:\/\/www.sonoraenequipo.com.mx\/storage\/2021\/04\/Fuga-de-datos_opt.jpg\",\"width\":710,\"height\":400},{\"@type\":\"BreadcrumbList\",\"@id\":\"https:\/\/www.sonoraenequipo.com.mx\/sonorenses-fueron-afecados-por-la-fuga-de-informacion-de-facebook-checa-si-tu-nombre-esta-en-la-lista\/#breadcrumb\",\"itemListElement\":[{\"@type\":\"ListItem\",\"position\":1,\"name\":\"Portada\",\"item\":\"https:\/\/www.sonoraenequipo.com.mx\/\"},{\"@type\":\"ListItem\",\"position\":2,\"name\":\"Sonorenses fueron afecados por la fuga de informaci\u00f3n de Facebook \u00a1\u00a1Checa si tu nombre est\u00e1 en la lista!!\"}]},{\"@type\":\"WebSite\",\"@id\":\"https:\/\/www.sonoraenequipo.com.mx\/#website\",\"url\":\"https:\/\/www.sonoraenequipo.com.mx\/\",\"name\":\"Sonora en Equipo.\",\"description\":\"Diario en l\u00ednea con Noticias desde Hermosillo, Sonora\",\"publisher\":{\"@id\":\"https:\/\/www.sonoraenequipo.com.mx\/#organization\"},\"potentialAction\":[{\"@type\":\"SearchAction\",\"target\":{\"@type\":\"EntryPoint\",\"urlTemplate\":\"https:\/\/www.sonoraenequipo.com.mx\/?s={search_term_string}\"},\"query-input\":{\"@type\":\"PropertyValueSpecification\",\"valueRequired\":true,\"valueName\":\"search_term_string\"}}],\"inLanguage\":\"es\"},{\"@type\":\"Organization\",\"@id\":\"https:\/\/www.sonoraenequipo.com.mx\/#organization\",\"name\":\"Sonoraenequipo.com.mx\",\"url\":\"https:\/\/www.sonoraenequipo.com.mx\/\",\"logo\":{\"@type\":\"ImageObject\",\"inLanguage\":\"es\",\"@id\":\"https:\/\/www.sonoraenequipo.com.mx\/#\/schema\/logo\/image\/\",\"url\":\"https:\/\/www.sonoraenequipo.com.mx\/storage\/2019\/01\/sonoraenequipo_opt.png\",\"contentUrl\":\"https:\/\/www.sonoraenequipo.com.mx\/storage\/2019\/01\/sonoraenequipo_opt.png\",\"width\":375,\"height\":125,\"caption\":\"Sonoraenequipo.com.mx\"},\"image\":{\"@id\":\"https:\/\/www.sonoraenequipo.com.mx\/#\/schema\/logo\/image\/\"},\"sameAs\":[\"https:\/\/www.facebook.com\/SonoraEE\/\",\"https:\/\/x.com\/sonoraenequipo\",\"https:\/\/www.youtube.com\/channel\/UC338nW-lPEYmJQs4ZABQ1SQ\"]},{\"@type\":\"Person\",\"@id\":\"https:\/\/www.sonoraenequipo.com.mx\/#\/schema\/person\/50102df0fb23a8fa9e8effad8fa81386\",\"name\":\"enequipo\",\"image\":{\"@type\":\"ImageObject\",\"inLanguage\":\"es\",\"@id\":\"https:\/\/www.sonoraenequipo.com.mx\/#\/schema\/person\/image\/\",\"url\":\"https:\/\/secure.gravatar.com\/avatar\/049821681b589dabc0bc20695993ccebb09f5b5d4d790cd9251b97faac7c652b?s=96&d=blank&r=g\",\"contentUrl\":\"https:\/\/secure.gravatar.com\/avatar\/049821681b589dabc0bc20695993ccebb09f5b5d4d790cd9251b97faac7c652b?s=96&d=blank&r=g\",\"caption\":\"enequipo\"},\"sameAs\":[\"https:\/\/www.facebook.com\/SonoraEE\"]}]}<\/script>\n ","yoast_head_json":{"title":"Sonora en Equipo. Sonorenses fueron afecados por la fuga de informaci\u00f3n de Facebook \u00a1\u00a1Checa si tu nombre est\u00e1 en la lista!! Sonora","description":"HERMOSILLO, SONORA.MX. \u2014 Ante la brecha inform\u00e1tica que afect\u00f3 a m\u00e1s de 13 millones de usuarios de Facebook en M\u00e9xico, la Unidad Cibern\u00e9tica de la En Sonora en Equipo publicamos toda la informaci\u00f3n de Sonora, M\u00e9xico y el Mundo de manera oportuna y busca que la libertad de expresi\u00f3n sea real. Visita nuestro medio informativo publicado desde Hermosillo, Sonora. %","robots":{"index":"index","follow":"follow","max-snippet":"max-snippet:-1","max-image-preview":"max-image-preview:large","max-video-preview":"max-video-preview:-1"},"canonical":"https:\/\/www.sonoraenequipo.com.mx\/sonorenses-fueron-afecados-por-la-fuga-de-informacion-de-facebook-checa-si-tu-nombre-esta-en-la-lista\/","og_locale":"es_ES","og_type":"article","og_title":"Sonora en Equipo. Sonorenses fueron afecados por la fuga de informaci\u00f3n de Facebook \u00a1\u00a1Checa si tu nombre est\u00e1 en la lista!! Sonora","og_description":"HERMOSILLO, SONORA.MX. \u2014 Ante la brecha inform\u00e1tica que afect\u00f3 a m\u00e1s de 13 millones de usuarios de Facebook en M\u00e9xico, la Unidad Cibern\u00e9tica de la En Sonora en Equipo publicamos toda la informaci\u00f3n de Sonora, M\u00e9xico y el Mundo de manera oportuna y busca que la libertad de expresi\u00f3n sea real. Visita nuestro medio informativo publicado desde Hermosillo, Sonora. %","og_url":"https:\/\/www.sonoraenequipo.com.mx\/sonorenses-fueron-afecados-por-la-fuga-de-informacion-de-facebook-checa-si-tu-nombre-esta-en-la-lista\/","og_site_name":"Sonora en Equipo.","article_publisher":"https:\/\/www.facebook.com\/SonoraEE\/","article_author":"https:\/\/www.facebook.com\/SonoraEE","article_published_time":"2021-04-07T04:36:32+00:00","og_image":[{"width":710,"height":400,"url":"https:\/\/www.sonoraenequipo.com.mx\/storage\/2021\/04\/Fuga-de-datos_opt.jpg","type":"image\/jpeg"}],"author":"enequipo","twitter_card":"summary_large_image","twitter_creator":"@sonoraenequipo","twitter_site":"@sonoraenequipo","twitter_misc":{"Escrito por":"enequipo","Tiempo de lectura":"2 minutos"},"schema":{"@context":"https:\/\/schema.org","@graph":[{"@type":"Article","@id":"https:\/\/www.sonoraenequipo.com.mx\/sonorenses-fueron-afecados-por-la-fuga-de-informacion-de-facebook-checa-si-tu-nombre-esta-en-la-lista\/#article","isPartOf":{"@id":"https:\/\/www.sonoraenequipo.com.mx\/sonorenses-fueron-afecados-por-la-fuga-de-informacion-de-facebook-checa-si-tu-nombre-esta-en-la-lista\/"},"author":{"name":"enequipo","@id":"https:\/\/www.sonoraenequipo.com.mx\/#\/schema\/person\/50102df0fb23a8fa9e8effad8fa81386"},"headline":"Sonorenses fueron afecados por la fuga de informaci\u00f3n de Facebook \u00a1\u00a1Checa si tu nombre est\u00e1 en la lista!!","datePublished":"2021-04-07T04:36:32+00:00","mainEntityOfPage":{"@id":"https:\/\/www.sonoraenequipo.com.mx\/sonorenses-fueron-afecados-por-la-fuga-de-informacion-de-facebook-checa-si-tu-nombre-esta-en-la-lista\/"},"wordCount":421,"commentCount":0,"publisher":{"@id":"https:\/\/www.sonoraenequipo.com.mx\/#organization"},"image":{"@id":"https:\/\/www.sonoraenequipo.com.mx\/sonorenses-fueron-afecados-por-la-fuga-de-informacion-de-facebook-checa-si-tu-nombre-esta-en-la-lista\/#primaryimage"},"thumbnailUrl":"https:\/\/www.sonoraenequipo.com.mx\/storage\/2021\/04\/Fuga-de-datos_opt.jpg","articleSection":["Sonora"],"inLanguage":"es","potentialAction":[{"@type":"CommentAction","name":"Comment","target":["https:\/\/www.sonoraenequipo.com.mx\/sonorenses-fueron-afecados-por-la-fuga-de-informacion-de-facebook-checa-si-tu-nombre-esta-en-la-lista\/#respond"]}]},{"@type":"WebPage","@id":"https:\/\/www.sonoraenequipo.com.mx\/sonorenses-fueron-afecados-por-la-fuga-de-informacion-de-facebook-checa-si-tu-nombre-esta-en-la-lista\/","url":"https:\/\/www.sonoraenequipo.com.mx\/sonorenses-fueron-afecados-por-la-fuga-de-informacion-de-facebook-checa-si-tu-nombre-esta-en-la-lista\/","name":"Sonora en Equipo. Sonorenses fueron afecados por la fuga de informaci\u00f3n de Facebook \u00a1\u00a1Checa si tu nombre est\u00e1 en la lista!! Sonora","isPartOf":{"@id":"https:\/\/www.sonoraenequipo.com.mx\/#website"},"primaryImageOfPage":{"@id":"https:\/\/www.sonoraenequipo.com.mx\/sonorenses-fueron-afecados-por-la-fuga-de-informacion-de-facebook-checa-si-tu-nombre-esta-en-la-lista\/#primaryimage"},"image":{"@id":"https:\/\/www.sonoraenequipo.com.mx\/sonorenses-fueron-afecados-por-la-fuga-de-informacion-de-facebook-checa-si-tu-nombre-esta-en-la-lista\/#primaryimage"},"thumbnailUrl":"https:\/\/www.sonoraenequipo.com.mx\/storage\/2021\/04\/Fuga-de-datos_opt.jpg","datePublished":"2021-04-07T04:36:32+00:00","description":"HERMOSILLO, SONORA.MX. \u2014 Ante la brecha inform\u00e1tica que afect\u00f3 a m\u00e1s de 13 millones de usuarios de Facebook en M\u00e9xico, la Unidad Cibern\u00e9tica de la En Sonora en Equipo publicamos toda la informaci\u00f3n de Sonora, M\u00e9xico y el Mundo de manera oportuna y busca que la libertad de expresi\u00f3n sea real. Visita nuestro medio informativo publicado desde Hermosillo, Sonora. %","breadcrumb":{"@id":"https:\/\/www.sonoraenequipo.com.mx\/sonorenses-fueron-afecados-por-la-fuga-de-informacion-de-facebook-checa-si-tu-nombre-esta-en-la-lista\/#breadcrumb"},"inLanguage":"es","potentialAction":[{"@type":"ReadAction","target":["https:\/\/www.sonoraenequipo.com.mx\/sonorenses-fueron-afecados-por-la-fuga-de-informacion-de-facebook-checa-si-tu-nombre-esta-en-la-lista\/"]}]},{"@type":"ImageObject","inLanguage":"es","@id":"https:\/\/www.sonoraenequipo.com.mx\/sonorenses-fueron-afecados-por-la-fuga-de-informacion-de-facebook-checa-si-tu-nombre-esta-en-la-lista\/#primaryimage","url":"https:\/\/www.sonoraenequipo.com.mx\/storage\/2021\/04\/Fuga-de-datos_opt.jpg","contentUrl":"https:\/\/www.sonoraenequipo.com.mx\/storage\/2021\/04\/Fuga-de-datos_opt.jpg","width":710,"height":400},{"@type":"BreadcrumbList","@id":"https:\/\/www.sonoraenequipo.com.mx\/sonorenses-fueron-afecados-por-la-fuga-de-informacion-de-facebook-checa-si-tu-nombre-esta-en-la-lista\/#breadcrumb","itemListElement":[{"@type":"ListItem","position":1,"name":"Portada","item":"https:\/\/www.sonoraenequipo.com.mx\/"},{"@type":"ListItem","position":2,"name":"Sonorenses fueron afecados por la fuga de informaci\u00f3n de Facebook \u00a1\u00a1Checa si tu nombre est\u00e1 en la lista!!"}]},{"@type":"WebSite","@id":"https:\/\/www.sonoraenequipo.com.mx\/#website","url":"https:\/\/www.sonoraenequipo.com.mx\/","name":"Sonora en Equipo.","description":"Diario en l\u00ednea con Noticias desde Hermosillo, Sonora","publisher":{"@id":"https:\/\/www.sonoraenequipo.com.mx\/#organization"},"potentialAction":[{"@type":"SearchAction","target":{"@type":"EntryPoint","urlTemplate":"https:\/\/www.sonoraenequipo.com.mx\/?s={search_term_string}"},"query-input":{"@type":"PropertyValueSpecification","valueRequired":true,"valueName":"search_term_string"}}],"inLanguage":"es"},{"@type":"Organization","@id":"https:\/\/www.sonoraenequipo.com.mx\/#organization","name":"Sonoraenequipo.com.mx","url":"https:\/\/www.sonoraenequipo.com.mx\/","logo":{"@type":"ImageObject","inLanguage":"es","@id":"https:\/\/www.sonoraenequipo.com.mx\/#\/schema\/logo\/image\/","url":"https:\/\/www.sonoraenequipo.com.mx\/storage\/2019\/01\/sonoraenequipo_opt.png","contentUrl":"https:\/\/www.sonoraenequipo.com.mx\/storage\/2019\/01\/sonoraenequipo_opt.png","width":375,"height":125,"caption":"Sonoraenequipo.com.mx"},"image":{"@id":"https:\/\/www.sonoraenequipo.com.mx\/#\/schema\/logo\/image\/"},"sameAs":["https:\/\/www.facebook.com\/SonoraEE\/","https:\/\/x.com\/sonoraenequipo","https:\/\/www.youtube.com\/channel\/UC338nW-lPEYmJQs4ZABQ1SQ"]},{"@type":"Person","@id":"https:\/\/www.sonoraenequipo.com.mx\/#\/schema\/person\/50102df0fb23a8fa9e8effad8fa81386","name":"enequipo","image":{"@type":"ImageObject","inLanguage":"es","@id":"https:\/\/www.sonoraenequipo.com.mx\/#\/schema\/person\/image\/","url":"https:\/\/secure.gravatar.com\/avatar\/049821681b589dabc0bc20695993ccebb09f5b5d4d790cd9251b97faac7c652b?s=96&d=blank&r=g","contentUrl":"https:\/\/secure.gravatar.com\/avatar\/049821681b589dabc0bc20695993ccebb09f5b5d4d790cd9251b97faac7c652b?s=96&d=blank&r=g","caption":"enequipo"},"sameAs":["https:\/\/www.facebook.com\/SonoraEE"]}]}},"jetpack_featured_media_url":"https:\/\/www.sonoraenequipo.com.mx\/storage\/2021\/04\/Fuga-de-datos_opt.jpg","_links":{"self":[{"href":"https:\/\/www.sonoraenequipo.com.mx\/api\/wp\/v2\/posts\/110922","targetHints":{"allow":["GET"]}}],"collection":[{"href":"https:\/\/www.sonoraenequipo.com.mx\/api\/wp\/v2\/posts"}],"about":[{"href":"https:\/\/www.sonoraenequipo.com.mx\/api\/wp\/v2\/types\/post"}],"author":[{"embeddable":true,"href":"https:\/\/www.sonoraenequipo.com.mx\/api\/wp\/v2\/users\/1"}],"replies":[{"embeddable":true,"href":"https:\/\/www.sonoraenequipo.com.mx\/api\/wp\/v2\/comments?post=110922"}],"version-history":[{"count":1,"href":"https:\/\/www.sonoraenequipo.com.mx\/api\/wp\/v2\/posts\/110922\/revisions"}],"predecessor-version":[{"id":110924,"href":"https:\/\/www.sonoraenequipo.com.mx\/api\/wp\/v2\/posts\/110922\/revisions\/110924"}],"wp:featuredmedia":[{"embeddable":true,"href":"https:\/\/www.sonoraenequipo.com.mx\/api\/wp\/v2\/media\/110923"}],"wp:attachment":[{"href":"https:\/\/www.sonoraenequipo.com.mx\/api\/wp\/v2\/media?parent=110922"}],"wp:term":[{"taxonomy":"category","embeddable":true,"href":"https:\/\/www.sonoraenequipo.com.mx\/api\/wp\/v2\/categories?post=110922"},{"taxonomy":"post_tag","embeddable":true,"href":"https:\/\/www.sonoraenequipo.com.mx\/api\/wp\/v2\/tags?post=110922"}],"curies":[{"name":"wp","href":"https:\/\/api.w.org\/{rel}","templated":true}]}}