{"id":110933,"date":"2021-04-07T07:54:40","date_gmt":"2021-04-07T14:54:40","guid":{"rendered":"https:\/\/www.sonoraenequipo.com.mx\/?p=110933"},"modified":"2021-04-07T07:54:40","modified_gmt":"2021-04-07T14:54:40","slug":"el-ine-no-responde-ya-a-los-ciudadanos-asegura-salgado-macedonio-y-se-suma-al-planton-de-simpatizantes","status":"publish","type":"post","link":"https:\/\/www.sonoraenequipo.com.mx\/el-ine-no-responde-ya-a-los-ciudadanos-asegura-salgado-macedonio-y-se-suma-al-planton-de-simpatizantes\/","title":{"rendered":"\u00abEl INE no responde ya a los ciudadanos\u00bb asegura Salgado Macedonio y se suma al plant\u00f3n de simpatizantes"},"content":{"rendered":"<p>CIUDAD DE M\u00c9XICO.MX.\u2014 F\u00e9lix Salgado Macedonio, aspirante de Morena a la gubernatura de Guerrero, asever\u00f3 que el Instituto Nacional Electoral (INE) debe caer si no lo dejan competir en las elecciones del 6 de junio.<\/p>\n<p>&nbsp;<\/p>\n<p> <\/p>\n<p>Al unirse al plant\u00f3n afuera de las instalaciones del \u00f3rgano electoral, Salgado Macedonio asever\u00f3 que no hay ninguna raz\u00f3n para que le quiten la candidatura pues los ciudadanos lo han elegido como representante tras la encuesta de Morena.<\/p>\n<p>&nbsp;<\/p>\n<p><em>\u201cSi no soy candidato en Guerrero ellos van a caer. El INE no responde ya a los ciudadanos; este INE debe ser cerrado por los ciudadanos y que se convierta (el edificio) en un hospital de tercer nivel y no se gasten los millones de pesos. No tienen autoridad moral\u201c,<\/em> dijo en una entrevista al medio Milenio.<\/p>\n<p>&nbsp;<\/p>\n<p>De igual forma, dio a conocer que una comisi\u00f3n m\u00e1s se plantar\u00e1 afuera del Tribunal Electoral del Poder Judicial de la Federaci\u00f3n (TEPJF), quienes deber\u00e1n determinar si se retira o no su candidatura.<\/p>\n<p>&nbsp;<\/p>\n<p><em>\u201cEspero no caiga en esa tentaci\u00f3n de atropellar la democracia en nuestro estado\u201d<\/em>, dijo el hombre, quien tambi\u00e9n carga con acusaciones de abuso sexual.<\/p>\n<p><a class=\"twitter-timeline\" data-width=\"640\" data-height=\"960\" data-dnt=\"true\" href=\"https:\/\/twitter.com\/FelixSalMac?ref_src=twsrc%5Etfw\">Tweets by FelixSalMac<\/a><script async src=\"https:\/\/platform.twitter.com\/widgets.js\" charset=\"utf-8\"><\/script><\/p>\n<p>De igual forma, precis\u00f3 que est\u00e1 planteando un juicio pol\u00edtico contra siete consejeros del INE, pues asever\u00f3 que han atropellado la democracia de Guerrero y acus\u00f3 que hay varios <em>\u201cintereses\u201d<\/em> detr\u00e1s del actuar del \u00f3rgano.<\/p>\n<p>&nbsp;<\/p>\n<p>Aunque descart\u00f3 que haya m\u00e1s manifestaciones en otras partes de M\u00e9xico, advirti\u00f3 que agotar\u00e1 todas las instancias jur\u00eddicas y legales.<\/p>\n<p>&nbsp;<\/p>\n<p>&nbsp;<\/p>\n<p>(Publicada el 07\/04\/2021\/En la Mira)<\/p>\n<p>&nbsp;<\/p>\n","protected":false},"excerpt":{"rendered":"<p>CIUDAD DE M\u00c9XICO.MX.\u2014 F\u00e9lix Salgado Macedonio, aspirante de Morena a la gubernatura de Guerrero, asever\u00f3&#8230;<\/p>\n","protected":false},"author":1,"featured_media":110935,"comment_status":"open","ping_status":"open","sticky":false,"template":"","format":"standard","meta":{"_monsterinsights_skip_tracking":false,"_monsterinsights_sitenote_active":false,"_monsterinsights_sitenote_note":"","_monsterinsights_sitenote_category":0,"footnotes":""},"categories":[5],"tags":[],"class_list":["post"],"yoast_head":" \n<title>Sonora en Equipo. &quot;El INE no responde ya a los ciudadanos&quot; asegura Salgado Macedonio y se suma al plant\u00f3n de simpatizantes Rep\u00fablica<\/title>\n<meta name=\"description\" content=\"CIUDAD DE M\u00c9XICO.MX.\u2014 F\u00e9lix Salgado Macedonio, aspirante de Morena a la gubernatura de Guerrero, asever\u00f3 que el Instituto Nacional Electoral (INE) debe En Sonora en Equipo publicamos toda la informaci\u00f3n de Sonora, M\u00e9xico y el Mundo de manera oportuna y busca que la libertad de expresi\u00f3n sea real. Visita nuestro medio informativo publicado desde Hermosillo, Sonora. %\" \/>\n<meta name=\"robots\" content=\"index, follow, max-snippet:-1, max-image-preview:large, max-video-preview:-1\" \/>\n<link rel=\"canonical\" href=\"https:\/\/www.sonoraenequipo.com.mx\/el-ine-no-responde-ya-a-los-ciudadanos-asegura-salgado-macedonio-y-se-suma-al-planton-de-simpatizantes\/\" \/>\n<meta property=\"og:locale\" content=\"es_ES\" \/>\n<meta property=\"og:type\" content=\"article\" \/>\n<meta property=\"og:title\" content=\"Sonora en Equipo. &quot;El INE no responde ya a los ciudadanos&quot; asegura Salgado Macedonio y se suma al plant\u00f3n de simpatizantes Rep\u00fablica\" \/>\n<meta property=\"og:description\" content=\"CIUDAD DE M\u00c9XICO.MX.\u2014 F\u00e9lix Salgado Macedonio, aspirante de Morena a la gubernatura de Guerrero, asever\u00f3 que el Instituto Nacional Electoral (INE) debe En Sonora en Equipo publicamos toda la informaci\u00f3n de Sonora, M\u00e9xico y el Mundo de manera oportuna y busca que la libertad de expresi\u00f3n sea real. Visita nuestro medio informativo publicado desde Hermosillo, Sonora. %\" \/>\n<meta property=\"og:url\" content=\"https:\/\/www.sonoraenequipo.com.mx\/el-ine-no-responde-ya-a-los-ciudadanos-asegura-salgado-macedonio-y-se-suma-al-planton-de-simpatizantes\/\" \/>\n<meta property=\"og:site_name\" content=\"Sonora en Equipo.\" \/>\n<meta property=\"article:publisher\" content=\"https:\/\/www.facebook.com\/SonoraEE\/\" \/>\n<meta property=\"article:author\" content=\"https:\/\/www.facebook.com\/SonoraEE\" \/>\n<meta property=\"article:published_time\" content=\"2021-04-07T14:54:40+00:00\" \/>\n<meta property=\"og:image\" content=\"https:\/\/www.sonoraenequipo.com.mx\/storage\/2021\/04\/Felix-Salgado-Macedonio_opt.jpg\" \/>\n\t<meta property=\"og:image:width\" content=\"889\" \/>\n\t<meta property=\"og:image:height\" content=\"500\" \/>\n\t<meta property=\"og:image:type\" content=\"image\/jpeg\" \/>\n<meta name=\"author\" content=\"enequipo\" \/>\n<meta name=\"twitter:card\" content=\"summary_large_image\" \/>\n<meta name=\"twitter:creator\" content=\"@sonoraenequipo\" \/>\n<meta name=\"twitter:site\" content=\"@sonoraenequipo\" \/>\n<meta name=\"twitter:label1\" content=\"Escrito por\" \/>\n\t<meta name=\"twitter:data1\" content=\"enequipo\" \/>\n\t<meta name=\"twitter:label2\" content=\"Tiempo de lectura\" \/>\n\t<meta name=\"twitter:data2\" content=\"2 minutos\" \/>\n<script type=\"application\/ld+json\" class=\"yoast-schema-graph\">{\"@context\":\"https:\/\/schema.org\",\"@graph\":[{\"@type\":\"Article\",\"@id\":\"https:\/\/www.sonoraenequipo.com.mx\/el-ine-no-responde-ya-a-los-ciudadanos-asegura-salgado-macedonio-y-se-suma-al-planton-de-simpatizantes\/#article\",\"isPartOf\":{\"@id\":\"https:\/\/www.sonoraenequipo.com.mx\/el-ine-no-responde-ya-a-los-ciudadanos-asegura-salgado-macedonio-y-se-suma-al-planton-de-simpatizantes\/\"},\"author\":{\"name\":\"enequipo\",\"@id\":\"https:\/\/www.sonoraenequipo.com.mx\/#\/schema\/person\/50102df0fb23a8fa9e8effad8fa81386\"},\"headline\":\"\u00abEl INE no responde ya a los ciudadanos\u00bb asegura Salgado Macedonio y se suma al plant\u00f3n de simpatizantes\",\"datePublished\":\"2021-04-07T14:54:40+00:00\",\"mainEntityOfPage\":{\"@id\":\"https:\/\/www.sonoraenequipo.com.mx\/el-ine-no-responde-ya-a-los-ciudadanos-asegura-salgado-macedonio-y-se-suma-al-planton-de-simpatizantes\/\"},\"wordCount\":293,\"commentCount\":0,\"publisher\":{\"@id\":\"https:\/\/www.sonoraenequipo.com.mx\/#organization\"},\"image\":{\"@id\":\"https:\/\/www.sonoraenequipo.com.mx\/el-ine-no-responde-ya-a-los-ciudadanos-asegura-salgado-macedonio-y-se-suma-al-planton-de-simpatizantes\/#primaryimage\"},\"thumbnailUrl\":\"https:\/\/www.sonoraenequipo.com.mx\/storage\/2021\/04\/Felix-Salgado-Macedonio_opt.jpg\",\"articleSection\":[\"Rep\u00fablica\"],\"inLanguage\":\"es\",\"potentialAction\":[{\"@type\":\"CommentAction\",\"name\":\"Comment\",\"target\":[\"https:\/\/www.sonoraenequipo.com.mx\/el-ine-no-responde-ya-a-los-ciudadanos-asegura-salgado-macedonio-y-se-suma-al-planton-de-simpatizantes\/#respond\"]}]},{\"@type\":\"WebPage\",\"@id\":\"https:\/\/www.sonoraenequipo.com.mx\/el-ine-no-responde-ya-a-los-ciudadanos-asegura-salgado-macedonio-y-se-suma-al-planton-de-simpatizantes\/\",\"url\":\"https:\/\/www.sonoraenequipo.com.mx\/el-ine-no-responde-ya-a-los-ciudadanos-asegura-salgado-macedonio-y-se-suma-al-planton-de-simpatizantes\/\",\"name\":\"Sonora en Equipo. \\\"El INE no responde ya a los ciudadanos\\\" asegura Salgado Macedonio y se suma al plant\u00f3n de simpatizantes Rep\u00fablica\",\"isPartOf\":{\"@id\":\"https:\/\/www.sonoraenequipo.com.mx\/#website\"},\"primaryImageOfPage\":{\"@id\":\"https:\/\/www.sonoraenequipo.com.mx\/el-ine-no-responde-ya-a-los-ciudadanos-asegura-salgado-macedonio-y-se-suma-al-planton-de-simpatizantes\/#primaryimage\"},\"image\":{\"@id\":\"https:\/\/www.sonoraenequipo.com.mx\/el-ine-no-responde-ya-a-los-ciudadanos-asegura-salgado-macedonio-y-se-suma-al-planton-de-simpatizantes\/#primaryimage\"},\"thumbnailUrl\":\"https:\/\/www.sonoraenequipo.com.mx\/storage\/2021\/04\/Felix-Salgado-Macedonio_opt.jpg\",\"datePublished\":\"2021-04-07T14:54:40+00:00\",\"description\":\"CIUDAD DE M\u00c9XICO.MX.\u2014 F\u00e9lix Salgado Macedonio, aspirante de Morena a la gubernatura de Guerrero, asever\u00f3 que el Instituto Nacional Electoral (INE) debe En Sonora en Equipo publicamos toda la informaci\u00f3n de Sonora, M\u00e9xico y el Mundo de manera oportuna y busca que la libertad de expresi\u00f3n sea real. Visita nuestro medio informativo publicado desde Hermosillo, Sonora. %\",\"breadcrumb\":{\"@id\":\"https:\/\/www.sonoraenequipo.com.mx\/el-ine-no-responde-ya-a-los-ciudadanos-asegura-salgado-macedonio-y-se-suma-al-planton-de-simpatizantes\/#breadcrumb\"},\"inLanguage\":\"es\",\"potentialAction\":[{\"@type\":\"ReadAction\",\"target\":[\"https:\/\/www.sonoraenequipo.com.mx\/el-ine-no-responde-ya-a-los-ciudadanos-asegura-salgado-macedonio-y-se-suma-al-planton-de-simpatizantes\/\"]}]},{\"@type\":\"ImageObject\",\"inLanguage\":\"es\",\"@id\":\"https:\/\/www.sonoraenequipo.com.mx\/el-ine-no-responde-ya-a-los-ciudadanos-asegura-salgado-macedonio-y-se-suma-al-planton-de-simpatizantes\/#primaryimage\",\"url\":\"https:\/\/www.sonoraenequipo.com.mx\/storage\/2021\/04\/Felix-Salgado-Macedonio_opt.jpg\",\"contentUrl\":\"https:\/\/www.sonoraenequipo.com.mx\/storage\/2021\/04\/Felix-Salgado-Macedonio_opt.jpg\",\"width\":889,\"height\":500},{\"@type\":\"BreadcrumbList\",\"@id\":\"https:\/\/www.sonoraenequipo.com.mx\/el-ine-no-responde-ya-a-los-ciudadanos-asegura-salgado-macedonio-y-se-suma-al-planton-de-simpatizantes\/#breadcrumb\",\"itemListElement\":[{\"@type\":\"ListItem\",\"position\":1,\"name\":\"Portada\",\"item\":\"https:\/\/www.sonoraenequipo.com.mx\/\"},{\"@type\":\"ListItem\",\"position\":2,\"name\":\"\u00abEl INE no responde ya a los ciudadanos\u00bb asegura Salgado Macedonio y se suma al plant\u00f3n de simpatizantes\"}]},{\"@type\":\"WebSite\",\"@id\":\"https:\/\/www.sonoraenequipo.com.mx\/#website\",\"url\":\"https:\/\/www.sonoraenequipo.com.mx\/\",\"name\":\"Sonora en Equipo.\",\"description\":\"Diario en l\u00ednea con Noticias desde Hermosillo, Sonora\",\"publisher\":{\"@id\":\"https:\/\/www.sonoraenequipo.com.mx\/#organization\"},\"potentialAction\":[{\"@type\":\"SearchAction\",\"target\":{\"@type\":\"EntryPoint\",\"urlTemplate\":\"https:\/\/www.sonoraenequipo.com.mx\/?s={search_term_string}\"},\"query-input\":{\"@type\":\"PropertyValueSpecification\",\"valueRequired\":true,\"valueName\":\"search_term_string\"}}],\"inLanguage\":\"es\"},{\"@type\":\"Organization\",\"@id\":\"https:\/\/www.sonoraenequipo.com.mx\/#organization\",\"name\":\"Sonoraenequipo.com.mx\",\"url\":\"https:\/\/www.sonoraenequipo.com.mx\/\",\"logo\":{\"@type\":\"ImageObject\",\"inLanguage\":\"es\",\"@id\":\"https:\/\/www.sonoraenequipo.com.mx\/#\/schema\/logo\/image\/\",\"url\":\"https:\/\/www.sonoraenequipo.com.mx\/storage\/2019\/01\/sonoraenequipo_opt.png\",\"contentUrl\":\"https:\/\/www.sonoraenequipo.com.mx\/storage\/2019\/01\/sonoraenequipo_opt.png\",\"width\":375,\"height\":125,\"caption\":\"Sonoraenequipo.com.mx\"},\"image\":{\"@id\":\"https:\/\/www.sonoraenequipo.com.mx\/#\/schema\/logo\/image\/\"},\"sameAs\":[\"https:\/\/www.facebook.com\/SonoraEE\/\",\"https:\/\/x.com\/sonoraenequipo\",\"https:\/\/www.youtube.com\/channel\/UC338nW-lPEYmJQs4ZABQ1SQ\"]},{\"@type\":\"Person\",\"@id\":\"https:\/\/www.sonoraenequipo.com.mx\/#\/schema\/person\/50102df0fb23a8fa9e8effad8fa81386\",\"name\":\"enequipo\",\"image\":{\"@type\":\"ImageObject\",\"inLanguage\":\"es\",\"@id\":\"https:\/\/www.sonoraenequipo.com.mx\/#\/schema\/person\/image\/\",\"url\":\"https:\/\/secure.gravatar.com\/avatar\/049821681b589dabc0bc20695993ccebb09f5b5d4d790cd9251b97faac7c652b?s=96&d=blank&r=g\",\"contentUrl\":\"https:\/\/secure.gravatar.com\/avatar\/049821681b589dabc0bc20695993ccebb09f5b5d4d790cd9251b97faac7c652b?s=96&d=blank&r=g\",\"caption\":\"enequipo\"},\"sameAs\":[\"https:\/\/www.facebook.com\/SonoraEE\"]}]}<\/script>\n ","yoast_head_json":{"title":"Sonora en Equipo. \"El INE no responde ya a los ciudadanos\" asegura Salgado Macedonio y se suma al plant\u00f3n de simpatizantes Rep\u00fablica","description":"CIUDAD DE M\u00c9XICO.MX.\u2014 F\u00e9lix Salgado Macedonio, aspirante de Morena a la gubernatura de Guerrero, asever\u00f3 que el Instituto Nacional Electoral (INE) debe En Sonora en Equipo publicamos toda la informaci\u00f3n de Sonora, M\u00e9xico y el Mundo de manera oportuna y busca que la libertad de expresi\u00f3n sea real. Visita nuestro medio informativo publicado desde Hermosillo, Sonora. %","robots":{"index":"index","follow":"follow","max-snippet":"max-snippet:-1","max-image-preview":"max-image-preview:large","max-video-preview":"max-video-preview:-1"},"canonical":"https:\/\/www.sonoraenequipo.com.mx\/el-ine-no-responde-ya-a-los-ciudadanos-asegura-salgado-macedonio-y-se-suma-al-planton-de-simpatizantes\/","og_locale":"es_ES","og_type":"article","og_title":"Sonora en Equipo. \"El INE no responde ya a los ciudadanos\" asegura Salgado Macedonio y se suma al plant\u00f3n de simpatizantes Rep\u00fablica","og_description":"CIUDAD DE M\u00c9XICO.MX.\u2014 F\u00e9lix Salgado Macedonio, aspirante de Morena a la gubernatura de Guerrero, asever\u00f3 que el Instituto Nacional Electoral (INE) debe En Sonora en Equipo publicamos toda la informaci\u00f3n de Sonora, M\u00e9xico y el Mundo de manera oportuna y busca que la libertad de expresi\u00f3n sea real. Visita nuestro medio informativo publicado desde Hermosillo, Sonora. %","og_url":"https:\/\/www.sonoraenequipo.com.mx\/el-ine-no-responde-ya-a-los-ciudadanos-asegura-salgado-macedonio-y-se-suma-al-planton-de-simpatizantes\/","og_site_name":"Sonora en Equipo.","article_publisher":"https:\/\/www.facebook.com\/SonoraEE\/","article_author":"https:\/\/www.facebook.com\/SonoraEE","article_published_time":"2021-04-07T14:54:40+00:00","og_image":[{"width":889,"height":500,"url":"https:\/\/www.sonoraenequipo.com.mx\/storage\/2021\/04\/Felix-Salgado-Macedonio_opt.jpg","type":"image\/jpeg"}],"author":"enequipo","twitter_card":"summary_large_image","twitter_creator":"@sonoraenequipo","twitter_site":"@sonoraenequipo","twitter_misc":{"Escrito por":"enequipo","Tiempo de lectura":"2 minutos"},"schema":{"@context":"https:\/\/schema.org","@graph":[{"@type":"Article","@id":"https:\/\/www.sonoraenequipo.com.mx\/el-ine-no-responde-ya-a-los-ciudadanos-asegura-salgado-macedonio-y-se-suma-al-planton-de-simpatizantes\/#article","isPartOf":{"@id":"https:\/\/www.sonoraenequipo.com.mx\/el-ine-no-responde-ya-a-los-ciudadanos-asegura-salgado-macedonio-y-se-suma-al-planton-de-simpatizantes\/"},"author":{"name":"enequipo","@id":"https:\/\/www.sonoraenequipo.com.mx\/#\/schema\/person\/50102df0fb23a8fa9e8effad8fa81386"},"headline":"\u00abEl INE no responde ya a los ciudadanos\u00bb asegura Salgado Macedonio y se suma al plant\u00f3n de simpatizantes","datePublished":"2021-04-07T14:54:40+00:00","mainEntityOfPage":{"@id":"https:\/\/www.sonoraenequipo.com.mx\/el-ine-no-responde-ya-a-los-ciudadanos-asegura-salgado-macedonio-y-se-suma-al-planton-de-simpatizantes\/"},"wordCount":293,"commentCount":0,"publisher":{"@id":"https:\/\/www.sonoraenequipo.com.mx\/#organization"},"image":{"@id":"https:\/\/www.sonoraenequipo.com.mx\/el-ine-no-responde-ya-a-los-ciudadanos-asegura-salgado-macedonio-y-se-suma-al-planton-de-simpatizantes\/#primaryimage"},"thumbnailUrl":"https:\/\/www.sonoraenequipo.com.mx\/storage\/2021\/04\/Felix-Salgado-Macedonio_opt.jpg","articleSection":["Rep\u00fablica"],"inLanguage":"es","potentialAction":[{"@type":"CommentAction","name":"Comment","target":["https:\/\/www.sonoraenequipo.com.mx\/el-ine-no-responde-ya-a-los-ciudadanos-asegura-salgado-macedonio-y-se-suma-al-planton-de-simpatizantes\/#respond"]}]},{"@type":"WebPage","@id":"https:\/\/www.sonoraenequipo.com.mx\/el-ine-no-responde-ya-a-los-ciudadanos-asegura-salgado-macedonio-y-se-suma-al-planton-de-simpatizantes\/","url":"https:\/\/www.sonoraenequipo.com.mx\/el-ine-no-responde-ya-a-los-ciudadanos-asegura-salgado-macedonio-y-se-suma-al-planton-de-simpatizantes\/","name":"Sonora en Equipo. \"El INE no responde ya a los ciudadanos\" asegura Salgado Macedonio y se suma al plant\u00f3n de simpatizantes Rep\u00fablica","isPartOf":{"@id":"https:\/\/www.sonoraenequipo.com.mx\/#website"},"primaryImageOfPage":{"@id":"https:\/\/www.sonoraenequipo.com.mx\/el-ine-no-responde-ya-a-los-ciudadanos-asegura-salgado-macedonio-y-se-suma-al-planton-de-simpatizantes\/#primaryimage"},"image":{"@id":"https:\/\/www.sonoraenequipo.com.mx\/el-ine-no-responde-ya-a-los-ciudadanos-asegura-salgado-macedonio-y-se-suma-al-planton-de-simpatizantes\/#primaryimage"},"thumbnailUrl":"https:\/\/www.sonoraenequipo.com.mx\/storage\/2021\/04\/Felix-Salgado-Macedonio_opt.jpg","datePublished":"2021-04-07T14:54:40+00:00","description":"CIUDAD DE M\u00c9XICO.MX.\u2014 F\u00e9lix Salgado Macedonio, aspirante de Morena a la gubernatura de Guerrero, asever\u00f3 que el Instituto Nacional Electoral (INE) debe En Sonora en Equipo publicamos toda la informaci\u00f3n de Sonora, M\u00e9xico y el Mundo de manera oportuna y busca que la libertad de expresi\u00f3n sea real. Visita nuestro medio informativo publicado desde Hermosillo, Sonora. %","breadcrumb":{"@id":"https:\/\/www.sonoraenequipo.com.mx\/el-ine-no-responde-ya-a-los-ciudadanos-asegura-salgado-macedonio-y-se-suma-al-planton-de-simpatizantes\/#breadcrumb"},"inLanguage":"es","potentialAction":[{"@type":"ReadAction","target":["https:\/\/www.sonoraenequipo.com.mx\/el-ine-no-responde-ya-a-los-ciudadanos-asegura-salgado-macedonio-y-se-suma-al-planton-de-simpatizantes\/"]}]},{"@type":"ImageObject","inLanguage":"es","@id":"https:\/\/www.sonoraenequipo.com.mx\/el-ine-no-responde-ya-a-los-ciudadanos-asegura-salgado-macedonio-y-se-suma-al-planton-de-simpatizantes\/#primaryimage","url":"https:\/\/www.sonoraenequipo.com.mx\/storage\/2021\/04\/Felix-Salgado-Macedonio_opt.jpg","contentUrl":"https:\/\/www.sonoraenequipo.com.mx\/storage\/2021\/04\/Felix-Salgado-Macedonio_opt.jpg","width":889,"height":500},{"@type":"BreadcrumbList","@id":"https:\/\/www.sonoraenequipo.com.mx\/el-ine-no-responde-ya-a-los-ciudadanos-asegura-salgado-macedonio-y-se-suma-al-planton-de-simpatizantes\/#breadcrumb","itemListElement":[{"@type":"ListItem","position":1,"name":"Portada","item":"https:\/\/www.sonoraenequipo.com.mx\/"},{"@type":"ListItem","position":2,"name":"\u00abEl INE no responde ya a los ciudadanos\u00bb asegura Salgado Macedonio y se suma al plant\u00f3n de simpatizantes"}]},{"@type":"WebSite","@id":"https:\/\/www.sonoraenequipo.com.mx\/#website","url":"https:\/\/www.sonoraenequipo.com.mx\/","name":"Sonora en Equipo.","description":"Diario en l\u00ednea con Noticias desde Hermosillo, Sonora","publisher":{"@id":"https:\/\/www.sonoraenequipo.com.mx\/#organization"},"potentialAction":[{"@type":"SearchAction","target":{"@type":"EntryPoint","urlTemplate":"https:\/\/www.sonoraenequipo.com.mx\/?s={search_term_string}"},"query-input":{"@type":"PropertyValueSpecification","valueRequired":true,"valueName":"search_term_string"}}],"inLanguage":"es"},{"@type":"Organization","@id":"https:\/\/www.sonoraenequipo.com.mx\/#organization","name":"Sonoraenequipo.com.mx","url":"https:\/\/www.sonoraenequipo.com.mx\/","logo":{"@type":"ImageObject","inLanguage":"es","@id":"https:\/\/www.sonoraenequipo.com.mx\/#\/schema\/logo\/image\/","url":"https:\/\/www.sonoraenequipo.com.mx\/storage\/2019\/01\/sonoraenequipo_opt.png","contentUrl":"https:\/\/www.sonoraenequipo.com.mx\/storage\/2019\/01\/sonoraenequipo_opt.png","width":375,"height":125,"caption":"Sonoraenequipo.com.mx"},"image":{"@id":"https:\/\/www.sonoraenequipo.com.mx\/#\/schema\/logo\/image\/"},"sameAs":["https:\/\/www.facebook.com\/SonoraEE\/","https:\/\/x.com\/sonoraenequipo","https:\/\/www.youtube.com\/channel\/UC338nW-lPEYmJQs4ZABQ1SQ"]},{"@type":"Person","@id":"https:\/\/www.sonoraenequipo.com.mx\/#\/schema\/person\/50102df0fb23a8fa9e8effad8fa81386","name":"enequipo","image":{"@type":"ImageObject","inLanguage":"es","@id":"https:\/\/www.sonoraenequipo.com.mx\/#\/schema\/person\/image\/","url":"https:\/\/secure.gravatar.com\/avatar\/049821681b589dabc0bc20695993ccebb09f5b5d4d790cd9251b97faac7c652b?s=96&d=blank&r=g","contentUrl":"https:\/\/secure.gravatar.com\/avatar\/049821681b589dabc0bc20695993ccebb09f5b5d4d790cd9251b97faac7c652b?s=96&d=blank&r=g","caption":"enequipo"},"sameAs":["https:\/\/www.facebook.com\/SonoraEE"]}]}},"jetpack_featured_media_url":"https:\/\/www.sonoraenequipo.com.mx\/storage\/2021\/04\/Felix-Salgado-Macedonio_opt.jpg","_links":{"self":[{"href":"https:\/\/www.sonoraenequipo.com.mx\/api\/wp\/v2\/posts\/110933","targetHints":{"allow":["GET"]}}],"collection":[{"href":"https:\/\/www.sonoraenequipo.com.mx\/api\/wp\/v2\/posts"}],"about":[{"href":"https:\/\/www.sonoraenequipo.com.mx\/api\/wp\/v2\/types\/post"}],"author":[{"embeddable":true,"href":"https:\/\/www.sonoraenequipo.com.mx\/api\/wp\/v2\/users\/1"}],"replies":[{"embeddable":true,"href":"https:\/\/www.sonoraenequipo.com.mx\/api\/wp\/v2\/comments?post=110933"}],"version-history":[{"count":1,"href":"https:\/\/www.sonoraenequipo.com.mx\/api\/wp\/v2\/posts\/110933\/revisions"}],"predecessor-version":[{"id":110936,"href":"https:\/\/www.sonoraenequipo.com.mx\/api\/wp\/v2\/posts\/110933\/revisions\/110936"}],"wp:featuredmedia":[{"embeddable":true,"href":"https:\/\/www.sonoraenequipo.com.mx\/api\/wp\/v2\/media\/110935"}],"wp:attachment":[{"href":"https:\/\/www.sonoraenequipo.com.mx\/api\/wp\/v2\/media?parent=110933"}],"wp:term":[{"taxonomy":"category","embeddable":true,"href":"https:\/\/www.sonoraenequipo.com.mx\/api\/wp\/v2\/categories?post=110933"},{"taxonomy":"post_tag","embeddable":true,"href":"https:\/\/www.sonoraenequipo.com.mx\/api\/wp\/v2\/tags?post=110933"}],"curies":[{"name":"wp","href":"https:\/\/api.w.org\/{rel}","templated":true}]}}