{"id":110937,"date":"2021-04-07T06:00:34","date_gmt":"2021-04-07T13:00:34","guid":{"rendered":"https:\/\/www.sonoraenequipo.com.mx\/?p=110937"},"modified":"2021-04-07T08:15:27","modified_gmt":"2021-04-07T15:15:27","slug":"casa-de-reportero-que-dio-a-conocer-muerte-de-victoria-en-tulum-es-allanada","status":"publish","type":"post","link":"https:\/\/www.sonoraenequipo.com.mx\/casa-de-reportero-que-dio-a-conocer-muerte-de-victoria-en-tulum-es-allanada\/","title":{"rendered":"Casa de reportero que dio a conocer muerte de Victoria en Tulum es allanada"},"content":{"rendered":"<p>TULUM, QUINTANA ROO. MX. \u2014\u00a0 Una semana despu\u00e9s de que se diera a conocer el asesinato de Victoria Esperanza Salazar a manos de polic\u00edas de Tulum, el reportero Francisco Canul \u2014 quien revel\u00f3 el video de los hechos\u2014 denunci\u00f3 que entraron, destruyeron y saquearon su casa.<\/p>\n<p>&nbsp;<\/p>\n<p> <\/p>\n<p>&nbsp;<\/p>\n<p>El periodista del portal NotiTulum dijo en entrevista con el diario Proceso que \u00e9l hab\u00eda salido de viaje el pasado 3 de abril y al regresar al d\u00eda despu\u00e9s encontr\u00f3 que los seguros de su casa hab\u00edan sido arrancados.<\/p>\n<p>&nbsp;<\/p>\n<p>El comunicador se\u00f1al\u00f3 que no se trat\u00f3 de un simple robo, pues hubo mucha \u201csa\u00f1a\u201d y lo \u00fanico que se llevaron fue todo su equipo de trabajo.<\/p>\n<p>&nbsp;<\/p>\n<p><em>\u201cCreo que el hecho ocurri\u00f3 a la medianoche del s\u00e1bado o en horas de la madrugada del domingo, pero resulta que pese al ruido que debieron hacer, nadie vio ni escuch\u00f3 nada. No hay testigos\u201d,<\/em> dijo el hombre, quien vive cerca del Palacio Municipal.<\/p>\n<p>&nbsp;<\/p>\n<p><img loading=\"lazy\" decoding=\"async\" class=\" size-full x-right\" src=\"https:\/\/www.sonoraenequipo.com.mx\/storage\/2021\/04\/Puerta_opt.jpg\" alt=\"\" width=\"531\" height=\"487\" \/>Adem\u00e1s, denunci\u00f3 que la patrulla tard\u00f3 hasta hora y media para llegar a su casa y la Fiscal\u00eda no asisti\u00f3 a la vivienda pues<em> \u201cno hubo ning\u00fan muerto\u201d.<\/em><\/p>\n<p>&nbsp;<\/p>\n<p>El periodista de ascendencia maya tiene roles en distintos medios como la Televisora regional Canal 10 tambi\u00e9n conocida como Notivisi\u00f3n; Quequi Quintana Roo; la Radio QFM en el programa <strong>\u00bfQu\u00e9 pasa en Quintana Roo?<\/strong>; as\u00ed como en su sitio web NotiTulum.<\/p>\n<p>&nbsp;<\/p>\n<p>Al respecto, Art\u00edculo 19 mostr\u00f3 su preocupaci\u00f3n por este caso, pues dijo que el \u201callanamiento en el domicilio del periodista tiene un efecto inhibidor para quienes ejercen su derecho a la libertad de expresi\u00f3n y acceso a la informaci\u00f3n\u201d.<\/p>\n<p>Recientemente la organizaci\u00f3n registr\u00f3 en su informe anual que el estado de Quintana Roo fue el tercer estado con m\u00e1s agresiones contra la prensa en el a\u00f1o 2020.<\/p>\n<p>&nbsp;<\/p>\n<p>La entidad ha estado entre las cinco m\u00e1s peligrosas para la prensa desde el 2009 y las agresiones contra la prensa son tanto de grupos particulares y crimen organizado como por parte de las mismas autoridades, particularmente las corporaciones policiales.<\/p>\n<p>&nbsp;<\/p>\n<p>Ante ello, Art\u00edculo 19 exigi\u00f3 al presidente municipal del municipio de Tulum, V\u00edctor Mas Tah, que garantice la seguridad al periodista; a la FGE a que investiguen con diligencia, objetividad y exhaustividad el allanamiento; y al Mecanismo de Protecci\u00f3n para Personas Defensoras de Derechos Humanos y Periodistas a que act\u00faen conforme a sus atribuciones.<\/p>\n<p>&nbsp;<\/p>\n<p>(Publicada el 07\/04\/2021\/Art\u00edculo 19\/Proceso)<\/p>\n","protected":false},"excerpt":{"rendered":"<p>TULUM, QUINTANA ROO. MX. \u2014\u00a0 Una semana despu\u00e9s de que se diera a conocer el&#8230;<\/p>\n","protected":false},"author":1,"featured_media":110939,"comment_status":"open","ping_status":"open","sticky":false,"template":"","format":"standard","meta":{"_monsterinsights_skip_tracking":false,"_monsterinsights_sitenote_active":false,"_monsterinsights_sitenote_note":"","_monsterinsights_sitenote_category":0,"footnotes":""},"categories":[5],"tags":[],"class_list":["post"],"yoast_head":" \n<title>Sonora en Equipo. Casa de reportero que dio a conocer muerte de Victoria en Tulum es allanada Rep\u00fablica<\/title>\n<meta name=\"description\" content=\"TULUM, QUINTANA ROO. MX. \u2014\u00a0 Una semana despu\u00e9s de que se diera a conocer el asesinato de Victoria Esperanza Salazar a manos de polic\u00edas de Tulum, el En Sonora en Equipo publicamos toda la informaci\u00f3n de Sonora, M\u00e9xico y el Mundo de manera oportuna y busca que la libertad de expresi\u00f3n sea real. Visita nuestro medio informativo publicado desde Hermosillo, Sonora. %\" \/>\n<meta name=\"robots\" content=\"index, follow, max-snippet:-1, max-image-preview:large, max-video-preview:-1\" \/>\n<link rel=\"canonical\" href=\"https:\/\/www.sonoraenequipo.com.mx\/casa-de-reportero-que-dio-a-conocer-muerte-de-victoria-en-tulum-es-allanada\/\" \/>\n<meta property=\"og:locale\" content=\"es_ES\" \/>\n<meta property=\"og:type\" content=\"article\" \/>\n<meta property=\"og:title\" content=\"Sonora en Equipo. Casa de reportero que dio a conocer muerte de Victoria en Tulum es allanada Rep\u00fablica\" \/>\n<meta property=\"og:description\" content=\"TULUM, QUINTANA ROO. MX. \u2014\u00a0 Una semana despu\u00e9s de que se diera a conocer el asesinato de Victoria Esperanza Salazar a manos de polic\u00edas de Tulum, el En Sonora en Equipo publicamos toda la informaci\u00f3n de Sonora, M\u00e9xico y el Mundo de manera oportuna y busca que la libertad de expresi\u00f3n sea real. Visita nuestro medio informativo publicado desde Hermosillo, Sonora. %\" \/>\n<meta property=\"og:url\" content=\"https:\/\/www.sonoraenequipo.com.mx\/casa-de-reportero-que-dio-a-conocer-muerte-de-victoria-en-tulum-es-allanada\/\" \/>\n<meta property=\"og:site_name\" content=\"Sonora en Equipo.\" \/>\n<meta property=\"article:publisher\" content=\"https:\/\/www.facebook.com\/SonoraEE\/\" \/>\n<meta property=\"article:author\" content=\"https:\/\/www.facebook.com\/SonoraEE\" \/>\n<meta property=\"article:published_time\" content=\"2021-04-07T13:00:34+00:00\" \/>\n<meta property=\"article:modified_time\" content=\"2021-04-07T15:15:27+00:00\" \/>\n<meta property=\"og:image\" content=\"https:\/\/www.sonoraenequipo.com.mx\/storage\/2021\/04\/periodista-Francisco-Canul_opt.jpg\" \/>\n\t<meta property=\"og:image:width\" content=\"889\" \/>\n\t<meta property=\"og:image:height\" content=\"500\" \/>\n\t<meta property=\"og:image:type\" content=\"image\/jpeg\" \/>\n<meta name=\"author\" content=\"enequipo\" \/>\n<meta name=\"twitter:card\" content=\"summary_large_image\" \/>\n<meta name=\"twitter:creator\" content=\"@sonoraenequipo\" \/>\n<meta name=\"twitter:site\" content=\"@sonoraenequipo\" \/>\n<meta name=\"twitter:label1\" content=\"Escrito por\" \/>\n\t<meta name=\"twitter:data1\" content=\"enequipo\" \/>\n\t<meta name=\"twitter:label2\" content=\"Tiempo de lectura\" \/>\n\t<meta name=\"twitter:data2\" content=\"2 minutos\" \/>\n<script type=\"application\/ld+json\" class=\"yoast-schema-graph\">{\"@context\":\"https:\/\/schema.org\",\"@graph\":[{\"@type\":\"Article\",\"@id\":\"https:\/\/www.sonoraenequipo.com.mx\/casa-de-reportero-que-dio-a-conocer-muerte-de-victoria-en-tulum-es-allanada\/#article\",\"isPartOf\":{\"@id\":\"https:\/\/www.sonoraenequipo.com.mx\/casa-de-reportero-que-dio-a-conocer-muerte-de-victoria-en-tulum-es-allanada\/\"},\"author\":{\"name\":\"enequipo\",\"@id\":\"https:\/\/www.sonoraenequipo.com.mx\/#\/schema\/person\/50102df0fb23a8fa9e8effad8fa81386\"},\"headline\":\"Casa de reportero que dio a conocer muerte de Victoria en Tulum es allanada\",\"datePublished\":\"2021-04-07T13:00:34+00:00\",\"dateModified\":\"2021-04-07T15:15:27+00:00\",\"mainEntityOfPage\":{\"@id\":\"https:\/\/www.sonoraenequipo.com.mx\/casa-de-reportero-que-dio-a-conocer-muerte-de-victoria-en-tulum-es-allanada\/\"},\"wordCount\":433,\"commentCount\":0,\"publisher\":{\"@id\":\"https:\/\/www.sonoraenequipo.com.mx\/#organization\"},\"image\":{\"@id\":\"https:\/\/www.sonoraenequipo.com.mx\/casa-de-reportero-que-dio-a-conocer-muerte-de-victoria-en-tulum-es-allanada\/#primaryimage\"},\"thumbnailUrl\":\"https:\/\/www.sonoraenequipo.com.mx\/storage\/2021\/04\/periodista-Francisco-Canul_opt.jpg\",\"articleSection\":[\"Rep\u00fablica\"],\"inLanguage\":\"es\",\"potentialAction\":[{\"@type\":\"CommentAction\",\"name\":\"Comment\",\"target\":[\"https:\/\/www.sonoraenequipo.com.mx\/casa-de-reportero-que-dio-a-conocer-muerte-de-victoria-en-tulum-es-allanada\/#respond\"]}]},{\"@type\":\"WebPage\",\"@id\":\"https:\/\/www.sonoraenequipo.com.mx\/casa-de-reportero-que-dio-a-conocer-muerte-de-victoria-en-tulum-es-allanada\/\",\"url\":\"https:\/\/www.sonoraenequipo.com.mx\/casa-de-reportero-que-dio-a-conocer-muerte-de-victoria-en-tulum-es-allanada\/\",\"name\":\"Sonora en Equipo. Casa de reportero que dio a conocer muerte de Victoria en Tulum es allanada Rep\u00fablica\",\"isPartOf\":{\"@id\":\"https:\/\/www.sonoraenequipo.com.mx\/#website\"},\"primaryImageOfPage\":{\"@id\":\"https:\/\/www.sonoraenequipo.com.mx\/casa-de-reportero-que-dio-a-conocer-muerte-de-victoria-en-tulum-es-allanada\/#primaryimage\"},\"image\":{\"@id\":\"https:\/\/www.sonoraenequipo.com.mx\/casa-de-reportero-que-dio-a-conocer-muerte-de-victoria-en-tulum-es-allanada\/#primaryimage\"},\"thumbnailUrl\":\"https:\/\/www.sonoraenequipo.com.mx\/storage\/2021\/04\/periodista-Francisco-Canul_opt.jpg\",\"datePublished\":\"2021-04-07T13:00:34+00:00\",\"dateModified\":\"2021-04-07T15:15:27+00:00\",\"description\":\"TULUM, QUINTANA ROO. MX. \u2014\u00a0 Una semana despu\u00e9s de que se diera a conocer el asesinato de Victoria Esperanza Salazar a manos de polic\u00edas de Tulum, el En Sonora en Equipo publicamos toda la informaci\u00f3n de Sonora, M\u00e9xico y el Mundo de manera oportuna y busca que la libertad de expresi\u00f3n sea real. Visita nuestro medio informativo publicado desde Hermosillo, Sonora. %\",\"breadcrumb\":{\"@id\":\"https:\/\/www.sonoraenequipo.com.mx\/casa-de-reportero-que-dio-a-conocer-muerte-de-victoria-en-tulum-es-allanada\/#breadcrumb\"},\"inLanguage\":\"es\",\"potentialAction\":[{\"@type\":\"ReadAction\",\"target\":[\"https:\/\/www.sonoraenequipo.com.mx\/casa-de-reportero-que-dio-a-conocer-muerte-de-victoria-en-tulum-es-allanada\/\"]}]},{\"@type\":\"ImageObject\",\"inLanguage\":\"es\",\"@id\":\"https:\/\/www.sonoraenequipo.com.mx\/casa-de-reportero-que-dio-a-conocer-muerte-de-victoria-en-tulum-es-allanada\/#primaryimage\",\"url\":\"https:\/\/www.sonoraenequipo.com.mx\/storage\/2021\/04\/periodista-Francisco-Canul_opt.jpg\",\"contentUrl\":\"https:\/\/www.sonoraenequipo.com.mx\/storage\/2021\/04\/periodista-Francisco-Canul_opt.jpg\",\"width\":889,\"height\":500},{\"@type\":\"BreadcrumbList\",\"@id\":\"https:\/\/www.sonoraenequipo.com.mx\/casa-de-reportero-que-dio-a-conocer-muerte-de-victoria-en-tulum-es-allanada\/#breadcrumb\",\"itemListElement\":[{\"@type\":\"ListItem\",\"position\":1,\"name\":\"Portada\",\"item\":\"https:\/\/www.sonoraenequipo.com.mx\/\"},{\"@type\":\"ListItem\",\"position\":2,\"name\":\"Casa de reportero que dio a conocer muerte de Victoria en Tulum es allanada\"}]},{\"@type\":\"WebSite\",\"@id\":\"https:\/\/www.sonoraenequipo.com.mx\/#website\",\"url\":\"https:\/\/www.sonoraenequipo.com.mx\/\",\"name\":\"Sonora en Equipo.\",\"description\":\"Diario en l\u00ednea con Noticias desde Hermosillo, Sonora\",\"publisher\":{\"@id\":\"https:\/\/www.sonoraenequipo.com.mx\/#organization\"},\"potentialAction\":[{\"@type\":\"SearchAction\",\"target\":{\"@type\":\"EntryPoint\",\"urlTemplate\":\"https:\/\/www.sonoraenequipo.com.mx\/?s={search_term_string}\"},\"query-input\":{\"@type\":\"PropertyValueSpecification\",\"valueRequired\":true,\"valueName\":\"search_term_string\"}}],\"inLanguage\":\"es\"},{\"@type\":\"Organization\",\"@id\":\"https:\/\/www.sonoraenequipo.com.mx\/#organization\",\"name\":\"Sonoraenequipo.com.mx\",\"url\":\"https:\/\/www.sonoraenequipo.com.mx\/\",\"logo\":{\"@type\":\"ImageObject\",\"inLanguage\":\"es\",\"@id\":\"https:\/\/www.sonoraenequipo.com.mx\/#\/schema\/logo\/image\/\",\"url\":\"https:\/\/www.sonoraenequipo.com.mx\/storage\/2019\/01\/sonoraenequipo_opt.png\",\"contentUrl\":\"https:\/\/www.sonoraenequipo.com.mx\/storage\/2019\/01\/sonoraenequipo_opt.png\",\"width\":375,\"height\":125,\"caption\":\"Sonoraenequipo.com.mx\"},\"image\":{\"@id\":\"https:\/\/www.sonoraenequipo.com.mx\/#\/schema\/logo\/image\/\"},\"sameAs\":[\"https:\/\/www.facebook.com\/SonoraEE\/\",\"https:\/\/x.com\/sonoraenequipo\",\"https:\/\/www.youtube.com\/channel\/UC338nW-lPEYmJQs4ZABQ1SQ\"]},{\"@type\":\"Person\",\"@id\":\"https:\/\/www.sonoraenequipo.com.mx\/#\/schema\/person\/50102df0fb23a8fa9e8effad8fa81386\",\"name\":\"enequipo\",\"image\":{\"@type\":\"ImageObject\",\"inLanguage\":\"es\",\"@id\":\"https:\/\/www.sonoraenequipo.com.mx\/#\/schema\/person\/image\/\",\"url\":\"https:\/\/secure.gravatar.com\/avatar\/049821681b589dabc0bc20695993ccebb09f5b5d4d790cd9251b97faac7c652b?s=96&d=blank&r=g\",\"contentUrl\":\"https:\/\/secure.gravatar.com\/avatar\/049821681b589dabc0bc20695993ccebb09f5b5d4d790cd9251b97faac7c652b?s=96&d=blank&r=g\",\"caption\":\"enequipo\"},\"sameAs\":[\"https:\/\/www.facebook.com\/SonoraEE\"]}]}<\/script>\n ","yoast_head_json":{"title":"Sonora en Equipo. Casa de reportero que dio a conocer muerte de Victoria en Tulum es allanada Rep\u00fablica","description":"TULUM, QUINTANA ROO. MX. \u2014\u00a0 Una semana despu\u00e9s de que se diera a conocer el asesinato de Victoria Esperanza Salazar a manos de polic\u00edas de Tulum, el En Sonora en Equipo publicamos toda la informaci\u00f3n de Sonora, M\u00e9xico y el Mundo de manera oportuna y busca que la libertad de expresi\u00f3n sea real. Visita nuestro medio informativo publicado desde Hermosillo, Sonora. %","robots":{"index":"index","follow":"follow","max-snippet":"max-snippet:-1","max-image-preview":"max-image-preview:large","max-video-preview":"max-video-preview:-1"},"canonical":"https:\/\/www.sonoraenequipo.com.mx\/casa-de-reportero-que-dio-a-conocer-muerte-de-victoria-en-tulum-es-allanada\/","og_locale":"es_ES","og_type":"article","og_title":"Sonora en Equipo. Casa de reportero que dio a conocer muerte de Victoria en Tulum es allanada Rep\u00fablica","og_description":"TULUM, QUINTANA ROO. MX. \u2014\u00a0 Una semana despu\u00e9s de que se diera a conocer el asesinato de Victoria Esperanza Salazar a manos de polic\u00edas de Tulum, el En Sonora en Equipo publicamos toda la informaci\u00f3n de Sonora, M\u00e9xico y el Mundo de manera oportuna y busca que la libertad de expresi\u00f3n sea real. Visita nuestro medio informativo publicado desde Hermosillo, Sonora. %","og_url":"https:\/\/www.sonoraenequipo.com.mx\/casa-de-reportero-que-dio-a-conocer-muerte-de-victoria-en-tulum-es-allanada\/","og_site_name":"Sonora en Equipo.","article_publisher":"https:\/\/www.facebook.com\/SonoraEE\/","article_author":"https:\/\/www.facebook.com\/SonoraEE","article_published_time":"2021-04-07T13:00:34+00:00","article_modified_time":"2021-04-07T15:15:27+00:00","og_image":[{"width":889,"height":500,"url":"https:\/\/www.sonoraenequipo.com.mx\/storage\/2021\/04\/periodista-Francisco-Canul_opt.jpg","type":"image\/jpeg"}],"author":"enequipo","twitter_card":"summary_large_image","twitter_creator":"@sonoraenequipo","twitter_site":"@sonoraenequipo","twitter_misc":{"Escrito por":"enequipo","Tiempo de lectura":"2 minutos"},"schema":{"@context":"https:\/\/schema.org","@graph":[{"@type":"Article","@id":"https:\/\/www.sonoraenequipo.com.mx\/casa-de-reportero-que-dio-a-conocer-muerte-de-victoria-en-tulum-es-allanada\/#article","isPartOf":{"@id":"https:\/\/www.sonoraenequipo.com.mx\/casa-de-reportero-que-dio-a-conocer-muerte-de-victoria-en-tulum-es-allanada\/"},"author":{"name":"enequipo","@id":"https:\/\/www.sonoraenequipo.com.mx\/#\/schema\/person\/50102df0fb23a8fa9e8effad8fa81386"},"headline":"Casa de reportero que dio a conocer muerte de Victoria en Tulum es allanada","datePublished":"2021-04-07T13:00:34+00:00","dateModified":"2021-04-07T15:15:27+00:00","mainEntityOfPage":{"@id":"https:\/\/www.sonoraenequipo.com.mx\/casa-de-reportero-que-dio-a-conocer-muerte-de-victoria-en-tulum-es-allanada\/"},"wordCount":433,"commentCount":0,"publisher":{"@id":"https:\/\/www.sonoraenequipo.com.mx\/#organization"},"image":{"@id":"https:\/\/www.sonoraenequipo.com.mx\/casa-de-reportero-que-dio-a-conocer-muerte-de-victoria-en-tulum-es-allanada\/#primaryimage"},"thumbnailUrl":"https:\/\/www.sonoraenequipo.com.mx\/storage\/2021\/04\/periodista-Francisco-Canul_opt.jpg","articleSection":["Rep\u00fablica"],"inLanguage":"es","potentialAction":[{"@type":"CommentAction","name":"Comment","target":["https:\/\/www.sonoraenequipo.com.mx\/casa-de-reportero-que-dio-a-conocer-muerte-de-victoria-en-tulum-es-allanada\/#respond"]}]},{"@type":"WebPage","@id":"https:\/\/www.sonoraenequipo.com.mx\/casa-de-reportero-que-dio-a-conocer-muerte-de-victoria-en-tulum-es-allanada\/","url":"https:\/\/www.sonoraenequipo.com.mx\/casa-de-reportero-que-dio-a-conocer-muerte-de-victoria-en-tulum-es-allanada\/","name":"Sonora en Equipo. Casa de reportero que dio a conocer muerte de Victoria en Tulum es allanada Rep\u00fablica","isPartOf":{"@id":"https:\/\/www.sonoraenequipo.com.mx\/#website"},"primaryImageOfPage":{"@id":"https:\/\/www.sonoraenequipo.com.mx\/casa-de-reportero-que-dio-a-conocer-muerte-de-victoria-en-tulum-es-allanada\/#primaryimage"},"image":{"@id":"https:\/\/www.sonoraenequipo.com.mx\/casa-de-reportero-que-dio-a-conocer-muerte-de-victoria-en-tulum-es-allanada\/#primaryimage"},"thumbnailUrl":"https:\/\/www.sonoraenequipo.com.mx\/storage\/2021\/04\/periodista-Francisco-Canul_opt.jpg","datePublished":"2021-04-07T13:00:34+00:00","dateModified":"2021-04-07T15:15:27+00:00","description":"TULUM, QUINTANA ROO. MX. \u2014\u00a0 Una semana despu\u00e9s de que se diera a conocer el asesinato de Victoria Esperanza Salazar a manos de polic\u00edas de Tulum, el En Sonora en Equipo publicamos toda la informaci\u00f3n de Sonora, M\u00e9xico y el Mundo de manera oportuna y busca que la libertad de expresi\u00f3n sea real. Visita nuestro medio informativo publicado desde Hermosillo, Sonora. %","breadcrumb":{"@id":"https:\/\/www.sonoraenequipo.com.mx\/casa-de-reportero-que-dio-a-conocer-muerte-de-victoria-en-tulum-es-allanada\/#breadcrumb"},"inLanguage":"es","potentialAction":[{"@type":"ReadAction","target":["https:\/\/www.sonoraenequipo.com.mx\/casa-de-reportero-que-dio-a-conocer-muerte-de-victoria-en-tulum-es-allanada\/"]}]},{"@type":"ImageObject","inLanguage":"es","@id":"https:\/\/www.sonoraenequipo.com.mx\/casa-de-reportero-que-dio-a-conocer-muerte-de-victoria-en-tulum-es-allanada\/#primaryimage","url":"https:\/\/www.sonoraenequipo.com.mx\/storage\/2021\/04\/periodista-Francisco-Canul_opt.jpg","contentUrl":"https:\/\/www.sonoraenequipo.com.mx\/storage\/2021\/04\/periodista-Francisco-Canul_opt.jpg","width":889,"height":500},{"@type":"BreadcrumbList","@id":"https:\/\/www.sonoraenequipo.com.mx\/casa-de-reportero-que-dio-a-conocer-muerte-de-victoria-en-tulum-es-allanada\/#breadcrumb","itemListElement":[{"@type":"ListItem","position":1,"name":"Portada","item":"https:\/\/www.sonoraenequipo.com.mx\/"},{"@type":"ListItem","position":2,"name":"Casa de reportero que dio a conocer muerte de Victoria en Tulum es allanada"}]},{"@type":"WebSite","@id":"https:\/\/www.sonoraenequipo.com.mx\/#website","url":"https:\/\/www.sonoraenequipo.com.mx\/","name":"Sonora en Equipo.","description":"Diario en l\u00ednea con Noticias desde Hermosillo, Sonora","publisher":{"@id":"https:\/\/www.sonoraenequipo.com.mx\/#organization"},"potentialAction":[{"@type":"SearchAction","target":{"@type":"EntryPoint","urlTemplate":"https:\/\/www.sonoraenequipo.com.mx\/?s={search_term_string}"},"query-input":{"@type":"PropertyValueSpecification","valueRequired":true,"valueName":"search_term_string"}}],"inLanguage":"es"},{"@type":"Organization","@id":"https:\/\/www.sonoraenequipo.com.mx\/#organization","name":"Sonoraenequipo.com.mx","url":"https:\/\/www.sonoraenequipo.com.mx\/","logo":{"@type":"ImageObject","inLanguage":"es","@id":"https:\/\/www.sonoraenequipo.com.mx\/#\/schema\/logo\/image\/","url":"https:\/\/www.sonoraenequipo.com.mx\/storage\/2019\/01\/sonoraenequipo_opt.png","contentUrl":"https:\/\/www.sonoraenequipo.com.mx\/storage\/2019\/01\/sonoraenequipo_opt.png","width":375,"height":125,"caption":"Sonoraenequipo.com.mx"},"image":{"@id":"https:\/\/www.sonoraenequipo.com.mx\/#\/schema\/logo\/image\/"},"sameAs":["https:\/\/www.facebook.com\/SonoraEE\/","https:\/\/x.com\/sonoraenequipo","https:\/\/www.youtube.com\/channel\/UC338nW-lPEYmJQs4ZABQ1SQ"]},{"@type":"Person","@id":"https:\/\/www.sonoraenequipo.com.mx\/#\/schema\/person\/50102df0fb23a8fa9e8effad8fa81386","name":"enequipo","image":{"@type":"ImageObject","inLanguage":"es","@id":"https:\/\/www.sonoraenequipo.com.mx\/#\/schema\/person\/image\/","url":"https:\/\/secure.gravatar.com\/avatar\/049821681b589dabc0bc20695993ccebb09f5b5d4d790cd9251b97faac7c652b?s=96&d=blank&r=g","contentUrl":"https:\/\/secure.gravatar.com\/avatar\/049821681b589dabc0bc20695993ccebb09f5b5d4d790cd9251b97faac7c652b?s=96&d=blank&r=g","caption":"enequipo"},"sameAs":["https:\/\/www.facebook.com\/SonoraEE"]}]}},"jetpack_featured_media_url":"https:\/\/www.sonoraenequipo.com.mx\/storage\/2021\/04\/periodista-Francisco-Canul_opt.jpg","_links":{"self":[{"href":"https:\/\/www.sonoraenequipo.com.mx\/api\/wp\/v2\/posts\/110937","targetHints":{"allow":["GET"]}}],"collection":[{"href":"https:\/\/www.sonoraenequipo.com.mx\/api\/wp\/v2\/posts"}],"about":[{"href":"https:\/\/www.sonoraenequipo.com.mx\/api\/wp\/v2\/types\/post"}],"author":[{"embeddable":true,"href":"https:\/\/www.sonoraenequipo.com.mx\/api\/wp\/v2\/users\/1"}],"replies":[{"embeddable":true,"href":"https:\/\/www.sonoraenequipo.com.mx\/api\/wp\/v2\/comments?post=110937"}],"version-history":[{"count":1,"href":"https:\/\/www.sonoraenequipo.com.mx\/api\/wp\/v2\/posts\/110937\/revisions"}],"predecessor-version":[{"id":110943,"href":"https:\/\/www.sonoraenequipo.com.mx\/api\/wp\/v2\/posts\/110937\/revisions\/110943"}],"wp:featuredmedia":[{"embeddable":true,"href":"https:\/\/www.sonoraenequipo.com.mx\/api\/wp\/v2\/media\/110939"}],"wp:attachment":[{"href":"https:\/\/www.sonoraenequipo.com.mx\/api\/wp\/v2\/media?parent=110937"}],"wp:term":[{"taxonomy":"category","embeddable":true,"href":"https:\/\/www.sonoraenequipo.com.mx\/api\/wp\/v2\/categories?post=110937"},{"taxonomy":"post_tag","embeddable":true,"href":"https:\/\/www.sonoraenequipo.com.mx\/api\/wp\/v2\/tags?post=110937"}],"curies":[{"name":"wp","href":"https:\/\/api.w.org\/{rel}","templated":true}]}}