{"id":110944,"date":"2021-04-07T07:00:54","date_gmt":"2021-04-07T14:00:54","guid":{"rendered":"https:\/\/www.sonoraenequipo.com.mx\/?p=110944"},"modified":"2021-04-07T09:01:30","modified_gmt":"2021-04-07T16:01:30","slug":"3m-se-desmarca-de-dichos-de-alfredo-adame","status":"publish","type":"post","link":"https:\/\/www.sonoraenequipo.com.mx\/3m-se-desmarca-de-dichos-de-alfredo-adame\/","title":{"rendered":"3M se desmarca de dichos de Alfredo Adame."},"content":{"rendered":"<p>CIUDAD DE M\u00c9XICO. MX. \u2014 Alfredo Adame, candidato a diputado por el distrito 14 de la alcald\u00eda Tlalpan de la mano de Redes Sociales Progresistas (RSP), sigue en la mira por el esc\u00e1ndalo de un audio filtrado en donde propone <em>\u201cchingarse\u201d<\/em> 25 millones de pesos.<\/p>\n<p>&nbsp;<\/p>\n<p> <\/p>\n<p>&nbsp;<\/p>\n<p>Y es que ahora la empresa 3M ha desmentido que el actor y conductor haya adquirido mascarillas quir\u00fargicas con ellos, pues el martes Adame asegur\u00f3 que el dinero que \u00e9l menciona es de una venta de mascarillas y no del presupuesto que recibir\u00e1 para su campa\u00f1a.<\/p>\n<p>&nbsp;<\/p>\n<p><em>\u201cNo digo valores econ\u00f3micamente hablando y la palabra \u2018nos chingamos\u2019 quiere decir que ganamos, las ganancias, es una expresi\u00f3n coloquial que utilizo\u201d<\/em>, dijo el aspirante en entrevista con Ciro G\u00f3mez Leyva.<\/p>\n<p>&nbsp;<\/p>\n<p>A trav\u00e9s de un comunicado la empresa 3M afirm\u00f3 que dichas mascarillas<em> \u201cno se venden a particulares\u201d<\/em> y que s\u00f3lo est\u00e1 dirigido a los profesionales de la salud, por lo que la disponibilidad es limitada a distribuidores autorizados.<\/p>\n<p>&nbsp;<\/p>\n<p>Sin embargo, alertaron que han detectado personas y empresas que se han hecho pasar ilegalmente como distribuidores autorizados de 3M, enga\u00f1ando al p\u00fablico.<\/p>\n<p>&nbsp;<\/p>\n<p>De acuerdo con Alfredo Adame, el audio filtrado en las redes sociales es un \u201cmontaje\u201d orquestado por Carlos Trejo, as\u00ed como Luis Alberto Ordaz \u201cEl rey grupero\u201d y Pablo Mendizabal.<\/p>\n<p>&nbsp;<\/p>\n<p>El martes Alfredo Adame asegur\u00f3 que \u00e9l no pierde nada si la gente decide no votar por \u00e9l en las pr\u00f3ximas elecciones tras la ventilaci\u00f3n del audio.<\/p>\n<p>&nbsp;<\/p>\n<p><em>\u201cYo no pierdo nada si la gente decide no votar por mi. Yo no tengo por qu\u00e9 andarme ensuciando los zapatos por ayudar a la gente, me regreso a mi casa a comer 3 veces al d\u00eda, a encargarme de mis negocios y pasear en moto los fines de semana\u201d,<\/em><\/p>\n<p>&nbsp;<\/p>\n<p>&nbsp;<\/p>\n<p>(Publicada el 07\/04\/2021)<\/p>\n","protected":false},"excerpt":{"rendered":"<p>CIUDAD DE M\u00c9XICO. MX. \u2014 Alfredo Adame, candidato a diputado por el distrito 14 de&#8230;<\/p>\n","protected":false},"author":1,"featured_media":110945,"comment_status":"open","ping_status":"open","sticky":false,"template":"","format":"standard","meta":{"_monsterinsights_skip_tracking":false,"_monsterinsights_sitenote_active":false,"_monsterinsights_sitenote_note":"","_monsterinsights_sitenote_category":0,"footnotes":""},"categories":[5],"tags":[],"class_list":["post"],"yoast_head":" \n<title>Sonora en Equipo. 3M se desmarca de dichos de Alfredo Adame. Rep\u00fablica<\/title>\n<meta name=\"description\" content=\"CIUDAD DE M\u00c9XICO. MX. \u2014 Alfredo Adame, candidato a diputado por el distrito 14 de la alcald\u00eda Tlalpan de la mano de Redes Sociales Progresistas (RSP), En Sonora en Equipo publicamos toda la informaci\u00f3n de Sonora, M\u00e9xico y el Mundo de manera oportuna y busca que la libertad de expresi\u00f3n sea real. Visita nuestro medio informativo publicado desde Hermosillo, Sonora. %\" \/>\n<meta name=\"robots\" content=\"index, follow, max-snippet:-1, max-image-preview:large, max-video-preview:-1\" \/>\n<link rel=\"canonical\" href=\"https:\/\/www.sonoraenequipo.com.mx\/3m-se-desmarca-de-dichos-de-alfredo-adame\/\" \/>\n<meta property=\"og:locale\" content=\"es_ES\" \/>\n<meta property=\"og:type\" content=\"article\" \/>\n<meta property=\"og:title\" content=\"Sonora en Equipo. 3M se desmarca de dichos de Alfredo Adame. Rep\u00fablica\" \/>\n<meta property=\"og:description\" content=\"CIUDAD DE M\u00c9XICO. MX. \u2014 Alfredo Adame, candidato a diputado por el distrito 14 de la alcald\u00eda Tlalpan de la mano de Redes Sociales Progresistas (RSP), En Sonora en Equipo publicamos toda la informaci\u00f3n de Sonora, M\u00e9xico y el Mundo de manera oportuna y busca que la libertad de expresi\u00f3n sea real. Visita nuestro medio informativo publicado desde Hermosillo, Sonora. %\" \/>\n<meta property=\"og:url\" content=\"https:\/\/www.sonoraenequipo.com.mx\/3m-se-desmarca-de-dichos-de-alfredo-adame\/\" \/>\n<meta property=\"og:site_name\" content=\"Sonora en Equipo.\" \/>\n<meta property=\"article:publisher\" content=\"https:\/\/www.facebook.com\/SonoraEE\/\" \/>\n<meta property=\"article:author\" content=\"https:\/\/www.facebook.com\/SonoraEE\" \/>\n<meta property=\"article:published_time\" content=\"2021-04-07T14:00:54+00:00\" \/>\n<meta property=\"article:modified_time\" content=\"2021-04-07T16:01:30+00:00\" \/>\n<meta property=\"og:image\" content=\"https:\/\/www.sonoraenequipo.com.mx\/storage\/2021\/04\/alfredo-adame-cubrebocas_opt.jpg\" \/>\n\t<meta property=\"og:image:width\" content=\"800\" \/>\n\t<meta property=\"og:image:height\" content=\"450\" \/>\n\t<meta property=\"og:image:type\" content=\"image\/jpeg\" \/>\n<meta name=\"author\" content=\"enequipo\" \/>\n<meta name=\"twitter:card\" content=\"summary_large_image\" \/>\n<meta name=\"twitter:creator\" content=\"@sonoraenequipo\" \/>\n<meta name=\"twitter:site\" content=\"@sonoraenequipo\" \/>\n<meta name=\"twitter:label1\" content=\"Escrito por\" \/>\n\t<meta name=\"twitter:data1\" content=\"enequipo\" \/>\n\t<meta name=\"twitter:label2\" content=\"Tiempo de lectura\" \/>\n\t<meta name=\"twitter:data2\" content=\"2 minutos\" \/>\n<script type=\"application\/ld+json\" class=\"yoast-schema-graph\">{\"@context\":\"https:\/\/schema.org\",\"@graph\":[{\"@type\":\"Article\",\"@id\":\"https:\/\/www.sonoraenequipo.com.mx\/3m-se-desmarca-de-dichos-de-alfredo-adame\/#article\",\"isPartOf\":{\"@id\":\"https:\/\/www.sonoraenequipo.com.mx\/3m-se-desmarca-de-dichos-de-alfredo-adame\/\"},\"author\":{\"name\":\"enequipo\",\"@id\":\"https:\/\/www.sonoraenequipo.com.mx\/#\/schema\/person\/50102df0fb23a8fa9e8effad8fa81386\"},\"headline\":\"3M se desmarca de dichos de Alfredo Adame.\",\"datePublished\":\"2021-04-07T14:00:54+00:00\",\"dateModified\":\"2021-04-07T16:01:30+00:00\",\"mainEntityOfPage\":{\"@id\":\"https:\/\/www.sonoraenequipo.com.mx\/3m-se-desmarca-de-dichos-de-alfredo-adame\/\"},\"wordCount\":321,\"commentCount\":0,\"publisher\":{\"@id\":\"https:\/\/www.sonoraenequipo.com.mx\/#organization\"},\"image\":{\"@id\":\"https:\/\/www.sonoraenequipo.com.mx\/3m-se-desmarca-de-dichos-de-alfredo-adame\/#primaryimage\"},\"thumbnailUrl\":\"https:\/\/www.sonoraenequipo.com.mx\/storage\/2021\/04\/alfredo-adame-cubrebocas_opt.jpg\",\"articleSection\":[\"Rep\u00fablica\"],\"inLanguage\":\"es\",\"potentialAction\":[{\"@type\":\"CommentAction\",\"name\":\"Comment\",\"target\":[\"https:\/\/www.sonoraenequipo.com.mx\/3m-se-desmarca-de-dichos-de-alfredo-adame\/#respond\"]}]},{\"@type\":\"WebPage\",\"@id\":\"https:\/\/www.sonoraenequipo.com.mx\/3m-se-desmarca-de-dichos-de-alfredo-adame\/\",\"url\":\"https:\/\/www.sonoraenequipo.com.mx\/3m-se-desmarca-de-dichos-de-alfredo-adame\/\",\"name\":\"Sonora en Equipo. 3M se desmarca de dichos de Alfredo Adame. Rep\u00fablica\",\"isPartOf\":{\"@id\":\"https:\/\/www.sonoraenequipo.com.mx\/#website\"},\"primaryImageOfPage\":{\"@id\":\"https:\/\/www.sonoraenequipo.com.mx\/3m-se-desmarca-de-dichos-de-alfredo-adame\/#primaryimage\"},\"image\":{\"@id\":\"https:\/\/www.sonoraenequipo.com.mx\/3m-se-desmarca-de-dichos-de-alfredo-adame\/#primaryimage\"},\"thumbnailUrl\":\"https:\/\/www.sonoraenequipo.com.mx\/storage\/2021\/04\/alfredo-adame-cubrebocas_opt.jpg\",\"datePublished\":\"2021-04-07T14:00:54+00:00\",\"dateModified\":\"2021-04-07T16:01:30+00:00\",\"description\":\"CIUDAD DE M\u00c9XICO. MX. \u2014 Alfredo Adame, candidato a diputado por el distrito 14 de la alcald\u00eda Tlalpan de la mano de Redes Sociales Progresistas (RSP), En Sonora en Equipo publicamos toda la informaci\u00f3n de Sonora, M\u00e9xico y el Mundo de manera oportuna y busca que la libertad de expresi\u00f3n sea real. Visita nuestro medio informativo publicado desde Hermosillo, Sonora. %\",\"breadcrumb\":{\"@id\":\"https:\/\/www.sonoraenequipo.com.mx\/3m-se-desmarca-de-dichos-de-alfredo-adame\/#breadcrumb\"},\"inLanguage\":\"es\",\"potentialAction\":[{\"@type\":\"ReadAction\",\"target\":[\"https:\/\/www.sonoraenequipo.com.mx\/3m-se-desmarca-de-dichos-de-alfredo-adame\/\"]}]},{\"@type\":\"ImageObject\",\"inLanguage\":\"es\",\"@id\":\"https:\/\/www.sonoraenequipo.com.mx\/3m-se-desmarca-de-dichos-de-alfredo-adame\/#primaryimage\",\"url\":\"https:\/\/www.sonoraenequipo.com.mx\/storage\/2021\/04\/alfredo-adame-cubrebocas_opt.jpg\",\"contentUrl\":\"https:\/\/www.sonoraenequipo.com.mx\/storage\/2021\/04\/alfredo-adame-cubrebocas_opt.jpg\",\"width\":800,\"height\":450},{\"@type\":\"BreadcrumbList\",\"@id\":\"https:\/\/www.sonoraenequipo.com.mx\/3m-se-desmarca-de-dichos-de-alfredo-adame\/#breadcrumb\",\"itemListElement\":[{\"@type\":\"ListItem\",\"position\":1,\"name\":\"Portada\",\"item\":\"https:\/\/www.sonoraenequipo.com.mx\/\"},{\"@type\":\"ListItem\",\"position\":2,\"name\":\"3M se desmarca de dichos de Alfredo Adame.\"}]},{\"@type\":\"WebSite\",\"@id\":\"https:\/\/www.sonoraenequipo.com.mx\/#website\",\"url\":\"https:\/\/www.sonoraenequipo.com.mx\/\",\"name\":\"Sonora en Equipo.\",\"description\":\"Diario en l\u00ednea con Noticias desde Hermosillo, Sonora\",\"publisher\":{\"@id\":\"https:\/\/www.sonoraenequipo.com.mx\/#organization\"},\"potentialAction\":[{\"@type\":\"SearchAction\",\"target\":{\"@type\":\"EntryPoint\",\"urlTemplate\":\"https:\/\/www.sonoraenequipo.com.mx\/?s={search_term_string}\"},\"query-input\":{\"@type\":\"PropertyValueSpecification\",\"valueRequired\":true,\"valueName\":\"search_term_string\"}}],\"inLanguage\":\"es\"},{\"@type\":\"Organization\",\"@id\":\"https:\/\/www.sonoraenequipo.com.mx\/#organization\",\"name\":\"Sonoraenequipo.com.mx\",\"url\":\"https:\/\/www.sonoraenequipo.com.mx\/\",\"logo\":{\"@type\":\"ImageObject\",\"inLanguage\":\"es\",\"@id\":\"https:\/\/www.sonoraenequipo.com.mx\/#\/schema\/logo\/image\/\",\"url\":\"https:\/\/www.sonoraenequipo.com.mx\/storage\/2019\/01\/sonoraenequipo_opt.png\",\"contentUrl\":\"https:\/\/www.sonoraenequipo.com.mx\/storage\/2019\/01\/sonoraenequipo_opt.png\",\"width\":375,\"height\":125,\"caption\":\"Sonoraenequipo.com.mx\"},\"image\":{\"@id\":\"https:\/\/www.sonoraenequipo.com.mx\/#\/schema\/logo\/image\/\"},\"sameAs\":[\"https:\/\/www.facebook.com\/SonoraEE\/\",\"https:\/\/x.com\/sonoraenequipo\",\"https:\/\/www.youtube.com\/channel\/UC338nW-lPEYmJQs4ZABQ1SQ\"]},{\"@type\":\"Person\",\"@id\":\"https:\/\/www.sonoraenequipo.com.mx\/#\/schema\/person\/50102df0fb23a8fa9e8effad8fa81386\",\"name\":\"enequipo\",\"image\":{\"@type\":\"ImageObject\",\"inLanguage\":\"es\",\"@id\":\"https:\/\/www.sonoraenequipo.com.mx\/#\/schema\/person\/image\/\",\"url\":\"https:\/\/secure.gravatar.com\/avatar\/049821681b589dabc0bc20695993ccebb09f5b5d4d790cd9251b97faac7c652b?s=96&d=blank&r=g\",\"contentUrl\":\"https:\/\/secure.gravatar.com\/avatar\/049821681b589dabc0bc20695993ccebb09f5b5d4d790cd9251b97faac7c652b?s=96&d=blank&r=g\",\"caption\":\"enequipo\"},\"sameAs\":[\"https:\/\/www.facebook.com\/SonoraEE\"]}]}<\/script>\n ","yoast_head_json":{"title":"Sonora en Equipo. 3M se desmarca de dichos de Alfredo Adame. Rep\u00fablica","description":"CIUDAD DE M\u00c9XICO. MX. \u2014 Alfredo Adame, candidato a diputado por el distrito 14 de la alcald\u00eda Tlalpan de la mano de Redes Sociales Progresistas (RSP), En Sonora en Equipo publicamos toda la informaci\u00f3n de Sonora, M\u00e9xico y el Mundo de manera oportuna y busca que la libertad de expresi\u00f3n sea real. Visita nuestro medio informativo publicado desde Hermosillo, Sonora. %","robots":{"index":"index","follow":"follow","max-snippet":"max-snippet:-1","max-image-preview":"max-image-preview:large","max-video-preview":"max-video-preview:-1"},"canonical":"https:\/\/www.sonoraenequipo.com.mx\/3m-se-desmarca-de-dichos-de-alfredo-adame\/","og_locale":"es_ES","og_type":"article","og_title":"Sonora en Equipo. 3M se desmarca de dichos de Alfredo Adame. Rep\u00fablica","og_description":"CIUDAD DE M\u00c9XICO. MX. \u2014 Alfredo Adame, candidato a diputado por el distrito 14 de la alcald\u00eda Tlalpan de la mano de Redes Sociales Progresistas (RSP), En Sonora en Equipo publicamos toda la informaci\u00f3n de Sonora, M\u00e9xico y el Mundo de manera oportuna y busca que la libertad de expresi\u00f3n sea real. Visita nuestro medio informativo publicado desde Hermosillo, Sonora. %","og_url":"https:\/\/www.sonoraenequipo.com.mx\/3m-se-desmarca-de-dichos-de-alfredo-adame\/","og_site_name":"Sonora en Equipo.","article_publisher":"https:\/\/www.facebook.com\/SonoraEE\/","article_author":"https:\/\/www.facebook.com\/SonoraEE","article_published_time":"2021-04-07T14:00:54+00:00","article_modified_time":"2021-04-07T16:01:30+00:00","og_image":[{"width":800,"height":450,"url":"https:\/\/www.sonoraenequipo.com.mx\/storage\/2021\/04\/alfredo-adame-cubrebocas_opt.jpg","type":"image\/jpeg"}],"author":"enequipo","twitter_card":"summary_large_image","twitter_creator":"@sonoraenequipo","twitter_site":"@sonoraenequipo","twitter_misc":{"Escrito por":"enequipo","Tiempo de lectura":"2 minutos"},"schema":{"@context":"https:\/\/schema.org","@graph":[{"@type":"Article","@id":"https:\/\/www.sonoraenequipo.com.mx\/3m-se-desmarca-de-dichos-de-alfredo-adame\/#article","isPartOf":{"@id":"https:\/\/www.sonoraenequipo.com.mx\/3m-se-desmarca-de-dichos-de-alfredo-adame\/"},"author":{"name":"enequipo","@id":"https:\/\/www.sonoraenequipo.com.mx\/#\/schema\/person\/50102df0fb23a8fa9e8effad8fa81386"},"headline":"3M se desmarca de dichos de Alfredo Adame.","datePublished":"2021-04-07T14:00:54+00:00","dateModified":"2021-04-07T16:01:30+00:00","mainEntityOfPage":{"@id":"https:\/\/www.sonoraenequipo.com.mx\/3m-se-desmarca-de-dichos-de-alfredo-adame\/"},"wordCount":321,"commentCount":0,"publisher":{"@id":"https:\/\/www.sonoraenequipo.com.mx\/#organization"},"image":{"@id":"https:\/\/www.sonoraenequipo.com.mx\/3m-se-desmarca-de-dichos-de-alfredo-adame\/#primaryimage"},"thumbnailUrl":"https:\/\/www.sonoraenequipo.com.mx\/storage\/2021\/04\/alfredo-adame-cubrebocas_opt.jpg","articleSection":["Rep\u00fablica"],"inLanguage":"es","potentialAction":[{"@type":"CommentAction","name":"Comment","target":["https:\/\/www.sonoraenequipo.com.mx\/3m-se-desmarca-de-dichos-de-alfredo-adame\/#respond"]}]},{"@type":"WebPage","@id":"https:\/\/www.sonoraenequipo.com.mx\/3m-se-desmarca-de-dichos-de-alfredo-adame\/","url":"https:\/\/www.sonoraenequipo.com.mx\/3m-se-desmarca-de-dichos-de-alfredo-adame\/","name":"Sonora en Equipo. 3M se desmarca de dichos de Alfredo Adame. Rep\u00fablica","isPartOf":{"@id":"https:\/\/www.sonoraenequipo.com.mx\/#website"},"primaryImageOfPage":{"@id":"https:\/\/www.sonoraenequipo.com.mx\/3m-se-desmarca-de-dichos-de-alfredo-adame\/#primaryimage"},"image":{"@id":"https:\/\/www.sonoraenequipo.com.mx\/3m-se-desmarca-de-dichos-de-alfredo-adame\/#primaryimage"},"thumbnailUrl":"https:\/\/www.sonoraenequipo.com.mx\/storage\/2021\/04\/alfredo-adame-cubrebocas_opt.jpg","datePublished":"2021-04-07T14:00:54+00:00","dateModified":"2021-04-07T16:01:30+00:00","description":"CIUDAD DE M\u00c9XICO. MX. \u2014 Alfredo Adame, candidato a diputado por el distrito 14 de la alcald\u00eda Tlalpan de la mano de Redes Sociales Progresistas (RSP), En Sonora en Equipo publicamos toda la informaci\u00f3n de Sonora, M\u00e9xico y el Mundo de manera oportuna y busca que la libertad de expresi\u00f3n sea real. Visita nuestro medio informativo publicado desde Hermosillo, Sonora. %","breadcrumb":{"@id":"https:\/\/www.sonoraenequipo.com.mx\/3m-se-desmarca-de-dichos-de-alfredo-adame\/#breadcrumb"},"inLanguage":"es","potentialAction":[{"@type":"ReadAction","target":["https:\/\/www.sonoraenequipo.com.mx\/3m-se-desmarca-de-dichos-de-alfredo-adame\/"]}]},{"@type":"ImageObject","inLanguage":"es","@id":"https:\/\/www.sonoraenequipo.com.mx\/3m-se-desmarca-de-dichos-de-alfredo-adame\/#primaryimage","url":"https:\/\/www.sonoraenequipo.com.mx\/storage\/2021\/04\/alfredo-adame-cubrebocas_opt.jpg","contentUrl":"https:\/\/www.sonoraenequipo.com.mx\/storage\/2021\/04\/alfredo-adame-cubrebocas_opt.jpg","width":800,"height":450},{"@type":"BreadcrumbList","@id":"https:\/\/www.sonoraenequipo.com.mx\/3m-se-desmarca-de-dichos-de-alfredo-adame\/#breadcrumb","itemListElement":[{"@type":"ListItem","position":1,"name":"Portada","item":"https:\/\/www.sonoraenequipo.com.mx\/"},{"@type":"ListItem","position":2,"name":"3M se desmarca de dichos de Alfredo Adame."}]},{"@type":"WebSite","@id":"https:\/\/www.sonoraenequipo.com.mx\/#website","url":"https:\/\/www.sonoraenequipo.com.mx\/","name":"Sonora en Equipo.","description":"Diario en l\u00ednea con Noticias desde Hermosillo, Sonora","publisher":{"@id":"https:\/\/www.sonoraenequipo.com.mx\/#organization"},"potentialAction":[{"@type":"SearchAction","target":{"@type":"EntryPoint","urlTemplate":"https:\/\/www.sonoraenequipo.com.mx\/?s={search_term_string}"},"query-input":{"@type":"PropertyValueSpecification","valueRequired":true,"valueName":"search_term_string"}}],"inLanguage":"es"},{"@type":"Organization","@id":"https:\/\/www.sonoraenequipo.com.mx\/#organization","name":"Sonoraenequipo.com.mx","url":"https:\/\/www.sonoraenequipo.com.mx\/","logo":{"@type":"ImageObject","inLanguage":"es","@id":"https:\/\/www.sonoraenequipo.com.mx\/#\/schema\/logo\/image\/","url":"https:\/\/www.sonoraenequipo.com.mx\/storage\/2019\/01\/sonoraenequipo_opt.png","contentUrl":"https:\/\/www.sonoraenequipo.com.mx\/storage\/2019\/01\/sonoraenequipo_opt.png","width":375,"height":125,"caption":"Sonoraenequipo.com.mx"},"image":{"@id":"https:\/\/www.sonoraenequipo.com.mx\/#\/schema\/logo\/image\/"},"sameAs":["https:\/\/www.facebook.com\/SonoraEE\/","https:\/\/x.com\/sonoraenequipo","https:\/\/www.youtube.com\/channel\/UC338nW-lPEYmJQs4ZABQ1SQ"]},{"@type":"Person","@id":"https:\/\/www.sonoraenequipo.com.mx\/#\/schema\/person\/50102df0fb23a8fa9e8effad8fa81386","name":"enequipo","image":{"@type":"ImageObject","inLanguage":"es","@id":"https:\/\/www.sonoraenequipo.com.mx\/#\/schema\/person\/image\/","url":"https:\/\/secure.gravatar.com\/avatar\/049821681b589dabc0bc20695993ccebb09f5b5d4d790cd9251b97faac7c652b?s=96&d=blank&r=g","contentUrl":"https:\/\/secure.gravatar.com\/avatar\/049821681b589dabc0bc20695993ccebb09f5b5d4d790cd9251b97faac7c652b?s=96&d=blank&r=g","caption":"enequipo"},"sameAs":["https:\/\/www.facebook.com\/SonoraEE"]}]}},"jetpack_featured_media_url":"https:\/\/www.sonoraenequipo.com.mx\/storage\/2021\/04\/alfredo-adame-cubrebocas_opt.jpg","_links":{"self":[{"href":"https:\/\/www.sonoraenequipo.com.mx\/api\/wp\/v2\/posts\/110944","targetHints":{"allow":["GET"]}}],"collection":[{"href":"https:\/\/www.sonoraenequipo.com.mx\/api\/wp\/v2\/posts"}],"about":[{"href":"https:\/\/www.sonoraenequipo.com.mx\/api\/wp\/v2\/types\/post"}],"author":[{"embeddable":true,"href":"https:\/\/www.sonoraenequipo.com.mx\/api\/wp\/v2\/users\/1"}],"replies":[{"embeddable":true,"href":"https:\/\/www.sonoraenequipo.com.mx\/api\/wp\/v2\/comments?post=110944"}],"version-history":[{"count":1,"href":"https:\/\/www.sonoraenequipo.com.mx\/api\/wp\/v2\/posts\/110944\/revisions"}],"predecessor-version":[{"id":110946,"href":"https:\/\/www.sonoraenequipo.com.mx\/api\/wp\/v2\/posts\/110944\/revisions\/110946"}],"wp:featuredmedia":[{"embeddable":true,"href":"https:\/\/www.sonoraenequipo.com.mx\/api\/wp\/v2\/media\/110945"}],"wp:attachment":[{"href":"https:\/\/www.sonoraenequipo.com.mx\/api\/wp\/v2\/media?parent=110944"}],"wp:term":[{"taxonomy":"category","embeddable":true,"href":"https:\/\/www.sonoraenequipo.com.mx\/api\/wp\/v2\/categories?post=110944"},{"taxonomy":"post_tag","embeddable":true,"href":"https:\/\/www.sonoraenequipo.com.mx\/api\/wp\/v2\/tags?post=110944"}],"curies":[{"name":"wp","href":"https:\/\/api.w.org\/{rel}","templated":true}]}}