{"id":110947,"date":"2021-04-07T08:00:02","date_gmt":"2021-04-07T15:00:02","guid":{"rendered":"https:\/\/www.sonoraenequipo.com.mx\/?p=110947"},"modified":"2021-04-07T09:13:10","modified_gmt":"2021-04-07T16:13:10","slug":"prohiben-el-paso-a-la-antorcha-olimpica-en-calles-de-osaka-por-covid","status":"publish","type":"post","link":"https:\/\/www.sonoraenequipo.com.mx\/prohiben-el-paso-a-la-antorcha-olimpica-en-calles-de-osaka-por-covid\/","title":{"rendered":"Proh\u00edben el paso a la antorcha ol\u00edmpica en calles de Osaka por Covid"},"content":{"rendered":"<p>TOKIO, JAP\u00d3N. \u2014 El gobernador de la prefectura de Osaka (oeste) prohibi\u00f3 el paso de la llama ol\u00edmpica de los Juegos de Tokio en todas las v\u00edas p\u00fablicas de la provincia por la situaci\u00f3n sanitaria, seg\u00fan declar\u00f3 el mi\u00e9rcoles.<\/p>\n<p>&nbsp;<\/p>\n<p>&nbsp;<\/p>\n<p> <\/p>\n<p><em>\u201cHemos pedido a todos los habitantes de la prefectura de Osaka que eviten toda salida que no sea indispensable y urgente, por lo que vamos a anular, a su vez, el relevo de la llama ol\u00edmpica en la v\u00eda p\u00fablica\u201d,<\/em> declar\u00f3 el gobernador Hirofumi Yoshimura.<\/p>\n<p>&nbsp;<\/p>\n<p>Los organizadores de los Juegos anunciaron el mi\u00e9rcoles que aceptaban la propuesta del gobernador Yoshimura de realizar el relevo en un parque cerrado al p\u00fablico.<\/p>\n<p>&nbsp;<\/p>\n<p>La carrera de relevos de la antorcha ol\u00edmpica comenz\u00f3 el 25 de marzo en Fukushima (noreste de Jap\u00f3n) y tiene previsto atravesar la prefectura de Osaka el 13 y 14 de abril.<\/p>\n<p>&nbsp;<\/p>\n<p>El director general de Tokio 2020, Toshiro Muto resalt\u00f3 la importancia de realizar el relevo a pesar de todo, ya que, aunque los Juegos <em>\u201ctengan lugar en Tokio, el paso de la llama muestra que pertenecen a todo Jap\u00f3n\u201c.<\/em><\/p>\n<p>&nbsp;<\/p>\n<p>&nbsp;<\/p>\n<p>El comit\u00e9 organizador a\u00f1adi\u00f3 en un comunicado que pondr\u00eda <em>\u201ctodas las medidas necesarias para asegurar un entorno seguro para los portadores de la antorcha que deseen correr\u201c<\/em>, y que <em>\u201cning\u00fan espectador\u201d<\/em> podr\u00e1 acceder al paso de la llama durante los dos d\u00edas que est\u00e9n en Osaka.<\/p>\n<p>&nbsp;<\/p>\n<p>A partir de lo visto en otras provincias durante el paso de la antorcha, con grandes grupos de gente esperando su paso, Yoshimura juzg\u00f3 <em>\u201cinapropiado\u201d<\/em> su recorrido por Osaka.<\/p>\n<p>&nbsp;<\/p>\n<p><em>\u201cAunque tomemos medidas, el paso de la llama provoca la concentraci\u00f3n de personas, los vecinos quieren verla\u201d<\/em>, precis\u00f3.<\/p>\n<p>&nbsp;<\/p>\n<p>Yoshimura ya afirm\u00f3 el viernes pasado que el relevo de la antorcha no deber\u00eda pasar por las calles de la ciudad de Osaka, la tercera m\u00e1s poblada de Jap\u00f3n, por el preocupante aumento de los casos de covid-19.<\/p>\n<p>&nbsp;<\/p>\n<p>La prefectura de Osaka registr\u00f3 el mi\u00e9rcoles un nuevo r\u00e9cord de contagios diarios (878 casos), batiendo el r\u00e9cord alcanzado la v\u00edspera y superando las cifras de Tokio (555 positivos el mi\u00e9rcoles), que siguen al alza.<\/p>\n<p>&nbsp;<\/p>\n<p>Las autoridades locales de Osaka declararon la urgencia m\u00e9dica el mi\u00e9rcoles, y en Tokio se prev\u00e9 igualmente que se tomen medidas.<\/p>\n<p>&nbsp;<\/p>\n<p>A poco m\u00e1s de cien d\u00edas para el inicio de los Juegos Ol\u00edmpicos de Tokio (23 de julio al 8 de agosto), que fueron aplazados un a\u00f1o a causa de la pandemia, los organizadores se enfrentan cada vez a m\u00e1s dificultades.<\/p>\n<p>&nbsp;<\/p>\n<p>El martes se tuvo que aplazar una competici\u00f3n <em>\u201ctest\u201d<\/em> de waterpolo prevista para esta semana, por las restricciones de acceso al pa\u00eds de los visitantes extranjeros.<\/p>\n<p>&nbsp;<\/p>\n<p>Lo que aumenta las dudas en torno a las 17 pruebas test previstas antes del inicio de los Juegos. La semana pasada, la Federaci\u00f3n Internacional de Nataci\u00f3n (Fina) declar\u00f3 su intenci\u00f3n de aplazar la clasificaciones ol\u00edmpica que iba a celebrarse en Jap\u00f3n la segunda quincena de abril.<\/p>\n<p>&nbsp;<\/p>\n<p>&nbsp;<\/p>\n<p>(Publicada el 07\/04\/2021 \/AFP)<\/p>\n","protected":false},"excerpt":{"rendered":"<p>TOKIO, JAP\u00d3N. \u2014 El gobernador de la prefectura de Osaka (oeste) prohibi\u00f3 el paso de&#8230;<\/p>\n","protected":false},"author":1,"featured_media":110940,"comment_status":"open","ping_status":"open","sticky":false,"template":"","format":"standard","meta":{"_monsterinsights_skip_tracking":false,"_monsterinsights_sitenote_active":false,"_monsterinsights_sitenote_note":"","_monsterinsights_sitenote_category":0,"footnotes":""},"categories":[3],"tags":[],"class_list":["post"],"yoast_head":" \n<title>Sonora en Equipo. Proh\u00edben el paso a la antorcha ol\u00edmpica en calles de Osaka por Covid MUNDO<\/title>\n<meta name=\"description\" content=\"TOKIO, JAP\u00d3N. \u2014 El gobernador de la prefectura de Osaka (oeste) prohibi\u00f3 el paso de la llama ol\u00edmpica de los Juegos de Tokio en todas las v\u00edas p\u00fablicas de En Sonora en Equipo publicamos toda la informaci\u00f3n de Sonora, M\u00e9xico y el Mundo de manera oportuna y busca que la libertad de expresi\u00f3n sea real. Visita nuestro medio informativo publicado desde Hermosillo, Sonora. %\" \/>\n<meta name=\"robots\" content=\"index, follow, max-snippet:-1, max-image-preview:large, max-video-preview:-1\" \/>\n<link rel=\"canonical\" href=\"https:\/\/www.sonoraenequipo.com.mx\/prohiben-el-paso-a-la-antorcha-olimpica-en-calles-de-osaka-por-covid\/\" \/>\n<meta property=\"og:locale\" content=\"es_ES\" \/>\n<meta property=\"og:type\" content=\"article\" \/>\n<meta property=\"og:title\" content=\"Sonora en Equipo. Proh\u00edben el paso a la antorcha ol\u00edmpica en calles de Osaka por Covid MUNDO\" \/>\n<meta property=\"og:description\" content=\"TOKIO, JAP\u00d3N. \u2014 El gobernador de la prefectura de Osaka (oeste) prohibi\u00f3 el paso de la llama ol\u00edmpica de los Juegos de Tokio en todas las v\u00edas p\u00fablicas de En Sonora en Equipo publicamos toda la informaci\u00f3n de Sonora, M\u00e9xico y el Mundo de manera oportuna y busca que la libertad de expresi\u00f3n sea real. Visita nuestro medio informativo publicado desde Hermosillo, Sonora. %\" \/>\n<meta property=\"og:url\" content=\"https:\/\/www.sonoraenequipo.com.mx\/prohiben-el-paso-a-la-antorcha-olimpica-en-calles-de-osaka-por-covid\/\" \/>\n<meta property=\"og:site_name\" content=\"Sonora en Equipo.\" \/>\n<meta property=\"article:publisher\" content=\"https:\/\/www.facebook.com\/SonoraEE\/\" \/>\n<meta property=\"article:author\" content=\"https:\/\/www.facebook.com\/SonoraEE\" \/>\n<meta property=\"article:published_time\" content=\"2021-04-07T15:00:02+00:00\" \/>\n<meta property=\"article:modified_time\" content=\"2021-04-07T16:13:10+00:00\" \/>\n<meta property=\"og:image\" content=\"https:\/\/www.sonoraenequipo.com.mx\/storage\/2021\/04\/japon-llama-olimpica-osaka-covid19_opt.jpg\" \/>\n\t<meta property=\"og:image:width\" content=\"889\" \/>\n\t<meta property=\"og:image:height\" content=\"500\" \/>\n\t<meta property=\"og:image:type\" content=\"image\/jpeg\" \/>\n<meta name=\"author\" content=\"enequipo\" \/>\n<meta name=\"twitter:card\" content=\"summary_large_image\" \/>\n<meta name=\"twitter:creator\" content=\"@sonoraenequipo\" \/>\n<meta name=\"twitter:site\" content=\"@sonoraenequipo\" \/>\n<meta name=\"twitter:label1\" content=\"Escrito por\" \/>\n\t<meta name=\"twitter:data1\" content=\"enequipo\" \/>\n\t<meta name=\"twitter:label2\" content=\"Tiempo de lectura\" \/>\n\t<meta name=\"twitter:data2\" content=\"3 minutos\" \/>\n<script type=\"application\/ld+json\" class=\"yoast-schema-graph\">{\"@context\":\"https:\/\/schema.org\",\"@graph\":[{\"@type\":\"Article\",\"@id\":\"https:\/\/www.sonoraenequipo.com.mx\/prohiben-el-paso-a-la-antorcha-olimpica-en-calles-de-osaka-por-covid\/#article\",\"isPartOf\":{\"@id\":\"https:\/\/www.sonoraenequipo.com.mx\/prohiben-el-paso-a-la-antorcha-olimpica-en-calles-de-osaka-por-covid\/\"},\"author\":{\"name\":\"enequipo\",\"@id\":\"https:\/\/www.sonoraenequipo.com.mx\/#\/schema\/person\/50102df0fb23a8fa9e8effad8fa81386\"},\"headline\":\"Proh\u00edben el paso a la antorcha ol\u00edmpica en calles de Osaka por Covid\",\"datePublished\":\"2021-04-07T15:00:02+00:00\",\"dateModified\":\"2021-04-07T16:13:10+00:00\",\"mainEntityOfPage\":{\"@id\":\"https:\/\/www.sonoraenequipo.com.mx\/prohiben-el-paso-a-la-antorcha-olimpica-en-calles-de-osaka-por-covid\/\"},\"wordCount\":549,\"commentCount\":0,\"publisher\":{\"@id\":\"https:\/\/www.sonoraenequipo.com.mx\/#organization\"},\"image\":{\"@id\":\"https:\/\/www.sonoraenequipo.com.mx\/prohiben-el-paso-a-la-antorcha-olimpica-en-calles-de-osaka-por-covid\/#primaryimage\"},\"thumbnailUrl\":\"https:\/\/www.sonoraenequipo.com.mx\/storage\/2021\/04\/japon-llama-olimpica-osaka-covid19_opt.jpg\",\"articleSection\":[\"MUNDO\"],\"inLanguage\":\"es\",\"potentialAction\":[{\"@type\":\"CommentAction\",\"name\":\"Comment\",\"target\":[\"https:\/\/www.sonoraenequipo.com.mx\/prohiben-el-paso-a-la-antorcha-olimpica-en-calles-de-osaka-por-covid\/#respond\"]}]},{\"@type\":\"WebPage\",\"@id\":\"https:\/\/www.sonoraenequipo.com.mx\/prohiben-el-paso-a-la-antorcha-olimpica-en-calles-de-osaka-por-covid\/\",\"url\":\"https:\/\/www.sonoraenequipo.com.mx\/prohiben-el-paso-a-la-antorcha-olimpica-en-calles-de-osaka-por-covid\/\",\"name\":\"Sonora en Equipo. Proh\u00edben el paso a la antorcha ol\u00edmpica en calles de Osaka por Covid MUNDO\",\"isPartOf\":{\"@id\":\"https:\/\/www.sonoraenequipo.com.mx\/#website\"},\"primaryImageOfPage\":{\"@id\":\"https:\/\/www.sonoraenequipo.com.mx\/prohiben-el-paso-a-la-antorcha-olimpica-en-calles-de-osaka-por-covid\/#primaryimage\"},\"image\":{\"@id\":\"https:\/\/www.sonoraenequipo.com.mx\/prohiben-el-paso-a-la-antorcha-olimpica-en-calles-de-osaka-por-covid\/#primaryimage\"},\"thumbnailUrl\":\"https:\/\/www.sonoraenequipo.com.mx\/storage\/2021\/04\/japon-llama-olimpica-osaka-covid19_opt.jpg\",\"datePublished\":\"2021-04-07T15:00:02+00:00\",\"dateModified\":\"2021-04-07T16:13:10+00:00\",\"description\":\"TOKIO, JAP\u00d3N. \u2014 El gobernador de la prefectura de Osaka (oeste) prohibi\u00f3 el paso de la llama ol\u00edmpica de los Juegos de Tokio en todas las v\u00edas p\u00fablicas de En Sonora en Equipo publicamos toda la informaci\u00f3n de Sonora, M\u00e9xico y el Mundo de manera oportuna y busca que la libertad de expresi\u00f3n sea real. Visita nuestro medio informativo publicado desde Hermosillo, Sonora. %\",\"breadcrumb\":{\"@id\":\"https:\/\/www.sonoraenequipo.com.mx\/prohiben-el-paso-a-la-antorcha-olimpica-en-calles-de-osaka-por-covid\/#breadcrumb\"},\"inLanguage\":\"es\",\"potentialAction\":[{\"@type\":\"ReadAction\",\"target\":[\"https:\/\/www.sonoraenequipo.com.mx\/prohiben-el-paso-a-la-antorcha-olimpica-en-calles-de-osaka-por-covid\/\"]}]},{\"@type\":\"ImageObject\",\"inLanguage\":\"es\",\"@id\":\"https:\/\/www.sonoraenequipo.com.mx\/prohiben-el-paso-a-la-antorcha-olimpica-en-calles-de-osaka-por-covid\/#primaryimage\",\"url\":\"https:\/\/www.sonoraenequipo.com.mx\/storage\/2021\/04\/japon-llama-olimpica-osaka-covid19_opt.jpg\",\"contentUrl\":\"https:\/\/www.sonoraenequipo.com.mx\/storage\/2021\/04\/japon-llama-olimpica-osaka-covid19_opt.jpg\",\"width\":889,\"height\":500},{\"@type\":\"BreadcrumbList\",\"@id\":\"https:\/\/www.sonoraenequipo.com.mx\/prohiben-el-paso-a-la-antorcha-olimpica-en-calles-de-osaka-por-covid\/#breadcrumb\",\"itemListElement\":[{\"@type\":\"ListItem\",\"position\":1,\"name\":\"Portada\",\"item\":\"https:\/\/www.sonoraenequipo.com.mx\/\"},{\"@type\":\"ListItem\",\"position\":2,\"name\":\"Proh\u00edben el paso a la antorcha ol\u00edmpica en calles de Osaka por Covid\"}]},{\"@type\":\"WebSite\",\"@id\":\"https:\/\/www.sonoraenequipo.com.mx\/#website\",\"url\":\"https:\/\/www.sonoraenequipo.com.mx\/\",\"name\":\"Sonora en Equipo.\",\"description\":\"Diario en l\u00ednea con Noticias desde Hermosillo, Sonora\",\"publisher\":{\"@id\":\"https:\/\/www.sonoraenequipo.com.mx\/#organization\"},\"potentialAction\":[{\"@type\":\"SearchAction\",\"target\":{\"@type\":\"EntryPoint\",\"urlTemplate\":\"https:\/\/www.sonoraenequipo.com.mx\/?s={search_term_string}\"},\"query-input\":{\"@type\":\"PropertyValueSpecification\",\"valueRequired\":true,\"valueName\":\"search_term_string\"}}],\"inLanguage\":\"es\"},{\"@type\":\"Organization\",\"@id\":\"https:\/\/www.sonoraenequipo.com.mx\/#organization\",\"name\":\"Sonoraenequipo.com.mx\",\"url\":\"https:\/\/www.sonoraenequipo.com.mx\/\",\"logo\":{\"@type\":\"ImageObject\",\"inLanguage\":\"es\",\"@id\":\"https:\/\/www.sonoraenequipo.com.mx\/#\/schema\/logo\/image\/\",\"url\":\"https:\/\/www.sonoraenequipo.com.mx\/storage\/2019\/01\/sonoraenequipo_opt.png\",\"contentUrl\":\"https:\/\/www.sonoraenequipo.com.mx\/storage\/2019\/01\/sonoraenequipo_opt.png\",\"width\":375,\"height\":125,\"caption\":\"Sonoraenequipo.com.mx\"},\"image\":{\"@id\":\"https:\/\/www.sonoraenequipo.com.mx\/#\/schema\/logo\/image\/\"},\"sameAs\":[\"https:\/\/www.facebook.com\/SonoraEE\/\",\"https:\/\/x.com\/sonoraenequipo\",\"https:\/\/www.youtube.com\/channel\/UC338nW-lPEYmJQs4ZABQ1SQ\"]},{\"@type\":\"Person\",\"@id\":\"https:\/\/www.sonoraenequipo.com.mx\/#\/schema\/person\/50102df0fb23a8fa9e8effad8fa81386\",\"name\":\"enequipo\",\"image\":{\"@type\":\"ImageObject\",\"inLanguage\":\"es\",\"@id\":\"https:\/\/www.sonoraenequipo.com.mx\/#\/schema\/person\/image\/\",\"url\":\"https:\/\/secure.gravatar.com\/avatar\/049821681b589dabc0bc20695993ccebb09f5b5d4d790cd9251b97faac7c652b?s=96&d=blank&r=g\",\"contentUrl\":\"https:\/\/secure.gravatar.com\/avatar\/049821681b589dabc0bc20695993ccebb09f5b5d4d790cd9251b97faac7c652b?s=96&d=blank&r=g\",\"caption\":\"enequipo\"},\"sameAs\":[\"https:\/\/www.facebook.com\/SonoraEE\"]}]}<\/script>\n ","yoast_head_json":{"title":"Sonora en Equipo. Proh\u00edben el paso a la antorcha ol\u00edmpica en calles de Osaka por Covid MUNDO","description":"TOKIO, JAP\u00d3N. \u2014 El gobernador de la prefectura de Osaka (oeste) prohibi\u00f3 el paso de la llama ol\u00edmpica de los Juegos de Tokio en todas las v\u00edas p\u00fablicas de En Sonora en Equipo publicamos toda la informaci\u00f3n de Sonora, M\u00e9xico y el Mundo de manera oportuna y busca que la libertad de expresi\u00f3n sea real. Visita nuestro medio informativo publicado desde Hermosillo, Sonora. %","robots":{"index":"index","follow":"follow","max-snippet":"max-snippet:-1","max-image-preview":"max-image-preview:large","max-video-preview":"max-video-preview:-1"},"canonical":"https:\/\/www.sonoraenequipo.com.mx\/prohiben-el-paso-a-la-antorcha-olimpica-en-calles-de-osaka-por-covid\/","og_locale":"es_ES","og_type":"article","og_title":"Sonora en Equipo. Proh\u00edben el paso a la antorcha ol\u00edmpica en calles de Osaka por Covid MUNDO","og_description":"TOKIO, JAP\u00d3N. \u2014 El gobernador de la prefectura de Osaka (oeste) prohibi\u00f3 el paso de la llama ol\u00edmpica de los Juegos de Tokio en todas las v\u00edas p\u00fablicas de En Sonora en Equipo publicamos toda la informaci\u00f3n de Sonora, M\u00e9xico y el Mundo de manera oportuna y busca que la libertad de expresi\u00f3n sea real. Visita nuestro medio informativo publicado desde Hermosillo, Sonora. %","og_url":"https:\/\/www.sonoraenequipo.com.mx\/prohiben-el-paso-a-la-antorcha-olimpica-en-calles-de-osaka-por-covid\/","og_site_name":"Sonora en Equipo.","article_publisher":"https:\/\/www.facebook.com\/SonoraEE\/","article_author":"https:\/\/www.facebook.com\/SonoraEE","article_published_time":"2021-04-07T15:00:02+00:00","article_modified_time":"2021-04-07T16:13:10+00:00","og_image":[{"width":889,"height":500,"url":"https:\/\/www.sonoraenequipo.com.mx\/storage\/2021\/04\/japon-llama-olimpica-osaka-covid19_opt.jpg","type":"image\/jpeg"}],"author":"enequipo","twitter_card":"summary_large_image","twitter_creator":"@sonoraenequipo","twitter_site":"@sonoraenequipo","twitter_misc":{"Escrito por":"enequipo","Tiempo de lectura":"3 minutos"},"schema":{"@context":"https:\/\/schema.org","@graph":[{"@type":"Article","@id":"https:\/\/www.sonoraenequipo.com.mx\/prohiben-el-paso-a-la-antorcha-olimpica-en-calles-de-osaka-por-covid\/#article","isPartOf":{"@id":"https:\/\/www.sonoraenequipo.com.mx\/prohiben-el-paso-a-la-antorcha-olimpica-en-calles-de-osaka-por-covid\/"},"author":{"name":"enequipo","@id":"https:\/\/www.sonoraenequipo.com.mx\/#\/schema\/person\/50102df0fb23a8fa9e8effad8fa81386"},"headline":"Proh\u00edben el paso a la antorcha ol\u00edmpica en calles de Osaka por Covid","datePublished":"2021-04-07T15:00:02+00:00","dateModified":"2021-04-07T16:13:10+00:00","mainEntityOfPage":{"@id":"https:\/\/www.sonoraenequipo.com.mx\/prohiben-el-paso-a-la-antorcha-olimpica-en-calles-de-osaka-por-covid\/"},"wordCount":549,"commentCount":0,"publisher":{"@id":"https:\/\/www.sonoraenequipo.com.mx\/#organization"},"image":{"@id":"https:\/\/www.sonoraenequipo.com.mx\/prohiben-el-paso-a-la-antorcha-olimpica-en-calles-de-osaka-por-covid\/#primaryimage"},"thumbnailUrl":"https:\/\/www.sonoraenequipo.com.mx\/storage\/2021\/04\/japon-llama-olimpica-osaka-covid19_opt.jpg","articleSection":["MUNDO"],"inLanguage":"es","potentialAction":[{"@type":"CommentAction","name":"Comment","target":["https:\/\/www.sonoraenequipo.com.mx\/prohiben-el-paso-a-la-antorcha-olimpica-en-calles-de-osaka-por-covid\/#respond"]}]},{"@type":"WebPage","@id":"https:\/\/www.sonoraenequipo.com.mx\/prohiben-el-paso-a-la-antorcha-olimpica-en-calles-de-osaka-por-covid\/","url":"https:\/\/www.sonoraenequipo.com.mx\/prohiben-el-paso-a-la-antorcha-olimpica-en-calles-de-osaka-por-covid\/","name":"Sonora en Equipo. Proh\u00edben el paso a la antorcha ol\u00edmpica en calles de Osaka por Covid MUNDO","isPartOf":{"@id":"https:\/\/www.sonoraenequipo.com.mx\/#website"},"primaryImageOfPage":{"@id":"https:\/\/www.sonoraenequipo.com.mx\/prohiben-el-paso-a-la-antorcha-olimpica-en-calles-de-osaka-por-covid\/#primaryimage"},"image":{"@id":"https:\/\/www.sonoraenequipo.com.mx\/prohiben-el-paso-a-la-antorcha-olimpica-en-calles-de-osaka-por-covid\/#primaryimage"},"thumbnailUrl":"https:\/\/www.sonoraenequipo.com.mx\/storage\/2021\/04\/japon-llama-olimpica-osaka-covid19_opt.jpg","datePublished":"2021-04-07T15:00:02+00:00","dateModified":"2021-04-07T16:13:10+00:00","description":"TOKIO, JAP\u00d3N. \u2014 El gobernador de la prefectura de Osaka (oeste) prohibi\u00f3 el paso de la llama ol\u00edmpica de los Juegos de Tokio en todas las v\u00edas p\u00fablicas de En Sonora en Equipo publicamos toda la informaci\u00f3n de Sonora, M\u00e9xico y el Mundo de manera oportuna y busca que la libertad de expresi\u00f3n sea real. Visita nuestro medio informativo publicado desde Hermosillo, Sonora. %","breadcrumb":{"@id":"https:\/\/www.sonoraenequipo.com.mx\/prohiben-el-paso-a-la-antorcha-olimpica-en-calles-de-osaka-por-covid\/#breadcrumb"},"inLanguage":"es","potentialAction":[{"@type":"ReadAction","target":["https:\/\/www.sonoraenequipo.com.mx\/prohiben-el-paso-a-la-antorcha-olimpica-en-calles-de-osaka-por-covid\/"]}]},{"@type":"ImageObject","inLanguage":"es","@id":"https:\/\/www.sonoraenequipo.com.mx\/prohiben-el-paso-a-la-antorcha-olimpica-en-calles-de-osaka-por-covid\/#primaryimage","url":"https:\/\/www.sonoraenequipo.com.mx\/storage\/2021\/04\/japon-llama-olimpica-osaka-covid19_opt.jpg","contentUrl":"https:\/\/www.sonoraenequipo.com.mx\/storage\/2021\/04\/japon-llama-olimpica-osaka-covid19_opt.jpg","width":889,"height":500},{"@type":"BreadcrumbList","@id":"https:\/\/www.sonoraenequipo.com.mx\/prohiben-el-paso-a-la-antorcha-olimpica-en-calles-de-osaka-por-covid\/#breadcrumb","itemListElement":[{"@type":"ListItem","position":1,"name":"Portada","item":"https:\/\/www.sonoraenequipo.com.mx\/"},{"@type":"ListItem","position":2,"name":"Proh\u00edben el paso a la antorcha ol\u00edmpica en calles de Osaka por Covid"}]},{"@type":"WebSite","@id":"https:\/\/www.sonoraenequipo.com.mx\/#website","url":"https:\/\/www.sonoraenequipo.com.mx\/","name":"Sonora en Equipo.","description":"Diario en l\u00ednea con Noticias desde Hermosillo, Sonora","publisher":{"@id":"https:\/\/www.sonoraenequipo.com.mx\/#organization"},"potentialAction":[{"@type":"SearchAction","target":{"@type":"EntryPoint","urlTemplate":"https:\/\/www.sonoraenequipo.com.mx\/?s={search_term_string}"},"query-input":{"@type":"PropertyValueSpecification","valueRequired":true,"valueName":"search_term_string"}}],"inLanguage":"es"},{"@type":"Organization","@id":"https:\/\/www.sonoraenequipo.com.mx\/#organization","name":"Sonoraenequipo.com.mx","url":"https:\/\/www.sonoraenequipo.com.mx\/","logo":{"@type":"ImageObject","inLanguage":"es","@id":"https:\/\/www.sonoraenequipo.com.mx\/#\/schema\/logo\/image\/","url":"https:\/\/www.sonoraenequipo.com.mx\/storage\/2019\/01\/sonoraenequipo_opt.png","contentUrl":"https:\/\/www.sonoraenequipo.com.mx\/storage\/2019\/01\/sonoraenequipo_opt.png","width":375,"height":125,"caption":"Sonoraenequipo.com.mx"},"image":{"@id":"https:\/\/www.sonoraenequipo.com.mx\/#\/schema\/logo\/image\/"},"sameAs":["https:\/\/www.facebook.com\/SonoraEE\/","https:\/\/x.com\/sonoraenequipo","https:\/\/www.youtube.com\/channel\/UC338nW-lPEYmJQs4ZABQ1SQ"]},{"@type":"Person","@id":"https:\/\/www.sonoraenequipo.com.mx\/#\/schema\/person\/50102df0fb23a8fa9e8effad8fa81386","name":"enequipo","image":{"@type":"ImageObject","inLanguage":"es","@id":"https:\/\/www.sonoraenequipo.com.mx\/#\/schema\/person\/image\/","url":"https:\/\/secure.gravatar.com\/avatar\/049821681b589dabc0bc20695993ccebb09f5b5d4d790cd9251b97faac7c652b?s=96&d=blank&r=g","contentUrl":"https:\/\/secure.gravatar.com\/avatar\/049821681b589dabc0bc20695993ccebb09f5b5d4d790cd9251b97faac7c652b?s=96&d=blank&r=g","caption":"enequipo"},"sameAs":["https:\/\/www.facebook.com\/SonoraEE"]}]}},"jetpack_featured_media_url":"https:\/\/www.sonoraenequipo.com.mx\/storage\/2021\/04\/japon-llama-olimpica-osaka-covid19_opt.jpg","_links":{"self":[{"href":"https:\/\/www.sonoraenequipo.com.mx\/api\/wp\/v2\/posts\/110947","targetHints":{"allow":["GET"]}}],"collection":[{"href":"https:\/\/www.sonoraenequipo.com.mx\/api\/wp\/v2\/posts"}],"about":[{"href":"https:\/\/www.sonoraenequipo.com.mx\/api\/wp\/v2\/types\/post"}],"author":[{"embeddable":true,"href":"https:\/\/www.sonoraenequipo.com.mx\/api\/wp\/v2\/users\/1"}],"replies":[{"embeddable":true,"href":"https:\/\/www.sonoraenequipo.com.mx\/api\/wp\/v2\/comments?post=110947"}],"version-history":[{"count":1,"href":"https:\/\/www.sonoraenequipo.com.mx\/api\/wp\/v2\/posts\/110947\/revisions"}],"predecessor-version":[{"id":110948,"href":"https:\/\/www.sonoraenequipo.com.mx\/api\/wp\/v2\/posts\/110947\/revisions\/110948"}],"wp:featuredmedia":[{"embeddable":true,"href":"https:\/\/www.sonoraenequipo.com.mx\/api\/wp\/v2\/media\/110940"}],"wp:attachment":[{"href":"https:\/\/www.sonoraenequipo.com.mx\/api\/wp\/v2\/media?parent=110947"}],"wp:term":[{"taxonomy":"category","embeddable":true,"href":"https:\/\/www.sonoraenequipo.com.mx\/api\/wp\/v2\/categories?post=110947"},{"taxonomy":"post_tag","embeddable":true,"href":"https:\/\/www.sonoraenequipo.com.mx\/api\/wp\/v2\/tags?post=110947"}],"curies":[{"name":"wp","href":"https:\/\/api.w.org\/{rel}","templated":true}]}}