{"id":110954,"date":"2021-04-07T09:15:33","date_gmt":"2021-04-07T16:15:33","guid":{"rendered":"https:\/\/www.sonoraenequipo.com.mx\/?p=110954"},"modified":"2021-04-07T11:48:07","modified_gmt":"2021-04-07T18:48:07","slug":"exhiben-en-la-mananera-el-telemontaje-en-televisa","status":"publish","type":"post","link":"https:\/\/www.sonoraenequipo.com.mx\/exhiben-en-la-mananera-el-telemontaje-en-televisa\/","title":{"rendered":"Exhiben en la ma\u00f1anera el telemontaje que fabric\u00f3 Televisa de Florence Cassez"},"content":{"rendered":"<p>CIUDAD DE M\u00c9XICO. MX. \u2014 El telemontaje orquestado y reconocido por Carlos Loret de Mola en 2005, por el que a\u00f1os despu\u00e9s saldr\u00eda libre la ciudadana francesa Florence Cassez, fue expuesto a detalle este 7 de abril -15 a\u00f1os despu\u00e9s- en la conferencia matutina del presidente Andr\u00e9s Manuel L\u00f3pez Obrador.<\/p>\n<p>&nbsp;<\/p>\n<p> <\/p>\n<p>&nbsp;<\/p>\n<p>Jenaro Villamil, presidente del Sistema P\u00fablico de Radiodifusi\u00f3n del Estado Mexicano, fue el encargo de explicar en qu\u00e9 consisten los telemontajes o \u2018noticias fabricadas\u2019 en los medios de comunicaci\u00f3n. Indic\u00f3 que estos adquirieron una dimensi\u00f3n de esc\u00e1ndalo del 1997 a 2018. Acus\u00f3 a los expresidente Vicente Fox, Felipe Calder\u00f3n y Enrique Pe\u00f1a Nieto de crear estas escenas y se\u00f1al\u00f3 a Genaro Grac\u00eda Luna de ser un \u2018creador de montajes\u2019 en el sexenio de calderonista, cuando era titular de la Secretar\u00eda de Seguridad P\u00fablica:<\/p>\n<p>&nbsp;<\/p>\n<p>Villamil expuso c\u00f3mo el 9 de diciembre de 2005, en el noticiero Primero Noticias, conducido por Carlos Loret de Mola, se hizo creer a la audiencia que ve\u00edan un operativo en vivo para atrapar a dos peligrosos secuestradores del grupo Los Zodiaco, Florence Cassez e Israel Vallarta, y a liberar a supuestas personas privadas de la libertad. Se\u00f1al\u00f3 que esto fue un enga\u00f1o abierto y crudo a los mexicanos, y asever\u00f3 que esto <em>\u2018dej\u00f3 escuela\u2019.<\/em><\/p>\n<p>&nbsp;<\/p>\n<p>&nbsp;<\/p>\n<p>Por su parte, Olga S\u00e1nchez Cordero, secretaria de Gobernaci\u00f3n y exministra de la Suprema Corte de Justicia de la Naci\u00f3n que revis\u00f3 el proceso de Florence Cassez, explic\u00f3 c\u00f3mo se llev\u00f3 el caso. Mencion\u00f3 que el punto de partida para el an\u00e1lisis jur\u00eddico fueron las m\u00faltiples alteraciones que se le hicieron al parte policiaco. Adem\u00e1s, se\u00f1al\u00f3 que el propio Genaro Garc\u00eda Luna reconoci\u00f3 p\u00fablicamente que la <em>\u201cdetenci\u00f3n\u201d<\/em> de Florence Cassez y su pareja, Israel Vallarta, la cual fue transmitida en vivo, en realidad se trat\u00f3 de una <em>\u201cescenificaci\u00f3n ajena a la realidad\u201d.<\/em><\/p>\n<p>&nbsp;<\/p>\n<p>La secretaria de Gobernaci\u00f3n mencion\u00f3 que a la ciudadana francesa se le viol\u00f3 el derecho de presunci\u00f3n de inocencia, el derecho a ser puesta a disposici\u00f3n del Ministerio P\u00fablico de manera inmediata y el derecho a la asistencia consular. Dijo que ella propuso su libertad inmediata y no reponer el procedimiento como plantearon dos ministros.<\/p>\n<p>&nbsp;<\/p>\n<p>A\u00f1adi\u00f3 que las violaciones cometidas contra Florence Cassez tambi\u00e9n son aplicables a Israel Vallarta. Sin embargo, aclar\u00f3 que este tiene otras dos causas penales por delitos de secuestro. Refiri\u00f3 que desde 2005, no hay una sentencia en su caso e hizo un llamado a los jueces a cumplir una justicia expedita.<\/p>\n<p>&nbsp;<\/p>\n<p>Al respecto, el presidente Andr\u00e9s Manuel L\u00f3pez Obrador coment\u00f3 que en el periodo neoliberal se presentaban hechos como el que se expuso hoy <em>\u201cpor la asociaci\u00f3n estrecha y hasta delictuosa que exist\u00eda entre el poder pol\u00edtico y los medios\u201c.<\/em><\/p>\n<p>&nbsp;<\/p>\n<p><em>\u201cSe pod\u00eda manipular con absoluta libertad, ya se est\u00e1 viviendo un nuevo tiempo, ya son distintas las relaciones que se dan con los medios, de mucho respeto, se garantizan las libertades, no hay censura, no hay represi\u00f3n, no se persigue a opositores, pero ya no se da esta relaci\u00f3n perversa\u201d<\/em>, sostuvo el mandatario.<\/p>\n<p>&nbsp;<\/p>\n<p>Del caso de Israel Vallarta, dijo que<em> \u201cest\u00e1 detenido, la Secretar\u00eda de Gobernaci\u00f3n\u2026 tiene a su cargo este asunto para apoyar, si se encuentran elementos suficientes para demostrar su inocencia, se va a solicitar que se le deje en libertad\u201d.<\/em><\/p>\n<p>&nbsp;<\/p>\n<p>(Publicada el 07\/04\/2021)<\/p>\n<p>&nbsp;<\/p>\n","protected":false},"excerpt":{"rendered":"<p>CIUDAD DE M\u00c9XICO. MX. \u2014 El telemontaje orquestado y reconocido por Carlos Loret de Mola&#8230;<\/p>\n","protected":false},"author":1,"featured_media":110957,"comment_status":"open","ping_status":"open","sticky":false,"template":"","format":"standard","meta":{"_monsterinsights_skip_tracking":false,"_monsterinsights_sitenote_active":false,"_monsterinsights_sitenote_note":"","_monsterinsights_sitenote_category":0,"footnotes":""},"categories":[5],"tags":[],"class_list":["post"],"yoast_head":" \n<title>Sonora en Equipo. Exhiben en la ma\u00f1anera el telemontaje que fabric\u00f3 Televisa de Florence Cassez Rep\u00fablica<\/title>\n<meta name=\"description\" content=\"CIUDAD DE M\u00c9XICO. MX. \u2014 El telemontaje orquestado y reconocido por Carlos Loret de Mola en 2005, por el que a\u00f1os despu\u00e9s saldr\u00eda libre la ciudadana En Sonora en Equipo publicamos toda la informaci\u00f3n de Sonora, M\u00e9xico y el Mundo de manera oportuna y busca que la libertad de expresi\u00f3n sea real. Visita nuestro medio informativo publicado desde Hermosillo, Sonora. %\" \/>\n<meta name=\"robots\" content=\"index, follow, max-snippet:-1, max-image-preview:large, max-video-preview:-1\" \/>\n<link rel=\"canonical\" href=\"https:\/\/www.sonoraenequipo.com.mx\/exhiben-en-la-mananera-el-telemontaje-en-televisa\/\" \/>\n<meta property=\"og:locale\" content=\"es_ES\" \/>\n<meta property=\"og:type\" content=\"article\" \/>\n<meta property=\"og:title\" content=\"Sonora en Equipo. Exhiben en la ma\u00f1anera el telemontaje que fabric\u00f3 Televisa de Florence Cassez Rep\u00fablica\" \/>\n<meta property=\"og:description\" content=\"CIUDAD DE M\u00c9XICO. MX. \u2014 El telemontaje orquestado y reconocido por Carlos Loret de Mola en 2005, por el que a\u00f1os despu\u00e9s saldr\u00eda libre la ciudadana En Sonora en Equipo publicamos toda la informaci\u00f3n de Sonora, M\u00e9xico y el Mundo de manera oportuna y busca que la libertad de expresi\u00f3n sea real. Visita nuestro medio informativo publicado desde Hermosillo, Sonora. %\" \/>\n<meta property=\"og:url\" content=\"https:\/\/www.sonoraenequipo.com.mx\/exhiben-en-la-mananera-el-telemontaje-en-televisa\/\" \/>\n<meta property=\"og:site_name\" content=\"Sonora en Equipo.\" \/>\n<meta property=\"article:publisher\" content=\"https:\/\/www.facebook.com\/SonoraEE\/\" \/>\n<meta property=\"article:author\" content=\"https:\/\/www.facebook.com\/SonoraEE\" \/>\n<meta property=\"article:published_time\" content=\"2021-04-07T16:15:33+00:00\" \/>\n<meta property=\"article:modified_time\" content=\"2021-04-07T18:48:07+00:00\" \/>\n<meta property=\"og:image\" content=\"https:\/\/www.sonoraenequipo.com.mx\/storage\/2021\/04\/Scre-caso-cassez_opt.jpg\" \/>\n\t<meta property=\"og:image:width\" content=\"711\" \/>\n\t<meta property=\"og:image:height\" content=\"400\" \/>\n\t<meta property=\"og:image:type\" content=\"image\/jpeg\" \/>\n<meta name=\"author\" content=\"enequipo\" \/>\n<meta name=\"twitter:card\" content=\"summary_large_image\" \/>\n<meta name=\"twitter:creator\" content=\"@sonoraenequipo\" \/>\n<meta name=\"twitter:site\" content=\"@sonoraenequipo\" \/>\n<meta name=\"twitter:label1\" content=\"Escrito por\" \/>\n\t<meta name=\"twitter:data1\" content=\"enequipo\" \/>\n\t<meta name=\"twitter:label2\" content=\"Tiempo de lectura\" \/>\n\t<meta name=\"twitter:data2\" content=\"3 minutos\" \/>\n<script type=\"application\/ld+json\" class=\"yoast-schema-graph\">{\"@context\":\"https:\/\/schema.org\",\"@graph\":[{\"@type\":\"Article\",\"@id\":\"https:\/\/www.sonoraenequipo.com.mx\/exhiben-en-la-mananera-el-telemontaje-en-televisa\/#article\",\"isPartOf\":{\"@id\":\"https:\/\/www.sonoraenequipo.com.mx\/exhiben-en-la-mananera-el-telemontaje-en-televisa\/\"},\"author\":{\"name\":\"enequipo\",\"@id\":\"https:\/\/www.sonoraenequipo.com.mx\/#\/schema\/person\/50102df0fb23a8fa9e8effad8fa81386\"},\"headline\":\"Exhiben en la ma\u00f1anera el telemontaje que fabric\u00f3 Televisa de Florence Cassez\",\"datePublished\":\"2021-04-07T16:15:33+00:00\",\"dateModified\":\"2021-04-07T18:48:07+00:00\",\"mainEntityOfPage\":{\"@id\":\"https:\/\/www.sonoraenequipo.com.mx\/exhiben-en-la-mananera-el-telemontaje-en-televisa\/\"},\"wordCount\":609,\"commentCount\":0,\"publisher\":{\"@id\":\"https:\/\/www.sonoraenequipo.com.mx\/#organization\"},\"image\":{\"@id\":\"https:\/\/www.sonoraenequipo.com.mx\/exhiben-en-la-mananera-el-telemontaje-en-televisa\/#primaryimage\"},\"thumbnailUrl\":\"https:\/\/www.sonoraenequipo.com.mx\/storage\/2021\/04\/Scre-caso-cassez_opt.jpg\",\"articleSection\":[\"Rep\u00fablica\"],\"inLanguage\":\"es\",\"potentialAction\":[{\"@type\":\"CommentAction\",\"name\":\"Comment\",\"target\":[\"https:\/\/www.sonoraenequipo.com.mx\/exhiben-en-la-mananera-el-telemontaje-en-televisa\/#respond\"]}]},{\"@type\":\"WebPage\",\"@id\":\"https:\/\/www.sonoraenequipo.com.mx\/exhiben-en-la-mananera-el-telemontaje-en-televisa\/\",\"url\":\"https:\/\/www.sonoraenequipo.com.mx\/exhiben-en-la-mananera-el-telemontaje-en-televisa\/\",\"name\":\"Sonora en Equipo. Exhiben en la ma\u00f1anera el telemontaje que fabric\u00f3 Televisa de Florence Cassez Rep\u00fablica\",\"isPartOf\":{\"@id\":\"https:\/\/www.sonoraenequipo.com.mx\/#website\"},\"primaryImageOfPage\":{\"@id\":\"https:\/\/www.sonoraenequipo.com.mx\/exhiben-en-la-mananera-el-telemontaje-en-televisa\/#primaryimage\"},\"image\":{\"@id\":\"https:\/\/www.sonoraenequipo.com.mx\/exhiben-en-la-mananera-el-telemontaje-en-televisa\/#primaryimage\"},\"thumbnailUrl\":\"https:\/\/www.sonoraenequipo.com.mx\/storage\/2021\/04\/Scre-caso-cassez_opt.jpg\",\"datePublished\":\"2021-04-07T16:15:33+00:00\",\"dateModified\":\"2021-04-07T18:48:07+00:00\",\"description\":\"CIUDAD DE M\u00c9XICO. MX. \u2014 El telemontaje orquestado y reconocido por Carlos Loret de Mola en 2005, por el que a\u00f1os despu\u00e9s saldr\u00eda libre la ciudadana En Sonora en Equipo publicamos toda la informaci\u00f3n de Sonora, M\u00e9xico y el Mundo de manera oportuna y busca que la libertad de expresi\u00f3n sea real. Visita nuestro medio informativo publicado desde Hermosillo, Sonora. %\",\"breadcrumb\":{\"@id\":\"https:\/\/www.sonoraenequipo.com.mx\/exhiben-en-la-mananera-el-telemontaje-en-televisa\/#breadcrumb\"},\"inLanguage\":\"es\",\"potentialAction\":[{\"@type\":\"ReadAction\",\"target\":[\"https:\/\/www.sonoraenequipo.com.mx\/exhiben-en-la-mananera-el-telemontaje-en-televisa\/\"]}]},{\"@type\":\"ImageObject\",\"inLanguage\":\"es\",\"@id\":\"https:\/\/www.sonoraenequipo.com.mx\/exhiben-en-la-mananera-el-telemontaje-en-televisa\/#primaryimage\",\"url\":\"https:\/\/www.sonoraenequipo.com.mx\/storage\/2021\/04\/Scre-caso-cassez_opt.jpg\",\"contentUrl\":\"https:\/\/www.sonoraenequipo.com.mx\/storage\/2021\/04\/Scre-caso-cassez_opt.jpg\",\"width\":711,\"height\":400},{\"@type\":\"BreadcrumbList\",\"@id\":\"https:\/\/www.sonoraenequipo.com.mx\/exhiben-en-la-mananera-el-telemontaje-en-televisa\/#breadcrumb\",\"itemListElement\":[{\"@type\":\"ListItem\",\"position\":1,\"name\":\"Portada\",\"item\":\"https:\/\/www.sonoraenequipo.com.mx\/\"},{\"@type\":\"ListItem\",\"position\":2,\"name\":\"Exhiben en la ma\u00f1anera el telemontaje que fabric\u00f3 Televisa de Florence Cassez\"}]},{\"@type\":\"WebSite\",\"@id\":\"https:\/\/www.sonoraenequipo.com.mx\/#website\",\"url\":\"https:\/\/www.sonoraenequipo.com.mx\/\",\"name\":\"Sonora en Equipo.\",\"description\":\"Diario en l\u00ednea con Noticias desde Hermosillo, Sonora\",\"publisher\":{\"@id\":\"https:\/\/www.sonoraenequipo.com.mx\/#organization\"},\"potentialAction\":[{\"@type\":\"SearchAction\",\"target\":{\"@type\":\"EntryPoint\",\"urlTemplate\":\"https:\/\/www.sonoraenequipo.com.mx\/?s={search_term_string}\"},\"query-input\":{\"@type\":\"PropertyValueSpecification\",\"valueRequired\":true,\"valueName\":\"search_term_string\"}}],\"inLanguage\":\"es\"},{\"@type\":\"Organization\",\"@id\":\"https:\/\/www.sonoraenequipo.com.mx\/#organization\",\"name\":\"Sonoraenequipo.com.mx\",\"url\":\"https:\/\/www.sonoraenequipo.com.mx\/\",\"logo\":{\"@type\":\"ImageObject\",\"inLanguage\":\"es\",\"@id\":\"https:\/\/www.sonoraenequipo.com.mx\/#\/schema\/logo\/image\/\",\"url\":\"https:\/\/www.sonoraenequipo.com.mx\/storage\/2019\/01\/sonoraenequipo_opt.png\",\"contentUrl\":\"https:\/\/www.sonoraenequipo.com.mx\/storage\/2019\/01\/sonoraenequipo_opt.png\",\"width\":375,\"height\":125,\"caption\":\"Sonoraenequipo.com.mx\"},\"image\":{\"@id\":\"https:\/\/www.sonoraenequipo.com.mx\/#\/schema\/logo\/image\/\"},\"sameAs\":[\"https:\/\/www.facebook.com\/SonoraEE\/\",\"https:\/\/x.com\/sonoraenequipo\",\"https:\/\/www.youtube.com\/channel\/UC338nW-lPEYmJQs4ZABQ1SQ\"]},{\"@type\":\"Person\",\"@id\":\"https:\/\/www.sonoraenequipo.com.mx\/#\/schema\/person\/50102df0fb23a8fa9e8effad8fa81386\",\"name\":\"enequipo\",\"image\":{\"@type\":\"ImageObject\",\"inLanguage\":\"es\",\"@id\":\"https:\/\/www.sonoraenequipo.com.mx\/#\/schema\/person\/image\/\",\"url\":\"https:\/\/secure.gravatar.com\/avatar\/049821681b589dabc0bc20695993ccebb09f5b5d4d790cd9251b97faac7c652b?s=96&d=blank&r=g\",\"contentUrl\":\"https:\/\/secure.gravatar.com\/avatar\/049821681b589dabc0bc20695993ccebb09f5b5d4d790cd9251b97faac7c652b?s=96&d=blank&r=g\",\"caption\":\"enequipo\"},\"sameAs\":[\"https:\/\/www.facebook.com\/SonoraEE\"]}]}<\/script>\n ","yoast_head_json":{"title":"Sonora en Equipo. Exhiben en la ma\u00f1anera el telemontaje que fabric\u00f3 Televisa de Florence Cassez Rep\u00fablica","description":"CIUDAD DE M\u00c9XICO. MX. \u2014 El telemontaje orquestado y reconocido por Carlos Loret de Mola en 2005, por el que a\u00f1os despu\u00e9s saldr\u00eda libre la ciudadana En Sonora en Equipo publicamos toda la informaci\u00f3n de Sonora, M\u00e9xico y el Mundo de manera oportuna y busca que la libertad de expresi\u00f3n sea real. Visita nuestro medio informativo publicado desde Hermosillo, Sonora. %","robots":{"index":"index","follow":"follow","max-snippet":"max-snippet:-1","max-image-preview":"max-image-preview:large","max-video-preview":"max-video-preview:-1"},"canonical":"https:\/\/www.sonoraenequipo.com.mx\/exhiben-en-la-mananera-el-telemontaje-en-televisa\/","og_locale":"es_ES","og_type":"article","og_title":"Sonora en Equipo. Exhiben en la ma\u00f1anera el telemontaje que fabric\u00f3 Televisa de Florence Cassez Rep\u00fablica","og_description":"CIUDAD DE M\u00c9XICO. MX. \u2014 El telemontaje orquestado y reconocido por Carlos Loret de Mola en 2005, por el que a\u00f1os despu\u00e9s saldr\u00eda libre la ciudadana En Sonora en Equipo publicamos toda la informaci\u00f3n de Sonora, M\u00e9xico y el Mundo de manera oportuna y busca que la libertad de expresi\u00f3n sea real. Visita nuestro medio informativo publicado desde Hermosillo, Sonora. %","og_url":"https:\/\/www.sonoraenequipo.com.mx\/exhiben-en-la-mananera-el-telemontaje-en-televisa\/","og_site_name":"Sonora en Equipo.","article_publisher":"https:\/\/www.facebook.com\/SonoraEE\/","article_author":"https:\/\/www.facebook.com\/SonoraEE","article_published_time":"2021-04-07T16:15:33+00:00","article_modified_time":"2021-04-07T18:48:07+00:00","og_image":[{"width":711,"height":400,"url":"https:\/\/www.sonoraenequipo.com.mx\/storage\/2021\/04\/Scre-caso-cassez_opt.jpg","type":"image\/jpeg"}],"author":"enequipo","twitter_card":"summary_large_image","twitter_creator":"@sonoraenequipo","twitter_site":"@sonoraenequipo","twitter_misc":{"Escrito por":"enequipo","Tiempo de lectura":"3 minutos"},"schema":{"@context":"https:\/\/schema.org","@graph":[{"@type":"Article","@id":"https:\/\/www.sonoraenequipo.com.mx\/exhiben-en-la-mananera-el-telemontaje-en-televisa\/#article","isPartOf":{"@id":"https:\/\/www.sonoraenequipo.com.mx\/exhiben-en-la-mananera-el-telemontaje-en-televisa\/"},"author":{"name":"enequipo","@id":"https:\/\/www.sonoraenequipo.com.mx\/#\/schema\/person\/50102df0fb23a8fa9e8effad8fa81386"},"headline":"Exhiben en la ma\u00f1anera el telemontaje que fabric\u00f3 Televisa de Florence Cassez","datePublished":"2021-04-07T16:15:33+00:00","dateModified":"2021-04-07T18:48:07+00:00","mainEntityOfPage":{"@id":"https:\/\/www.sonoraenequipo.com.mx\/exhiben-en-la-mananera-el-telemontaje-en-televisa\/"},"wordCount":609,"commentCount":0,"publisher":{"@id":"https:\/\/www.sonoraenequipo.com.mx\/#organization"},"image":{"@id":"https:\/\/www.sonoraenequipo.com.mx\/exhiben-en-la-mananera-el-telemontaje-en-televisa\/#primaryimage"},"thumbnailUrl":"https:\/\/www.sonoraenequipo.com.mx\/storage\/2021\/04\/Scre-caso-cassez_opt.jpg","articleSection":["Rep\u00fablica"],"inLanguage":"es","potentialAction":[{"@type":"CommentAction","name":"Comment","target":["https:\/\/www.sonoraenequipo.com.mx\/exhiben-en-la-mananera-el-telemontaje-en-televisa\/#respond"]}]},{"@type":"WebPage","@id":"https:\/\/www.sonoraenequipo.com.mx\/exhiben-en-la-mananera-el-telemontaje-en-televisa\/","url":"https:\/\/www.sonoraenequipo.com.mx\/exhiben-en-la-mananera-el-telemontaje-en-televisa\/","name":"Sonora en Equipo. Exhiben en la ma\u00f1anera el telemontaje que fabric\u00f3 Televisa de Florence Cassez Rep\u00fablica","isPartOf":{"@id":"https:\/\/www.sonoraenequipo.com.mx\/#website"},"primaryImageOfPage":{"@id":"https:\/\/www.sonoraenequipo.com.mx\/exhiben-en-la-mananera-el-telemontaje-en-televisa\/#primaryimage"},"image":{"@id":"https:\/\/www.sonoraenequipo.com.mx\/exhiben-en-la-mananera-el-telemontaje-en-televisa\/#primaryimage"},"thumbnailUrl":"https:\/\/www.sonoraenequipo.com.mx\/storage\/2021\/04\/Scre-caso-cassez_opt.jpg","datePublished":"2021-04-07T16:15:33+00:00","dateModified":"2021-04-07T18:48:07+00:00","description":"CIUDAD DE M\u00c9XICO. MX. \u2014 El telemontaje orquestado y reconocido por Carlos Loret de Mola en 2005, por el que a\u00f1os despu\u00e9s saldr\u00eda libre la ciudadana En Sonora en Equipo publicamos toda la informaci\u00f3n de Sonora, M\u00e9xico y el Mundo de manera oportuna y busca que la libertad de expresi\u00f3n sea real. Visita nuestro medio informativo publicado desde Hermosillo, Sonora. %","breadcrumb":{"@id":"https:\/\/www.sonoraenequipo.com.mx\/exhiben-en-la-mananera-el-telemontaje-en-televisa\/#breadcrumb"},"inLanguage":"es","potentialAction":[{"@type":"ReadAction","target":["https:\/\/www.sonoraenequipo.com.mx\/exhiben-en-la-mananera-el-telemontaje-en-televisa\/"]}]},{"@type":"ImageObject","inLanguage":"es","@id":"https:\/\/www.sonoraenequipo.com.mx\/exhiben-en-la-mananera-el-telemontaje-en-televisa\/#primaryimage","url":"https:\/\/www.sonoraenequipo.com.mx\/storage\/2021\/04\/Scre-caso-cassez_opt.jpg","contentUrl":"https:\/\/www.sonoraenequipo.com.mx\/storage\/2021\/04\/Scre-caso-cassez_opt.jpg","width":711,"height":400},{"@type":"BreadcrumbList","@id":"https:\/\/www.sonoraenequipo.com.mx\/exhiben-en-la-mananera-el-telemontaje-en-televisa\/#breadcrumb","itemListElement":[{"@type":"ListItem","position":1,"name":"Portada","item":"https:\/\/www.sonoraenequipo.com.mx\/"},{"@type":"ListItem","position":2,"name":"Exhiben en la ma\u00f1anera el telemontaje que fabric\u00f3 Televisa de Florence Cassez"}]},{"@type":"WebSite","@id":"https:\/\/www.sonoraenequipo.com.mx\/#website","url":"https:\/\/www.sonoraenequipo.com.mx\/","name":"Sonora en Equipo.","description":"Diario en l\u00ednea con Noticias desde Hermosillo, Sonora","publisher":{"@id":"https:\/\/www.sonoraenequipo.com.mx\/#organization"},"potentialAction":[{"@type":"SearchAction","target":{"@type":"EntryPoint","urlTemplate":"https:\/\/www.sonoraenequipo.com.mx\/?s={search_term_string}"},"query-input":{"@type":"PropertyValueSpecification","valueRequired":true,"valueName":"search_term_string"}}],"inLanguage":"es"},{"@type":"Organization","@id":"https:\/\/www.sonoraenequipo.com.mx\/#organization","name":"Sonoraenequipo.com.mx","url":"https:\/\/www.sonoraenequipo.com.mx\/","logo":{"@type":"ImageObject","inLanguage":"es","@id":"https:\/\/www.sonoraenequipo.com.mx\/#\/schema\/logo\/image\/","url":"https:\/\/www.sonoraenequipo.com.mx\/storage\/2019\/01\/sonoraenequipo_opt.png","contentUrl":"https:\/\/www.sonoraenequipo.com.mx\/storage\/2019\/01\/sonoraenequipo_opt.png","width":375,"height":125,"caption":"Sonoraenequipo.com.mx"},"image":{"@id":"https:\/\/www.sonoraenequipo.com.mx\/#\/schema\/logo\/image\/"},"sameAs":["https:\/\/www.facebook.com\/SonoraEE\/","https:\/\/x.com\/sonoraenequipo","https:\/\/www.youtube.com\/channel\/UC338nW-lPEYmJQs4ZABQ1SQ"]},{"@type":"Person","@id":"https:\/\/www.sonoraenequipo.com.mx\/#\/schema\/person\/50102df0fb23a8fa9e8effad8fa81386","name":"enequipo","image":{"@type":"ImageObject","inLanguage":"es","@id":"https:\/\/www.sonoraenequipo.com.mx\/#\/schema\/person\/image\/","url":"https:\/\/secure.gravatar.com\/avatar\/049821681b589dabc0bc20695993ccebb09f5b5d4d790cd9251b97faac7c652b?s=96&d=blank&r=g","contentUrl":"https:\/\/secure.gravatar.com\/avatar\/049821681b589dabc0bc20695993ccebb09f5b5d4d790cd9251b97faac7c652b?s=96&d=blank&r=g","caption":"enequipo"},"sameAs":["https:\/\/www.facebook.com\/SonoraEE"]}]}},"jetpack_featured_media_url":"https:\/\/www.sonoraenequipo.com.mx\/storage\/2021\/04\/Scre-caso-cassez_opt.jpg","_links":{"self":[{"href":"https:\/\/www.sonoraenequipo.com.mx\/api\/wp\/v2\/posts\/110954","targetHints":{"allow":["GET"]}}],"collection":[{"href":"https:\/\/www.sonoraenequipo.com.mx\/api\/wp\/v2\/posts"}],"about":[{"href":"https:\/\/www.sonoraenequipo.com.mx\/api\/wp\/v2\/types\/post"}],"author":[{"embeddable":true,"href":"https:\/\/www.sonoraenequipo.com.mx\/api\/wp\/v2\/users\/1"}],"replies":[{"embeddable":true,"href":"https:\/\/www.sonoraenequipo.com.mx\/api\/wp\/v2\/comments?post=110954"}],"version-history":[{"count":4,"href":"https:\/\/www.sonoraenequipo.com.mx\/api\/wp\/v2\/posts\/110954\/revisions"}],"predecessor-version":[{"id":110962,"href":"https:\/\/www.sonoraenequipo.com.mx\/api\/wp\/v2\/posts\/110954\/revisions\/110962"}],"wp:featuredmedia":[{"embeddable":true,"href":"https:\/\/www.sonoraenequipo.com.mx\/api\/wp\/v2\/media\/110957"}],"wp:attachment":[{"href":"https:\/\/www.sonoraenequipo.com.mx\/api\/wp\/v2\/media?parent=110954"}],"wp:term":[{"taxonomy":"category","embeddable":true,"href":"https:\/\/www.sonoraenequipo.com.mx\/api\/wp\/v2\/categories?post=110954"},{"taxonomy":"post_tag","embeddable":true,"href":"https:\/\/www.sonoraenequipo.com.mx\/api\/wp\/v2\/tags?post=110954"}],"curies":[{"name":"wp","href":"https:\/\/api.w.org\/{rel}","templated":true}]}}