{"id":110963,"date":"2021-04-07T11:56:47","date_gmt":"2021-04-07T18:56:47","guid":{"rendered":"https:\/\/www.sonoraenequipo.com.mx\/?p=110963"},"modified":"2021-04-07T11:58:39","modified_gmt":"2021-04-07T18:58:39","slug":"loret-de-mola-asegura-que-presidencia-lo-ataca-para-desviar-la-atencion-de-casos-actuales","status":"publish","type":"post","link":"https:\/\/www.sonoraenequipo.com.mx\/loret-de-mola-asegura-que-presidencia-lo-ataca-para-desviar-la-atencion-de-casos-actuales\/","title":{"rendered":"Loret de Mola asegura que presidencia lo ataca para desviar la atenci\u00f3n de casos actuales"},"content":{"rendered":"<p>CIUDAD DE M\u00c9XICO. MX. \u2014 El periodista Carlos Loret de Mola respondi\u00f3 a los embates lanzados este mi\u00e9rcoles desde la \u201cma\u00f1anera\u201d donde el presidente , Andr\u00e9s Manuel L\u00f3pez Obrador, habl\u00f3 sobre el montaje televisivo ocurrido en diciembre de 2005 del caso Florence Cassez-Vallarta.<\/p>\n<p>&nbsp;<\/p>\n<p> <\/p>\n<p><em>\u201cLa embestida no es por Cassez-Vallarta. Es por P\u00edo, Felipa, Epigmenio, Bartlett, Irma Er\u00e9ndira\u2026 para no dar a la sociedad una explicaci\u00f3n sobre una vacuna no aplicada, revive un caso de hace 16 a\u00f1os del que no me di cuenta y por el que desde entonces me disculp\u00e9 p\u00fablicamente\u201d,<\/em> escribi\u00f3 Loret en su cuenta de Twitter.<\/p>\n<p>&nbsp;<\/p>\n<p>El colaborador de LatinUs hac\u00eda referencia a los reportajes presentados sobre presuntos actos de corrupci\u00f3n del hermano del presidente, P\u00edo L\u00f3pez Obrador; su prima Felipa Obrador Ol\u00e1n, el productor Epigmenio Ibarra, entre otros miembros de su gabinete.<\/p>\n<p>&nbsp;<\/p>\n<p>Asimismo, el comunicador hizo referencia a los cuestionamientos sobre la voluntaria del Plan Nacional de Vacunaci\u00f3n contra el Covid-19 que no aplic\u00f3 la dosis correspondiente a un adulto mayor que acudi\u00f3 a inmunizarse a la Escuela Nacional de Ciencias Biol\u00f3gicas, Unidad Zacatenco, del IPN, y que de acuerdo al Seguro Social fue por \u201cerror\u201d y porqu\u00e9 se sinti\u00f3 presionada al ver que la estaban grabando.<\/p>\n<p>&nbsp;<\/p>\n<p>Lo que se present\u00f3 como un operativo para liberar secuestrados transmitido en vivo en televisi\u00f3n nacional se trataba en realidad de un montaje en el que se vio involucrado el exsecretario de Seguridad, ahora preso en Estados Unidos, Genaro Garc\u00eda Luna.<\/p>\n<p>&nbsp;<\/p>\n<p>Sobre el caso Carlos Loret de Mola no solo tuvo que disculparse, sino tambi\u00e9n acudir a declarar en el seguimiento al caso de Israel Vallarta, preso a\u00fan por secuestro.<\/p>\n<p>&nbsp;<\/p>\n<p>Al hablar sobre el tema esta ma\u00f1ana, Jenaro Villamil, presidente del Sistema P\u00fablico de Radiodifusi\u00f3n del Estado Mexicano (SPR) expuso que este episodio puede servir para ilustrar lo que recientemente ocurri\u00f3 con la difusi\u00f3n de un video de la simulaci\u00f3n de la aplicaci\u00f3n de la vacuna COVID-19\u2033 en la que dijo, se edit\u00f3 un fragmento para hacer creer que hay una \u201cvacunaci\u00f3n falsa\u201d.<\/p>\n<p>&nbsp;<\/p>\n<p><em>\u201cCreo que este fragmento nos puede ilustrar de lo que realmente ha ocurrido en los \u00faltimos a\u00f1os en muchas transmisiones, y que esperamos no vuelva a ocurrir en los medios masivos de comunicaci\u00f3n ni en las redes sociales, y que cuando ocurra se se\u00f1ale y se sancione por parte de las audiencias a esos periodistas\u201d<\/em>, expuso.<\/p>\n<p>&nbsp;<\/p>\n<p>Apenas ayer el presidente L\u00f3pez Obrador equipar\u00f3 el montaje del caso Cassez-Vallarta con el video donde se observa a una enfermera simular que vacuna a un adulto mayor, y acus\u00f3 que se podr\u00eda tratar de un montaje. Esto luego de las cr\u00edticas hacia el gobierno sobre el esquema de vacunaci\u00f3n en M\u00e9xico.<\/p>\n<p>&nbsp;<\/p>\n<p><em>\u201cVamos a pedir permiso a Televisa para ver si ma\u00f1ana damos a conocer lo que fue ese montaje, el del se\u00f1or Vallarta y de la ciudadana francesa, que lo saquemos aqu\u00ed, \u00bfles parece? Para ilustrar de c\u00f3mo era antes, porque siguen con la jeringa vac\u00eda; es importante subrayar sobre estos asuntos porque se olvidan\u201d<\/em>, dijo AMLO la v\u00edspera.<\/p>\n<p>&nbsp;<\/p>\n<p>&nbsp;<\/p>\n<p>(Publicada el 07\/04\/2021)<\/p>\n","protected":false},"excerpt":{"rendered":"<p>CIUDAD DE M\u00c9XICO. MX. \u2014 El periodista Carlos Loret de Mola respondi\u00f3 a los embates&#8230;<\/p>\n","protected":false},"author":1,"featured_media":110955,"comment_status":"open","ping_status":"open","sticky":false,"template":"","format":"standard","meta":{"_monsterinsights_skip_tracking":false,"_monsterinsights_sitenote_active":false,"_monsterinsights_sitenote_note":"","_monsterinsights_sitenote_category":0,"footnotes":""},"categories":[5],"tags":[],"class_list":["post"],"yoast_head":" \n<title>Sonora en Equipo. Loret de Mola asegura que presidencia lo ataca para desviar la atenci\u00f3n de casos actuales Rep\u00fablica<\/title>\n<meta name=\"description\" content=\"CIUDAD DE M\u00c9XICO. MX. \u2014 El periodista Carlos Loret de Mola respondi\u00f3 a los embates lanzados este mi\u00e9rcoles desde la \u201cma\u00f1anera\u201d donde el presidente , En Sonora en Equipo publicamos toda la informaci\u00f3n de Sonora, M\u00e9xico y el Mundo de manera oportuna y busca que la libertad de expresi\u00f3n sea real. Visita nuestro medio informativo publicado desde Hermosillo, Sonora. %\" \/>\n<meta name=\"robots\" content=\"index, follow, max-snippet:-1, max-image-preview:large, max-video-preview:-1\" \/>\n<link rel=\"canonical\" href=\"https:\/\/www.sonoraenequipo.com.mx\/loret-de-mola-asegura-que-presidencia-lo-ataca-para-desviar-la-atencion-de-casos-actuales\/\" \/>\n<meta property=\"og:locale\" content=\"es_ES\" \/>\n<meta property=\"og:type\" content=\"article\" \/>\n<meta property=\"og:title\" content=\"Sonora en Equipo. Loret de Mola asegura que presidencia lo ataca para desviar la atenci\u00f3n de casos actuales Rep\u00fablica\" \/>\n<meta property=\"og:description\" content=\"CIUDAD DE M\u00c9XICO. MX. \u2014 El periodista Carlos Loret de Mola respondi\u00f3 a los embates lanzados este mi\u00e9rcoles desde la \u201cma\u00f1anera\u201d donde el presidente , En Sonora en Equipo publicamos toda la informaci\u00f3n de Sonora, M\u00e9xico y el Mundo de manera oportuna y busca que la libertad de expresi\u00f3n sea real. Visita nuestro medio informativo publicado desde Hermosillo, Sonora. %\" \/>\n<meta property=\"og:url\" content=\"https:\/\/www.sonoraenequipo.com.mx\/loret-de-mola-asegura-que-presidencia-lo-ataca-para-desviar-la-atencion-de-casos-actuales\/\" \/>\n<meta property=\"og:site_name\" content=\"Sonora en Equipo.\" \/>\n<meta property=\"article:publisher\" content=\"https:\/\/www.facebook.com\/SonoraEE\/\" \/>\n<meta property=\"article:author\" content=\"https:\/\/www.facebook.com\/SonoraEE\" \/>\n<meta property=\"article:published_time\" content=\"2021-04-07T18:56:47+00:00\" \/>\n<meta property=\"article:modified_time\" content=\"2021-04-07T18:58:39+00:00\" \/>\n<meta property=\"og:image\" content=\"https:\/\/www.sonoraenequipo.com.mx\/storage\/2021\/04\/Loret-florence_opt.jpg\" \/>\n\t<meta property=\"og:image:width\" content=\"889\" \/>\n\t<meta property=\"og:image:height\" content=\"500\" \/>\n\t<meta property=\"og:image:type\" content=\"image\/jpeg\" \/>\n<meta name=\"author\" content=\"enequipo\" \/>\n<meta name=\"twitter:card\" content=\"summary_large_image\" \/>\n<meta name=\"twitter:creator\" content=\"@sonoraenequipo\" \/>\n<meta name=\"twitter:site\" content=\"@sonoraenequipo\" \/>\n<meta name=\"twitter:label1\" content=\"Escrito por\" \/>\n\t<meta name=\"twitter:data1\" content=\"enequipo\" \/>\n\t<meta name=\"twitter:label2\" content=\"Tiempo de lectura\" \/>\n\t<meta name=\"twitter:data2\" content=\"3 minutos\" \/>\n<script type=\"application\/ld+json\" class=\"yoast-schema-graph\">{\"@context\":\"https:\/\/schema.org\",\"@graph\":[{\"@type\":\"Article\",\"@id\":\"https:\/\/www.sonoraenequipo.com.mx\/loret-de-mola-asegura-que-presidencia-lo-ataca-para-desviar-la-atencion-de-casos-actuales\/#article\",\"isPartOf\":{\"@id\":\"https:\/\/www.sonoraenequipo.com.mx\/loret-de-mola-asegura-que-presidencia-lo-ataca-para-desviar-la-atencion-de-casos-actuales\/\"},\"author\":{\"name\":\"enequipo\",\"@id\":\"https:\/\/www.sonoraenequipo.com.mx\/#\/schema\/person\/50102df0fb23a8fa9e8effad8fa81386\"},\"headline\":\"Loret de Mola asegura que presidencia lo ataca para desviar la atenci\u00f3n de casos actuales\",\"datePublished\":\"2021-04-07T18:56:47+00:00\",\"dateModified\":\"2021-04-07T18:58:39+00:00\",\"mainEntityOfPage\":{\"@id\":\"https:\/\/www.sonoraenequipo.com.mx\/loret-de-mola-asegura-que-presidencia-lo-ataca-para-desviar-la-atencion-de-casos-actuales\/\"},\"wordCount\":566,\"commentCount\":0,\"publisher\":{\"@id\":\"https:\/\/www.sonoraenequipo.com.mx\/#organization\"},\"image\":{\"@id\":\"https:\/\/www.sonoraenequipo.com.mx\/loret-de-mola-asegura-que-presidencia-lo-ataca-para-desviar-la-atencion-de-casos-actuales\/#primaryimage\"},\"thumbnailUrl\":\"https:\/\/www.sonoraenequipo.com.mx\/storage\/2021\/04\/Loret-florence_opt.jpg\",\"articleSection\":[\"Rep\u00fablica\"],\"inLanguage\":\"es\",\"potentialAction\":[{\"@type\":\"CommentAction\",\"name\":\"Comment\",\"target\":[\"https:\/\/www.sonoraenequipo.com.mx\/loret-de-mola-asegura-que-presidencia-lo-ataca-para-desviar-la-atencion-de-casos-actuales\/#respond\"]}]},{\"@type\":\"WebPage\",\"@id\":\"https:\/\/www.sonoraenequipo.com.mx\/loret-de-mola-asegura-que-presidencia-lo-ataca-para-desviar-la-atencion-de-casos-actuales\/\",\"url\":\"https:\/\/www.sonoraenequipo.com.mx\/loret-de-mola-asegura-que-presidencia-lo-ataca-para-desviar-la-atencion-de-casos-actuales\/\",\"name\":\"Sonora en Equipo. Loret de Mola asegura que presidencia lo ataca para desviar la atenci\u00f3n de casos actuales Rep\u00fablica\",\"isPartOf\":{\"@id\":\"https:\/\/www.sonoraenequipo.com.mx\/#website\"},\"primaryImageOfPage\":{\"@id\":\"https:\/\/www.sonoraenequipo.com.mx\/loret-de-mola-asegura-que-presidencia-lo-ataca-para-desviar-la-atencion-de-casos-actuales\/#primaryimage\"},\"image\":{\"@id\":\"https:\/\/www.sonoraenequipo.com.mx\/loret-de-mola-asegura-que-presidencia-lo-ataca-para-desviar-la-atencion-de-casos-actuales\/#primaryimage\"},\"thumbnailUrl\":\"https:\/\/www.sonoraenequipo.com.mx\/storage\/2021\/04\/Loret-florence_opt.jpg\",\"datePublished\":\"2021-04-07T18:56:47+00:00\",\"dateModified\":\"2021-04-07T18:58:39+00:00\",\"description\":\"CIUDAD DE M\u00c9XICO. MX. \u2014 El periodista Carlos Loret de Mola respondi\u00f3 a los embates lanzados este mi\u00e9rcoles desde la \u201cma\u00f1anera\u201d donde el presidente , En Sonora en Equipo publicamos toda la informaci\u00f3n de Sonora, M\u00e9xico y el Mundo de manera oportuna y busca que la libertad de expresi\u00f3n sea real. Visita nuestro medio informativo publicado desde Hermosillo, Sonora. %\",\"breadcrumb\":{\"@id\":\"https:\/\/www.sonoraenequipo.com.mx\/loret-de-mola-asegura-que-presidencia-lo-ataca-para-desviar-la-atencion-de-casos-actuales\/#breadcrumb\"},\"inLanguage\":\"es\",\"potentialAction\":[{\"@type\":\"ReadAction\",\"target\":[\"https:\/\/www.sonoraenequipo.com.mx\/loret-de-mola-asegura-que-presidencia-lo-ataca-para-desviar-la-atencion-de-casos-actuales\/\"]}]},{\"@type\":\"ImageObject\",\"inLanguage\":\"es\",\"@id\":\"https:\/\/www.sonoraenequipo.com.mx\/loret-de-mola-asegura-que-presidencia-lo-ataca-para-desviar-la-atencion-de-casos-actuales\/#primaryimage\",\"url\":\"https:\/\/www.sonoraenequipo.com.mx\/storage\/2021\/04\/Loret-florence_opt.jpg\",\"contentUrl\":\"https:\/\/www.sonoraenequipo.com.mx\/storage\/2021\/04\/Loret-florence_opt.jpg\",\"width\":889,\"height\":500},{\"@type\":\"BreadcrumbList\",\"@id\":\"https:\/\/www.sonoraenequipo.com.mx\/loret-de-mola-asegura-que-presidencia-lo-ataca-para-desviar-la-atencion-de-casos-actuales\/#breadcrumb\",\"itemListElement\":[{\"@type\":\"ListItem\",\"position\":1,\"name\":\"Portada\",\"item\":\"https:\/\/www.sonoraenequipo.com.mx\/\"},{\"@type\":\"ListItem\",\"position\":2,\"name\":\"Loret de Mola asegura que presidencia lo ataca para desviar la atenci\u00f3n de casos actuales\"}]},{\"@type\":\"WebSite\",\"@id\":\"https:\/\/www.sonoraenequipo.com.mx\/#website\",\"url\":\"https:\/\/www.sonoraenequipo.com.mx\/\",\"name\":\"Sonora en Equipo.\",\"description\":\"Diario en l\u00ednea con Noticias desde Hermosillo, Sonora\",\"publisher\":{\"@id\":\"https:\/\/www.sonoraenequipo.com.mx\/#organization\"},\"potentialAction\":[{\"@type\":\"SearchAction\",\"target\":{\"@type\":\"EntryPoint\",\"urlTemplate\":\"https:\/\/www.sonoraenequipo.com.mx\/?s={search_term_string}\"},\"query-input\":{\"@type\":\"PropertyValueSpecification\",\"valueRequired\":true,\"valueName\":\"search_term_string\"}}],\"inLanguage\":\"es\"},{\"@type\":\"Organization\",\"@id\":\"https:\/\/www.sonoraenequipo.com.mx\/#organization\",\"name\":\"Sonoraenequipo.com.mx\",\"url\":\"https:\/\/www.sonoraenequipo.com.mx\/\",\"logo\":{\"@type\":\"ImageObject\",\"inLanguage\":\"es\",\"@id\":\"https:\/\/www.sonoraenequipo.com.mx\/#\/schema\/logo\/image\/\",\"url\":\"https:\/\/www.sonoraenequipo.com.mx\/storage\/2019\/01\/sonoraenequipo_opt.png\",\"contentUrl\":\"https:\/\/www.sonoraenequipo.com.mx\/storage\/2019\/01\/sonoraenequipo_opt.png\",\"width\":375,\"height\":125,\"caption\":\"Sonoraenequipo.com.mx\"},\"image\":{\"@id\":\"https:\/\/www.sonoraenequipo.com.mx\/#\/schema\/logo\/image\/\"},\"sameAs\":[\"https:\/\/www.facebook.com\/SonoraEE\/\",\"https:\/\/x.com\/sonoraenequipo\",\"https:\/\/www.youtube.com\/channel\/UC338nW-lPEYmJQs4ZABQ1SQ\"]},{\"@type\":\"Person\",\"@id\":\"https:\/\/www.sonoraenequipo.com.mx\/#\/schema\/person\/50102df0fb23a8fa9e8effad8fa81386\",\"name\":\"enequipo\",\"image\":{\"@type\":\"ImageObject\",\"inLanguage\":\"es\",\"@id\":\"https:\/\/www.sonoraenequipo.com.mx\/#\/schema\/person\/image\/\",\"url\":\"https:\/\/secure.gravatar.com\/avatar\/049821681b589dabc0bc20695993ccebb09f5b5d4d790cd9251b97faac7c652b?s=96&d=blank&r=g\",\"contentUrl\":\"https:\/\/secure.gravatar.com\/avatar\/049821681b589dabc0bc20695993ccebb09f5b5d4d790cd9251b97faac7c652b?s=96&d=blank&r=g\",\"caption\":\"enequipo\"},\"sameAs\":[\"https:\/\/www.facebook.com\/SonoraEE\"]}]}<\/script>\n ","yoast_head_json":{"title":"Sonora en Equipo. Loret de Mola asegura que presidencia lo ataca para desviar la atenci\u00f3n de casos actuales Rep\u00fablica","description":"CIUDAD DE M\u00c9XICO. MX. \u2014 El periodista Carlos Loret de Mola respondi\u00f3 a los embates lanzados este mi\u00e9rcoles desde la \u201cma\u00f1anera\u201d donde el presidente , En Sonora en Equipo publicamos toda la informaci\u00f3n de Sonora, M\u00e9xico y el Mundo de manera oportuna y busca que la libertad de expresi\u00f3n sea real. Visita nuestro medio informativo publicado desde Hermosillo, Sonora. %","robots":{"index":"index","follow":"follow","max-snippet":"max-snippet:-1","max-image-preview":"max-image-preview:large","max-video-preview":"max-video-preview:-1"},"canonical":"https:\/\/www.sonoraenequipo.com.mx\/loret-de-mola-asegura-que-presidencia-lo-ataca-para-desviar-la-atencion-de-casos-actuales\/","og_locale":"es_ES","og_type":"article","og_title":"Sonora en Equipo. Loret de Mola asegura que presidencia lo ataca para desviar la atenci\u00f3n de casos actuales Rep\u00fablica","og_description":"CIUDAD DE M\u00c9XICO. MX. \u2014 El periodista Carlos Loret de Mola respondi\u00f3 a los embates lanzados este mi\u00e9rcoles desde la \u201cma\u00f1anera\u201d donde el presidente , En Sonora en Equipo publicamos toda la informaci\u00f3n de Sonora, M\u00e9xico y el Mundo de manera oportuna y busca que la libertad de expresi\u00f3n sea real. Visita nuestro medio informativo publicado desde Hermosillo, Sonora. %","og_url":"https:\/\/www.sonoraenequipo.com.mx\/loret-de-mola-asegura-que-presidencia-lo-ataca-para-desviar-la-atencion-de-casos-actuales\/","og_site_name":"Sonora en Equipo.","article_publisher":"https:\/\/www.facebook.com\/SonoraEE\/","article_author":"https:\/\/www.facebook.com\/SonoraEE","article_published_time":"2021-04-07T18:56:47+00:00","article_modified_time":"2021-04-07T18:58:39+00:00","og_image":[{"width":889,"height":500,"url":"https:\/\/www.sonoraenequipo.com.mx\/storage\/2021\/04\/Loret-florence_opt.jpg","type":"image\/jpeg"}],"author":"enequipo","twitter_card":"summary_large_image","twitter_creator":"@sonoraenequipo","twitter_site":"@sonoraenequipo","twitter_misc":{"Escrito por":"enequipo","Tiempo de lectura":"3 minutos"},"schema":{"@context":"https:\/\/schema.org","@graph":[{"@type":"Article","@id":"https:\/\/www.sonoraenequipo.com.mx\/loret-de-mola-asegura-que-presidencia-lo-ataca-para-desviar-la-atencion-de-casos-actuales\/#article","isPartOf":{"@id":"https:\/\/www.sonoraenequipo.com.mx\/loret-de-mola-asegura-que-presidencia-lo-ataca-para-desviar-la-atencion-de-casos-actuales\/"},"author":{"name":"enequipo","@id":"https:\/\/www.sonoraenequipo.com.mx\/#\/schema\/person\/50102df0fb23a8fa9e8effad8fa81386"},"headline":"Loret de Mola asegura que presidencia lo ataca para desviar la atenci\u00f3n de casos actuales","datePublished":"2021-04-07T18:56:47+00:00","dateModified":"2021-04-07T18:58:39+00:00","mainEntityOfPage":{"@id":"https:\/\/www.sonoraenequipo.com.mx\/loret-de-mola-asegura-que-presidencia-lo-ataca-para-desviar-la-atencion-de-casos-actuales\/"},"wordCount":566,"commentCount":0,"publisher":{"@id":"https:\/\/www.sonoraenequipo.com.mx\/#organization"},"image":{"@id":"https:\/\/www.sonoraenequipo.com.mx\/loret-de-mola-asegura-que-presidencia-lo-ataca-para-desviar-la-atencion-de-casos-actuales\/#primaryimage"},"thumbnailUrl":"https:\/\/www.sonoraenequipo.com.mx\/storage\/2021\/04\/Loret-florence_opt.jpg","articleSection":["Rep\u00fablica"],"inLanguage":"es","potentialAction":[{"@type":"CommentAction","name":"Comment","target":["https:\/\/www.sonoraenequipo.com.mx\/loret-de-mola-asegura-que-presidencia-lo-ataca-para-desviar-la-atencion-de-casos-actuales\/#respond"]}]},{"@type":"WebPage","@id":"https:\/\/www.sonoraenequipo.com.mx\/loret-de-mola-asegura-que-presidencia-lo-ataca-para-desviar-la-atencion-de-casos-actuales\/","url":"https:\/\/www.sonoraenequipo.com.mx\/loret-de-mola-asegura-que-presidencia-lo-ataca-para-desviar-la-atencion-de-casos-actuales\/","name":"Sonora en Equipo. Loret de Mola asegura que presidencia lo ataca para desviar la atenci\u00f3n de casos actuales Rep\u00fablica","isPartOf":{"@id":"https:\/\/www.sonoraenequipo.com.mx\/#website"},"primaryImageOfPage":{"@id":"https:\/\/www.sonoraenequipo.com.mx\/loret-de-mola-asegura-que-presidencia-lo-ataca-para-desviar-la-atencion-de-casos-actuales\/#primaryimage"},"image":{"@id":"https:\/\/www.sonoraenequipo.com.mx\/loret-de-mola-asegura-que-presidencia-lo-ataca-para-desviar-la-atencion-de-casos-actuales\/#primaryimage"},"thumbnailUrl":"https:\/\/www.sonoraenequipo.com.mx\/storage\/2021\/04\/Loret-florence_opt.jpg","datePublished":"2021-04-07T18:56:47+00:00","dateModified":"2021-04-07T18:58:39+00:00","description":"CIUDAD DE M\u00c9XICO. MX. \u2014 El periodista Carlos Loret de Mola respondi\u00f3 a los embates lanzados este mi\u00e9rcoles desde la \u201cma\u00f1anera\u201d donde el presidente , En Sonora en Equipo publicamos toda la informaci\u00f3n de Sonora, M\u00e9xico y el Mundo de manera oportuna y busca que la libertad de expresi\u00f3n sea real. Visita nuestro medio informativo publicado desde Hermosillo, Sonora. %","breadcrumb":{"@id":"https:\/\/www.sonoraenequipo.com.mx\/loret-de-mola-asegura-que-presidencia-lo-ataca-para-desviar-la-atencion-de-casos-actuales\/#breadcrumb"},"inLanguage":"es","potentialAction":[{"@type":"ReadAction","target":["https:\/\/www.sonoraenequipo.com.mx\/loret-de-mola-asegura-que-presidencia-lo-ataca-para-desviar-la-atencion-de-casos-actuales\/"]}]},{"@type":"ImageObject","inLanguage":"es","@id":"https:\/\/www.sonoraenequipo.com.mx\/loret-de-mola-asegura-que-presidencia-lo-ataca-para-desviar-la-atencion-de-casos-actuales\/#primaryimage","url":"https:\/\/www.sonoraenequipo.com.mx\/storage\/2021\/04\/Loret-florence_opt.jpg","contentUrl":"https:\/\/www.sonoraenequipo.com.mx\/storage\/2021\/04\/Loret-florence_opt.jpg","width":889,"height":500},{"@type":"BreadcrumbList","@id":"https:\/\/www.sonoraenequipo.com.mx\/loret-de-mola-asegura-que-presidencia-lo-ataca-para-desviar-la-atencion-de-casos-actuales\/#breadcrumb","itemListElement":[{"@type":"ListItem","position":1,"name":"Portada","item":"https:\/\/www.sonoraenequipo.com.mx\/"},{"@type":"ListItem","position":2,"name":"Loret de Mola asegura que presidencia lo ataca para desviar la atenci\u00f3n de casos actuales"}]},{"@type":"WebSite","@id":"https:\/\/www.sonoraenequipo.com.mx\/#website","url":"https:\/\/www.sonoraenequipo.com.mx\/","name":"Sonora en Equipo.","description":"Diario en l\u00ednea con Noticias desde Hermosillo, Sonora","publisher":{"@id":"https:\/\/www.sonoraenequipo.com.mx\/#organization"},"potentialAction":[{"@type":"SearchAction","target":{"@type":"EntryPoint","urlTemplate":"https:\/\/www.sonoraenequipo.com.mx\/?s={search_term_string}"},"query-input":{"@type":"PropertyValueSpecification","valueRequired":true,"valueName":"search_term_string"}}],"inLanguage":"es"},{"@type":"Organization","@id":"https:\/\/www.sonoraenequipo.com.mx\/#organization","name":"Sonoraenequipo.com.mx","url":"https:\/\/www.sonoraenequipo.com.mx\/","logo":{"@type":"ImageObject","inLanguage":"es","@id":"https:\/\/www.sonoraenequipo.com.mx\/#\/schema\/logo\/image\/","url":"https:\/\/www.sonoraenequipo.com.mx\/storage\/2019\/01\/sonoraenequipo_opt.png","contentUrl":"https:\/\/www.sonoraenequipo.com.mx\/storage\/2019\/01\/sonoraenequipo_opt.png","width":375,"height":125,"caption":"Sonoraenequipo.com.mx"},"image":{"@id":"https:\/\/www.sonoraenequipo.com.mx\/#\/schema\/logo\/image\/"},"sameAs":["https:\/\/www.facebook.com\/SonoraEE\/","https:\/\/x.com\/sonoraenequipo","https:\/\/www.youtube.com\/channel\/UC338nW-lPEYmJQs4ZABQ1SQ"]},{"@type":"Person","@id":"https:\/\/www.sonoraenequipo.com.mx\/#\/schema\/person\/50102df0fb23a8fa9e8effad8fa81386","name":"enequipo","image":{"@type":"ImageObject","inLanguage":"es","@id":"https:\/\/www.sonoraenequipo.com.mx\/#\/schema\/person\/image\/","url":"https:\/\/secure.gravatar.com\/avatar\/049821681b589dabc0bc20695993ccebb09f5b5d4d790cd9251b97faac7c652b?s=96&d=blank&r=g","contentUrl":"https:\/\/secure.gravatar.com\/avatar\/049821681b589dabc0bc20695993ccebb09f5b5d4d790cd9251b97faac7c652b?s=96&d=blank&r=g","caption":"enequipo"},"sameAs":["https:\/\/www.facebook.com\/SonoraEE"]}]}},"jetpack_featured_media_url":"https:\/\/www.sonoraenequipo.com.mx\/storage\/2021\/04\/Loret-florence_opt.jpg","_links":{"self":[{"href":"https:\/\/www.sonoraenequipo.com.mx\/api\/wp\/v2\/posts\/110963","targetHints":{"allow":["GET"]}}],"collection":[{"href":"https:\/\/www.sonoraenequipo.com.mx\/api\/wp\/v2\/posts"}],"about":[{"href":"https:\/\/www.sonoraenequipo.com.mx\/api\/wp\/v2\/types\/post"}],"author":[{"embeddable":true,"href":"https:\/\/www.sonoraenequipo.com.mx\/api\/wp\/v2\/users\/1"}],"replies":[{"embeddable":true,"href":"https:\/\/www.sonoraenequipo.com.mx\/api\/wp\/v2\/comments?post=110963"}],"version-history":[{"count":1,"href":"https:\/\/www.sonoraenequipo.com.mx\/api\/wp\/v2\/posts\/110963\/revisions"}],"predecessor-version":[{"id":110964,"href":"https:\/\/www.sonoraenequipo.com.mx\/api\/wp\/v2\/posts\/110963\/revisions\/110964"}],"wp:featuredmedia":[{"embeddable":true,"href":"https:\/\/www.sonoraenequipo.com.mx\/api\/wp\/v2\/media\/110955"}],"wp:attachment":[{"href":"https:\/\/www.sonoraenequipo.com.mx\/api\/wp\/v2\/media?parent=110963"}],"wp:term":[{"taxonomy":"category","embeddable":true,"href":"https:\/\/www.sonoraenequipo.com.mx\/api\/wp\/v2\/categories?post=110963"},{"taxonomy":"post_tag","embeddable":true,"href":"https:\/\/www.sonoraenequipo.com.mx\/api\/wp\/v2\/tags?post=110963"}],"curies":[{"name":"wp","href":"https:\/\/api.w.org\/{rel}","templated":true}]}}