{"id":110965,"date":"2021-04-07T05:00:19","date_gmt":"2021-04-07T12:00:19","guid":{"rendered":"https:\/\/www.sonoraenequipo.com.mx\/?p=110965"},"modified":"2021-04-07T14:59:34","modified_gmt":"2021-04-07T21:59:34","slug":"realizaran-1er-foro-virtual-de-emprendimiento-de-la-crisis-a-la-oportunidad","status":"publish","type":"post","link":"https:\/\/www.sonoraenequipo.com.mx\/realizaran-1er-foro-virtual-de-emprendimiento-de-la-crisis-a-la-oportunidad\/","title":{"rendered":"Realizar\u00e1n 1er. Foro virtual de Emprendimiento. De la crisis a la oportunidad"},"content":{"rendered":"<p>HERMOSILLO, SONORA. MX. \u2014 Con la convocatoria y organizaci\u00f3n de la Facultad de Contadur\u00eda y Administraci\u00f3n de la Universidad Aut\u00f3noma de Baja California (UABC), Campus Tijuana, y la participaci\u00f3n de acad\u00e9micos de esta casa de estudios y otras instituciones educativas y redes universitarias, los d\u00edas mi\u00e9rcoles 7 y el jueves 8 de abril se llevar\u00e1 a cabo el 1er. Foro virtual de Emprendimiento. De la crisis a la oportunidad.<\/p>\n<p>&nbsp;<\/p>\n<p> <\/p>\n<p>&nbsp;<\/p>\n<p>El objetivo del evento acad\u00e9mico es destacar la trascendencia del fomento a la cultura del emprendimiento, la forma en c\u00f3mo convertir toda crisis en una oportunidad, as\u00ed como reforzar la formaci\u00f3n de habilidades y la creatividad de las nuevas generaciones de universitarios. En el caso de la Universidad de Sonora, cabe destacar la participaci\u00f3n del Programa de Divulgaci\u00f3n y Difusi\u00f3n Cient\u00edfica y Tecnol\u00f3gica de la Direcci\u00f3n de Vinculaci\u00f3n y Difusi\u00f3n.<\/p>\n<p>&nbsp;<\/p>\n<p>Narciso Navarro G\u00f3mez, encargado del mencionado programa y conductor de A ciencia cierta, que se transmite por Radio Universidad, tuvo como invitados a los coordinadores del foro: Ismael Plascencia L\u00f3pez, director de la Facultad de Contadur\u00eda y Administraci\u00f3n; Blanca Estela Bernal Escoto, coordinadora de Licenciatura en Administraci\u00f3n de Empresas, y Flavio Abel Rivera Aguirre, coordinador de Emprendedores en la misma instituci\u00f3n bajacaliforniana.<\/p>\n<p>&nbsp;<\/p>\n<p>El evento ofrecer\u00e1 las siguientes tem\u00e1ticas: Marketing Digital, estrategia esencial en la era covid; Emprendimientos exponenciales; El arte de empezar, Impulso al emprendimiento, y Mujeres emprendedoras, y desarrollar\u00e1 un programa de conferencias que impartir\u00e1n docentes de la UABC, Cetys, la UNAM y la Unison, as\u00ed como de las universidades aut\u00f3nomas de Aguascalientes, Chihuahua, Del Carmen, en Campeche, y la Red de Cuerpos Acad\u00e9micos en Responsabilidad Social Empresarial (Recarse), entre otras instituciones.<\/p>\n<p>&nbsp;<\/p>\n<p>Por la alma mater participar\u00e1 como ponente Ciro Romo Puebla, profesor del Departamento de Contabilidad, quien abordar\u00e1 el tema Marketing en Emprendimientos Digitales.<\/p>\n<p>&nbsp;<\/p>\n<p>Adem\u00e1s, el comit\u00e9 organizador ha extendido la invitaci\u00f3n para que accedan acad\u00e9micos de la Divisi\u00f3n de Ciencias Econ\u00f3micas y Administrativas de la Unidad Regional Centro, as\u00ed como de los campus Nogales, Caborca, Santa Ana, Cajeme y Navojoa.<\/p>\n<p>&nbsp;<\/p>\n<h3>El emprendimiento es transversal<\/h3>\n<p>&nbsp;<\/p>\n<p>En la entrevista transmitida esta ocasi\u00f3n por Youtube, los invitados se\u00f1alaron que el \u00e1rea de emprendedores es transversal porque impacta a la diversidad de disciplinas relacionadas con la contadur\u00eda, negocios, finanzas y la administraci\u00f3n, entre otros campos como la ingenier\u00eda, tecnolog\u00edas, medicina, f\u00edsica y qu\u00edmica.<\/p>\n<p>&nbsp;<\/p>\n<p>Plantearon que durante muchos a\u00f1os se ha hablado de la importancia de esa \u00e1rea, pero desafortunadamente las pol\u00edticas p\u00fablicas en este tema se han quedado en buenas intenciones, lo que no ha sucedido en Estados Unidos, Europa y Asia.<\/p>\n<p>&nbsp;<\/p>\n<p>Por ello, es urgente la necesidad de que las universidades mexicanas tambi\u00e9n impulsen esta estrategia de desarrollo con las actuales y futuras generaciones de universitarios. \u201cHay materias de emprendedores en diferentes carreras, pero muchas veces se ven como de \u2018relleno\u2019, o prevalecen asignaturas donde se forman generaciones para que sean empleados y no emprendedores\u201d, dijeron.<\/p>\n<p>&nbsp;<\/p>\n<p>Hicieron ver la necesidad de impulsar el tema de las habilidades en esta era de la informaci\u00f3n\/comunicaci\u00f3n y la Cuarta Revoluci\u00f3n; de ah\u00ed que hablar de un emprendedor es hacer referencia a alguien con liderazgo. \u201c<em>En las clases de emprendedores no se trata de s\u00f3lo hablar de un plan de negocios, sino de desarrollar las habilidades y generar empleos\u201d,<\/em> reiteraron.<\/p>\n<p>&nbsp;<\/p>\n<p>Asimismo, puntualizaron en que un emprendimiento implica trabajo en equipo y formar capacidades para resolver problemas, y que por lo tanto hacia ese horizonte se deben dirigir los esfuerzos de las universidades, pens\u00e1ndose en la formaci\u00f3n de l\u00edderes en sociedad.<\/p>\n<p>&nbsp;<\/p>\n<p>Narciso Navarro indic\u00f3 que los interesados en conocer a detalle las generalidades del foro, que se transmitir\u00e1 a partir de las 8:00 horas de ma\u00f1ana v\u00eda Facebook, Live y Youtube, pueden acceder al siguiente sitio: <strong><a href=\"https:\/\/edu-fca.odoo.com\/foroemprendimiento.\">https:\/\/edu-fca.odoo.com\/foroemprendimiento.<\/a><\/strong><\/p>\n<p>&nbsp;<\/p>\n<p>&nbsp;<\/p>\n<p>(Publicada el 07\/04\/2021)<\/p>\n","protected":false},"excerpt":{"rendered":"<p>HERMOSILLO, SONORA. MX. \u2014 Con la convocatoria y organizaci\u00f3n de la Facultad de Contadur\u00eda y&#8230;<\/p>\n","protected":false},"author":10,"featured_media":110973,"comment_status":"open","ping_status":"open","sticky":false,"template":"","format":"standard","meta":{"_monsterinsights_skip_tracking":false,"_monsterinsights_sitenote_active":false,"_monsterinsights_sitenote_note":"","_monsterinsights_sitenote_category":0,"footnotes":""},"categories":[22],"tags":[],"class_list":["post"],"yoast_head":" \n<title>Sonora en Equipo. Realizar\u00e1n 1er. Foro virtual de Emprendimiento. De la crisis a la oportunidad Sonora<\/title>\n<meta name=\"description\" content=\"HERMOSILLO, SONORA. MX. \u2014 Con la convocatoria y organizaci\u00f3n de la Facultad de Contadur\u00eda y Administraci\u00f3n de la Universidad Aut\u00f3noma de Baja California En Sonora en Equipo publicamos toda la informaci\u00f3n de Sonora, M\u00e9xico y el Mundo de manera oportuna y busca que la libertad de expresi\u00f3n sea real. Visita nuestro medio informativo publicado desde Hermosillo, Sonora. %\" \/>\n<meta name=\"robots\" content=\"index, follow, max-snippet:-1, max-image-preview:large, max-video-preview:-1\" \/>\n<link rel=\"canonical\" href=\"https:\/\/www.sonoraenequipo.com.mx\/realizaran-1er-foro-virtual-de-emprendimiento-de-la-crisis-a-la-oportunidad\/\" \/>\n<meta property=\"og:locale\" content=\"es_ES\" \/>\n<meta property=\"og:type\" content=\"article\" \/>\n<meta property=\"og:title\" content=\"Sonora en Equipo. Realizar\u00e1n 1er. Foro virtual de Emprendimiento. De la crisis a la oportunidad Sonora\" \/>\n<meta property=\"og:description\" content=\"HERMOSILLO, SONORA. MX. \u2014 Con la convocatoria y organizaci\u00f3n de la Facultad de Contadur\u00eda y Administraci\u00f3n de la Universidad Aut\u00f3noma de Baja California En Sonora en Equipo publicamos toda la informaci\u00f3n de Sonora, M\u00e9xico y el Mundo de manera oportuna y busca que la libertad de expresi\u00f3n sea real. Visita nuestro medio informativo publicado desde Hermosillo, Sonora. %\" \/>\n<meta property=\"og:url\" content=\"https:\/\/www.sonoraenequipo.com.mx\/realizaran-1er-foro-virtual-de-emprendimiento-de-la-crisis-a-la-oportunidad\/\" \/>\n<meta property=\"og:site_name\" content=\"Sonora en Equipo.\" \/>\n<meta property=\"article:publisher\" content=\"https:\/\/www.facebook.com\/SonoraEE\/\" \/>\n<meta property=\"article:published_time\" content=\"2021-04-07T12:00:19+00:00\" \/>\n<meta property=\"article:modified_time\" content=\"2021-04-07T21:59:34+00:00\" \/>\n<meta property=\"og:image\" content=\"https:\/\/www.sonoraenequipo.com.mx\/storage\/2021\/04\/foro-virtual-de-emprendimiento_opt.jpg\" \/>\n\t<meta property=\"og:image:width\" content=\"640\" \/>\n\t<meta property=\"og:image:height\" content=\"400\" \/>\n\t<meta property=\"og:image:type\" content=\"image\/jpeg\" \/>\n<meta name=\"author\" content=\"Jes\u00fas Alberto Rubio\" \/>\n<meta name=\"twitter:card\" content=\"summary_large_image\" \/>\n<meta name=\"twitter:creator\" content=\"@sonoraenequipo\" \/>\n<meta name=\"twitter:site\" content=\"@sonoraenequipo\" \/>\n<meta name=\"twitter:label1\" content=\"Escrito por\" \/>\n\t<meta name=\"twitter:data1\" content=\"Jes\u00fas Alberto Rubio\" \/>\n\t<meta name=\"twitter:label2\" content=\"Tiempo de lectura\" \/>\n\t<meta name=\"twitter:data2\" content=\"3 minutos\" \/>\n<script type=\"application\/ld+json\" class=\"yoast-schema-graph\">{\"@context\":\"https:\/\/schema.org\",\"@graph\":[{\"@type\":\"Article\",\"@id\":\"https:\/\/www.sonoraenequipo.com.mx\/realizaran-1er-foro-virtual-de-emprendimiento-de-la-crisis-a-la-oportunidad\/#article\",\"isPartOf\":{\"@id\":\"https:\/\/www.sonoraenequipo.com.mx\/realizaran-1er-foro-virtual-de-emprendimiento-de-la-crisis-a-la-oportunidad\/\"},\"author\":{\"name\":\"Jes\u00fas Alberto Rubio\",\"@id\":\"https:\/\/www.sonoraenequipo.com.mx\/#\/schema\/person\/81ba2b6e10ae9eb8d527d63aefefe262\"},\"headline\":\"Realizar\u00e1n 1er. Foro virtual de Emprendimiento. De la crisis a la oportunidad\",\"datePublished\":\"2021-04-07T12:00:19+00:00\",\"dateModified\":\"2021-04-07T21:59:34+00:00\",\"mainEntityOfPage\":{\"@id\":\"https:\/\/www.sonoraenequipo.com.mx\/realizaran-1er-foro-virtual-de-emprendimiento-de-la-crisis-a-la-oportunidad\/\"},\"wordCount\":697,\"commentCount\":0,\"publisher\":{\"@id\":\"https:\/\/www.sonoraenequipo.com.mx\/#organization\"},\"image\":{\"@id\":\"https:\/\/www.sonoraenequipo.com.mx\/realizaran-1er-foro-virtual-de-emprendimiento-de-la-crisis-a-la-oportunidad\/#primaryimage\"},\"thumbnailUrl\":\"https:\/\/www.sonoraenequipo.com.mx\/storage\/2021\/04\/foro-virtual-de-emprendimiento_opt.jpg\",\"articleSection\":[\"Sonora\"],\"inLanguage\":\"es\",\"potentialAction\":[{\"@type\":\"CommentAction\",\"name\":\"Comment\",\"target\":[\"https:\/\/www.sonoraenequipo.com.mx\/realizaran-1er-foro-virtual-de-emprendimiento-de-la-crisis-a-la-oportunidad\/#respond\"]}]},{\"@type\":\"WebPage\",\"@id\":\"https:\/\/www.sonoraenequipo.com.mx\/realizaran-1er-foro-virtual-de-emprendimiento-de-la-crisis-a-la-oportunidad\/\",\"url\":\"https:\/\/www.sonoraenequipo.com.mx\/realizaran-1er-foro-virtual-de-emprendimiento-de-la-crisis-a-la-oportunidad\/\",\"name\":\"Sonora en Equipo. Realizar\u00e1n 1er. Foro virtual de Emprendimiento. De la crisis a la oportunidad Sonora\",\"isPartOf\":{\"@id\":\"https:\/\/www.sonoraenequipo.com.mx\/#website\"},\"primaryImageOfPage\":{\"@id\":\"https:\/\/www.sonoraenequipo.com.mx\/realizaran-1er-foro-virtual-de-emprendimiento-de-la-crisis-a-la-oportunidad\/#primaryimage\"},\"image\":{\"@id\":\"https:\/\/www.sonoraenequipo.com.mx\/realizaran-1er-foro-virtual-de-emprendimiento-de-la-crisis-a-la-oportunidad\/#primaryimage\"},\"thumbnailUrl\":\"https:\/\/www.sonoraenequipo.com.mx\/storage\/2021\/04\/foro-virtual-de-emprendimiento_opt.jpg\",\"datePublished\":\"2021-04-07T12:00:19+00:00\",\"dateModified\":\"2021-04-07T21:59:34+00:00\",\"description\":\"HERMOSILLO, SONORA. MX. \u2014 Con la convocatoria y organizaci\u00f3n de la Facultad de Contadur\u00eda y Administraci\u00f3n de la Universidad Aut\u00f3noma de Baja California En Sonora en Equipo publicamos toda la informaci\u00f3n de Sonora, M\u00e9xico y el Mundo de manera oportuna y busca que la libertad de expresi\u00f3n sea real. Visita nuestro medio informativo publicado desde Hermosillo, Sonora. %\",\"breadcrumb\":{\"@id\":\"https:\/\/www.sonoraenequipo.com.mx\/realizaran-1er-foro-virtual-de-emprendimiento-de-la-crisis-a-la-oportunidad\/#breadcrumb\"},\"inLanguage\":\"es\",\"potentialAction\":[{\"@type\":\"ReadAction\",\"target\":[\"https:\/\/www.sonoraenequipo.com.mx\/realizaran-1er-foro-virtual-de-emprendimiento-de-la-crisis-a-la-oportunidad\/\"]}]},{\"@type\":\"ImageObject\",\"inLanguage\":\"es\",\"@id\":\"https:\/\/www.sonoraenequipo.com.mx\/realizaran-1er-foro-virtual-de-emprendimiento-de-la-crisis-a-la-oportunidad\/#primaryimage\",\"url\":\"https:\/\/www.sonoraenequipo.com.mx\/storage\/2021\/04\/foro-virtual-de-emprendimiento_opt.jpg\",\"contentUrl\":\"https:\/\/www.sonoraenequipo.com.mx\/storage\/2021\/04\/foro-virtual-de-emprendimiento_opt.jpg\",\"width\":640,\"height\":400},{\"@type\":\"BreadcrumbList\",\"@id\":\"https:\/\/www.sonoraenequipo.com.mx\/realizaran-1er-foro-virtual-de-emprendimiento-de-la-crisis-a-la-oportunidad\/#breadcrumb\",\"itemListElement\":[{\"@type\":\"ListItem\",\"position\":1,\"name\":\"Portada\",\"item\":\"https:\/\/www.sonoraenequipo.com.mx\/\"},{\"@type\":\"ListItem\",\"position\":2,\"name\":\"Realizar\u00e1n 1er. Foro virtual de Emprendimiento. De la crisis a la oportunidad\"}]},{\"@type\":\"WebSite\",\"@id\":\"https:\/\/www.sonoraenequipo.com.mx\/#website\",\"url\":\"https:\/\/www.sonoraenequipo.com.mx\/\",\"name\":\"Sonora en Equipo.\",\"description\":\"Diario en l\u00ednea con Noticias desde Hermosillo, Sonora\",\"publisher\":{\"@id\":\"https:\/\/www.sonoraenequipo.com.mx\/#organization\"},\"potentialAction\":[{\"@type\":\"SearchAction\",\"target\":{\"@type\":\"EntryPoint\",\"urlTemplate\":\"https:\/\/www.sonoraenequipo.com.mx\/?s={search_term_string}\"},\"query-input\":{\"@type\":\"PropertyValueSpecification\",\"valueRequired\":true,\"valueName\":\"search_term_string\"}}],\"inLanguage\":\"es\"},{\"@type\":\"Organization\",\"@id\":\"https:\/\/www.sonoraenequipo.com.mx\/#organization\",\"name\":\"Sonoraenequipo.com.mx\",\"url\":\"https:\/\/www.sonoraenequipo.com.mx\/\",\"logo\":{\"@type\":\"ImageObject\",\"inLanguage\":\"es\",\"@id\":\"https:\/\/www.sonoraenequipo.com.mx\/#\/schema\/logo\/image\/\",\"url\":\"https:\/\/www.sonoraenequipo.com.mx\/storage\/2019\/01\/sonoraenequipo_opt.png\",\"contentUrl\":\"https:\/\/www.sonoraenequipo.com.mx\/storage\/2019\/01\/sonoraenequipo_opt.png\",\"width\":375,\"height\":125,\"caption\":\"Sonoraenequipo.com.mx\"},\"image\":{\"@id\":\"https:\/\/www.sonoraenequipo.com.mx\/#\/schema\/logo\/image\/\"},\"sameAs\":[\"https:\/\/www.facebook.com\/SonoraEE\/\",\"https:\/\/x.com\/sonoraenequipo\",\"https:\/\/www.youtube.com\/channel\/UC338nW-lPEYmJQs4ZABQ1SQ\"]},{\"@type\":\"Person\",\"@id\":\"https:\/\/www.sonoraenequipo.com.mx\/#\/schema\/person\/81ba2b6e10ae9eb8d527d63aefefe262\",\"name\":\"Jes\u00fas Alberto Rubio\",\"image\":{\"@type\":\"ImageObject\",\"inLanguage\":\"es\",\"@id\":\"https:\/\/www.sonoraenequipo.com.mx\/#\/schema\/person\/image\/\",\"url\":\"https:\/\/secure.gravatar.com\/avatar\/363c46b34459c486db177b25a521ff07abddcf2cadc7feef7167c726c79658db?s=96&d=blank&r=g\",\"contentUrl\":\"https:\/\/secure.gravatar.com\/avatar\/363c46b34459c486db177b25a521ff07abddcf2cadc7feef7167c726c79658db?s=96&d=blank&r=g\",\"caption\":\"Jes\u00fas Alberto Rubio\"},\"sameAs\":[\"http:\/\/sonoraenequipo.com.mx\"]}]}<\/script>\n ","yoast_head_json":{"title":"Sonora en Equipo. Realizar\u00e1n 1er. Foro virtual de Emprendimiento. De la crisis a la oportunidad Sonora","description":"HERMOSILLO, SONORA. MX. \u2014 Con la convocatoria y organizaci\u00f3n de la Facultad de Contadur\u00eda y Administraci\u00f3n de la Universidad Aut\u00f3noma de Baja California En Sonora en Equipo publicamos toda la informaci\u00f3n de Sonora, M\u00e9xico y el Mundo de manera oportuna y busca que la libertad de expresi\u00f3n sea real. Visita nuestro medio informativo publicado desde Hermosillo, Sonora. %","robots":{"index":"index","follow":"follow","max-snippet":"max-snippet:-1","max-image-preview":"max-image-preview:large","max-video-preview":"max-video-preview:-1"},"canonical":"https:\/\/www.sonoraenequipo.com.mx\/realizaran-1er-foro-virtual-de-emprendimiento-de-la-crisis-a-la-oportunidad\/","og_locale":"es_ES","og_type":"article","og_title":"Sonora en Equipo. Realizar\u00e1n 1er. Foro virtual de Emprendimiento. De la crisis a la oportunidad Sonora","og_description":"HERMOSILLO, SONORA. MX. \u2014 Con la convocatoria y organizaci\u00f3n de la Facultad de Contadur\u00eda y Administraci\u00f3n de la Universidad Aut\u00f3noma de Baja California En Sonora en Equipo publicamos toda la informaci\u00f3n de Sonora, M\u00e9xico y el Mundo de manera oportuna y busca que la libertad de expresi\u00f3n sea real. Visita nuestro medio informativo publicado desde Hermosillo, Sonora. %","og_url":"https:\/\/www.sonoraenequipo.com.mx\/realizaran-1er-foro-virtual-de-emprendimiento-de-la-crisis-a-la-oportunidad\/","og_site_name":"Sonora en Equipo.","article_publisher":"https:\/\/www.facebook.com\/SonoraEE\/","article_published_time":"2021-04-07T12:00:19+00:00","article_modified_time":"2021-04-07T21:59:34+00:00","og_image":[{"width":640,"height":400,"url":"https:\/\/www.sonoraenequipo.com.mx\/storage\/2021\/04\/foro-virtual-de-emprendimiento_opt.jpg","type":"image\/jpeg"}],"author":"Jes\u00fas Alberto Rubio","twitter_card":"summary_large_image","twitter_creator":"@sonoraenequipo","twitter_site":"@sonoraenequipo","twitter_misc":{"Escrito por":"Jes\u00fas Alberto Rubio","Tiempo de lectura":"3 minutos"},"schema":{"@context":"https:\/\/schema.org","@graph":[{"@type":"Article","@id":"https:\/\/www.sonoraenequipo.com.mx\/realizaran-1er-foro-virtual-de-emprendimiento-de-la-crisis-a-la-oportunidad\/#article","isPartOf":{"@id":"https:\/\/www.sonoraenequipo.com.mx\/realizaran-1er-foro-virtual-de-emprendimiento-de-la-crisis-a-la-oportunidad\/"},"author":{"name":"Jes\u00fas Alberto Rubio","@id":"https:\/\/www.sonoraenequipo.com.mx\/#\/schema\/person\/81ba2b6e10ae9eb8d527d63aefefe262"},"headline":"Realizar\u00e1n 1er. Foro virtual de Emprendimiento. De la crisis a la oportunidad","datePublished":"2021-04-07T12:00:19+00:00","dateModified":"2021-04-07T21:59:34+00:00","mainEntityOfPage":{"@id":"https:\/\/www.sonoraenequipo.com.mx\/realizaran-1er-foro-virtual-de-emprendimiento-de-la-crisis-a-la-oportunidad\/"},"wordCount":697,"commentCount":0,"publisher":{"@id":"https:\/\/www.sonoraenequipo.com.mx\/#organization"},"image":{"@id":"https:\/\/www.sonoraenequipo.com.mx\/realizaran-1er-foro-virtual-de-emprendimiento-de-la-crisis-a-la-oportunidad\/#primaryimage"},"thumbnailUrl":"https:\/\/www.sonoraenequipo.com.mx\/storage\/2021\/04\/foro-virtual-de-emprendimiento_opt.jpg","articleSection":["Sonora"],"inLanguage":"es","potentialAction":[{"@type":"CommentAction","name":"Comment","target":["https:\/\/www.sonoraenequipo.com.mx\/realizaran-1er-foro-virtual-de-emprendimiento-de-la-crisis-a-la-oportunidad\/#respond"]}]},{"@type":"WebPage","@id":"https:\/\/www.sonoraenequipo.com.mx\/realizaran-1er-foro-virtual-de-emprendimiento-de-la-crisis-a-la-oportunidad\/","url":"https:\/\/www.sonoraenequipo.com.mx\/realizaran-1er-foro-virtual-de-emprendimiento-de-la-crisis-a-la-oportunidad\/","name":"Sonora en Equipo. Realizar\u00e1n 1er. Foro virtual de Emprendimiento. De la crisis a la oportunidad Sonora","isPartOf":{"@id":"https:\/\/www.sonoraenequipo.com.mx\/#website"},"primaryImageOfPage":{"@id":"https:\/\/www.sonoraenequipo.com.mx\/realizaran-1er-foro-virtual-de-emprendimiento-de-la-crisis-a-la-oportunidad\/#primaryimage"},"image":{"@id":"https:\/\/www.sonoraenequipo.com.mx\/realizaran-1er-foro-virtual-de-emprendimiento-de-la-crisis-a-la-oportunidad\/#primaryimage"},"thumbnailUrl":"https:\/\/www.sonoraenequipo.com.mx\/storage\/2021\/04\/foro-virtual-de-emprendimiento_opt.jpg","datePublished":"2021-04-07T12:00:19+00:00","dateModified":"2021-04-07T21:59:34+00:00","description":"HERMOSILLO, SONORA. MX. \u2014 Con la convocatoria y organizaci\u00f3n de la Facultad de Contadur\u00eda y Administraci\u00f3n de la Universidad Aut\u00f3noma de Baja California En Sonora en Equipo publicamos toda la informaci\u00f3n de Sonora, M\u00e9xico y el Mundo de manera oportuna y busca que la libertad de expresi\u00f3n sea real. Visita nuestro medio informativo publicado desde Hermosillo, Sonora. %","breadcrumb":{"@id":"https:\/\/www.sonoraenequipo.com.mx\/realizaran-1er-foro-virtual-de-emprendimiento-de-la-crisis-a-la-oportunidad\/#breadcrumb"},"inLanguage":"es","potentialAction":[{"@type":"ReadAction","target":["https:\/\/www.sonoraenequipo.com.mx\/realizaran-1er-foro-virtual-de-emprendimiento-de-la-crisis-a-la-oportunidad\/"]}]},{"@type":"ImageObject","inLanguage":"es","@id":"https:\/\/www.sonoraenequipo.com.mx\/realizaran-1er-foro-virtual-de-emprendimiento-de-la-crisis-a-la-oportunidad\/#primaryimage","url":"https:\/\/www.sonoraenequipo.com.mx\/storage\/2021\/04\/foro-virtual-de-emprendimiento_opt.jpg","contentUrl":"https:\/\/www.sonoraenequipo.com.mx\/storage\/2021\/04\/foro-virtual-de-emprendimiento_opt.jpg","width":640,"height":400},{"@type":"BreadcrumbList","@id":"https:\/\/www.sonoraenequipo.com.mx\/realizaran-1er-foro-virtual-de-emprendimiento-de-la-crisis-a-la-oportunidad\/#breadcrumb","itemListElement":[{"@type":"ListItem","position":1,"name":"Portada","item":"https:\/\/www.sonoraenequipo.com.mx\/"},{"@type":"ListItem","position":2,"name":"Realizar\u00e1n 1er. Foro virtual de Emprendimiento. De la crisis a la oportunidad"}]},{"@type":"WebSite","@id":"https:\/\/www.sonoraenequipo.com.mx\/#website","url":"https:\/\/www.sonoraenequipo.com.mx\/","name":"Sonora en Equipo.","description":"Diario en l\u00ednea con Noticias desde Hermosillo, Sonora","publisher":{"@id":"https:\/\/www.sonoraenequipo.com.mx\/#organization"},"potentialAction":[{"@type":"SearchAction","target":{"@type":"EntryPoint","urlTemplate":"https:\/\/www.sonoraenequipo.com.mx\/?s={search_term_string}"},"query-input":{"@type":"PropertyValueSpecification","valueRequired":true,"valueName":"search_term_string"}}],"inLanguage":"es"},{"@type":"Organization","@id":"https:\/\/www.sonoraenequipo.com.mx\/#organization","name":"Sonoraenequipo.com.mx","url":"https:\/\/www.sonoraenequipo.com.mx\/","logo":{"@type":"ImageObject","inLanguage":"es","@id":"https:\/\/www.sonoraenequipo.com.mx\/#\/schema\/logo\/image\/","url":"https:\/\/www.sonoraenequipo.com.mx\/storage\/2019\/01\/sonoraenequipo_opt.png","contentUrl":"https:\/\/www.sonoraenequipo.com.mx\/storage\/2019\/01\/sonoraenequipo_opt.png","width":375,"height":125,"caption":"Sonoraenequipo.com.mx"},"image":{"@id":"https:\/\/www.sonoraenequipo.com.mx\/#\/schema\/logo\/image\/"},"sameAs":["https:\/\/www.facebook.com\/SonoraEE\/","https:\/\/x.com\/sonoraenequipo","https:\/\/www.youtube.com\/channel\/UC338nW-lPEYmJQs4ZABQ1SQ"]},{"@type":"Person","@id":"https:\/\/www.sonoraenequipo.com.mx\/#\/schema\/person\/81ba2b6e10ae9eb8d527d63aefefe262","name":"Jes\u00fas Alberto Rubio","image":{"@type":"ImageObject","inLanguage":"es","@id":"https:\/\/www.sonoraenequipo.com.mx\/#\/schema\/person\/image\/","url":"https:\/\/secure.gravatar.com\/avatar\/363c46b34459c486db177b25a521ff07abddcf2cadc7feef7167c726c79658db?s=96&d=blank&r=g","contentUrl":"https:\/\/secure.gravatar.com\/avatar\/363c46b34459c486db177b25a521ff07abddcf2cadc7feef7167c726c79658db?s=96&d=blank&r=g","caption":"Jes\u00fas Alberto Rubio"},"sameAs":["http:\/\/sonoraenequipo.com.mx"]}]}},"jetpack_featured_media_url":"https:\/\/www.sonoraenequipo.com.mx\/storage\/2021\/04\/foro-virtual-de-emprendimiento_opt.jpg","_links":{"self":[{"href":"https:\/\/www.sonoraenequipo.com.mx\/api\/wp\/v2\/posts\/110965","targetHints":{"allow":["GET"]}}],"collection":[{"href":"https:\/\/www.sonoraenequipo.com.mx\/api\/wp\/v2\/posts"}],"about":[{"href":"https:\/\/www.sonoraenequipo.com.mx\/api\/wp\/v2\/types\/post"}],"author":[{"embeddable":true,"href":"https:\/\/www.sonoraenequipo.com.mx\/api\/wp\/v2\/users\/10"}],"replies":[{"embeddable":true,"href":"https:\/\/www.sonoraenequipo.com.mx\/api\/wp\/v2\/comments?post=110965"}],"version-history":[{"count":3,"href":"https:\/\/www.sonoraenequipo.com.mx\/api\/wp\/v2\/posts\/110965\/revisions"}],"predecessor-version":[{"id":110976,"href":"https:\/\/www.sonoraenequipo.com.mx\/api\/wp\/v2\/posts\/110965\/revisions\/110976"}],"wp:featuredmedia":[{"embeddable":true,"href":"https:\/\/www.sonoraenequipo.com.mx\/api\/wp\/v2\/media\/110973"}],"wp:attachment":[{"href":"https:\/\/www.sonoraenequipo.com.mx\/api\/wp\/v2\/media?parent=110965"}],"wp:term":[{"taxonomy":"category","embeddable":true,"href":"https:\/\/www.sonoraenequipo.com.mx\/api\/wp\/v2\/categories?post=110965"},{"taxonomy":"post_tag","embeddable":true,"href":"https:\/\/www.sonoraenequipo.com.mx\/api\/wp\/v2\/tags?post=110965"}],"curies":[{"name":"wp","href":"https:\/\/api.w.org\/{rel}","templated":true}]}}