{"id":110970,"date":"2021-04-07T14:51:58","date_gmt":"2021-04-07T21:51:58","guid":{"rendered":"https:\/\/www.sonoraenequipo.com.mx\/?p=110970"},"modified":"2021-04-07T14:53:27","modified_gmt":"2021-04-07T21:53:27","slug":"ine-tumba-de-facebook-spot-que-calumnia-a-maru-campos","status":"publish","type":"post","link":"https:\/\/www.sonoraenequipo.com.mx\/ine-tumba-de-facebook-spot-que-calumnia-a-maru-campos\/","title":{"rendered":"INE tumba de Facebook spot que calumnia a Maru Campos"},"content":{"rendered":"<p>CIUDAD DE M\u00c9XICO.\u2500 Esta ma\u00f1ana la Comisi\u00f3n de Quejas y Denuncias del Instituto Nacional Electoral (INE) resolvi\u00f3 dos quejas presentadas por la Coalici\u00f3n \u201cNos Une Chihuahua\u201d y el Partido de la Revoluci\u00f3n Democr\u00e1tica (PRD), respectivamente.<\/p>\n<p>&nbsp;<\/p>\n<p>&nbsp;<\/p>\n<p>&nbsp;<\/p>\n<p>En el primero de los casos, Mar\u00eda Eugenia Campos Galv\u00e1n, candidata a la Gubernatura de Chihuahua denunci\u00f3 al partido Movimiento Ciudadano por la difusi\u00f3n en Facebook del promocional \u201cNo hay lugar en Chihuahua\u201d, en el que, a juicio de la quejosa, se le calumnia al atribu\u00edrsele delitos relacionados con sobornos y corrupci\u00f3n.<\/p>\n<p>&nbsp;<\/p>\n<p>&nbsp;<\/p>\n<p>&nbsp;<\/p>\n<p>Al respecto, la Comisi\u00f3n decidi\u00f3 otorgar la solicitud de medidas cautelares al considerar que existe una alusi\u00f3n directa sobre hechos que no han sido juzgados, puesto que se incluye la aseveraci\u00f3n de que la quejosa \u201crecibi\u00f3 a manos llenas sobornos de C\u00e9sar Duarte\u201d. Si bien la Comisi\u00f3n no ignor\u00f3 que es un hecho notorio que la candidata est\u00e1 hoy sujeta a un proceso penal por posibles hechos delictivos, el promocional realiza imputaciones directas que est\u00e1n a\u00fan bajo proceso.<\/p>\n<p>&nbsp;<\/p>\n<p>&nbsp;<\/p>\n<p>&nbsp;<\/p>\n<p>En deliberaci\u00f3n p\u00fablica, los integrantes de la Comisi\u00f3n consideraron que las expresiones trascienden una cr\u00edtica fuerte de la carrera pol\u00edtica de la candidata, por lo que debe protegerse la presunci\u00f3n de inocencia en tanto no haya fallo judicial en sentido contrario.<\/p>\n<p>&nbsp;<\/p>\n<p>&nbsp;<\/p>\n<p>&nbsp;<\/p>\n<p>En otro tema, la Comisi\u00f3n analiz\u00f3 la solicitud presentada por el PRD para retirar el spot \u201cPT RAUL RADIO\u201d, mismo que se\u00f1al\u00f3 como uso indebido de la pauta pues el ciudadano que aparece en \u00e9l, Ra\u00fal Mor\u00f3n Orozco, actualmente no es candidato a la gubernatura de Michoac\u00e1n.<\/p>\n<p>&nbsp;<\/p>\n<p>&nbsp;<\/p>\n<p>&nbsp;<\/p>\n<p>Sobre este tema, la Comisi\u00f3n de Quejas determin\u00f3 la improcedencia de las medidas cautelares ya que, previo a la interposici\u00f3n de la queja, el propio Partido del Trabajo (PT) hab\u00eda presentado la solicitud de sustituci\u00f3n del material denunciado, misma que ha sido notificada a las concesionarias involucradas, por lo que se trata de hechos consumados.<\/p>\n<p>&nbsp;<\/p>\n<p>&nbsp;<\/p>\n<p>&nbsp;<\/p>\n<p>No obstante, como lo hizo en una ocasi\u00f3n anterior, la Comisi\u00f3n estim\u00f3 que, si el PT llegara a pautar de nueva cuenta publicidad promocionando la candidatura de Ra\u00fal Mor\u00f3n, no deber\u00e1 ser transmitida en tanto la situaci\u00f3n jur\u00eddica no cambie, pues dicha candidatura fue retirada por infracciones a la normatividad electoral en materia de fiscalizaci\u00f3n.<\/p>\n<p>&nbsp;<\/p>\n<p>&nbsp;<\/p>\n<p>&nbsp;<\/p>\n<p>Ambos asuntos fueron aprobados por unanimidad de votos de las Consejeras Adriana Favela y Claudia Zavala, as\u00ed como del Consejero Ciro Murayama, presidente de la Comisi\u00f3n de Quejas y Denuncias.<\/p>\n<p>Fecha de publicaci\u00f3n \u00a0\u00a0mi\u00e9rcoles\/ 7 \/abril \/ 2021<\/p>\n<p>&nbsp;<\/p>\n","protected":false},"excerpt":{"rendered":"<p>CIUDAD DE M\u00c9XICO.\u2500 Esta ma\u00f1ana la Comisi\u00f3n de Quejas y Denuncias del Instituto Nacional Electoral&#8230;<\/p>\n","protected":false},"author":1,"featured_media":110971,"comment_status":"open","ping_status":"open","sticky":false,"template":"","format":"standard","meta":{"_monsterinsights_skip_tracking":false,"_monsterinsights_sitenote_active":false,"_monsterinsights_sitenote_note":"","_monsterinsights_sitenote_category":0,"footnotes":""},"categories":[8],"tags":[172,1247,5595],"class_list":["post"],"yoast_head":" \n<title>Sonora en Equipo. INE tumba de Facebook spot que calumnia a Maru Campos LA ELECCION 2024<\/title>\n<meta name=\"description\" content=\"CIUDAD DE M\u00c9XICO.\u2500 Esta ma\u00f1ana la Comisi\u00f3n de Quejas y Denuncias del Instituto Nacional Electoral (INE) resolvi\u00f3 dos quejas presentadas por la Coalici\u00f3n En Sonora en Equipo publicamos toda la informaci\u00f3n de Sonora, M\u00e9xico y el Mundo de manera oportuna y busca que la libertad de expresi\u00f3n sea real. Visita nuestro medio informativo publicado desde Hermosillo, Sonora. %\" \/>\n<meta name=\"robots\" content=\"index, follow, max-snippet:-1, max-image-preview:large, max-video-preview:-1\" \/>\n<link rel=\"canonical\" href=\"https:\/\/www.sonoraenequipo.com.mx\/ine-tumba-de-facebook-spot-que-calumnia-a-maru-campos\/\" \/>\n<meta property=\"og:locale\" content=\"es_ES\" \/>\n<meta property=\"og:type\" content=\"article\" \/>\n<meta property=\"og:title\" content=\"Sonora en Equipo. INE tumba de Facebook spot que calumnia a Maru Campos LA ELECCION 2024\" \/>\n<meta property=\"og:description\" content=\"CIUDAD DE M\u00c9XICO.\u2500 Esta ma\u00f1ana la Comisi\u00f3n de Quejas y Denuncias del Instituto Nacional Electoral (INE) resolvi\u00f3 dos quejas presentadas por la Coalici\u00f3n En Sonora en Equipo publicamos toda la informaci\u00f3n de Sonora, M\u00e9xico y el Mundo de manera oportuna y busca que la libertad de expresi\u00f3n sea real. Visita nuestro medio informativo publicado desde Hermosillo, Sonora. %\" \/>\n<meta property=\"og:url\" content=\"https:\/\/www.sonoraenequipo.com.mx\/ine-tumba-de-facebook-spot-que-calumnia-a-maru-campos\/\" \/>\n<meta property=\"og:site_name\" content=\"Sonora en Equipo.\" \/>\n<meta property=\"article:publisher\" content=\"https:\/\/www.facebook.com\/SonoraEE\/\" \/>\n<meta property=\"article:author\" content=\"https:\/\/www.facebook.com\/SonoraEE\" \/>\n<meta property=\"article:published_time\" content=\"2021-04-07T21:51:58+00:00\" \/>\n<meta property=\"article:modified_time\" content=\"2021-04-07T21:53:27+00:00\" \/>\n<meta property=\"og:image\" content=\"https:\/\/www.sonoraenequipo.com.mx\/storage\/2021\/04\/MARU-CAMPOS.jpg\" \/>\n\t<meta property=\"og:image:width\" content=\"500\" \/>\n\t<meta property=\"og:image:height\" content=\"300\" \/>\n\t<meta property=\"og:image:type\" content=\"image\/jpeg\" \/>\n<meta name=\"author\" content=\"enequipo\" \/>\n<meta name=\"twitter:card\" content=\"summary_large_image\" \/>\n<meta name=\"twitter:creator\" content=\"@sonoraenequipo\" \/>\n<meta name=\"twitter:site\" content=\"@sonoraenequipo\" \/>\n<meta name=\"twitter:label1\" content=\"Escrito por\" \/>\n\t<meta name=\"twitter:data1\" content=\"enequipo\" \/>\n\t<meta name=\"twitter:label2\" content=\"Tiempo de lectura\" \/>\n\t<meta name=\"twitter:data2\" content=\"2 minutos\" \/>\n<script type=\"application\/ld+json\" class=\"yoast-schema-graph\">{\"@context\":\"https:\/\/schema.org\",\"@graph\":[{\"@type\":\"Article\",\"@id\":\"https:\/\/www.sonoraenequipo.com.mx\/ine-tumba-de-facebook-spot-que-calumnia-a-maru-campos\/#article\",\"isPartOf\":{\"@id\":\"https:\/\/www.sonoraenequipo.com.mx\/ine-tumba-de-facebook-spot-que-calumnia-a-maru-campos\/\"},\"author\":{\"name\":\"enequipo\",\"@id\":\"https:\/\/www.sonoraenequipo.com.mx\/#\/schema\/person\/50102df0fb23a8fa9e8effad8fa81386\"},\"headline\":\"INE tumba de Facebook spot que calumnia a Maru Campos\",\"datePublished\":\"2021-04-07T21:51:58+00:00\",\"dateModified\":\"2021-04-07T21:53:27+00:00\",\"mainEntityOfPage\":{\"@id\":\"https:\/\/www.sonoraenequipo.com.mx\/ine-tumba-de-facebook-spot-que-calumnia-a-maru-campos\/\"},\"wordCount\":473,\"commentCount\":0,\"publisher\":{\"@id\":\"https:\/\/www.sonoraenequipo.com.mx\/#organization\"},\"image\":{\"@id\":\"https:\/\/www.sonoraenequipo.com.mx\/ine-tumba-de-facebook-spot-que-calumnia-a-maru-campos\/#primaryimage\"},\"thumbnailUrl\":\"https:\/\/www.sonoraenequipo.com.mx\/storage\/2021\/04\/MARU-CAMPOS.jpg\",\"keywords\":[\"Chihuahua\",\"INE\",\"MARU CAMPOS\"],\"articleSection\":[\"LA ELECCION 2024\"],\"inLanguage\":\"es\",\"potentialAction\":[{\"@type\":\"CommentAction\",\"name\":\"Comment\",\"target\":[\"https:\/\/www.sonoraenequipo.com.mx\/ine-tumba-de-facebook-spot-que-calumnia-a-maru-campos\/#respond\"]}]},{\"@type\":\"WebPage\",\"@id\":\"https:\/\/www.sonoraenequipo.com.mx\/ine-tumba-de-facebook-spot-que-calumnia-a-maru-campos\/\",\"url\":\"https:\/\/www.sonoraenequipo.com.mx\/ine-tumba-de-facebook-spot-que-calumnia-a-maru-campos\/\",\"name\":\"Sonora en Equipo. INE tumba de Facebook spot que calumnia a Maru Campos LA ELECCION 2024\",\"isPartOf\":{\"@id\":\"https:\/\/www.sonoraenequipo.com.mx\/#website\"},\"primaryImageOfPage\":{\"@id\":\"https:\/\/www.sonoraenequipo.com.mx\/ine-tumba-de-facebook-spot-que-calumnia-a-maru-campos\/#primaryimage\"},\"image\":{\"@id\":\"https:\/\/www.sonoraenequipo.com.mx\/ine-tumba-de-facebook-spot-que-calumnia-a-maru-campos\/#primaryimage\"},\"thumbnailUrl\":\"https:\/\/www.sonoraenequipo.com.mx\/storage\/2021\/04\/MARU-CAMPOS.jpg\",\"datePublished\":\"2021-04-07T21:51:58+00:00\",\"dateModified\":\"2021-04-07T21:53:27+00:00\",\"description\":\"CIUDAD DE M\u00c9XICO.\u2500 Esta ma\u00f1ana la Comisi\u00f3n de Quejas y Denuncias del Instituto Nacional Electoral (INE) resolvi\u00f3 dos quejas presentadas por la Coalici\u00f3n En Sonora en Equipo publicamos toda la informaci\u00f3n de Sonora, M\u00e9xico y el Mundo de manera oportuna y busca que la libertad de expresi\u00f3n sea real. Visita nuestro medio informativo publicado desde Hermosillo, Sonora. %\",\"breadcrumb\":{\"@id\":\"https:\/\/www.sonoraenequipo.com.mx\/ine-tumba-de-facebook-spot-que-calumnia-a-maru-campos\/#breadcrumb\"},\"inLanguage\":\"es\",\"potentialAction\":[{\"@type\":\"ReadAction\",\"target\":[\"https:\/\/www.sonoraenequipo.com.mx\/ine-tumba-de-facebook-spot-que-calumnia-a-maru-campos\/\"]}]},{\"@type\":\"ImageObject\",\"inLanguage\":\"es\",\"@id\":\"https:\/\/www.sonoraenequipo.com.mx\/ine-tumba-de-facebook-spot-que-calumnia-a-maru-campos\/#primaryimage\",\"url\":\"https:\/\/www.sonoraenequipo.com.mx\/storage\/2021\/04\/MARU-CAMPOS.jpg\",\"contentUrl\":\"https:\/\/www.sonoraenequipo.com.mx\/storage\/2021\/04\/MARU-CAMPOS.jpg\",\"width\":500,\"height\":300},{\"@type\":\"BreadcrumbList\",\"@id\":\"https:\/\/www.sonoraenequipo.com.mx\/ine-tumba-de-facebook-spot-que-calumnia-a-maru-campos\/#breadcrumb\",\"itemListElement\":[{\"@type\":\"ListItem\",\"position\":1,\"name\":\"Portada\",\"item\":\"https:\/\/www.sonoraenequipo.com.mx\/\"},{\"@type\":\"ListItem\",\"position\":2,\"name\":\"INE tumba de Facebook spot que calumnia a Maru Campos\"}]},{\"@type\":\"WebSite\",\"@id\":\"https:\/\/www.sonoraenequipo.com.mx\/#website\",\"url\":\"https:\/\/www.sonoraenequipo.com.mx\/\",\"name\":\"Sonora en Equipo.\",\"description\":\"Diario en l\u00ednea con Noticias desde Hermosillo, Sonora\",\"publisher\":{\"@id\":\"https:\/\/www.sonoraenequipo.com.mx\/#organization\"},\"potentialAction\":[{\"@type\":\"SearchAction\",\"target\":{\"@type\":\"EntryPoint\",\"urlTemplate\":\"https:\/\/www.sonoraenequipo.com.mx\/?s={search_term_string}\"},\"query-input\":{\"@type\":\"PropertyValueSpecification\",\"valueRequired\":true,\"valueName\":\"search_term_string\"}}],\"inLanguage\":\"es\"},{\"@type\":\"Organization\",\"@id\":\"https:\/\/www.sonoraenequipo.com.mx\/#organization\",\"name\":\"Sonoraenequipo.com.mx\",\"url\":\"https:\/\/www.sonoraenequipo.com.mx\/\",\"logo\":{\"@type\":\"ImageObject\",\"inLanguage\":\"es\",\"@id\":\"https:\/\/www.sonoraenequipo.com.mx\/#\/schema\/logo\/image\/\",\"url\":\"https:\/\/www.sonoraenequipo.com.mx\/storage\/2019\/01\/sonoraenequipo_opt.png\",\"contentUrl\":\"https:\/\/www.sonoraenequipo.com.mx\/storage\/2019\/01\/sonoraenequipo_opt.png\",\"width\":375,\"height\":125,\"caption\":\"Sonoraenequipo.com.mx\"},\"image\":{\"@id\":\"https:\/\/www.sonoraenequipo.com.mx\/#\/schema\/logo\/image\/\"},\"sameAs\":[\"https:\/\/www.facebook.com\/SonoraEE\/\",\"https:\/\/x.com\/sonoraenequipo\",\"https:\/\/www.youtube.com\/channel\/UC338nW-lPEYmJQs4ZABQ1SQ\"]},{\"@type\":\"Person\",\"@id\":\"https:\/\/www.sonoraenequipo.com.mx\/#\/schema\/person\/50102df0fb23a8fa9e8effad8fa81386\",\"name\":\"enequipo\",\"image\":{\"@type\":\"ImageObject\",\"inLanguage\":\"es\",\"@id\":\"https:\/\/www.sonoraenequipo.com.mx\/#\/schema\/person\/image\/\",\"url\":\"https:\/\/secure.gravatar.com\/avatar\/049821681b589dabc0bc20695993ccebb09f5b5d4d790cd9251b97faac7c652b?s=96&d=blank&r=g\",\"contentUrl\":\"https:\/\/secure.gravatar.com\/avatar\/049821681b589dabc0bc20695993ccebb09f5b5d4d790cd9251b97faac7c652b?s=96&d=blank&r=g\",\"caption\":\"enequipo\"},\"sameAs\":[\"https:\/\/www.facebook.com\/SonoraEE\"]}]}<\/script>\n ","yoast_head_json":{"title":"Sonora en Equipo. INE tumba de Facebook spot que calumnia a Maru Campos LA ELECCION 2024","description":"CIUDAD DE M\u00c9XICO.\u2500 Esta ma\u00f1ana la Comisi\u00f3n de Quejas y Denuncias del Instituto Nacional Electoral (INE) resolvi\u00f3 dos quejas presentadas por la Coalici\u00f3n En Sonora en Equipo publicamos toda la informaci\u00f3n de Sonora, M\u00e9xico y el Mundo de manera oportuna y busca que la libertad de expresi\u00f3n sea real. Visita nuestro medio informativo publicado desde Hermosillo, Sonora. %","robots":{"index":"index","follow":"follow","max-snippet":"max-snippet:-1","max-image-preview":"max-image-preview:large","max-video-preview":"max-video-preview:-1"},"canonical":"https:\/\/www.sonoraenequipo.com.mx\/ine-tumba-de-facebook-spot-que-calumnia-a-maru-campos\/","og_locale":"es_ES","og_type":"article","og_title":"Sonora en Equipo. INE tumba de Facebook spot que calumnia a Maru Campos LA ELECCION 2024","og_description":"CIUDAD DE M\u00c9XICO.\u2500 Esta ma\u00f1ana la Comisi\u00f3n de Quejas y Denuncias del Instituto Nacional Electoral (INE) resolvi\u00f3 dos quejas presentadas por la Coalici\u00f3n En Sonora en Equipo publicamos toda la informaci\u00f3n de Sonora, M\u00e9xico y el Mundo de manera oportuna y busca que la libertad de expresi\u00f3n sea real. Visita nuestro medio informativo publicado desde Hermosillo, Sonora. %","og_url":"https:\/\/www.sonoraenequipo.com.mx\/ine-tumba-de-facebook-spot-que-calumnia-a-maru-campos\/","og_site_name":"Sonora en Equipo.","article_publisher":"https:\/\/www.facebook.com\/SonoraEE\/","article_author":"https:\/\/www.facebook.com\/SonoraEE","article_published_time":"2021-04-07T21:51:58+00:00","article_modified_time":"2021-04-07T21:53:27+00:00","og_image":[{"width":500,"height":300,"url":"https:\/\/www.sonoraenequipo.com.mx\/storage\/2021\/04\/MARU-CAMPOS.jpg","type":"image\/jpeg"}],"author":"enequipo","twitter_card":"summary_large_image","twitter_creator":"@sonoraenequipo","twitter_site":"@sonoraenequipo","twitter_misc":{"Escrito por":"enequipo","Tiempo de lectura":"2 minutos"},"schema":{"@context":"https:\/\/schema.org","@graph":[{"@type":"Article","@id":"https:\/\/www.sonoraenequipo.com.mx\/ine-tumba-de-facebook-spot-que-calumnia-a-maru-campos\/#article","isPartOf":{"@id":"https:\/\/www.sonoraenequipo.com.mx\/ine-tumba-de-facebook-spot-que-calumnia-a-maru-campos\/"},"author":{"name":"enequipo","@id":"https:\/\/www.sonoraenequipo.com.mx\/#\/schema\/person\/50102df0fb23a8fa9e8effad8fa81386"},"headline":"INE tumba de Facebook spot que calumnia a Maru Campos","datePublished":"2021-04-07T21:51:58+00:00","dateModified":"2021-04-07T21:53:27+00:00","mainEntityOfPage":{"@id":"https:\/\/www.sonoraenequipo.com.mx\/ine-tumba-de-facebook-spot-que-calumnia-a-maru-campos\/"},"wordCount":473,"commentCount":0,"publisher":{"@id":"https:\/\/www.sonoraenequipo.com.mx\/#organization"},"image":{"@id":"https:\/\/www.sonoraenequipo.com.mx\/ine-tumba-de-facebook-spot-que-calumnia-a-maru-campos\/#primaryimage"},"thumbnailUrl":"https:\/\/www.sonoraenequipo.com.mx\/storage\/2021\/04\/MARU-CAMPOS.jpg","keywords":["Chihuahua","INE","MARU CAMPOS"],"articleSection":["LA ELECCION 2024"],"inLanguage":"es","potentialAction":[{"@type":"CommentAction","name":"Comment","target":["https:\/\/www.sonoraenequipo.com.mx\/ine-tumba-de-facebook-spot-que-calumnia-a-maru-campos\/#respond"]}]},{"@type":"WebPage","@id":"https:\/\/www.sonoraenequipo.com.mx\/ine-tumba-de-facebook-spot-que-calumnia-a-maru-campos\/","url":"https:\/\/www.sonoraenequipo.com.mx\/ine-tumba-de-facebook-spot-que-calumnia-a-maru-campos\/","name":"Sonora en Equipo. INE tumba de Facebook spot que calumnia a Maru Campos LA ELECCION 2024","isPartOf":{"@id":"https:\/\/www.sonoraenequipo.com.mx\/#website"},"primaryImageOfPage":{"@id":"https:\/\/www.sonoraenequipo.com.mx\/ine-tumba-de-facebook-spot-que-calumnia-a-maru-campos\/#primaryimage"},"image":{"@id":"https:\/\/www.sonoraenequipo.com.mx\/ine-tumba-de-facebook-spot-que-calumnia-a-maru-campos\/#primaryimage"},"thumbnailUrl":"https:\/\/www.sonoraenequipo.com.mx\/storage\/2021\/04\/MARU-CAMPOS.jpg","datePublished":"2021-04-07T21:51:58+00:00","dateModified":"2021-04-07T21:53:27+00:00","description":"CIUDAD DE M\u00c9XICO.\u2500 Esta ma\u00f1ana la Comisi\u00f3n de Quejas y Denuncias del Instituto Nacional Electoral (INE) resolvi\u00f3 dos quejas presentadas por la Coalici\u00f3n En Sonora en Equipo publicamos toda la informaci\u00f3n de Sonora, M\u00e9xico y el Mundo de manera oportuna y busca que la libertad de expresi\u00f3n sea real. Visita nuestro medio informativo publicado desde Hermosillo, Sonora. %","breadcrumb":{"@id":"https:\/\/www.sonoraenequipo.com.mx\/ine-tumba-de-facebook-spot-que-calumnia-a-maru-campos\/#breadcrumb"},"inLanguage":"es","potentialAction":[{"@type":"ReadAction","target":["https:\/\/www.sonoraenequipo.com.mx\/ine-tumba-de-facebook-spot-que-calumnia-a-maru-campos\/"]}]},{"@type":"ImageObject","inLanguage":"es","@id":"https:\/\/www.sonoraenequipo.com.mx\/ine-tumba-de-facebook-spot-que-calumnia-a-maru-campos\/#primaryimage","url":"https:\/\/www.sonoraenequipo.com.mx\/storage\/2021\/04\/MARU-CAMPOS.jpg","contentUrl":"https:\/\/www.sonoraenequipo.com.mx\/storage\/2021\/04\/MARU-CAMPOS.jpg","width":500,"height":300},{"@type":"BreadcrumbList","@id":"https:\/\/www.sonoraenequipo.com.mx\/ine-tumba-de-facebook-spot-que-calumnia-a-maru-campos\/#breadcrumb","itemListElement":[{"@type":"ListItem","position":1,"name":"Portada","item":"https:\/\/www.sonoraenequipo.com.mx\/"},{"@type":"ListItem","position":2,"name":"INE tumba de Facebook spot que calumnia a Maru Campos"}]},{"@type":"WebSite","@id":"https:\/\/www.sonoraenequipo.com.mx\/#website","url":"https:\/\/www.sonoraenequipo.com.mx\/","name":"Sonora en Equipo.","description":"Diario en l\u00ednea con Noticias desde Hermosillo, Sonora","publisher":{"@id":"https:\/\/www.sonoraenequipo.com.mx\/#organization"},"potentialAction":[{"@type":"SearchAction","target":{"@type":"EntryPoint","urlTemplate":"https:\/\/www.sonoraenequipo.com.mx\/?s={search_term_string}"},"query-input":{"@type":"PropertyValueSpecification","valueRequired":true,"valueName":"search_term_string"}}],"inLanguage":"es"},{"@type":"Organization","@id":"https:\/\/www.sonoraenequipo.com.mx\/#organization","name":"Sonoraenequipo.com.mx","url":"https:\/\/www.sonoraenequipo.com.mx\/","logo":{"@type":"ImageObject","inLanguage":"es","@id":"https:\/\/www.sonoraenequipo.com.mx\/#\/schema\/logo\/image\/","url":"https:\/\/www.sonoraenequipo.com.mx\/storage\/2019\/01\/sonoraenequipo_opt.png","contentUrl":"https:\/\/www.sonoraenequipo.com.mx\/storage\/2019\/01\/sonoraenequipo_opt.png","width":375,"height":125,"caption":"Sonoraenequipo.com.mx"},"image":{"@id":"https:\/\/www.sonoraenequipo.com.mx\/#\/schema\/logo\/image\/"},"sameAs":["https:\/\/www.facebook.com\/SonoraEE\/","https:\/\/x.com\/sonoraenequipo","https:\/\/www.youtube.com\/channel\/UC338nW-lPEYmJQs4ZABQ1SQ"]},{"@type":"Person","@id":"https:\/\/www.sonoraenequipo.com.mx\/#\/schema\/person\/50102df0fb23a8fa9e8effad8fa81386","name":"enequipo","image":{"@type":"ImageObject","inLanguage":"es","@id":"https:\/\/www.sonoraenequipo.com.mx\/#\/schema\/person\/image\/","url":"https:\/\/secure.gravatar.com\/avatar\/049821681b589dabc0bc20695993ccebb09f5b5d4d790cd9251b97faac7c652b?s=96&d=blank&r=g","contentUrl":"https:\/\/secure.gravatar.com\/avatar\/049821681b589dabc0bc20695993ccebb09f5b5d4d790cd9251b97faac7c652b?s=96&d=blank&r=g","caption":"enequipo"},"sameAs":["https:\/\/www.facebook.com\/SonoraEE"]}]}},"jetpack_featured_media_url":"https:\/\/www.sonoraenequipo.com.mx\/storage\/2021\/04\/MARU-CAMPOS.jpg","_links":{"self":[{"href":"https:\/\/www.sonoraenequipo.com.mx\/api\/wp\/v2\/posts\/110970","targetHints":{"allow":["GET"]}}],"collection":[{"href":"https:\/\/www.sonoraenequipo.com.mx\/api\/wp\/v2\/posts"}],"about":[{"href":"https:\/\/www.sonoraenequipo.com.mx\/api\/wp\/v2\/types\/post"}],"author":[{"embeddable":true,"href":"https:\/\/www.sonoraenequipo.com.mx\/api\/wp\/v2\/users\/1"}],"replies":[{"embeddable":true,"href":"https:\/\/www.sonoraenequipo.com.mx\/api\/wp\/v2\/comments?post=110970"}],"version-history":[{"count":1,"href":"https:\/\/www.sonoraenequipo.com.mx\/api\/wp\/v2\/posts\/110970\/revisions"}],"predecessor-version":[{"id":110972,"href":"https:\/\/www.sonoraenequipo.com.mx\/api\/wp\/v2\/posts\/110970\/revisions\/110972"}],"wp:featuredmedia":[{"embeddable":true,"href":"https:\/\/www.sonoraenequipo.com.mx\/api\/wp\/v2\/media\/110971"}],"wp:attachment":[{"href":"https:\/\/www.sonoraenequipo.com.mx\/api\/wp\/v2\/media?parent=110970"}],"wp:term":[{"taxonomy":"category","embeddable":true,"href":"https:\/\/www.sonoraenequipo.com.mx\/api\/wp\/v2\/categories?post=110970"},{"taxonomy":"post_tag","embeddable":true,"href":"https:\/\/www.sonoraenequipo.com.mx\/api\/wp\/v2\/tags?post=110970"}],"curies":[{"name":"wp","href":"https:\/\/api.w.org\/{rel}","templated":true}]}}