{"id":110986,"date":"2021-04-07T18:20:59","date_gmt":"2021-04-08T01:20:59","guid":{"rendered":"https:\/\/www.sonoraenequipo.com.mx\/?p=110986"},"modified":"2021-04-07T17:36:41","modified_gmt":"2021-04-08T00:36:41","slug":"se-incendia-refineria-de-lazaro-cardenas-en-minatitlan-veracruz","status":"publish","type":"post","link":"https:\/\/www.sonoraenequipo.com.mx\/se-incendia-refineria-de-lazaro-cardenas-en-minatitlan-veracruz\/","title":{"rendered":"Se incendia refiner\u00eda de L\u00e1zaro C\u00e1rdenas en Minatitl\u00e1n, Veracruz"},"content":{"rendered":"<p>MINATITL\u00c1N, VERACRUZ. MX. \u2014 Usuarios de redes sociales reportaron la tarde de este mi\u00e9rcoles, el inicio de un incendio en la refiner\u00eda de L\u00e1zaro Cardenas en Minatitl\u00e1n, Veracruz que presumiblemente inici\u00f3 en el \u00e1rea de bombas.<\/p>\n<p>&nbsp;<\/p>\n<p> <\/p>\n<p>&nbsp;<\/p>\n<p>Pemex dijo que ya est\u00e1 teniendo la emergencia y est\u00e1 a la espera de emitir un informe oficial.<\/p>\n<p>&nbsp;<\/p>\n<p>Hasta el momento se desconoce si hay trabajadores afectados por el siniestro.<\/p>\n<p>&nbsp;<\/p>\n<p>Petr\u00f3leos Mexicanos activo el c\u00f3digo naranja que establece la llegada masiva a hospitales.<\/p>\n<p>&nbsp;<\/p>\n<p>De acuerdo a diversas publicaciones hechas en Twitter, el incendio habr\u00eda comenzado cerca de las 17:00 horas cuando se escuch\u00f3 un fuerte estruendo.<\/p>\n<p>&nbsp;<\/p>\n<p>Algunas personas han se\u00f1alado que el incendio ya est\u00e1 bajo control.<\/p>\n<p>&nbsp;<\/p>\n<p>(Publicada el 07\/04\/2021)<\/p>\n","protected":false},"excerpt":{"rendered":"<p>MINATITL\u00c1N, VERACRUZ. MX. \u2014 Usuarios de redes sociales reportaron la tarde de este mi\u00e9rcoles, el&#8230;<\/p>\n","protected":false},"author":1,"featured_media":110988,"comment_status":"open","ping_status":"open","sticky":false,"template":"","format":"standard","meta":{"_monsterinsights_skip_tracking":false,"_monsterinsights_sitenote_active":false,"_monsterinsights_sitenote_note":"","_monsterinsights_sitenote_category":0,"footnotes":""},"categories":[5],"tags":[],"class_list":["post"],"yoast_head":" \n<title>Sonora en Equipo. Se incendia refiner\u00eda de L\u00e1zaro C\u00e1rdenas en Minatitl\u00e1n, Veracruz Rep\u00fablica<\/title>\n<meta name=\"description\" content=\"MINATITL\u00c1N, VERACRUZ. MX. \u2014 Usuarios de redes sociales reportaron la tarde de este mi\u00e9rcoles, el inicio de un incendio en la refiner\u00eda de L\u00e1zaro Cardenas En Sonora en Equipo publicamos toda la informaci\u00f3n de Sonora, M\u00e9xico y el Mundo de manera oportuna y busca que la libertad de expresi\u00f3n sea real. Visita nuestro medio informativo publicado desde Hermosillo, Sonora. %\" \/>\n<meta name=\"robots\" content=\"index, follow, max-snippet:-1, max-image-preview:large, max-video-preview:-1\" \/>\n<link rel=\"canonical\" href=\"https:\/\/www.sonoraenequipo.com.mx\/se-incendia-refineria-de-lazaro-cardenas-en-minatitlan-veracruz\/\" \/>\n<meta property=\"og:locale\" content=\"es_ES\" \/>\n<meta property=\"og:type\" content=\"article\" \/>\n<meta property=\"og:title\" content=\"Sonora en Equipo. Se incendia refiner\u00eda de L\u00e1zaro C\u00e1rdenas en Minatitl\u00e1n, Veracruz Rep\u00fablica\" \/>\n<meta property=\"og:description\" content=\"MINATITL\u00c1N, VERACRUZ. MX. \u2014 Usuarios de redes sociales reportaron la tarde de este mi\u00e9rcoles, el inicio de un incendio en la refiner\u00eda de L\u00e1zaro Cardenas En Sonora en Equipo publicamos toda la informaci\u00f3n de Sonora, M\u00e9xico y el Mundo de manera oportuna y busca que la libertad de expresi\u00f3n sea real. Visita nuestro medio informativo publicado desde Hermosillo, Sonora. %\" \/>\n<meta property=\"og:url\" content=\"https:\/\/www.sonoraenequipo.com.mx\/se-incendia-refineria-de-lazaro-cardenas-en-minatitlan-veracruz\/\" \/>\n<meta property=\"og:site_name\" content=\"Sonora en Equipo.\" \/>\n<meta property=\"article:publisher\" content=\"https:\/\/www.facebook.com\/SonoraEE\/\" \/>\n<meta property=\"article:author\" content=\"https:\/\/www.facebook.com\/SonoraEE\" \/>\n<meta property=\"article:published_time\" content=\"2021-04-08T01:20:59+00:00\" \/>\n<meta property=\"og:image\" content=\"https:\/\/www.sonoraenequipo.com.mx\/storage\/2021\/04\/refineria-de-minatitlan_opt.jpg\" \/>\n\t<meta property=\"og:image:width\" content=\"710\" \/>\n\t<meta property=\"og:image:height\" content=\"400\" \/>\n\t<meta property=\"og:image:type\" content=\"image\/jpeg\" \/>\n<meta name=\"author\" content=\"enequipo\" \/>\n<meta name=\"twitter:card\" content=\"summary_large_image\" \/>\n<meta name=\"twitter:creator\" content=\"@sonoraenequipo\" \/>\n<meta name=\"twitter:site\" content=\"@sonoraenequipo\" \/>\n<meta name=\"twitter:label1\" content=\"Escrito por\" \/>\n\t<meta name=\"twitter:data1\" content=\"enequipo\" \/>\n\t<meta name=\"twitter:label2\" content=\"Tiempo de lectura\" \/>\n\t<meta name=\"twitter:data2\" content=\"1 minuto\" \/>\n<script type=\"application\/ld+json\" class=\"yoast-schema-graph\">{\"@context\":\"https:\/\/schema.org\",\"@graph\":[{\"@type\":\"Article\",\"@id\":\"https:\/\/www.sonoraenequipo.com.mx\/se-incendia-refineria-de-lazaro-cardenas-en-minatitlan-veracruz\/#article\",\"isPartOf\":{\"@id\":\"https:\/\/www.sonoraenequipo.com.mx\/se-incendia-refineria-de-lazaro-cardenas-en-minatitlan-veracruz\/\"},\"author\":{\"name\":\"enequipo\",\"@id\":\"https:\/\/www.sonoraenequipo.com.mx\/#\/schema\/person\/50102df0fb23a8fa9e8effad8fa81386\"},\"headline\":\"Se incendia refiner\u00eda de L\u00e1zaro C\u00e1rdenas en Minatitl\u00e1n, Veracruz\",\"datePublished\":\"2021-04-08T01:20:59+00:00\",\"mainEntityOfPage\":{\"@id\":\"https:\/\/www.sonoraenequipo.com.mx\/se-incendia-refineria-de-lazaro-cardenas-en-minatitlan-veracruz\/\"},\"wordCount\":142,\"commentCount\":0,\"publisher\":{\"@id\":\"https:\/\/www.sonoraenequipo.com.mx\/#organization\"},\"image\":{\"@id\":\"https:\/\/www.sonoraenequipo.com.mx\/se-incendia-refineria-de-lazaro-cardenas-en-minatitlan-veracruz\/#primaryimage\"},\"thumbnailUrl\":\"https:\/\/www.sonoraenequipo.com.mx\/storage\/2021\/04\/refineria-de-minatitlan_opt.jpg\",\"articleSection\":[\"Rep\u00fablica\"],\"inLanguage\":\"es\",\"potentialAction\":[{\"@type\":\"CommentAction\",\"name\":\"Comment\",\"target\":[\"https:\/\/www.sonoraenequipo.com.mx\/se-incendia-refineria-de-lazaro-cardenas-en-minatitlan-veracruz\/#respond\"]}]},{\"@type\":\"WebPage\",\"@id\":\"https:\/\/www.sonoraenequipo.com.mx\/se-incendia-refineria-de-lazaro-cardenas-en-minatitlan-veracruz\/\",\"url\":\"https:\/\/www.sonoraenequipo.com.mx\/se-incendia-refineria-de-lazaro-cardenas-en-minatitlan-veracruz\/\",\"name\":\"Sonora en Equipo. Se incendia refiner\u00eda de L\u00e1zaro C\u00e1rdenas en Minatitl\u00e1n, Veracruz Rep\u00fablica\",\"isPartOf\":{\"@id\":\"https:\/\/www.sonoraenequipo.com.mx\/#website\"},\"primaryImageOfPage\":{\"@id\":\"https:\/\/www.sonoraenequipo.com.mx\/se-incendia-refineria-de-lazaro-cardenas-en-minatitlan-veracruz\/#primaryimage\"},\"image\":{\"@id\":\"https:\/\/www.sonoraenequipo.com.mx\/se-incendia-refineria-de-lazaro-cardenas-en-minatitlan-veracruz\/#primaryimage\"},\"thumbnailUrl\":\"https:\/\/www.sonoraenequipo.com.mx\/storage\/2021\/04\/refineria-de-minatitlan_opt.jpg\",\"datePublished\":\"2021-04-08T01:20:59+00:00\",\"description\":\"MINATITL\u00c1N, VERACRUZ. MX. \u2014 Usuarios de redes sociales reportaron la tarde de este mi\u00e9rcoles, el inicio de un incendio en la refiner\u00eda de L\u00e1zaro Cardenas En Sonora en Equipo publicamos toda la informaci\u00f3n de Sonora, M\u00e9xico y el Mundo de manera oportuna y busca que la libertad de expresi\u00f3n sea real. Visita nuestro medio informativo publicado desde Hermosillo, Sonora. %\",\"breadcrumb\":{\"@id\":\"https:\/\/www.sonoraenequipo.com.mx\/se-incendia-refineria-de-lazaro-cardenas-en-minatitlan-veracruz\/#breadcrumb\"},\"inLanguage\":\"es\",\"potentialAction\":[{\"@type\":\"ReadAction\",\"target\":[\"https:\/\/www.sonoraenequipo.com.mx\/se-incendia-refineria-de-lazaro-cardenas-en-minatitlan-veracruz\/\"]}]},{\"@type\":\"ImageObject\",\"inLanguage\":\"es\",\"@id\":\"https:\/\/www.sonoraenequipo.com.mx\/se-incendia-refineria-de-lazaro-cardenas-en-minatitlan-veracruz\/#primaryimage\",\"url\":\"https:\/\/www.sonoraenequipo.com.mx\/storage\/2021\/04\/refineria-de-minatitlan_opt.jpg\",\"contentUrl\":\"https:\/\/www.sonoraenequipo.com.mx\/storage\/2021\/04\/refineria-de-minatitlan_opt.jpg\",\"width\":710,\"height\":400},{\"@type\":\"BreadcrumbList\",\"@id\":\"https:\/\/www.sonoraenequipo.com.mx\/se-incendia-refineria-de-lazaro-cardenas-en-minatitlan-veracruz\/#breadcrumb\",\"itemListElement\":[{\"@type\":\"ListItem\",\"position\":1,\"name\":\"Portada\",\"item\":\"https:\/\/www.sonoraenequipo.com.mx\/\"},{\"@type\":\"ListItem\",\"position\":2,\"name\":\"Se incendia refiner\u00eda de L\u00e1zaro C\u00e1rdenas en Minatitl\u00e1n, Veracruz\"}]},{\"@type\":\"WebSite\",\"@id\":\"https:\/\/www.sonoraenequipo.com.mx\/#website\",\"url\":\"https:\/\/www.sonoraenequipo.com.mx\/\",\"name\":\"Sonora en Equipo.\",\"description\":\"Diario en l\u00ednea con Noticias desde Hermosillo, Sonora\",\"publisher\":{\"@id\":\"https:\/\/www.sonoraenequipo.com.mx\/#organization\"},\"potentialAction\":[{\"@type\":\"SearchAction\",\"target\":{\"@type\":\"EntryPoint\",\"urlTemplate\":\"https:\/\/www.sonoraenequipo.com.mx\/?s={search_term_string}\"},\"query-input\":{\"@type\":\"PropertyValueSpecification\",\"valueRequired\":true,\"valueName\":\"search_term_string\"}}],\"inLanguage\":\"es\"},{\"@type\":\"Organization\",\"@id\":\"https:\/\/www.sonoraenequipo.com.mx\/#organization\",\"name\":\"Sonoraenequipo.com.mx\",\"url\":\"https:\/\/www.sonoraenequipo.com.mx\/\",\"logo\":{\"@type\":\"ImageObject\",\"inLanguage\":\"es\",\"@id\":\"https:\/\/www.sonoraenequipo.com.mx\/#\/schema\/logo\/image\/\",\"url\":\"https:\/\/www.sonoraenequipo.com.mx\/storage\/2019\/01\/sonoraenequipo_opt.png\",\"contentUrl\":\"https:\/\/www.sonoraenequipo.com.mx\/storage\/2019\/01\/sonoraenequipo_opt.png\",\"width\":375,\"height\":125,\"caption\":\"Sonoraenequipo.com.mx\"},\"image\":{\"@id\":\"https:\/\/www.sonoraenequipo.com.mx\/#\/schema\/logo\/image\/\"},\"sameAs\":[\"https:\/\/www.facebook.com\/SonoraEE\/\",\"https:\/\/x.com\/sonoraenequipo\",\"https:\/\/www.youtube.com\/channel\/UC338nW-lPEYmJQs4ZABQ1SQ\"]},{\"@type\":\"Person\",\"@id\":\"https:\/\/www.sonoraenequipo.com.mx\/#\/schema\/person\/50102df0fb23a8fa9e8effad8fa81386\",\"name\":\"enequipo\",\"image\":{\"@type\":\"ImageObject\",\"inLanguage\":\"es\",\"@id\":\"https:\/\/www.sonoraenequipo.com.mx\/#\/schema\/person\/image\/\",\"url\":\"https:\/\/secure.gravatar.com\/avatar\/049821681b589dabc0bc20695993ccebb09f5b5d4d790cd9251b97faac7c652b?s=96&d=blank&r=g\",\"contentUrl\":\"https:\/\/secure.gravatar.com\/avatar\/049821681b589dabc0bc20695993ccebb09f5b5d4d790cd9251b97faac7c652b?s=96&d=blank&r=g\",\"caption\":\"enequipo\"},\"sameAs\":[\"https:\/\/www.facebook.com\/SonoraEE\"]}]}<\/script>\n ","yoast_head_json":{"title":"Sonora en Equipo. Se incendia refiner\u00eda de L\u00e1zaro C\u00e1rdenas en Minatitl\u00e1n, Veracruz Rep\u00fablica","description":"MINATITL\u00c1N, VERACRUZ. MX. \u2014 Usuarios de redes sociales reportaron la tarde de este mi\u00e9rcoles, el inicio de un incendio en la refiner\u00eda de L\u00e1zaro Cardenas En Sonora en Equipo publicamos toda la informaci\u00f3n de Sonora, M\u00e9xico y el Mundo de manera oportuna y busca que la libertad de expresi\u00f3n sea real. Visita nuestro medio informativo publicado desde Hermosillo, Sonora. %","robots":{"index":"index","follow":"follow","max-snippet":"max-snippet:-1","max-image-preview":"max-image-preview:large","max-video-preview":"max-video-preview:-1"},"canonical":"https:\/\/www.sonoraenequipo.com.mx\/se-incendia-refineria-de-lazaro-cardenas-en-minatitlan-veracruz\/","og_locale":"es_ES","og_type":"article","og_title":"Sonora en Equipo. Se incendia refiner\u00eda de L\u00e1zaro C\u00e1rdenas en Minatitl\u00e1n, Veracruz Rep\u00fablica","og_description":"MINATITL\u00c1N, VERACRUZ. MX. \u2014 Usuarios de redes sociales reportaron la tarde de este mi\u00e9rcoles, el inicio de un incendio en la refiner\u00eda de L\u00e1zaro Cardenas En Sonora en Equipo publicamos toda la informaci\u00f3n de Sonora, M\u00e9xico y el Mundo de manera oportuna y busca que la libertad de expresi\u00f3n sea real. Visita nuestro medio informativo publicado desde Hermosillo, Sonora. %","og_url":"https:\/\/www.sonoraenequipo.com.mx\/se-incendia-refineria-de-lazaro-cardenas-en-minatitlan-veracruz\/","og_site_name":"Sonora en Equipo.","article_publisher":"https:\/\/www.facebook.com\/SonoraEE\/","article_author":"https:\/\/www.facebook.com\/SonoraEE","article_published_time":"2021-04-08T01:20:59+00:00","og_image":[{"width":710,"height":400,"url":"https:\/\/www.sonoraenequipo.com.mx\/storage\/2021\/04\/refineria-de-minatitlan_opt.jpg","type":"image\/jpeg"}],"author":"enequipo","twitter_card":"summary_large_image","twitter_creator":"@sonoraenequipo","twitter_site":"@sonoraenequipo","twitter_misc":{"Escrito por":"enequipo","Tiempo de lectura":"1 minuto"},"schema":{"@context":"https:\/\/schema.org","@graph":[{"@type":"Article","@id":"https:\/\/www.sonoraenequipo.com.mx\/se-incendia-refineria-de-lazaro-cardenas-en-minatitlan-veracruz\/#article","isPartOf":{"@id":"https:\/\/www.sonoraenequipo.com.mx\/se-incendia-refineria-de-lazaro-cardenas-en-minatitlan-veracruz\/"},"author":{"name":"enequipo","@id":"https:\/\/www.sonoraenequipo.com.mx\/#\/schema\/person\/50102df0fb23a8fa9e8effad8fa81386"},"headline":"Se incendia refiner\u00eda de L\u00e1zaro C\u00e1rdenas en Minatitl\u00e1n, Veracruz","datePublished":"2021-04-08T01:20:59+00:00","mainEntityOfPage":{"@id":"https:\/\/www.sonoraenequipo.com.mx\/se-incendia-refineria-de-lazaro-cardenas-en-minatitlan-veracruz\/"},"wordCount":142,"commentCount":0,"publisher":{"@id":"https:\/\/www.sonoraenequipo.com.mx\/#organization"},"image":{"@id":"https:\/\/www.sonoraenequipo.com.mx\/se-incendia-refineria-de-lazaro-cardenas-en-minatitlan-veracruz\/#primaryimage"},"thumbnailUrl":"https:\/\/www.sonoraenequipo.com.mx\/storage\/2021\/04\/refineria-de-minatitlan_opt.jpg","articleSection":["Rep\u00fablica"],"inLanguage":"es","potentialAction":[{"@type":"CommentAction","name":"Comment","target":["https:\/\/www.sonoraenequipo.com.mx\/se-incendia-refineria-de-lazaro-cardenas-en-minatitlan-veracruz\/#respond"]}]},{"@type":"WebPage","@id":"https:\/\/www.sonoraenequipo.com.mx\/se-incendia-refineria-de-lazaro-cardenas-en-minatitlan-veracruz\/","url":"https:\/\/www.sonoraenequipo.com.mx\/se-incendia-refineria-de-lazaro-cardenas-en-minatitlan-veracruz\/","name":"Sonora en Equipo. Se incendia refiner\u00eda de L\u00e1zaro C\u00e1rdenas en Minatitl\u00e1n, Veracruz Rep\u00fablica","isPartOf":{"@id":"https:\/\/www.sonoraenequipo.com.mx\/#website"},"primaryImageOfPage":{"@id":"https:\/\/www.sonoraenequipo.com.mx\/se-incendia-refineria-de-lazaro-cardenas-en-minatitlan-veracruz\/#primaryimage"},"image":{"@id":"https:\/\/www.sonoraenequipo.com.mx\/se-incendia-refineria-de-lazaro-cardenas-en-minatitlan-veracruz\/#primaryimage"},"thumbnailUrl":"https:\/\/www.sonoraenequipo.com.mx\/storage\/2021\/04\/refineria-de-minatitlan_opt.jpg","datePublished":"2021-04-08T01:20:59+00:00","description":"MINATITL\u00c1N, VERACRUZ. MX. \u2014 Usuarios de redes sociales reportaron la tarde de este mi\u00e9rcoles, el inicio de un incendio en la refiner\u00eda de L\u00e1zaro Cardenas En Sonora en Equipo publicamos toda la informaci\u00f3n de Sonora, M\u00e9xico y el Mundo de manera oportuna y busca que la libertad de expresi\u00f3n sea real. Visita nuestro medio informativo publicado desde Hermosillo, Sonora. %","breadcrumb":{"@id":"https:\/\/www.sonoraenequipo.com.mx\/se-incendia-refineria-de-lazaro-cardenas-en-minatitlan-veracruz\/#breadcrumb"},"inLanguage":"es","potentialAction":[{"@type":"ReadAction","target":["https:\/\/www.sonoraenequipo.com.mx\/se-incendia-refineria-de-lazaro-cardenas-en-minatitlan-veracruz\/"]}]},{"@type":"ImageObject","inLanguage":"es","@id":"https:\/\/www.sonoraenequipo.com.mx\/se-incendia-refineria-de-lazaro-cardenas-en-minatitlan-veracruz\/#primaryimage","url":"https:\/\/www.sonoraenequipo.com.mx\/storage\/2021\/04\/refineria-de-minatitlan_opt.jpg","contentUrl":"https:\/\/www.sonoraenequipo.com.mx\/storage\/2021\/04\/refineria-de-minatitlan_opt.jpg","width":710,"height":400},{"@type":"BreadcrumbList","@id":"https:\/\/www.sonoraenequipo.com.mx\/se-incendia-refineria-de-lazaro-cardenas-en-minatitlan-veracruz\/#breadcrumb","itemListElement":[{"@type":"ListItem","position":1,"name":"Portada","item":"https:\/\/www.sonoraenequipo.com.mx\/"},{"@type":"ListItem","position":2,"name":"Se incendia refiner\u00eda de L\u00e1zaro C\u00e1rdenas en Minatitl\u00e1n, Veracruz"}]},{"@type":"WebSite","@id":"https:\/\/www.sonoraenequipo.com.mx\/#website","url":"https:\/\/www.sonoraenequipo.com.mx\/","name":"Sonora en Equipo.","description":"Diario en l\u00ednea con Noticias desde Hermosillo, Sonora","publisher":{"@id":"https:\/\/www.sonoraenequipo.com.mx\/#organization"},"potentialAction":[{"@type":"SearchAction","target":{"@type":"EntryPoint","urlTemplate":"https:\/\/www.sonoraenequipo.com.mx\/?s={search_term_string}"},"query-input":{"@type":"PropertyValueSpecification","valueRequired":true,"valueName":"search_term_string"}}],"inLanguage":"es"},{"@type":"Organization","@id":"https:\/\/www.sonoraenequipo.com.mx\/#organization","name":"Sonoraenequipo.com.mx","url":"https:\/\/www.sonoraenequipo.com.mx\/","logo":{"@type":"ImageObject","inLanguage":"es","@id":"https:\/\/www.sonoraenequipo.com.mx\/#\/schema\/logo\/image\/","url":"https:\/\/www.sonoraenequipo.com.mx\/storage\/2019\/01\/sonoraenequipo_opt.png","contentUrl":"https:\/\/www.sonoraenequipo.com.mx\/storage\/2019\/01\/sonoraenequipo_opt.png","width":375,"height":125,"caption":"Sonoraenequipo.com.mx"},"image":{"@id":"https:\/\/www.sonoraenequipo.com.mx\/#\/schema\/logo\/image\/"},"sameAs":["https:\/\/www.facebook.com\/SonoraEE\/","https:\/\/x.com\/sonoraenequipo","https:\/\/www.youtube.com\/channel\/UC338nW-lPEYmJQs4ZABQ1SQ"]},{"@type":"Person","@id":"https:\/\/www.sonoraenequipo.com.mx\/#\/schema\/person\/50102df0fb23a8fa9e8effad8fa81386","name":"enequipo","image":{"@type":"ImageObject","inLanguage":"es","@id":"https:\/\/www.sonoraenequipo.com.mx\/#\/schema\/person\/image\/","url":"https:\/\/secure.gravatar.com\/avatar\/049821681b589dabc0bc20695993ccebb09f5b5d4d790cd9251b97faac7c652b?s=96&d=blank&r=g","contentUrl":"https:\/\/secure.gravatar.com\/avatar\/049821681b589dabc0bc20695993ccebb09f5b5d4d790cd9251b97faac7c652b?s=96&d=blank&r=g","caption":"enequipo"},"sameAs":["https:\/\/www.facebook.com\/SonoraEE"]}]}},"jetpack_featured_media_url":"https:\/\/www.sonoraenequipo.com.mx\/storage\/2021\/04\/refineria-de-minatitlan_opt.jpg","_links":{"self":[{"href":"https:\/\/www.sonoraenequipo.com.mx\/api\/wp\/v2\/posts\/110986","targetHints":{"allow":["GET"]}}],"collection":[{"href":"https:\/\/www.sonoraenequipo.com.mx\/api\/wp\/v2\/posts"}],"about":[{"href":"https:\/\/www.sonoraenequipo.com.mx\/api\/wp\/v2\/types\/post"}],"author":[{"embeddable":true,"href":"https:\/\/www.sonoraenequipo.com.mx\/api\/wp\/v2\/users\/1"}],"replies":[{"embeddable":true,"href":"https:\/\/www.sonoraenequipo.com.mx\/api\/wp\/v2\/comments?post=110986"}],"version-history":[{"count":1,"href":"https:\/\/www.sonoraenequipo.com.mx\/api\/wp\/v2\/posts\/110986\/revisions"}],"predecessor-version":[{"id":110989,"href":"https:\/\/www.sonoraenequipo.com.mx\/api\/wp\/v2\/posts\/110986\/revisions\/110989"}],"wp:featuredmedia":[{"embeddable":true,"href":"https:\/\/www.sonoraenequipo.com.mx\/api\/wp\/v2\/media\/110988"}],"wp:attachment":[{"href":"https:\/\/www.sonoraenequipo.com.mx\/api\/wp\/v2\/media?parent=110986"}],"wp:term":[{"taxonomy":"category","embeddable":true,"href":"https:\/\/www.sonoraenequipo.com.mx\/api\/wp\/v2\/categories?post=110986"},{"taxonomy":"post_tag","embeddable":true,"href":"https:\/\/www.sonoraenequipo.com.mx\/api\/wp\/v2\/tags?post=110986"}],"curies":[{"name":"wp","href":"https:\/\/api.w.org\/{rel}","templated":true}]}}