{"id":110987,"date":"2021-04-07T16:22:56","date_gmt":"2021-04-07T23:22:56","guid":{"rendered":"https:\/\/www.sonoraenequipo.com.mx\/?p=110987"},"modified":"2021-04-07T19:49:21","modified_gmt":"2021-04-08T02:49:21","slug":"llama-gobernadora-a-adultos-mayores-a-seguirse-cuidando-despues-de-la-vacunacion","status":"publish","type":"post","link":"https:\/\/www.sonoraenequipo.com.mx\/llama-gobernadora-a-adultos-mayores-a-seguirse-cuidando-despues-de-la-vacunacion\/","title":{"rendered":"Llama Gobernadora \u00a0a adultos mayores a seguirse cuidando despu\u00e9s de la vacunaci\u00f3n"},"content":{"rendered":"<p>\u25baEl esquema de protecci\u00f3n estar\u00e1 completo hasta la segunda dosis<\/p>\n<p>\u25baContin\u00faa supervisando aplicaci\u00f3n de vacuna contra COVID-19 en Hermosillo<\/p>\n<p>HERMOSILLO, SONORA,MX.\u2500\u2500 A seguir cuid\u00e1ndose y mantener los protocolos sanitarios establecidos a\u00fan cuando est\u00e1n recibiendo su primera dosis de vacuna, ya que el esquema de protecci\u00f3n estar\u00e1 completo hasta que reciban la segunda, llam\u00f3 Gobernadora Claudia Pavlovich Arellano a los adultos mayores, en su recorrido de supervisi\u00f3n del proceso de la aplicaci\u00f3n de la vacuna AstraZeneca contra COVID-19 en su segundo d\u00eda en Hermosillo.<\/p>\n<p>&nbsp;<\/p>\n<p>La mandataria estatal acudi\u00f3 a la sede instalada en la Escuela Primaria Melchor Ocampo en la colonia Eusebio Kino, al norte de la capital sonorense, donde pudo constatar la correcta aplicaci\u00f3n del biol\u00f3gico, conocer el testimonio de voz propia de los adultos mayores que acudieron a recibir la vacuna AstraZeneca, as\u00ed como platicar con enfermeras y personal encargado del proceso de vacunaci\u00f3n.<\/p>\n<p>&nbsp;<\/p>\n<p>La gobernadora Pavlovich pidi\u00f3 a adultos mayores seguir cuid\u00e1ndose y respetar los protocolos sanitarios, a\u00fan despu\u00e9s de recibir su vacuna, ya que aun falta una segunda dosis y, sin embargo, despu\u00e9s de la segunda aplicaci\u00f3n deber\u00e1n seguir cuidando su salud con la misma responsabilidad como hasta ahora.<\/p>\n<p>&nbsp;<\/p>\n<p>Agreg\u00f3 que en la primera jornada se vacun\u00f3 a un total de 19 mil 492 adultos mayores de 75 a\u00f1os que acudieron a los 32 puntos de vacunaci\u00f3n en Hermosillo, por lo que reconoci\u00f3 la labor y coordinaci\u00f3n del personal de la Secretar\u00eda de Salud, del IMSS, Issste, Isssteson, Guardia Nacional, Secretar\u00eda de Bienestar y voluntarios.<\/p>\n<p>&nbsp;<\/p>\n<p>La titular del Ejecutivo Estatal detall\u00f3 que dentro de los 32 puntos de vacunaci\u00f3n en Hermosillo, se tienen dos sedes de vacunaci\u00f3n por autom\u00f3vil, a los cuales pueden acudir los adultos mayores con dificultades motrices, acorde a su d\u00eda, edad y por orden alfab\u00e9tico; este mi\u00e9rcoles se vacun\u00f3 a personas de 70 a 74 a\u00f1os; el jueves ser\u00e1 a personas de 65 a 69 a\u00f1os y el viernes a quienes tienen entre 60 y 64 a\u00f1os.<\/p>\n<p>Fecha de publicaci\u00f3n \u00a0\u00a0mi\u00e9rcoles\/ 7 \/abril \/ 2021<\/p>\n<p>&nbsp;<\/p>\n","protected":false},"excerpt":{"rendered":"<p>\u25baEl esquema de protecci\u00f3n estar\u00e1 completo hasta la segunda dosis \u25baContin\u00faa supervisando aplicaci\u00f3n de vacuna&#8230;<\/p>\n","protected":false},"author":1,"featured_media":110991,"comment_status":"open","ping_status":"open","sticky":false,"template":"","format":"standard","meta":{"_monsterinsights_skip_tracking":false,"_monsterinsights_sitenote_active":false,"_monsterinsights_sitenote_note":"","_monsterinsights_sitenote_category":0,"footnotes":""},"categories":[22],"tags":[4249,15],"class_list":["post"],"yoast_head":" \n<title>Sonora en Equipo. Llama Gobernadora \u00a0a adultos mayores a seguirse cuidando despu\u00e9s de la vacunaci\u00f3n Sonora<\/title>\n<meta name=\"description\" content=\"\u25baEl esquema de protecci\u00f3n estar\u00e1 completo hasta la segunda dosis \u25baContin\u00faa supervisando aplicaci\u00f3n de vacuna contra COVID-19 en Hermosillo HERMOSILLO, En Sonora en Equipo publicamos toda la informaci\u00f3n de Sonora, M\u00e9xico y el Mundo de manera oportuna y busca que la libertad de expresi\u00f3n sea real. Visita nuestro medio informativo publicado desde Hermosillo, Sonora. %\" \/>\n<meta name=\"robots\" content=\"index, follow, max-snippet:-1, max-image-preview:large, max-video-preview:-1\" \/>\n<link rel=\"canonical\" href=\"https:\/\/www.sonoraenequipo.com.mx\/llama-gobernadora-a-adultos-mayores-a-seguirse-cuidando-despues-de-la-vacunacion\/\" \/>\n<meta property=\"og:locale\" content=\"es_ES\" \/>\n<meta property=\"og:type\" content=\"article\" \/>\n<meta property=\"og:title\" content=\"Sonora en Equipo. Llama Gobernadora \u00a0a adultos mayores a seguirse cuidando despu\u00e9s de la vacunaci\u00f3n Sonora\" \/>\n<meta property=\"og:description\" content=\"\u25baEl esquema de protecci\u00f3n estar\u00e1 completo hasta la segunda dosis \u25baContin\u00faa supervisando aplicaci\u00f3n de vacuna contra COVID-19 en Hermosillo HERMOSILLO, En Sonora en Equipo publicamos toda la informaci\u00f3n de Sonora, M\u00e9xico y el Mundo de manera oportuna y busca que la libertad de expresi\u00f3n sea real. Visita nuestro medio informativo publicado desde Hermosillo, Sonora. %\" \/>\n<meta property=\"og:url\" content=\"https:\/\/www.sonoraenequipo.com.mx\/llama-gobernadora-a-adultos-mayores-a-seguirse-cuidando-despues-de-la-vacunacion\/\" \/>\n<meta property=\"og:site_name\" content=\"Sonora en Equipo.\" \/>\n<meta property=\"article:publisher\" content=\"https:\/\/www.facebook.com\/SonoraEE\/\" \/>\n<meta property=\"article:author\" content=\"https:\/\/www.facebook.com\/SonoraEE\" \/>\n<meta property=\"article:published_time\" content=\"2021-04-07T23:22:56+00:00\" \/>\n<meta property=\"article:modified_time\" content=\"2021-04-08T02:49:21+00:00\" \/>\n<meta property=\"og:image\" content=\"https:\/\/www.sonoraenequipo.com.mx\/storage\/2021\/04\/cpa070421.jpg\" \/>\n\t<meta property=\"og:image:width\" content=\"500\" \/>\n\t<meta property=\"og:image:height\" content=\"333\" \/>\n\t<meta property=\"og:image:type\" content=\"image\/jpeg\" \/>\n<meta name=\"author\" content=\"enequipo\" \/>\n<meta name=\"twitter:card\" content=\"summary_large_image\" \/>\n<meta name=\"twitter:creator\" content=\"@sonoraenequipo\" \/>\n<meta name=\"twitter:site\" content=\"@sonoraenequipo\" \/>\n<meta name=\"twitter:label1\" content=\"Escrito por\" \/>\n\t<meta name=\"twitter:data1\" content=\"enequipo\" \/>\n\t<meta name=\"twitter:label2\" content=\"Tiempo de lectura\" \/>\n\t<meta name=\"twitter:data2\" content=\"2 minutos\" \/>\n<script type=\"application\/ld+json\" class=\"yoast-schema-graph\">{\"@context\":\"https:\/\/schema.org\",\"@graph\":[{\"@type\":\"Article\",\"@id\":\"https:\/\/www.sonoraenequipo.com.mx\/llama-gobernadora-a-adultos-mayores-a-seguirse-cuidando-despues-de-la-vacunacion\/#article\",\"isPartOf\":{\"@id\":\"https:\/\/www.sonoraenequipo.com.mx\/llama-gobernadora-a-adultos-mayores-a-seguirse-cuidando-despues-de-la-vacunacion\/\"},\"author\":{\"name\":\"enequipo\",\"@id\":\"https:\/\/www.sonoraenequipo.com.mx\/#\/schema\/person\/50102df0fb23a8fa9e8effad8fa81386\"},\"headline\":\"Llama Gobernadora \u00a0a adultos mayores a seguirse cuidando despu\u00e9s de la vacunaci\u00f3n\",\"datePublished\":\"2021-04-07T23:22:56+00:00\",\"dateModified\":\"2021-04-08T02:49:21+00:00\",\"mainEntityOfPage\":{\"@id\":\"https:\/\/www.sonoraenequipo.com.mx\/llama-gobernadora-a-adultos-mayores-a-seguirse-cuidando-despues-de-la-vacunacion\/\"},\"wordCount\":373,\"commentCount\":0,\"publisher\":{\"@id\":\"https:\/\/www.sonoraenequipo.com.mx\/#organization\"},\"image\":{\"@id\":\"https:\/\/www.sonoraenequipo.com.mx\/llama-gobernadora-a-adultos-mayores-a-seguirse-cuidando-despues-de-la-vacunacion\/#primaryimage\"},\"thumbnailUrl\":\"https:\/\/www.sonoraenequipo.com.mx\/storage\/2021\/04\/cpa070421.jpg\",\"keywords\":[\"covid\",\"Sonora\"],\"articleSection\":[\"Sonora\"],\"inLanguage\":\"es\",\"potentialAction\":[{\"@type\":\"CommentAction\",\"name\":\"Comment\",\"target\":[\"https:\/\/www.sonoraenequipo.com.mx\/llama-gobernadora-a-adultos-mayores-a-seguirse-cuidando-despues-de-la-vacunacion\/#respond\"]}]},{\"@type\":\"WebPage\",\"@id\":\"https:\/\/www.sonoraenequipo.com.mx\/llama-gobernadora-a-adultos-mayores-a-seguirse-cuidando-despues-de-la-vacunacion\/\",\"url\":\"https:\/\/www.sonoraenequipo.com.mx\/llama-gobernadora-a-adultos-mayores-a-seguirse-cuidando-despues-de-la-vacunacion\/\",\"name\":\"Sonora en Equipo. Llama Gobernadora \u00a0a adultos mayores a seguirse cuidando despu\u00e9s de la vacunaci\u00f3n Sonora\",\"isPartOf\":{\"@id\":\"https:\/\/www.sonoraenequipo.com.mx\/#website\"},\"primaryImageOfPage\":{\"@id\":\"https:\/\/www.sonoraenequipo.com.mx\/llama-gobernadora-a-adultos-mayores-a-seguirse-cuidando-despues-de-la-vacunacion\/#primaryimage\"},\"image\":{\"@id\":\"https:\/\/www.sonoraenequipo.com.mx\/llama-gobernadora-a-adultos-mayores-a-seguirse-cuidando-despues-de-la-vacunacion\/#primaryimage\"},\"thumbnailUrl\":\"https:\/\/www.sonoraenequipo.com.mx\/storage\/2021\/04\/cpa070421.jpg\",\"datePublished\":\"2021-04-07T23:22:56+00:00\",\"dateModified\":\"2021-04-08T02:49:21+00:00\",\"description\":\"\u25baEl esquema de protecci\u00f3n estar\u00e1 completo hasta la segunda dosis \u25baContin\u00faa supervisando aplicaci\u00f3n de vacuna contra COVID-19 en Hermosillo HERMOSILLO, En Sonora en Equipo publicamos toda la informaci\u00f3n de Sonora, M\u00e9xico y el Mundo de manera oportuna y busca que la libertad de expresi\u00f3n sea real. Visita nuestro medio informativo publicado desde Hermosillo, Sonora. %\",\"breadcrumb\":{\"@id\":\"https:\/\/www.sonoraenequipo.com.mx\/llama-gobernadora-a-adultos-mayores-a-seguirse-cuidando-despues-de-la-vacunacion\/#breadcrumb\"},\"inLanguage\":\"es\",\"potentialAction\":[{\"@type\":\"ReadAction\",\"target\":[\"https:\/\/www.sonoraenequipo.com.mx\/llama-gobernadora-a-adultos-mayores-a-seguirse-cuidando-despues-de-la-vacunacion\/\"]}]},{\"@type\":\"ImageObject\",\"inLanguage\":\"es\",\"@id\":\"https:\/\/www.sonoraenequipo.com.mx\/llama-gobernadora-a-adultos-mayores-a-seguirse-cuidando-despues-de-la-vacunacion\/#primaryimage\",\"url\":\"https:\/\/www.sonoraenequipo.com.mx\/storage\/2021\/04\/cpa070421.jpg\",\"contentUrl\":\"https:\/\/www.sonoraenequipo.com.mx\/storage\/2021\/04\/cpa070421.jpg\",\"width\":500,\"height\":333},{\"@type\":\"BreadcrumbList\",\"@id\":\"https:\/\/www.sonoraenequipo.com.mx\/llama-gobernadora-a-adultos-mayores-a-seguirse-cuidando-despues-de-la-vacunacion\/#breadcrumb\",\"itemListElement\":[{\"@type\":\"ListItem\",\"position\":1,\"name\":\"Portada\",\"item\":\"https:\/\/www.sonoraenequipo.com.mx\/\"},{\"@type\":\"ListItem\",\"position\":2,\"name\":\"Llama Gobernadora \u00a0a adultos mayores a seguirse cuidando despu\u00e9s de la vacunaci\u00f3n\"}]},{\"@type\":\"WebSite\",\"@id\":\"https:\/\/www.sonoraenequipo.com.mx\/#website\",\"url\":\"https:\/\/www.sonoraenequipo.com.mx\/\",\"name\":\"Sonora en Equipo.\",\"description\":\"Diario en l\u00ednea con Noticias desde Hermosillo, Sonora\",\"publisher\":{\"@id\":\"https:\/\/www.sonoraenequipo.com.mx\/#organization\"},\"potentialAction\":[{\"@type\":\"SearchAction\",\"target\":{\"@type\":\"EntryPoint\",\"urlTemplate\":\"https:\/\/www.sonoraenequipo.com.mx\/?s={search_term_string}\"},\"query-input\":{\"@type\":\"PropertyValueSpecification\",\"valueRequired\":true,\"valueName\":\"search_term_string\"}}],\"inLanguage\":\"es\"},{\"@type\":\"Organization\",\"@id\":\"https:\/\/www.sonoraenequipo.com.mx\/#organization\",\"name\":\"Sonoraenequipo.com.mx\",\"url\":\"https:\/\/www.sonoraenequipo.com.mx\/\",\"logo\":{\"@type\":\"ImageObject\",\"inLanguage\":\"es\",\"@id\":\"https:\/\/www.sonoraenequipo.com.mx\/#\/schema\/logo\/image\/\",\"url\":\"https:\/\/www.sonoraenequipo.com.mx\/storage\/2019\/01\/sonoraenequipo_opt.png\",\"contentUrl\":\"https:\/\/www.sonoraenequipo.com.mx\/storage\/2019\/01\/sonoraenequipo_opt.png\",\"width\":375,\"height\":125,\"caption\":\"Sonoraenequipo.com.mx\"},\"image\":{\"@id\":\"https:\/\/www.sonoraenequipo.com.mx\/#\/schema\/logo\/image\/\"},\"sameAs\":[\"https:\/\/www.facebook.com\/SonoraEE\/\",\"https:\/\/x.com\/sonoraenequipo\",\"https:\/\/www.youtube.com\/channel\/UC338nW-lPEYmJQs4ZABQ1SQ\"]},{\"@type\":\"Person\",\"@id\":\"https:\/\/www.sonoraenequipo.com.mx\/#\/schema\/person\/50102df0fb23a8fa9e8effad8fa81386\",\"name\":\"enequipo\",\"image\":{\"@type\":\"ImageObject\",\"inLanguage\":\"es\",\"@id\":\"https:\/\/www.sonoraenequipo.com.mx\/#\/schema\/person\/image\/\",\"url\":\"https:\/\/secure.gravatar.com\/avatar\/049821681b589dabc0bc20695993ccebb09f5b5d4d790cd9251b97faac7c652b?s=96&d=blank&r=g\",\"contentUrl\":\"https:\/\/secure.gravatar.com\/avatar\/049821681b589dabc0bc20695993ccebb09f5b5d4d790cd9251b97faac7c652b?s=96&d=blank&r=g\",\"caption\":\"enequipo\"},\"sameAs\":[\"https:\/\/www.facebook.com\/SonoraEE\"]}]}<\/script>\n ","yoast_head_json":{"title":"Sonora en Equipo. Llama Gobernadora \u00a0a adultos mayores a seguirse cuidando despu\u00e9s de la vacunaci\u00f3n Sonora","description":"\u25baEl esquema de protecci\u00f3n estar\u00e1 completo hasta la segunda dosis \u25baContin\u00faa supervisando aplicaci\u00f3n de vacuna contra COVID-19 en Hermosillo HERMOSILLO, En Sonora en Equipo publicamos toda la informaci\u00f3n de Sonora, M\u00e9xico y el Mundo de manera oportuna y busca que la libertad de expresi\u00f3n sea real. Visita nuestro medio informativo publicado desde Hermosillo, Sonora. %","robots":{"index":"index","follow":"follow","max-snippet":"max-snippet:-1","max-image-preview":"max-image-preview:large","max-video-preview":"max-video-preview:-1"},"canonical":"https:\/\/www.sonoraenequipo.com.mx\/llama-gobernadora-a-adultos-mayores-a-seguirse-cuidando-despues-de-la-vacunacion\/","og_locale":"es_ES","og_type":"article","og_title":"Sonora en Equipo. Llama Gobernadora \u00a0a adultos mayores a seguirse cuidando despu\u00e9s de la vacunaci\u00f3n Sonora","og_description":"\u25baEl esquema de protecci\u00f3n estar\u00e1 completo hasta la segunda dosis \u25baContin\u00faa supervisando aplicaci\u00f3n de vacuna contra COVID-19 en Hermosillo HERMOSILLO, En Sonora en Equipo publicamos toda la informaci\u00f3n de Sonora, M\u00e9xico y el Mundo de manera oportuna y busca que la libertad de expresi\u00f3n sea real. Visita nuestro medio informativo publicado desde Hermosillo, Sonora. %","og_url":"https:\/\/www.sonoraenequipo.com.mx\/llama-gobernadora-a-adultos-mayores-a-seguirse-cuidando-despues-de-la-vacunacion\/","og_site_name":"Sonora en Equipo.","article_publisher":"https:\/\/www.facebook.com\/SonoraEE\/","article_author":"https:\/\/www.facebook.com\/SonoraEE","article_published_time":"2021-04-07T23:22:56+00:00","article_modified_time":"2021-04-08T02:49:21+00:00","og_image":[{"width":500,"height":333,"url":"https:\/\/www.sonoraenequipo.com.mx\/storage\/2021\/04\/cpa070421.jpg","type":"image\/jpeg"}],"author":"enequipo","twitter_card":"summary_large_image","twitter_creator":"@sonoraenequipo","twitter_site":"@sonoraenequipo","twitter_misc":{"Escrito por":"enequipo","Tiempo de lectura":"2 minutos"},"schema":{"@context":"https:\/\/schema.org","@graph":[{"@type":"Article","@id":"https:\/\/www.sonoraenequipo.com.mx\/llama-gobernadora-a-adultos-mayores-a-seguirse-cuidando-despues-de-la-vacunacion\/#article","isPartOf":{"@id":"https:\/\/www.sonoraenequipo.com.mx\/llama-gobernadora-a-adultos-mayores-a-seguirse-cuidando-despues-de-la-vacunacion\/"},"author":{"name":"enequipo","@id":"https:\/\/www.sonoraenequipo.com.mx\/#\/schema\/person\/50102df0fb23a8fa9e8effad8fa81386"},"headline":"Llama Gobernadora \u00a0a adultos mayores a seguirse cuidando despu\u00e9s de la vacunaci\u00f3n","datePublished":"2021-04-07T23:22:56+00:00","dateModified":"2021-04-08T02:49:21+00:00","mainEntityOfPage":{"@id":"https:\/\/www.sonoraenequipo.com.mx\/llama-gobernadora-a-adultos-mayores-a-seguirse-cuidando-despues-de-la-vacunacion\/"},"wordCount":373,"commentCount":0,"publisher":{"@id":"https:\/\/www.sonoraenequipo.com.mx\/#organization"},"image":{"@id":"https:\/\/www.sonoraenequipo.com.mx\/llama-gobernadora-a-adultos-mayores-a-seguirse-cuidando-despues-de-la-vacunacion\/#primaryimage"},"thumbnailUrl":"https:\/\/www.sonoraenequipo.com.mx\/storage\/2021\/04\/cpa070421.jpg","keywords":["covid","Sonora"],"articleSection":["Sonora"],"inLanguage":"es","potentialAction":[{"@type":"CommentAction","name":"Comment","target":["https:\/\/www.sonoraenequipo.com.mx\/llama-gobernadora-a-adultos-mayores-a-seguirse-cuidando-despues-de-la-vacunacion\/#respond"]}]},{"@type":"WebPage","@id":"https:\/\/www.sonoraenequipo.com.mx\/llama-gobernadora-a-adultos-mayores-a-seguirse-cuidando-despues-de-la-vacunacion\/","url":"https:\/\/www.sonoraenequipo.com.mx\/llama-gobernadora-a-adultos-mayores-a-seguirse-cuidando-despues-de-la-vacunacion\/","name":"Sonora en Equipo. Llama Gobernadora \u00a0a adultos mayores a seguirse cuidando despu\u00e9s de la vacunaci\u00f3n Sonora","isPartOf":{"@id":"https:\/\/www.sonoraenequipo.com.mx\/#website"},"primaryImageOfPage":{"@id":"https:\/\/www.sonoraenequipo.com.mx\/llama-gobernadora-a-adultos-mayores-a-seguirse-cuidando-despues-de-la-vacunacion\/#primaryimage"},"image":{"@id":"https:\/\/www.sonoraenequipo.com.mx\/llama-gobernadora-a-adultos-mayores-a-seguirse-cuidando-despues-de-la-vacunacion\/#primaryimage"},"thumbnailUrl":"https:\/\/www.sonoraenequipo.com.mx\/storage\/2021\/04\/cpa070421.jpg","datePublished":"2021-04-07T23:22:56+00:00","dateModified":"2021-04-08T02:49:21+00:00","description":"\u25baEl esquema de protecci\u00f3n estar\u00e1 completo hasta la segunda dosis \u25baContin\u00faa supervisando aplicaci\u00f3n de vacuna contra COVID-19 en Hermosillo HERMOSILLO, En Sonora en Equipo publicamos toda la informaci\u00f3n de Sonora, M\u00e9xico y el Mundo de manera oportuna y busca que la libertad de expresi\u00f3n sea real. Visita nuestro medio informativo publicado desde Hermosillo, Sonora. %","breadcrumb":{"@id":"https:\/\/www.sonoraenequipo.com.mx\/llama-gobernadora-a-adultos-mayores-a-seguirse-cuidando-despues-de-la-vacunacion\/#breadcrumb"},"inLanguage":"es","potentialAction":[{"@type":"ReadAction","target":["https:\/\/www.sonoraenequipo.com.mx\/llama-gobernadora-a-adultos-mayores-a-seguirse-cuidando-despues-de-la-vacunacion\/"]}]},{"@type":"ImageObject","inLanguage":"es","@id":"https:\/\/www.sonoraenequipo.com.mx\/llama-gobernadora-a-adultos-mayores-a-seguirse-cuidando-despues-de-la-vacunacion\/#primaryimage","url":"https:\/\/www.sonoraenequipo.com.mx\/storage\/2021\/04\/cpa070421.jpg","contentUrl":"https:\/\/www.sonoraenequipo.com.mx\/storage\/2021\/04\/cpa070421.jpg","width":500,"height":333},{"@type":"BreadcrumbList","@id":"https:\/\/www.sonoraenequipo.com.mx\/llama-gobernadora-a-adultos-mayores-a-seguirse-cuidando-despues-de-la-vacunacion\/#breadcrumb","itemListElement":[{"@type":"ListItem","position":1,"name":"Portada","item":"https:\/\/www.sonoraenequipo.com.mx\/"},{"@type":"ListItem","position":2,"name":"Llama Gobernadora \u00a0a adultos mayores a seguirse cuidando despu\u00e9s de la vacunaci\u00f3n"}]},{"@type":"WebSite","@id":"https:\/\/www.sonoraenequipo.com.mx\/#website","url":"https:\/\/www.sonoraenequipo.com.mx\/","name":"Sonora en Equipo.","description":"Diario en l\u00ednea con Noticias desde Hermosillo, Sonora","publisher":{"@id":"https:\/\/www.sonoraenequipo.com.mx\/#organization"},"potentialAction":[{"@type":"SearchAction","target":{"@type":"EntryPoint","urlTemplate":"https:\/\/www.sonoraenequipo.com.mx\/?s={search_term_string}"},"query-input":{"@type":"PropertyValueSpecification","valueRequired":true,"valueName":"search_term_string"}}],"inLanguage":"es"},{"@type":"Organization","@id":"https:\/\/www.sonoraenequipo.com.mx\/#organization","name":"Sonoraenequipo.com.mx","url":"https:\/\/www.sonoraenequipo.com.mx\/","logo":{"@type":"ImageObject","inLanguage":"es","@id":"https:\/\/www.sonoraenequipo.com.mx\/#\/schema\/logo\/image\/","url":"https:\/\/www.sonoraenequipo.com.mx\/storage\/2019\/01\/sonoraenequipo_opt.png","contentUrl":"https:\/\/www.sonoraenequipo.com.mx\/storage\/2019\/01\/sonoraenequipo_opt.png","width":375,"height":125,"caption":"Sonoraenequipo.com.mx"},"image":{"@id":"https:\/\/www.sonoraenequipo.com.mx\/#\/schema\/logo\/image\/"},"sameAs":["https:\/\/www.facebook.com\/SonoraEE\/","https:\/\/x.com\/sonoraenequipo","https:\/\/www.youtube.com\/channel\/UC338nW-lPEYmJQs4ZABQ1SQ"]},{"@type":"Person","@id":"https:\/\/www.sonoraenequipo.com.mx\/#\/schema\/person\/50102df0fb23a8fa9e8effad8fa81386","name":"enequipo","image":{"@type":"ImageObject","inLanguage":"es","@id":"https:\/\/www.sonoraenequipo.com.mx\/#\/schema\/person\/image\/","url":"https:\/\/secure.gravatar.com\/avatar\/049821681b589dabc0bc20695993ccebb09f5b5d4d790cd9251b97faac7c652b?s=96&d=blank&r=g","contentUrl":"https:\/\/secure.gravatar.com\/avatar\/049821681b589dabc0bc20695993ccebb09f5b5d4d790cd9251b97faac7c652b?s=96&d=blank&r=g","caption":"enequipo"},"sameAs":["https:\/\/www.facebook.com\/SonoraEE"]}]}},"jetpack_featured_media_url":"https:\/\/www.sonoraenequipo.com.mx\/storage\/2021\/04\/cpa070421.jpg","_links":{"self":[{"href":"https:\/\/www.sonoraenequipo.com.mx\/api\/wp\/v2\/posts\/110987","targetHints":{"allow":["GET"]}}],"collection":[{"href":"https:\/\/www.sonoraenequipo.com.mx\/api\/wp\/v2\/posts"}],"about":[{"href":"https:\/\/www.sonoraenequipo.com.mx\/api\/wp\/v2\/types\/post"}],"author":[{"embeddable":true,"href":"https:\/\/www.sonoraenequipo.com.mx\/api\/wp\/v2\/users\/1"}],"replies":[{"embeddable":true,"href":"https:\/\/www.sonoraenequipo.com.mx\/api\/wp\/v2\/comments?post=110987"}],"version-history":[{"count":1,"href":"https:\/\/www.sonoraenequipo.com.mx\/api\/wp\/v2\/posts\/110987\/revisions"}],"predecessor-version":[{"id":110992,"href":"https:\/\/www.sonoraenequipo.com.mx\/api\/wp\/v2\/posts\/110987\/revisions\/110992"}],"wp:featuredmedia":[{"embeddable":true,"href":"https:\/\/www.sonoraenequipo.com.mx\/api\/wp\/v2\/media\/110991"}],"wp:attachment":[{"href":"https:\/\/www.sonoraenequipo.com.mx\/api\/wp\/v2\/media?parent=110987"}],"wp:term":[{"taxonomy":"category","embeddable":true,"href":"https:\/\/www.sonoraenequipo.com.mx\/api\/wp\/v2\/categories?post=110987"},{"taxonomy":"post_tag","embeddable":true,"href":"https:\/\/www.sonoraenequipo.com.mx\/api\/wp\/v2\/tags?post=110987"}],"curies":[{"name":"wp","href":"https:\/\/api.w.org\/{rel}","templated":true}]}}