{"id":110995,"date":"2021-04-07T19:15:00","date_gmt":"2021-04-08T02:15:00","guid":{"rendered":"https:\/\/www.sonoraenequipo.com.mx\/?p=110995"},"modified":"2021-04-07T19:47:07","modified_gmt":"2021-04-08T02:47:07","slug":"pemex-confirma-6-heridos-por-incendio-en-la-refineria-lazaro-cardenas-en-minatitlan-veracruz","status":"publish","type":"post","link":"https:\/\/www.sonoraenequipo.com.mx\/pemex-confirma-6-heridos-por-incendio-en-la-refineria-lazaro-cardenas-en-minatitlan-veracruz\/","title":{"rendered":"Pemex confirma 6 heridos por incendio en la refiner\u00eda L\u00e1zaro C\u00e1rdenas en Minatitl\u00e1n, Veracruz"},"content":{"rendered":"<p>MINATITL\u00c1N, VERACRUZ.MX. \u2014 Tras la explosi\u00f3n e incendio registrado en la refiner\u00eda L\u00e1zaro C\u00e1rdenas en Minatitl\u00e1n, Petr\u00f3leos Mexicanos (Pemex) confirm\u00f3 que no existen trabajadores fallecidos ni heridos de gravedad.<\/p>\n<p>&nbsp;<\/p>\n<p> <\/p>\n<p>&nbsp;<\/p>\n<p><em>\u00abPersonal especializado de Pemex atiende un incendio en la casa de bombas de transferencia de la refiner\u00eda Gral. L\u00e1zaro C\u00e1rdenas de Minatitl\u00e1n, Veracruz. Hasta el momento se no reportan fallecidos ni heridos de gravedad\u00bb,<\/em> cit\u00f3 la paraestatal a trav\u00e9s de su cuenta de twitter.<\/p>\n<p>&nbsp;<\/p>\n<p>La empresa del Estado confirm\u00f3 de igual forma que el incendio se dio en el \u00e1rea de bombas de la refiner\u00eda General L\u00e1zaro C\u00e1rdenas, por lo que el \u00e1rea de transferencia de la refiner\u00eda qued\u00f3 fuera de operaci\u00f3n totalmente.<\/p>\n<p>&nbsp;<\/p>\n<p>El director ejecutivo de la Agencia de Seguridad, Energ\u00eda y Ambiente (ASEA) del Sector Hidrocarburos, el ingeniero, \u00c1ngel Carrizales, inform\u00f3 en su cuenta de Twitter que el incendio en la refiner\u00eda L\u00e1zaro C\u00e1rdenas en Minatitl\u00e1n, se origin\u00f3 en la bomba de transferencia de gasolina.<\/p>\n<p><a class=\"twitter-timeline\" data-width=\"640\" data-height=\"960\" data-dnt=\"true\" href=\"https:\/\/twitter.com\/Pemex?ref_src=twsrc%5Etfw\">Tweets by Pemex<\/a><script async src=\"https:\/\/platform.twitter.com\/widgets.js\" charset=\"utf-8\"><\/script><\/p>\n<p>El incendio se encuentra confinado y controlado.<\/p>\n<p>&nbsp;<\/p>\n<p>(Publicada el 07\/04\/2021)<\/p>\n<p>&nbsp;<\/p>\n<p>&nbsp;<\/p>\n","protected":false},"excerpt":{"rendered":"<p>MINATITL\u00c1N, VERACRUZ.MX. \u2014 Tras la explosi\u00f3n e incendio registrado en la refiner\u00eda L\u00e1zaro C\u00e1rdenas en&#8230;<\/p>\n","protected":false},"author":1,"featured_media":111002,"comment_status":"open","ping_status":"open","sticky":false,"template":"","format":"standard","meta":{"_monsterinsights_skip_tracking":false,"_monsterinsights_sitenote_active":false,"_monsterinsights_sitenote_note":"","_monsterinsights_sitenote_category":0,"footnotes":""},"categories":[5],"tags":[],"class_list":["post"],"yoast_head":" \n<title>Sonora en Equipo. Pemex confirma 6 heridos por incendio en la refiner\u00eda L\u00e1zaro C\u00e1rdenas en Minatitl\u00e1n, Veracruz Rep\u00fablica<\/title>\n<meta name=\"description\" content=\"MINATITL\u00c1N, VERACRUZ.MX. \u2014 Tras la explosi\u00f3n e incendio registrado en la refiner\u00eda L\u00e1zaro C\u00e1rdenas en Minatitl\u00e1n, Petr\u00f3leos Mexicanos (Pemex) confirm\u00f3 que En Sonora en Equipo publicamos toda la informaci\u00f3n de Sonora, M\u00e9xico y el Mundo de manera oportuna y busca que la libertad de expresi\u00f3n sea real. Visita nuestro medio informativo publicado desde Hermosillo, Sonora. %\" \/>\n<meta name=\"robots\" content=\"index, follow, max-snippet:-1, max-image-preview:large, max-video-preview:-1\" \/>\n<link rel=\"canonical\" href=\"https:\/\/www.sonoraenequipo.com.mx\/pemex-confirma-6-heridos-por-incendio-en-la-refineria-lazaro-cardenas-en-minatitlan-veracruz\/\" \/>\n<meta property=\"og:locale\" content=\"es_ES\" \/>\n<meta property=\"og:type\" content=\"article\" \/>\n<meta property=\"og:title\" content=\"Sonora en Equipo. Pemex confirma 6 heridos por incendio en la refiner\u00eda L\u00e1zaro C\u00e1rdenas en Minatitl\u00e1n, Veracruz Rep\u00fablica\" \/>\n<meta property=\"og:description\" content=\"MINATITL\u00c1N, VERACRUZ.MX. \u2014 Tras la explosi\u00f3n e incendio registrado en la refiner\u00eda L\u00e1zaro C\u00e1rdenas en Minatitl\u00e1n, Petr\u00f3leos Mexicanos (Pemex) confirm\u00f3 que En Sonora en Equipo publicamos toda la informaci\u00f3n de Sonora, M\u00e9xico y el Mundo de manera oportuna y busca que la libertad de expresi\u00f3n sea real. Visita nuestro medio informativo publicado desde Hermosillo, Sonora. %\" \/>\n<meta property=\"og:url\" content=\"https:\/\/www.sonoraenequipo.com.mx\/pemex-confirma-6-heridos-por-incendio-en-la-refineria-lazaro-cardenas-en-minatitlan-veracruz\/\" \/>\n<meta property=\"og:site_name\" content=\"Sonora en Equipo.\" \/>\n<meta property=\"article:publisher\" content=\"https:\/\/www.facebook.com\/SonoraEE\/\" \/>\n<meta property=\"article:author\" content=\"https:\/\/www.facebook.com\/SonoraEE\" \/>\n<meta property=\"article:published_time\" content=\"2021-04-08T02:15:00+00:00\" \/>\n<meta property=\"article:modified_time\" content=\"2021-04-08T02:47:07+00:00\" \/>\n<meta property=\"og:image\" content=\"https:\/\/www.sonoraenequipo.com.mx\/storage\/2021\/04\/pemex-incendio_opt.jpg\" \/>\n\t<meta property=\"og:image:width\" content=\"811\" \/>\n\t<meta property=\"og:image:height\" content=\"500\" \/>\n\t<meta property=\"og:image:type\" content=\"image\/jpeg\" \/>\n<meta name=\"author\" content=\"enequipo\" \/>\n<meta name=\"twitter:card\" content=\"summary_large_image\" \/>\n<meta name=\"twitter:creator\" content=\"@sonoraenequipo\" \/>\n<meta name=\"twitter:site\" content=\"@sonoraenequipo\" \/>\n<meta name=\"twitter:label1\" content=\"Escrito por\" \/>\n\t<meta name=\"twitter:data1\" content=\"enequipo\" \/>\n\t<meta name=\"twitter:label2\" content=\"Tiempo de lectura\" \/>\n\t<meta name=\"twitter:data2\" content=\"1 minuto\" \/>\n<script type=\"application\/ld+json\" class=\"yoast-schema-graph\">{\"@context\":\"https:\/\/schema.org\",\"@graph\":[{\"@type\":\"Article\",\"@id\":\"https:\/\/www.sonoraenequipo.com.mx\/pemex-confirma-6-heridos-por-incendio-en-la-refineria-lazaro-cardenas-en-minatitlan-veracruz\/#article\",\"isPartOf\":{\"@id\":\"https:\/\/www.sonoraenequipo.com.mx\/pemex-confirma-6-heridos-por-incendio-en-la-refineria-lazaro-cardenas-en-minatitlan-veracruz\/\"},\"author\":{\"name\":\"enequipo\",\"@id\":\"https:\/\/www.sonoraenequipo.com.mx\/#\/schema\/person\/50102df0fb23a8fa9e8effad8fa81386\"},\"headline\":\"Pemex confirma 6 heridos por incendio en la refiner\u00eda L\u00e1zaro C\u00e1rdenas en Minatitl\u00e1n, Veracruz\",\"datePublished\":\"2021-04-08T02:15:00+00:00\",\"dateModified\":\"2021-04-08T02:47:07+00:00\",\"mainEntityOfPage\":{\"@id\":\"https:\/\/www.sonoraenequipo.com.mx\/pemex-confirma-6-heridos-por-incendio-en-la-refineria-lazaro-cardenas-en-minatitlan-veracruz\/\"},\"wordCount\":215,\"commentCount\":0,\"publisher\":{\"@id\":\"https:\/\/www.sonoraenequipo.com.mx\/#organization\"},\"image\":{\"@id\":\"https:\/\/www.sonoraenequipo.com.mx\/pemex-confirma-6-heridos-por-incendio-en-la-refineria-lazaro-cardenas-en-minatitlan-veracruz\/#primaryimage\"},\"thumbnailUrl\":\"https:\/\/www.sonoraenequipo.com.mx\/storage\/2021\/04\/pemex-incendio_opt.jpg\",\"articleSection\":[\"Rep\u00fablica\"],\"inLanguage\":\"es\",\"potentialAction\":[{\"@type\":\"CommentAction\",\"name\":\"Comment\",\"target\":[\"https:\/\/www.sonoraenequipo.com.mx\/pemex-confirma-6-heridos-por-incendio-en-la-refineria-lazaro-cardenas-en-minatitlan-veracruz\/#respond\"]}]},{\"@type\":\"WebPage\",\"@id\":\"https:\/\/www.sonoraenequipo.com.mx\/pemex-confirma-6-heridos-por-incendio-en-la-refineria-lazaro-cardenas-en-minatitlan-veracruz\/\",\"url\":\"https:\/\/www.sonoraenequipo.com.mx\/pemex-confirma-6-heridos-por-incendio-en-la-refineria-lazaro-cardenas-en-minatitlan-veracruz\/\",\"name\":\"Sonora en Equipo. Pemex confirma 6 heridos por incendio en la refiner\u00eda L\u00e1zaro C\u00e1rdenas en Minatitl\u00e1n, Veracruz Rep\u00fablica\",\"isPartOf\":{\"@id\":\"https:\/\/www.sonoraenequipo.com.mx\/#website\"},\"primaryImageOfPage\":{\"@id\":\"https:\/\/www.sonoraenequipo.com.mx\/pemex-confirma-6-heridos-por-incendio-en-la-refineria-lazaro-cardenas-en-minatitlan-veracruz\/#primaryimage\"},\"image\":{\"@id\":\"https:\/\/www.sonoraenequipo.com.mx\/pemex-confirma-6-heridos-por-incendio-en-la-refineria-lazaro-cardenas-en-minatitlan-veracruz\/#primaryimage\"},\"thumbnailUrl\":\"https:\/\/www.sonoraenequipo.com.mx\/storage\/2021\/04\/pemex-incendio_opt.jpg\",\"datePublished\":\"2021-04-08T02:15:00+00:00\",\"dateModified\":\"2021-04-08T02:47:07+00:00\",\"description\":\"MINATITL\u00c1N, VERACRUZ.MX. \u2014 Tras la explosi\u00f3n e incendio registrado en la refiner\u00eda L\u00e1zaro C\u00e1rdenas en Minatitl\u00e1n, Petr\u00f3leos Mexicanos (Pemex) confirm\u00f3 que En Sonora en Equipo publicamos toda la informaci\u00f3n de Sonora, M\u00e9xico y el Mundo de manera oportuna y busca que la libertad de expresi\u00f3n sea real. Visita nuestro medio informativo publicado desde Hermosillo, Sonora. %\",\"breadcrumb\":{\"@id\":\"https:\/\/www.sonoraenequipo.com.mx\/pemex-confirma-6-heridos-por-incendio-en-la-refineria-lazaro-cardenas-en-minatitlan-veracruz\/#breadcrumb\"},\"inLanguage\":\"es\",\"potentialAction\":[{\"@type\":\"ReadAction\",\"target\":[\"https:\/\/www.sonoraenequipo.com.mx\/pemex-confirma-6-heridos-por-incendio-en-la-refineria-lazaro-cardenas-en-minatitlan-veracruz\/\"]}]},{\"@type\":\"ImageObject\",\"inLanguage\":\"es\",\"@id\":\"https:\/\/www.sonoraenequipo.com.mx\/pemex-confirma-6-heridos-por-incendio-en-la-refineria-lazaro-cardenas-en-minatitlan-veracruz\/#primaryimage\",\"url\":\"https:\/\/www.sonoraenequipo.com.mx\/storage\/2021\/04\/pemex-incendio_opt.jpg\",\"contentUrl\":\"https:\/\/www.sonoraenequipo.com.mx\/storage\/2021\/04\/pemex-incendio_opt.jpg\",\"width\":811,\"height\":500},{\"@type\":\"BreadcrumbList\",\"@id\":\"https:\/\/www.sonoraenequipo.com.mx\/pemex-confirma-6-heridos-por-incendio-en-la-refineria-lazaro-cardenas-en-minatitlan-veracruz\/#breadcrumb\",\"itemListElement\":[{\"@type\":\"ListItem\",\"position\":1,\"name\":\"Portada\",\"item\":\"https:\/\/www.sonoraenequipo.com.mx\/\"},{\"@type\":\"ListItem\",\"position\":2,\"name\":\"Pemex confirma 6 heridos por incendio en la refiner\u00eda L\u00e1zaro C\u00e1rdenas en Minatitl\u00e1n, Veracruz\"}]},{\"@type\":\"WebSite\",\"@id\":\"https:\/\/www.sonoraenequipo.com.mx\/#website\",\"url\":\"https:\/\/www.sonoraenequipo.com.mx\/\",\"name\":\"Sonora en Equipo.\",\"description\":\"Diario en l\u00ednea con Noticias desde Hermosillo, Sonora\",\"publisher\":{\"@id\":\"https:\/\/www.sonoraenequipo.com.mx\/#organization\"},\"potentialAction\":[{\"@type\":\"SearchAction\",\"target\":{\"@type\":\"EntryPoint\",\"urlTemplate\":\"https:\/\/www.sonoraenequipo.com.mx\/?s={search_term_string}\"},\"query-input\":{\"@type\":\"PropertyValueSpecification\",\"valueRequired\":true,\"valueName\":\"search_term_string\"}}],\"inLanguage\":\"es\"},{\"@type\":\"Organization\",\"@id\":\"https:\/\/www.sonoraenequipo.com.mx\/#organization\",\"name\":\"Sonoraenequipo.com.mx\",\"url\":\"https:\/\/www.sonoraenequipo.com.mx\/\",\"logo\":{\"@type\":\"ImageObject\",\"inLanguage\":\"es\",\"@id\":\"https:\/\/www.sonoraenequipo.com.mx\/#\/schema\/logo\/image\/\",\"url\":\"https:\/\/www.sonoraenequipo.com.mx\/storage\/2019\/01\/sonoraenequipo_opt.png\",\"contentUrl\":\"https:\/\/www.sonoraenequipo.com.mx\/storage\/2019\/01\/sonoraenequipo_opt.png\",\"width\":375,\"height\":125,\"caption\":\"Sonoraenequipo.com.mx\"},\"image\":{\"@id\":\"https:\/\/www.sonoraenequipo.com.mx\/#\/schema\/logo\/image\/\"},\"sameAs\":[\"https:\/\/www.facebook.com\/SonoraEE\/\",\"https:\/\/x.com\/sonoraenequipo\",\"https:\/\/www.youtube.com\/channel\/UC338nW-lPEYmJQs4ZABQ1SQ\"]},{\"@type\":\"Person\",\"@id\":\"https:\/\/www.sonoraenequipo.com.mx\/#\/schema\/person\/50102df0fb23a8fa9e8effad8fa81386\",\"name\":\"enequipo\",\"image\":{\"@type\":\"ImageObject\",\"inLanguage\":\"es\",\"@id\":\"https:\/\/www.sonoraenequipo.com.mx\/#\/schema\/person\/image\/\",\"url\":\"https:\/\/secure.gravatar.com\/avatar\/049821681b589dabc0bc20695993ccebb09f5b5d4d790cd9251b97faac7c652b?s=96&d=blank&r=g\",\"contentUrl\":\"https:\/\/secure.gravatar.com\/avatar\/049821681b589dabc0bc20695993ccebb09f5b5d4d790cd9251b97faac7c652b?s=96&d=blank&r=g\",\"caption\":\"enequipo\"},\"sameAs\":[\"https:\/\/www.facebook.com\/SonoraEE\"]}]}<\/script>\n ","yoast_head_json":{"title":"Sonora en Equipo. Pemex confirma 6 heridos por incendio en la refiner\u00eda L\u00e1zaro C\u00e1rdenas en Minatitl\u00e1n, Veracruz Rep\u00fablica","description":"MINATITL\u00c1N, VERACRUZ.MX. \u2014 Tras la explosi\u00f3n e incendio registrado en la refiner\u00eda L\u00e1zaro C\u00e1rdenas en Minatitl\u00e1n, Petr\u00f3leos Mexicanos (Pemex) confirm\u00f3 que En Sonora en Equipo publicamos toda la informaci\u00f3n de Sonora, M\u00e9xico y el Mundo de manera oportuna y busca que la libertad de expresi\u00f3n sea real. Visita nuestro medio informativo publicado desde Hermosillo, Sonora. %","robots":{"index":"index","follow":"follow","max-snippet":"max-snippet:-1","max-image-preview":"max-image-preview:large","max-video-preview":"max-video-preview:-1"},"canonical":"https:\/\/www.sonoraenequipo.com.mx\/pemex-confirma-6-heridos-por-incendio-en-la-refineria-lazaro-cardenas-en-minatitlan-veracruz\/","og_locale":"es_ES","og_type":"article","og_title":"Sonora en Equipo. Pemex confirma 6 heridos por incendio en la refiner\u00eda L\u00e1zaro C\u00e1rdenas en Minatitl\u00e1n, Veracruz Rep\u00fablica","og_description":"MINATITL\u00c1N, VERACRUZ.MX. \u2014 Tras la explosi\u00f3n e incendio registrado en la refiner\u00eda L\u00e1zaro C\u00e1rdenas en Minatitl\u00e1n, Petr\u00f3leos Mexicanos (Pemex) confirm\u00f3 que En Sonora en Equipo publicamos toda la informaci\u00f3n de Sonora, M\u00e9xico y el Mundo de manera oportuna y busca que la libertad de expresi\u00f3n sea real. Visita nuestro medio informativo publicado desde Hermosillo, Sonora. %","og_url":"https:\/\/www.sonoraenequipo.com.mx\/pemex-confirma-6-heridos-por-incendio-en-la-refineria-lazaro-cardenas-en-minatitlan-veracruz\/","og_site_name":"Sonora en Equipo.","article_publisher":"https:\/\/www.facebook.com\/SonoraEE\/","article_author":"https:\/\/www.facebook.com\/SonoraEE","article_published_time":"2021-04-08T02:15:00+00:00","article_modified_time":"2021-04-08T02:47:07+00:00","og_image":[{"width":811,"height":500,"url":"https:\/\/www.sonoraenequipo.com.mx\/storage\/2021\/04\/pemex-incendio_opt.jpg","type":"image\/jpeg"}],"author":"enequipo","twitter_card":"summary_large_image","twitter_creator":"@sonoraenequipo","twitter_site":"@sonoraenequipo","twitter_misc":{"Escrito por":"enequipo","Tiempo de lectura":"1 minuto"},"schema":{"@context":"https:\/\/schema.org","@graph":[{"@type":"Article","@id":"https:\/\/www.sonoraenequipo.com.mx\/pemex-confirma-6-heridos-por-incendio-en-la-refineria-lazaro-cardenas-en-minatitlan-veracruz\/#article","isPartOf":{"@id":"https:\/\/www.sonoraenequipo.com.mx\/pemex-confirma-6-heridos-por-incendio-en-la-refineria-lazaro-cardenas-en-minatitlan-veracruz\/"},"author":{"name":"enequipo","@id":"https:\/\/www.sonoraenequipo.com.mx\/#\/schema\/person\/50102df0fb23a8fa9e8effad8fa81386"},"headline":"Pemex confirma 6 heridos por incendio en la refiner\u00eda L\u00e1zaro C\u00e1rdenas en Minatitl\u00e1n, Veracruz","datePublished":"2021-04-08T02:15:00+00:00","dateModified":"2021-04-08T02:47:07+00:00","mainEntityOfPage":{"@id":"https:\/\/www.sonoraenequipo.com.mx\/pemex-confirma-6-heridos-por-incendio-en-la-refineria-lazaro-cardenas-en-minatitlan-veracruz\/"},"wordCount":215,"commentCount":0,"publisher":{"@id":"https:\/\/www.sonoraenequipo.com.mx\/#organization"},"image":{"@id":"https:\/\/www.sonoraenequipo.com.mx\/pemex-confirma-6-heridos-por-incendio-en-la-refineria-lazaro-cardenas-en-minatitlan-veracruz\/#primaryimage"},"thumbnailUrl":"https:\/\/www.sonoraenequipo.com.mx\/storage\/2021\/04\/pemex-incendio_opt.jpg","articleSection":["Rep\u00fablica"],"inLanguage":"es","potentialAction":[{"@type":"CommentAction","name":"Comment","target":["https:\/\/www.sonoraenequipo.com.mx\/pemex-confirma-6-heridos-por-incendio-en-la-refineria-lazaro-cardenas-en-minatitlan-veracruz\/#respond"]}]},{"@type":"WebPage","@id":"https:\/\/www.sonoraenequipo.com.mx\/pemex-confirma-6-heridos-por-incendio-en-la-refineria-lazaro-cardenas-en-minatitlan-veracruz\/","url":"https:\/\/www.sonoraenequipo.com.mx\/pemex-confirma-6-heridos-por-incendio-en-la-refineria-lazaro-cardenas-en-minatitlan-veracruz\/","name":"Sonora en Equipo. Pemex confirma 6 heridos por incendio en la refiner\u00eda L\u00e1zaro C\u00e1rdenas en Minatitl\u00e1n, Veracruz Rep\u00fablica","isPartOf":{"@id":"https:\/\/www.sonoraenequipo.com.mx\/#website"},"primaryImageOfPage":{"@id":"https:\/\/www.sonoraenequipo.com.mx\/pemex-confirma-6-heridos-por-incendio-en-la-refineria-lazaro-cardenas-en-minatitlan-veracruz\/#primaryimage"},"image":{"@id":"https:\/\/www.sonoraenequipo.com.mx\/pemex-confirma-6-heridos-por-incendio-en-la-refineria-lazaro-cardenas-en-minatitlan-veracruz\/#primaryimage"},"thumbnailUrl":"https:\/\/www.sonoraenequipo.com.mx\/storage\/2021\/04\/pemex-incendio_opt.jpg","datePublished":"2021-04-08T02:15:00+00:00","dateModified":"2021-04-08T02:47:07+00:00","description":"MINATITL\u00c1N, VERACRUZ.MX. \u2014 Tras la explosi\u00f3n e incendio registrado en la refiner\u00eda L\u00e1zaro C\u00e1rdenas en Minatitl\u00e1n, Petr\u00f3leos Mexicanos (Pemex) confirm\u00f3 que En Sonora en Equipo publicamos toda la informaci\u00f3n de Sonora, M\u00e9xico y el Mundo de manera oportuna y busca que la libertad de expresi\u00f3n sea real. Visita nuestro medio informativo publicado desde Hermosillo, Sonora. %","breadcrumb":{"@id":"https:\/\/www.sonoraenequipo.com.mx\/pemex-confirma-6-heridos-por-incendio-en-la-refineria-lazaro-cardenas-en-minatitlan-veracruz\/#breadcrumb"},"inLanguage":"es","potentialAction":[{"@type":"ReadAction","target":["https:\/\/www.sonoraenequipo.com.mx\/pemex-confirma-6-heridos-por-incendio-en-la-refineria-lazaro-cardenas-en-minatitlan-veracruz\/"]}]},{"@type":"ImageObject","inLanguage":"es","@id":"https:\/\/www.sonoraenequipo.com.mx\/pemex-confirma-6-heridos-por-incendio-en-la-refineria-lazaro-cardenas-en-minatitlan-veracruz\/#primaryimage","url":"https:\/\/www.sonoraenequipo.com.mx\/storage\/2021\/04\/pemex-incendio_opt.jpg","contentUrl":"https:\/\/www.sonoraenequipo.com.mx\/storage\/2021\/04\/pemex-incendio_opt.jpg","width":811,"height":500},{"@type":"BreadcrumbList","@id":"https:\/\/www.sonoraenequipo.com.mx\/pemex-confirma-6-heridos-por-incendio-en-la-refineria-lazaro-cardenas-en-minatitlan-veracruz\/#breadcrumb","itemListElement":[{"@type":"ListItem","position":1,"name":"Portada","item":"https:\/\/www.sonoraenequipo.com.mx\/"},{"@type":"ListItem","position":2,"name":"Pemex confirma 6 heridos por incendio en la refiner\u00eda L\u00e1zaro C\u00e1rdenas en Minatitl\u00e1n, Veracruz"}]},{"@type":"WebSite","@id":"https:\/\/www.sonoraenequipo.com.mx\/#website","url":"https:\/\/www.sonoraenequipo.com.mx\/","name":"Sonora en Equipo.","description":"Diario en l\u00ednea con Noticias desde Hermosillo, Sonora","publisher":{"@id":"https:\/\/www.sonoraenequipo.com.mx\/#organization"},"potentialAction":[{"@type":"SearchAction","target":{"@type":"EntryPoint","urlTemplate":"https:\/\/www.sonoraenequipo.com.mx\/?s={search_term_string}"},"query-input":{"@type":"PropertyValueSpecification","valueRequired":true,"valueName":"search_term_string"}}],"inLanguage":"es"},{"@type":"Organization","@id":"https:\/\/www.sonoraenequipo.com.mx\/#organization","name":"Sonoraenequipo.com.mx","url":"https:\/\/www.sonoraenequipo.com.mx\/","logo":{"@type":"ImageObject","inLanguage":"es","@id":"https:\/\/www.sonoraenequipo.com.mx\/#\/schema\/logo\/image\/","url":"https:\/\/www.sonoraenequipo.com.mx\/storage\/2019\/01\/sonoraenequipo_opt.png","contentUrl":"https:\/\/www.sonoraenequipo.com.mx\/storage\/2019\/01\/sonoraenequipo_opt.png","width":375,"height":125,"caption":"Sonoraenequipo.com.mx"},"image":{"@id":"https:\/\/www.sonoraenequipo.com.mx\/#\/schema\/logo\/image\/"},"sameAs":["https:\/\/www.facebook.com\/SonoraEE\/","https:\/\/x.com\/sonoraenequipo","https:\/\/www.youtube.com\/channel\/UC338nW-lPEYmJQs4ZABQ1SQ"]},{"@type":"Person","@id":"https:\/\/www.sonoraenequipo.com.mx\/#\/schema\/person\/50102df0fb23a8fa9e8effad8fa81386","name":"enequipo","image":{"@type":"ImageObject","inLanguage":"es","@id":"https:\/\/www.sonoraenequipo.com.mx\/#\/schema\/person\/image\/","url":"https:\/\/secure.gravatar.com\/avatar\/049821681b589dabc0bc20695993ccebb09f5b5d4d790cd9251b97faac7c652b?s=96&d=blank&r=g","contentUrl":"https:\/\/secure.gravatar.com\/avatar\/049821681b589dabc0bc20695993ccebb09f5b5d4d790cd9251b97faac7c652b?s=96&d=blank&r=g","caption":"enequipo"},"sameAs":["https:\/\/www.facebook.com\/SonoraEE"]}]}},"jetpack_featured_media_url":"https:\/\/www.sonoraenequipo.com.mx\/storage\/2021\/04\/pemex-incendio_opt.jpg","_links":{"self":[{"href":"https:\/\/www.sonoraenequipo.com.mx\/api\/wp\/v2\/posts\/110995","targetHints":{"allow":["GET"]}}],"collection":[{"href":"https:\/\/www.sonoraenequipo.com.mx\/api\/wp\/v2\/posts"}],"about":[{"href":"https:\/\/www.sonoraenequipo.com.mx\/api\/wp\/v2\/types\/post"}],"author":[{"embeddable":true,"href":"https:\/\/www.sonoraenequipo.com.mx\/api\/wp\/v2\/users\/1"}],"replies":[{"embeddable":true,"href":"https:\/\/www.sonoraenequipo.com.mx\/api\/wp\/v2\/comments?post=110995"}],"version-history":[{"count":3,"href":"https:\/\/www.sonoraenequipo.com.mx\/api\/wp\/v2\/posts\/110995\/revisions"}],"predecessor-version":[{"id":111008,"href":"https:\/\/www.sonoraenequipo.com.mx\/api\/wp\/v2\/posts\/110995\/revisions\/111008"}],"wp:featuredmedia":[{"embeddable":true,"href":"https:\/\/www.sonoraenequipo.com.mx\/api\/wp\/v2\/media\/111002"}],"wp:attachment":[{"href":"https:\/\/www.sonoraenequipo.com.mx\/api\/wp\/v2\/media?parent=110995"}],"wp:term":[{"taxonomy":"category","embeddable":true,"href":"https:\/\/www.sonoraenequipo.com.mx\/api\/wp\/v2\/categories?post=110995"},{"taxonomy":"post_tag","embeddable":true,"href":"https:\/\/www.sonoraenequipo.com.mx\/api\/wp\/v2\/tags?post=110995"}],"curies":[{"name":"wp","href":"https:\/\/api.w.org\/{rel}","templated":true}]}}