{"id":111082,"date":"2021-04-08T16:40:07","date_gmt":"2021-04-08T23:40:07","guid":{"rendered":"https:\/\/www.sonoraenequipo.com.mx\/?p=111082"},"modified":"2021-04-08T17:20:04","modified_gmt":"2021-04-09T00:20:04","slug":"ordenan-evacuar-parte-de-la-isla-de-san-vicente-ante-posible-erupcion-de-volcan-la-soufriere","status":"publish","type":"post","link":"https:\/\/www.sonoraenequipo.com.mx\/ordenan-evacuar-parte-de-la-isla-de-san-vicente-ante-posible-erupcion-de-volcan-la-soufriere\/","title":{"rendered":"Ordenan evacuar parte de la isla de San Vicente ante posible erupci\u00f3n de volc\u00e1n La Soufriere"},"content":{"rendered":"<p>SAN JUAN, SAN VICENTE Y LAS GRANADINAS. \u2014 El Gobierno de San Vicente y las Granadinas orden\u00f3 este jueves 8 de abril, evacuar parte de la primera de las islas de este peque\u00f1o territorio caribe\u00f1o ante una inminente erupci\u00f3n del volc\u00e1n La Soufriere, a medida que aumenta la actividad s\u00edsmica.<\/p>\n<p>&nbsp;<\/p>\n<p> <\/p>\n<p>&nbsp;<\/p>\n<p>El primer ministro, Ralph Gonsalves, anunci\u00f3 la orden de evacuaci\u00f3n inmediata del \u00e1rea norte de la isla, donde son consideradas zonas seguras la franja que va de la Uni\u00f3n Norte a Kingstown, la capital, y otra de Barrouallie a Kingstown.<\/p>\n<p>&nbsp;<\/p>\n<p>Adem\u00e1s, la Organizaci\u00f3n Nacional para el Manejo de Emergencias (NEMO, en ingl\u00e9s) activ\u00f3 su Centro Nacional de Operaciones de Emergencia (NEOC, en ingl\u00e9s), que comenz\u00f3 a funcionar las 24 horas.<\/p>\n<p>Gonsalves, durante una conferencia de prensa tras registrarse una nueva serie de temblores, pidi\u00f3 a la poblaci\u00f3n m\u00e1xima alerta.<\/p>\n<p>&nbsp;<\/p>\n<p>El cient\u00edfico a la cabeza del control de la actividad del volc\u00e1n La Soufriere en San Vicente y Las Granadinas, el ge\u00f3logo Richard Robertson, inform\u00f3 que entre las 03:00 y las 10:00 horas de la ma\u00f1ana de este jueves, las estaciones de control detectaron actividad s\u00edsmica.<\/p>\n<p>&nbsp;<\/p>\n<p>Dijo que se reportaron movimientos de larga duraci\u00f3n, los cuales son se\u00f1al de que magma fresco trata de llegar a la superficie, por lo que todos los indicios muestran que el volc\u00e1n quiere pasar a una etapa explosiva.<\/p>\n<p>&nbsp;<\/p>\n<p>Matiz\u00f3 que la erupci\u00f3n explosiva podr\u00eda registrarse en las pr\u00f3ximas horas o d\u00edas, tras matizar que no se descarta tampoco que el volc\u00e1n pudiera volver a la normalidad.<\/p>\n<p>&nbsp;<\/p>\n<p>Sin embargo, con la informaci\u00f3n disponible el equipo de control a\u00fan no puede decir cu\u00e1ndo podr\u00eda ocurrir una erupci\u00f3n explosiva, dijo Robertson.<\/p>\n<p>&nbsp;<\/p>\n<p><em>\u201cAhora estamos en un per\u00edodo en el que no nos sorprender\u00eda que en alg\u00fan momento tengamos una actividad explosiva\u201d,<\/em> sostuvo.<\/p>\n<p>&nbsp;<\/p>\n<p><em>\u201cEl volc\u00e1n ha cambiado, nos ha dado un poco m\u00e1s de se\u00f1ales\u201d,<\/em> precis\u00f3, despu\u00e9s de agregar que la actividad comenz\u00f3 con efusi\u00f3n de l\u00edquido y luego con temblores que est\u00e1n asociados con el vapor impulsado por el magma.<\/p>\n<p>&nbsp;<\/p>\n<p>Manifest\u00f3 que la posibilidad de que el material que ahora sale del volc\u00e1n tenga m\u00e1s energ\u00eda es lo que aumenta las posibilidades de una erupci\u00f3n explosiva.<\/p>\n<p>&nbsp;<\/p>\n<p>La directora de NEMO, Michelle Forbes, se\u00f1al\u00f3 por su parte que su equipo estuvo en contacto con varias agencias del Gobierno para aumentar los preparativos de cara a una evacuaci\u00f3n.<\/p>\n<p>&nbsp;<\/p>\n<p>Dijo que los administradores de desastres prepararon refugios y que el consejo nacional de manejo de desastres se reunir\u00eda durante este jueves, adem\u00e1s de subrayar que las comunidades del norte de la isla de San Vicente deb\u00edan estar preparadas.<\/p>\n<p>&nbsp;<\/p>\n<p>&nbsp;<\/p>\n<p>Gonsalves destac\u00f3 que su Gobierno seguir\u00e1 los consejos de Robertson y su equipo de cient\u00edficos.<\/p>\n<p>&nbsp;<\/p>\n<p>Agreg\u00f3 que ya se puso en contacto con los primeros ministros de Barbados, Santa Luc\u00eda, Dominica y Antigua y Barbuda con respecto a una potencial repatriaci\u00f3n de unas 20 mil personas en caso de que surgiera la necesidad.<\/p>\n<p>&nbsp;<\/p>\n<p>Gonsalves dijo que Barbados y Santa Luc\u00eda est\u00e1n dispuestos a recibir evacuados, pero que tendr\u00e1n que vacunarse contra la COVID-19.<\/p>\n<p>&nbsp;<\/p>\n<p>Dijo que su Gobierno tambi\u00e9n est\u00e1 en contacto con naciones amigas, incluidos Estados Unidos, Cuba y Venezuela para discutir una posible asistencia.<\/p>\n<p>&nbsp;<\/p>\n<p>Adem\u00e1s, la naviera Royal Caribbean inform\u00f3 que podr\u00eda desplazar la pr\u00f3xima semana una embarcaci\u00f3n con capacidad para albergar a mil 500 personas, que tambi\u00e9n deber\u00e1n ser vacunadas.<\/p>\n<p>&nbsp;<\/p>\n<p>La reapertura de la escuela programada para el pr\u00f3ximo lunes fue suspendida hasta nuevo aviso.<\/p>\n<p>&nbsp;<\/p>\n<p>San Vicente y las Granadinas no vieron actividad volc\u00e1nica destacada desde 1979.<\/p>\n<p>&nbsp;<\/p>\n<p>Una erupci\u00f3n explosiva de La Soufriere en 1902 mat\u00f3 a m\u00e1s de mil personas.<\/p>\n<p>&nbsp;<\/p>\n<p>&nbsp;<\/p>\n<p>(Publicada el 08\/04\/2021 \/ Con informaci\u00f3n de EFE)<\/p>\n","protected":false},"excerpt":{"rendered":"<p>SAN JUAN, SAN VICENTE Y LAS GRANADINAS. \u2014 El Gobierno de San Vicente y las&#8230;<\/p>\n","protected":false},"author":1,"featured_media":111090,"comment_status":"open","ping_status":"open","sticky":false,"template":"","format":"standard","meta":{"_monsterinsights_skip_tracking":false,"_monsterinsights_sitenote_active":false,"_monsterinsights_sitenote_note":"","_monsterinsights_sitenote_category":0,"footnotes":""},"categories":[3],"tags":[],"class_list":["post"],"yoast_head":" \n<title>Sonora en Equipo. Ordenan evacuar parte de la isla de San Vicente ante posible erupci\u00f3n de volc\u00e1n La Soufriere MUNDO<\/title>\n<meta name=\"description\" content=\"SAN JUAN, SAN VICENTE Y LAS GRANADINAS. \u2014 El Gobierno de San Vicente y las Granadinas orden\u00f3 este jueves 8 de abril, evacuar parte de la primera de las En Sonora en Equipo publicamos toda la informaci\u00f3n de Sonora, M\u00e9xico y el Mundo de manera oportuna y busca que la libertad de expresi\u00f3n sea real. Visita nuestro medio informativo publicado desde Hermosillo, Sonora. %\" \/>\n<meta name=\"robots\" content=\"index, follow, max-snippet:-1, max-image-preview:large, max-video-preview:-1\" \/>\n<link rel=\"canonical\" href=\"https:\/\/www.sonoraenequipo.com.mx\/ordenan-evacuar-parte-de-la-isla-de-san-vicente-ante-posible-erupcion-de-volcan-la-soufriere\/\" \/>\n<meta property=\"og:locale\" content=\"es_ES\" \/>\n<meta property=\"og:type\" content=\"article\" \/>\n<meta property=\"og:title\" content=\"Sonora en Equipo. Ordenan evacuar parte de la isla de San Vicente ante posible erupci\u00f3n de volc\u00e1n La Soufriere MUNDO\" \/>\n<meta property=\"og:description\" content=\"SAN JUAN, SAN VICENTE Y LAS GRANADINAS. \u2014 El Gobierno de San Vicente y las Granadinas orden\u00f3 este jueves 8 de abril, evacuar parte de la primera de las En Sonora en Equipo publicamos toda la informaci\u00f3n de Sonora, M\u00e9xico y el Mundo de manera oportuna y busca que la libertad de expresi\u00f3n sea real. Visita nuestro medio informativo publicado desde Hermosillo, Sonora. %\" \/>\n<meta property=\"og:url\" content=\"https:\/\/www.sonoraenequipo.com.mx\/ordenan-evacuar-parte-de-la-isla-de-san-vicente-ante-posible-erupcion-de-volcan-la-soufriere\/\" \/>\n<meta property=\"og:site_name\" content=\"Sonora en Equipo.\" \/>\n<meta property=\"article:publisher\" content=\"https:\/\/www.facebook.com\/SonoraEE\/\" \/>\n<meta property=\"article:author\" content=\"https:\/\/www.facebook.com\/SonoraEE\" \/>\n<meta property=\"article:published_time\" content=\"2021-04-08T23:40:07+00:00\" \/>\n<meta property=\"article:modified_time\" content=\"2021-04-09T00:20:04+00:00\" \/>\n<meta property=\"og:image\" content=\"https:\/\/www.sonoraenequipo.com.mx\/storage\/2021\/04\/volcan-en-san-vicente-posible-esstallido_opt1.jpg\" \/>\n\t<meta property=\"og:image:width\" content=\"887\" \/>\n\t<meta property=\"og:image:height\" content=\"500\" \/>\n\t<meta property=\"og:image:type\" content=\"image\/jpeg\" \/>\n<meta name=\"author\" content=\"enequipo\" \/>\n<meta name=\"twitter:card\" content=\"summary_large_image\" \/>\n<meta name=\"twitter:creator\" content=\"@sonoraenequipo\" \/>\n<meta name=\"twitter:site\" content=\"@sonoraenequipo\" \/>\n<meta name=\"twitter:label1\" content=\"Escrito por\" \/>\n\t<meta name=\"twitter:data1\" content=\"enequipo\" \/>\n\t<meta name=\"twitter:label2\" content=\"Tiempo de lectura\" \/>\n\t<meta name=\"twitter:data2\" content=\"3 minutos\" \/>\n<script type=\"application\/ld+json\" class=\"yoast-schema-graph\">{\"@context\":\"https:\/\/schema.org\",\"@graph\":[{\"@type\":\"Article\",\"@id\":\"https:\/\/www.sonoraenequipo.com.mx\/ordenan-evacuar-parte-de-la-isla-de-san-vicente-ante-posible-erupcion-de-volcan-la-soufriere\/#article\",\"isPartOf\":{\"@id\":\"https:\/\/www.sonoraenequipo.com.mx\/ordenan-evacuar-parte-de-la-isla-de-san-vicente-ante-posible-erupcion-de-volcan-la-soufriere\/\"},\"author\":{\"name\":\"enequipo\",\"@id\":\"https:\/\/www.sonoraenequipo.com.mx\/#\/schema\/person\/50102df0fb23a8fa9e8effad8fa81386\"},\"headline\":\"Ordenan evacuar parte de la isla de San Vicente ante posible erupci\u00f3n de volc\u00e1n La Soufriere\",\"datePublished\":\"2021-04-08T23:40:07+00:00\",\"dateModified\":\"2021-04-09T00:20:04+00:00\",\"mainEntityOfPage\":{\"@id\":\"https:\/\/www.sonoraenequipo.com.mx\/ordenan-evacuar-parte-de-la-isla-de-san-vicente-ante-posible-erupcion-de-volcan-la-soufriere\/\"},\"wordCount\":695,\"commentCount\":0,\"publisher\":{\"@id\":\"https:\/\/www.sonoraenequipo.com.mx\/#organization\"},\"image\":{\"@id\":\"https:\/\/www.sonoraenequipo.com.mx\/ordenan-evacuar-parte-de-la-isla-de-san-vicente-ante-posible-erupcion-de-volcan-la-soufriere\/#primaryimage\"},\"thumbnailUrl\":\"https:\/\/www.sonoraenequipo.com.mx\/storage\/2021\/04\/volcan-en-san-vicente-posible-esstallido_opt1.jpg\",\"articleSection\":[\"MUNDO\"],\"inLanguage\":\"es\",\"potentialAction\":[{\"@type\":\"CommentAction\",\"name\":\"Comment\",\"target\":[\"https:\/\/www.sonoraenequipo.com.mx\/ordenan-evacuar-parte-de-la-isla-de-san-vicente-ante-posible-erupcion-de-volcan-la-soufriere\/#respond\"]}]},{\"@type\":\"WebPage\",\"@id\":\"https:\/\/www.sonoraenequipo.com.mx\/ordenan-evacuar-parte-de-la-isla-de-san-vicente-ante-posible-erupcion-de-volcan-la-soufriere\/\",\"url\":\"https:\/\/www.sonoraenequipo.com.mx\/ordenan-evacuar-parte-de-la-isla-de-san-vicente-ante-posible-erupcion-de-volcan-la-soufriere\/\",\"name\":\"Sonora en Equipo. Ordenan evacuar parte de la isla de San Vicente ante posible erupci\u00f3n de volc\u00e1n La Soufriere MUNDO\",\"isPartOf\":{\"@id\":\"https:\/\/www.sonoraenequipo.com.mx\/#website\"},\"primaryImageOfPage\":{\"@id\":\"https:\/\/www.sonoraenequipo.com.mx\/ordenan-evacuar-parte-de-la-isla-de-san-vicente-ante-posible-erupcion-de-volcan-la-soufriere\/#primaryimage\"},\"image\":{\"@id\":\"https:\/\/www.sonoraenequipo.com.mx\/ordenan-evacuar-parte-de-la-isla-de-san-vicente-ante-posible-erupcion-de-volcan-la-soufriere\/#primaryimage\"},\"thumbnailUrl\":\"https:\/\/www.sonoraenequipo.com.mx\/storage\/2021\/04\/volcan-en-san-vicente-posible-esstallido_opt1.jpg\",\"datePublished\":\"2021-04-08T23:40:07+00:00\",\"dateModified\":\"2021-04-09T00:20:04+00:00\",\"description\":\"SAN JUAN, SAN VICENTE Y LAS GRANADINAS. \u2014 El Gobierno de San Vicente y las Granadinas orden\u00f3 este jueves 8 de abril, evacuar parte de la primera de las En Sonora en Equipo publicamos toda la informaci\u00f3n de Sonora, M\u00e9xico y el Mundo de manera oportuna y busca que la libertad de expresi\u00f3n sea real. Visita nuestro medio informativo publicado desde Hermosillo, Sonora. %\",\"breadcrumb\":{\"@id\":\"https:\/\/www.sonoraenequipo.com.mx\/ordenan-evacuar-parte-de-la-isla-de-san-vicente-ante-posible-erupcion-de-volcan-la-soufriere\/#breadcrumb\"},\"inLanguage\":\"es\",\"potentialAction\":[{\"@type\":\"ReadAction\",\"target\":[\"https:\/\/www.sonoraenequipo.com.mx\/ordenan-evacuar-parte-de-la-isla-de-san-vicente-ante-posible-erupcion-de-volcan-la-soufriere\/\"]}]},{\"@type\":\"ImageObject\",\"inLanguage\":\"es\",\"@id\":\"https:\/\/www.sonoraenequipo.com.mx\/ordenan-evacuar-parte-de-la-isla-de-san-vicente-ante-posible-erupcion-de-volcan-la-soufriere\/#primaryimage\",\"url\":\"https:\/\/www.sonoraenequipo.com.mx\/storage\/2021\/04\/volcan-en-san-vicente-posible-esstallido_opt1.jpg\",\"contentUrl\":\"https:\/\/www.sonoraenequipo.com.mx\/storage\/2021\/04\/volcan-en-san-vicente-posible-esstallido_opt1.jpg\",\"width\":887,\"height\":500},{\"@type\":\"BreadcrumbList\",\"@id\":\"https:\/\/www.sonoraenequipo.com.mx\/ordenan-evacuar-parte-de-la-isla-de-san-vicente-ante-posible-erupcion-de-volcan-la-soufriere\/#breadcrumb\",\"itemListElement\":[{\"@type\":\"ListItem\",\"position\":1,\"name\":\"Portada\",\"item\":\"https:\/\/www.sonoraenequipo.com.mx\/\"},{\"@type\":\"ListItem\",\"position\":2,\"name\":\"Ordenan evacuar parte de la isla de San Vicente ante posible erupci\u00f3n de volc\u00e1n La Soufriere\"}]},{\"@type\":\"WebSite\",\"@id\":\"https:\/\/www.sonoraenequipo.com.mx\/#website\",\"url\":\"https:\/\/www.sonoraenequipo.com.mx\/\",\"name\":\"Sonora en Equipo.\",\"description\":\"Diario en l\u00ednea con Noticias desde Hermosillo, Sonora\",\"publisher\":{\"@id\":\"https:\/\/www.sonoraenequipo.com.mx\/#organization\"},\"potentialAction\":[{\"@type\":\"SearchAction\",\"target\":{\"@type\":\"EntryPoint\",\"urlTemplate\":\"https:\/\/www.sonoraenequipo.com.mx\/?s={search_term_string}\"},\"query-input\":{\"@type\":\"PropertyValueSpecification\",\"valueRequired\":true,\"valueName\":\"search_term_string\"}}],\"inLanguage\":\"es\"},{\"@type\":\"Organization\",\"@id\":\"https:\/\/www.sonoraenequipo.com.mx\/#organization\",\"name\":\"Sonoraenequipo.com.mx\",\"url\":\"https:\/\/www.sonoraenequipo.com.mx\/\",\"logo\":{\"@type\":\"ImageObject\",\"inLanguage\":\"es\",\"@id\":\"https:\/\/www.sonoraenequipo.com.mx\/#\/schema\/logo\/image\/\",\"url\":\"https:\/\/www.sonoraenequipo.com.mx\/storage\/2019\/01\/sonoraenequipo_opt.png\",\"contentUrl\":\"https:\/\/www.sonoraenequipo.com.mx\/storage\/2019\/01\/sonoraenequipo_opt.png\",\"width\":375,\"height\":125,\"caption\":\"Sonoraenequipo.com.mx\"},\"image\":{\"@id\":\"https:\/\/www.sonoraenequipo.com.mx\/#\/schema\/logo\/image\/\"},\"sameAs\":[\"https:\/\/www.facebook.com\/SonoraEE\/\",\"https:\/\/x.com\/sonoraenequipo\",\"https:\/\/www.youtube.com\/channel\/UC338nW-lPEYmJQs4ZABQ1SQ\"]},{\"@type\":\"Person\",\"@id\":\"https:\/\/www.sonoraenequipo.com.mx\/#\/schema\/person\/50102df0fb23a8fa9e8effad8fa81386\",\"name\":\"enequipo\",\"image\":{\"@type\":\"ImageObject\",\"inLanguage\":\"es\",\"@id\":\"https:\/\/www.sonoraenequipo.com.mx\/#\/schema\/person\/image\/\",\"url\":\"https:\/\/secure.gravatar.com\/avatar\/049821681b589dabc0bc20695993ccebb09f5b5d4d790cd9251b97faac7c652b?s=96&d=blank&r=g\",\"contentUrl\":\"https:\/\/secure.gravatar.com\/avatar\/049821681b589dabc0bc20695993ccebb09f5b5d4d790cd9251b97faac7c652b?s=96&d=blank&r=g\",\"caption\":\"enequipo\"},\"sameAs\":[\"https:\/\/www.facebook.com\/SonoraEE\"]}]}<\/script>\n ","yoast_head_json":{"title":"Sonora en Equipo. Ordenan evacuar parte de la isla de San Vicente ante posible erupci\u00f3n de volc\u00e1n La Soufriere MUNDO","description":"SAN JUAN, SAN VICENTE Y LAS GRANADINAS. \u2014 El Gobierno de San Vicente y las Granadinas orden\u00f3 este jueves 8 de abril, evacuar parte de la primera de las En Sonora en Equipo publicamos toda la informaci\u00f3n de Sonora, M\u00e9xico y el Mundo de manera oportuna y busca que la libertad de expresi\u00f3n sea real. Visita nuestro medio informativo publicado desde Hermosillo, Sonora. %","robots":{"index":"index","follow":"follow","max-snippet":"max-snippet:-1","max-image-preview":"max-image-preview:large","max-video-preview":"max-video-preview:-1"},"canonical":"https:\/\/www.sonoraenequipo.com.mx\/ordenan-evacuar-parte-de-la-isla-de-san-vicente-ante-posible-erupcion-de-volcan-la-soufriere\/","og_locale":"es_ES","og_type":"article","og_title":"Sonora en Equipo. Ordenan evacuar parte de la isla de San Vicente ante posible erupci\u00f3n de volc\u00e1n La Soufriere MUNDO","og_description":"SAN JUAN, SAN VICENTE Y LAS GRANADINAS. \u2014 El Gobierno de San Vicente y las Granadinas orden\u00f3 este jueves 8 de abril, evacuar parte de la primera de las En Sonora en Equipo publicamos toda la informaci\u00f3n de Sonora, M\u00e9xico y el Mundo de manera oportuna y busca que la libertad de expresi\u00f3n sea real. Visita nuestro medio informativo publicado desde Hermosillo, Sonora. %","og_url":"https:\/\/www.sonoraenequipo.com.mx\/ordenan-evacuar-parte-de-la-isla-de-san-vicente-ante-posible-erupcion-de-volcan-la-soufriere\/","og_site_name":"Sonora en Equipo.","article_publisher":"https:\/\/www.facebook.com\/SonoraEE\/","article_author":"https:\/\/www.facebook.com\/SonoraEE","article_published_time":"2021-04-08T23:40:07+00:00","article_modified_time":"2021-04-09T00:20:04+00:00","og_image":[{"width":887,"height":500,"url":"https:\/\/www.sonoraenequipo.com.mx\/storage\/2021\/04\/volcan-en-san-vicente-posible-esstallido_opt1.jpg","type":"image\/jpeg"}],"author":"enequipo","twitter_card":"summary_large_image","twitter_creator":"@sonoraenequipo","twitter_site":"@sonoraenequipo","twitter_misc":{"Escrito por":"enequipo","Tiempo de lectura":"3 minutos"},"schema":{"@context":"https:\/\/schema.org","@graph":[{"@type":"Article","@id":"https:\/\/www.sonoraenequipo.com.mx\/ordenan-evacuar-parte-de-la-isla-de-san-vicente-ante-posible-erupcion-de-volcan-la-soufriere\/#article","isPartOf":{"@id":"https:\/\/www.sonoraenequipo.com.mx\/ordenan-evacuar-parte-de-la-isla-de-san-vicente-ante-posible-erupcion-de-volcan-la-soufriere\/"},"author":{"name":"enequipo","@id":"https:\/\/www.sonoraenequipo.com.mx\/#\/schema\/person\/50102df0fb23a8fa9e8effad8fa81386"},"headline":"Ordenan evacuar parte de la isla de San Vicente ante posible erupci\u00f3n de volc\u00e1n La Soufriere","datePublished":"2021-04-08T23:40:07+00:00","dateModified":"2021-04-09T00:20:04+00:00","mainEntityOfPage":{"@id":"https:\/\/www.sonoraenequipo.com.mx\/ordenan-evacuar-parte-de-la-isla-de-san-vicente-ante-posible-erupcion-de-volcan-la-soufriere\/"},"wordCount":695,"commentCount":0,"publisher":{"@id":"https:\/\/www.sonoraenequipo.com.mx\/#organization"},"image":{"@id":"https:\/\/www.sonoraenequipo.com.mx\/ordenan-evacuar-parte-de-la-isla-de-san-vicente-ante-posible-erupcion-de-volcan-la-soufriere\/#primaryimage"},"thumbnailUrl":"https:\/\/www.sonoraenequipo.com.mx\/storage\/2021\/04\/volcan-en-san-vicente-posible-esstallido_opt1.jpg","articleSection":["MUNDO"],"inLanguage":"es","potentialAction":[{"@type":"CommentAction","name":"Comment","target":["https:\/\/www.sonoraenequipo.com.mx\/ordenan-evacuar-parte-de-la-isla-de-san-vicente-ante-posible-erupcion-de-volcan-la-soufriere\/#respond"]}]},{"@type":"WebPage","@id":"https:\/\/www.sonoraenequipo.com.mx\/ordenan-evacuar-parte-de-la-isla-de-san-vicente-ante-posible-erupcion-de-volcan-la-soufriere\/","url":"https:\/\/www.sonoraenequipo.com.mx\/ordenan-evacuar-parte-de-la-isla-de-san-vicente-ante-posible-erupcion-de-volcan-la-soufriere\/","name":"Sonora en Equipo. Ordenan evacuar parte de la isla de San Vicente ante posible erupci\u00f3n de volc\u00e1n La Soufriere MUNDO","isPartOf":{"@id":"https:\/\/www.sonoraenequipo.com.mx\/#website"},"primaryImageOfPage":{"@id":"https:\/\/www.sonoraenequipo.com.mx\/ordenan-evacuar-parte-de-la-isla-de-san-vicente-ante-posible-erupcion-de-volcan-la-soufriere\/#primaryimage"},"image":{"@id":"https:\/\/www.sonoraenequipo.com.mx\/ordenan-evacuar-parte-de-la-isla-de-san-vicente-ante-posible-erupcion-de-volcan-la-soufriere\/#primaryimage"},"thumbnailUrl":"https:\/\/www.sonoraenequipo.com.mx\/storage\/2021\/04\/volcan-en-san-vicente-posible-esstallido_opt1.jpg","datePublished":"2021-04-08T23:40:07+00:00","dateModified":"2021-04-09T00:20:04+00:00","description":"SAN JUAN, SAN VICENTE Y LAS GRANADINAS. \u2014 El Gobierno de San Vicente y las Granadinas orden\u00f3 este jueves 8 de abril, evacuar parte de la primera de las En Sonora en Equipo publicamos toda la informaci\u00f3n de Sonora, M\u00e9xico y el Mundo de manera oportuna y busca que la libertad de expresi\u00f3n sea real. Visita nuestro medio informativo publicado desde Hermosillo, Sonora. %","breadcrumb":{"@id":"https:\/\/www.sonoraenequipo.com.mx\/ordenan-evacuar-parte-de-la-isla-de-san-vicente-ante-posible-erupcion-de-volcan-la-soufriere\/#breadcrumb"},"inLanguage":"es","potentialAction":[{"@type":"ReadAction","target":["https:\/\/www.sonoraenequipo.com.mx\/ordenan-evacuar-parte-de-la-isla-de-san-vicente-ante-posible-erupcion-de-volcan-la-soufriere\/"]}]},{"@type":"ImageObject","inLanguage":"es","@id":"https:\/\/www.sonoraenequipo.com.mx\/ordenan-evacuar-parte-de-la-isla-de-san-vicente-ante-posible-erupcion-de-volcan-la-soufriere\/#primaryimage","url":"https:\/\/www.sonoraenequipo.com.mx\/storage\/2021\/04\/volcan-en-san-vicente-posible-esstallido_opt1.jpg","contentUrl":"https:\/\/www.sonoraenequipo.com.mx\/storage\/2021\/04\/volcan-en-san-vicente-posible-esstallido_opt1.jpg","width":887,"height":500},{"@type":"BreadcrumbList","@id":"https:\/\/www.sonoraenequipo.com.mx\/ordenan-evacuar-parte-de-la-isla-de-san-vicente-ante-posible-erupcion-de-volcan-la-soufriere\/#breadcrumb","itemListElement":[{"@type":"ListItem","position":1,"name":"Portada","item":"https:\/\/www.sonoraenequipo.com.mx\/"},{"@type":"ListItem","position":2,"name":"Ordenan evacuar parte de la isla de San Vicente ante posible erupci\u00f3n de volc\u00e1n La Soufriere"}]},{"@type":"WebSite","@id":"https:\/\/www.sonoraenequipo.com.mx\/#website","url":"https:\/\/www.sonoraenequipo.com.mx\/","name":"Sonora en Equipo.","description":"Diario en l\u00ednea con Noticias desde Hermosillo, Sonora","publisher":{"@id":"https:\/\/www.sonoraenequipo.com.mx\/#organization"},"potentialAction":[{"@type":"SearchAction","target":{"@type":"EntryPoint","urlTemplate":"https:\/\/www.sonoraenequipo.com.mx\/?s={search_term_string}"},"query-input":{"@type":"PropertyValueSpecification","valueRequired":true,"valueName":"search_term_string"}}],"inLanguage":"es"},{"@type":"Organization","@id":"https:\/\/www.sonoraenequipo.com.mx\/#organization","name":"Sonoraenequipo.com.mx","url":"https:\/\/www.sonoraenequipo.com.mx\/","logo":{"@type":"ImageObject","inLanguage":"es","@id":"https:\/\/www.sonoraenequipo.com.mx\/#\/schema\/logo\/image\/","url":"https:\/\/www.sonoraenequipo.com.mx\/storage\/2019\/01\/sonoraenequipo_opt.png","contentUrl":"https:\/\/www.sonoraenequipo.com.mx\/storage\/2019\/01\/sonoraenequipo_opt.png","width":375,"height":125,"caption":"Sonoraenequipo.com.mx"},"image":{"@id":"https:\/\/www.sonoraenequipo.com.mx\/#\/schema\/logo\/image\/"},"sameAs":["https:\/\/www.facebook.com\/SonoraEE\/","https:\/\/x.com\/sonoraenequipo","https:\/\/www.youtube.com\/channel\/UC338nW-lPEYmJQs4ZABQ1SQ"]},{"@type":"Person","@id":"https:\/\/www.sonoraenequipo.com.mx\/#\/schema\/person\/50102df0fb23a8fa9e8effad8fa81386","name":"enequipo","image":{"@type":"ImageObject","inLanguage":"es","@id":"https:\/\/www.sonoraenequipo.com.mx\/#\/schema\/person\/image\/","url":"https:\/\/secure.gravatar.com\/avatar\/049821681b589dabc0bc20695993ccebb09f5b5d4d790cd9251b97faac7c652b?s=96&d=blank&r=g","contentUrl":"https:\/\/secure.gravatar.com\/avatar\/049821681b589dabc0bc20695993ccebb09f5b5d4d790cd9251b97faac7c652b?s=96&d=blank&r=g","caption":"enequipo"},"sameAs":["https:\/\/www.facebook.com\/SonoraEE"]}]}},"jetpack_featured_media_url":"https:\/\/www.sonoraenequipo.com.mx\/storage\/2021\/04\/volcan-en-san-vicente-posible-esstallido_opt1.jpg","_links":{"self":[{"href":"https:\/\/www.sonoraenequipo.com.mx\/api\/wp\/v2\/posts\/111082","targetHints":{"allow":["GET"]}}],"collection":[{"href":"https:\/\/www.sonoraenequipo.com.mx\/api\/wp\/v2\/posts"}],"about":[{"href":"https:\/\/www.sonoraenequipo.com.mx\/api\/wp\/v2\/types\/post"}],"author":[{"embeddable":true,"href":"https:\/\/www.sonoraenequipo.com.mx\/api\/wp\/v2\/users\/1"}],"replies":[{"embeddable":true,"href":"https:\/\/www.sonoraenequipo.com.mx\/api\/wp\/v2\/comments?post=111082"}],"version-history":[{"count":1,"href":"https:\/\/www.sonoraenequipo.com.mx\/api\/wp\/v2\/posts\/111082\/revisions"}],"predecessor-version":[{"id":111091,"href":"https:\/\/www.sonoraenequipo.com.mx\/api\/wp\/v2\/posts\/111082\/revisions\/111091"}],"wp:featuredmedia":[{"embeddable":true,"href":"https:\/\/www.sonoraenequipo.com.mx\/api\/wp\/v2\/media\/111090"}],"wp:attachment":[{"href":"https:\/\/www.sonoraenequipo.com.mx\/api\/wp\/v2\/media?parent=111082"}],"wp:term":[{"taxonomy":"category","embeddable":true,"href":"https:\/\/www.sonoraenequipo.com.mx\/api\/wp\/v2\/categories?post=111082"},{"taxonomy":"post_tag","embeddable":true,"href":"https:\/\/www.sonoraenequipo.com.mx\/api\/wp\/v2\/tags?post=111082"}],"curies":[{"name":"wp","href":"https:\/\/api.w.org\/{rel}","templated":true}]}}