{"id":111087,"date":"2021-04-08T17:17:36","date_gmt":"2021-04-09T00:17:36","guid":{"rendered":"https:\/\/www.sonoraenequipo.com.mx\/?p=111087"},"modified":"2021-04-08T17:18:39","modified_gmt":"2021-04-09T00:18:39","slug":"solicita-licencia-celida-lopez-fermin-gonzalez-rinde-protesta-como-nuevo-presidente-municipal-de-hermosillo","status":"publish","type":"post","link":"https:\/\/www.sonoraenequipo.com.mx\/solicita-licencia-celida-lopez-fermin-gonzalez-rinde-protesta-como-nuevo-presidente-municipal-de-hermosillo\/","title":{"rendered":"Solicita licencia Celida L\u00f3pez; Ferm\u00edn Gonz\u00e1lez rinde protesta como nuevo Presidente Municipal de Hermosillo"},"content":{"rendered":"<p>\u25baEn Sesi\u00f3n Extraordinaria de Cabildo fue aprobada por unanimidad la licencia para L\u00f3pez C\u00e1rdenas, y ahora ocupa el cargo quien fuera hasta hoy el S\u00edndico Municipal<\/p>\n<p>&nbsp;<\/p>\n<p>HERMOSILLO, SONORA,MX.\u2500\u2500 En Sesi\u00f3n Extraordinaria de Cabildo, Celida L\u00f3pez C\u00e1rdenas solicit\u00f3 licencia a su cargo de Presidenta Municipal de Hermosillo. La solicitud fue aprobada por unanimidad, al igual que la protesta de Ferm\u00edn Gonz\u00e1lez Gaxiola como nuevo Alcalde de la capital sonorense.<\/p>\n<p>&nbsp;<\/p>\n<p>\u201cSe cumplen\u00a0 dos\u00a0 a\u00f1os y medio de esfuerzo de un gran equipo de trabajo, ser Presidenta Municipal de Hermosillo ha sido uno de los honores que han exigido lo mejor de m\u00ed; me he entregado en cuerpo y alma cada d\u00eda para rescatar esta ciudad y agradezco el compromiso y trabajo incansable de un equipo que me ha acompa\u00f1ado y ama profundamente la ciudad\u201d, expres\u00f3 L\u00f3pez C\u00e1rdenas.<\/p>\n<p>&nbsp;<\/p>\n<p>Agradeci\u00f3 a los ciudadanos por la confianza y el apoyo que han expresado en todo momento; y dijo que Hermosillo es hoy una de las mejores ciudades para vivir en M\u00e9xico, con la mejor calidad de vida, sin embargo a\u00fan hay retos importantes por atender.<\/p>\n<p>&nbsp;<\/p>\n<p>Ferm\u00edn Gonz\u00e1lez Gaxiola, quien hasta hoy fung\u00eda como S\u00edndico Municipal, manifest\u00f3 que es un honor y una gran responsabilidad suplir en este periodo a L\u00f3pez C\u00e1rdenas.<\/p>\n<p>&nbsp;<\/p>\n<p>\u201cS\u00e9 muy bien el reto que esto significa, porque el esfuerzo que ha realizado Celida L\u00f3pez ha superado todas las expectativas que muchos ten\u00edamos. El equipo de la administraci\u00f3n tiene la virtud de dedicarse a trabajar coordinadamente, sin envidias ni traiciones. Celida es una l\u00edder y los l\u00edderes transforman la manera de hacer las cosas\u201d, comparti\u00f3.<\/p>\n<p>&nbsp;<\/p>\n<p>Jes\u00fas Benito P\u00e9rez Valenzuela rindi\u00f3 protesta como S\u00edndico Municipal.<\/p>\n<p>&nbsp;<\/p>\n<p>Tambi\u00e9n le fue tomada la protesta de Ley a Manuel Fernando Aguirre Mart\u00ednez y a Jos\u00e9 Aurelio P\u00e9rez V\u00e1zquez, suplentes de los regidores propietarios Carlos Sosa Casta\u00f1eda y Armando Moreno Soto, respectivamente.<\/p>\n<p>&nbsp;<\/p>\n<p>Se otorg\u00f3 licencia a las regidoras Guadalupe Mar\u00eda Mend\u00edvil Corral y a Ofelia Valenzuela Mungarro; rindieron protesta sus suplentes, Lilia Esmira Pandura Gonz\u00e1lez y Claudia Beatriz Monge F\u00e9lix, y se aprob\u00f3 la reincorporaci\u00f3n de Mar\u00eda Engracia Carrazco Valenzuela como regidora propietaria.<\/p>\n<p>&nbsp;<\/p>\n<p>De igual manera se autoriz\u00f3 el dictamen de la Comisi\u00f3n Especial encargada de substanciar el procedimiento legal para revocar la concesi\u00f3n del servicio p\u00fablico de operaci\u00f3n, conservaci\u00f3n, mantenimiento y explotaci\u00f3n del relleno sanitario del municipio de Hermosillo, Sonora; relativo a la revocaci\u00f3n del acuerdo emitido por el H. Ayuntamiento de Hermosillo en sesi\u00f3n ordinaria que del acta n\u00famero 41, de fecha 29 de agosto de 2008.<\/p>\n<p>Fecha de publicaci\u00f3n \u00a0\u00a0jueves\/ \u00a08 \/ abril \/ 2021<\/p>\n<p>&nbsp;<\/p>\n","protected":false},"excerpt":{"rendered":"<p>\u25baEn Sesi\u00f3n Extraordinaria de Cabildo fue aprobada por unanimidad la licencia para L\u00f3pez C\u00e1rdenas, y&#8230;<\/p>\n","protected":false},"author":1,"featured_media":111088,"comment_status":"open","ping_status":"open","sticky":false,"template":"","format":"standard","meta":{"_monsterinsights_skip_tracking":false,"_monsterinsights_sitenote_active":false,"_monsterinsights_sitenote_note":"","_monsterinsights_sitenote_category":0,"footnotes":""},"categories":[4],"tags":[3062,5389],"class_list":["post"],"yoast_head":" \n<title>Sonora en Equipo. Solicita licencia Celida L\u00f3pez; Ferm\u00edn Gonz\u00e1lez rinde protesta como nuevo Presidente Municipal de Hermosillo Municipios<\/title>\n<meta name=\"description\" content=\"\u25baEn Sesi\u00f3n Extraordinaria de Cabildo fue aprobada por unanimidad la licencia para L\u00f3pez C\u00e1rdenas, y ahora ocupa el cargo quien fuera hasta hoy el S\u00edndico En Sonora en Equipo publicamos toda la informaci\u00f3n de Sonora, M\u00e9xico y el Mundo de manera oportuna y busca que la libertad de expresi\u00f3n sea real. Visita nuestro medio informativo publicado desde Hermosillo, Sonora. %\" \/>\n<meta name=\"robots\" content=\"index, follow, max-snippet:-1, max-image-preview:large, max-video-preview:-1\" \/>\n<link rel=\"canonical\" href=\"https:\/\/www.sonoraenequipo.com.mx\/solicita-licencia-celida-lopez-fermin-gonzalez-rinde-protesta-como-nuevo-presidente-municipal-de-hermosillo\/\" \/>\n<meta property=\"og:locale\" content=\"es_ES\" \/>\n<meta property=\"og:type\" content=\"article\" \/>\n<meta property=\"og:title\" content=\"Sonora en Equipo. Solicita licencia Celida L\u00f3pez; Ferm\u00edn Gonz\u00e1lez rinde protesta como nuevo Presidente Municipal de Hermosillo Municipios\" \/>\n<meta property=\"og:description\" content=\"\u25baEn Sesi\u00f3n Extraordinaria de Cabildo fue aprobada por unanimidad la licencia para L\u00f3pez C\u00e1rdenas, y ahora ocupa el cargo quien fuera hasta hoy el S\u00edndico En Sonora en Equipo publicamos toda la informaci\u00f3n de Sonora, M\u00e9xico y el Mundo de manera oportuna y busca que la libertad de expresi\u00f3n sea real. Visita nuestro medio informativo publicado desde Hermosillo, Sonora. %\" \/>\n<meta property=\"og:url\" content=\"https:\/\/www.sonoraenequipo.com.mx\/solicita-licencia-celida-lopez-fermin-gonzalez-rinde-protesta-como-nuevo-presidente-municipal-de-hermosillo\/\" \/>\n<meta property=\"og:site_name\" content=\"Sonora en Equipo.\" \/>\n<meta property=\"article:publisher\" content=\"https:\/\/www.facebook.com\/SonoraEE\/\" \/>\n<meta property=\"article:author\" content=\"https:\/\/www.facebook.com\/SonoraEE\" \/>\n<meta property=\"article:published_time\" content=\"2021-04-09T00:17:36+00:00\" \/>\n<meta property=\"article:modified_time\" content=\"2021-04-09T00:18:39+00:00\" \/>\n<meta property=\"og:image\" content=\"https:\/\/www.sonoraenequipo.com.mx\/storage\/2021\/04\/fermin-y-celida.jpg\" \/>\n\t<meta property=\"og:image:width\" content=\"500\" \/>\n\t<meta property=\"og:image:height\" content=\"300\" \/>\n\t<meta property=\"og:image:type\" content=\"image\/jpeg\" \/>\n<meta name=\"author\" content=\"enequipo\" \/>\n<meta name=\"twitter:card\" content=\"summary_large_image\" \/>\n<meta name=\"twitter:creator\" content=\"@sonoraenequipo\" \/>\n<meta name=\"twitter:site\" content=\"@sonoraenequipo\" \/>\n<meta name=\"twitter:label1\" content=\"Escrito por\" \/>\n\t<meta name=\"twitter:data1\" content=\"enequipo\" \/>\n\t<meta name=\"twitter:label2\" content=\"Tiempo de lectura\" \/>\n\t<meta name=\"twitter:data2\" content=\"2 minutos\" \/>\n<script type=\"application\/ld+json\" class=\"yoast-schema-graph\">{\"@context\":\"https:\/\/schema.org\",\"@graph\":[{\"@type\":\"Article\",\"@id\":\"https:\/\/www.sonoraenequipo.com.mx\/solicita-licencia-celida-lopez-fermin-gonzalez-rinde-protesta-como-nuevo-presidente-municipal-de-hermosillo\/#article\",\"isPartOf\":{\"@id\":\"https:\/\/www.sonoraenequipo.com.mx\/solicita-licencia-celida-lopez-fermin-gonzalez-rinde-protesta-como-nuevo-presidente-municipal-de-hermosillo\/\"},\"author\":{\"name\":\"enequipo\",\"@id\":\"https:\/\/www.sonoraenequipo.com.mx\/#\/schema\/person\/50102df0fb23a8fa9e8effad8fa81386\"},\"headline\":\"Solicita licencia Celida L\u00f3pez; Ferm\u00edn Gonz\u00e1lez rinde protesta como nuevo Presidente Municipal de Hermosillo\",\"datePublished\":\"2021-04-09T00:17:36+00:00\",\"dateModified\":\"2021-04-09T00:18:39+00:00\",\"mainEntityOfPage\":{\"@id\":\"https:\/\/www.sonoraenequipo.com.mx\/solicita-licencia-celida-lopez-fermin-gonzalez-rinde-protesta-como-nuevo-presidente-municipal-de-hermosillo\/\"},\"wordCount\":491,\"commentCount\":0,\"publisher\":{\"@id\":\"https:\/\/www.sonoraenequipo.com.mx\/#organization\"},\"image\":{\"@id\":\"https:\/\/www.sonoraenequipo.com.mx\/solicita-licencia-celida-lopez-fermin-gonzalez-rinde-protesta-como-nuevo-presidente-municipal-de-hermosillo\/#primaryimage\"},\"thumbnailUrl\":\"https:\/\/www.sonoraenequipo.com.mx\/storage\/2021\/04\/fermin-y-celida.jpg\",\"keywords\":[\"celida\",\"elecciones Hermosillo2021\"],\"articleSection\":[\"Municipios\"],\"inLanguage\":\"es\",\"potentialAction\":[{\"@type\":\"CommentAction\",\"name\":\"Comment\",\"target\":[\"https:\/\/www.sonoraenequipo.com.mx\/solicita-licencia-celida-lopez-fermin-gonzalez-rinde-protesta-como-nuevo-presidente-municipal-de-hermosillo\/#respond\"]}]},{\"@type\":\"WebPage\",\"@id\":\"https:\/\/www.sonoraenequipo.com.mx\/solicita-licencia-celida-lopez-fermin-gonzalez-rinde-protesta-como-nuevo-presidente-municipal-de-hermosillo\/\",\"url\":\"https:\/\/www.sonoraenequipo.com.mx\/solicita-licencia-celida-lopez-fermin-gonzalez-rinde-protesta-como-nuevo-presidente-municipal-de-hermosillo\/\",\"name\":\"Sonora en Equipo. Solicita licencia Celida L\u00f3pez; Ferm\u00edn Gonz\u00e1lez rinde protesta como nuevo Presidente Municipal de Hermosillo Municipios\",\"isPartOf\":{\"@id\":\"https:\/\/www.sonoraenequipo.com.mx\/#website\"},\"primaryImageOfPage\":{\"@id\":\"https:\/\/www.sonoraenequipo.com.mx\/solicita-licencia-celida-lopez-fermin-gonzalez-rinde-protesta-como-nuevo-presidente-municipal-de-hermosillo\/#primaryimage\"},\"image\":{\"@id\":\"https:\/\/www.sonoraenequipo.com.mx\/solicita-licencia-celida-lopez-fermin-gonzalez-rinde-protesta-como-nuevo-presidente-municipal-de-hermosillo\/#primaryimage\"},\"thumbnailUrl\":\"https:\/\/www.sonoraenequipo.com.mx\/storage\/2021\/04\/fermin-y-celida.jpg\",\"datePublished\":\"2021-04-09T00:17:36+00:00\",\"dateModified\":\"2021-04-09T00:18:39+00:00\",\"description\":\"\u25baEn Sesi\u00f3n Extraordinaria de Cabildo fue aprobada por unanimidad la licencia para L\u00f3pez C\u00e1rdenas, y ahora ocupa el cargo quien fuera hasta hoy el S\u00edndico En Sonora en Equipo publicamos toda la informaci\u00f3n de Sonora, M\u00e9xico y el Mundo de manera oportuna y busca que la libertad de expresi\u00f3n sea real. Visita nuestro medio informativo publicado desde Hermosillo, Sonora. %\",\"breadcrumb\":{\"@id\":\"https:\/\/www.sonoraenequipo.com.mx\/solicita-licencia-celida-lopez-fermin-gonzalez-rinde-protesta-como-nuevo-presidente-municipal-de-hermosillo\/#breadcrumb\"},\"inLanguage\":\"es\",\"potentialAction\":[{\"@type\":\"ReadAction\",\"target\":[\"https:\/\/www.sonoraenequipo.com.mx\/solicita-licencia-celida-lopez-fermin-gonzalez-rinde-protesta-como-nuevo-presidente-municipal-de-hermosillo\/\"]}]},{\"@type\":\"ImageObject\",\"inLanguage\":\"es\",\"@id\":\"https:\/\/www.sonoraenequipo.com.mx\/solicita-licencia-celida-lopez-fermin-gonzalez-rinde-protesta-como-nuevo-presidente-municipal-de-hermosillo\/#primaryimage\",\"url\":\"https:\/\/www.sonoraenequipo.com.mx\/storage\/2021\/04\/fermin-y-celida.jpg\",\"contentUrl\":\"https:\/\/www.sonoraenequipo.com.mx\/storage\/2021\/04\/fermin-y-celida.jpg\",\"width\":500,\"height\":300},{\"@type\":\"BreadcrumbList\",\"@id\":\"https:\/\/www.sonoraenequipo.com.mx\/solicita-licencia-celida-lopez-fermin-gonzalez-rinde-protesta-como-nuevo-presidente-municipal-de-hermosillo\/#breadcrumb\",\"itemListElement\":[{\"@type\":\"ListItem\",\"position\":1,\"name\":\"Portada\",\"item\":\"https:\/\/www.sonoraenequipo.com.mx\/\"},{\"@type\":\"ListItem\",\"position\":2,\"name\":\"Solicita licencia Celida L\u00f3pez; Ferm\u00edn Gonz\u00e1lez rinde protesta como nuevo Presidente Municipal de Hermosillo\"}]},{\"@type\":\"WebSite\",\"@id\":\"https:\/\/www.sonoraenequipo.com.mx\/#website\",\"url\":\"https:\/\/www.sonoraenequipo.com.mx\/\",\"name\":\"Sonora en Equipo.\",\"description\":\"Diario en l\u00ednea con Noticias desde Hermosillo, Sonora\",\"publisher\":{\"@id\":\"https:\/\/www.sonoraenequipo.com.mx\/#organization\"},\"potentialAction\":[{\"@type\":\"SearchAction\",\"target\":{\"@type\":\"EntryPoint\",\"urlTemplate\":\"https:\/\/www.sonoraenequipo.com.mx\/?s={search_term_string}\"},\"query-input\":{\"@type\":\"PropertyValueSpecification\",\"valueRequired\":true,\"valueName\":\"search_term_string\"}}],\"inLanguage\":\"es\"},{\"@type\":\"Organization\",\"@id\":\"https:\/\/www.sonoraenequipo.com.mx\/#organization\",\"name\":\"Sonoraenequipo.com.mx\",\"url\":\"https:\/\/www.sonoraenequipo.com.mx\/\",\"logo\":{\"@type\":\"ImageObject\",\"inLanguage\":\"es\",\"@id\":\"https:\/\/www.sonoraenequipo.com.mx\/#\/schema\/logo\/image\/\",\"url\":\"https:\/\/www.sonoraenequipo.com.mx\/storage\/2019\/01\/sonoraenequipo_opt.png\",\"contentUrl\":\"https:\/\/www.sonoraenequipo.com.mx\/storage\/2019\/01\/sonoraenequipo_opt.png\",\"width\":375,\"height\":125,\"caption\":\"Sonoraenequipo.com.mx\"},\"image\":{\"@id\":\"https:\/\/www.sonoraenequipo.com.mx\/#\/schema\/logo\/image\/\"},\"sameAs\":[\"https:\/\/www.facebook.com\/SonoraEE\/\",\"https:\/\/x.com\/sonoraenequipo\",\"https:\/\/www.youtube.com\/channel\/UC338nW-lPEYmJQs4ZABQ1SQ\"]},{\"@type\":\"Person\",\"@id\":\"https:\/\/www.sonoraenequipo.com.mx\/#\/schema\/person\/50102df0fb23a8fa9e8effad8fa81386\",\"name\":\"enequipo\",\"image\":{\"@type\":\"ImageObject\",\"inLanguage\":\"es\",\"@id\":\"https:\/\/www.sonoraenequipo.com.mx\/#\/schema\/person\/image\/\",\"url\":\"https:\/\/secure.gravatar.com\/avatar\/049821681b589dabc0bc20695993ccebb09f5b5d4d790cd9251b97faac7c652b?s=96&d=blank&r=g\",\"contentUrl\":\"https:\/\/secure.gravatar.com\/avatar\/049821681b589dabc0bc20695993ccebb09f5b5d4d790cd9251b97faac7c652b?s=96&d=blank&r=g\",\"caption\":\"enequipo\"},\"sameAs\":[\"https:\/\/www.facebook.com\/SonoraEE\"]}]}<\/script>\n ","yoast_head_json":{"title":"Sonora en Equipo. Solicita licencia Celida L\u00f3pez; Ferm\u00edn Gonz\u00e1lez rinde protesta como nuevo Presidente Municipal de Hermosillo Municipios","description":"\u25baEn Sesi\u00f3n Extraordinaria de Cabildo fue aprobada por unanimidad la licencia para L\u00f3pez C\u00e1rdenas, y ahora ocupa el cargo quien fuera hasta hoy el S\u00edndico En Sonora en Equipo publicamos toda la informaci\u00f3n de Sonora, M\u00e9xico y el Mundo de manera oportuna y busca que la libertad de expresi\u00f3n sea real. Visita nuestro medio informativo publicado desde Hermosillo, Sonora. %","robots":{"index":"index","follow":"follow","max-snippet":"max-snippet:-1","max-image-preview":"max-image-preview:large","max-video-preview":"max-video-preview:-1"},"canonical":"https:\/\/www.sonoraenequipo.com.mx\/solicita-licencia-celida-lopez-fermin-gonzalez-rinde-protesta-como-nuevo-presidente-municipal-de-hermosillo\/","og_locale":"es_ES","og_type":"article","og_title":"Sonora en Equipo. Solicita licencia Celida L\u00f3pez; Ferm\u00edn Gonz\u00e1lez rinde protesta como nuevo Presidente Municipal de Hermosillo Municipios","og_description":"\u25baEn Sesi\u00f3n Extraordinaria de Cabildo fue aprobada por unanimidad la licencia para L\u00f3pez C\u00e1rdenas, y ahora ocupa el cargo quien fuera hasta hoy el S\u00edndico En Sonora en Equipo publicamos toda la informaci\u00f3n de Sonora, M\u00e9xico y el Mundo de manera oportuna y busca que la libertad de expresi\u00f3n sea real. Visita nuestro medio informativo publicado desde Hermosillo, Sonora. %","og_url":"https:\/\/www.sonoraenequipo.com.mx\/solicita-licencia-celida-lopez-fermin-gonzalez-rinde-protesta-como-nuevo-presidente-municipal-de-hermosillo\/","og_site_name":"Sonora en Equipo.","article_publisher":"https:\/\/www.facebook.com\/SonoraEE\/","article_author":"https:\/\/www.facebook.com\/SonoraEE","article_published_time":"2021-04-09T00:17:36+00:00","article_modified_time":"2021-04-09T00:18:39+00:00","og_image":[{"width":500,"height":300,"url":"https:\/\/www.sonoraenequipo.com.mx\/storage\/2021\/04\/fermin-y-celida.jpg","type":"image\/jpeg"}],"author":"enequipo","twitter_card":"summary_large_image","twitter_creator":"@sonoraenequipo","twitter_site":"@sonoraenequipo","twitter_misc":{"Escrito por":"enequipo","Tiempo de lectura":"2 minutos"},"schema":{"@context":"https:\/\/schema.org","@graph":[{"@type":"Article","@id":"https:\/\/www.sonoraenequipo.com.mx\/solicita-licencia-celida-lopez-fermin-gonzalez-rinde-protesta-como-nuevo-presidente-municipal-de-hermosillo\/#article","isPartOf":{"@id":"https:\/\/www.sonoraenequipo.com.mx\/solicita-licencia-celida-lopez-fermin-gonzalez-rinde-protesta-como-nuevo-presidente-municipal-de-hermosillo\/"},"author":{"name":"enequipo","@id":"https:\/\/www.sonoraenequipo.com.mx\/#\/schema\/person\/50102df0fb23a8fa9e8effad8fa81386"},"headline":"Solicita licencia Celida L\u00f3pez; Ferm\u00edn Gonz\u00e1lez rinde protesta como nuevo Presidente Municipal de Hermosillo","datePublished":"2021-04-09T00:17:36+00:00","dateModified":"2021-04-09T00:18:39+00:00","mainEntityOfPage":{"@id":"https:\/\/www.sonoraenequipo.com.mx\/solicita-licencia-celida-lopez-fermin-gonzalez-rinde-protesta-como-nuevo-presidente-municipal-de-hermosillo\/"},"wordCount":491,"commentCount":0,"publisher":{"@id":"https:\/\/www.sonoraenequipo.com.mx\/#organization"},"image":{"@id":"https:\/\/www.sonoraenequipo.com.mx\/solicita-licencia-celida-lopez-fermin-gonzalez-rinde-protesta-como-nuevo-presidente-municipal-de-hermosillo\/#primaryimage"},"thumbnailUrl":"https:\/\/www.sonoraenequipo.com.mx\/storage\/2021\/04\/fermin-y-celida.jpg","keywords":["celida","elecciones Hermosillo2021"],"articleSection":["Municipios"],"inLanguage":"es","potentialAction":[{"@type":"CommentAction","name":"Comment","target":["https:\/\/www.sonoraenequipo.com.mx\/solicita-licencia-celida-lopez-fermin-gonzalez-rinde-protesta-como-nuevo-presidente-municipal-de-hermosillo\/#respond"]}]},{"@type":"WebPage","@id":"https:\/\/www.sonoraenequipo.com.mx\/solicita-licencia-celida-lopez-fermin-gonzalez-rinde-protesta-como-nuevo-presidente-municipal-de-hermosillo\/","url":"https:\/\/www.sonoraenequipo.com.mx\/solicita-licencia-celida-lopez-fermin-gonzalez-rinde-protesta-como-nuevo-presidente-municipal-de-hermosillo\/","name":"Sonora en Equipo. Solicita licencia Celida L\u00f3pez; Ferm\u00edn Gonz\u00e1lez rinde protesta como nuevo Presidente Municipal de Hermosillo Municipios","isPartOf":{"@id":"https:\/\/www.sonoraenequipo.com.mx\/#website"},"primaryImageOfPage":{"@id":"https:\/\/www.sonoraenequipo.com.mx\/solicita-licencia-celida-lopez-fermin-gonzalez-rinde-protesta-como-nuevo-presidente-municipal-de-hermosillo\/#primaryimage"},"image":{"@id":"https:\/\/www.sonoraenequipo.com.mx\/solicita-licencia-celida-lopez-fermin-gonzalez-rinde-protesta-como-nuevo-presidente-municipal-de-hermosillo\/#primaryimage"},"thumbnailUrl":"https:\/\/www.sonoraenequipo.com.mx\/storage\/2021\/04\/fermin-y-celida.jpg","datePublished":"2021-04-09T00:17:36+00:00","dateModified":"2021-04-09T00:18:39+00:00","description":"\u25baEn Sesi\u00f3n Extraordinaria de Cabildo fue aprobada por unanimidad la licencia para L\u00f3pez C\u00e1rdenas, y ahora ocupa el cargo quien fuera hasta hoy el S\u00edndico En Sonora en Equipo publicamos toda la informaci\u00f3n de Sonora, M\u00e9xico y el Mundo de manera oportuna y busca que la libertad de expresi\u00f3n sea real. Visita nuestro medio informativo publicado desde Hermosillo, Sonora. %","breadcrumb":{"@id":"https:\/\/www.sonoraenequipo.com.mx\/solicita-licencia-celida-lopez-fermin-gonzalez-rinde-protesta-como-nuevo-presidente-municipal-de-hermosillo\/#breadcrumb"},"inLanguage":"es","potentialAction":[{"@type":"ReadAction","target":["https:\/\/www.sonoraenequipo.com.mx\/solicita-licencia-celida-lopez-fermin-gonzalez-rinde-protesta-como-nuevo-presidente-municipal-de-hermosillo\/"]}]},{"@type":"ImageObject","inLanguage":"es","@id":"https:\/\/www.sonoraenequipo.com.mx\/solicita-licencia-celida-lopez-fermin-gonzalez-rinde-protesta-como-nuevo-presidente-municipal-de-hermosillo\/#primaryimage","url":"https:\/\/www.sonoraenequipo.com.mx\/storage\/2021\/04\/fermin-y-celida.jpg","contentUrl":"https:\/\/www.sonoraenequipo.com.mx\/storage\/2021\/04\/fermin-y-celida.jpg","width":500,"height":300},{"@type":"BreadcrumbList","@id":"https:\/\/www.sonoraenequipo.com.mx\/solicita-licencia-celida-lopez-fermin-gonzalez-rinde-protesta-como-nuevo-presidente-municipal-de-hermosillo\/#breadcrumb","itemListElement":[{"@type":"ListItem","position":1,"name":"Portada","item":"https:\/\/www.sonoraenequipo.com.mx\/"},{"@type":"ListItem","position":2,"name":"Solicita licencia Celida L\u00f3pez; Ferm\u00edn Gonz\u00e1lez rinde protesta como nuevo Presidente Municipal de Hermosillo"}]},{"@type":"WebSite","@id":"https:\/\/www.sonoraenequipo.com.mx\/#website","url":"https:\/\/www.sonoraenequipo.com.mx\/","name":"Sonora en Equipo.","description":"Diario en l\u00ednea con Noticias desde Hermosillo, Sonora","publisher":{"@id":"https:\/\/www.sonoraenequipo.com.mx\/#organization"},"potentialAction":[{"@type":"SearchAction","target":{"@type":"EntryPoint","urlTemplate":"https:\/\/www.sonoraenequipo.com.mx\/?s={search_term_string}"},"query-input":{"@type":"PropertyValueSpecification","valueRequired":true,"valueName":"search_term_string"}}],"inLanguage":"es"},{"@type":"Organization","@id":"https:\/\/www.sonoraenequipo.com.mx\/#organization","name":"Sonoraenequipo.com.mx","url":"https:\/\/www.sonoraenequipo.com.mx\/","logo":{"@type":"ImageObject","inLanguage":"es","@id":"https:\/\/www.sonoraenequipo.com.mx\/#\/schema\/logo\/image\/","url":"https:\/\/www.sonoraenequipo.com.mx\/storage\/2019\/01\/sonoraenequipo_opt.png","contentUrl":"https:\/\/www.sonoraenequipo.com.mx\/storage\/2019\/01\/sonoraenequipo_opt.png","width":375,"height":125,"caption":"Sonoraenequipo.com.mx"},"image":{"@id":"https:\/\/www.sonoraenequipo.com.mx\/#\/schema\/logo\/image\/"},"sameAs":["https:\/\/www.facebook.com\/SonoraEE\/","https:\/\/x.com\/sonoraenequipo","https:\/\/www.youtube.com\/channel\/UC338nW-lPEYmJQs4ZABQ1SQ"]},{"@type":"Person","@id":"https:\/\/www.sonoraenequipo.com.mx\/#\/schema\/person\/50102df0fb23a8fa9e8effad8fa81386","name":"enequipo","image":{"@type":"ImageObject","inLanguage":"es","@id":"https:\/\/www.sonoraenequipo.com.mx\/#\/schema\/person\/image\/","url":"https:\/\/secure.gravatar.com\/avatar\/049821681b589dabc0bc20695993ccebb09f5b5d4d790cd9251b97faac7c652b?s=96&d=blank&r=g","contentUrl":"https:\/\/secure.gravatar.com\/avatar\/049821681b589dabc0bc20695993ccebb09f5b5d4d790cd9251b97faac7c652b?s=96&d=blank&r=g","caption":"enequipo"},"sameAs":["https:\/\/www.facebook.com\/SonoraEE"]}]}},"jetpack_featured_media_url":"https:\/\/www.sonoraenequipo.com.mx\/storage\/2021\/04\/fermin-y-celida.jpg","_links":{"self":[{"href":"https:\/\/www.sonoraenequipo.com.mx\/api\/wp\/v2\/posts\/111087","targetHints":{"allow":["GET"]}}],"collection":[{"href":"https:\/\/www.sonoraenequipo.com.mx\/api\/wp\/v2\/posts"}],"about":[{"href":"https:\/\/www.sonoraenequipo.com.mx\/api\/wp\/v2\/types\/post"}],"author":[{"embeddable":true,"href":"https:\/\/www.sonoraenequipo.com.mx\/api\/wp\/v2\/users\/1"}],"replies":[{"embeddable":true,"href":"https:\/\/www.sonoraenequipo.com.mx\/api\/wp\/v2\/comments?post=111087"}],"version-history":[{"count":1,"href":"https:\/\/www.sonoraenequipo.com.mx\/api\/wp\/v2\/posts\/111087\/revisions"}],"predecessor-version":[{"id":111089,"href":"https:\/\/www.sonoraenequipo.com.mx\/api\/wp\/v2\/posts\/111087\/revisions\/111089"}],"wp:featuredmedia":[{"embeddable":true,"href":"https:\/\/www.sonoraenequipo.com.mx\/api\/wp\/v2\/media\/111088"}],"wp:attachment":[{"href":"https:\/\/www.sonoraenequipo.com.mx\/api\/wp\/v2\/media?parent=111087"}],"wp:term":[{"taxonomy":"category","embeddable":true,"href":"https:\/\/www.sonoraenequipo.com.mx\/api\/wp\/v2\/categories?post=111087"},{"taxonomy":"post_tag","embeddable":true,"href":"https:\/\/www.sonoraenequipo.com.mx\/api\/wp\/v2\/tags?post=111087"}],"curies":[{"name":"wp","href":"https:\/\/api.w.org\/{rel}","templated":true}]}}