{"id":111093,"date":"2021-04-08T19:00:43","date_gmt":"2021-04-09T02:00:43","guid":{"rendered":"https:\/\/www.sonoraenequipo.com.mx\/?p=111093"},"modified":"2021-04-08T19:09:05","modified_gmt":"2021-04-09T02:09:05","slug":"solicita-gobernadora-pavlovich-ante-conago-priorizar-vacunacion-a-todo-trabajador-de-la-salud","status":"publish","type":"post","link":"https:\/\/www.sonoraenequipo.com.mx\/solicita-gobernadora-pavlovich-ante-conago-priorizar-vacunacion-a-todo-trabajador-de-la-salud\/","title":{"rendered":"Solicita gobernadora Pavlovich ante Conago priorizar vacunaci\u00f3n a todo trabajador de la salud"},"content":{"rendered":"<p>HERMOSILLO, SONORA,MX.\u2500\u2500 Dentro del esquema de vacunaci\u00f3n que opera desde hace varias semanas para proteger la salud y la vida de las y los mexicanos debe priorizarse la vacunaci\u00f3n contra el COVID-19 a todo el personal de salud, expres\u00f3 la gobernadora Claudia Pavlovich Arellano, presidenta de la Conferencia Nacional de Gobernadores (Conago).<\/p>\n<p>&nbsp;<\/p>\n<p>Al encabezar la reuni\u00f3n virtual, junto con la secretaria de Gobernaci\u00f3n, Olga S\u00e1nchez Cordero, y el secretario de Salud, Jorge Alcocer Varela, en la que participaron la jefa de gobierno de la Ciudad de M\u00e9xico, gobernadores de los estados y funcionarios federales, la mandataria sonorense detall\u00f3 que aunque ya el personal de salud de primera l\u00ednea de atenci\u00f3n recibi\u00f3 su vacuna contra este virus, ahora es importante priorizar la aplicaci\u00f3n del biol\u00f3gico al resto de trabajadores de la salud de hospitales p\u00fablicos y privados.<\/p>\n<p>&nbsp;<\/p>\n<p>\u201cCreo que la l\u00ednea es muy endeble entre la primera y segunda l\u00ednea de los trabajadores de la salud; creo que es muy importante que se haga una valoraci\u00f3n clara, pero no podemos dejar a esta gente por fuera, que adem\u00e1s ha dado todo en esta \u00e9poca de la pandemia y han estado ah\u00ed en el primero, segundo frente, pero han estado\u201d, manifest\u00f3.<\/p>\n<p>&nbsp;<\/p>\n<p>La gobernadora Pavlovich puso como ejemplo que al recorrer uno de los puntos de vacunaci\u00f3n, una enfermera que aplicaba la vacuna contra el COVID-19 y que tiene contacto con cientos de personas, no ha sido vacunada, por lo que, dijo, es importante que no se deje por fuera del proceso a trabajadores de la salud que han estado apoyando durante la pandemia, ya que cualquier trabajador de la salud est\u00e1 expuesto a contagiarse.<\/p>\n<p>&nbsp;<\/p>\n<p>Adem\u00e1s, la presidenta de la Conago detall\u00f3 que es preocupante que aun cuando hay avance en la estrategia de vacunaci\u00f3n, es mucha la poblaci\u00f3n que falta, tan solo en Sonora, como ejemplo, van 276 mil vacunas aplicadas, es decir, solo el 12 por ciento de la poblaci\u00f3n que puede ser susceptible a vacunaci\u00f3n.<\/p>\n<p>&nbsp;<\/p>\n<p>\u201cEstoy sumamente preocupada porque si eso es a nivel pa\u00eds, insisto, pues la tercera ola s\u00ed nos puede pegar con mucha fuerza\u201d, dijo.<\/p>\n<p>&nbsp;<\/p>\n<p>Olga S\u00e1nchez Cordero, secretaria de Gobernaci\u00f3n, reiter\u00f3 la importancia de mantener estas reuniones donde se coordina el trabajo entre los diferentes niveles de gobierno para continuar con una estrategia de vacunaci\u00f3n certera a favor de las y los mexicanos.<\/p>\n<p>&nbsp;<\/p>\n<p>En esta reuni\u00f3n de la Conago tambi\u00e9n participaron: Arturo Herrera, Secretario de Hacienda; Jorge Carlos Alcocer Varela, Secretario de Salud; Hugo L\u00f3pez Gatell, subsecretario de Prevenci\u00f3n y Promoci\u00f3n a la Salud; y Ruy L\u00f3pez Ridaura, director general del Centro Nacional de Programas Preventivos y Control de Enfermedades (Cenaprece).<\/p>\n<p>&nbsp;<\/p>\n<p>Asimismo, Claudia Sheinbaum, jefa de gobierno de la Ciudad de M\u00e9xico, y los gobernadores Mauricio Vila, Yucat\u00e1n; Mart\u00edn Orozco, Aguascalientes; Carlos Mendoza, Baja California Sur; Carlos Aysa, Campeche; Rutilio Escand\u00f3n, Chiapas; Javier Corral, Chihuahua; Jos\u00e9 Aispuro, Durango; H\u00e9ctor Astudillo, Guerrero; Omar Fayad, Hidalgo; Alfredo Del Mazo, Estado de M\u00e9xico; Antonio Echevarr\u00eda, Nayarit; Jaime Rodr\u00edguez, Nuevo Le\u00f3n; Alejandro Murat, Oaxaca; Francisco Dom\u00ednguez, Quer\u00e9taro; Carlos Joaqu\u00edn, Quintana Roo; Juan Carreras, San Luis Potos\u00ed; Ad\u00e1n L\u00f3pez, Tabasco; Cuitl\u00e1huac Garc\u00eda, Veracruz; Alejandro Tello, Zacatecas; y representantes de los estados de Baja California, Coahuila, Colima, Guanajuato, Jalisco, Michoac\u00e1n, Morelos, Puebla, Sinaloa, Tamaulipas y Tlaxcala.<\/p>\n<p>Fecha de publicaci\u00f3n \u00a0\u00a0jueves\/ \u00a08 \/ abril \/ 2021<\/p>\n<p>&nbsp;<\/p>\n","protected":false},"excerpt":{"rendered":"<p>HERMOSILLO, SONORA,MX.\u2500\u2500 Dentro del esquema de vacunaci\u00f3n que opera desde hace varias semanas para proteger&#8230;<\/p>\n","protected":false},"author":1,"featured_media":111095,"comment_status":"open","ping_status":"open","sticky":false,"template":"","format":"standard","meta":{"_monsterinsights_skip_tracking":false,"_monsterinsights_sitenote_active":false,"_monsterinsights_sitenote_note":"","_monsterinsights_sitenote_category":0,"footnotes":""},"categories":[22],"tags":[1560,4249],"class_list":["post"],"yoast_head":" \n<title>Sonora en Equipo. Solicita gobernadora Pavlovich ante Conago priorizar vacunaci\u00f3n a todo trabajador de la salud Sonora<\/title>\n<meta name=\"description\" content=\"HERMOSILLO, SONORA,MX.\u2500\u2500 Dentro del esquema de vacunaci\u00f3n que opera desde hace varias semanas para proteger la salud y la vida de las y los mexicanos debe En Sonora en Equipo publicamos toda la informaci\u00f3n de Sonora, M\u00e9xico y el Mundo de manera oportuna y busca que la libertad de expresi\u00f3n sea real. Visita nuestro medio informativo publicado desde Hermosillo, Sonora. %\" \/>\n<meta name=\"robots\" content=\"index, follow, max-snippet:-1, max-image-preview:large, max-video-preview:-1\" \/>\n<link rel=\"canonical\" href=\"https:\/\/www.sonoraenequipo.com.mx\/solicita-gobernadora-pavlovich-ante-conago-priorizar-vacunacion-a-todo-trabajador-de-la-salud\/\" \/>\n<meta property=\"og:locale\" content=\"es_ES\" \/>\n<meta property=\"og:type\" content=\"article\" \/>\n<meta property=\"og:title\" content=\"Sonora en Equipo. Solicita gobernadora Pavlovich ante Conago priorizar vacunaci\u00f3n a todo trabajador de la salud Sonora\" \/>\n<meta property=\"og:description\" content=\"HERMOSILLO, SONORA,MX.\u2500\u2500 Dentro del esquema de vacunaci\u00f3n que opera desde hace varias semanas para proteger la salud y la vida de las y los mexicanos debe En Sonora en Equipo publicamos toda la informaci\u00f3n de Sonora, M\u00e9xico y el Mundo de manera oportuna y busca que la libertad de expresi\u00f3n sea real. Visita nuestro medio informativo publicado desde Hermosillo, Sonora. %\" \/>\n<meta property=\"og:url\" content=\"https:\/\/www.sonoraenequipo.com.mx\/solicita-gobernadora-pavlovich-ante-conago-priorizar-vacunacion-a-todo-trabajador-de-la-salud\/\" \/>\n<meta property=\"og:site_name\" content=\"Sonora en Equipo.\" \/>\n<meta property=\"article:publisher\" content=\"https:\/\/www.facebook.com\/SonoraEE\/\" \/>\n<meta property=\"article:author\" content=\"https:\/\/www.facebook.com\/SonoraEE\" \/>\n<meta property=\"article:published_time\" content=\"2021-04-09T02:00:43+00:00\" \/>\n<meta property=\"article:modified_time\" content=\"2021-04-09T02:09:05+00:00\" \/>\n<meta property=\"og:image\" content=\"https:\/\/www.sonoraenequipo.com.mx\/storage\/2021\/04\/cpa080421.jpg\" \/>\n\t<meta property=\"og:image:width\" content=\"500\" \/>\n\t<meta property=\"og:image:height\" content=\"300\" \/>\n\t<meta property=\"og:image:type\" content=\"image\/jpeg\" \/>\n<meta name=\"author\" content=\"enequipo\" \/>\n<meta name=\"twitter:card\" content=\"summary_large_image\" \/>\n<meta name=\"twitter:creator\" content=\"@sonoraenequipo\" \/>\n<meta name=\"twitter:site\" content=\"@sonoraenequipo\" \/>\n<meta name=\"twitter:label1\" content=\"Escrito por\" \/>\n\t<meta name=\"twitter:data1\" content=\"enequipo\" \/>\n\t<meta name=\"twitter:label2\" content=\"Tiempo de lectura\" \/>\n\t<meta name=\"twitter:data2\" content=\"3 minutos\" \/>\n<script type=\"application\/ld+json\" class=\"yoast-schema-graph\">{\"@context\":\"https:\/\/schema.org\",\"@graph\":[{\"@type\":\"Article\",\"@id\":\"https:\/\/www.sonoraenequipo.com.mx\/solicita-gobernadora-pavlovich-ante-conago-priorizar-vacunacion-a-todo-trabajador-de-la-salud\/#article\",\"isPartOf\":{\"@id\":\"https:\/\/www.sonoraenequipo.com.mx\/solicita-gobernadora-pavlovich-ante-conago-priorizar-vacunacion-a-todo-trabajador-de-la-salud\/\"},\"author\":{\"name\":\"enequipo\",\"@id\":\"https:\/\/www.sonoraenequipo.com.mx\/#\/schema\/person\/50102df0fb23a8fa9e8effad8fa81386\"},\"headline\":\"Solicita gobernadora Pavlovich ante Conago priorizar vacunaci\u00f3n a todo trabajador de la salud\",\"datePublished\":\"2021-04-09T02:00:43+00:00\",\"dateModified\":\"2021-04-09T02:09:05+00:00\",\"mainEntityOfPage\":{\"@id\":\"https:\/\/www.sonoraenequipo.com.mx\/solicita-gobernadora-pavlovich-ante-conago-priorizar-vacunacion-a-todo-trabajador-de-la-salud\/\"},\"wordCount\":610,\"commentCount\":0,\"publisher\":{\"@id\":\"https:\/\/www.sonoraenequipo.com.mx\/#organization\"},\"image\":{\"@id\":\"https:\/\/www.sonoraenequipo.com.mx\/solicita-gobernadora-pavlovich-ante-conago-priorizar-vacunacion-a-todo-trabajador-de-la-salud\/#primaryimage\"},\"thumbnailUrl\":\"https:\/\/www.sonoraenequipo.com.mx\/storage\/2021\/04\/cpa080421.jpg\",\"keywords\":[\"CONAGO\",\"covid\"],\"articleSection\":[\"Sonora\"],\"inLanguage\":\"es\",\"potentialAction\":[{\"@type\":\"CommentAction\",\"name\":\"Comment\",\"target\":[\"https:\/\/www.sonoraenequipo.com.mx\/solicita-gobernadora-pavlovich-ante-conago-priorizar-vacunacion-a-todo-trabajador-de-la-salud\/#respond\"]}]},{\"@type\":\"WebPage\",\"@id\":\"https:\/\/www.sonoraenequipo.com.mx\/solicita-gobernadora-pavlovich-ante-conago-priorizar-vacunacion-a-todo-trabajador-de-la-salud\/\",\"url\":\"https:\/\/www.sonoraenequipo.com.mx\/solicita-gobernadora-pavlovich-ante-conago-priorizar-vacunacion-a-todo-trabajador-de-la-salud\/\",\"name\":\"Sonora en Equipo. Solicita gobernadora Pavlovich ante Conago priorizar vacunaci\u00f3n a todo trabajador de la salud Sonora\",\"isPartOf\":{\"@id\":\"https:\/\/www.sonoraenequipo.com.mx\/#website\"},\"primaryImageOfPage\":{\"@id\":\"https:\/\/www.sonoraenequipo.com.mx\/solicita-gobernadora-pavlovich-ante-conago-priorizar-vacunacion-a-todo-trabajador-de-la-salud\/#primaryimage\"},\"image\":{\"@id\":\"https:\/\/www.sonoraenequipo.com.mx\/solicita-gobernadora-pavlovich-ante-conago-priorizar-vacunacion-a-todo-trabajador-de-la-salud\/#primaryimage\"},\"thumbnailUrl\":\"https:\/\/www.sonoraenequipo.com.mx\/storage\/2021\/04\/cpa080421.jpg\",\"datePublished\":\"2021-04-09T02:00:43+00:00\",\"dateModified\":\"2021-04-09T02:09:05+00:00\",\"description\":\"HERMOSILLO, SONORA,MX.\u2500\u2500 Dentro del esquema de vacunaci\u00f3n que opera desde hace varias semanas para proteger la salud y la vida de las y los mexicanos debe En Sonora en Equipo publicamos toda la informaci\u00f3n de Sonora, M\u00e9xico y el Mundo de manera oportuna y busca que la libertad de expresi\u00f3n sea real. Visita nuestro medio informativo publicado desde Hermosillo, Sonora. %\",\"breadcrumb\":{\"@id\":\"https:\/\/www.sonoraenequipo.com.mx\/solicita-gobernadora-pavlovich-ante-conago-priorizar-vacunacion-a-todo-trabajador-de-la-salud\/#breadcrumb\"},\"inLanguage\":\"es\",\"potentialAction\":[{\"@type\":\"ReadAction\",\"target\":[\"https:\/\/www.sonoraenequipo.com.mx\/solicita-gobernadora-pavlovich-ante-conago-priorizar-vacunacion-a-todo-trabajador-de-la-salud\/\"]}]},{\"@type\":\"ImageObject\",\"inLanguage\":\"es\",\"@id\":\"https:\/\/www.sonoraenequipo.com.mx\/solicita-gobernadora-pavlovich-ante-conago-priorizar-vacunacion-a-todo-trabajador-de-la-salud\/#primaryimage\",\"url\":\"https:\/\/www.sonoraenequipo.com.mx\/storage\/2021\/04\/cpa080421.jpg\",\"contentUrl\":\"https:\/\/www.sonoraenequipo.com.mx\/storage\/2021\/04\/cpa080421.jpg\",\"width\":500,\"height\":300},{\"@type\":\"BreadcrumbList\",\"@id\":\"https:\/\/www.sonoraenequipo.com.mx\/solicita-gobernadora-pavlovich-ante-conago-priorizar-vacunacion-a-todo-trabajador-de-la-salud\/#breadcrumb\",\"itemListElement\":[{\"@type\":\"ListItem\",\"position\":1,\"name\":\"Portada\",\"item\":\"https:\/\/www.sonoraenequipo.com.mx\/\"},{\"@type\":\"ListItem\",\"position\":2,\"name\":\"Solicita gobernadora Pavlovich ante Conago priorizar vacunaci\u00f3n a todo trabajador de la salud\"}]},{\"@type\":\"WebSite\",\"@id\":\"https:\/\/www.sonoraenequipo.com.mx\/#website\",\"url\":\"https:\/\/www.sonoraenequipo.com.mx\/\",\"name\":\"Sonora en Equipo.\",\"description\":\"Diario en l\u00ednea con Noticias desde Hermosillo, Sonora\",\"publisher\":{\"@id\":\"https:\/\/www.sonoraenequipo.com.mx\/#organization\"},\"potentialAction\":[{\"@type\":\"SearchAction\",\"target\":{\"@type\":\"EntryPoint\",\"urlTemplate\":\"https:\/\/www.sonoraenequipo.com.mx\/?s={search_term_string}\"},\"query-input\":{\"@type\":\"PropertyValueSpecification\",\"valueRequired\":true,\"valueName\":\"search_term_string\"}}],\"inLanguage\":\"es\"},{\"@type\":\"Organization\",\"@id\":\"https:\/\/www.sonoraenequipo.com.mx\/#organization\",\"name\":\"Sonoraenequipo.com.mx\",\"url\":\"https:\/\/www.sonoraenequipo.com.mx\/\",\"logo\":{\"@type\":\"ImageObject\",\"inLanguage\":\"es\",\"@id\":\"https:\/\/www.sonoraenequipo.com.mx\/#\/schema\/logo\/image\/\",\"url\":\"https:\/\/www.sonoraenequipo.com.mx\/storage\/2019\/01\/sonoraenequipo_opt.png\",\"contentUrl\":\"https:\/\/www.sonoraenequipo.com.mx\/storage\/2019\/01\/sonoraenequipo_opt.png\",\"width\":375,\"height\":125,\"caption\":\"Sonoraenequipo.com.mx\"},\"image\":{\"@id\":\"https:\/\/www.sonoraenequipo.com.mx\/#\/schema\/logo\/image\/\"},\"sameAs\":[\"https:\/\/www.facebook.com\/SonoraEE\/\",\"https:\/\/x.com\/sonoraenequipo\",\"https:\/\/www.youtube.com\/channel\/UC338nW-lPEYmJQs4ZABQ1SQ\"]},{\"@type\":\"Person\",\"@id\":\"https:\/\/www.sonoraenequipo.com.mx\/#\/schema\/person\/50102df0fb23a8fa9e8effad8fa81386\",\"name\":\"enequipo\",\"image\":{\"@type\":\"ImageObject\",\"inLanguage\":\"es\",\"@id\":\"https:\/\/www.sonoraenequipo.com.mx\/#\/schema\/person\/image\/\",\"url\":\"https:\/\/secure.gravatar.com\/avatar\/049821681b589dabc0bc20695993ccebb09f5b5d4d790cd9251b97faac7c652b?s=96&d=blank&r=g\",\"contentUrl\":\"https:\/\/secure.gravatar.com\/avatar\/049821681b589dabc0bc20695993ccebb09f5b5d4d790cd9251b97faac7c652b?s=96&d=blank&r=g\",\"caption\":\"enequipo\"},\"sameAs\":[\"https:\/\/www.facebook.com\/SonoraEE\"]}]}<\/script>\n ","yoast_head_json":{"title":"Sonora en Equipo. Solicita gobernadora Pavlovich ante Conago priorizar vacunaci\u00f3n a todo trabajador de la salud Sonora","description":"HERMOSILLO, SONORA,MX.\u2500\u2500 Dentro del esquema de vacunaci\u00f3n que opera desde hace varias semanas para proteger la salud y la vida de las y los mexicanos debe En Sonora en Equipo publicamos toda la informaci\u00f3n de Sonora, M\u00e9xico y el Mundo de manera oportuna y busca que la libertad de expresi\u00f3n sea real. Visita nuestro medio informativo publicado desde Hermosillo, Sonora. %","robots":{"index":"index","follow":"follow","max-snippet":"max-snippet:-1","max-image-preview":"max-image-preview:large","max-video-preview":"max-video-preview:-1"},"canonical":"https:\/\/www.sonoraenequipo.com.mx\/solicita-gobernadora-pavlovich-ante-conago-priorizar-vacunacion-a-todo-trabajador-de-la-salud\/","og_locale":"es_ES","og_type":"article","og_title":"Sonora en Equipo. Solicita gobernadora Pavlovich ante Conago priorizar vacunaci\u00f3n a todo trabajador de la salud Sonora","og_description":"HERMOSILLO, SONORA,MX.\u2500\u2500 Dentro del esquema de vacunaci\u00f3n que opera desde hace varias semanas para proteger la salud y la vida de las y los mexicanos debe En Sonora en Equipo publicamos toda la informaci\u00f3n de Sonora, M\u00e9xico y el Mundo de manera oportuna y busca que la libertad de expresi\u00f3n sea real. Visita nuestro medio informativo publicado desde Hermosillo, Sonora. %","og_url":"https:\/\/www.sonoraenequipo.com.mx\/solicita-gobernadora-pavlovich-ante-conago-priorizar-vacunacion-a-todo-trabajador-de-la-salud\/","og_site_name":"Sonora en Equipo.","article_publisher":"https:\/\/www.facebook.com\/SonoraEE\/","article_author":"https:\/\/www.facebook.com\/SonoraEE","article_published_time":"2021-04-09T02:00:43+00:00","article_modified_time":"2021-04-09T02:09:05+00:00","og_image":[{"width":500,"height":300,"url":"https:\/\/www.sonoraenequipo.com.mx\/storage\/2021\/04\/cpa080421.jpg","type":"image\/jpeg"}],"author":"enequipo","twitter_card":"summary_large_image","twitter_creator":"@sonoraenequipo","twitter_site":"@sonoraenequipo","twitter_misc":{"Escrito por":"enequipo","Tiempo de lectura":"3 minutos"},"schema":{"@context":"https:\/\/schema.org","@graph":[{"@type":"Article","@id":"https:\/\/www.sonoraenequipo.com.mx\/solicita-gobernadora-pavlovich-ante-conago-priorizar-vacunacion-a-todo-trabajador-de-la-salud\/#article","isPartOf":{"@id":"https:\/\/www.sonoraenequipo.com.mx\/solicita-gobernadora-pavlovich-ante-conago-priorizar-vacunacion-a-todo-trabajador-de-la-salud\/"},"author":{"name":"enequipo","@id":"https:\/\/www.sonoraenequipo.com.mx\/#\/schema\/person\/50102df0fb23a8fa9e8effad8fa81386"},"headline":"Solicita gobernadora Pavlovich ante Conago priorizar vacunaci\u00f3n a todo trabajador de la salud","datePublished":"2021-04-09T02:00:43+00:00","dateModified":"2021-04-09T02:09:05+00:00","mainEntityOfPage":{"@id":"https:\/\/www.sonoraenequipo.com.mx\/solicita-gobernadora-pavlovich-ante-conago-priorizar-vacunacion-a-todo-trabajador-de-la-salud\/"},"wordCount":610,"commentCount":0,"publisher":{"@id":"https:\/\/www.sonoraenequipo.com.mx\/#organization"},"image":{"@id":"https:\/\/www.sonoraenequipo.com.mx\/solicita-gobernadora-pavlovich-ante-conago-priorizar-vacunacion-a-todo-trabajador-de-la-salud\/#primaryimage"},"thumbnailUrl":"https:\/\/www.sonoraenequipo.com.mx\/storage\/2021\/04\/cpa080421.jpg","keywords":["CONAGO","covid"],"articleSection":["Sonora"],"inLanguage":"es","potentialAction":[{"@type":"CommentAction","name":"Comment","target":["https:\/\/www.sonoraenequipo.com.mx\/solicita-gobernadora-pavlovich-ante-conago-priorizar-vacunacion-a-todo-trabajador-de-la-salud\/#respond"]}]},{"@type":"WebPage","@id":"https:\/\/www.sonoraenequipo.com.mx\/solicita-gobernadora-pavlovich-ante-conago-priorizar-vacunacion-a-todo-trabajador-de-la-salud\/","url":"https:\/\/www.sonoraenequipo.com.mx\/solicita-gobernadora-pavlovich-ante-conago-priorizar-vacunacion-a-todo-trabajador-de-la-salud\/","name":"Sonora en Equipo. Solicita gobernadora Pavlovich ante Conago priorizar vacunaci\u00f3n a todo trabajador de la salud Sonora","isPartOf":{"@id":"https:\/\/www.sonoraenequipo.com.mx\/#website"},"primaryImageOfPage":{"@id":"https:\/\/www.sonoraenequipo.com.mx\/solicita-gobernadora-pavlovich-ante-conago-priorizar-vacunacion-a-todo-trabajador-de-la-salud\/#primaryimage"},"image":{"@id":"https:\/\/www.sonoraenequipo.com.mx\/solicita-gobernadora-pavlovich-ante-conago-priorizar-vacunacion-a-todo-trabajador-de-la-salud\/#primaryimage"},"thumbnailUrl":"https:\/\/www.sonoraenequipo.com.mx\/storage\/2021\/04\/cpa080421.jpg","datePublished":"2021-04-09T02:00:43+00:00","dateModified":"2021-04-09T02:09:05+00:00","description":"HERMOSILLO, SONORA,MX.\u2500\u2500 Dentro del esquema de vacunaci\u00f3n que opera desde hace varias semanas para proteger la salud y la vida de las y los mexicanos debe En Sonora en Equipo publicamos toda la informaci\u00f3n de Sonora, M\u00e9xico y el Mundo de manera oportuna y busca que la libertad de expresi\u00f3n sea real. Visita nuestro medio informativo publicado desde Hermosillo, Sonora. %","breadcrumb":{"@id":"https:\/\/www.sonoraenequipo.com.mx\/solicita-gobernadora-pavlovich-ante-conago-priorizar-vacunacion-a-todo-trabajador-de-la-salud\/#breadcrumb"},"inLanguage":"es","potentialAction":[{"@type":"ReadAction","target":["https:\/\/www.sonoraenequipo.com.mx\/solicita-gobernadora-pavlovich-ante-conago-priorizar-vacunacion-a-todo-trabajador-de-la-salud\/"]}]},{"@type":"ImageObject","inLanguage":"es","@id":"https:\/\/www.sonoraenequipo.com.mx\/solicita-gobernadora-pavlovich-ante-conago-priorizar-vacunacion-a-todo-trabajador-de-la-salud\/#primaryimage","url":"https:\/\/www.sonoraenequipo.com.mx\/storage\/2021\/04\/cpa080421.jpg","contentUrl":"https:\/\/www.sonoraenequipo.com.mx\/storage\/2021\/04\/cpa080421.jpg","width":500,"height":300},{"@type":"BreadcrumbList","@id":"https:\/\/www.sonoraenequipo.com.mx\/solicita-gobernadora-pavlovich-ante-conago-priorizar-vacunacion-a-todo-trabajador-de-la-salud\/#breadcrumb","itemListElement":[{"@type":"ListItem","position":1,"name":"Portada","item":"https:\/\/www.sonoraenequipo.com.mx\/"},{"@type":"ListItem","position":2,"name":"Solicita gobernadora Pavlovich ante Conago priorizar vacunaci\u00f3n a todo trabajador de la salud"}]},{"@type":"WebSite","@id":"https:\/\/www.sonoraenequipo.com.mx\/#website","url":"https:\/\/www.sonoraenequipo.com.mx\/","name":"Sonora en Equipo.","description":"Diario en l\u00ednea con Noticias desde Hermosillo, Sonora","publisher":{"@id":"https:\/\/www.sonoraenequipo.com.mx\/#organization"},"potentialAction":[{"@type":"SearchAction","target":{"@type":"EntryPoint","urlTemplate":"https:\/\/www.sonoraenequipo.com.mx\/?s={search_term_string}"},"query-input":{"@type":"PropertyValueSpecification","valueRequired":true,"valueName":"search_term_string"}}],"inLanguage":"es"},{"@type":"Organization","@id":"https:\/\/www.sonoraenequipo.com.mx\/#organization","name":"Sonoraenequipo.com.mx","url":"https:\/\/www.sonoraenequipo.com.mx\/","logo":{"@type":"ImageObject","inLanguage":"es","@id":"https:\/\/www.sonoraenequipo.com.mx\/#\/schema\/logo\/image\/","url":"https:\/\/www.sonoraenequipo.com.mx\/storage\/2019\/01\/sonoraenequipo_opt.png","contentUrl":"https:\/\/www.sonoraenequipo.com.mx\/storage\/2019\/01\/sonoraenequipo_opt.png","width":375,"height":125,"caption":"Sonoraenequipo.com.mx"},"image":{"@id":"https:\/\/www.sonoraenequipo.com.mx\/#\/schema\/logo\/image\/"},"sameAs":["https:\/\/www.facebook.com\/SonoraEE\/","https:\/\/x.com\/sonoraenequipo","https:\/\/www.youtube.com\/channel\/UC338nW-lPEYmJQs4ZABQ1SQ"]},{"@type":"Person","@id":"https:\/\/www.sonoraenequipo.com.mx\/#\/schema\/person\/50102df0fb23a8fa9e8effad8fa81386","name":"enequipo","image":{"@type":"ImageObject","inLanguage":"es","@id":"https:\/\/www.sonoraenequipo.com.mx\/#\/schema\/person\/image\/","url":"https:\/\/secure.gravatar.com\/avatar\/049821681b589dabc0bc20695993ccebb09f5b5d4d790cd9251b97faac7c652b?s=96&d=blank&r=g","contentUrl":"https:\/\/secure.gravatar.com\/avatar\/049821681b589dabc0bc20695993ccebb09f5b5d4d790cd9251b97faac7c652b?s=96&d=blank&r=g","caption":"enequipo"},"sameAs":["https:\/\/www.facebook.com\/SonoraEE"]}]}},"jetpack_featured_media_url":"https:\/\/www.sonoraenequipo.com.mx\/storage\/2021\/04\/cpa080421.jpg","_links":{"self":[{"href":"https:\/\/www.sonoraenequipo.com.mx\/api\/wp\/v2\/posts\/111093","targetHints":{"allow":["GET"]}}],"collection":[{"href":"https:\/\/www.sonoraenequipo.com.mx\/api\/wp\/v2\/posts"}],"about":[{"href":"https:\/\/www.sonoraenequipo.com.mx\/api\/wp\/v2\/types\/post"}],"author":[{"embeddable":true,"href":"https:\/\/www.sonoraenequipo.com.mx\/api\/wp\/v2\/users\/1"}],"replies":[{"embeddable":true,"href":"https:\/\/www.sonoraenequipo.com.mx\/api\/wp\/v2\/comments?post=111093"}],"version-history":[{"count":1,"href":"https:\/\/www.sonoraenequipo.com.mx\/api\/wp\/v2\/posts\/111093\/revisions"}],"predecessor-version":[{"id":111097,"href":"https:\/\/www.sonoraenequipo.com.mx\/api\/wp\/v2\/posts\/111093\/revisions\/111097"}],"wp:featuredmedia":[{"embeddable":true,"href":"https:\/\/www.sonoraenequipo.com.mx\/api\/wp\/v2\/media\/111095"}],"wp:attachment":[{"href":"https:\/\/www.sonoraenequipo.com.mx\/api\/wp\/v2\/media?parent=111093"}],"wp:term":[{"taxonomy":"category","embeddable":true,"href":"https:\/\/www.sonoraenequipo.com.mx\/api\/wp\/v2\/categories?post=111093"},{"taxonomy":"post_tag","embeddable":true,"href":"https:\/\/www.sonoraenequipo.com.mx\/api\/wp\/v2\/tags?post=111093"}],"curies":[{"name":"wp","href":"https:\/\/api.w.org\/{rel}","templated":true}]}}