{"id":111122,"date":"2021-04-08T21:36:57","date_gmt":"2021-04-09T04:36:57","guid":{"rendered":"https:\/\/www.sonoraenequipo.com.mx\/?p=111122"},"modified":"2021-04-09T09:47:08","modified_gmt":"2021-04-09T16:47:08","slug":"aprueban-con-modificacion-dictamen-de-reforma-a-leyes-fomento-de-la-cultura-y-de-turismo","status":"publish","type":"post","link":"https:\/\/www.sonoraenequipo.com.mx\/aprueban-con-modificacion-dictamen-de-reforma-a-leyes-fomento-de-la-cultura-y-de-turismo\/","title":{"rendered":"Aprueban con modificaci\u00f3n dictamen de reforma a Leyes Fomento de la Cultura y de Turismo"},"content":{"rendered":"<p>HERMOSILLO, SONORA.MX. \u2014 Los diputados de la Comisi\u00f3n de Educaci\u00f3n y Cultura aprobaron con modificaci\u00f3n el proyecto de dictamen de la iniciativa que crea el Cat\u00e1logo Cultural del Estado de Sonora, con el prop\u00f3sito de que sea una herramienta para promover la actividad tur\u00edstica.<\/p>\n<p>&nbsp;<\/p>\n<p> <\/p>\n<p>&nbsp;<\/p>\n<p>El diputado Jos\u00e9 Salvador Urz\u00faa Sol\u00eds, presidente de la comisi\u00f3n, someti\u00f3 a consideraci\u00f3n la iniciativa presentada por los diputados Ferm\u00edn Trujillo Fuentes y Francisco Javier Duarte Flores, con proyecto de Decreto que reforma, deroga y adiciona diversas disposiciones de la Ley de Fomento de la Cultura y Protecci\u00f3n del Patrimonio Cultural del Estado de Sonora y de la Ley de Fomento al Turismo para el Estado de Sonora.<\/p>\n<p>&nbsp;<\/p>\n<p><img loading=\"lazy\" decoding=\"async\" class=\"x-left size-full \" src=\"https:\/\/sonmx.mx\/storage\/2021\/04\/comision-de-Educacionj-y-Cultura-08042021_opt.jpg\" alt=\"\" width=\"711\" height=\"400\" \/>Al destacar algunos de los aspectos de la iniciativa, el diputado Francisco Javier Duarte Flores, impulsor de la misma, se\u00f1al\u00f3 que adem\u00e1s de incrementar el valor de la cultura, multiplicar\u00e1 las oportunidades de desarrollo econ\u00f3mico con base en la actividad tur\u00edstica en aquellas regiones emblem\u00e1ticas que identifican plenamente las ra\u00edces de los sonorenses, particularmente en las regiones en condici\u00f3n de ruralidad.<\/p>\n<p>&nbsp;<\/p>\n<p>&nbsp;<\/p>\n<p>El diputado Duarte Flores solicit\u00f3 modificar el documento debido a que, en la propuesta original, se contempla una disposici\u00f3n en materia de turismo, misma que fue abrogada recientemente, dijo, por las adecuaciones a la nueva Ley Estatal de Turismo de Sonora.<\/p>\n<p>&nbsp;<\/p>\n<p>En la reuni\u00f3n virtual estuvieron presentes los diputados Luis Mario Rivera Aguilar, Mar\u00eda Dolores Del R\u00edo S\u00e1nchez y Mart\u00edn Matrecitos Flores.<\/p>\n<p>&nbsp;<\/p>\n<p>El proyecto de dictamen aprobado por los diputados presentes ser\u00e1 enviado a la Comisi\u00f3n de R\u00e9gimen Interno y Concertaci\u00f3n Pol\u00edtica para que sea incluido en el orden del d\u00eda de una pr\u00f3xima sesi\u00f3n.<\/p>\n<p>&nbsp;<\/p>\n<p>&nbsp;<\/p>\n<p>(Publicada el 08\/04\/2021)<\/p>\n","protected":false},"excerpt":{"rendered":"<p>HERMOSILLO, SONORA.MX. \u2014 Los diputados de la Comisi\u00f3n de Educaci\u00f3n y Cultura aprobaron con modificaci\u00f3n&#8230;<\/p>\n","protected":false},"author":1,"featured_media":111128,"comment_status":"open","ping_status":"open","sticky":false,"template":"","format":"standard","meta":{"_monsterinsights_skip_tracking":false,"_monsterinsights_sitenote_active":false,"_monsterinsights_sitenote_note":"","_monsterinsights_sitenote_category":0,"footnotes":""},"categories":[3281],"tags":[],"class_list":["post"],"yoast_head":" \n<title>Sonora en Equipo. Aprueban con modificaci\u00f3n dictamen de reforma a Leyes Fomento de la Cultura y de Turismo Congreso<\/title>\n<meta name=\"description\" content=\"HERMOSILLO, SONORA.MX. \u2014 Los diputados de la Comisi\u00f3n de Educaci\u00f3n y Cultura aprobaron con modificaci\u00f3n el proyecto de dictamen de la iniciativa que crea En Sonora en Equipo publicamos toda la informaci\u00f3n de Sonora, M\u00e9xico y el Mundo de manera oportuna y busca que la libertad de expresi\u00f3n sea real. Visita nuestro medio informativo publicado desde Hermosillo, Sonora. %\" \/>\n<meta name=\"robots\" content=\"index, follow, max-snippet:-1, max-image-preview:large, max-video-preview:-1\" \/>\n<link rel=\"canonical\" href=\"https:\/\/www.sonoraenequipo.com.mx\/aprueban-con-modificacion-dictamen-de-reforma-a-leyes-fomento-de-la-cultura-y-de-turismo\/\" \/>\n<meta property=\"og:locale\" content=\"es_ES\" \/>\n<meta property=\"og:type\" content=\"article\" \/>\n<meta property=\"og:title\" content=\"Sonora en Equipo. Aprueban con modificaci\u00f3n dictamen de reforma a Leyes Fomento de la Cultura y de Turismo Congreso\" \/>\n<meta property=\"og:description\" content=\"HERMOSILLO, SONORA.MX. \u2014 Los diputados de la Comisi\u00f3n de Educaci\u00f3n y Cultura aprobaron con modificaci\u00f3n el proyecto de dictamen de la iniciativa que crea En Sonora en Equipo publicamos toda la informaci\u00f3n de Sonora, M\u00e9xico y el Mundo de manera oportuna y busca que la libertad de expresi\u00f3n sea real. Visita nuestro medio informativo publicado desde Hermosillo, Sonora. %\" \/>\n<meta property=\"og:url\" content=\"https:\/\/www.sonoraenequipo.com.mx\/aprueban-con-modificacion-dictamen-de-reforma-a-leyes-fomento-de-la-cultura-y-de-turismo\/\" \/>\n<meta property=\"og:site_name\" content=\"Sonora en Equipo.\" \/>\n<meta property=\"article:publisher\" content=\"https:\/\/www.facebook.com\/SonoraEE\/\" \/>\n<meta property=\"article:author\" content=\"https:\/\/www.facebook.com\/SonoraEE\" \/>\n<meta property=\"article:published_time\" content=\"2021-04-09T04:36:57+00:00\" \/>\n<meta property=\"article:modified_time\" content=\"2021-04-09T16:47:08+00:00\" \/>\n<meta property=\"og:image\" content=\"https:\/\/www.sonoraenequipo.com.mx\/storage\/2021\/04\/comision-de-Educacionj-y-Cultura-08042021-6_opt.jpg\" \/>\n\t<meta property=\"og:image:width\" content=\"711\" \/>\n\t<meta property=\"og:image:height\" content=\"400\" \/>\n\t<meta property=\"og:image:type\" content=\"image\/jpeg\" \/>\n<meta name=\"author\" content=\"enequipo\" \/>\n<meta name=\"twitter:card\" content=\"summary_large_image\" \/>\n<meta name=\"twitter:creator\" content=\"@sonoraenequipo\" \/>\n<meta name=\"twitter:site\" content=\"@sonoraenequipo\" \/>\n<meta name=\"twitter:label1\" content=\"Escrito por\" \/>\n\t<meta name=\"twitter:data1\" content=\"enequipo\" \/>\n\t<meta name=\"twitter:label2\" content=\"Tiempo de lectura\" \/>\n\t<meta name=\"twitter:data2\" content=\"2 minutos\" \/>\n<script type=\"application\/ld+json\" class=\"yoast-schema-graph\">{\"@context\":\"https:\/\/schema.org\",\"@graph\":[{\"@type\":\"Article\",\"@id\":\"https:\/\/www.sonoraenequipo.com.mx\/aprueban-con-modificacion-dictamen-de-reforma-a-leyes-fomento-de-la-cultura-y-de-turismo\/#article\",\"isPartOf\":{\"@id\":\"https:\/\/www.sonoraenequipo.com.mx\/aprueban-con-modificacion-dictamen-de-reforma-a-leyes-fomento-de-la-cultura-y-de-turismo\/\"},\"author\":{\"name\":\"enequipo\",\"@id\":\"https:\/\/www.sonoraenequipo.com.mx\/#\/schema\/person\/50102df0fb23a8fa9e8effad8fa81386\"},\"headline\":\"Aprueban con modificaci\u00f3n dictamen de reforma a Leyes Fomento de la Cultura y de Turismo\",\"datePublished\":\"2021-04-09T04:36:57+00:00\",\"dateModified\":\"2021-04-09T16:47:08+00:00\",\"mainEntityOfPage\":{\"@id\":\"https:\/\/www.sonoraenequipo.com.mx\/aprueban-con-modificacion-dictamen-de-reforma-a-leyes-fomento-de-la-cultura-y-de-turismo\/\"},\"wordCount\":327,\"commentCount\":0,\"publisher\":{\"@id\":\"https:\/\/www.sonoraenequipo.com.mx\/#organization\"},\"image\":{\"@id\":\"https:\/\/www.sonoraenequipo.com.mx\/aprueban-con-modificacion-dictamen-de-reforma-a-leyes-fomento-de-la-cultura-y-de-turismo\/#primaryimage\"},\"thumbnailUrl\":\"https:\/\/www.sonoraenequipo.com.mx\/storage\/2021\/04\/comision-de-Educacionj-y-Cultura-08042021-6_opt.jpg\",\"articleSection\":[\"Congreso\"],\"inLanguage\":\"es\",\"potentialAction\":[{\"@type\":\"CommentAction\",\"name\":\"Comment\",\"target\":[\"https:\/\/www.sonoraenequipo.com.mx\/aprueban-con-modificacion-dictamen-de-reforma-a-leyes-fomento-de-la-cultura-y-de-turismo\/#respond\"]}]},{\"@type\":\"WebPage\",\"@id\":\"https:\/\/www.sonoraenequipo.com.mx\/aprueban-con-modificacion-dictamen-de-reforma-a-leyes-fomento-de-la-cultura-y-de-turismo\/\",\"url\":\"https:\/\/www.sonoraenequipo.com.mx\/aprueban-con-modificacion-dictamen-de-reforma-a-leyes-fomento-de-la-cultura-y-de-turismo\/\",\"name\":\"Sonora en Equipo. Aprueban con modificaci\u00f3n dictamen de reforma a Leyes Fomento de la Cultura y de Turismo Congreso\",\"isPartOf\":{\"@id\":\"https:\/\/www.sonoraenequipo.com.mx\/#website\"},\"primaryImageOfPage\":{\"@id\":\"https:\/\/www.sonoraenequipo.com.mx\/aprueban-con-modificacion-dictamen-de-reforma-a-leyes-fomento-de-la-cultura-y-de-turismo\/#primaryimage\"},\"image\":{\"@id\":\"https:\/\/www.sonoraenequipo.com.mx\/aprueban-con-modificacion-dictamen-de-reforma-a-leyes-fomento-de-la-cultura-y-de-turismo\/#primaryimage\"},\"thumbnailUrl\":\"https:\/\/www.sonoraenequipo.com.mx\/storage\/2021\/04\/comision-de-Educacionj-y-Cultura-08042021-6_opt.jpg\",\"datePublished\":\"2021-04-09T04:36:57+00:00\",\"dateModified\":\"2021-04-09T16:47:08+00:00\",\"description\":\"HERMOSILLO, SONORA.MX. \u2014 Los diputados de la Comisi\u00f3n de Educaci\u00f3n y Cultura aprobaron con modificaci\u00f3n el proyecto de dictamen de la iniciativa que crea En Sonora en Equipo publicamos toda la informaci\u00f3n de Sonora, M\u00e9xico y el Mundo de manera oportuna y busca que la libertad de expresi\u00f3n sea real. Visita nuestro medio informativo publicado desde Hermosillo, Sonora. %\",\"breadcrumb\":{\"@id\":\"https:\/\/www.sonoraenequipo.com.mx\/aprueban-con-modificacion-dictamen-de-reforma-a-leyes-fomento-de-la-cultura-y-de-turismo\/#breadcrumb\"},\"inLanguage\":\"es\",\"potentialAction\":[{\"@type\":\"ReadAction\",\"target\":[\"https:\/\/www.sonoraenequipo.com.mx\/aprueban-con-modificacion-dictamen-de-reforma-a-leyes-fomento-de-la-cultura-y-de-turismo\/\"]}]},{\"@type\":\"ImageObject\",\"inLanguage\":\"es\",\"@id\":\"https:\/\/www.sonoraenequipo.com.mx\/aprueban-con-modificacion-dictamen-de-reforma-a-leyes-fomento-de-la-cultura-y-de-turismo\/#primaryimage\",\"url\":\"https:\/\/www.sonoraenequipo.com.mx\/storage\/2021\/04\/comision-de-Educacionj-y-Cultura-08042021-6_opt.jpg\",\"contentUrl\":\"https:\/\/www.sonoraenequipo.com.mx\/storage\/2021\/04\/comision-de-Educacionj-y-Cultura-08042021-6_opt.jpg\",\"width\":711,\"height\":400},{\"@type\":\"BreadcrumbList\",\"@id\":\"https:\/\/www.sonoraenequipo.com.mx\/aprueban-con-modificacion-dictamen-de-reforma-a-leyes-fomento-de-la-cultura-y-de-turismo\/#breadcrumb\",\"itemListElement\":[{\"@type\":\"ListItem\",\"position\":1,\"name\":\"Portada\",\"item\":\"https:\/\/www.sonoraenequipo.com.mx\/\"},{\"@type\":\"ListItem\",\"position\":2,\"name\":\"Aprueban con modificaci\u00f3n dictamen de reforma a Leyes Fomento de la Cultura y de Turismo\"}]},{\"@type\":\"WebSite\",\"@id\":\"https:\/\/www.sonoraenequipo.com.mx\/#website\",\"url\":\"https:\/\/www.sonoraenequipo.com.mx\/\",\"name\":\"Sonora en Equipo.\",\"description\":\"Diario en l\u00ednea con Noticias desde Hermosillo, Sonora\",\"publisher\":{\"@id\":\"https:\/\/www.sonoraenequipo.com.mx\/#organization\"},\"potentialAction\":[{\"@type\":\"SearchAction\",\"target\":{\"@type\":\"EntryPoint\",\"urlTemplate\":\"https:\/\/www.sonoraenequipo.com.mx\/?s={search_term_string}\"},\"query-input\":{\"@type\":\"PropertyValueSpecification\",\"valueRequired\":true,\"valueName\":\"search_term_string\"}}],\"inLanguage\":\"es\"},{\"@type\":\"Organization\",\"@id\":\"https:\/\/www.sonoraenequipo.com.mx\/#organization\",\"name\":\"Sonoraenequipo.com.mx\",\"url\":\"https:\/\/www.sonoraenequipo.com.mx\/\",\"logo\":{\"@type\":\"ImageObject\",\"inLanguage\":\"es\",\"@id\":\"https:\/\/www.sonoraenequipo.com.mx\/#\/schema\/logo\/image\/\",\"url\":\"https:\/\/www.sonoraenequipo.com.mx\/storage\/2019\/01\/sonoraenequipo_opt.png\",\"contentUrl\":\"https:\/\/www.sonoraenequipo.com.mx\/storage\/2019\/01\/sonoraenequipo_opt.png\",\"width\":375,\"height\":125,\"caption\":\"Sonoraenequipo.com.mx\"},\"image\":{\"@id\":\"https:\/\/www.sonoraenequipo.com.mx\/#\/schema\/logo\/image\/\"},\"sameAs\":[\"https:\/\/www.facebook.com\/SonoraEE\/\",\"https:\/\/x.com\/sonoraenequipo\",\"https:\/\/www.youtube.com\/channel\/UC338nW-lPEYmJQs4ZABQ1SQ\"]},{\"@type\":\"Person\",\"@id\":\"https:\/\/www.sonoraenequipo.com.mx\/#\/schema\/person\/50102df0fb23a8fa9e8effad8fa81386\",\"name\":\"enequipo\",\"image\":{\"@type\":\"ImageObject\",\"inLanguage\":\"es\",\"@id\":\"https:\/\/www.sonoraenequipo.com.mx\/#\/schema\/person\/image\/\",\"url\":\"https:\/\/secure.gravatar.com\/avatar\/049821681b589dabc0bc20695993ccebb09f5b5d4d790cd9251b97faac7c652b?s=96&d=blank&r=g\",\"contentUrl\":\"https:\/\/secure.gravatar.com\/avatar\/049821681b589dabc0bc20695993ccebb09f5b5d4d790cd9251b97faac7c652b?s=96&d=blank&r=g\",\"caption\":\"enequipo\"},\"sameAs\":[\"https:\/\/www.facebook.com\/SonoraEE\"]}]}<\/script>\n ","yoast_head_json":{"title":"Sonora en Equipo. Aprueban con modificaci\u00f3n dictamen de reforma a Leyes Fomento de la Cultura y de Turismo Congreso","description":"HERMOSILLO, SONORA.MX. \u2014 Los diputados de la Comisi\u00f3n de Educaci\u00f3n y Cultura aprobaron con modificaci\u00f3n el proyecto de dictamen de la iniciativa que crea En Sonora en Equipo publicamos toda la informaci\u00f3n de Sonora, M\u00e9xico y el Mundo de manera oportuna y busca que la libertad de expresi\u00f3n sea real. Visita nuestro medio informativo publicado desde Hermosillo, Sonora. %","robots":{"index":"index","follow":"follow","max-snippet":"max-snippet:-1","max-image-preview":"max-image-preview:large","max-video-preview":"max-video-preview:-1"},"canonical":"https:\/\/www.sonoraenequipo.com.mx\/aprueban-con-modificacion-dictamen-de-reforma-a-leyes-fomento-de-la-cultura-y-de-turismo\/","og_locale":"es_ES","og_type":"article","og_title":"Sonora en Equipo. Aprueban con modificaci\u00f3n dictamen de reforma a Leyes Fomento de la Cultura y de Turismo Congreso","og_description":"HERMOSILLO, SONORA.MX. \u2014 Los diputados de la Comisi\u00f3n de Educaci\u00f3n y Cultura aprobaron con modificaci\u00f3n el proyecto de dictamen de la iniciativa que crea En Sonora en Equipo publicamos toda la informaci\u00f3n de Sonora, M\u00e9xico y el Mundo de manera oportuna y busca que la libertad de expresi\u00f3n sea real. Visita nuestro medio informativo publicado desde Hermosillo, Sonora. %","og_url":"https:\/\/www.sonoraenequipo.com.mx\/aprueban-con-modificacion-dictamen-de-reforma-a-leyes-fomento-de-la-cultura-y-de-turismo\/","og_site_name":"Sonora en Equipo.","article_publisher":"https:\/\/www.facebook.com\/SonoraEE\/","article_author":"https:\/\/www.facebook.com\/SonoraEE","article_published_time":"2021-04-09T04:36:57+00:00","article_modified_time":"2021-04-09T16:47:08+00:00","og_image":[{"width":711,"height":400,"url":"https:\/\/www.sonoraenequipo.com.mx\/storage\/2021\/04\/comision-de-Educacionj-y-Cultura-08042021-6_opt.jpg","type":"image\/jpeg"}],"author":"enequipo","twitter_card":"summary_large_image","twitter_creator":"@sonoraenequipo","twitter_site":"@sonoraenequipo","twitter_misc":{"Escrito por":"enequipo","Tiempo de lectura":"2 minutos"},"schema":{"@context":"https:\/\/schema.org","@graph":[{"@type":"Article","@id":"https:\/\/www.sonoraenequipo.com.mx\/aprueban-con-modificacion-dictamen-de-reforma-a-leyes-fomento-de-la-cultura-y-de-turismo\/#article","isPartOf":{"@id":"https:\/\/www.sonoraenequipo.com.mx\/aprueban-con-modificacion-dictamen-de-reforma-a-leyes-fomento-de-la-cultura-y-de-turismo\/"},"author":{"name":"enequipo","@id":"https:\/\/www.sonoraenequipo.com.mx\/#\/schema\/person\/50102df0fb23a8fa9e8effad8fa81386"},"headline":"Aprueban con modificaci\u00f3n dictamen de reforma a Leyes Fomento de la Cultura y de Turismo","datePublished":"2021-04-09T04:36:57+00:00","dateModified":"2021-04-09T16:47:08+00:00","mainEntityOfPage":{"@id":"https:\/\/www.sonoraenequipo.com.mx\/aprueban-con-modificacion-dictamen-de-reforma-a-leyes-fomento-de-la-cultura-y-de-turismo\/"},"wordCount":327,"commentCount":0,"publisher":{"@id":"https:\/\/www.sonoraenequipo.com.mx\/#organization"},"image":{"@id":"https:\/\/www.sonoraenequipo.com.mx\/aprueban-con-modificacion-dictamen-de-reforma-a-leyes-fomento-de-la-cultura-y-de-turismo\/#primaryimage"},"thumbnailUrl":"https:\/\/www.sonoraenequipo.com.mx\/storage\/2021\/04\/comision-de-Educacionj-y-Cultura-08042021-6_opt.jpg","articleSection":["Congreso"],"inLanguage":"es","potentialAction":[{"@type":"CommentAction","name":"Comment","target":["https:\/\/www.sonoraenequipo.com.mx\/aprueban-con-modificacion-dictamen-de-reforma-a-leyes-fomento-de-la-cultura-y-de-turismo\/#respond"]}]},{"@type":"WebPage","@id":"https:\/\/www.sonoraenequipo.com.mx\/aprueban-con-modificacion-dictamen-de-reforma-a-leyes-fomento-de-la-cultura-y-de-turismo\/","url":"https:\/\/www.sonoraenequipo.com.mx\/aprueban-con-modificacion-dictamen-de-reforma-a-leyes-fomento-de-la-cultura-y-de-turismo\/","name":"Sonora en Equipo. Aprueban con modificaci\u00f3n dictamen de reforma a Leyes Fomento de la Cultura y de Turismo Congreso","isPartOf":{"@id":"https:\/\/www.sonoraenequipo.com.mx\/#website"},"primaryImageOfPage":{"@id":"https:\/\/www.sonoraenequipo.com.mx\/aprueban-con-modificacion-dictamen-de-reforma-a-leyes-fomento-de-la-cultura-y-de-turismo\/#primaryimage"},"image":{"@id":"https:\/\/www.sonoraenequipo.com.mx\/aprueban-con-modificacion-dictamen-de-reforma-a-leyes-fomento-de-la-cultura-y-de-turismo\/#primaryimage"},"thumbnailUrl":"https:\/\/www.sonoraenequipo.com.mx\/storage\/2021\/04\/comision-de-Educacionj-y-Cultura-08042021-6_opt.jpg","datePublished":"2021-04-09T04:36:57+00:00","dateModified":"2021-04-09T16:47:08+00:00","description":"HERMOSILLO, SONORA.MX. \u2014 Los diputados de la Comisi\u00f3n de Educaci\u00f3n y Cultura aprobaron con modificaci\u00f3n el proyecto de dictamen de la iniciativa que crea En Sonora en Equipo publicamos toda la informaci\u00f3n de Sonora, M\u00e9xico y el Mundo de manera oportuna y busca que la libertad de expresi\u00f3n sea real. Visita nuestro medio informativo publicado desde Hermosillo, Sonora. %","breadcrumb":{"@id":"https:\/\/www.sonoraenequipo.com.mx\/aprueban-con-modificacion-dictamen-de-reforma-a-leyes-fomento-de-la-cultura-y-de-turismo\/#breadcrumb"},"inLanguage":"es","potentialAction":[{"@type":"ReadAction","target":["https:\/\/www.sonoraenequipo.com.mx\/aprueban-con-modificacion-dictamen-de-reforma-a-leyes-fomento-de-la-cultura-y-de-turismo\/"]}]},{"@type":"ImageObject","inLanguage":"es","@id":"https:\/\/www.sonoraenequipo.com.mx\/aprueban-con-modificacion-dictamen-de-reforma-a-leyes-fomento-de-la-cultura-y-de-turismo\/#primaryimage","url":"https:\/\/www.sonoraenequipo.com.mx\/storage\/2021\/04\/comision-de-Educacionj-y-Cultura-08042021-6_opt.jpg","contentUrl":"https:\/\/www.sonoraenequipo.com.mx\/storage\/2021\/04\/comision-de-Educacionj-y-Cultura-08042021-6_opt.jpg","width":711,"height":400},{"@type":"BreadcrumbList","@id":"https:\/\/www.sonoraenequipo.com.mx\/aprueban-con-modificacion-dictamen-de-reforma-a-leyes-fomento-de-la-cultura-y-de-turismo\/#breadcrumb","itemListElement":[{"@type":"ListItem","position":1,"name":"Portada","item":"https:\/\/www.sonoraenequipo.com.mx\/"},{"@type":"ListItem","position":2,"name":"Aprueban con modificaci\u00f3n dictamen de reforma a Leyes Fomento de la Cultura y de Turismo"}]},{"@type":"WebSite","@id":"https:\/\/www.sonoraenequipo.com.mx\/#website","url":"https:\/\/www.sonoraenequipo.com.mx\/","name":"Sonora en Equipo.","description":"Diario en l\u00ednea con Noticias desde Hermosillo, Sonora","publisher":{"@id":"https:\/\/www.sonoraenequipo.com.mx\/#organization"},"potentialAction":[{"@type":"SearchAction","target":{"@type":"EntryPoint","urlTemplate":"https:\/\/www.sonoraenequipo.com.mx\/?s={search_term_string}"},"query-input":{"@type":"PropertyValueSpecification","valueRequired":true,"valueName":"search_term_string"}}],"inLanguage":"es"},{"@type":"Organization","@id":"https:\/\/www.sonoraenequipo.com.mx\/#organization","name":"Sonoraenequipo.com.mx","url":"https:\/\/www.sonoraenequipo.com.mx\/","logo":{"@type":"ImageObject","inLanguage":"es","@id":"https:\/\/www.sonoraenequipo.com.mx\/#\/schema\/logo\/image\/","url":"https:\/\/www.sonoraenequipo.com.mx\/storage\/2019\/01\/sonoraenequipo_opt.png","contentUrl":"https:\/\/www.sonoraenequipo.com.mx\/storage\/2019\/01\/sonoraenequipo_opt.png","width":375,"height":125,"caption":"Sonoraenequipo.com.mx"},"image":{"@id":"https:\/\/www.sonoraenequipo.com.mx\/#\/schema\/logo\/image\/"},"sameAs":["https:\/\/www.facebook.com\/SonoraEE\/","https:\/\/x.com\/sonoraenequipo","https:\/\/www.youtube.com\/channel\/UC338nW-lPEYmJQs4ZABQ1SQ"]},{"@type":"Person","@id":"https:\/\/www.sonoraenequipo.com.mx\/#\/schema\/person\/50102df0fb23a8fa9e8effad8fa81386","name":"enequipo","image":{"@type":"ImageObject","inLanguage":"es","@id":"https:\/\/www.sonoraenequipo.com.mx\/#\/schema\/person\/image\/","url":"https:\/\/secure.gravatar.com\/avatar\/049821681b589dabc0bc20695993ccebb09f5b5d4d790cd9251b97faac7c652b?s=96&d=blank&r=g","contentUrl":"https:\/\/secure.gravatar.com\/avatar\/049821681b589dabc0bc20695993ccebb09f5b5d4d790cd9251b97faac7c652b?s=96&d=blank&r=g","caption":"enequipo"},"sameAs":["https:\/\/www.facebook.com\/SonoraEE"]}]}},"jetpack_featured_media_url":"https:\/\/www.sonoraenequipo.com.mx\/storage\/2021\/04\/comision-de-Educacionj-y-Cultura-08042021-6_opt.jpg","_links":{"self":[{"href":"https:\/\/www.sonoraenequipo.com.mx\/api\/wp\/v2\/posts\/111122","targetHints":{"allow":["GET"]}}],"collection":[{"href":"https:\/\/www.sonoraenequipo.com.mx\/api\/wp\/v2\/posts"}],"about":[{"href":"https:\/\/www.sonoraenequipo.com.mx\/api\/wp\/v2\/types\/post"}],"author":[{"embeddable":true,"href":"https:\/\/www.sonoraenequipo.com.mx\/api\/wp\/v2\/users\/1"}],"replies":[{"embeddable":true,"href":"https:\/\/www.sonoraenequipo.com.mx\/api\/wp\/v2\/comments?post=111122"}],"version-history":[{"count":1,"href":"https:\/\/www.sonoraenequipo.com.mx\/api\/wp\/v2\/posts\/111122\/revisions"}],"predecessor-version":[{"id":111129,"href":"https:\/\/www.sonoraenequipo.com.mx\/api\/wp\/v2\/posts\/111122\/revisions\/111129"}],"wp:featuredmedia":[{"embeddable":true,"href":"https:\/\/www.sonoraenequipo.com.mx\/api\/wp\/v2\/media\/111128"}],"wp:attachment":[{"href":"https:\/\/www.sonoraenequipo.com.mx\/api\/wp\/v2\/media?parent=111122"}],"wp:term":[{"taxonomy":"category","embeddable":true,"href":"https:\/\/www.sonoraenequipo.com.mx\/api\/wp\/v2\/categories?post=111122"},{"taxonomy":"post_tag","embeddable":true,"href":"https:\/\/www.sonoraenequipo.com.mx\/api\/wp\/v2\/tags?post=111122"}],"curies":[{"name":"wp","href":"https:\/\/api.w.org\/{rel}","templated":true}]}}