{"id":111130,"date":"2021-04-08T22:45:40","date_gmt":"2021-04-09T05:45:40","guid":{"rendered":"https:\/\/www.sonoraenequipo.com.mx\/?p=111130"},"modified":"2021-04-09T09:54:05","modified_gmt":"2021-04-09T16:54:05","slug":"fiscalia-de-justicia-de-sonora-brinda-apoyo-en-busquedas-a-colectivos-de-cajeme-guaymas-y-nogales","status":"publish","type":"post","link":"https:\/\/www.sonoraenequipo.com.mx\/fiscalia-de-justicia-de-sonora-brinda-apoyo-en-busquedas-a-colectivos-de-cajeme-guaymas-y-nogales\/","title":{"rendered":"Fiscal\u00eda de Justicia de Sonora brinda apoyo en b\u00fasquedas a colectivos de Cajeme, Guaymas y Nogales"},"content":{"rendered":"<p>HERMOSILLO, SONORA. MX. \u2014 En Cajeme, Guaymas y Nogales, personal de diferentes \u00e1reas de la Fiscal\u00eda General de Justicia del Estado de Sonora (FGJE) ha brindado apoyo a los diferentes colectivos de b\u00fasqueda de personas.<\/p>\n<p>&nbsp;<\/p>\n<p> <\/p>\n<p>&nbsp;<\/p>\n<p>Elementos de la Agencia Ministerial de Investigaci\u00f3n Criminal (AMIC) y expertos de Servicios Periciales acompa\u00f1aron a las integrantes de los colectivos entre mi\u00e9rcoles y jueves, donde se realizaron hallazgos de restos \u00f3seos.<\/p>\n<p>&nbsp;<\/p>\n<p>Expertos peritos del Laboratorio de Inteligencia Cient\u00edfico Forense (CIF), de la Fiscal\u00eda de Sonora, analizan los restos con diversas pruebas, como de Gen\u00e9tica, para determinar las identidades y tambi\u00e9n las posibles causas de los decesos.<\/p>\n<p>&nbsp;<\/p>\n<p>En la frontera, el colectivo de Buscadoras de la Frontera de Nogales realiz\u00f3 el hallazgo de un cuerpo con vestimenta, en un predio ubicado a 40 metros del Corredor Fiscal, al Poniente de la colonia Pueblitos.<\/p>\n<p>&nbsp;<\/p>\n<p><img loading=\"lazy\" decoding=\"async\" class=\"size-medium  x-right\" src=\"https:\/\/www.sonoraenequipo.com.mx\/storage\/2021\/04\/buscando-restos_opt-486x365.jpg\" alt=\"\" width=\"486\" height=\"365\" \/>Por las ropas, determin\u00f3 la probable identidad que corresponde a una persona del sexo femenino, reportada como desaparecida en febrero de 2019, familiares hicieron el reconocimiento visual, pero se realizar\u00e1 comparativa de ADN para verificar.<\/p>\n<p>&nbsp;<\/p>\n<p>Las Guerreras Buscadoras de Ciudad Obreg\u00f3n reportaron el hallazgo de restos \u00f3seos en un predio enmontado, en San Ignacio R\u00edo Muerto, el cual estaba a una profundidad de 22 cent\u00edmetros, as\u00ed como de restos de prenda.<\/p>\n<p>&nbsp;<\/p>\n<p>En Guaymas, se hizo el hallazgo de restos \u00f3seos calcinados en el relleno sanitario ubicado en La Cuadrita por Guerreras Buscadoras de Sonora y Personal de la Comisi\u00f3n Nacional de B\u00fasqueda de Personas Desaparecidas<\/p>\n<p>&nbsp;<\/p>\n<p>Los mismos grupos hab\u00edan realizado el hallazgo de fragmentos de restos \u00f3seos calcinados en seis diferentes \u00e1reas ubicadas en el relleno sanitario ubicado en La Cuadrita, los cuales fueron procesados por personal de Servicios Periciales.<\/p>\n<p>&nbsp;<\/p>\n<p>(Publicada el 08\/04\/2021)<\/p>\n","protected":false},"excerpt":{"rendered":"<p>HERMOSILLO, SONORA. MX. \u2014 En Cajeme, Guaymas y Nogales, personal de diferentes \u00e1reas de la&#8230;<\/p>\n","protected":false},"author":1,"featured_media":111123,"comment_status":"open","ping_status":"open","sticky":false,"template":"","format":"standard","meta":{"_monsterinsights_skip_tracking":false,"_monsterinsights_sitenote_active":false,"_monsterinsights_sitenote_note":"","_monsterinsights_sitenote_category":0,"footnotes":""},"categories":[22],"tags":[],"class_list":["post"],"yoast_head":" \n<title>Sonora en Equipo. Fiscal\u00eda de Justicia de Sonora brinda apoyo en b\u00fasquedas a colectivos de Cajeme, Guaymas y Nogales Sonora<\/title>\n<meta name=\"description\" content=\"HERMOSILLO, SONORA. MX. \u2014 En Cajeme, Guaymas y Nogales, personal de diferentes \u00e1reas de la Fiscal\u00eda General de Justicia del Estado de Sonora (FGJE) ha En Sonora en Equipo publicamos toda la informaci\u00f3n de Sonora, M\u00e9xico y el Mundo de manera oportuna y busca que la libertad de expresi\u00f3n sea real. Visita nuestro medio informativo publicado desde Hermosillo, Sonora. %\" \/>\n<meta name=\"robots\" content=\"index, follow, max-snippet:-1, max-image-preview:large, max-video-preview:-1\" \/>\n<link rel=\"canonical\" href=\"https:\/\/www.sonoraenequipo.com.mx\/fiscalia-de-justicia-de-sonora-brinda-apoyo-en-busquedas-a-colectivos-de-cajeme-guaymas-y-nogales\/\" \/>\n<meta property=\"og:locale\" content=\"es_ES\" \/>\n<meta property=\"og:type\" content=\"article\" \/>\n<meta property=\"og:title\" content=\"Sonora en Equipo. Fiscal\u00eda de Justicia de Sonora brinda apoyo en b\u00fasquedas a colectivos de Cajeme, Guaymas y Nogales Sonora\" \/>\n<meta property=\"og:description\" content=\"HERMOSILLO, SONORA. MX. \u2014 En Cajeme, Guaymas y Nogales, personal de diferentes \u00e1reas de la Fiscal\u00eda General de Justicia del Estado de Sonora (FGJE) ha En Sonora en Equipo publicamos toda la informaci\u00f3n de Sonora, M\u00e9xico y el Mundo de manera oportuna y busca que la libertad de expresi\u00f3n sea real. Visita nuestro medio informativo publicado desde Hermosillo, Sonora. %\" \/>\n<meta property=\"og:url\" content=\"https:\/\/www.sonoraenequipo.com.mx\/fiscalia-de-justicia-de-sonora-brinda-apoyo-en-busquedas-a-colectivos-de-cajeme-guaymas-y-nogales\/\" \/>\n<meta property=\"og:site_name\" content=\"Sonora en Equipo.\" \/>\n<meta property=\"article:publisher\" content=\"https:\/\/www.facebook.com\/SonoraEE\/\" \/>\n<meta property=\"article:author\" content=\"https:\/\/www.facebook.com\/SonoraEE\" \/>\n<meta property=\"article:published_time\" content=\"2021-04-09T05:45:40+00:00\" \/>\n<meta property=\"article:modified_time\" content=\"2021-04-09T16:54:05+00:00\" \/>\n<meta property=\"og:image\" content=\"https:\/\/www.sonoraenequipo.com.mx\/storage\/2021\/04\/semefo_encuentran-cadaveres_opt.jpg\" \/>\n\t<meta property=\"og:image:width\" content=\"772\" \/>\n\t<meta property=\"og:image:height\" content=\"400\" \/>\n\t<meta property=\"og:image:type\" content=\"image\/jpeg\" \/>\n<meta name=\"author\" content=\"enequipo\" \/>\n<meta name=\"twitter:card\" content=\"summary_large_image\" \/>\n<meta name=\"twitter:creator\" content=\"@sonoraenequipo\" \/>\n<meta name=\"twitter:site\" content=\"@sonoraenequipo\" \/>\n<meta name=\"twitter:label1\" content=\"Escrito por\" \/>\n\t<meta name=\"twitter:data1\" content=\"enequipo\" \/>\n\t<meta name=\"twitter:label2\" content=\"Tiempo de lectura\" \/>\n\t<meta name=\"twitter:data2\" content=\"2 minutos\" \/>\n<script type=\"application\/ld+json\" class=\"yoast-schema-graph\">{\"@context\":\"https:\/\/schema.org\",\"@graph\":[{\"@type\":\"Article\",\"@id\":\"https:\/\/www.sonoraenequipo.com.mx\/fiscalia-de-justicia-de-sonora-brinda-apoyo-en-busquedas-a-colectivos-de-cajeme-guaymas-y-nogales\/#article\",\"isPartOf\":{\"@id\":\"https:\/\/www.sonoraenequipo.com.mx\/fiscalia-de-justicia-de-sonora-brinda-apoyo-en-busquedas-a-colectivos-de-cajeme-guaymas-y-nogales\/\"},\"author\":{\"name\":\"enequipo\",\"@id\":\"https:\/\/www.sonoraenequipo.com.mx\/#\/schema\/person\/50102df0fb23a8fa9e8effad8fa81386\"},\"headline\":\"Fiscal\u00eda de Justicia de Sonora brinda apoyo en b\u00fasquedas a colectivos de Cajeme, Guaymas y Nogales\",\"datePublished\":\"2021-04-09T05:45:40+00:00\",\"dateModified\":\"2021-04-09T16:54:05+00:00\",\"mainEntityOfPage\":{\"@id\":\"https:\/\/www.sonoraenequipo.com.mx\/fiscalia-de-justicia-de-sonora-brinda-apoyo-en-busquedas-a-colectivos-de-cajeme-guaymas-y-nogales\/\"},\"wordCount\":318,\"commentCount\":0,\"publisher\":{\"@id\":\"https:\/\/www.sonoraenequipo.com.mx\/#organization\"},\"image\":{\"@id\":\"https:\/\/www.sonoraenequipo.com.mx\/fiscalia-de-justicia-de-sonora-brinda-apoyo-en-busquedas-a-colectivos-de-cajeme-guaymas-y-nogales\/#primaryimage\"},\"thumbnailUrl\":\"https:\/\/www.sonoraenequipo.com.mx\/storage\/2021\/04\/semefo_encuentran-cadaveres_opt.jpg\",\"articleSection\":[\"Sonora\"],\"inLanguage\":\"es\",\"potentialAction\":[{\"@type\":\"CommentAction\",\"name\":\"Comment\",\"target\":[\"https:\/\/www.sonoraenequipo.com.mx\/fiscalia-de-justicia-de-sonora-brinda-apoyo-en-busquedas-a-colectivos-de-cajeme-guaymas-y-nogales\/#respond\"]}]},{\"@type\":\"WebPage\",\"@id\":\"https:\/\/www.sonoraenequipo.com.mx\/fiscalia-de-justicia-de-sonora-brinda-apoyo-en-busquedas-a-colectivos-de-cajeme-guaymas-y-nogales\/\",\"url\":\"https:\/\/www.sonoraenequipo.com.mx\/fiscalia-de-justicia-de-sonora-brinda-apoyo-en-busquedas-a-colectivos-de-cajeme-guaymas-y-nogales\/\",\"name\":\"Sonora en Equipo. Fiscal\u00eda de Justicia de Sonora brinda apoyo en b\u00fasquedas a colectivos de Cajeme, Guaymas y Nogales Sonora\",\"isPartOf\":{\"@id\":\"https:\/\/www.sonoraenequipo.com.mx\/#website\"},\"primaryImageOfPage\":{\"@id\":\"https:\/\/www.sonoraenequipo.com.mx\/fiscalia-de-justicia-de-sonora-brinda-apoyo-en-busquedas-a-colectivos-de-cajeme-guaymas-y-nogales\/#primaryimage\"},\"image\":{\"@id\":\"https:\/\/www.sonoraenequipo.com.mx\/fiscalia-de-justicia-de-sonora-brinda-apoyo-en-busquedas-a-colectivos-de-cajeme-guaymas-y-nogales\/#primaryimage\"},\"thumbnailUrl\":\"https:\/\/www.sonoraenequipo.com.mx\/storage\/2021\/04\/semefo_encuentran-cadaveres_opt.jpg\",\"datePublished\":\"2021-04-09T05:45:40+00:00\",\"dateModified\":\"2021-04-09T16:54:05+00:00\",\"description\":\"HERMOSILLO, SONORA. MX. \u2014 En Cajeme, Guaymas y Nogales, personal de diferentes \u00e1reas de la Fiscal\u00eda General de Justicia del Estado de Sonora (FGJE) ha En Sonora en Equipo publicamos toda la informaci\u00f3n de Sonora, M\u00e9xico y el Mundo de manera oportuna y busca que la libertad de expresi\u00f3n sea real. Visita nuestro medio informativo publicado desde Hermosillo, Sonora. %\",\"breadcrumb\":{\"@id\":\"https:\/\/www.sonoraenequipo.com.mx\/fiscalia-de-justicia-de-sonora-brinda-apoyo-en-busquedas-a-colectivos-de-cajeme-guaymas-y-nogales\/#breadcrumb\"},\"inLanguage\":\"es\",\"potentialAction\":[{\"@type\":\"ReadAction\",\"target\":[\"https:\/\/www.sonoraenequipo.com.mx\/fiscalia-de-justicia-de-sonora-brinda-apoyo-en-busquedas-a-colectivos-de-cajeme-guaymas-y-nogales\/\"]}]},{\"@type\":\"ImageObject\",\"inLanguage\":\"es\",\"@id\":\"https:\/\/www.sonoraenequipo.com.mx\/fiscalia-de-justicia-de-sonora-brinda-apoyo-en-busquedas-a-colectivos-de-cajeme-guaymas-y-nogales\/#primaryimage\",\"url\":\"https:\/\/www.sonoraenequipo.com.mx\/storage\/2021\/04\/semefo_encuentran-cadaveres_opt.jpg\",\"contentUrl\":\"https:\/\/www.sonoraenequipo.com.mx\/storage\/2021\/04\/semefo_encuentran-cadaveres_opt.jpg\",\"width\":772,\"height\":400},{\"@type\":\"BreadcrumbList\",\"@id\":\"https:\/\/www.sonoraenequipo.com.mx\/fiscalia-de-justicia-de-sonora-brinda-apoyo-en-busquedas-a-colectivos-de-cajeme-guaymas-y-nogales\/#breadcrumb\",\"itemListElement\":[{\"@type\":\"ListItem\",\"position\":1,\"name\":\"Portada\",\"item\":\"https:\/\/www.sonoraenequipo.com.mx\/\"},{\"@type\":\"ListItem\",\"position\":2,\"name\":\"Fiscal\u00eda de Justicia de Sonora brinda apoyo en b\u00fasquedas a colectivos de Cajeme, Guaymas y Nogales\"}]},{\"@type\":\"WebSite\",\"@id\":\"https:\/\/www.sonoraenequipo.com.mx\/#website\",\"url\":\"https:\/\/www.sonoraenequipo.com.mx\/\",\"name\":\"Sonora en Equipo.\",\"description\":\"Diario en l\u00ednea con Noticias desde Hermosillo, Sonora\",\"publisher\":{\"@id\":\"https:\/\/www.sonoraenequipo.com.mx\/#organization\"},\"potentialAction\":[{\"@type\":\"SearchAction\",\"target\":{\"@type\":\"EntryPoint\",\"urlTemplate\":\"https:\/\/www.sonoraenequipo.com.mx\/?s={search_term_string}\"},\"query-input\":{\"@type\":\"PropertyValueSpecification\",\"valueRequired\":true,\"valueName\":\"search_term_string\"}}],\"inLanguage\":\"es\"},{\"@type\":\"Organization\",\"@id\":\"https:\/\/www.sonoraenequipo.com.mx\/#organization\",\"name\":\"Sonoraenequipo.com.mx\",\"url\":\"https:\/\/www.sonoraenequipo.com.mx\/\",\"logo\":{\"@type\":\"ImageObject\",\"inLanguage\":\"es\",\"@id\":\"https:\/\/www.sonoraenequipo.com.mx\/#\/schema\/logo\/image\/\",\"url\":\"https:\/\/www.sonoraenequipo.com.mx\/storage\/2019\/01\/sonoraenequipo_opt.png\",\"contentUrl\":\"https:\/\/www.sonoraenequipo.com.mx\/storage\/2019\/01\/sonoraenequipo_opt.png\",\"width\":375,\"height\":125,\"caption\":\"Sonoraenequipo.com.mx\"},\"image\":{\"@id\":\"https:\/\/www.sonoraenequipo.com.mx\/#\/schema\/logo\/image\/\"},\"sameAs\":[\"https:\/\/www.facebook.com\/SonoraEE\/\",\"https:\/\/x.com\/sonoraenequipo\",\"https:\/\/www.youtube.com\/channel\/UC338nW-lPEYmJQs4ZABQ1SQ\"]},{\"@type\":\"Person\",\"@id\":\"https:\/\/www.sonoraenequipo.com.mx\/#\/schema\/person\/50102df0fb23a8fa9e8effad8fa81386\",\"name\":\"enequipo\",\"image\":{\"@type\":\"ImageObject\",\"inLanguage\":\"es\",\"@id\":\"https:\/\/www.sonoraenequipo.com.mx\/#\/schema\/person\/image\/\",\"url\":\"https:\/\/secure.gravatar.com\/avatar\/049821681b589dabc0bc20695993ccebb09f5b5d4d790cd9251b97faac7c652b?s=96&d=blank&r=g\",\"contentUrl\":\"https:\/\/secure.gravatar.com\/avatar\/049821681b589dabc0bc20695993ccebb09f5b5d4d790cd9251b97faac7c652b?s=96&d=blank&r=g\",\"caption\":\"enequipo\"},\"sameAs\":[\"https:\/\/www.facebook.com\/SonoraEE\"]}]}<\/script>\n ","yoast_head_json":{"title":"Sonora en Equipo. Fiscal\u00eda de Justicia de Sonora brinda apoyo en b\u00fasquedas a colectivos de Cajeme, Guaymas y Nogales Sonora","description":"HERMOSILLO, SONORA. MX. \u2014 En Cajeme, Guaymas y Nogales, personal de diferentes \u00e1reas de la Fiscal\u00eda General de Justicia del Estado de Sonora (FGJE) ha En Sonora en Equipo publicamos toda la informaci\u00f3n de Sonora, M\u00e9xico y el Mundo de manera oportuna y busca que la libertad de expresi\u00f3n sea real. Visita nuestro medio informativo publicado desde Hermosillo, Sonora. %","robots":{"index":"index","follow":"follow","max-snippet":"max-snippet:-1","max-image-preview":"max-image-preview:large","max-video-preview":"max-video-preview:-1"},"canonical":"https:\/\/www.sonoraenequipo.com.mx\/fiscalia-de-justicia-de-sonora-brinda-apoyo-en-busquedas-a-colectivos-de-cajeme-guaymas-y-nogales\/","og_locale":"es_ES","og_type":"article","og_title":"Sonora en Equipo. Fiscal\u00eda de Justicia de Sonora brinda apoyo en b\u00fasquedas a colectivos de Cajeme, Guaymas y Nogales Sonora","og_description":"HERMOSILLO, SONORA. MX. \u2014 En Cajeme, Guaymas y Nogales, personal de diferentes \u00e1reas de la Fiscal\u00eda General de Justicia del Estado de Sonora (FGJE) ha En Sonora en Equipo publicamos toda la informaci\u00f3n de Sonora, M\u00e9xico y el Mundo de manera oportuna y busca que la libertad de expresi\u00f3n sea real. Visita nuestro medio informativo publicado desde Hermosillo, Sonora. %","og_url":"https:\/\/www.sonoraenequipo.com.mx\/fiscalia-de-justicia-de-sonora-brinda-apoyo-en-busquedas-a-colectivos-de-cajeme-guaymas-y-nogales\/","og_site_name":"Sonora en Equipo.","article_publisher":"https:\/\/www.facebook.com\/SonoraEE\/","article_author":"https:\/\/www.facebook.com\/SonoraEE","article_published_time":"2021-04-09T05:45:40+00:00","article_modified_time":"2021-04-09T16:54:05+00:00","og_image":[{"width":772,"height":400,"url":"https:\/\/www.sonoraenequipo.com.mx\/storage\/2021\/04\/semefo_encuentran-cadaveres_opt.jpg","type":"image\/jpeg"}],"author":"enequipo","twitter_card":"summary_large_image","twitter_creator":"@sonoraenequipo","twitter_site":"@sonoraenequipo","twitter_misc":{"Escrito por":"enequipo","Tiempo de lectura":"2 minutos"},"schema":{"@context":"https:\/\/schema.org","@graph":[{"@type":"Article","@id":"https:\/\/www.sonoraenequipo.com.mx\/fiscalia-de-justicia-de-sonora-brinda-apoyo-en-busquedas-a-colectivos-de-cajeme-guaymas-y-nogales\/#article","isPartOf":{"@id":"https:\/\/www.sonoraenequipo.com.mx\/fiscalia-de-justicia-de-sonora-brinda-apoyo-en-busquedas-a-colectivos-de-cajeme-guaymas-y-nogales\/"},"author":{"name":"enequipo","@id":"https:\/\/www.sonoraenequipo.com.mx\/#\/schema\/person\/50102df0fb23a8fa9e8effad8fa81386"},"headline":"Fiscal\u00eda de Justicia de Sonora brinda apoyo en b\u00fasquedas a colectivos de Cajeme, Guaymas y Nogales","datePublished":"2021-04-09T05:45:40+00:00","dateModified":"2021-04-09T16:54:05+00:00","mainEntityOfPage":{"@id":"https:\/\/www.sonoraenequipo.com.mx\/fiscalia-de-justicia-de-sonora-brinda-apoyo-en-busquedas-a-colectivos-de-cajeme-guaymas-y-nogales\/"},"wordCount":318,"commentCount":0,"publisher":{"@id":"https:\/\/www.sonoraenequipo.com.mx\/#organization"},"image":{"@id":"https:\/\/www.sonoraenequipo.com.mx\/fiscalia-de-justicia-de-sonora-brinda-apoyo-en-busquedas-a-colectivos-de-cajeme-guaymas-y-nogales\/#primaryimage"},"thumbnailUrl":"https:\/\/www.sonoraenequipo.com.mx\/storage\/2021\/04\/semefo_encuentran-cadaveres_opt.jpg","articleSection":["Sonora"],"inLanguage":"es","potentialAction":[{"@type":"CommentAction","name":"Comment","target":["https:\/\/www.sonoraenequipo.com.mx\/fiscalia-de-justicia-de-sonora-brinda-apoyo-en-busquedas-a-colectivos-de-cajeme-guaymas-y-nogales\/#respond"]}]},{"@type":"WebPage","@id":"https:\/\/www.sonoraenequipo.com.mx\/fiscalia-de-justicia-de-sonora-brinda-apoyo-en-busquedas-a-colectivos-de-cajeme-guaymas-y-nogales\/","url":"https:\/\/www.sonoraenequipo.com.mx\/fiscalia-de-justicia-de-sonora-brinda-apoyo-en-busquedas-a-colectivos-de-cajeme-guaymas-y-nogales\/","name":"Sonora en Equipo. Fiscal\u00eda de Justicia de Sonora brinda apoyo en b\u00fasquedas a colectivos de Cajeme, Guaymas y Nogales Sonora","isPartOf":{"@id":"https:\/\/www.sonoraenequipo.com.mx\/#website"},"primaryImageOfPage":{"@id":"https:\/\/www.sonoraenequipo.com.mx\/fiscalia-de-justicia-de-sonora-brinda-apoyo-en-busquedas-a-colectivos-de-cajeme-guaymas-y-nogales\/#primaryimage"},"image":{"@id":"https:\/\/www.sonoraenequipo.com.mx\/fiscalia-de-justicia-de-sonora-brinda-apoyo-en-busquedas-a-colectivos-de-cajeme-guaymas-y-nogales\/#primaryimage"},"thumbnailUrl":"https:\/\/www.sonoraenequipo.com.mx\/storage\/2021\/04\/semefo_encuentran-cadaveres_opt.jpg","datePublished":"2021-04-09T05:45:40+00:00","dateModified":"2021-04-09T16:54:05+00:00","description":"HERMOSILLO, SONORA. MX. \u2014 En Cajeme, Guaymas y Nogales, personal de diferentes \u00e1reas de la Fiscal\u00eda General de Justicia del Estado de Sonora (FGJE) ha En Sonora en Equipo publicamos toda la informaci\u00f3n de Sonora, M\u00e9xico y el Mundo de manera oportuna y busca que la libertad de expresi\u00f3n sea real. Visita nuestro medio informativo publicado desde Hermosillo, Sonora. %","breadcrumb":{"@id":"https:\/\/www.sonoraenequipo.com.mx\/fiscalia-de-justicia-de-sonora-brinda-apoyo-en-busquedas-a-colectivos-de-cajeme-guaymas-y-nogales\/#breadcrumb"},"inLanguage":"es","potentialAction":[{"@type":"ReadAction","target":["https:\/\/www.sonoraenequipo.com.mx\/fiscalia-de-justicia-de-sonora-brinda-apoyo-en-busquedas-a-colectivos-de-cajeme-guaymas-y-nogales\/"]}]},{"@type":"ImageObject","inLanguage":"es","@id":"https:\/\/www.sonoraenequipo.com.mx\/fiscalia-de-justicia-de-sonora-brinda-apoyo-en-busquedas-a-colectivos-de-cajeme-guaymas-y-nogales\/#primaryimage","url":"https:\/\/www.sonoraenequipo.com.mx\/storage\/2021\/04\/semefo_encuentran-cadaveres_opt.jpg","contentUrl":"https:\/\/www.sonoraenequipo.com.mx\/storage\/2021\/04\/semefo_encuentran-cadaveres_opt.jpg","width":772,"height":400},{"@type":"BreadcrumbList","@id":"https:\/\/www.sonoraenequipo.com.mx\/fiscalia-de-justicia-de-sonora-brinda-apoyo-en-busquedas-a-colectivos-de-cajeme-guaymas-y-nogales\/#breadcrumb","itemListElement":[{"@type":"ListItem","position":1,"name":"Portada","item":"https:\/\/www.sonoraenequipo.com.mx\/"},{"@type":"ListItem","position":2,"name":"Fiscal\u00eda de Justicia de Sonora brinda apoyo en b\u00fasquedas a colectivos de Cajeme, Guaymas y Nogales"}]},{"@type":"WebSite","@id":"https:\/\/www.sonoraenequipo.com.mx\/#website","url":"https:\/\/www.sonoraenequipo.com.mx\/","name":"Sonora en Equipo.","description":"Diario en l\u00ednea con Noticias desde Hermosillo, Sonora","publisher":{"@id":"https:\/\/www.sonoraenequipo.com.mx\/#organization"},"potentialAction":[{"@type":"SearchAction","target":{"@type":"EntryPoint","urlTemplate":"https:\/\/www.sonoraenequipo.com.mx\/?s={search_term_string}"},"query-input":{"@type":"PropertyValueSpecification","valueRequired":true,"valueName":"search_term_string"}}],"inLanguage":"es"},{"@type":"Organization","@id":"https:\/\/www.sonoraenequipo.com.mx\/#organization","name":"Sonoraenequipo.com.mx","url":"https:\/\/www.sonoraenequipo.com.mx\/","logo":{"@type":"ImageObject","inLanguage":"es","@id":"https:\/\/www.sonoraenequipo.com.mx\/#\/schema\/logo\/image\/","url":"https:\/\/www.sonoraenequipo.com.mx\/storage\/2019\/01\/sonoraenequipo_opt.png","contentUrl":"https:\/\/www.sonoraenequipo.com.mx\/storage\/2019\/01\/sonoraenequipo_opt.png","width":375,"height":125,"caption":"Sonoraenequipo.com.mx"},"image":{"@id":"https:\/\/www.sonoraenequipo.com.mx\/#\/schema\/logo\/image\/"},"sameAs":["https:\/\/www.facebook.com\/SonoraEE\/","https:\/\/x.com\/sonoraenequipo","https:\/\/www.youtube.com\/channel\/UC338nW-lPEYmJQs4ZABQ1SQ"]},{"@type":"Person","@id":"https:\/\/www.sonoraenequipo.com.mx\/#\/schema\/person\/50102df0fb23a8fa9e8effad8fa81386","name":"enequipo","image":{"@type":"ImageObject","inLanguage":"es","@id":"https:\/\/www.sonoraenequipo.com.mx\/#\/schema\/person\/image\/","url":"https:\/\/secure.gravatar.com\/avatar\/049821681b589dabc0bc20695993ccebb09f5b5d4d790cd9251b97faac7c652b?s=96&d=blank&r=g","contentUrl":"https:\/\/secure.gravatar.com\/avatar\/049821681b589dabc0bc20695993ccebb09f5b5d4d790cd9251b97faac7c652b?s=96&d=blank&r=g","caption":"enequipo"},"sameAs":["https:\/\/www.facebook.com\/SonoraEE"]}]}},"jetpack_featured_media_url":"https:\/\/www.sonoraenequipo.com.mx\/storage\/2021\/04\/semefo_encuentran-cadaveres_opt.jpg","_links":{"self":[{"href":"https:\/\/www.sonoraenequipo.com.mx\/api\/wp\/v2\/posts\/111130","targetHints":{"allow":["GET"]}}],"collection":[{"href":"https:\/\/www.sonoraenequipo.com.mx\/api\/wp\/v2\/posts"}],"about":[{"href":"https:\/\/www.sonoraenequipo.com.mx\/api\/wp\/v2\/types\/post"}],"author":[{"embeddable":true,"href":"https:\/\/www.sonoraenequipo.com.mx\/api\/wp\/v2\/users\/1"}],"replies":[{"embeddable":true,"href":"https:\/\/www.sonoraenequipo.com.mx\/api\/wp\/v2\/comments?post=111130"}],"version-history":[{"count":1,"href":"https:\/\/www.sonoraenequipo.com.mx\/api\/wp\/v2\/posts\/111130\/revisions"}],"predecessor-version":[{"id":111131,"href":"https:\/\/www.sonoraenequipo.com.mx\/api\/wp\/v2\/posts\/111130\/revisions\/111131"}],"wp:featuredmedia":[{"embeddable":true,"href":"https:\/\/www.sonoraenequipo.com.mx\/api\/wp\/v2\/media\/111123"}],"wp:attachment":[{"href":"https:\/\/www.sonoraenequipo.com.mx\/api\/wp\/v2\/media?parent=111130"}],"wp:term":[{"taxonomy":"category","embeddable":true,"href":"https:\/\/www.sonoraenequipo.com.mx\/api\/wp\/v2\/categories?post=111130"},{"taxonomy":"post_tag","embeddable":true,"href":"https:\/\/www.sonoraenequipo.com.mx\/api\/wp\/v2\/tags?post=111130"}],"curies":[{"name":"wp","href":"https:\/\/api.w.org\/{rel}","templated":true}]}}