{"id":111464,"date":"2021-04-13T07:48:06","date_gmt":"2021-04-13T14:48:06","guid":{"rendered":"https:\/\/www.sonoraenequipo.com.mx\/?p=111464"},"modified":"2021-04-13T12:16:24","modified_gmt":"2021-04-13T19:16:24","slug":"avanza-desarrollo-de-la-vacuna-mexicana-patria-contra-covid-19","status":"publish","type":"post","link":"https:\/\/www.sonoraenequipo.com.mx\/avanza-desarrollo-de-la-vacuna-mexicana-patria-contra-covid-19\/","title":{"rendered":"Avanza desarrollo de la vacuna mexicana \u2018Patria\u2019 contra COVID-19"},"content":{"rendered":"<p>CIUDAD DE M\u00c9XICO. MX.\u2014 La vacuna mexicana \u2018Patria\u2019 contra COVID-19 est\u00e1 lista para iniciar la investigaci\u00f3n cl\u00ednica con pacientes voluntarios humanos; si todo sale como esperamos, al final de este a\u00f1o ser\u00eda puesta a disposici\u00f3n de la Comisi\u00f3n Federal para la Protecci\u00f3n contra Riesgos Sanitarios (Cofepris) para su uso de emergencia, inform\u00f3 la directora general del Consejo Nacional de Ciencia y Tecnolog\u00eda (Conacyt), Mar\u00eda Elena \u00c1lvarez-Buylla Roces.<\/p>\n<p>&nbsp;<\/p>\n<p> <\/p>\n<p>&nbsp;<\/p>\n<p>Con el presidente Andr\u00e9s Manuel L\u00f3pez Obrador, la titular del Conacyt afirm\u00f3 que este desarrollo es la base para recuperar la soberan\u00eda en la producci\u00f3n de vacunas, un aspecto estrat\u00e9gico para el pa\u00eds con perspectiva de beneficio p\u00fablico.<\/p>\n<p>&nbsp;<\/p>\n<p>En conferencia de prensa matutina detall\u00f3 que, en caso de tener \u00e9xito, permitir\u00e1 ahorros econ\u00f3micos de hasta 855 por ciento respecto a la adquisici\u00f3n de vacunas en el exterior.<\/p>\n<p>&nbsp;<\/p>\n<p>La inversi\u00f3n hasta este d\u00eda es de 150 millones de pesos, de los cuales, 135 millones de pesos provienen del Conacyt y 15 millones de pesos de la alianza establecida con la Agencia Mexicana de Cooperaci\u00f3n Internacional para el Desarrollo (Amexcid) y la Secretar\u00eda de Relaciones Exteriores (SRE).<\/p>\n<p>Durante el proceso de prueba solo participar\u00e1n personas adultas. Ser\u00e1n 90 voluntarios de 18 a 55 a\u00f1os de edad con buena salud para constatar la seguridad y la respuesta inmunog\u00e9nica.<\/p>\n<p>&nbsp;<\/p>\n<p>La empresa Avimex comprometi\u00f3 dos de sus plantas para que, en su momento, se dediquen exclusivamente a la producci\u00f3n de las vacunas, agreg\u00f3 la doctora \u00c1lvarez-Buylla Roces.<\/p>\n<p>&nbsp;<\/p>\n<p>Dijo que tambi\u00e9n se contempla el escalamiento industrial y la transferencia tecnol\u00f3gica de Laboratorios de Biol\u00f3gicos y Reactivos de M\u00e9xico (Birmex).<\/p>\n<p>&nbsp;<\/p>\n<p>Agreg\u00f3 que participar\u00e1n algunas empresas nacionales comprometidas con el bienestar de la poblaci\u00f3n.<\/p>\n<p>&nbsp;<\/p>\n<p>El director general del Instituto Polit\u00e9cnico Nacional (IPN), Arturo Reyes Sandoval, sostuvo que la vacuna \u2018Patria\u2019 es una de las m\u00e1s prometedoras por su dise\u00f1o y estrategia de producci\u00f3n cuidadosos. Asegur\u00f3 que, si se tiene \u00e9xito en los ensayos cl\u00ednicos, M\u00e9xico se colocar\u00eda como potencia mundial en la producci\u00f3n de vacunas.<\/p>\n<p>&nbsp;<\/p>\n<p><em>\u201cQuisiera poner tambi\u00e9n en contexto la importancia de este desarrollo. Muy pocas vacunas a nivel mundial, yo dir\u00eda que del 5 al 8 por ciento, pueden llegar a probarse en ensayos cl\u00ednicos. Este es un gran logro que se va a tener. En cuanto se administre al primer voluntario nos vamos a posicionar como pa\u00eds dentro de los primeros 7 u 8 pa\u00edses que tienen ya la capacidad de dise\u00f1ar sus vacunas, de producirlas y probarlas a peque\u00f1a escala en ensayos precl\u00ednicos y llevarlas a ensayos cl\u00ednicos. Como hemos visto, son pocas las vacunas que llegan a hacer esto. (\u2026) Esa es la magnitud de este desarrollo, la importancia de esta inversi\u00f3n que el gobierno est\u00e1 haciendo para tener autosuficiencia y soberan\u00eda nacional\u201d<\/em>, remarc\u00f3.<\/p>\n<p>&nbsp;<\/p>\n<p>El director del IPN dio a conocer que dicha instituci\u00f3n y el Conacyt preparan el establecimiento de un laboratorio nacional para el desarrollo de nuevas vacunas, lo que permitir\u00e1 impulsar la autosuficiencia nacional en la producci\u00f3n de biol\u00f3gicos.<\/p>\n<p>&nbsp;<\/p>\n<p>La vacuna \u2018Patria\u2019 utiliza un vector viral de la enfermedad de Newcastle que no es da\u00f1ina en humanos; es utilizada en los laboratorios Avimex desde hace 15 a\u00f1os, principalmente en el uso de biol\u00f3gicos aplicados en uso veterinario.<\/p>\n<p>&nbsp;<\/p>\n<p>El vector lleva un gen que codifica para la prote\u00edna S del SARS-CoV-2. La c\u00e9lula produce esa prote\u00edna y el sistema inmune, a su vez los anticuerpos contra la misma.<\/p>\n<p>&nbsp;<\/p>\n<p>Como parte de las pruebas precl\u00ednicas se ha aplicado en roedores y porcinos, cuyo sistema inmunol\u00f3gico es similar al de los seres humanos.<\/p>\n<p>&nbsp;<\/p>\n<p><em><strong>\u2018Patria\u2019<\/strong><\/em> se desarrolla con la participaci\u00f3n de un grupo grande de cient\u00edficas y cient\u00edficos en el que destacan el doctor por la UNAM y la Universidad de Zurich, especialista en inmunolog\u00eda y dise\u00f1o molecular, Constantino L\u00f3pez Mac\u00edas; el doctor Peter Palese, qu\u00edmico microbi\u00f3logo de la Universidad de Viena y especialista en dise\u00f1o molecular; el doctor Adolfo Garc\u00eda-Sastre, bi\u00f3logo por la Universidad de Salamanca; el doctor Florian Krammer, biotecn\u00f3logo y vir\u00f3logo por la Universidad de Recursos Naturales y Ciencias de la Vida, Viena; la doctora en Biolog\u00eda Molecular de la Universidad Aut\u00f3noma de Nuevo Le\u00f3n, Felipa Castro Peralta, y la doctora Marta Torres Rojas, investigadora en inmunolog\u00eda, especialista del Instituto Nacional de Enfermedades Respiratorias (INER).<\/p>\n<p><iframe loading=\"lazy\" title=\"Vacuna mexicana &#039;Patria&#039; inicia ensayos cl\u00ednicos. Conferencia presidente AMLO\" width=\"640\" height=\"360\" src=\"https:\/\/www.youtube.com\/embed\/P1VQ1ON1bGU?feature=oembed\" frameborder=\"0\" allow=\"accelerometer; autoplay; clipboard-write; encrypted-media; gyroscope; picture-in-picture; web-share\" referrerpolicy=\"strict-origin-when-cross-origin\" allowfullscreen><\/iframe><\/p>\n<p>&nbsp;<\/p>\n<p>&nbsp;<\/p>\n<p>&nbsp;<\/p>\n<p>(Publicada el 13\/04\/2021)<\/p>\n","protected":false},"excerpt":{"rendered":"<p>CIUDAD DE M\u00c9XICO. MX.\u2014 La vacuna mexicana \u2018Patria\u2019 contra COVID-19 est\u00e1 lista para iniciar la&#8230;<\/p>\n","protected":false},"author":1,"featured_media":111467,"comment_status":"open","ping_status":"open","sticky":false,"template":"","format":"standard","meta":{"_monsterinsights_skip_tracking":false,"_monsterinsights_sitenote_active":false,"_monsterinsights_sitenote_note":"","_monsterinsights_sitenote_category":0,"footnotes":""},"categories":[5],"tags":[],"class_list":["post"],"yoast_head":" \n<title>Sonora en Equipo. Avanza desarrollo de la vacuna mexicana \u2018Patria\u2019 contra COVID-19 Rep\u00fablica<\/title>\n<meta name=\"description\" content=\"CIUDAD DE M\u00c9XICO. MX.\u2014 La vacuna mexicana \u2018Patria\u2019 contra COVID-19 est\u00e1 lista para iniciar la investigaci\u00f3n cl\u00ednica con pacientes voluntarios humanos; si En Sonora en Equipo publicamos toda la informaci\u00f3n de Sonora, M\u00e9xico y el Mundo de manera oportuna y busca que la libertad de expresi\u00f3n sea real. Visita nuestro medio informativo publicado desde Hermosillo, Sonora. %\" \/>\n<meta name=\"robots\" content=\"index, follow, max-snippet:-1, max-image-preview:large, max-video-preview:-1\" \/>\n<link rel=\"canonical\" href=\"https:\/\/www.sonoraenequipo.com.mx\/avanza-desarrollo-de-la-vacuna-mexicana-patria-contra-covid-19\/\" \/>\n<meta property=\"og:locale\" content=\"es_ES\" \/>\n<meta property=\"og:type\" content=\"article\" \/>\n<meta property=\"og:title\" content=\"Sonora en Equipo. Avanza desarrollo de la vacuna mexicana \u2018Patria\u2019 contra COVID-19 Rep\u00fablica\" \/>\n<meta property=\"og:description\" content=\"CIUDAD DE M\u00c9XICO. MX.\u2014 La vacuna mexicana \u2018Patria\u2019 contra COVID-19 est\u00e1 lista para iniciar la investigaci\u00f3n cl\u00ednica con pacientes voluntarios humanos; si En Sonora en Equipo publicamos toda la informaci\u00f3n de Sonora, M\u00e9xico y el Mundo de manera oportuna y busca que la libertad de expresi\u00f3n sea real. Visita nuestro medio informativo publicado desde Hermosillo, Sonora. %\" \/>\n<meta property=\"og:url\" content=\"https:\/\/www.sonoraenequipo.com.mx\/avanza-desarrollo-de-la-vacuna-mexicana-patria-contra-covid-19\/\" \/>\n<meta property=\"og:site_name\" content=\"Sonora en Equipo.\" \/>\n<meta property=\"article:publisher\" content=\"https:\/\/www.facebook.com\/SonoraEE\/\" \/>\n<meta property=\"article:author\" content=\"https:\/\/www.facebook.com\/SonoraEE\" \/>\n<meta property=\"article:published_time\" content=\"2021-04-13T14:48:06+00:00\" \/>\n<meta property=\"article:modified_time\" content=\"2021-04-13T19:16:24+00:00\" \/>\n<meta property=\"og:image\" content=\"https:\/\/www.sonoraenequipo.com.mx\/storage\/2021\/04\/vacuna-patria_opt.jpg\" \/>\n\t<meta property=\"og:image:width\" content=\"750\" \/>\n\t<meta property=\"og:image:height\" content=\"500\" \/>\n\t<meta property=\"og:image:type\" content=\"image\/jpeg\" \/>\n<meta name=\"author\" content=\"enequipo\" \/>\n<meta name=\"twitter:card\" content=\"summary_large_image\" \/>\n<meta name=\"twitter:creator\" content=\"@sonoraenequipo\" \/>\n<meta name=\"twitter:site\" content=\"@sonoraenequipo\" \/>\n<meta name=\"twitter:label1\" content=\"Escrito por\" \/>\n\t<meta name=\"twitter:data1\" content=\"enequipo\" \/>\n\t<meta name=\"twitter:label2\" content=\"Tiempo de lectura\" \/>\n\t<meta name=\"twitter:data2\" content=\"4 minutos\" \/>\n<script type=\"application\/ld+json\" class=\"yoast-schema-graph\">{\"@context\":\"https:\/\/schema.org\",\"@graph\":[{\"@type\":\"Article\",\"@id\":\"https:\/\/www.sonoraenequipo.com.mx\/avanza-desarrollo-de-la-vacuna-mexicana-patria-contra-covid-19\/#article\",\"isPartOf\":{\"@id\":\"https:\/\/www.sonoraenequipo.com.mx\/avanza-desarrollo-de-la-vacuna-mexicana-patria-contra-covid-19\/\"},\"author\":{\"name\":\"enequipo\",\"@id\":\"https:\/\/www.sonoraenequipo.com.mx\/#\/schema\/person\/50102df0fb23a8fa9e8effad8fa81386\"},\"headline\":\"Avanza desarrollo de la vacuna mexicana \u2018Patria\u2019 contra COVID-19\",\"datePublished\":\"2021-04-13T14:48:06+00:00\",\"dateModified\":\"2021-04-13T19:16:24+00:00\",\"mainEntityOfPage\":{\"@id\":\"https:\/\/www.sonoraenequipo.com.mx\/avanza-desarrollo-de-la-vacuna-mexicana-patria-contra-covid-19\/\"},\"wordCount\":798,\"commentCount\":0,\"publisher\":{\"@id\":\"https:\/\/www.sonoraenequipo.com.mx\/#organization\"},\"image\":{\"@id\":\"https:\/\/www.sonoraenequipo.com.mx\/avanza-desarrollo-de-la-vacuna-mexicana-patria-contra-covid-19\/#primaryimage\"},\"thumbnailUrl\":\"https:\/\/www.sonoraenequipo.com.mx\/storage\/2021\/04\/vacuna-patria_opt.jpg\",\"articleSection\":[\"Rep\u00fablica\"],\"inLanguage\":\"es\",\"potentialAction\":[{\"@type\":\"CommentAction\",\"name\":\"Comment\",\"target\":[\"https:\/\/www.sonoraenequipo.com.mx\/avanza-desarrollo-de-la-vacuna-mexicana-patria-contra-covid-19\/#respond\"]}]},{\"@type\":\"WebPage\",\"@id\":\"https:\/\/www.sonoraenequipo.com.mx\/avanza-desarrollo-de-la-vacuna-mexicana-patria-contra-covid-19\/\",\"url\":\"https:\/\/www.sonoraenequipo.com.mx\/avanza-desarrollo-de-la-vacuna-mexicana-patria-contra-covid-19\/\",\"name\":\"Sonora en Equipo. Avanza desarrollo de la vacuna mexicana \u2018Patria\u2019 contra COVID-19 Rep\u00fablica\",\"isPartOf\":{\"@id\":\"https:\/\/www.sonoraenequipo.com.mx\/#website\"},\"primaryImageOfPage\":{\"@id\":\"https:\/\/www.sonoraenequipo.com.mx\/avanza-desarrollo-de-la-vacuna-mexicana-patria-contra-covid-19\/#primaryimage\"},\"image\":{\"@id\":\"https:\/\/www.sonoraenequipo.com.mx\/avanza-desarrollo-de-la-vacuna-mexicana-patria-contra-covid-19\/#primaryimage\"},\"thumbnailUrl\":\"https:\/\/www.sonoraenequipo.com.mx\/storage\/2021\/04\/vacuna-patria_opt.jpg\",\"datePublished\":\"2021-04-13T14:48:06+00:00\",\"dateModified\":\"2021-04-13T19:16:24+00:00\",\"description\":\"CIUDAD DE M\u00c9XICO. MX.\u2014 La vacuna mexicana \u2018Patria\u2019 contra COVID-19 est\u00e1 lista para iniciar la investigaci\u00f3n cl\u00ednica con pacientes voluntarios humanos; si En Sonora en Equipo publicamos toda la informaci\u00f3n de Sonora, M\u00e9xico y el Mundo de manera oportuna y busca que la libertad de expresi\u00f3n sea real. Visita nuestro medio informativo publicado desde Hermosillo, Sonora. %\",\"breadcrumb\":{\"@id\":\"https:\/\/www.sonoraenequipo.com.mx\/avanza-desarrollo-de-la-vacuna-mexicana-patria-contra-covid-19\/#breadcrumb\"},\"inLanguage\":\"es\",\"potentialAction\":[{\"@type\":\"ReadAction\",\"target\":[\"https:\/\/www.sonoraenequipo.com.mx\/avanza-desarrollo-de-la-vacuna-mexicana-patria-contra-covid-19\/\"]}]},{\"@type\":\"ImageObject\",\"inLanguage\":\"es\",\"@id\":\"https:\/\/www.sonoraenequipo.com.mx\/avanza-desarrollo-de-la-vacuna-mexicana-patria-contra-covid-19\/#primaryimage\",\"url\":\"https:\/\/www.sonoraenequipo.com.mx\/storage\/2021\/04\/vacuna-patria_opt.jpg\",\"contentUrl\":\"https:\/\/www.sonoraenequipo.com.mx\/storage\/2021\/04\/vacuna-patria_opt.jpg\",\"width\":750,\"height\":500},{\"@type\":\"BreadcrumbList\",\"@id\":\"https:\/\/www.sonoraenequipo.com.mx\/avanza-desarrollo-de-la-vacuna-mexicana-patria-contra-covid-19\/#breadcrumb\",\"itemListElement\":[{\"@type\":\"ListItem\",\"position\":1,\"name\":\"Portada\",\"item\":\"https:\/\/www.sonoraenequipo.com.mx\/\"},{\"@type\":\"ListItem\",\"position\":2,\"name\":\"Avanza desarrollo de la vacuna mexicana \u2018Patria\u2019 contra COVID-19\"}]},{\"@type\":\"WebSite\",\"@id\":\"https:\/\/www.sonoraenequipo.com.mx\/#website\",\"url\":\"https:\/\/www.sonoraenequipo.com.mx\/\",\"name\":\"Sonora en Equipo.\",\"description\":\"Diario en l\u00ednea con Noticias desde Hermosillo, Sonora\",\"publisher\":{\"@id\":\"https:\/\/www.sonoraenequipo.com.mx\/#organization\"},\"potentialAction\":[{\"@type\":\"SearchAction\",\"target\":{\"@type\":\"EntryPoint\",\"urlTemplate\":\"https:\/\/www.sonoraenequipo.com.mx\/?s={search_term_string}\"},\"query-input\":{\"@type\":\"PropertyValueSpecification\",\"valueRequired\":true,\"valueName\":\"search_term_string\"}}],\"inLanguage\":\"es\"},{\"@type\":\"Organization\",\"@id\":\"https:\/\/www.sonoraenequipo.com.mx\/#organization\",\"name\":\"Sonoraenequipo.com.mx\",\"url\":\"https:\/\/www.sonoraenequipo.com.mx\/\",\"logo\":{\"@type\":\"ImageObject\",\"inLanguage\":\"es\",\"@id\":\"https:\/\/www.sonoraenequipo.com.mx\/#\/schema\/logo\/image\/\",\"url\":\"https:\/\/www.sonoraenequipo.com.mx\/storage\/2019\/01\/sonoraenequipo_opt.png\",\"contentUrl\":\"https:\/\/www.sonoraenequipo.com.mx\/storage\/2019\/01\/sonoraenequipo_opt.png\",\"width\":375,\"height\":125,\"caption\":\"Sonoraenequipo.com.mx\"},\"image\":{\"@id\":\"https:\/\/www.sonoraenequipo.com.mx\/#\/schema\/logo\/image\/\"},\"sameAs\":[\"https:\/\/www.facebook.com\/SonoraEE\/\",\"https:\/\/x.com\/sonoraenequipo\",\"https:\/\/www.youtube.com\/channel\/UC338nW-lPEYmJQs4ZABQ1SQ\"]},{\"@type\":\"Person\",\"@id\":\"https:\/\/www.sonoraenequipo.com.mx\/#\/schema\/person\/50102df0fb23a8fa9e8effad8fa81386\",\"name\":\"enequipo\",\"image\":{\"@type\":\"ImageObject\",\"inLanguage\":\"es\",\"@id\":\"https:\/\/www.sonoraenequipo.com.mx\/#\/schema\/person\/image\/\",\"url\":\"https:\/\/secure.gravatar.com\/avatar\/049821681b589dabc0bc20695993ccebb09f5b5d4d790cd9251b97faac7c652b?s=96&d=blank&r=g\",\"contentUrl\":\"https:\/\/secure.gravatar.com\/avatar\/049821681b589dabc0bc20695993ccebb09f5b5d4d790cd9251b97faac7c652b?s=96&d=blank&r=g\",\"caption\":\"enequipo\"},\"sameAs\":[\"https:\/\/www.facebook.com\/SonoraEE\"]}]}<\/script>\n ","yoast_head_json":{"title":"Sonora en Equipo. Avanza desarrollo de la vacuna mexicana \u2018Patria\u2019 contra COVID-19 Rep\u00fablica","description":"CIUDAD DE M\u00c9XICO. MX.\u2014 La vacuna mexicana \u2018Patria\u2019 contra COVID-19 est\u00e1 lista para iniciar la investigaci\u00f3n cl\u00ednica con pacientes voluntarios humanos; si En Sonora en Equipo publicamos toda la informaci\u00f3n de Sonora, M\u00e9xico y el Mundo de manera oportuna y busca que la libertad de expresi\u00f3n sea real. Visita nuestro medio informativo publicado desde Hermosillo, Sonora. %","robots":{"index":"index","follow":"follow","max-snippet":"max-snippet:-1","max-image-preview":"max-image-preview:large","max-video-preview":"max-video-preview:-1"},"canonical":"https:\/\/www.sonoraenequipo.com.mx\/avanza-desarrollo-de-la-vacuna-mexicana-patria-contra-covid-19\/","og_locale":"es_ES","og_type":"article","og_title":"Sonora en Equipo. Avanza desarrollo de la vacuna mexicana \u2018Patria\u2019 contra COVID-19 Rep\u00fablica","og_description":"CIUDAD DE M\u00c9XICO. MX.\u2014 La vacuna mexicana \u2018Patria\u2019 contra COVID-19 est\u00e1 lista para iniciar la investigaci\u00f3n cl\u00ednica con pacientes voluntarios humanos; si En Sonora en Equipo publicamos toda la informaci\u00f3n de Sonora, M\u00e9xico y el Mundo de manera oportuna y busca que la libertad de expresi\u00f3n sea real. Visita nuestro medio informativo publicado desde Hermosillo, Sonora. %","og_url":"https:\/\/www.sonoraenequipo.com.mx\/avanza-desarrollo-de-la-vacuna-mexicana-patria-contra-covid-19\/","og_site_name":"Sonora en Equipo.","article_publisher":"https:\/\/www.facebook.com\/SonoraEE\/","article_author":"https:\/\/www.facebook.com\/SonoraEE","article_published_time":"2021-04-13T14:48:06+00:00","article_modified_time":"2021-04-13T19:16:24+00:00","og_image":[{"width":750,"height":500,"url":"https:\/\/www.sonoraenequipo.com.mx\/storage\/2021\/04\/vacuna-patria_opt.jpg","type":"image\/jpeg"}],"author":"enequipo","twitter_card":"summary_large_image","twitter_creator":"@sonoraenequipo","twitter_site":"@sonoraenequipo","twitter_misc":{"Escrito por":"enequipo","Tiempo de lectura":"4 minutos"},"schema":{"@context":"https:\/\/schema.org","@graph":[{"@type":"Article","@id":"https:\/\/www.sonoraenequipo.com.mx\/avanza-desarrollo-de-la-vacuna-mexicana-patria-contra-covid-19\/#article","isPartOf":{"@id":"https:\/\/www.sonoraenequipo.com.mx\/avanza-desarrollo-de-la-vacuna-mexicana-patria-contra-covid-19\/"},"author":{"name":"enequipo","@id":"https:\/\/www.sonoraenequipo.com.mx\/#\/schema\/person\/50102df0fb23a8fa9e8effad8fa81386"},"headline":"Avanza desarrollo de la vacuna mexicana \u2018Patria\u2019 contra COVID-19","datePublished":"2021-04-13T14:48:06+00:00","dateModified":"2021-04-13T19:16:24+00:00","mainEntityOfPage":{"@id":"https:\/\/www.sonoraenequipo.com.mx\/avanza-desarrollo-de-la-vacuna-mexicana-patria-contra-covid-19\/"},"wordCount":798,"commentCount":0,"publisher":{"@id":"https:\/\/www.sonoraenequipo.com.mx\/#organization"},"image":{"@id":"https:\/\/www.sonoraenequipo.com.mx\/avanza-desarrollo-de-la-vacuna-mexicana-patria-contra-covid-19\/#primaryimage"},"thumbnailUrl":"https:\/\/www.sonoraenequipo.com.mx\/storage\/2021\/04\/vacuna-patria_opt.jpg","articleSection":["Rep\u00fablica"],"inLanguage":"es","potentialAction":[{"@type":"CommentAction","name":"Comment","target":["https:\/\/www.sonoraenequipo.com.mx\/avanza-desarrollo-de-la-vacuna-mexicana-patria-contra-covid-19\/#respond"]}]},{"@type":"WebPage","@id":"https:\/\/www.sonoraenequipo.com.mx\/avanza-desarrollo-de-la-vacuna-mexicana-patria-contra-covid-19\/","url":"https:\/\/www.sonoraenequipo.com.mx\/avanza-desarrollo-de-la-vacuna-mexicana-patria-contra-covid-19\/","name":"Sonora en Equipo. Avanza desarrollo de la vacuna mexicana \u2018Patria\u2019 contra COVID-19 Rep\u00fablica","isPartOf":{"@id":"https:\/\/www.sonoraenequipo.com.mx\/#website"},"primaryImageOfPage":{"@id":"https:\/\/www.sonoraenequipo.com.mx\/avanza-desarrollo-de-la-vacuna-mexicana-patria-contra-covid-19\/#primaryimage"},"image":{"@id":"https:\/\/www.sonoraenequipo.com.mx\/avanza-desarrollo-de-la-vacuna-mexicana-patria-contra-covid-19\/#primaryimage"},"thumbnailUrl":"https:\/\/www.sonoraenequipo.com.mx\/storage\/2021\/04\/vacuna-patria_opt.jpg","datePublished":"2021-04-13T14:48:06+00:00","dateModified":"2021-04-13T19:16:24+00:00","description":"CIUDAD DE M\u00c9XICO. MX.\u2014 La vacuna mexicana \u2018Patria\u2019 contra COVID-19 est\u00e1 lista para iniciar la investigaci\u00f3n cl\u00ednica con pacientes voluntarios humanos; si En Sonora en Equipo publicamos toda la informaci\u00f3n de Sonora, M\u00e9xico y el Mundo de manera oportuna y busca que la libertad de expresi\u00f3n sea real. Visita nuestro medio informativo publicado desde Hermosillo, Sonora. %","breadcrumb":{"@id":"https:\/\/www.sonoraenequipo.com.mx\/avanza-desarrollo-de-la-vacuna-mexicana-patria-contra-covid-19\/#breadcrumb"},"inLanguage":"es","potentialAction":[{"@type":"ReadAction","target":["https:\/\/www.sonoraenequipo.com.mx\/avanza-desarrollo-de-la-vacuna-mexicana-patria-contra-covid-19\/"]}]},{"@type":"ImageObject","inLanguage":"es","@id":"https:\/\/www.sonoraenequipo.com.mx\/avanza-desarrollo-de-la-vacuna-mexicana-patria-contra-covid-19\/#primaryimage","url":"https:\/\/www.sonoraenequipo.com.mx\/storage\/2021\/04\/vacuna-patria_opt.jpg","contentUrl":"https:\/\/www.sonoraenequipo.com.mx\/storage\/2021\/04\/vacuna-patria_opt.jpg","width":750,"height":500},{"@type":"BreadcrumbList","@id":"https:\/\/www.sonoraenequipo.com.mx\/avanza-desarrollo-de-la-vacuna-mexicana-patria-contra-covid-19\/#breadcrumb","itemListElement":[{"@type":"ListItem","position":1,"name":"Portada","item":"https:\/\/www.sonoraenequipo.com.mx\/"},{"@type":"ListItem","position":2,"name":"Avanza desarrollo de la vacuna mexicana \u2018Patria\u2019 contra COVID-19"}]},{"@type":"WebSite","@id":"https:\/\/www.sonoraenequipo.com.mx\/#website","url":"https:\/\/www.sonoraenequipo.com.mx\/","name":"Sonora en Equipo.","description":"Diario en l\u00ednea con Noticias desde Hermosillo, Sonora","publisher":{"@id":"https:\/\/www.sonoraenequipo.com.mx\/#organization"},"potentialAction":[{"@type":"SearchAction","target":{"@type":"EntryPoint","urlTemplate":"https:\/\/www.sonoraenequipo.com.mx\/?s={search_term_string}"},"query-input":{"@type":"PropertyValueSpecification","valueRequired":true,"valueName":"search_term_string"}}],"inLanguage":"es"},{"@type":"Organization","@id":"https:\/\/www.sonoraenequipo.com.mx\/#organization","name":"Sonoraenequipo.com.mx","url":"https:\/\/www.sonoraenequipo.com.mx\/","logo":{"@type":"ImageObject","inLanguage":"es","@id":"https:\/\/www.sonoraenequipo.com.mx\/#\/schema\/logo\/image\/","url":"https:\/\/www.sonoraenequipo.com.mx\/storage\/2019\/01\/sonoraenequipo_opt.png","contentUrl":"https:\/\/www.sonoraenequipo.com.mx\/storage\/2019\/01\/sonoraenequipo_opt.png","width":375,"height":125,"caption":"Sonoraenequipo.com.mx"},"image":{"@id":"https:\/\/www.sonoraenequipo.com.mx\/#\/schema\/logo\/image\/"},"sameAs":["https:\/\/www.facebook.com\/SonoraEE\/","https:\/\/x.com\/sonoraenequipo","https:\/\/www.youtube.com\/channel\/UC338nW-lPEYmJQs4ZABQ1SQ"]},{"@type":"Person","@id":"https:\/\/www.sonoraenequipo.com.mx\/#\/schema\/person\/50102df0fb23a8fa9e8effad8fa81386","name":"enequipo","image":{"@type":"ImageObject","inLanguage":"es","@id":"https:\/\/www.sonoraenequipo.com.mx\/#\/schema\/person\/image\/","url":"https:\/\/secure.gravatar.com\/avatar\/049821681b589dabc0bc20695993ccebb09f5b5d4d790cd9251b97faac7c652b?s=96&d=blank&r=g","contentUrl":"https:\/\/secure.gravatar.com\/avatar\/049821681b589dabc0bc20695993ccebb09f5b5d4d790cd9251b97faac7c652b?s=96&d=blank&r=g","caption":"enequipo"},"sameAs":["https:\/\/www.facebook.com\/SonoraEE"]}]}},"jetpack_featured_media_url":"https:\/\/www.sonoraenequipo.com.mx\/storage\/2021\/04\/vacuna-patria_opt.jpg","_links":{"self":[{"href":"https:\/\/www.sonoraenequipo.com.mx\/api\/wp\/v2\/posts\/111464","targetHints":{"allow":["GET"]}}],"collection":[{"href":"https:\/\/www.sonoraenequipo.com.mx\/api\/wp\/v2\/posts"}],"about":[{"href":"https:\/\/www.sonoraenequipo.com.mx\/api\/wp\/v2\/types\/post"}],"author":[{"embeddable":true,"href":"https:\/\/www.sonoraenequipo.com.mx\/api\/wp\/v2\/users\/1"}],"replies":[{"embeddable":true,"href":"https:\/\/www.sonoraenequipo.com.mx\/api\/wp\/v2\/comments?post=111464"}],"version-history":[{"count":1,"href":"https:\/\/www.sonoraenequipo.com.mx\/api\/wp\/v2\/posts\/111464\/revisions"}],"predecessor-version":[{"id":111468,"href":"https:\/\/www.sonoraenequipo.com.mx\/api\/wp\/v2\/posts\/111464\/revisions\/111468"}],"wp:featuredmedia":[{"embeddable":true,"href":"https:\/\/www.sonoraenequipo.com.mx\/api\/wp\/v2\/media\/111467"}],"wp:attachment":[{"href":"https:\/\/www.sonoraenequipo.com.mx\/api\/wp\/v2\/media?parent=111464"}],"wp:term":[{"taxonomy":"category","embeddable":true,"href":"https:\/\/www.sonoraenequipo.com.mx\/api\/wp\/v2\/categories?post=111464"},{"taxonomy":"post_tag","embeddable":true,"href":"https:\/\/www.sonoraenequipo.com.mx\/api\/wp\/v2\/tags?post=111464"}],"curies":[{"name":"wp","href":"https:\/\/api.w.org\/{rel}","templated":true}]}}