{"id":111471,"date":"2021-04-13T08:22:19","date_gmt":"2021-04-13T15:22:19","guid":{"rendered":"https:\/\/www.sonoraenequipo.com.mx\/?p=111471"},"modified":"2021-04-13T12:43:34","modified_gmt":"2021-04-13T19:43:34","slug":"anuncian-vacunacion-a-personas-de-50-a-59-anos-y-operativo-para-personal-educativo-en-estados-con-menor-riesgo-epidemico","status":"publish","type":"post","link":"https:\/\/www.sonoraenequipo.com.mx\/anuncian-vacunacion-a-personas-de-50-a-59-anos-y-operativo-para-personal-educativo-en-estados-con-menor-riesgo-epidemico\/","title":{"rendered":"Anuncian vacunaci\u00f3n a personas de 50 a 59 a\u00f1os y operativo para personal educativo en estados con menor riesgo epid\u00e9mico"},"content":{"rendered":"<p>CIUDAD DE M\u00c9XICO. MX. \u2014 Desde la \u00faltima semana de abril y hasta finales de junio se vacunar\u00e1 a personas de 50 a 59 a\u00f1os de edad con el objetivo de reducir hospitalizaciones y defunciones, anunci\u00f3 el subsecretario de Prevenci\u00f3n y Promoci\u00f3n de la Salud, Hugo L\u00f3pez-Gatell Ram\u00edrez.<\/p>\n<p>&nbsp;<\/p>\n<p> <\/p>\n<p>&nbsp;<\/p>\n<p>En conferencia de prensa matutina con el presidente Andr\u00e9s Manuel L\u00f3pez Obrador, el vocero de la estrategia de control de la epidemia de COVID-19 en M\u00e9xico indic\u00f3 que este grupo poblacional se compone por alrededor de 12 millones de personas.<\/p>\n<p>&nbsp;<\/p>\n<p>Inform\u00f3 que al final de abril tambi\u00e9n se completar\u00e1 la vacunaci\u00f3n a personal de salud de primera l\u00ednea, estrat\u00e9gico en la atenci\u00f3n a pacientes COVID, y a las 15 millones de personas adultas mayores. Actualmente el avance de la cobertura potencial nacional a este \u00faltimo grupo es del 82 por ciento.<\/p>\n<p>&nbsp;<\/p>\n<p>El personal de las Brigadas Correcaminos continuar\u00e1 aplicando dosis al personal de salud de primera l\u00ednea, personas de 50 a 59 a\u00f1os y de 60 a\u00f1os y m\u00e1s.<\/p>\n<p>&nbsp;<\/p>\n<p>Al corte de las 21:00 horas del lunes 12 de abril 419 mil 917 personas recibieron una dosis, con lo que ya suman cerca de 12 millones de vacunas aplicadas.<\/p>\n<p>Alistan vacunaci\u00f3n a personal educativo en estados con menor riesgo epid\u00e9mico<\/p>\n<p>&nbsp;<\/p>\n<p>El subsecretario L\u00f3pez-Gatell afirm\u00f3 que se reactivar\u00e1n las clases presenciales en escuelas de entidades federativas que tengan condiciones favorables, es decir, actividad epid\u00e9mica baja.<\/p>\n<p>&nbsp;<\/p>\n<p>Se aplicar\u00e1n vacunas a maestras, maestros y personal administrativo que trabaje en los planteles de Tamaulipas, Veracruz, Coahuila, Nayarit y Chiapas. Ser\u00e1n aproximadamente 529 mil 989 trabajadoras y trabajadores.<\/p>\n<p>&nbsp;<\/p>\n<p>\u201cEl criterio importante en t\u00e9rminos epidemiol\u00f3gicos ha sido esta factibilidad porque se encuentran con baja actividad como en su momento fue Campeche\u201d, precis\u00f3.<\/p>\n<p>&nbsp;<\/p>\n<p>En todo el pa\u00eds, dijo el funcionario, se estima que ser\u00e1n 3 millones de integrantes del sector educativo.<\/p>\n<p>&nbsp;<\/p>\n<p>Para vacunar al personal educativo se establecer\u00e1n nuevas brigadas coordinadas por la Secretar\u00eda de Salud y los enlaces estatales del Operativo Correcaminos; adem\u00e1s, otras instituciones se sumar\u00e1n a este esfuerzo, precis\u00f3.<\/p>\n<p>En Veracruz se encargar\u00e1 del operativo la Secretar\u00eda de Marina; en Tamaulipas y Coahuila, la secretar\u00eda de la Defensa Nacional; en Chiapas, el Instituto Mexicano del Seguro Social (IMSS) y en Nayarit, el Instituto de Seguridad y Servicios Sociales de los Trabajadores del Estado (ISSSTE). En todos esos estados se coordinar\u00e1n con la Secretar\u00eda de Educaci\u00f3n P\u00fablica (SEP).<\/p>\n<p>&nbsp;<\/p>\n<p>\u201cEs la manera en que organizaremos el operativo para no distraer los recursos del personal que est\u00e1 en las otras poblaciones y poder avanzar simult\u00e1neamente\u201d, subray\u00f3 el subsecretario.<\/p>\n<p>Desde el 23 de diciembre de 2020, M\u00e9xico ha recibido 16 millones 900 mil 850 dosis de las cinco diferentes vacunas aprobadas por la Comisi\u00f3n Federal para la Protecci\u00f3n contra Riesgos Sanitarios (Cofepris).<\/p>\n<p>&nbsp;<\/p>\n<p>De estas, 6 millones 971 mil 250 son Pfizer BioNTech, 3 millones 589 mil 300 son AstraZeneca, 4 millones de Sinovac, 900 mil de Sputnik V y un mill\u00f3n 440 mil 300 de CanSino Biologics.<\/p>\n<p>Esta semana lleg\u00f3 el primer embarque de la vacuna Pfizer BioNTech y en el transcurso de la semana arribar\u00e1 un mill\u00f3n 303 mil 575 dosis de vacunas de esta farmac\u00e9utica. Asimismo se liberar\u00e1n vacunas CanSino y Sinovac, lo que da un total de 2 millones 473 mil 575 vacunas.<\/p>\n<p>&nbsp;<\/p>\n<p><iframe loading=\"lazy\" title=\"Vacuna mexicana &#039;Patria&#039; inicia ensayos cl\u00ednicos. Conferencia presidente AMLO\" width=\"640\" height=\"360\" src=\"https:\/\/www.youtube.com\/embed\/P1VQ1ON1bGU?feature=oembed\" frameborder=\"0\" allow=\"accelerometer; autoplay; clipboard-write; encrypted-media; gyroscope; picture-in-picture; web-share\" referrerpolicy=\"strict-origin-when-cross-origin\" allowfullscreen><\/iframe><\/p>\n<p>&nbsp;<\/p>\n<p>&nbsp;<\/p>\n<p>&nbsp;<\/p>\n<p>(Publicada el 13\/04\/2021)<\/p>\n","protected":false},"excerpt":{"rendered":"<p>CIUDAD DE M\u00c9XICO. MX. \u2014 Desde la \u00faltima semana de abril y hasta finales de&#8230;<\/p>\n","protected":false},"author":1,"featured_media":111472,"comment_status":"open","ping_status":"open","sticky":false,"template":"","format":"standard","meta":{"_monsterinsights_skip_tracking":false,"_monsterinsights_sitenote_active":false,"_monsterinsights_sitenote_note":"","_monsterinsights_sitenote_category":0,"footnotes":""},"categories":[5],"tags":[],"class_list":["post"],"yoast_head":" \n<title>Sonora en Equipo. Anuncian vacunaci\u00f3n a personas de 50 a 59 a\u00f1os y operativo para personal educativo en estados con menor riesgo epid\u00e9mico Rep\u00fablica<\/title>\n<meta name=\"description\" content=\"CIUDAD DE M\u00c9XICO. MX. \u2014 Desde la \u00faltima semana de abril y hasta finales de junio se vacunar\u00e1 a personas de 50 a 59 a\u00f1os de edad con el objetivo de reducir En Sonora en Equipo publicamos toda la informaci\u00f3n de Sonora, M\u00e9xico y el Mundo de manera oportuna y busca que la libertad de expresi\u00f3n sea real. Visita nuestro medio informativo publicado desde Hermosillo, Sonora. %\" \/>\n<meta name=\"robots\" content=\"index, follow, max-snippet:-1, max-image-preview:large, max-video-preview:-1\" \/>\n<link rel=\"canonical\" href=\"https:\/\/www.sonoraenequipo.com.mx\/anuncian-vacunacion-a-personas-de-50-a-59-anos-y-operativo-para-personal-educativo-en-estados-con-menor-riesgo-epidemico\/\" \/>\n<meta property=\"og:locale\" content=\"es_ES\" \/>\n<meta property=\"og:type\" content=\"article\" \/>\n<meta property=\"og:title\" content=\"Sonora en Equipo. Anuncian vacunaci\u00f3n a personas de 50 a 59 a\u00f1os y operativo para personal educativo en estados con menor riesgo epid\u00e9mico Rep\u00fablica\" \/>\n<meta property=\"og:description\" content=\"CIUDAD DE M\u00c9XICO. MX. \u2014 Desde la \u00faltima semana de abril y hasta finales de junio se vacunar\u00e1 a personas de 50 a 59 a\u00f1os de edad con el objetivo de reducir En Sonora en Equipo publicamos toda la informaci\u00f3n de Sonora, M\u00e9xico y el Mundo de manera oportuna y busca que la libertad de expresi\u00f3n sea real. Visita nuestro medio informativo publicado desde Hermosillo, Sonora. %\" \/>\n<meta property=\"og:url\" content=\"https:\/\/www.sonoraenequipo.com.mx\/anuncian-vacunacion-a-personas-de-50-a-59-anos-y-operativo-para-personal-educativo-en-estados-con-menor-riesgo-epidemico\/\" \/>\n<meta property=\"og:site_name\" content=\"Sonora en Equipo.\" \/>\n<meta property=\"article:publisher\" content=\"https:\/\/www.facebook.com\/SonoraEE\/\" \/>\n<meta property=\"article:author\" content=\"https:\/\/www.facebook.com\/SonoraEE\" \/>\n<meta property=\"article:published_time\" content=\"2021-04-13T15:22:19+00:00\" \/>\n<meta property=\"article:modified_time\" content=\"2021-04-13T19:43:34+00:00\" \/>\n<meta property=\"og:image\" content=\"https:\/\/www.sonoraenequipo.com.mx\/storage\/2021\/04\/vacuna-tercera-edad_opt.jpg\" \/>\n\t<meta property=\"og:image:width\" content=\"667\" \/>\n\t<meta property=\"og:image:height\" content=\"500\" \/>\n\t<meta property=\"og:image:type\" content=\"image\/jpeg\" \/>\n<meta name=\"author\" content=\"enequipo\" \/>\n<meta name=\"twitter:card\" content=\"summary_large_image\" \/>\n<meta name=\"twitter:creator\" content=\"@sonoraenequipo\" \/>\n<meta name=\"twitter:site\" content=\"@sonoraenequipo\" \/>\n<meta name=\"twitter:label1\" content=\"Escrito por\" \/>\n\t<meta name=\"twitter:data1\" content=\"enequipo\" \/>\n\t<meta name=\"twitter:label2\" content=\"Tiempo de lectura\" \/>\n\t<meta name=\"twitter:data2\" content=\"3 minutos\" \/>\n<script type=\"application\/ld+json\" class=\"yoast-schema-graph\">{\"@context\":\"https:\/\/schema.org\",\"@graph\":[{\"@type\":\"Article\",\"@id\":\"https:\/\/www.sonoraenequipo.com.mx\/anuncian-vacunacion-a-personas-de-50-a-59-anos-y-operativo-para-personal-educativo-en-estados-con-menor-riesgo-epidemico\/#article\",\"isPartOf\":{\"@id\":\"https:\/\/www.sonoraenequipo.com.mx\/anuncian-vacunacion-a-personas-de-50-a-59-anos-y-operativo-para-personal-educativo-en-estados-con-menor-riesgo-epidemico\/\"},\"author\":{\"name\":\"enequipo\",\"@id\":\"https:\/\/www.sonoraenequipo.com.mx\/#\/schema\/person\/50102df0fb23a8fa9e8effad8fa81386\"},\"headline\":\"Anuncian vacunaci\u00f3n a personas de 50 a 59 a\u00f1os y operativo para personal educativo en estados con menor riesgo epid\u00e9mico\",\"datePublished\":\"2021-04-13T15:22:19+00:00\",\"dateModified\":\"2021-04-13T19:43:34+00:00\",\"mainEntityOfPage\":{\"@id\":\"https:\/\/www.sonoraenequipo.com.mx\/anuncian-vacunacion-a-personas-de-50-a-59-anos-y-operativo-para-personal-educativo-en-estados-con-menor-riesgo-epidemico\/\"},\"wordCount\":595,\"commentCount\":0,\"publisher\":{\"@id\":\"https:\/\/www.sonoraenequipo.com.mx\/#organization\"},\"image\":{\"@id\":\"https:\/\/www.sonoraenequipo.com.mx\/anuncian-vacunacion-a-personas-de-50-a-59-anos-y-operativo-para-personal-educativo-en-estados-con-menor-riesgo-epidemico\/#primaryimage\"},\"thumbnailUrl\":\"https:\/\/www.sonoraenequipo.com.mx\/storage\/2021\/04\/vacuna-tercera-edad_opt.jpg\",\"articleSection\":[\"Rep\u00fablica\"],\"inLanguage\":\"es\",\"potentialAction\":[{\"@type\":\"CommentAction\",\"name\":\"Comment\",\"target\":[\"https:\/\/www.sonoraenequipo.com.mx\/anuncian-vacunacion-a-personas-de-50-a-59-anos-y-operativo-para-personal-educativo-en-estados-con-menor-riesgo-epidemico\/#respond\"]}]},{\"@type\":\"WebPage\",\"@id\":\"https:\/\/www.sonoraenequipo.com.mx\/anuncian-vacunacion-a-personas-de-50-a-59-anos-y-operativo-para-personal-educativo-en-estados-con-menor-riesgo-epidemico\/\",\"url\":\"https:\/\/www.sonoraenequipo.com.mx\/anuncian-vacunacion-a-personas-de-50-a-59-anos-y-operativo-para-personal-educativo-en-estados-con-menor-riesgo-epidemico\/\",\"name\":\"Sonora en Equipo. Anuncian vacunaci\u00f3n a personas de 50 a 59 a\u00f1os y operativo para personal educativo en estados con menor riesgo epid\u00e9mico Rep\u00fablica\",\"isPartOf\":{\"@id\":\"https:\/\/www.sonoraenequipo.com.mx\/#website\"},\"primaryImageOfPage\":{\"@id\":\"https:\/\/www.sonoraenequipo.com.mx\/anuncian-vacunacion-a-personas-de-50-a-59-anos-y-operativo-para-personal-educativo-en-estados-con-menor-riesgo-epidemico\/#primaryimage\"},\"image\":{\"@id\":\"https:\/\/www.sonoraenequipo.com.mx\/anuncian-vacunacion-a-personas-de-50-a-59-anos-y-operativo-para-personal-educativo-en-estados-con-menor-riesgo-epidemico\/#primaryimage\"},\"thumbnailUrl\":\"https:\/\/www.sonoraenequipo.com.mx\/storage\/2021\/04\/vacuna-tercera-edad_opt.jpg\",\"datePublished\":\"2021-04-13T15:22:19+00:00\",\"dateModified\":\"2021-04-13T19:43:34+00:00\",\"description\":\"CIUDAD DE M\u00c9XICO. MX. \u2014 Desde la \u00faltima semana de abril y hasta finales de junio se vacunar\u00e1 a personas de 50 a 59 a\u00f1os de edad con el objetivo de reducir En Sonora en Equipo publicamos toda la informaci\u00f3n de Sonora, M\u00e9xico y el Mundo de manera oportuna y busca que la libertad de expresi\u00f3n sea real. Visita nuestro medio informativo publicado desde Hermosillo, Sonora. %\",\"breadcrumb\":{\"@id\":\"https:\/\/www.sonoraenequipo.com.mx\/anuncian-vacunacion-a-personas-de-50-a-59-anos-y-operativo-para-personal-educativo-en-estados-con-menor-riesgo-epidemico\/#breadcrumb\"},\"inLanguage\":\"es\",\"potentialAction\":[{\"@type\":\"ReadAction\",\"target\":[\"https:\/\/www.sonoraenequipo.com.mx\/anuncian-vacunacion-a-personas-de-50-a-59-anos-y-operativo-para-personal-educativo-en-estados-con-menor-riesgo-epidemico\/\"]}]},{\"@type\":\"ImageObject\",\"inLanguage\":\"es\",\"@id\":\"https:\/\/www.sonoraenequipo.com.mx\/anuncian-vacunacion-a-personas-de-50-a-59-anos-y-operativo-para-personal-educativo-en-estados-con-menor-riesgo-epidemico\/#primaryimage\",\"url\":\"https:\/\/www.sonoraenequipo.com.mx\/storage\/2021\/04\/vacuna-tercera-edad_opt.jpg\",\"contentUrl\":\"https:\/\/www.sonoraenequipo.com.mx\/storage\/2021\/04\/vacuna-tercera-edad_opt.jpg\",\"width\":667,\"height\":500},{\"@type\":\"BreadcrumbList\",\"@id\":\"https:\/\/www.sonoraenequipo.com.mx\/anuncian-vacunacion-a-personas-de-50-a-59-anos-y-operativo-para-personal-educativo-en-estados-con-menor-riesgo-epidemico\/#breadcrumb\",\"itemListElement\":[{\"@type\":\"ListItem\",\"position\":1,\"name\":\"Portada\",\"item\":\"https:\/\/www.sonoraenequipo.com.mx\/\"},{\"@type\":\"ListItem\",\"position\":2,\"name\":\"Anuncian vacunaci\u00f3n a personas de 50 a 59 a\u00f1os y operativo para personal educativo en estados con menor riesgo epid\u00e9mico\"}]},{\"@type\":\"WebSite\",\"@id\":\"https:\/\/www.sonoraenequipo.com.mx\/#website\",\"url\":\"https:\/\/www.sonoraenequipo.com.mx\/\",\"name\":\"Sonora en Equipo.\",\"description\":\"Diario en l\u00ednea con Noticias desde Hermosillo, Sonora\",\"publisher\":{\"@id\":\"https:\/\/www.sonoraenequipo.com.mx\/#organization\"},\"potentialAction\":[{\"@type\":\"SearchAction\",\"target\":{\"@type\":\"EntryPoint\",\"urlTemplate\":\"https:\/\/www.sonoraenequipo.com.mx\/?s={search_term_string}\"},\"query-input\":{\"@type\":\"PropertyValueSpecification\",\"valueRequired\":true,\"valueName\":\"search_term_string\"}}],\"inLanguage\":\"es\"},{\"@type\":\"Organization\",\"@id\":\"https:\/\/www.sonoraenequipo.com.mx\/#organization\",\"name\":\"Sonoraenequipo.com.mx\",\"url\":\"https:\/\/www.sonoraenequipo.com.mx\/\",\"logo\":{\"@type\":\"ImageObject\",\"inLanguage\":\"es\",\"@id\":\"https:\/\/www.sonoraenequipo.com.mx\/#\/schema\/logo\/image\/\",\"url\":\"https:\/\/www.sonoraenequipo.com.mx\/storage\/2019\/01\/sonoraenequipo_opt.png\",\"contentUrl\":\"https:\/\/www.sonoraenequipo.com.mx\/storage\/2019\/01\/sonoraenequipo_opt.png\",\"width\":375,\"height\":125,\"caption\":\"Sonoraenequipo.com.mx\"},\"image\":{\"@id\":\"https:\/\/www.sonoraenequipo.com.mx\/#\/schema\/logo\/image\/\"},\"sameAs\":[\"https:\/\/www.facebook.com\/SonoraEE\/\",\"https:\/\/x.com\/sonoraenequipo\",\"https:\/\/www.youtube.com\/channel\/UC338nW-lPEYmJQs4ZABQ1SQ\"]},{\"@type\":\"Person\",\"@id\":\"https:\/\/www.sonoraenequipo.com.mx\/#\/schema\/person\/50102df0fb23a8fa9e8effad8fa81386\",\"name\":\"enequipo\",\"image\":{\"@type\":\"ImageObject\",\"inLanguage\":\"es\",\"@id\":\"https:\/\/www.sonoraenequipo.com.mx\/#\/schema\/person\/image\/\",\"url\":\"https:\/\/secure.gravatar.com\/avatar\/049821681b589dabc0bc20695993ccebb09f5b5d4d790cd9251b97faac7c652b?s=96&d=blank&r=g\",\"contentUrl\":\"https:\/\/secure.gravatar.com\/avatar\/049821681b589dabc0bc20695993ccebb09f5b5d4d790cd9251b97faac7c652b?s=96&d=blank&r=g\",\"caption\":\"enequipo\"},\"sameAs\":[\"https:\/\/www.facebook.com\/SonoraEE\"]}]}<\/script>\n ","yoast_head_json":{"title":"Sonora en Equipo. Anuncian vacunaci\u00f3n a personas de 50 a 59 a\u00f1os y operativo para personal educativo en estados con menor riesgo epid\u00e9mico Rep\u00fablica","description":"CIUDAD DE M\u00c9XICO. MX. \u2014 Desde la \u00faltima semana de abril y hasta finales de junio se vacunar\u00e1 a personas de 50 a 59 a\u00f1os de edad con el objetivo de reducir En Sonora en Equipo publicamos toda la informaci\u00f3n de Sonora, M\u00e9xico y el Mundo de manera oportuna y busca que la libertad de expresi\u00f3n sea real. Visita nuestro medio informativo publicado desde Hermosillo, Sonora. %","robots":{"index":"index","follow":"follow","max-snippet":"max-snippet:-1","max-image-preview":"max-image-preview:large","max-video-preview":"max-video-preview:-1"},"canonical":"https:\/\/www.sonoraenequipo.com.mx\/anuncian-vacunacion-a-personas-de-50-a-59-anos-y-operativo-para-personal-educativo-en-estados-con-menor-riesgo-epidemico\/","og_locale":"es_ES","og_type":"article","og_title":"Sonora en Equipo. Anuncian vacunaci\u00f3n a personas de 50 a 59 a\u00f1os y operativo para personal educativo en estados con menor riesgo epid\u00e9mico Rep\u00fablica","og_description":"CIUDAD DE M\u00c9XICO. MX. \u2014 Desde la \u00faltima semana de abril y hasta finales de junio se vacunar\u00e1 a personas de 50 a 59 a\u00f1os de edad con el objetivo de reducir En Sonora en Equipo publicamos toda la informaci\u00f3n de Sonora, M\u00e9xico y el Mundo de manera oportuna y busca que la libertad de expresi\u00f3n sea real. Visita nuestro medio informativo publicado desde Hermosillo, Sonora. %","og_url":"https:\/\/www.sonoraenequipo.com.mx\/anuncian-vacunacion-a-personas-de-50-a-59-anos-y-operativo-para-personal-educativo-en-estados-con-menor-riesgo-epidemico\/","og_site_name":"Sonora en Equipo.","article_publisher":"https:\/\/www.facebook.com\/SonoraEE\/","article_author":"https:\/\/www.facebook.com\/SonoraEE","article_published_time":"2021-04-13T15:22:19+00:00","article_modified_time":"2021-04-13T19:43:34+00:00","og_image":[{"width":667,"height":500,"url":"https:\/\/www.sonoraenequipo.com.mx\/storage\/2021\/04\/vacuna-tercera-edad_opt.jpg","type":"image\/jpeg"}],"author":"enequipo","twitter_card":"summary_large_image","twitter_creator":"@sonoraenequipo","twitter_site":"@sonoraenequipo","twitter_misc":{"Escrito por":"enequipo","Tiempo de lectura":"3 minutos"},"schema":{"@context":"https:\/\/schema.org","@graph":[{"@type":"Article","@id":"https:\/\/www.sonoraenequipo.com.mx\/anuncian-vacunacion-a-personas-de-50-a-59-anos-y-operativo-para-personal-educativo-en-estados-con-menor-riesgo-epidemico\/#article","isPartOf":{"@id":"https:\/\/www.sonoraenequipo.com.mx\/anuncian-vacunacion-a-personas-de-50-a-59-anos-y-operativo-para-personal-educativo-en-estados-con-menor-riesgo-epidemico\/"},"author":{"name":"enequipo","@id":"https:\/\/www.sonoraenequipo.com.mx\/#\/schema\/person\/50102df0fb23a8fa9e8effad8fa81386"},"headline":"Anuncian vacunaci\u00f3n a personas de 50 a 59 a\u00f1os y operativo para personal educativo en estados con menor riesgo epid\u00e9mico","datePublished":"2021-04-13T15:22:19+00:00","dateModified":"2021-04-13T19:43:34+00:00","mainEntityOfPage":{"@id":"https:\/\/www.sonoraenequipo.com.mx\/anuncian-vacunacion-a-personas-de-50-a-59-anos-y-operativo-para-personal-educativo-en-estados-con-menor-riesgo-epidemico\/"},"wordCount":595,"commentCount":0,"publisher":{"@id":"https:\/\/www.sonoraenequipo.com.mx\/#organization"},"image":{"@id":"https:\/\/www.sonoraenequipo.com.mx\/anuncian-vacunacion-a-personas-de-50-a-59-anos-y-operativo-para-personal-educativo-en-estados-con-menor-riesgo-epidemico\/#primaryimage"},"thumbnailUrl":"https:\/\/www.sonoraenequipo.com.mx\/storage\/2021\/04\/vacuna-tercera-edad_opt.jpg","articleSection":["Rep\u00fablica"],"inLanguage":"es","potentialAction":[{"@type":"CommentAction","name":"Comment","target":["https:\/\/www.sonoraenequipo.com.mx\/anuncian-vacunacion-a-personas-de-50-a-59-anos-y-operativo-para-personal-educativo-en-estados-con-menor-riesgo-epidemico\/#respond"]}]},{"@type":"WebPage","@id":"https:\/\/www.sonoraenequipo.com.mx\/anuncian-vacunacion-a-personas-de-50-a-59-anos-y-operativo-para-personal-educativo-en-estados-con-menor-riesgo-epidemico\/","url":"https:\/\/www.sonoraenequipo.com.mx\/anuncian-vacunacion-a-personas-de-50-a-59-anos-y-operativo-para-personal-educativo-en-estados-con-menor-riesgo-epidemico\/","name":"Sonora en Equipo. Anuncian vacunaci\u00f3n a personas de 50 a 59 a\u00f1os y operativo para personal educativo en estados con menor riesgo epid\u00e9mico Rep\u00fablica","isPartOf":{"@id":"https:\/\/www.sonoraenequipo.com.mx\/#website"},"primaryImageOfPage":{"@id":"https:\/\/www.sonoraenequipo.com.mx\/anuncian-vacunacion-a-personas-de-50-a-59-anos-y-operativo-para-personal-educativo-en-estados-con-menor-riesgo-epidemico\/#primaryimage"},"image":{"@id":"https:\/\/www.sonoraenequipo.com.mx\/anuncian-vacunacion-a-personas-de-50-a-59-anos-y-operativo-para-personal-educativo-en-estados-con-menor-riesgo-epidemico\/#primaryimage"},"thumbnailUrl":"https:\/\/www.sonoraenequipo.com.mx\/storage\/2021\/04\/vacuna-tercera-edad_opt.jpg","datePublished":"2021-04-13T15:22:19+00:00","dateModified":"2021-04-13T19:43:34+00:00","description":"CIUDAD DE M\u00c9XICO. MX. \u2014 Desde la \u00faltima semana de abril y hasta finales de junio se vacunar\u00e1 a personas de 50 a 59 a\u00f1os de edad con el objetivo de reducir En Sonora en Equipo publicamos toda la informaci\u00f3n de Sonora, M\u00e9xico y el Mundo de manera oportuna y busca que la libertad de expresi\u00f3n sea real. Visita nuestro medio informativo publicado desde Hermosillo, Sonora. %","breadcrumb":{"@id":"https:\/\/www.sonoraenequipo.com.mx\/anuncian-vacunacion-a-personas-de-50-a-59-anos-y-operativo-para-personal-educativo-en-estados-con-menor-riesgo-epidemico\/#breadcrumb"},"inLanguage":"es","potentialAction":[{"@type":"ReadAction","target":["https:\/\/www.sonoraenequipo.com.mx\/anuncian-vacunacion-a-personas-de-50-a-59-anos-y-operativo-para-personal-educativo-en-estados-con-menor-riesgo-epidemico\/"]}]},{"@type":"ImageObject","inLanguage":"es","@id":"https:\/\/www.sonoraenequipo.com.mx\/anuncian-vacunacion-a-personas-de-50-a-59-anos-y-operativo-para-personal-educativo-en-estados-con-menor-riesgo-epidemico\/#primaryimage","url":"https:\/\/www.sonoraenequipo.com.mx\/storage\/2021\/04\/vacuna-tercera-edad_opt.jpg","contentUrl":"https:\/\/www.sonoraenequipo.com.mx\/storage\/2021\/04\/vacuna-tercera-edad_opt.jpg","width":667,"height":500},{"@type":"BreadcrumbList","@id":"https:\/\/www.sonoraenequipo.com.mx\/anuncian-vacunacion-a-personas-de-50-a-59-anos-y-operativo-para-personal-educativo-en-estados-con-menor-riesgo-epidemico\/#breadcrumb","itemListElement":[{"@type":"ListItem","position":1,"name":"Portada","item":"https:\/\/www.sonoraenequipo.com.mx\/"},{"@type":"ListItem","position":2,"name":"Anuncian vacunaci\u00f3n a personas de 50 a 59 a\u00f1os y operativo para personal educativo en estados con menor riesgo epid\u00e9mico"}]},{"@type":"WebSite","@id":"https:\/\/www.sonoraenequipo.com.mx\/#website","url":"https:\/\/www.sonoraenequipo.com.mx\/","name":"Sonora en Equipo.","description":"Diario en l\u00ednea con Noticias desde Hermosillo, Sonora","publisher":{"@id":"https:\/\/www.sonoraenequipo.com.mx\/#organization"},"potentialAction":[{"@type":"SearchAction","target":{"@type":"EntryPoint","urlTemplate":"https:\/\/www.sonoraenequipo.com.mx\/?s={search_term_string}"},"query-input":{"@type":"PropertyValueSpecification","valueRequired":true,"valueName":"search_term_string"}}],"inLanguage":"es"},{"@type":"Organization","@id":"https:\/\/www.sonoraenequipo.com.mx\/#organization","name":"Sonoraenequipo.com.mx","url":"https:\/\/www.sonoraenequipo.com.mx\/","logo":{"@type":"ImageObject","inLanguage":"es","@id":"https:\/\/www.sonoraenequipo.com.mx\/#\/schema\/logo\/image\/","url":"https:\/\/www.sonoraenequipo.com.mx\/storage\/2019\/01\/sonoraenequipo_opt.png","contentUrl":"https:\/\/www.sonoraenequipo.com.mx\/storage\/2019\/01\/sonoraenequipo_opt.png","width":375,"height":125,"caption":"Sonoraenequipo.com.mx"},"image":{"@id":"https:\/\/www.sonoraenequipo.com.mx\/#\/schema\/logo\/image\/"},"sameAs":["https:\/\/www.facebook.com\/SonoraEE\/","https:\/\/x.com\/sonoraenequipo","https:\/\/www.youtube.com\/channel\/UC338nW-lPEYmJQs4ZABQ1SQ"]},{"@type":"Person","@id":"https:\/\/www.sonoraenequipo.com.mx\/#\/schema\/person\/50102df0fb23a8fa9e8effad8fa81386","name":"enequipo","image":{"@type":"ImageObject","inLanguage":"es","@id":"https:\/\/www.sonoraenequipo.com.mx\/#\/schema\/person\/image\/","url":"https:\/\/secure.gravatar.com\/avatar\/049821681b589dabc0bc20695993ccebb09f5b5d4d790cd9251b97faac7c652b?s=96&d=blank&r=g","contentUrl":"https:\/\/secure.gravatar.com\/avatar\/049821681b589dabc0bc20695993ccebb09f5b5d4d790cd9251b97faac7c652b?s=96&d=blank&r=g","caption":"enequipo"},"sameAs":["https:\/\/www.facebook.com\/SonoraEE"]}]}},"jetpack_featured_media_url":"https:\/\/www.sonoraenequipo.com.mx\/storage\/2021\/04\/vacuna-tercera-edad_opt.jpg","_links":{"self":[{"href":"https:\/\/www.sonoraenequipo.com.mx\/api\/wp\/v2\/posts\/111471","targetHints":{"allow":["GET"]}}],"collection":[{"href":"https:\/\/www.sonoraenequipo.com.mx\/api\/wp\/v2\/posts"}],"about":[{"href":"https:\/\/www.sonoraenequipo.com.mx\/api\/wp\/v2\/types\/post"}],"author":[{"embeddable":true,"href":"https:\/\/www.sonoraenequipo.com.mx\/api\/wp\/v2\/users\/1"}],"replies":[{"embeddable":true,"href":"https:\/\/www.sonoraenequipo.com.mx\/api\/wp\/v2\/comments?post=111471"}],"version-history":[{"count":1,"href":"https:\/\/www.sonoraenequipo.com.mx\/api\/wp\/v2\/posts\/111471\/revisions"}],"predecessor-version":[{"id":111473,"href":"https:\/\/www.sonoraenequipo.com.mx\/api\/wp\/v2\/posts\/111471\/revisions\/111473"}],"wp:featuredmedia":[{"embeddable":true,"href":"https:\/\/www.sonoraenequipo.com.mx\/api\/wp\/v2\/media\/111472"}],"wp:attachment":[{"href":"https:\/\/www.sonoraenequipo.com.mx\/api\/wp\/v2\/media?parent=111471"}],"wp:term":[{"taxonomy":"category","embeddable":true,"href":"https:\/\/www.sonoraenequipo.com.mx\/api\/wp\/v2\/categories?post=111471"},{"taxonomy":"post_tag","embeddable":true,"href":"https:\/\/www.sonoraenequipo.com.mx\/api\/wp\/v2\/tags?post=111471"}],"curies":[{"name":"wp","href":"https:\/\/api.w.org\/{rel}","templated":true}]}}