{"id":111479,"date":"2021-04-13T13:24:15","date_gmt":"2021-04-13T20:24:15","guid":{"rendered":"https:\/\/www.sonoraenequipo.com.mx\/?p=111479"},"modified":"2021-04-13T16:35:17","modified_gmt":"2021-04-13T23:35:17","slug":"aprueba-senado-creacion-del-padron-nacional-de-usuarios-de-telefonia-movil-con-datos-biometricos","status":"publish","type":"post","link":"https:\/\/www.sonoraenequipo.com.mx\/aprueba-senado-creacion-del-padron-nacional-de-usuarios-de-telefonia-movil-con-datos-biometricos\/","title":{"rendered":"Aprueba Senado creaci\u00f3n del Padr\u00f3n Nacional de Usuarios de Telefon\u00eda M\u00f3vil con datos biom\u00e9tricos"},"content":{"rendered":"<p>CIUDAD DE M\u00c9XICO.MX.\u2014 Con 54 votos a favor, 49 en contra y 10 abstenciones, el Pleno del Senado aprob\u00f3 en lo general la creaci\u00f3n de un Padr\u00f3n Nacional de Usuarios de Telefon\u00eda M\u00f3vil con datos biom\u00e9tricos.<\/p>\n<p>&nbsp;<\/p>\n<p> <\/p>\n<p>La reforma a la Ley Federal de Telecomunicaciones y Radiodifusi\u00f3n busca que sea obligatorio para los 122 millones de usuarios en el pa\u00eds identificarse y registrarse en un padr\u00f3n al momento de adquirir una tarjeta SIM o una l\u00ednea telef\u00f3nica por prepago, a fin de evitar o reducir el uso de l\u00edneas desechables para extorsionar o realizar secuestros que, en muchos casos, se cometen desde los centros penitenciarios, a trav\u00e9s de tel\u00e9fonos celulares que ingresan de forma clandestina a las prisiones.<\/p>\n<p>&nbsp;<\/p>\n<p>Esto supone que para adquirir una tarjeta SIM o activar una l\u00ednea telef\u00f3nica en la modalidad prepago, los usuarios tendr\u00e1n que presentar una identificaci\u00f3n, comprobante de domicilio y un m\u00e9todo de identificaci\u00f3n biom\u00e9trica, que podr\u00eda ser una fotograf\u00eda.<\/p>\n<p>&nbsp;<\/p>\n<p>El no registro o el hacerlo extempor\u00e1neo en el padr\u00f3n ser\u00e1 motivo de la cancelaci\u00f3n definitiva de la l\u00ednea telef\u00f3nica, en un plazo de 30 d\u00edas y una multa de 89 mil 692 pesos.<\/p>\n<p>&nbsp;<\/p>\n<p>El proyecto fue votado en contra por el bloque opositor del PAN, PRI, PRD y Movimiento Ciudadano, adem\u00e1s de que la senadora de Morena, Jesusa Rodr\u00edguez, tambi\u00e9n emiti\u00f3 su voto en contra. De los 10 legisladores que se abstuvieron, destacan 7 de Morena, uno del PT y uno del Partido Verde, entre ellos Nestora Salgado, Napole\u00f3n G\u00f3mez Urrutia, Ifigenia Mart\u00ednez y H\u00e9ctor Vasconcelos.<\/p>\n<p>&nbsp;<\/p>\n<p>Miguel \u00c1ngel Mancera, coordinador del PRD, afirm\u00f3 que este padr\u00f3n es un \u201cc\u00f3ctel\u201d de violaciones a la Constituci\u00f3n, por lo que adelant\u00f3 que habr\u00e1 infinidad de amparos.<\/p>\n<p>&nbsp;<\/p>\n<p><em>\u201cEs un c\u00f3ctel de violaciones constitucionales, es una suma de afectaciones a diversas garant\u00edas, sin duda lejos de coadyuvar a la lucha contra la inseguridad van a fomentar otras pr\u00e1cticas. (\u2026) Lo que se advierte aqu\u00ed es que va a haber entre acciones de inconstitucionalidad, hasta juicio de amparo por muchos de los usuarios, porque hay retroactividad de la ley, \u00bfc\u00f3mo te van a obligar retroactivamente a que te registres?\u201d<\/em>, dijo Mancera.<\/p>\n<p>&nbsp;<\/p>\n<p>La priista Claudia Ruiz Massieu refiri\u00f3 que la obligaci\u00f3n de entregar datos biom\u00e9tricos atenta contra derechos fundamentales de los usuarios y su privacidad.<\/p>\n<p>&nbsp;<\/p>\n<p>La panista X\u00f3chitl G\u00e1lvez afirm\u00f3 que la finalidad de este padr\u00f3n es monitorear a 122 millones de usuarios.<\/p>\n<p><em>\u201cEste proyecto atenta contra la privacidad y protecci\u00f3n de datos personales y transgrede la libertad de comunicaci\u00f3n. (\u2026) Se vuelve una especie de \u2018gran hermano\u2019 al estilo de la novela de George Orwell para vigilar y monitorear a m\u00e1s de ciento veintid\u00f3s millones de usuarios de la red de telefon\u00eda celular\u201d<\/em>, se\u00f1al\u00f3.<\/p>\n<p>&nbsp;<\/p>\n<p>Emilio \u00c1lvarez Icaza, senador sin partido, afirm\u00f3 que la constituci\u00f3n de este padr\u00f3n es propio de reg\u00edmenes autoritarios, porque <em>\u201cobstaculiza el derecho a la expresi\u00f3n an\u00f3nima y facilita el monitoreo y control de poblaciones en violaci\u00f3n a los derechos humanos y libertades fundamentales\u201d.<\/em><\/p>\n<p>&nbsp;<\/p>\n<p><em>\u201cS\u00f3lo hay 17 pa\u00edses que tienen un padr\u00f3n de esta naturaleza, todos de corte autoritario, todos de reg\u00edmenes que violan los derechos humanos: China, Afganist\u00e1n, Venezuela, all\u00e1 vamos a incluir a M\u00e9xico\u201d,<\/em> apunt\u00f3.<\/p>\n<p>&nbsp;<\/p>\n<p><a class=\"twitter-timeline\" data-width=\"640\" data-height=\"960\" data-dnt=\"true\" href=\"https:\/\/twitter.com\/senadomexicano?ref_src=twsrc%5Etfw\">Tweets by senadomexicano<\/a><script async src=\"https:\/\/platform.twitter.com\/widgets.js\" charset=\"utf-8\"><\/script><\/p>\n<p>&nbsp;<\/p>\n<p>(Publicada el 13\/04\/2021)<\/p>\n","protected":false},"excerpt":{"rendered":"<p>CIUDAD DE M\u00c9XICO.MX.\u2014 Con 54 votos a favor, 49 en contra y 10 abstenciones, el&#8230;<\/p>\n","protected":false},"author":1,"featured_media":111480,"comment_status":"open","ping_status":"open","sticky":false,"template":"","format":"standard","meta":{"_monsterinsights_skip_tracking":false,"_monsterinsights_sitenote_active":false,"_monsterinsights_sitenote_note":"","_monsterinsights_sitenote_category":0,"footnotes":""},"categories":[5],"tags":[],"class_list":["post"],"yoast_head":" \n<title>Sonora en Equipo. Aprueba Senado creaci\u00f3n del Padr\u00f3n Nacional de Usuarios de Telefon\u00eda M\u00f3vil con datos biom\u00e9tricos Rep\u00fablica<\/title>\n<meta name=\"description\" content=\"CIUDAD DE M\u00c9XICO.MX.\u2014 Con 54 votos a favor, 49 en contra y 10 abstenciones, el Pleno del Senado aprob\u00f3 en lo general la creaci\u00f3n de un Padr\u00f3n Nacional de En Sonora en Equipo publicamos toda la informaci\u00f3n de Sonora, M\u00e9xico y el Mundo de manera oportuna y busca que la libertad de expresi\u00f3n sea real. Visita nuestro medio informativo publicado desde Hermosillo, Sonora. %\" \/>\n<meta name=\"robots\" content=\"index, follow, max-snippet:-1, max-image-preview:large, max-video-preview:-1\" \/>\n<link rel=\"canonical\" href=\"https:\/\/www.sonoraenequipo.com.mx\/aprueba-senado-creacion-del-padron-nacional-de-usuarios-de-telefonia-movil-con-datos-biometricos\/\" \/>\n<meta property=\"og:locale\" content=\"es_ES\" \/>\n<meta property=\"og:type\" content=\"article\" \/>\n<meta property=\"og:title\" content=\"Sonora en Equipo. Aprueba Senado creaci\u00f3n del Padr\u00f3n Nacional de Usuarios de Telefon\u00eda M\u00f3vil con datos biom\u00e9tricos Rep\u00fablica\" \/>\n<meta property=\"og:description\" content=\"CIUDAD DE M\u00c9XICO.MX.\u2014 Con 54 votos a favor, 49 en contra y 10 abstenciones, el Pleno del Senado aprob\u00f3 en lo general la creaci\u00f3n de un Padr\u00f3n Nacional de En Sonora en Equipo publicamos toda la informaci\u00f3n de Sonora, M\u00e9xico y el Mundo de manera oportuna y busca que la libertad de expresi\u00f3n sea real. Visita nuestro medio informativo publicado desde Hermosillo, Sonora. %\" \/>\n<meta property=\"og:url\" content=\"https:\/\/www.sonoraenequipo.com.mx\/aprueba-senado-creacion-del-padron-nacional-de-usuarios-de-telefonia-movil-con-datos-biometricos\/\" \/>\n<meta property=\"og:site_name\" content=\"Sonora en Equipo.\" \/>\n<meta property=\"article:publisher\" content=\"https:\/\/www.facebook.com\/SonoraEE\/\" \/>\n<meta property=\"article:author\" content=\"https:\/\/www.facebook.com\/SonoraEE\" \/>\n<meta property=\"article:published_time\" content=\"2021-04-13T20:24:15+00:00\" \/>\n<meta property=\"article:modified_time\" content=\"2021-04-13T23:35:17+00:00\" \/>\n<meta property=\"og:image\" content=\"https:\/\/www.sonoraenequipo.com.mx\/storage\/2021\/04\/registro-de-celulares_opt.jpg\" \/>\n\t<meta property=\"og:image:width\" content=\"675\" \/>\n\t<meta property=\"og:image:height\" content=\"500\" \/>\n\t<meta property=\"og:image:type\" content=\"image\/jpeg\" \/>\n<meta name=\"author\" content=\"enequipo\" \/>\n<meta name=\"twitter:card\" content=\"summary_large_image\" \/>\n<meta name=\"twitter:creator\" content=\"@sonoraenequipo\" \/>\n<meta name=\"twitter:site\" content=\"@sonoraenequipo\" \/>\n<meta name=\"twitter:label1\" content=\"Escrito por\" \/>\n\t<meta name=\"twitter:data1\" content=\"enequipo\" \/>\n\t<meta name=\"twitter:label2\" content=\"Tiempo de lectura\" \/>\n\t<meta name=\"twitter:data2\" content=\"3 minutos\" \/>\n<script type=\"application\/ld+json\" class=\"yoast-schema-graph\">{\"@context\":\"https:\/\/schema.org\",\"@graph\":[{\"@type\":\"Article\",\"@id\":\"https:\/\/www.sonoraenequipo.com.mx\/aprueba-senado-creacion-del-padron-nacional-de-usuarios-de-telefonia-movil-con-datos-biometricos\/#article\",\"isPartOf\":{\"@id\":\"https:\/\/www.sonoraenequipo.com.mx\/aprueba-senado-creacion-del-padron-nacional-de-usuarios-de-telefonia-movil-con-datos-biometricos\/\"},\"author\":{\"name\":\"enequipo\",\"@id\":\"https:\/\/www.sonoraenequipo.com.mx\/#\/schema\/person\/50102df0fb23a8fa9e8effad8fa81386\"},\"headline\":\"Aprueba Senado creaci\u00f3n del Padr\u00f3n Nacional de Usuarios de Telefon\u00eda M\u00f3vil con datos biom\u00e9tricos\",\"datePublished\":\"2021-04-13T20:24:15+00:00\",\"dateModified\":\"2021-04-13T23:35:17+00:00\",\"mainEntityOfPage\":{\"@id\":\"https:\/\/www.sonoraenequipo.com.mx\/aprueba-senado-creacion-del-padron-nacional-de-usuarios-de-telefonia-movil-con-datos-biometricos\/\"},\"wordCount\":611,\"commentCount\":0,\"publisher\":{\"@id\":\"https:\/\/www.sonoraenequipo.com.mx\/#organization\"},\"image\":{\"@id\":\"https:\/\/www.sonoraenequipo.com.mx\/aprueba-senado-creacion-del-padron-nacional-de-usuarios-de-telefonia-movil-con-datos-biometricos\/#primaryimage\"},\"thumbnailUrl\":\"https:\/\/www.sonoraenequipo.com.mx\/storage\/2021\/04\/registro-de-celulares_opt.jpg\",\"articleSection\":[\"Rep\u00fablica\"],\"inLanguage\":\"es\",\"potentialAction\":[{\"@type\":\"CommentAction\",\"name\":\"Comment\",\"target\":[\"https:\/\/www.sonoraenequipo.com.mx\/aprueba-senado-creacion-del-padron-nacional-de-usuarios-de-telefonia-movil-con-datos-biometricos\/#respond\"]}]},{\"@type\":\"WebPage\",\"@id\":\"https:\/\/www.sonoraenequipo.com.mx\/aprueba-senado-creacion-del-padron-nacional-de-usuarios-de-telefonia-movil-con-datos-biometricos\/\",\"url\":\"https:\/\/www.sonoraenequipo.com.mx\/aprueba-senado-creacion-del-padron-nacional-de-usuarios-de-telefonia-movil-con-datos-biometricos\/\",\"name\":\"Sonora en Equipo. Aprueba Senado creaci\u00f3n del Padr\u00f3n Nacional de Usuarios de Telefon\u00eda M\u00f3vil con datos biom\u00e9tricos Rep\u00fablica\",\"isPartOf\":{\"@id\":\"https:\/\/www.sonoraenequipo.com.mx\/#website\"},\"primaryImageOfPage\":{\"@id\":\"https:\/\/www.sonoraenequipo.com.mx\/aprueba-senado-creacion-del-padron-nacional-de-usuarios-de-telefonia-movil-con-datos-biometricos\/#primaryimage\"},\"image\":{\"@id\":\"https:\/\/www.sonoraenequipo.com.mx\/aprueba-senado-creacion-del-padron-nacional-de-usuarios-de-telefonia-movil-con-datos-biometricos\/#primaryimage\"},\"thumbnailUrl\":\"https:\/\/www.sonoraenequipo.com.mx\/storage\/2021\/04\/registro-de-celulares_opt.jpg\",\"datePublished\":\"2021-04-13T20:24:15+00:00\",\"dateModified\":\"2021-04-13T23:35:17+00:00\",\"description\":\"CIUDAD DE M\u00c9XICO.MX.\u2014 Con 54 votos a favor, 49 en contra y 10 abstenciones, el Pleno del Senado aprob\u00f3 en lo general la creaci\u00f3n de un Padr\u00f3n Nacional de En Sonora en Equipo publicamos toda la informaci\u00f3n de Sonora, M\u00e9xico y el Mundo de manera oportuna y busca que la libertad de expresi\u00f3n sea real. Visita nuestro medio informativo publicado desde Hermosillo, Sonora. %\",\"breadcrumb\":{\"@id\":\"https:\/\/www.sonoraenequipo.com.mx\/aprueba-senado-creacion-del-padron-nacional-de-usuarios-de-telefonia-movil-con-datos-biometricos\/#breadcrumb\"},\"inLanguage\":\"es\",\"potentialAction\":[{\"@type\":\"ReadAction\",\"target\":[\"https:\/\/www.sonoraenequipo.com.mx\/aprueba-senado-creacion-del-padron-nacional-de-usuarios-de-telefonia-movil-con-datos-biometricos\/\"]}]},{\"@type\":\"ImageObject\",\"inLanguage\":\"es\",\"@id\":\"https:\/\/www.sonoraenequipo.com.mx\/aprueba-senado-creacion-del-padron-nacional-de-usuarios-de-telefonia-movil-con-datos-biometricos\/#primaryimage\",\"url\":\"https:\/\/www.sonoraenequipo.com.mx\/storage\/2021\/04\/registro-de-celulares_opt.jpg\",\"contentUrl\":\"https:\/\/www.sonoraenequipo.com.mx\/storage\/2021\/04\/registro-de-celulares_opt.jpg\",\"width\":675,\"height\":500},{\"@type\":\"BreadcrumbList\",\"@id\":\"https:\/\/www.sonoraenequipo.com.mx\/aprueba-senado-creacion-del-padron-nacional-de-usuarios-de-telefonia-movil-con-datos-biometricos\/#breadcrumb\",\"itemListElement\":[{\"@type\":\"ListItem\",\"position\":1,\"name\":\"Portada\",\"item\":\"https:\/\/www.sonoraenequipo.com.mx\/\"},{\"@type\":\"ListItem\",\"position\":2,\"name\":\"Aprueba Senado creaci\u00f3n del Padr\u00f3n Nacional de Usuarios de Telefon\u00eda M\u00f3vil con datos biom\u00e9tricos\"}]},{\"@type\":\"WebSite\",\"@id\":\"https:\/\/www.sonoraenequipo.com.mx\/#website\",\"url\":\"https:\/\/www.sonoraenequipo.com.mx\/\",\"name\":\"Sonora en Equipo.\",\"description\":\"Diario en l\u00ednea con Noticias desde Hermosillo, Sonora\",\"publisher\":{\"@id\":\"https:\/\/www.sonoraenequipo.com.mx\/#organization\"},\"potentialAction\":[{\"@type\":\"SearchAction\",\"target\":{\"@type\":\"EntryPoint\",\"urlTemplate\":\"https:\/\/www.sonoraenequipo.com.mx\/?s={search_term_string}\"},\"query-input\":{\"@type\":\"PropertyValueSpecification\",\"valueRequired\":true,\"valueName\":\"search_term_string\"}}],\"inLanguage\":\"es\"},{\"@type\":\"Organization\",\"@id\":\"https:\/\/www.sonoraenequipo.com.mx\/#organization\",\"name\":\"Sonoraenequipo.com.mx\",\"url\":\"https:\/\/www.sonoraenequipo.com.mx\/\",\"logo\":{\"@type\":\"ImageObject\",\"inLanguage\":\"es\",\"@id\":\"https:\/\/www.sonoraenequipo.com.mx\/#\/schema\/logo\/image\/\",\"url\":\"https:\/\/www.sonoraenequipo.com.mx\/storage\/2019\/01\/sonoraenequipo_opt.png\",\"contentUrl\":\"https:\/\/www.sonoraenequipo.com.mx\/storage\/2019\/01\/sonoraenequipo_opt.png\",\"width\":375,\"height\":125,\"caption\":\"Sonoraenequipo.com.mx\"},\"image\":{\"@id\":\"https:\/\/www.sonoraenequipo.com.mx\/#\/schema\/logo\/image\/\"},\"sameAs\":[\"https:\/\/www.facebook.com\/SonoraEE\/\",\"https:\/\/x.com\/sonoraenequipo\",\"https:\/\/www.youtube.com\/channel\/UC338nW-lPEYmJQs4ZABQ1SQ\"]},{\"@type\":\"Person\",\"@id\":\"https:\/\/www.sonoraenequipo.com.mx\/#\/schema\/person\/50102df0fb23a8fa9e8effad8fa81386\",\"name\":\"enequipo\",\"image\":{\"@type\":\"ImageObject\",\"inLanguage\":\"es\",\"@id\":\"https:\/\/www.sonoraenequipo.com.mx\/#\/schema\/person\/image\/\",\"url\":\"https:\/\/secure.gravatar.com\/avatar\/049821681b589dabc0bc20695993ccebb09f5b5d4d790cd9251b97faac7c652b?s=96&d=blank&r=g\",\"contentUrl\":\"https:\/\/secure.gravatar.com\/avatar\/049821681b589dabc0bc20695993ccebb09f5b5d4d790cd9251b97faac7c652b?s=96&d=blank&r=g\",\"caption\":\"enequipo\"},\"sameAs\":[\"https:\/\/www.facebook.com\/SonoraEE\"]}]}<\/script>\n ","yoast_head_json":{"title":"Sonora en Equipo. Aprueba Senado creaci\u00f3n del Padr\u00f3n Nacional de Usuarios de Telefon\u00eda M\u00f3vil con datos biom\u00e9tricos Rep\u00fablica","description":"CIUDAD DE M\u00c9XICO.MX.\u2014 Con 54 votos a favor, 49 en contra y 10 abstenciones, el Pleno del Senado aprob\u00f3 en lo general la creaci\u00f3n de un Padr\u00f3n Nacional de En Sonora en Equipo publicamos toda la informaci\u00f3n de Sonora, M\u00e9xico y el Mundo de manera oportuna y busca que la libertad de expresi\u00f3n sea real. Visita nuestro medio informativo publicado desde Hermosillo, Sonora. %","robots":{"index":"index","follow":"follow","max-snippet":"max-snippet:-1","max-image-preview":"max-image-preview:large","max-video-preview":"max-video-preview:-1"},"canonical":"https:\/\/www.sonoraenequipo.com.mx\/aprueba-senado-creacion-del-padron-nacional-de-usuarios-de-telefonia-movil-con-datos-biometricos\/","og_locale":"es_ES","og_type":"article","og_title":"Sonora en Equipo. Aprueba Senado creaci\u00f3n del Padr\u00f3n Nacional de Usuarios de Telefon\u00eda M\u00f3vil con datos biom\u00e9tricos Rep\u00fablica","og_description":"CIUDAD DE M\u00c9XICO.MX.\u2014 Con 54 votos a favor, 49 en contra y 10 abstenciones, el Pleno del Senado aprob\u00f3 en lo general la creaci\u00f3n de un Padr\u00f3n Nacional de En Sonora en Equipo publicamos toda la informaci\u00f3n de Sonora, M\u00e9xico y el Mundo de manera oportuna y busca que la libertad de expresi\u00f3n sea real. Visita nuestro medio informativo publicado desde Hermosillo, Sonora. %","og_url":"https:\/\/www.sonoraenequipo.com.mx\/aprueba-senado-creacion-del-padron-nacional-de-usuarios-de-telefonia-movil-con-datos-biometricos\/","og_site_name":"Sonora en Equipo.","article_publisher":"https:\/\/www.facebook.com\/SonoraEE\/","article_author":"https:\/\/www.facebook.com\/SonoraEE","article_published_time":"2021-04-13T20:24:15+00:00","article_modified_time":"2021-04-13T23:35:17+00:00","og_image":[{"width":675,"height":500,"url":"https:\/\/www.sonoraenequipo.com.mx\/storage\/2021\/04\/registro-de-celulares_opt.jpg","type":"image\/jpeg"}],"author":"enequipo","twitter_card":"summary_large_image","twitter_creator":"@sonoraenequipo","twitter_site":"@sonoraenequipo","twitter_misc":{"Escrito por":"enequipo","Tiempo de lectura":"3 minutos"},"schema":{"@context":"https:\/\/schema.org","@graph":[{"@type":"Article","@id":"https:\/\/www.sonoraenequipo.com.mx\/aprueba-senado-creacion-del-padron-nacional-de-usuarios-de-telefonia-movil-con-datos-biometricos\/#article","isPartOf":{"@id":"https:\/\/www.sonoraenequipo.com.mx\/aprueba-senado-creacion-del-padron-nacional-de-usuarios-de-telefonia-movil-con-datos-biometricos\/"},"author":{"name":"enequipo","@id":"https:\/\/www.sonoraenequipo.com.mx\/#\/schema\/person\/50102df0fb23a8fa9e8effad8fa81386"},"headline":"Aprueba Senado creaci\u00f3n del Padr\u00f3n Nacional de Usuarios de Telefon\u00eda M\u00f3vil con datos biom\u00e9tricos","datePublished":"2021-04-13T20:24:15+00:00","dateModified":"2021-04-13T23:35:17+00:00","mainEntityOfPage":{"@id":"https:\/\/www.sonoraenequipo.com.mx\/aprueba-senado-creacion-del-padron-nacional-de-usuarios-de-telefonia-movil-con-datos-biometricos\/"},"wordCount":611,"commentCount":0,"publisher":{"@id":"https:\/\/www.sonoraenequipo.com.mx\/#organization"},"image":{"@id":"https:\/\/www.sonoraenequipo.com.mx\/aprueba-senado-creacion-del-padron-nacional-de-usuarios-de-telefonia-movil-con-datos-biometricos\/#primaryimage"},"thumbnailUrl":"https:\/\/www.sonoraenequipo.com.mx\/storage\/2021\/04\/registro-de-celulares_opt.jpg","articleSection":["Rep\u00fablica"],"inLanguage":"es","potentialAction":[{"@type":"CommentAction","name":"Comment","target":["https:\/\/www.sonoraenequipo.com.mx\/aprueba-senado-creacion-del-padron-nacional-de-usuarios-de-telefonia-movil-con-datos-biometricos\/#respond"]}]},{"@type":"WebPage","@id":"https:\/\/www.sonoraenequipo.com.mx\/aprueba-senado-creacion-del-padron-nacional-de-usuarios-de-telefonia-movil-con-datos-biometricos\/","url":"https:\/\/www.sonoraenequipo.com.mx\/aprueba-senado-creacion-del-padron-nacional-de-usuarios-de-telefonia-movil-con-datos-biometricos\/","name":"Sonora en Equipo. Aprueba Senado creaci\u00f3n del Padr\u00f3n Nacional de Usuarios de Telefon\u00eda M\u00f3vil con datos biom\u00e9tricos Rep\u00fablica","isPartOf":{"@id":"https:\/\/www.sonoraenequipo.com.mx\/#website"},"primaryImageOfPage":{"@id":"https:\/\/www.sonoraenequipo.com.mx\/aprueba-senado-creacion-del-padron-nacional-de-usuarios-de-telefonia-movil-con-datos-biometricos\/#primaryimage"},"image":{"@id":"https:\/\/www.sonoraenequipo.com.mx\/aprueba-senado-creacion-del-padron-nacional-de-usuarios-de-telefonia-movil-con-datos-biometricos\/#primaryimage"},"thumbnailUrl":"https:\/\/www.sonoraenequipo.com.mx\/storage\/2021\/04\/registro-de-celulares_opt.jpg","datePublished":"2021-04-13T20:24:15+00:00","dateModified":"2021-04-13T23:35:17+00:00","description":"CIUDAD DE M\u00c9XICO.MX.\u2014 Con 54 votos a favor, 49 en contra y 10 abstenciones, el Pleno del Senado aprob\u00f3 en lo general la creaci\u00f3n de un Padr\u00f3n Nacional de En Sonora en Equipo publicamos toda la informaci\u00f3n de Sonora, M\u00e9xico y el Mundo de manera oportuna y busca que la libertad de expresi\u00f3n sea real. Visita nuestro medio informativo publicado desde Hermosillo, Sonora. %","breadcrumb":{"@id":"https:\/\/www.sonoraenequipo.com.mx\/aprueba-senado-creacion-del-padron-nacional-de-usuarios-de-telefonia-movil-con-datos-biometricos\/#breadcrumb"},"inLanguage":"es","potentialAction":[{"@type":"ReadAction","target":["https:\/\/www.sonoraenequipo.com.mx\/aprueba-senado-creacion-del-padron-nacional-de-usuarios-de-telefonia-movil-con-datos-biometricos\/"]}]},{"@type":"ImageObject","inLanguage":"es","@id":"https:\/\/www.sonoraenequipo.com.mx\/aprueba-senado-creacion-del-padron-nacional-de-usuarios-de-telefonia-movil-con-datos-biometricos\/#primaryimage","url":"https:\/\/www.sonoraenequipo.com.mx\/storage\/2021\/04\/registro-de-celulares_opt.jpg","contentUrl":"https:\/\/www.sonoraenequipo.com.mx\/storage\/2021\/04\/registro-de-celulares_opt.jpg","width":675,"height":500},{"@type":"BreadcrumbList","@id":"https:\/\/www.sonoraenequipo.com.mx\/aprueba-senado-creacion-del-padron-nacional-de-usuarios-de-telefonia-movil-con-datos-biometricos\/#breadcrumb","itemListElement":[{"@type":"ListItem","position":1,"name":"Portada","item":"https:\/\/www.sonoraenequipo.com.mx\/"},{"@type":"ListItem","position":2,"name":"Aprueba Senado creaci\u00f3n del Padr\u00f3n Nacional de Usuarios de Telefon\u00eda M\u00f3vil con datos biom\u00e9tricos"}]},{"@type":"WebSite","@id":"https:\/\/www.sonoraenequipo.com.mx\/#website","url":"https:\/\/www.sonoraenequipo.com.mx\/","name":"Sonora en Equipo.","description":"Diario en l\u00ednea con Noticias desde Hermosillo, Sonora","publisher":{"@id":"https:\/\/www.sonoraenequipo.com.mx\/#organization"},"potentialAction":[{"@type":"SearchAction","target":{"@type":"EntryPoint","urlTemplate":"https:\/\/www.sonoraenequipo.com.mx\/?s={search_term_string}"},"query-input":{"@type":"PropertyValueSpecification","valueRequired":true,"valueName":"search_term_string"}}],"inLanguage":"es"},{"@type":"Organization","@id":"https:\/\/www.sonoraenequipo.com.mx\/#organization","name":"Sonoraenequipo.com.mx","url":"https:\/\/www.sonoraenequipo.com.mx\/","logo":{"@type":"ImageObject","inLanguage":"es","@id":"https:\/\/www.sonoraenequipo.com.mx\/#\/schema\/logo\/image\/","url":"https:\/\/www.sonoraenequipo.com.mx\/storage\/2019\/01\/sonoraenequipo_opt.png","contentUrl":"https:\/\/www.sonoraenequipo.com.mx\/storage\/2019\/01\/sonoraenequipo_opt.png","width":375,"height":125,"caption":"Sonoraenequipo.com.mx"},"image":{"@id":"https:\/\/www.sonoraenequipo.com.mx\/#\/schema\/logo\/image\/"},"sameAs":["https:\/\/www.facebook.com\/SonoraEE\/","https:\/\/x.com\/sonoraenequipo","https:\/\/www.youtube.com\/channel\/UC338nW-lPEYmJQs4ZABQ1SQ"]},{"@type":"Person","@id":"https:\/\/www.sonoraenequipo.com.mx\/#\/schema\/person\/50102df0fb23a8fa9e8effad8fa81386","name":"enequipo","image":{"@type":"ImageObject","inLanguage":"es","@id":"https:\/\/www.sonoraenequipo.com.mx\/#\/schema\/person\/image\/","url":"https:\/\/secure.gravatar.com\/avatar\/049821681b589dabc0bc20695993ccebb09f5b5d4d790cd9251b97faac7c652b?s=96&d=blank&r=g","contentUrl":"https:\/\/secure.gravatar.com\/avatar\/049821681b589dabc0bc20695993ccebb09f5b5d4d790cd9251b97faac7c652b?s=96&d=blank&r=g","caption":"enequipo"},"sameAs":["https:\/\/www.facebook.com\/SonoraEE"]}]}},"jetpack_featured_media_url":"https:\/\/www.sonoraenequipo.com.mx\/storage\/2021\/04\/registro-de-celulares_opt.jpg","_links":{"self":[{"href":"https:\/\/www.sonoraenequipo.com.mx\/api\/wp\/v2\/posts\/111479","targetHints":{"allow":["GET"]}}],"collection":[{"href":"https:\/\/www.sonoraenequipo.com.mx\/api\/wp\/v2\/posts"}],"about":[{"href":"https:\/\/www.sonoraenequipo.com.mx\/api\/wp\/v2\/types\/post"}],"author":[{"embeddable":true,"href":"https:\/\/www.sonoraenequipo.com.mx\/api\/wp\/v2\/users\/1"}],"replies":[{"embeddable":true,"href":"https:\/\/www.sonoraenequipo.com.mx\/api\/wp\/v2\/comments?post=111479"}],"version-history":[{"count":3,"href":"https:\/\/www.sonoraenequipo.com.mx\/api\/wp\/v2\/posts\/111479\/revisions"}],"predecessor-version":[{"id":111483,"href":"https:\/\/www.sonoraenequipo.com.mx\/api\/wp\/v2\/posts\/111479\/revisions\/111483"}],"wp:featuredmedia":[{"embeddable":true,"href":"https:\/\/www.sonoraenequipo.com.mx\/api\/wp\/v2\/media\/111480"}],"wp:attachment":[{"href":"https:\/\/www.sonoraenequipo.com.mx\/api\/wp\/v2\/media?parent=111479"}],"wp:term":[{"taxonomy":"category","embeddable":true,"href":"https:\/\/www.sonoraenequipo.com.mx\/api\/wp\/v2\/categories?post=111479"},{"taxonomy":"post_tag","embeddable":true,"href":"https:\/\/www.sonoraenequipo.com.mx\/api\/wp\/v2\/tags?post=111479"}],"curies":[{"name":"wp","href":"https:\/\/api.w.org\/{rel}","templated":true}]}}