{"id":111487,"date":"2021-04-13T14:12:24","date_gmt":"2021-04-13T21:12:24","guid":{"rendered":"https:\/\/www.sonoraenequipo.com.mx\/?p=111487"},"modified":"2021-04-13T16:47:20","modified_gmt":"2021-04-13T23:47:20","slug":"biden-promete-retirar-tropas-de-eua-de-afganistan-antes-del-11-de-septiembre","status":"publish","type":"post","link":"https:\/\/www.sonoraenequipo.com.mx\/biden-promete-retirar-tropas-de-eua-de-afganistan-antes-del-11-de-septiembre\/","title":{"rendered":"Biden promete retirar tropas de EUA de Afganist\u00e1n antes del 11 de septiembre"},"content":{"rendered":"<p>WASHINGTON, ESTADOS UNIDOS. \u2014 El presidente de Estados Unidos, Joe Biden, va a retirar todas las tropas de Estados Unidos de Afganist\u00e1n antes del 20 aniversario de los ataques del 11 de septiembre, para poner fin a la guerra m\u00e1s larga del pa\u00eds, indic\u00f3 un alto funcionario.<\/p>\n<p>&nbsp;<\/p>\n<p> <\/p>\n<p>La retirada \u2013que ser\u00e1 cinco meses despu\u00e9s de lo previsto\u2013 se producir\u00e1 despu\u00e9s de que Biden llegara a la conclusi\u00f3n de que Estados Unidos puede completar el proceso antes del 11 de septiembre, indic\u00f3 este martes un alto funcionario, bajo condici\u00f3n de anonimato.<\/p>\n<p>&nbsp;<\/p>\n<p>El mandatario dem\u00f3crata anunciar\u00e1 el mi\u00e9rcoles que todas las fuerzas estadounidenses, en coordinaci\u00f3n con las de los aliados occidentales, dejar\u00e1n a solo un personal limitado para vigilar las instalaciones diplom\u00e1ticas de la potencia norteamericana, afirm\u00f3 el funcionario.<\/p>\n<p>&nbsp;<\/p>\n<p>Biden no supeditar\u00e1 la partida a las condiciones sobre el terreno, donde crecen los temores de que los talibanes puedan obtener importantes victorias frente al gobierno apoyado internacionalmente de Kabul.<\/p>\n<p>&nbsp;<\/p>\n<p><em>\u201cEl presidente juzg\u00f3 que un enfoque basado en las condiciones, que ha sido el de las dos d\u00e9cadas pasadas, significar\u00eda permanecer en Afganist\u00e1n para siempre\u201d, e<\/em>xplic\u00f3 el funcionario, que urgi\u00f3 a un cambio en las prioridades de Estados Unidos.<\/p>\n<p>&nbsp;<\/p>\n<p>Para los afganos, la lucha probablemente continuar\u00e1. El funcionario hizo estas breves declaraciones despu\u00e9s de que la inteligencia estadounidense publicara un informe de evaluaci\u00f3n de amenazas que advirti\u00f3 que el asediado gobierno afgano \u201ctendr\u00e1 dificultades\u201d para controlar a unos \u201cconfiados\u201d talibanes cuando se retire la coalici\u00f3n liderada por Estados Unidos.<\/p>\n<p>&nbsp;<\/p>\n<p>El expresidente Donald Trump tambi\u00e9n favoreci\u00f3 la partida de las tropas y alcanz\u00f3 un acuerdo con los talibanes en febrero de 2020 por el que las fuerzas estadounidenses se ir\u00e1n del pa\u00eds antes de mayo de 2021 a cambio de la promesa de los insurgentes de que no apoyar\u00e1n a Al Qaida y a otros extremistas, que es lo que motiv\u00f3 la invasi\u00f3n original de 2001.<\/p>\n<p>&nbsp;<\/p>\n<p>El funcionario de Biden adelant\u00f3 que la retirada comenzar\u00e1 en mayo y que el atraso se debi\u00f3 principalmente a motivos log\u00edsticos, por lo que es posible que las tropas est\u00e9n fuera de Afganist\u00e1n bastante antes del 11 de septiembre.<\/p>\n<p>&nbsp;<\/p>\n<p>El alto cargo advirti\u00f3, sin embargo, a los talibanes de que habr\u00e1 una \u201crespuesta contundente\u201d en caso de que ataquen a las tropas al salir.<\/p>\n<p>&nbsp;<\/p>\n<p><em>\u201cHemos comunicado claramente a los talibanes en t\u00e9rminos que si lanzan ataques contra Estados Unidos o las fuerzas aliadas mientras realizamos esta retirada\u201c,<\/em> dijo, <em>\u201cresponderemos y de forma dura\u201c.<\/em><\/p>\n<p>&nbsp;<\/p>\n<p>El informe de evaluaci\u00f3n de amenazas publicado el martes por el director de la inteligencia nacional se\u00f1al\u00f3 que los talibanes est\u00e1n <em>\u201cconfiados de que pueden lograr la victoria militar\u201c.<\/em><\/p>\n<p>&nbsp;<\/p>\n<p><em>\u201cLas fuerzas afganas contin\u00faan asegurando las ciudades m\u00e1s importantes y otros bastiones del gobierno, pero contin\u00faan atadas en misiones defensivas y han tenido dificultades para mantener territorio recapturado o para restablecer una presencia en las \u00e1reas abandonadas en 2020\u201c<\/em>, valor\u00f3.<\/p>\n<p>&nbsp;<\/p>\n<p>&nbsp;<\/p>\n<p>(Publicada el 13\/04\/2021 \/AFP)<\/p>\n","protected":false},"excerpt":{"rendered":"<p>WASHINGTON, ESTADOS UNIDOS. \u2014 El presidente de Estados Unidos, Joe Biden, va a retirar todas&#8230;<\/p>\n","protected":false},"author":1,"featured_media":111488,"comment_status":"open","ping_status":"open","sticky":false,"template":"","format":"standard","meta":{"_monsterinsights_skip_tracking":false,"_monsterinsights_sitenote_active":false,"_monsterinsights_sitenote_note":"","_monsterinsights_sitenote_category":0,"footnotes":""},"categories":[3],"tags":[],"class_list":["post"],"yoast_head":" \n<title>Sonora en Equipo. Biden promete retirar tropas de EUA de Afganist\u00e1n antes del 11 de septiembre MUNDO<\/title>\n<meta name=\"description\" content=\"WASHINGTON, ESTADOS UNIDOS. \u2014 El presidente de Estados Unidos, Joe Biden, va a retirar todas las tropas de Estados Unidos de Afganist\u00e1n antes del 20 En Sonora en Equipo publicamos toda la informaci\u00f3n de Sonora, M\u00e9xico y el Mundo de manera oportuna y busca que la libertad de expresi\u00f3n sea real. Visita nuestro medio informativo publicado desde Hermosillo, Sonora. %\" \/>\n<meta name=\"robots\" content=\"index, follow, max-snippet:-1, max-image-preview:large, max-video-preview:-1\" \/>\n<link rel=\"canonical\" href=\"https:\/\/www.sonoraenequipo.com.mx\/biden-promete-retirar-tropas-de-eua-de-afganistan-antes-del-11-de-septiembre\/\" \/>\n<meta property=\"og:locale\" content=\"es_ES\" \/>\n<meta property=\"og:type\" content=\"article\" \/>\n<meta property=\"og:title\" content=\"Sonora en Equipo. Biden promete retirar tropas de EUA de Afganist\u00e1n antes del 11 de septiembre MUNDO\" \/>\n<meta property=\"og:description\" content=\"WASHINGTON, ESTADOS UNIDOS. \u2014 El presidente de Estados Unidos, Joe Biden, va a retirar todas las tropas de Estados Unidos de Afganist\u00e1n antes del 20 En Sonora en Equipo publicamos toda la informaci\u00f3n de Sonora, M\u00e9xico y el Mundo de manera oportuna y busca que la libertad de expresi\u00f3n sea real. Visita nuestro medio informativo publicado desde Hermosillo, Sonora. %\" \/>\n<meta property=\"og:url\" content=\"https:\/\/www.sonoraenequipo.com.mx\/biden-promete-retirar-tropas-de-eua-de-afganistan-antes-del-11-de-septiembre\/\" \/>\n<meta property=\"og:site_name\" content=\"Sonora en Equipo.\" \/>\n<meta property=\"article:publisher\" content=\"https:\/\/www.facebook.com\/SonoraEE\/\" \/>\n<meta property=\"article:author\" content=\"https:\/\/www.facebook.com\/SonoraEE\" \/>\n<meta property=\"article:published_time\" content=\"2021-04-13T21:12:24+00:00\" \/>\n<meta property=\"article:modified_time\" content=\"2021-04-13T23:47:20+00:00\" \/>\n<meta property=\"og:image\" content=\"https:\/\/www.sonoraenequipo.com.mx\/storage\/2021\/04\/Patrick-Baz-AFP_opt.jpg\" \/>\n\t<meta property=\"og:image:width\" content=\"751\" \/>\n\t<meta property=\"og:image:height\" content=\"500\" \/>\n\t<meta property=\"og:image:type\" content=\"image\/jpeg\" \/>\n<meta name=\"author\" content=\"enequipo\" \/>\n<meta name=\"twitter:card\" content=\"summary_large_image\" \/>\n<meta name=\"twitter:creator\" content=\"@sonoraenequipo\" \/>\n<meta name=\"twitter:site\" content=\"@sonoraenequipo\" \/>\n<meta name=\"twitter:label1\" content=\"Escrito por\" \/>\n\t<meta name=\"twitter:data1\" content=\"enequipo\" \/>\n\t<meta name=\"twitter:label2\" content=\"Tiempo de lectura\" \/>\n\t<meta name=\"twitter:data2\" content=\"3 minutos\" \/>\n<script type=\"application\/ld+json\" class=\"yoast-schema-graph\">{\"@context\":\"https:\/\/schema.org\",\"@graph\":[{\"@type\":\"Article\",\"@id\":\"https:\/\/www.sonoraenequipo.com.mx\/biden-promete-retirar-tropas-de-eua-de-afganistan-antes-del-11-de-septiembre\/#article\",\"isPartOf\":{\"@id\":\"https:\/\/www.sonoraenequipo.com.mx\/biden-promete-retirar-tropas-de-eua-de-afganistan-antes-del-11-de-septiembre\/\"},\"author\":{\"name\":\"enequipo\",\"@id\":\"https:\/\/www.sonoraenequipo.com.mx\/#\/schema\/person\/50102df0fb23a8fa9e8effad8fa81386\"},\"headline\":\"Biden promete retirar tropas de EUA de Afganist\u00e1n antes del 11 de septiembre\",\"datePublished\":\"2021-04-13T21:12:24+00:00\",\"dateModified\":\"2021-04-13T23:47:20+00:00\",\"mainEntityOfPage\":{\"@id\":\"https:\/\/www.sonoraenequipo.com.mx\/biden-promete-retirar-tropas-de-eua-de-afganistan-antes-del-11-de-septiembre\/\"},\"wordCount\":527,\"commentCount\":0,\"publisher\":{\"@id\":\"https:\/\/www.sonoraenequipo.com.mx\/#organization\"},\"image\":{\"@id\":\"https:\/\/www.sonoraenequipo.com.mx\/biden-promete-retirar-tropas-de-eua-de-afganistan-antes-del-11-de-septiembre\/#primaryimage\"},\"thumbnailUrl\":\"https:\/\/www.sonoraenequipo.com.mx\/storage\/2021\/04\/Patrick-Baz-AFP_opt.jpg\",\"articleSection\":[\"MUNDO\"],\"inLanguage\":\"es\",\"potentialAction\":[{\"@type\":\"CommentAction\",\"name\":\"Comment\",\"target\":[\"https:\/\/www.sonoraenequipo.com.mx\/biden-promete-retirar-tropas-de-eua-de-afganistan-antes-del-11-de-septiembre\/#respond\"]}]},{\"@type\":\"WebPage\",\"@id\":\"https:\/\/www.sonoraenequipo.com.mx\/biden-promete-retirar-tropas-de-eua-de-afganistan-antes-del-11-de-septiembre\/\",\"url\":\"https:\/\/www.sonoraenequipo.com.mx\/biden-promete-retirar-tropas-de-eua-de-afganistan-antes-del-11-de-septiembre\/\",\"name\":\"Sonora en Equipo. Biden promete retirar tropas de EUA de Afganist\u00e1n antes del 11 de septiembre MUNDO\",\"isPartOf\":{\"@id\":\"https:\/\/www.sonoraenequipo.com.mx\/#website\"},\"primaryImageOfPage\":{\"@id\":\"https:\/\/www.sonoraenequipo.com.mx\/biden-promete-retirar-tropas-de-eua-de-afganistan-antes-del-11-de-septiembre\/#primaryimage\"},\"image\":{\"@id\":\"https:\/\/www.sonoraenequipo.com.mx\/biden-promete-retirar-tropas-de-eua-de-afganistan-antes-del-11-de-septiembre\/#primaryimage\"},\"thumbnailUrl\":\"https:\/\/www.sonoraenequipo.com.mx\/storage\/2021\/04\/Patrick-Baz-AFP_opt.jpg\",\"datePublished\":\"2021-04-13T21:12:24+00:00\",\"dateModified\":\"2021-04-13T23:47:20+00:00\",\"description\":\"WASHINGTON, ESTADOS UNIDOS. \u2014 El presidente de Estados Unidos, Joe Biden, va a retirar todas las tropas de Estados Unidos de Afganist\u00e1n antes del 20 En Sonora en Equipo publicamos toda la informaci\u00f3n de Sonora, M\u00e9xico y el Mundo de manera oportuna y busca que la libertad de expresi\u00f3n sea real. Visita nuestro medio informativo publicado desde Hermosillo, Sonora. %\",\"breadcrumb\":{\"@id\":\"https:\/\/www.sonoraenequipo.com.mx\/biden-promete-retirar-tropas-de-eua-de-afganistan-antes-del-11-de-septiembre\/#breadcrumb\"},\"inLanguage\":\"es\",\"potentialAction\":[{\"@type\":\"ReadAction\",\"target\":[\"https:\/\/www.sonoraenequipo.com.mx\/biden-promete-retirar-tropas-de-eua-de-afganistan-antes-del-11-de-septiembre\/\"]}]},{\"@type\":\"ImageObject\",\"inLanguage\":\"es\",\"@id\":\"https:\/\/www.sonoraenequipo.com.mx\/biden-promete-retirar-tropas-de-eua-de-afganistan-antes-del-11-de-septiembre\/#primaryimage\",\"url\":\"https:\/\/www.sonoraenequipo.com.mx\/storage\/2021\/04\/Patrick-Baz-AFP_opt.jpg\",\"contentUrl\":\"https:\/\/www.sonoraenequipo.com.mx\/storage\/2021\/04\/Patrick-Baz-AFP_opt.jpg\",\"width\":751,\"height\":500,\"caption\":\"(FILES) In this file photo US marines with 1\/3 marine Charlie Company patrol past a Danish army Leopard 2A5EK tank as they clear Improvised Explosive Device (IED)s from a main route in Trikh Nawar on the North Eastern outskirts of Marjah on February 21, 2010. - President Joe Biden will remove all US troops from Afghanistan before this year's 20th anniversary of the September 11 attacks, ending America's longest war around five months later than planned, a US official said. Biden has \\\"reached the conclusion that the United States will complete its drawdown -- will remove its forces from Afghanistan -- before September 11,\\\" the official told reporters on condition of anonymity. (Photo by Patrick BAZ \/ AFP)\"},{\"@type\":\"BreadcrumbList\",\"@id\":\"https:\/\/www.sonoraenequipo.com.mx\/biden-promete-retirar-tropas-de-eua-de-afganistan-antes-del-11-de-septiembre\/#breadcrumb\",\"itemListElement\":[{\"@type\":\"ListItem\",\"position\":1,\"name\":\"Portada\",\"item\":\"https:\/\/www.sonoraenequipo.com.mx\/\"},{\"@type\":\"ListItem\",\"position\":2,\"name\":\"Biden promete retirar tropas de EUA de Afganist\u00e1n antes del 11 de septiembre\"}]},{\"@type\":\"WebSite\",\"@id\":\"https:\/\/www.sonoraenequipo.com.mx\/#website\",\"url\":\"https:\/\/www.sonoraenequipo.com.mx\/\",\"name\":\"Sonora en Equipo.\",\"description\":\"Diario en l\u00ednea con Noticias desde Hermosillo, Sonora\",\"publisher\":{\"@id\":\"https:\/\/www.sonoraenequipo.com.mx\/#organization\"},\"potentialAction\":[{\"@type\":\"SearchAction\",\"target\":{\"@type\":\"EntryPoint\",\"urlTemplate\":\"https:\/\/www.sonoraenequipo.com.mx\/?s={search_term_string}\"},\"query-input\":{\"@type\":\"PropertyValueSpecification\",\"valueRequired\":true,\"valueName\":\"search_term_string\"}}],\"inLanguage\":\"es\"},{\"@type\":\"Organization\",\"@id\":\"https:\/\/www.sonoraenequipo.com.mx\/#organization\",\"name\":\"Sonoraenequipo.com.mx\",\"url\":\"https:\/\/www.sonoraenequipo.com.mx\/\",\"logo\":{\"@type\":\"ImageObject\",\"inLanguage\":\"es\",\"@id\":\"https:\/\/www.sonoraenequipo.com.mx\/#\/schema\/logo\/image\/\",\"url\":\"https:\/\/www.sonoraenequipo.com.mx\/storage\/2019\/01\/sonoraenequipo_opt.png\",\"contentUrl\":\"https:\/\/www.sonoraenequipo.com.mx\/storage\/2019\/01\/sonoraenequipo_opt.png\",\"width\":375,\"height\":125,\"caption\":\"Sonoraenequipo.com.mx\"},\"image\":{\"@id\":\"https:\/\/www.sonoraenequipo.com.mx\/#\/schema\/logo\/image\/\"},\"sameAs\":[\"https:\/\/www.facebook.com\/SonoraEE\/\",\"https:\/\/x.com\/sonoraenequipo\",\"https:\/\/www.youtube.com\/channel\/UC338nW-lPEYmJQs4ZABQ1SQ\"]},{\"@type\":\"Person\",\"@id\":\"https:\/\/www.sonoraenequipo.com.mx\/#\/schema\/person\/50102df0fb23a8fa9e8effad8fa81386\",\"name\":\"enequipo\",\"image\":{\"@type\":\"ImageObject\",\"inLanguage\":\"es\",\"@id\":\"https:\/\/www.sonoraenequipo.com.mx\/#\/schema\/person\/image\/\",\"url\":\"https:\/\/secure.gravatar.com\/avatar\/049821681b589dabc0bc20695993ccebb09f5b5d4d790cd9251b97faac7c652b?s=96&d=blank&r=g\",\"contentUrl\":\"https:\/\/secure.gravatar.com\/avatar\/049821681b589dabc0bc20695993ccebb09f5b5d4d790cd9251b97faac7c652b?s=96&d=blank&r=g\",\"caption\":\"enequipo\"},\"sameAs\":[\"https:\/\/www.facebook.com\/SonoraEE\"]}]}<\/script>\n ","yoast_head_json":{"title":"Sonora en Equipo. Biden promete retirar tropas de EUA de Afganist\u00e1n antes del 11 de septiembre MUNDO","description":"WASHINGTON, ESTADOS UNIDOS. \u2014 El presidente de Estados Unidos, Joe Biden, va a retirar todas las tropas de Estados Unidos de Afganist\u00e1n antes del 20 En Sonora en Equipo publicamos toda la informaci\u00f3n de Sonora, M\u00e9xico y el Mundo de manera oportuna y busca que la libertad de expresi\u00f3n sea real. Visita nuestro medio informativo publicado desde Hermosillo, Sonora. %","robots":{"index":"index","follow":"follow","max-snippet":"max-snippet:-1","max-image-preview":"max-image-preview:large","max-video-preview":"max-video-preview:-1"},"canonical":"https:\/\/www.sonoraenequipo.com.mx\/biden-promete-retirar-tropas-de-eua-de-afganistan-antes-del-11-de-septiembre\/","og_locale":"es_ES","og_type":"article","og_title":"Sonora en Equipo. Biden promete retirar tropas de EUA de Afganist\u00e1n antes del 11 de septiembre MUNDO","og_description":"WASHINGTON, ESTADOS UNIDOS. \u2014 El presidente de Estados Unidos, Joe Biden, va a retirar todas las tropas de Estados Unidos de Afganist\u00e1n antes del 20 En Sonora en Equipo publicamos toda la informaci\u00f3n de Sonora, M\u00e9xico y el Mundo de manera oportuna y busca que la libertad de expresi\u00f3n sea real. Visita nuestro medio informativo publicado desde Hermosillo, Sonora. %","og_url":"https:\/\/www.sonoraenequipo.com.mx\/biden-promete-retirar-tropas-de-eua-de-afganistan-antes-del-11-de-septiembre\/","og_site_name":"Sonora en Equipo.","article_publisher":"https:\/\/www.facebook.com\/SonoraEE\/","article_author":"https:\/\/www.facebook.com\/SonoraEE","article_published_time":"2021-04-13T21:12:24+00:00","article_modified_time":"2021-04-13T23:47:20+00:00","og_image":[{"width":751,"height":500,"url":"https:\/\/www.sonoraenequipo.com.mx\/storage\/2021\/04\/Patrick-Baz-AFP_opt.jpg","type":"image\/jpeg"}],"author":"enequipo","twitter_card":"summary_large_image","twitter_creator":"@sonoraenequipo","twitter_site":"@sonoraenequipo","twitter_misc":{"Escrito por":"enequipo","Tiempo de lectura":"3 minutos"},"schema":{"@context":"https:\/\/schema.org","@graph":[{"@type":"Article","@id":"https:\/\/www.sonoraenequipo.com.mx\/biden-promete-retirar-tropas-de-eua-de-afganistan-antes-del-11-de-septiembre\/#article","isPartOf":{"@id":"https:\/\/www.sonoraenequipo.com.mx\/biden-promete-retirar-tropas-de-eua-de-afganistan-antes-del-11-de-septiembre\/"},"author":{"name":"enequipo","@id":"https:\/\/www.sonoraenequipo.com.mx\/#\/schema\/person\/50102df0fb23a8fa9e8effad8fa81386"},"headline":"Biden promete retirar tropas de EUA de Afganist\u00e1n antes del 11 de septiembre","datePublished":"2021-04-13T21:12:24+00:00","dateModified":"2021-04-13T23:47:20+00:00","mainEntityOfPage":{"@id":"https:\/\/www.sonoraenequipo.com.mx\/biden-promete-retirar-tropas-de-eua-de-afganistan-antes-del-11-de-septiembre\/"},"wordCount":527,"commentCount":0,"publisher":{"@id":"https:\/\/www.sonoraenequipo.com.mx\/#organization"},"image":{"@id":"https:\/\/www.sonoraenequipo.com.mx\/biden-promete-retirar-tropas-de-eua-de-afganistan-antes-del-11-de-septiembre\/#primaryimage"},"thumbnailUrl":"https:\/\/www.sonoraenequipo.com.mx\/storage\/2021\/04\/Patrick-Baz-AFP_opt.jpg","articleSection":["MUNDO"],"inLanguage":"es","potentialAction":[{"@type":"CommentAction","name":"Comment","target":["https:\/\/www.sonoraenequipo.com.mx\/biden-promete-retirar-tropas-de-eua-de-afganistan-antes-del-11-de-septiembre\/#respond"]}]},{"@type":"WebPage","@id":"https:\/\/www.sonoraenequipo.com.mx\/biden-promete-retirar-tropas-de-eua-de-afganistan-antes-del-11-de-septiembre\/","url":"https:\/\/www.sonoraenequipo.com.mx\/biden-promete-retirar-tropas-de-eua-de-afganistan-antes-del-11-de-septiembre\/","name":"Sonora en Equipo. Biden promete retirar tropas de EUA de Afganist\u00e1n antes del 11 de septiembre MUNDO","isPartOf":{"@id":"https:\/\/www.sonoraenequipo.com.mx\/#website"},"primaryImageOfPage":{"@id":"https:\/\/www.sonoraenequipo.com.mx\/biden-promete-retirar-tropas-de-eua-de-afganistan-antes-del-11-de-septiembre\/#primaryimage"},"image":{"@id":"https:\/\/www.sonoraenequipo.com.mx\/biden-promete-retirar-tropas-de-eua-de-afganistan-antes-del-11-de-septiembre\/#primaryimage"},"thumbnailUrl":"https:\/\/www.sonoraenequipo.com.mx\/storage\/2021\/04\/Patrick-Baz-AFP_opt.jpg","datePublished":"2021-04-13T21:12:24+00:00","dateModified":"2021-04-13T23:47:20+00:00","description":"WASHINGTON, ESTADOS UNIDOS. \u2014 El presidente de Estados Unidos, Joe Biden, va a retirar todas las tropas de Estados Unidos de Afganist\u00e1n antes del 20 En Sonora en Equipo publicamos toda la informaci\u00f3n de Sonora, M\u00e9xico y el Mundo de manera oportuna y busca que la libertad de expresi\u00f3n sea real. Visita nuestro medio informativo publicado desde Hermosillo, Sonora. %","breadcrumb":{"@id":"https:\/\/www.sonoraenequipo.com.mx\/biden-promete-retirar-tropas-de-eua-de-afganistan-antes-del-11-de-septiembre\/#breadcrumb"},"inLanguage":"es","potentialAction":[{"@type":"ReadAction","target":["https:\/\/www.sonoraenequipo.com.mx\/biden-promete-retirar-tropas-de-eua-de-afganistan-antes-del-11-de-septiembre\/"]}]},{"@type":"ImageObject","inLanguage":"es","@id":"https:\/\/www.sonoraenequipo.com.mx\/biden-promete-retirar-tropas-de-eua-de-afganistan-antes-del-11-de-septiembre\/#primaryimage","url":"https:\/\/www.sonoraenequipo.com.mx\/storage\/2021\/04\/Patrick-Baz-AFP_opt.jpg","contentUrl":"https:\/\/www.sonoraenequipo.com.mx\/storage\/2021\/04\/Patrick-Baz-AFP_opt.jpg","width":751,"height":500,"caption":"(FILES) In this file photo US marines with 1\/3 marine Charlie Company patrol past a Danish army Leopard 2A5EK tank as they clear Improvised Explosive Device (IED)s from a main route in Trikh Nawar on the North Eastern outskirts of Marjah on February 21, 2010. - President Joe Biden will remove all US troops from Afghanistan before this year's 20th anniversary of the September 11 attacks, ending America's longest war around five months later than planned, a US official said. Biden has \"reached the conclusion that the United States will complete its drawdown -- will remove its forces from Afghanistan -- before September 11,\" the official told reporters on condition of anonymity. (Photo by Patrick BAZ \/ AFP)"},{"@type":"BreadcrumbList","@id":"https:\/\/www.sonoraenequipo.com.mx\/biden-promete-retirar-tropas-de-eua-de-afganistan-antes-del-11-de-septiembre\/#breadcrumb","itemListElement":[{"@type":"ListItem","position":1,"name":"Portada","item":"https:\/\/www.sonoraenequipo.com.mx\/"},{"@type":"ListItem","position":2,"name":"Biden promete retirar tropas de EUA de Afganist\u00e1n antes del 11 de septiembre"}]},{"@type":"WebSite","@id":"https:\/\/www.sonoraenequipo.com.mx\/#website","url":"https:\/\/www.sonoraenequipo.com.mx\/","name":"Sonora en Equipo.","description":"Diario en l\u00ednea con Noticias desde Hermosillo, Sonora","publisher":{"@id":"https:\/\/www.sonoraenequipo.com.mx\/#organization"},"potentialAction":[{"@type":"SearchAction","target":{"@type":"EntryPoint","urlTemplate":"https:\/\/www.sonoraenequipo.com.mx\/?s={search_term_string}"},"query-input":{"@type":"PropertyValueSpecification","valueRequired":true,"valueName":"search_term_string"}}],"inLanguage":"es"},{"@type":"Organization","@id":"https:\/\/www.sonoraenequipo.com.mx\/#organization","name":"Sonoraenequipo.com.mx","url":"https:\/\/www.sonoraenequipo.com.mx\/","logo":{"@type":"ImageObject","inLanguage":"es","@id":"https:\/\/www.sonoraenequipo.com.mx\/#\/schema\/logo\/image\/","url":"https:\/\/www.sonoraenequipo.com.mx\/storage\/2019\/01\/sonoraenequipo_opt.png","contentUrl":"https:\/\/www.sonoraenequipo.com.mx\/storage\/2019\/01\/sonoraenequipo_opt.png","width":375,"height":125,"caption":"Sonoraenequipo.com.mx"},"image":{"@id":"https:\/\/www.sonoraenequipo.com.mx\/#\/schema\/logo\/image\/"},"sameAs":["https:\/\/www.facebook.com\/SonoraEE\/","https:\/\/x.com\/sonoraenequipo","https:\/\/www.youtube.com\/channel\/UC338nW-lPEYmJQs4ZABQ1SQ"]},{"@type":"Person","@id":"https:\/\/www.sonoraenequipo.com.mx\/#\/schema\/person\/50102df0fb23a8fa9e8effad8fa81386","name":"enequipo","image":{"@type":"ImageObject","inLanguage":"es","@id":"https:\/\/www.sonoraenequipo.com.mx\/#\/schema\/person\/image\/","url":"https:\/\/secure.gravatar.com\/avatar\/049821681b589dabc0bc20695993ccebb09f5b5d4d790cd9251b97faac7c652b?s=96&d=blank&r=g","contentUrl":"https:\/\/secure.gravatar.com\/avatar\/049821681b589dabc0bc20695993ccebb09f5b5d4d790cd9251b97faac7c652b?s=96&d=blank&r=g","caption":"enequipo"},"sameAs":["https:\/\/www.facebook.com\/SonoraEE"]}]}},"jetpack_featured_media_url":"https:\/\/www.sonoraenequipo.com.mx\/storage\/2021\/04\/Patrick-Baz-AFP_opt.jpg","_links":{"self":[{"href":"https:\/\/www.sonoraenequipo.com.mx\/api\/wp\/v2\/posts\/111487","targetHints":{"allow":["GET"]}}],"collection":[{"href":"https:\/\/www.sonoraenequipo.com.mx\/api\/wp\/v2\/posts"}],"about":[{"href":"https:\/\/www.sonoraenequipo.com.mx\/api\/wp\/v2\/types\/post"}],"author":[{"embeddable":true,"href":"https:\/\/www.sonoraenequipo.com.mx\/api\/wp\/v2\/users\/1"}],"replies":[{"embeddable":true,"href":"https:\/\/www.sonoraenequipo.com.mx\/api\/wp\/v2\/comments?post=111487"}],"version-history":[{"count":1,"href":"https:\/\/www.sonoraenequipo.com.mx\/api\/wp\/v2\/posts\/111487\/revisions"}],"predecessor-version":[{"id":111489,"href":"https:\/\/www.sonoraenequipo.com.mx\/api\/wp\/v2\/posts\/111487\/revisions\/111489"}],"wp:featuredmedia":[{"embeddable":true,"href":"https:\/\/www.sonoraenequipo.com.mx\/api\/wp\/v2\/media\/111488"}],"wp:attachment":[{"href":"https:\/\/www.sonoraenequipo.com.mx\/api\/wp\/v2\/media?parent=111487"}],"wp:term":[{"taxonomy":"category","embeddable":true,"href":"https:\/\/www.sonoraenequipo.com.mx\/api\/wp\/v2\/categories?post=111487"},{"taxonomy":"post_tag","embeddable":true,"href":"https:\/\/www.sonoraenequipo.com.mx\/api\/wp\/v2\/tags?post=111487"}],"curies":[{"name":"wp","href":"https:\/\/api.w.org\/{rel}","templated":true}]}}