{"id":111490,"date":"2021-04-13T16:22:13","date_gmt":"2021-04-13T23:22:13","guid":{"rendered":"https:\/\/www.sonoraenequipo.com.mx\/?p=111490"},"modified":"2021-04-13T16:57:09","modified_gmt":"2021-04-13T23:57:09","slug":"sep-llega-a-acuerdo-con-ilustradores-sobre-libros-de-texto","status":"publish","type":"post","link":"https:\/\/www.sonoraenequipo.com.mx\/sep-llega-a-acuerdo-con-ilustradores-sobre-libros-de-texto\/","title":{"rendered":"SEP llega a acuerdo con ilustradores sobre libros de texto"},"content":{"rendered":"<p>CIUDAD DE M\u00c9XICO. MX. \u2014 La Secretar\u00eda de Educaci\u00f3n P\u00fablica (SEP) lleg\u00f3 a un acuerdo con ilustradores sobre mantener su participaci\u00f3n en el redise\u00f1o de libros de texto gratuitos, luego de una pol\u00e9mica en torno a la convocatoria.<\/p>\n<p>&nbsp;<\/p>\n<p> <\/p>\n<p>&nbsp;<\/p>\n<p>La titular de la dependencia, Delfina G\u00f3mez, sostuvo un encuentro con integrantes del gremio, quienes anteriormente expresaron su su inconformidad por la falta de presupuesto por su trabajo.<\/p>\n<p>&nbsp;<\/p>\n<p>Mediante un comunicado, la SEP inform\u00f3 que los profesionales, comprometidos con las ni\u00f1as y ni\u00f1os de M\u00e9xico accedieron al proceso como se hab\u00eda establecido anteriormente.<\/p>\n<p>&nbsp;<\/p>\n<p>G\u00f3mez dijo que bajo ninguna circunstancia, pretende menoscabar profesional ni laboralmente a quienes participan en este proceso, en donde la elaboraci\u00f3n de los libros de texto y materiales educativos no puede detenerse, pues es indispensable alcanzar un objetivo com\u00fan.<\/p>\n<p>&nbsp;<\/p>\n<p>La pol\u00e9mica se dio luego de que la dependencia convocara a creadores visuales a participar en el concurso para redise\u00f1ar los libros de texto de manera gratuita, y \u00fanicamente obteniendo un reconocimiento.<\/p>\n<p>&nbsp;<\/p>\n<p>El hecho gener\u00f3 cr\u00edticas en redes sociales, donde usuarios, adem\u00e1s de acusar que la SEP menospreciaba el trabajo de los ilustradores, compartieron, a modo de burla, sus propias propuestas en los libros.<\/p>\n<p>&nbsp;<\/p>\n<p>(Publicada el 13\/04\/2021)<\/p>\n","protected":false},"excerpt":{"rendered":"<p>CIUDAD DE M\u00c9XICO. MX. \u2014 La Secretar\u00eda de Educaci\u00f3n P\u00fablica (SEP) lleg\u00f3 a un acuerdo&#8230;<\/p>\n","protected":false},"author":1,"featured_media":111491,"comment_status":"open","ping_status":"open","sticky":false,"template":"","format":"standard","meta":{"_monsterinsights_skip_tracking":false,"_monsterinsights_sitenote_active":false,"_monsterinsights_sitenote_note":"","_monsterinsights_sitenote_category":0,"footnotes":""},"categories":[5],"tags":[],"class_list":["post"],"yoast_head":" \n<title>Sonora en Equipo. SEP llega a acuerdo con ilustradores sobre libros de texto Rep\u00fablica<\/title>\n<meta name=\"description\" content=\"CIUDAD DE M\u00c9XICO. MX. \u2014 La Secretar\u00eda de Educaci\u00f3n P\u00fablica (SEP) lleg\u00f3 a un acuerdo con ilustradores sobre mantener su participaci\u00f3n en el redise\u00f1o de En Sonora en Equipo publicamos toda la informaci\u00f3n de Sonora, M\u00e9xico y el Mundo de manera oportuna y busca que la libertad de expresi\u00f3n sea real. Visita nuestro medio informativo publicado desde Hermosillo, Sonora. %\" \/>\n<meta name=\"robots\" content=\"index, follow, max-snippet:-1, max-image-preview:large, max-video-preview:-1\" \/>\n<link rel=\"canonical\" href=\"https:\/\/www.sonoraenequipo.com.mx\/sep-llega-a-acuerdo-con-ilustradores-sobre-libros-de-texto\/\" \/>\n<meta property=\"og:locale\" content=\"es_ES\" \/>\n<meta property=\"og:type\" content=\"article\" \/>\n<meta property=\"og:title\" content=\"Sonora en Equipo. SEP llega a acuerdo con ilustradores sobre libros de texto Rep\u00fablica\" \/>\n<meta property=\"og:description\" content=\"CIUDAD DE M\u00c9XICO. MX. \u2014 La Secretar\u00eda de Educaci\u00f3n P\u00fablica (SEP) lleg\u00f3 a un acuerdo con ilustradores sobre mantener su participaci\u00f3n en el redise\u00f1o de En Sonora en Equipo publicamos toda la informaci\u00f3n de Sonora, M\u00e9xico y el Mundo de manera oportuna y busca que la libertad de expresi\u00f3n sea real. Visita nuestro medio informativo publicado desde Hermosillo, Sonora. %\" \/>\n<meta property=\"og:url\" content=\"https:\/\/www.sonoraenequipo.com.mx\/sep-llega-a-acuerdo-con-ilustradores-sobre-libros-de-texto\/\" \/>\n<meta property=\"og:site_name\" content=\"Sonora en Equipo.\" \/>\n<meta property=\"article:publisher\" content=\"https:\/\/www.facebook.com\/SonoraEE\/\" \/>\n<meta property=\"article:author\" content=\"https:\/\/www.facebook.com\/SonoraEE\" \/>\n<meta property=\"article:published_time\" content=\"2021-04-13T23:22:13+00:00\" \/>\n<meta property=\"article:modified_time\" content=\"2021-04-13T23:57:09+00:00\" \/>\n<meta property=\"og:image\" content=\"https:\/\/www.sonoraenequipo.com.mx\/storage\/2021\/04\/sep-libros-de-texto-ilustradores_opt.jpg\" \/>\n\t<meta property=\"og:image:width\" content=\"889\" \/>\n\t<meta property=\"og:image:height\" content=\"500\" \/>\n\t<meta property=\"og:image:type\" content=\"image\/jpeg\" \/>\n<meta name=\"author\" content=\"enequipo\" \/>\n<meta name=\"twitter:card\" content=\"summary_large_image\" \/>\n<meta name=\"twitter:creator\" content=\"@sonoraenequipo\" \/>\n<meta name=\"twitter:site\" content=\"@sonoraenequipo\" \/>\n<meta name=\"twitter:label1\" content=\"Escrito por\" \/>\n\t<meta name=\"twitter:data1\" content=\"enequipo\" \/>\n\t<meta name=\"twitter:label2\" content=\"Tiempo de lectura\" \/>\n\t<meta name=\"twitter:data2\" content=\"1 minuto\" \/>\n<script type=\"application\/ld+json\" class=\"yoast-schema-graph\">{\"@context\":\"https:\/\/schema.org\",\"@graph\":[{\"@type\":\"Article\",\"@id\":\"https:\/\/www.sonoraenequipo.com.mx\/sep-llega-a-acuerdo-con-ilustradores-sobre-libros-de-texto\/#article\",\"isPartOf\":{\"@id\":\"https:\/\/www.sonoraenequipo.com.mx\/sep-llega-a-acuerdo-con-ilustradores-sobre-libros-de-texto\/\"},\"author\":{\"name\":\"enequipo\",\"@id\":\"https:\/\/www.sonoraenequipo.com.mx\/#\/schema\/person\/50102df0fb23a8fa9e8effad8fa81386\"},\"headline\":\"SEP llega a acuerdo con ilustradores sobre libros de texto\",\"datePublished\":\"2021-04-13T23:22:13+00:00\",\"dateModified\":\"2021-04-13T23:57:09+00:00\",\"mainEntityOfPage\":{\"@id\":\"https:\/\/www.sonoraenequipo.com.mx\/sep-llega-a-acuerdo-con-ilustradores-sobre-libros-de-texto\/\"},\"wordCount\":231,\"commentCount\":0,\"publisher\":{\"@id\":\"https:\/\/www.sonoraenequipo.com.mx\/#organization\"},\"image\":{\"@id\":\"https:\/\/www.sonoraenequipo.com.mx\/sep-llega-a-acuerdo-con-ilustradores-sobre-libros-de-texto\/#primaryimage\"},\"thumbnailUrl\":\"https:\/\/www.sonoraenequipo.com.mx\/storage\/2021\/04\/sep-libros-de-texto-ilustradores_opt.jpg\",\"articleSection\":[\"Rep\u00fablica\"],\"inLanguage\":\"es\",\"potentialAction\":[{\"@type\":\"CommentAction\",\"name\":\"Comment\",\"target\":[\"https:\/\/www.sonoraenequipo.com.mx\/sep-llega-a-acuerdo-con-ilustradores-sobre-libros-de-texto\/#respond\"]}]},{\"@type\":\"WebPage\",\"@id\":\"https:\/\/www.sonoraenequipo.com.mx\/sep-llega-a-acuerdo-con-ilustradores-sobre-libros-de-texto\/\",\"url\":\"https:\/\/www.sonoraenequipo.com.mx\/sep-llega-a-acuerdo-con-ilustradores-sobre-libros-de-texto\/\",\"name\":\"Sonora en Equipo. SEP llega a acuerdo con ilustradores sobre libros de texto Rep\u00fablica\",\"isPartOf\":{\"@id\":\"https:\/\/www.sonoraenequipo.com.mx\/#website\"},\"primaryImageOfPage\":{\"@id\":\"https:\/\/www.sonoraenequipo.com.mx\/sep-llega-a-acuerdo-con-ilustradores-sobre-libros-de-texto\/#primaryimage\"},\"image\":{\"@id\":\"https:\/\/www.sonoraenequipo.com.mx\/sep-llega-a-acuerdo-con-ilustradores-sobre-libros-de-texto\/#primaryimage\"},\"thumbnailUrl\":\"https:\/\/www.sonoraenequipo.com.mx\/storage\/2021\/04\/sep-libros-de-texto-ilustradores_opt.jpg\",\"datePublished\":\"2021-04-13T23:22:13+00:00\",\"dateModified\":\"2021-04-13T23:57:09+00:00\",\"description\":\"CIUDAD DE M\u00c9XICO. MX. \u2014 La Secretar\u00eda de Educaci\u00f3n P\u00fablica (SEP) lleg\u00f3 a un acuerdo con ilustradores sobre mantener su participaci\u00f3n en el redise\u00f1o de En Sonora en Equipo publicamos toda la informaci\u00f3n de Sonora, M\u00e9xico y el Mundo de manera oportuna y busca que la libertad de expresi\u00f3n sea real. Visita nuestro medio informativo publicado desde Hermosillo, Sonora. %\",\"breadcrumb\":{\"@id\":\"https:\/\/www.sonoraenequipo.com.mx\/sep-llega-a-acuerdo-con-ilustradores-sobre-libros-de-texto\/#breadcrumb\"},\"inLanguage\":\"es\",\"potentialAction\":[{\"@type\":\"ReadAction\",\"target\":[\"https:\/\/www.sonoraenequipo.com.mx\/sep-llega-a-acuerdo-con-ilustradores-sobre-libros-de-texto\/\"]}]},{\"@type\":\"ImageObject\",\"inLanguage\":\"es\",\"@id\":\"https:\/\/www.sonoraenequipo.com.mx\/sep-llega-a-acuerdo-con-ilustradores-sobre-libros-de-texto\/#primaryimage\",\"url\":\"https:\/\/www.sonoraenequipo.com.mx\/storage\/2021\/04\/sep-libros-de-texto-ilustradores_opt.jpg\",\"contentUrl\":\"https:\/\/www.sonoraenequipo.com.mx\/storage\/2021\/04\/sep-libros-de-texto-ilustradores_opt.jpg\",\"width\":889,\"height\":500},{\"@type\":\"BreadcrumbList\",\"@id\":\"https:\/\/www.sonoraenequipo.com.mx\/sep-llega-a-acuerdo-con-ilustradores-sobre-libros-de-texto\/#breadcrumb\",\"itemListElement\":[{\"@type\":\"ListItem\",\"position\":1,\"name\":\"Portada\",\"item\":\"https:\/\/www.sonoraenequipo.com.mx\/\"},{\"@type\":\"ListItem\",\"position\":2,\"name\":\"SEP llega a acuerdo con ilustradores sobre libros de texto\"}]},{\"@type\":\"WebSite\",\"@id\":\"https:\/\/www.sonoraenequipo.com.mx\/#website\",\"url\":\"https:\/\/www.sonoraenequipo.com.mx\/\",\"name\":\"Sonora en Equipo.\",\"description\":\"Diario en l\u00ednea con Noticias desde Hermosillo, Sonora\",\"publisher\":{\"@id\":\"https:\/\/www.sonoraenequipo.com.mx\/#organization\"},\"potentialAction\":[{\"@type\":\"SearchAction\",\"target\":{\"@type\":\"EntryPoint\",\"urlTemplate\":\"https:\/\/www.sonoraenequipo.com.mx\/?s={search_term_string}\"},\"query-input\":{\"@type\":\"PropertyValueSpecification\",\"valueRequired\":true,\"valueName\":\"search_term_string\"}}],\"inLanguage\":\"es\"},{\"@type\":\"Organization\",\"@id\":\"https:\/\/www.sonoraenequipo.com.mx\/#organization\",\"name\":\"Sonoraenequipo.com.mx\",\"url\":\"https:\/\/www.sonoraenequipo.com.mx\/\",\"logo\":{\"@type\":\"ImageObject\",\"inLanguage\":\"es\",\"@id\":\"https:\/\/www.sonoraenequipo.com.mx\/#\/schema\/logo\/image\/\",\"url\":\"https:\/\/www.sonoraenequipo.com.mx\/storage\/2019\/01\/sonoraenequipo_opt.png\",\"contentUrl\":\"https:\/\/www.sonoraenequipo.com.mx\/storage\/2019\/01\/sonoraenequipo_opt.png\",\"width\":375,\"height\":125,\"caption\":\"Sonoraenequipo.com.mx\"},\"image\":{\"@id\":\"https:\/\/www.sonoraenequipo.com.mx\/#\/schema\/logo\/image\/\"},\"sameAs\":[\"https:\/\/www.facebook.com\/SonoraEE\/\",\"https:\/\/x.com\/sonoraenequipo\",\"https:\/\/www.youtube.com\/channel\/UC338nW-lPEYmJQs4ZABQ1SQ\"]},{\"@type\":\"Person\",\"@id\":\"https:\/\/www.sonoraenequipo.com.mx\/#\/schema\/person\/50102df0fb23a8fa9e8effad8fa81386\",\"name\":\"enequipo\",\"image\":{\"@type\":\"ImageObject\",\"inLanguage\":\"es\",\"@id\":\"https:\/\/www.sonoraenequipo.com.mx\/#\/schema\/person\/image\/\",\"url\":\"https:\/\/secure.gravatar.com\/avatar\/049821681b589dabc0bc20695993ccebb09f5b5d4d790cd9251b97faac7c652b?s=96&d=blank&r=g\",\"contentUrl\":\"https:\/\/secure.gravatar.com\/avatar\/049821681b589dabc0bc20695993ccebb09f5b5d4d790cd9251b97faac7c652b?s=96&d=blank&r=g\",\"caption\":\"enequipo\"},\"sameAs\":[\"https:\/\/www.facebook.com\/SonoraEE\"]}]}<\/script>\n ","yoast_head_json":{"title":"Sonora en Equipo. SEP llega a acuerdo con ilustradores sobre libros de texto Rep\u00fablica","description":"CIUDAD DE M\u00c9XICO. MX. \u2014 La Secretar\u00eda de Educaci\u00f3n P\u00fablica (SEP) lleg\u00f3 a un acuerdo con ilustradores sobre mantener su participaci\u00f3n en el redise\u00f1o de En Sonora en Equipo publicamos toda la informaci\u00f3n de Sonora, M\u00e9xico y el Mundo de manera oportuna y busca que la libertad de expresi\u00f3n sea real. Visita nuestro medio informativo publicado desde Hermosillo, Sonora. %","robots":{"index":"index","follow":"follow","max-snippet":"max-snippet:-1","max-image-preview":"max-image-preview:large","max-video-preview":"max-video-preview:-1"},"canonical":"https:\/\/www.sonoraenequipo.com.mx\/sep-llega-a-acuerdo-con-ilustradores-sobre-libros-de-texto\/","og_locale":"es_ES","og_type":"article","og_title":"Sonora en Equipo. SEP llega a acuerdo con ilustradores sobre libros de texto Rep\u00fablica","og_description":"CIUDAD DE M\u00c9XICO. MX. \u2014 La Secretar\u00eda de Educaci\u00f3n P\u00fablica (SEP) lleg\u00f3 a un acuerdo con ilustradores sobre mantener su participaci\u00f3n en el redise\u00f1o de En Sonora en Equipo publicamos toda la informaci\u00f3n de Sonora, M\u00e9xico y el Mundo de manera oportuna y busca que la libertad de expresi\u00f3n sea real. Visita nuestro medio informativo publicado desde Hermosillo, Sonora. %","og_url":"https:\/\/www.sonoraenequipo.com.mx\/sep-llega-a-acuerdo-con-ilustradores-sobre-libros-de-texto\/","og_site_name":"Sonora en Equipo.","article_publisher":"https:\/\/www.facebook.com\/SonoraEE\/","article_author":"https:\/\/www.facebook.com\/SonoraEE","article_published_time":"2021-04-13T23:22:13+00:00","article_modified_time":"2021-04-13T23:57:09+00:00","og_image":[{"width":889,"height":500,"url":"https:\/\/www.sonoraenequipo.com.mx\/storage\/2021\/04\/sep-libros-de-texto-ilustradores_opt.jpg","type":"image\/jpeg"}],"author":"enequipo","twitter_card":"summary_large_image","twitter_creator":"@sonoraenequipo","twitter_site":"@sonoraenequipo","twitter_misc":{"Escrito por":"enequipo","Tiempo de lectura":"1 minuto"},"schema":{"@context":"https:\/\/schema.org","@graph":[{"@type":"Article","@id":"https:\/\/www.sonoraenequipo.com.mx\/sep-llega-a-acuerdo-con-ilustradores-sobre-libros-de-texto\/#article","isPartOf":{"@id":"https:\/\/www.sonoraenequipo.com.mx\/sep-llega-a-acuerdo-con-ilustradores-sobre-libros-de-texto\/"},"author":{"name":"enequipo","@id":"https:\/\/www.sonoraenequipo.com.mx\/#\/schema\/person\/50102df0fb23a8fa9e8effad8fa81386"},"headline":"SEP llega a acuerdo con ilustradores sobre libros de texto","datePublished":"2021-04-13T23:22:13+00:00","dateModified":"2021-04-13T23:57:09+00:00","mainEntityOfPage":{"@id":"https:\/\/www.sonoraenequipo.com.mx\/sep-llega-a-acuerdo-con-ilustradores-sobre-libros-de-texto\/"},"wordCount":231,"commentCount":0,"publisher":{"@id":"https:\/\/www.sonoraenequipo.com.mx\/#organization"},"image":{"@id":"https:\/\/www.sonoraenequipo.com.mx\/sep-llega-a-acuerdo-con-ilustradores-sobre-libros-de-texto\/#primaryimage"},"thumbnailUrl":"https:\/\/www.sonoraenequipo.com.mx\/storage\/2021\/04\/sep-libros-de-texto-ilustradores_opt.jpg","articleSection":["Rep\u00fablica"],"inLanguage":"es","potentialAction":[{"@type":"CommentAction","name":"Comment","target":["https:\/\/www.sonoraenequipo.com.mx\/sep-llega-a-acuerdo-con-ilustradores-sobre-libros-de-texto\/#respond"]}]},{"@type":"WebPage","@id":"https:\/\/www.sonoraenequipo.com.mx\/sep-llega-a-acuerdo-con-ilustradores-sobre-libros-de-texto\/","url":"https:\/\/www.sonoraenequipo.com.mx\/sep-llega-a-acuerdo-con-ilustradores-sobre-libros-de-texto\/","name":"Sonora en Equipo. SEP llega a acuerdo con ilustradores sobre libros de texto Rep\u00fablica","isPartOf":{"@id":"https:\/\/www.sonoraenequipo.com.mx\/#website"},"primaryImageOfPage":{"@id":"https:\/\/www.sonoraenequipo.com.mx\/sep-llega-a-acuerdo-con-ilustradores-sobre-libros-de-texto\/#primaryimage"},"image":{"@id":"https:\/\/www.sonoraenequipo.com.mx\/sep-llega-a-acuerdo-con-ilustradores-sobre-libros-de-texto\/#primaryimage"},"thumbnailUrl":"https:\/\/www.sonoraenequipo.com.mx\/storage\/2021\/04\/sep-libros-de-texto-ilustradores_opt.jpg","datePublished":"2021-04-13T23:22:13+00:00","dateModified":"2021-04-13T23:57:09+00:00","description":"CIUDAD DE M\u00c9XICO. MX. \u2014 La Secretar\u00eda de Educaci\u00f3n P\u00fablica (SEP) lleg\u00f3 a un acuerdo con ilustradores sobre mantener su participaci\u00f3n en el redise\u00f1o de En Sonora en Equipo publicamos toda la informaci\u00f3n de Sonora, M\u00e9xico y el Mundo de manera oportuna y busca que la libertad de expresi\u00f3n sea real. Visita nuestro medio informativo publicado desde Hermosillo, Sonora. %","breadcrumb":{"@id":"https:\/\/www.sonoraenequipo.com.mx\/sep-llega-a-acuerdo-con-ilustradores-sobre-libros-de-texto\/#breadcrumb"},"inLanguage":"es","potentialAction":[{"@type":"ReadAction","target":["https:\/\/www.sonoraenequipo.com.mx\/sep-llega-a-acuerdo-con-ilustradores-sobre-libros-de-texto\/"]}]},{"@type":"ImageObject","inLanguage":"es","@id":"https:\/\/www.sonoraenequipo.com.mx\/sep-llega-a-acuerdo-con-ilustradores-sobre-libros-de-texto\/#primaryimage","url":"https:\/\/www.sonoraenequipo.com.mx\/storage\/2021\/04\/sep-libros-de-texto-ilustradores_opt.jpg","contentUrl":"https:\/\/www.sonoraenequipo.com.mx\/storage\/2021\/04\/sep-libros-de-texto-ilustradores_opt.jpg","width":889,"height":500},{"@type":"BreadcrumbList","@id":"https:\/\/www.sonoraenequipo.com.mx\/sep-llega-a-acuerdo-con-ilustradores-sobre-libros-de-texto\/#breadcrumb","itemListElement":[{"@type":"ListItem","position":1,"name":"Portada","item":"https:\/\/www.sonoraenequipo.com.mx\/"},{"@type":"ListItem","position":2,"name":"SEP llega a acuerdo con ilustradores sobre libros de texto"}]},{"@type":"WebSite","@id":"https:\/\/www.sonoraenequipo.com.mx\/#website","url":"https:\/\/www.sonoraenequipo.com.mx\/","name":"Sonora en Equipo.","description":"Diario en l\u00ednea con Noticias desde Hermosillo, Sonora","publisher":{"@id":"https:\/\/www.sonoraenequipo.com.mx\/#organization"},"potentialAction":[{"@type":"SearchAction","target":{"@type":"EntryPoint","urlTemplate":"https:\/\/www.sonoraenequipo.com.mx\/?s={search_term_string}"},"query-input":{"@type":"PropertyValueSpecification","valueRequired":true,"valueName":"search_term_string"}}],"inLanguage":"es"},{"@type":"Organization","@id":"https:\/\/www.sonoraenequipo.com.mx\/#organization","name":"Sonoraenequipo.com.mx","url":"https:\/\/www.sonoraenequipo.com.mx\/","logo":{"@type":"ImageObject","inLanguage":"es","@id":"https:\/\/www.sonoraenequipo.com.mx\/#\/schema\/logo\/image\/","url":"https:\/\/www.sonoraenequipo.com.mx\/storage\/2019\/01\/sonoraenequipo_opt.png","contentUrl":"https:\/\/www.sonoraenequipo.com.mx\/storage\/2019\/01\/sonoraenequipo_opt.png","width":375,"height":125,"caption":"Sonoraenequipo.com.mx"},"image":{"@id":"https:\/\/www.sonoraenequipo.com.mx\/#\/schema\/logo\/image\/"},"sameAs":["https:\/\/www.facebook.com\/SonoraEE\/","https:\/\/x.com\/sonoraenequipo","https:\/\/www.youtube.com\/channel\/UC338nW-lPEYmJQs4ZABQ1SQ"]},{"@type":"Person","@id":"https:\/\/www.sonoraenequipo.com.mx\/#\/schema\/person\/50102df0fb23a8fa9e8effad8fa81386","name":"enequipo","image":{"@type":"ImageObject","inLanguage":"es","@id":"https:\/\/www.sonoraenequipo.com.mx\/#\/schema\/person\/image\/","url":"https:\/\/secure.gravatar.com\/avatar\/049821681b589dabc0bc20695993ccebb09f5b5d4d790cd9251b97faac7c652b?s=96&d=blank&r=g","contentUrl":"https:\/\/secure.gravatar.com\/avatar\/049821681b589dabc0bc20695993ccebb09f5b5d4d790cd9251b97faac7c652b?s=96&d=blank&r=g","caption":"enequipo"},"sameAs":["https:\/\/www.facebook.com\/SonoraEE"]}]}},"jetpack_featured_media_url":"https:\/\/www.sonoraenequipo.com.mx\/storage\/2021\/04\/sep-libros-de-texto-ilustradores_opt.jpg","_links":{"self":[{"href":"https:\/\/www.sonoraenequipo.com.mx\/api\/wp\/v2\/posts\/111490","targetHints":{"allow":["GET"]}}],"collection":[{"href":"https:\/\/www.sonoraenequipo.com.mx\/api\/wp\/v2\/posts"}],"about":[{"href":"https:\/\/www.sonoraenequipo.com.mx\/api\/wp\/v2\/types\/post"}],"author":[{"embeddable":true,"href":"https:\/\/www.sonoraenequipo.com.mx\/api\/wp\/v2\/users\/1"}],"replies":[{"embeddable":true,"href":"https:\/\/www.sonoraenequipo.com.mx\/api\/wp\/v2\/comments?post=111490"}],"version-history":[{"count":3,"href":"https:\/\/www.sonoraenequipo.com.mx\/api\/wp\/v2\/posts\/111490\/revisions"}],"predecessor-version":[{"id":111494,"href":"https:\/\/www.sonoraenequipo.com.mx\/api\/wp\/v2\/posts\/111490\/revisions\/111494"}],"wp:featuredmedia":[{"embeddable":true,"href":"https:\/\/www.sonoraenequipo.com.mx\/api\/wp\/v2\/media\/111491"}],"wp:attachment":[{"href":"https:\/\/www.sonoraenequipo.com.mx\/api\/wp\/v2\/media?parent=111490"}],"wp:term":[{"taxonomy":"category","embeddable":true,"href":"https:\/\/www.sonoraenequipo.com.mx\/api\/wp\/v2\/categories?post=111490"},{"taxonomy":"post_tag","embeddable":true,"href":"https:\/\/www.sonoraenequipo.com.mx\/api\/wp\/v2\/tags?post=111490"}],"curies":[{"name":"wp","href":"https:\/\/api.w.org\/{rel}","templated":true}]}}