{"id":111498,"date":"2021-04-13T17:50:15","date_gmt":"2021-04-14T00:50:15","guid":{"rendered":"https:\/\/www.sonoraenequipo.com.mx\/?p=111498"},"modified":"2021-04-13T19:36:42","modified_gmt":"2021-04-14T02:36:42","slug":"modificar-los-libros-de-texto-gratuitos-en-dos-meses-esta-condenada-al-fracaso","status":"publish","type":"post","link":"https:\/\/www.sonoraenequipo.com.mx\/modificar-los-libros-de-texto-gratuitos-en-dos-meses-esta-condenada-al-fracaso\/","title":{"rendered":"Modificar los libros de texto gratuitos en dos meses, est\u00e1 condenada al fracaso"},"content":{"rendered":"<p>CIUDAD DE M\u00c9XICO. MX. \u2014 Para Juan Mart\u00edn P\u00e9rez Garc\u00eda, director ejecutivo de la Red por los Derechos de la Infancia en M\u00e9xico (Redim) \u201cse corre el riesgo de que se tire dinero p\u00fablico a la basura\u201d, con la idea de redise\u00f1ar los libros de texto gratuito en dos meses, ya que la persona a la que le fue encomendado el proyecto, Marx Arriaga Navarro, parecer\u00eda no tener capacidad para semejante encargo.<\/p>\n<p>&nbsp;<\/p>\n<p> <\/p>\n<p>&nbsp;<\/p>\n<p>Por los videos sobre las capacitaciones que Arriaga Navarro ha impartido a los voluntarios, el psic\u00f3logo Juan Mart\u00edn P\u00e9rez Garc\u00eda advierte en \u00e9l a<em> \u201cun personaje bastante extra\u00f1o, no solamente por su mirada extraviada, sino que siendo una persona con posgrados, seg\u00fan su curr\u00edculum, tiene una narrativa m\u00e1s cercana a un cham\u00e1n que se dedica a hacer limpias, lo cual no ser\u00eda malo si a eso se dedicara, pero necesitamos a un profesional que use sus posgrados para hacer cosas profesionales\u201d.<\/em><\/p>\n<p>&nbsp;<\/p>\n<p>Antes de asumir la DGME, en la SEP, Arriaga estuvo al frente de la Direcci\u00f3n General de Bibliotecas, que depende de la Secretar\u00eda de Cultura, hasta el 28 de febrero pasado.<\/p>\n<p>&nbsp;<\/p>\n<p>La llegada de Arriaga al gobierno de L\u00f3pez Obrador no ha estado exenta de pol\u00e9mica debido a su cercan\u00eda con la esposa del presidente, Beatriz Guti\u00e9rrez M\u00fcller, de quien fue sinodal de su tesis H\u00e9roe y voces de Francisco de Quevedo en <em>\u201cLa constancia y paciencia del santo Job<\/em>\u201d, y valid\u00f3 su examen profesional en 2012 para obtener el grado de doctora en humanidades por la UAM.<\/p>\n<p>&nbsp;<\/p>\n<p>M\u00e1s tarde se convirti\u00f3 en un frecuente rese\u00f1ador de los textos de la esposa del presidente, entre ellos su libro Dos revolucionarios a la sombra de Madero. La historia de Sol\u00f3n Arg\u00fcello Escobar y Rogelio Fern\u00e1ndez G\u00fcell (Ariel, 2016), prologado por L\u00f3pez Obrador.<\/p>\n<p>&nbsp;<\/p>\n<p>El curr\u00edculum de Arriaga lo describe como licenciado en letras hisp\u00e1nicas y maestro en teor\u00eda literaria por la UAM, y doctor en filolog\u00eda hisp\u00e1nica por la Universidad Complutense de Madrid. Tambi\u00e9n fue profesor e investigador de la Universidad Aut\u00f3noma de Ciudad Ju\u00e1rez y durante el sexenio de C\u00e9sar Duarte como gobernador de Chihuahua obtuvo el Premio Estatal de Ciencia, Tecnolog\u00eda e Innovaci\u00f3n en el \u00e1rea de Humanidades, Educaci\u00f3n y Ciencias de la Conducta.<\/p>\n<h3>\nLa protectora<\/h3>\n<p>&nbsp;<\/p>\n<p>Guti\u00e9rrez M\u00fcller no ha disimulado el apoyo al fil\u00f3logo. En diciembre de 2004, cuando Arriaga fue nombrado director de Bibliotecas P\u00fablicas, dedic\u00f3 un tuit a la esposa del presidente y a su superiora, Alejandra Frausto: <em>\u201cDeseo colmar las expectativas que @BeatrizGMuller y @alefrauto han confiado\u201d.<\/em><\/p>\n<p>&nbsp;<\/p>\n<p>Guti\u00e9rrez M\u00fcller respondi\u00f3 en su cuenta de Twitter: <em>\u201cTu sensibilidad, tu preparaci\u00f3n, tu inmensa cultura, tu fina elocuencia, tus premios, certificaciones y altos reconocimientos te sit\u00faan en el lugar indicado para esa encomienda\u201d.<\/em><\/p>\n<p>&nbsp;<\/p>\n<p>El respaldo de la esposa del presidente se hizo presente el 21 de febrero de 2020, en plena confrontaci\u00f3n entre el movimiento feminista y el presidente L\u00f3pez Obrador. Guti\u00e9rrez M\u00fcller no dud\u00f3 en abrazar a Arriaga luego de que, en un evento en Actopan, Hidalgo, \u00e9ste pronunci\u00f3 un discurso en el que mand\u00f3 a las mujeres a leer libros.<\/p>\n<p>&nbsp;<\/p>\n<p><em>\u201cNuestro presidente no las rega\u00f1a. \u00bfQuieren cambiar este sistema machista? Necesitan dos cosas: una, cultura, lo cual les dar\u00e1 identidad; dos, educaci\u00f3n, para desarrollar un pensamiento cr\u00edtico. \u00bfQuieren ambas? Asistan a la biblioteca p\u00fablica\u201d,<\/em> recomend\u00f3 el extitular de la Direcci\u00f3n de Bibliotecas, quien durante su gesti\u00f3n autoriz\u00f3 grabar una narcoserie, realizar un desfile de modas y grabar un promocional de un tequila en la Biblioteca Vasconcelos, eventos por los que, asegur\u00f3, recibi\u00f3 311 mil 110 pesos.<\/p>\n<p>&nbsp;<\/p>\n<p>&nbsp;<\/p>\n<p>Proceso busc\u00f3 al responsable del redise\u00f1o de los libros de texto y le envi\u00f3 un cuestionario por conducto de la Direcci\u00f3n General de Comunicaci\u00f3n Social de la SEP. Al cierre de la edici\u00f3n no hab\u00eda respuesta.<\/p>\n<p>&nbsp;<\/p>\n<p>&nbsp;<\/p>\n<p>Juan Mart\u00edn P\u00e9rez insiste en que Arriaga no es la persona indicada para encabezar un proyecto de renovaci\u00f3n de los libros de texto por la carga ideol\u00f3gica que se advierte en sus declaraciones, y por el tiempo limitado para realizar la labor.<\/p>\n<p>&nbsp;<\/p>\n<p>&nbsp;<\/p>\n<p>Fragmento del reportaje publicado en la edici\u00f3n 2319 del semanario Proceso, cuya<a href=\"https:\/\/publicacionesdigitales.proceso.com.mx\/library\"><strong> versi\u00f3n digital puedes adquirir aqu\u00ed.<\/strong><\/a><\/p>\n<p>&nbsp;<\/p>\n<p>(Publicada el 13\/04\/2021 \/<a href=\"https:\/\/www.proceso.com.mx\/reportajes\/2021\/4\/13\/modificar-los-libros-de-texto-gratuitos-una-aventura-condenada-al-fracaso-261868.html\"><strong>PROCESO<\/strong><\/a>)<\/p>\n","protected":false},"excerpt":{"rendered":"<p>CIUDAD DE M\u00c9XICO. MX. \u2014 Para Juan Mart\u00edn P\u00e9rez Garc\u00eda, director ejecutivo de la Red&#8230;<\/p>\n","protected":false},"author":1,"featured_media":111499,"comment_status":"open","ping_status":"open","sticky":false,"template":"","format":"standard","meta":{"_monsterinsights_skip_tracking":false,"_monsterinsights_sitenote_active":false,"_monsterinsights_sitenote_note":"","_monsterinsights_sitenote_category":0,"footnotes":""},"categories":[5],"tags":[],"class_list":["post"],"yoast_head":" \n<title>Sonora en Equipo. Modificar los libros de texto gratuitos en dos meses, est\u00e1 condenada al fracaso Rep\u00fablica<\/title>\n<meta name=\"description\" content=\"CIUDAD DE M\u00c9XICO. MX. \u2014 Para Juan Mart\u00edn P\u00e9rez Garc\u00eda, director ejecutivo de la Red por los Derechos de la Infancia en M\u00e9xico (Redim) \u201cse corre el riesgo En Sonora en Equipo publicamos toda la informaci\u00f3n de Sonora, M\u00e9xico y el Mundo de manera oportuna y busca que la libertad de expresi\u00f3n sea real. Visita nuestro medio informativo publicado desde Hermosillo, Sonora. %\" \/>\n<meta name=\"robots\" content=\"index, follow, max-snippet:-1, max-image-preview:large, max-video-preview:-1\" \/>\n<link rel=\"canonical\" href=\"https:\/\/www.sonoraenequipo.com.mx\/modificar-los-libros-de-texto-gratuitos-en-dos-meses-esta-condenada-al-fracaso\/\" \/>\n<meta property=\"og:locale\" content=\"es_ES\" \/>\n<meta property=\"og:type\" content=\"article\" \/>\n<meta property=\"og:title\" content=\"Sonora en Equipo. Modificar los libros de texto gratuitos en dos meses, est\u00e1 condenada al fracaso Rep\u00fablica\" \/>\n<meta property=\"og:description\" content=\"CIUDAD DE M\u00c9XICO. MX. \u2014 Para Juan Mart\u00edn P\u00e9rez Garc\u00eda, director ejecutivo de la Red por los Derechos de la Infancia en M\u00e9xico (Redim) \u201cse corre el riesgo En Sonora en Equipo publicamos toda la informaci\u00f3n de Sonora, M\u00e9xico y el Mundo de manera oportuna y busca que la libertad de expresi\u00f3n sea real. Visita nuestro medio informativo publicado desde Hermosillo, Sonora. %\" \/>\n<meta property=\"og:url\" content=\"https:\/\/www.sonoraenequipo.com.mx\/modificar-los-libros-de-texto-gratuitos-en-dos-meses-esta-condenada-al-fracaso\/\" \/>\n<meta property=\"og:site_name\" content=\"Sonora en Equipo.\" \/>\n<meta property=\"article:publisher\" content=\"https:\/\/www.facebook.com\/SonoraEE\/\" \/>\n<meta property=\"article:author\" content=\"https:\/\/www.facebook.com\/SonoraEE\" \/>\n<meta property=\"article:published_time\" content=\"2021-04-14T00:50:15+00:00\" \/>\n<meta property=\"article:modified_time\" content=\"2021-04-14T02:36:42+00:00\" \/>\n<meta property=\"og:image\" content=\"https:\/\/www.sonoraenequipo.com.mx\/storage\/2021\/04\/libros-de-texto-aventura_opt3.jpg\" \/>\n\t<meta property=\"og:image:width\" content=\"711\" \/>\n\t<meta property=\"og:image:height\" content=\"400\" \/>\n\t<meta property=\"og:image:type\" content=\"image\/jpeg\" \/>\n<meta name=\"author\" content=\"enequipo\" \/>\n<meta name=\"twitter:card\" content=\"summary_large_image\" \/>\n<meta name=\"twitter:creator\" content=\"@sonoraenequipo\" \/>\n<meta name=\"twitter:site\" content=\"@sonoraenequipo\" \/>\n<meta name=\"twitter:label1\" content=\"Escrito por\" \/>\n\t<meta name=\"twitter:data1\" content=\"enequipo\" \/>\n\t<meta name=\"twitter:label2\" content=\"Tiempo de lectura\" \/>\n\t<meta name=\"twitter:data2\" content=\"3 minutos\" \/>\n<script type=\"application\/ld+json\" class=\"yoast-schema-graph\">{\"@context\":\"https:\/\/schema.org\",\"@graph\":[{\"@type\":\"Article\",\"@id\":\"https:\/\/www.sonoraenequipo.com.mx\/modificar-los-libros-de-texto-gratuitos-en-dos-meses-esta-condenada-al-fracaso\/#article\",\"isPartOf\":{\"@id\":\"https:\/\/www.sonoraenequipo.com.mx\/modificar-los-libros-de-texto-gratuitos-en-dos-meses-esta-condenada-al-fracaso\/\"},\"author\":{\"name\":\"enequipo\",\"@id\":\"https:\/\/www.sonoraenequipo.com.mx\/#\/schema\/person\/50102df0fb23a8fa9e8effad8fa81386\"},\"headline\":\"Modificar los libros de texto gratuitos en dos meses, est\u00e1 condenada al fracaso\",\"datePublished\":\"2021-04-14T00:50:15+00:00\",\"dateModified\":\"2021-04-14T02:36:42+00:00\",\"mainEntityOfPage\":{\"@id\":\"https:\/\/www.sonoraenequipo.com.mx\/modificar-los-libros-de-texto-gratuitos-en-dos-meses-esta-condenada-al-fracaso\/\"},\"wordCount\":774,\"commentCount\":0,\"publisher\":{\"@id\":\"https:\/\/www.sonoraenequipo.com.mx\/#organization\"},\"image\":{\"@id\":\"https:\/\/www.sonoraenequipo.com.mx\/modificar-los-libros-de-texto-gratuitos-en-dos-meses-esta-condenada-al-fracaso\/#primaryimage\"},\"thumbnailUrl\":\"https:\/\/www.sonoraenequipo.com.mx\/storage\/2021\/04\/libros-de-texto-aventura_opt3.jpg\",\"articleSection\":[\"Rep\u00fablica\"],\"inLanguage\":\"es\",\"potentialAction\":[{\"@type\":\"CommentAction\",\"name\":\"Comment\",\"target\":[\"https:\/\/www.sonoraenequipo.com.mx\/modificar-los-libros-de-texto-gratuitos-en-dos-meses-esta-condenada-al-fracaso\/#respond\"]}]},{\"@type\":\"WebPage\",\"@id\":\"https:\/\/www.sonoraenequipo.com.mx\/modificar-los-libros-de-texto-gratuitos-en-dos-meses-esta-condenada-al-fracaso\/\",\"url\":\"https:\/\/www.sonoraenequipo.com.mx\/modificar-los-libros-de-texto-gratuitos-en-dos-meses-esta-condenada-al-fracaso\/\",\"name\":\"Sonora en Equipo. Modificar los libros de texto gratuitos en dos meses, est\u00e1 condenada al fracaso Rep\u00fablica\",\"isPartOf\":{\"@id\":\"https:\/\/www.sonoraenequipo.com.mx\/#website\"},\"primaryImageOfPage\":{\"@id\":\"https:\/\/www.sonoraenequipo.com.mx\/modificar-los-libros-de-texto-gratuitos-en-dos-meses-esta-condenada-al-fracaso\/#primaryimage\"},\"image\":{\"@id\":\"https:\/\/www.sonoraenequipo.com.mx\/modificar-los-libros-de-texto-gratuitos-en-dos-meses-esta-condenada-al-fracaso\/#primaryimage\"},\"thumbnailUrl\":\"https:\/\/www.sonoraenequipo.com.mx\/storage\/2021\/04\/libros-de-texto-aventura_opt3.jpg\",\"datePublished\":\"2021-04-14T00:50:15+00:00\",\"dateModified\":\"2021-04-14T02:36:42+00:00\",\"description\":\"CIUDAD DE M\u00c9XICO. MX. \u2014 Para Juan Mart\u00edn P\u00e9rez Garc\u00eda, director ejecutivo de la Red por los Derechos de la Infancia en M\u00e9xico (Redim) \u201cse corre el riesgo En Sonora en Equipo publicamos toda la informaci\u00f3n de Sonora, M\u00e9xico y el Mundo de manera oportuna y busca que la libertad de expresi\u00f3n sea real. Visita nuestro medio informativo publicado desde Hermosillo, Sonora. %\",\"breadcrumb\":{\"@id\":\"https:\/\/www.sonoraenequipo.com.mx\/modificar-los-libros-de-texto-gratuitos-en-dos-meses-esta-condenada-al-fracaso\/#breadcrumb\"},\"inLanguage\":\"es\",\"potentialAction\":[{\"@type\":\"ReadAction\",\"target\":[\"https:\/\/www.sonoraenequipo.com.mx\/modificar-los-libros-de-texto-gratuitos-en-dos-meses-esta-condenada-al-fracaso\/\"]}]},{\"@type\":\"ImageObject\",\"inLanguage\":\"es\",\"@id\":\"https:\/\/www.sonoraenequipo.com.mx\/modificar-los-libros-de-texto-gratuitos-en-dos-meses-esta-condenada-al-fracaso\/#primaryimage\",\"url\":\"https:\/\/www.sonoraenequipo.com.mx\/storage\/2021\/04\/libros-de-texto-aventura_opt3.jpg\",\"contentUrl\":\"https:\/\/www.sonoraenequipo.com.mx\/storage\/2021\/04\/libros-de-texto-aventura_opt3.jpg\",\"width\":711,\"height\":400},{\"@type\":\"BreadcrumbList\",\"@id\":\"https:\/\/www.sonoraenequipo.com.mx\/modificar-los-libros-de-texto-gratuitos-en-dos-meses-esta-condenada-al-fracaso\/#breadcrumb\",\"itemListElement\":[{\"@type\":\"ListItem\",\"position\":1,\"name\":\"Portada\",\"item\":\"https:\/\/www.sonoraenequipo.com.mx\/\"},{\"@type\":\"ListItem\",\"position\":2,\"name\":\"Modificar los libros de texto gratuitos en dos meses, est\u00e1 condenada al fracaso\"}]},{\"@type\":\"WebSite\",\"@id\":\"https:\/\/www.sonoraenequipo.com.mx\/#website\",\"url\":\"https:\/\/www.sonoraenequipo.com.mx\/\",\"name\":\"Sonora en Equipo.\",\"description\":\"Diario en l\u00ednea con Noticias desde Hermosillo, Sonora\",\"publisher\":{\"@id\":\"https:\/\/www.sonoraenequipo.com.mx\/#organization\"},\"potentialAction\":[{\"@type\":\"SearchAction\",\"target\":{\"@type\":\"EntryPoint\",\"urlTemplate\":\"https:\/\/www.sonoraenequipo.com.mx\/?s={search_term_string}\"},\"query-input\":{\"@type\":\"PropertyValueSpecification\",\"valueRequired\":true,\"valueName\":\"search_term_string\"}}],\"inLanguage\":\"es\"},{\"@type\":\"Organization\",\"@id\":\"https:\/\/www.sonoraenequipo.com.mx\/#organization\",\"name\":\"Sonoraenequipo.com.mx\",\"url\":\"https:\/\/www.sonoraenequipo.com.mx\/\",\"logo\":{\"@type\":\"ImageObject\",\"inLanguage\":\"es\",\"@id\":\"https:\/\/www.sonoraenequipo.com.mx\/#\/schema\/logo\/image\/\",\"url\":\"https:\/\/www.sonoraenequipo.com.mx\/storage\/2019\/01\/sonoraenequipo_opt.png\",\"contentUrl\":\"https:\/\/www.sonoraenequipo.com.mx\/storage\/2019\/01\/sonoraenequipo_opt.png\",\"width\":375,\"height\":125,\"caption\":\"Sonoraenequipo.com.mx\"},\"image\":{\"@id\":\"https:\/\/www.sonoraenequipo.com.mx\/#\/schema\/logo\/image\/\"},\"sameAs\":[\"https:\/\/www.facebook.com\/SonoraEE\/\",\"https:\/\/x.com\/sonoraenequipo\",\"https:\/\/www.youtube.com\/channel\/UC338nW-lPEYmJQs4ZABQ1SQ\"]},{\"@type\":\"Person\",\"@id\":\"https:\/\/www.sonoraenequipo.com.mx\/#\/schema\/person\/50102df0fb23a8fa9e8effad8fa81386\",\"name\":\"enequipo\",\"image\":{\"@type\":\"ImageObject\",\"inLanguage\":\"es\",\"@id\":\"https:\/\/www.sonoraenequipo.com.mx\/#\/schema\/person\/image\/\",\"url\":\"https:\/\/secure.gravatar.com\/avatar\/049821681b589dabc0bc20695993ccebb09f5b5d4d790cd9251b97faac7c652b?s=96&d=blank&r=g\",\"contentUrl\":\"https:\/\/secure.gravatar.com\/avatar\/049821681b589dabc0bc20695993ccebb09f5b5d4d790cd9251b97faac7c652b?s=96&d=blank&r=g\",\"caption\":\"enequipo\"},\"sameAs\":[\"https:\/\/www.facebook.com\/SonoraEE\"]}]}<\/script>\n ","yoast_head_json":{"title":"Sonora en Equipo. Modificar los libros de texto gratuitos en dos meses, est\u00e1 condenada al fracaso Rep\u00fablica","description":"CIUDAD DE M\u00c9XICO. MX. \u2014 Para Juan Mart\u00edn P\u00e9rez Garc\u00eda, director ejecutivo de la Red por los Derechos de la Infancia en M\u00e9xico (Redim) \u201cse corre el riesgo En Sonora en Equipo publicamos toda la informaci\u00f3n de Sonora, M\u00e9xico y el Mundo de manera oportuna y busca que la libertad de expresi\u00f3n sea real. Visita nuestro medio informativo publicado desde Hermosillo, Sonora. %","robots":{"index":"index","follow":"follow","max-snippet":"max-snippet:-1","max-image-preview":"max-image-preview:large","max-video-preview":"max-video-preview:-1"},"canonical":"https:\/\/www.sonoraenequipo.com.mx\/modificar-los-libros-de-texto-gratuitos-en-dos-meses-esta-condenada-al-fracaso\/","og_locale":"es_ES","og_type":"article","og_title":"Sonora en Equipo. Modificar los libros de texto gratuitos en dos meses, est\u00e1 condenada al fracaso Rep\u00fablica","og_description":"CIUDAD DE M\u00c9XICO. MX. \u2014 Para Juan Mart\u00edn P\u00e9rez Garc\u00eda, director ejecutivo de la Red por los Derechos de la Infancia en M\u00e9xico (Redim) \u201cse corre el riesgo En Sonora en Equipo publicamos toda la informaci\u00f3n de Sonora, M\u00e9xico y el Mundo de manera oportuna y busca que la libertad de expresi\u00f3n sea real. Visita nuestro medio informativo publicado desde Hermosillo, Sonora. %","og_url":"https:\/\/www.sonoraenequipo.com.mx\/modificar-los-libros-de-texto-gratuitos-en-dos-meses-esta-condenada-al-fracaso\/","og_site_name":"Sonora en Equipo.","article_publisher":"https:\/\/www.facebook.com\/SonoraEE\/","article_author":"https:\/\/www.facebook.com\/SonoraEE","article_published_time":"2021-04-14T00:50:15+00:00","article_modified_time":"2021-04-14T02:36:42+00:00","og_image":[{"width":711,"height":400,"url":"https:\/\/www.sonoraenequipo.com.mx\/storage\/2021\/04\/libros-de-texto-aventura_opt3.jpg","type":"image\/jpeg"}],"author":"enequipo","twitter_card":"summary_large_image","twitter_creator":"@sonoraenequipo","twitter_site":"@sonoraenequipo","twitter_misc":{"Escrito por":"enequipo","Tiempo de lectura":"3 minutos"},"schema":{"@context":"https:\/\/schema.org","@graph":[{"@type":"Article","@id":"https:\/\/www.sonoraenequipo.com.mx\/modificar-los-libros-de-texto-gratuitos-en-dos-meses-esta-condenada-al-fracaso\/#article","isPartOf":{"@id":"https:\/\/www.sonoraenequipo.com.mx\/modificar-los-libros-de-texto-gratuitos-en-dos-meses-esta-condenada-al-fracaso\/"},"author":{"name":"enequipo","@id":"https:\/\/www.sonoraenequipo.com.mx\/#\/schema\/person\/50102df0fb23a8fa9e8effad8fa81386"},"headline":"Modificar los libros de texto gratuitos en dos meses, est\u00e1 condenada al fracaso","datePublished":"2021-04-14T00:50:15+00:00","dateModified":"2021-04-14T02:36:42+00:00","mainEntityOfPage":{"@id":"https:\/\/www.sonoraenequipo.com.mx\/modificar-los-libros-de-texto-gratuitos-en-dos-meses-esta-condenada-al-fracaso\/"},"wordCount":774,"commentCount":0,"publisher":{"@id":"https:\/\/www.sonoraenequipo.com.mx\/#organization"},"image":{"@id":"https:\/\/www.sonoraenequipo.com.mx\/modificar-los-libros-de-texto-gratuitos-en-dos-meses-esta-condenada-al-fracaso\/#primaryimage"},"thumbnailUrl":"https:\/\/www.sonoraenequipo.com.mx\/storage\/2021\/04\/libros-de-texto-aventura_opt3.jpg","articleSection":["Rep\u00fablica"],"inLanguage":"es","potentialAction":[{"@type":"CommentAction","name":"Comment","target":["https:\/\/www.sonoraenequipo.com.mx\/modificar-los-libros-de-texto-gratuitos-en-dos-meses-esta-condenada-al-fracaso\/#respond"]}]},{"@type":"WebPage","@id":"https:\/\/www.sonoraenequipo.com.mx\/modificar-los-libros-de-texto-gratuitos-en-dos-meses-esta-condenada-al-fracaso\/","url":"https:\/\/www.sonoraenequipo.com.mx\/modificar-los-libros-de-texto-gratuitos-en-dos-meses-esta-condenada-al-fracaso\/","name":"Sonora en Equipo. Modificar los libros de texto gratuitos en dos meses, est\u00e1 condenada al fracaso Rep\u00fablica","isPartOf":{"@id":"https:\/\/www.sonoraenequipo.com.mx\/#website"},"primaryImageOfPage":{"@id":"https:\/\/www.sonoraenequipo.com.mx\/modificar-los-libros-de-texto-gratuitos-en-dos-meses-esta-condenada-al-fracaso\/#primaryimage"},"image":{"@id":"https:\/\/www.sonoraenequipo.com.mx\/modificar-los-libros-de-texto-gratuitos-en-dos-meses-esta-condenada-al-fracaso\/#primaryimage"},"thumbnailUrl":"https:\/\/www.sonoraenequipo.com.mx\/storage\/2021\/04\/libros-de-texto-aventura_opt3.jpg","datePublished":"2021-04-14T00:50:15+00:00","dateModified":"2021-04-14T02:36:42+00:00","description":"CIUDAD DE M\u00c9XICO. MX. \u2014 Para Juan Mart\u00edn P\u00e9rez Garc\u00eda, director ejecutivo de la Red por los Derechos de la Infancia en M\u00e9xico (Redim) \u201cse corre el riesgo En Sonora en Equipo publicamos toda la informaci\u00f3n de Sonora, M\u00e9xico y el Mundo de manera oportuna y busca que la libertad de expresi\u00f3n sea real. Visita nuestro medio informativo publicado desde Hermosillo, Sonora. %","breadcrumb":{"@id":"https:\/\/www.sonoraenequipo.com.mx\/modificar-los-libros-de-texto-gratuitos-en-dos-meses-esta-condenada-al-fracaso\/#breadcrumb"},"inLanguage":"es","potentialAction":[{"@type":"ReadAction","target":["https:\/\/www.sonoraenequipo.com.mx\/modificar-los-libros-de-texto-gratuitos-en-dos-meses-esta-condenada-al-fracaso\/"]}]},{"@type":"ImageObject","inLanguage":"es","@id":"https:\/\/www.sonoraenequipo.com.mx\/modificar-los-libros-de-texto-gratuitos-en-dos-meses-esta-condenada-al-fracaso\/#primaryimage","url":"https:\/\/www.sonoraenequipo.com.mx\/storage\/2021\/04\/libros-de-texto-aventura_opt3.jpg","contentUrl":"https:\/\/www.sonoraenequipo.com.mx\/storage\/2021\/04\/libros-de-texto-aventura_opt3.jpg","width":711,"height":400},{"@type":"BreadcrumbList","@id":"https:\/\/www.sonoraenequipo.com.mx\/modificar-los-libros-de-texto-gratuitos-en-dos-meses-esta-condenada-al-fracaso\/#breadcrumb","itemListElement":[{"@type":"ListItem","position":1,"name":"Portada","item":"https:\/\/www.sonoraenequipo.com.mx\/"},{"@type":"ListItem","position":2,"name":"Modificar los libros de texto gratuitos en dos meses, est\u00e1 condenada al fracaso"}]},{"@type":"WebSite","@id":"https:\/\/www.sonoraenequipo.com.mx\/#website","url":"https:\/\/www.sonoraenequipo.com.mx\/","name":"Sonora en Equipo.","description":"Diario en l\u00ednea con Noticias desde Hermosillo, Sonora","publisher":{"@id":"https:\/\/www.sonoraenequipo.com.mx\/#organization"},"potentialAction":[{"@type":"SearchAction","target":{"@type":"EntryPoint","urlTemplate":"https:\/\/www.sonoraenequipo.com.mx\/?s={search_term_string}"},"query-input":{"@type":"PropertyValueSpecification","valueRequired":true,"valueName":"search_term_string"}}],"inLanguage":"es"},{"@type":"Organization","@id":"https:\/\/www.sonoraenequipo.com.mx\/#organization","name":"Sonoraenequipo.com.mx","url":"https:\/\/www.sonoraenequipo.com.mx\/","logo":{"@type":"ImageObject","inLanguage":"es","@id":"https:\/\/www.sonoraenequipo.com.mx\/#\/schema\/logo\/image\/","url":"https:\/\/www.sonoraenequipo.com.mx\/storage\/2019\/01\/sonoraenequipo_opt.png","contentUrl":"https:\/\/www.sonoraenequipo.com.mx\/storage\/2019\/01\/sonoraenequipo_opt.png","width":375,"height":125,"caption":"Sonoraenequipo.com.mx"},"image":{"@id":"https:\/\/www.sonoraenequipo.com.mx\/#\/schema\/logo\/image\/"},"sameAs":["https:\/\/www.facebook.com\/SonoraEE\/","https:\/\/x.com\/sonoraenequipo","https:\/\/www.youtube.com\/channel\/UC338nW-lPEYmJQs4ZABQ1SQ"]},{"@type":"Person","@id":"https:\/\/www.sonoraenequipo.com.mx\/#\/schema\/person\/50102df0fb23a8fa9e8effad8fa81386","name":"enequipo","image":{"@type":"ImageObject","inLanguage":"es","@id":"https:\/\/www.sonoraenequipo.com.mx\/#\/schema\/person\/image\/","url":"https:\/\/secure.gravatar.com\/avatar\/049821681b589dabc0bc20695993ccebb09f5b5d4d790cd9251b97faac7c652b?s=96&d=blank&r=g","contentUrl":"https:\/\/secure.gravatar.com\/avatar\/049821681b589dabc0bc20695993ccebb09f5b5d4d790cd9251b97faac7c652b?s=96&d=blank&r=g","caption":"enequipo"},"sameAs":["https:\/\/www.facebook.com\/SonoraEE"]}]}},"jetpack_featured_media_url":"https:\/\/www.sonoraenequipo.com.mx\/storage\/2021\/04\/libros-de-texto-aventura_opt3.jpg","_links":{"self":[{"href":"https:\/\/www.sonoraenequipo.com.mx\/api\/wp\/v2\/posts\/111498","targetHints":{"allow":["GET"]}}],"collection":[{"href":"https:\/\/www.sonoraenequipo.com.mx\/api\/wp\/v2\/posts"}],"about":[{"href":"https:\/\/www.sonoraenequipo.com.mx\/api\/wp\/v2\/types\/post"}],"author":[{"embeddable":true,"href":"https:\/\/www.sonoraenequipo.com.mx\/api\/wp\/v2\/users\/1"}],"replies":[{"embeddable":true,"href":"https:\/\/www.sonoraenequipo.com.mx\/api\/wp\/v2\/comments?post=111498"}],"version-history":[{"count":1,"href":"https:\/\/www.sonoraenequipo.com.mx\/api\/wp\/v2\/posts\/111498\/revisions"}],"predecessor-version":[{"id":111500,"href":"https:\/\/www.sonoraenequipo.com.mx\/api\/wp\/v2\/posts\/111498\/revisions\/111500"}],"wp:featuredmedia":[{"embeddable":true,"href":"https:\/\/www.sonoraenequipo.com.mx\/api\/wp\/v2\/media\/111499"}],"wp:attachment":[{"href":"https:\/\/www.sonoraenequipo.com.mx\/api\/wp\/v2\/media?parent=111498"}],"wp:term":[{"taxonomy":"category","embeddable":true,"href":"https:\/\/www.sonoraenequipo.com.mx\/api\/wp\/v2\/categories?post=111498"},{"taxonomy":"post_tag","embeddable":true,"href":"https:\/\/www.sonoraenequipo.com.mx\/api\/wp\/v2\/tags?post=111498"}],"curies":[{"name":"wp","href":"https:\/\/api.w.org\/{rel}","templated":true}]}}