{"id":111507,"date":"2021-04-13T20:36:32","date_gmt":"2021-04-14T03:36:32","guid":{"rendered":"https:\/\/www.sonoraenequipo.com.mx\/?p=111507"},"modified":"2021-04-13T20:46:30","modified_gmt":"2021-04-14T03:46:30","slug":"ine-ratifica-cancelacion-de-candidatura-de-felix-salgado-macedonio-y-raul-moron","status":"publish","type":"post","link":"https:\/\/www.sonoraenequipo.com.mx\/ine-ratifica-cancelacion-de-candidatura-de-felix-salgado-macedonio-y-raul-moron\/","title":{"rendered":"INE ratifica cancelaci\u00f3n de candidatura de F\u00e9lix Salgado Macedonio y Ra\u00fal Mor\u00f3n"},"content":{"rendered":"<p>CIUDAD DE M\u00c9XICO. MX. \u2014 El Consejo General del Instituto Nacional Electoral determin\u00f3, la noche del martes 13 de abril de 2021, conservar su decisi\u00f3n de negarle la candidatura a F\u00e9lix Salgado Macedonio y a Ra\u00fal Mor\u00f3n, quienes aspiraban a buscar la gubernatura de Guerreo y Michoac\u00e1n en las elecciones del 2021.<\/p>\n<p>&nbsp;<\/p>\n<p> <\/p>\n<p>Con seis votos a favor y cinco en contra el Consejo General del INE\u00a0 ratific\u00f3 la cancelaci\u00f3n de la candidatura a la gubernatura del estado de Guerrero, F\u00e9lix Salgado Macedonio y le dio 48 horas a Morena, a partir de la notificaci\u00f3n, para nombrar a un nuevo candidato.<\/p>\n<p>&nbsp;<\/p>\n<p>En sesi\u00f3n extraordinaria para abordar la resoluci\u00f3n del Tribunal Electoral del Poder Judicial de la Federaci\u00f3n (TEPJF) en el expediente SUP-JDC-416\/2021, los consejeros \u00fanicamente individualizaron la sanci\u00f3n, es decir, resolvieron multas y sanciones a cada uno de los candidatos al gobierno de Guerrero por la omisi\u00f3n de presentar sus informes de gastos de precampa\u00f1a.<\/p>\n<p>&nbsp;<\/p>\n<p>En cerrada votaci\u00f3n, seis consejeros votaron a favor de confirmar el retiro de la candidatura: <strong>Lorenzo C\u00f3rdova, Ciro Murayama, Carla Humphrey, Claudia Zavala, Dania Ravel y Jaime Rivera Vel\u00e1zquez.<\/strong> Mientras que los votos en contra fueron de los consejeros <strong>Roberto Ruiz, Norma de la Cruz, Uuc-kib Espadas, Mart\u00edn Faz Mora y Adriana Favela.<\/strong><\/p>\n<p>&nbsp;<\/p>\n<p>El presidente del INE, Lorenzo C\u00f3rdova, afirm\u00f3 que no es un tema pol\u00edtico, sino estrictamente jur\u00eddico y asegur\u00f3 que a los consejeros electorales<em><strong> \u00abnadie los va a amedrentar con amenazas directas\u00bb.<\/strong><\/em><\/p>\n<p>&nbsp;<\/p>\n<p><em>\u00abEl INE no va a caer en provocaciones. El INE como \u00e1rbitro est\u00e1 por encima de las partes, y haremos que se cumpla la Ley. El INE no est\u00e1 en contra de alguna fuerza pol\u00edtica o actor pol\u00edtico, el INE est\u00e1 contra quien viola la ley\u00bb<\/em>, asegur\u00f3 C\u00f3rdova.<\/p>\n<p>&nbsp;<\/p>\n<p>Adem\u00e1s de Salgado Macedonio, los consejeros resolvieron cancelar las candidaturas de Pablo Am\u00edlcar Sandoval Ballesteros y Adela Rom\u00e1n Ocampo, ya que intentaron \u00abburlar la ley\u00bb al no presentaron su informe de gastos de precampa\u00f1a.<\/p>\n<p>&nbsp;<\/p>\n<p>En la fiscalizaci\u00f3n, el INE detall\u00f3 que F\u00e9lix Salgado gast\u00f3 en su precampa\u00f1a 19 mil 872 pesos; Pablo Am\u00edlcar Sandoval, gast\u00f3 15 mil 565 pesos; y Adela Roman Mart\u00ednez, gast\u00f3 11 mil 48 pesos. Ninguno de ellos present\u00f3 sus informes de gastos al \u00f3rgano electoral.<\/p>\n<p>&nbsp;<\/p>\n<p>&nbsp;<\/p>\n<p>El consejero Ciro Murayama sostuvo que se confirma la sanci\u00f3n impuesta porque los precandidatos intentaron burlar al \u00e1rbitro electoral y eso es una falta grave, adem\u00e1s pidi\u00f3 que no se amenace con impedir la realizaci\u00f3n de las elecciones, porque eso ser\u00eda autoritarismo.<\/p>\n<p>&nbsp;<\/p>\n<p>Asimismo, el INE mantuvo la candidatura de Luis Walton, a pesar de que tuvo irregularidades en sus gastos de precampa\u00f1a que ascendieron a 18 mil 881 pesos. \u00danicamente se le aplic\u00f3 una multa de 217 mil pesos.<\/p>\n<p>&nbsp;<\/p>\n<p>A partir de que sea notificado, Morena tiene 48 horas para la sustituci\u00f3n de candidatura al gobierno de Guerrero para tener oportunidad de participar en el cargo de elecci\u00f3n popular.<\/p>\n<p>&nbsp;<\/p>\n<h3><strong>F\u00e9lix Salgado Macedonio reitera que no amenaz\u00f3 a consejeros del INE<\/strong><\/h3>\n<p>F\u00e9lix Salgado Macedonio se\u00f1al\u00f3 que en caso de que el INE determine que no puede ser candidato, volver\u00eda a impugnar la determinaci\u00f3n por las v\u00edas legales.<\/p>\n<p>&nbsp;<\/p>\n<p><em>\u201cNo son amenazas. Yo no s\u00e9 por qu\u00e9 dicen que son amenazas, yo no conozco a Lorenzo C\u00f3rdova y quer\u00eda conocerlo, nada m\u00e1s. Yo no s\u00e9 d\u00f3nde vive y quer\u00eda saber d\u00f3nde vive, pero ya no quiero conocer a Lorenzo ni quiero saber d\u00f3nde vive, ya nos vamos, no es apolog\u00eda de la violencia, no es incitar a la violencia, Nada de eso. Este movimiento es pac\u00edfico. Aqu\u00ed estoy con mi esposa, mis hijos, mis nietos. Hay que ser respetuosos, hay que conducirnos con serenidad, \u00e9ste es un gran movimiento pac\u00edfico\u201d<\/em>, indic\u00f3 F\u00e9lix Salgado Macedonio.<\/p>\n<p>&nbsp;<\/p>\n<p>Salgado Macedonio se\u00f1al\u00f3 que en caso de que el INE determine que no puede ser candidato, volver\u00eda a impugnar la determinaci\u00f3n por las v\u00edas legales. Y dijo que se tiene planeado hoy mismo regresar al estado de Guerrero.<\/p>\n<p>&nbsp;<\/p>\n<h3>Mario Delgado, presidente de Morena, respald\u00f3 a Salgado Macedonio.<\/h3>\n<p>&nbsp;<\/p>\n<p><em>\u201cEn ning\u00fan momento hubo una amenaza para nadie. Ustedes conocen a F\u00e9lix c\u00f3mo es de dicharachero, pero ning\u00fan momento, una amenaza. Juega todo el tiempo con la gente en su di\u00e1logo, siempre de manera pac\u00edfica y siempre participando por tener una aut\u00e9ntica democracia. Nos vamos a comportar en el marco de la legalidad\u201d,<\/em> dijo Mario Delgado, presidente de Morena.<\/p>\n<p>&nbsp;<\/p>\n<p>El plant\u00f3n sigui\u00f3 la sesi\u00f3n del INE de principio a fin.<\/p>\n<p>&nbsp;<\/p>\n<p>&nbsp;<\/p>\n<p>(Publicada el 13\/04\/2021)<\/p>\n","protected":false},"excerpt":{"rendered":"<p>CIUDAD DE M\u00c9XICO. MX. \u2014 El Consejo General del Instituto Nacional Electoral determin\u00f3, la noche&#8230;<\/p>\n","protected":false},"author":1,"featured_media":111513,"comment_status":"open","ping_status":"open","sticky":false,"template":"","format":"standard","meta":{"_monsterinsights_skip_tracking":false,"_monsterinsights_sitenote_active":false,"_monsterinsights_sitenote_note":"","_monsterinsights_sitenote_category":0,"footnotes":""},"categories":[5],"tags":[],"class_list":["post"],"yoast_head":" \n<title>Sonora en Equipo. INE ratifica cancelaci\u00f3n de candidatura de F\u00e9lix Salgado Macedonio y Ra\u00fal Mor\u00f3n Rep\u00fablica<\/title>\n<meta name=\"description\" content=\"CIUDAD DE M\u00c9XICO. MX. \u2014 El Consejo General del Instituto Nacional Electoral determin\u00f3, la noche del martes 13 de abril de 2021, conservar su decisi\u00f3n de En Sonora en Equipo publicamos toda la informaci\u00f3n de Sonora, M\u00e9xico y el Mundo de manera oportuna y busca que la libertad de expresi\u00f3n sea real. Visita nuestro medio informativo publicado desde Hermosillo, Sonora. %\" \/>\n<meta name=\"robots\" content=\"index, follow, max-snippet:-1, max-image-preview:large, max-video-preview:-1\" \/>\n<link rel=\"canonical\" href=\"https:\/\/www.sonoraenequipo.com.mx\/ine-ratifica-cancelacion-de-candidatura-de-felix-salgado-macedonio-y-raul-moron\/\" \/>\n<meta property=\"og:locale\" content=\"es_ES\" \/>\n<meta property=\"og:type\" content=\"article\" \/>\n<meta property=\"og:title\" content=\"Sonora en Equipo. INE ratifica cancelaci\u00f3n de candidatura de F\u00e9lix Salgado Macedonio y Ra\u00fal Mor\u00f3n Rep\u00fablica\" \/>\n<meta property=\"og:description\" content=\"CIUDAD DE M\u00c9XICO. MX. \u2014 El Consejo General del Instituto Nacional Electoral determin\u00f3, la noche del martes 13 de abril de 2021, conservar su decisi\u00f3n de En Sonora en Equipo publicamos toda la informaci\u00f3n de Sonora, M\u00e9xico y el Mundo de manera oportuna y busca que la libertad de expresi\u00f3n sea real. Visita nuestro medio informativo publicado desde Hermosillo, Sonora. %\" \/>\n<meta property=\"og:url\" content=\"https:\/\/www.sonoraenequipo.com.mx\/ine-ratifica-cancelacion-de-candidatura-de-felix-salgado-macedonio-y-raul-moron\/\" \/>\n<meta property=\"og:site_name\" content=\"Sonora en Equipo.\" \/>\n<meta property=\"article:publisher\" content=\"https:\/\/www.facebook.com\/SonoraEE\/\" \/>\n<meta property=\"article:author\" content=\"https:\/\/www.facebook.com\/SonoraEE\" \/>\n<meta property=\"article:published_time\" content=\"2021-04-14T03:36:32+00:00\" \/>\n<meta property=\"article:modified_time\" content=\"2021-04-14T03:46:30+00:00\" \/>\n<meta property=\"og:image\" content=\"https:\/\/www.sonoraenequipo.com.mx\/storage\/2021\/04\/candidatura-salgado_opt.jpg\" \/>\n\t<meta property=\"og:image:width\" content=\"800\" \/>\n\t<meta property=\"og:image:height\" content=\"450\" \/>\n\t<meta property=\"og:image:type\" content=\"image\/jpeg\" \/>\n<meta name=\"author\" content=\"enequipo\" \/>\n<meta name=\"twitter:card\" content=\"summary_large_image\" \/>\n<meta name=\"twitter:creator\" content=\"@sonoraenequipo\" \/>\n<meta name=\"twitter:site\" content=\"@sonoraenequipo\" \/>\n<meta name=\"twitter:label1\" content=\"Escrito por\" \/>\n\t<meta name=\"twitter:data1\" content=\"enequipo\" \/>\n\t<meta name=\"twitter:label2\" content=\"Tiempo de lectura\" \/>\n\t<meta name=\"twitter:data2\" content=\"4 minutos\" \/>\n<script type=\"application\/ld+json\" class=\"yoast-schema-graph\">{\"@context\":\"https:\/\/schema.org\",\"@graph\":[{\"@type\":\"Article\",\"@id\":\"https:\/\/www.sonoraenequipo.com.mx\/ine-ratifica-cancelacion-de-candidatura-de-felix-salgado-macedonio-y-raul-moron\/#article\",\"isPartOf\":{\"@id\":\"https:\/\/www.sonoraenequipo.com.mx\/ine-ratifica-cancelacion-de-candidatura-de-felix-salgado-macedonio-y-raul-moron\/\"},\"author\":{\"name\":\"enequipo\",\"@id\":\"https:\/\/www.sonoraenequipo.com.mx\/#\/schema\/person\/50102df0fb23a8fa9e8effad8fa81386\"},\"headline\":\"INE ratifica cancelaci\u00f3n de candidatura de F\u00e9lix Salgado Macedonio y Ra\u00fal Mor\u00f3n\",\"datePublished\":\"2021-04-14T03:36:32+00:00\",\"dateModified\":\"2021-04-14T03:46:30+00:00\",\"mainEntityOfPage\":{\"@id\":\"https:\/\/www.sonoraenequipo.com.mx\/ine-ratifica-cancelacion-de-candidatura-de-felix-salgado-macedonio-y-raul-moron\/\"},\"wordCount\":816,\"commentCount\":0,\"publisher\":{\"@id\":\"https:\/\/www.sonoraenequipo.com.mx\/#organization\"},\"image\":{\"@id\":\"https:\/\/www.sonoraenequipo.com.mx\/ine-ratifica-cancelacion-de-candidatura-de-felix-salgado-macedonio-y-raul-moron\/#primaryimage\"},\"thumbnailUrl\":\"https:\/\/www.sonoraenequipo.com.mx\/storage\/2021\/04\/candidatura-salgado_opt.jpg\",\"articleSection\":[\"Rep\u00fablica\"],\"inLanguage\":\"es\",\"potentialAction\":[{\"@type\":\"CommentAction\",\"name\":\"Comment\",\"target\":[\"https:\/\/www.sonoraenequipo.com.mx\/ine-ratifica-cancelacion-de-candidatura-de-felix-salgado-macedonio-y-raul-moron\/#respond\"]}]},{\"@type\":\"WebPage\",\"@id\":\"https:\/\/www.sonoraenequipo.com.mx\/ine-ratifica-cancelacion-de-candidatura-de-felix-salgado-macedonio-y-raul-moron\/\",\"url\":\"https:\/\/www.sonoraenequipo.com.mx\/ine-ratifica-cancelacion-de-candidatura-de-felix-salgado-macedonio-y-raul-moron\/\",\"name\":\"Sonora en Equipo. INE ratifica cancelaci\u00f3n de candidatura de F\u00e9lix Salgado Macedonio y Ra\u00fal Mor\u00f3n Rep\u00fablica\",\"isPartOf\":{\"@id\":\"https:\/\/www.sonoraenequipo.com.mx\/#website\"},\"primaryImageOfPage\":{\"@id\":\"https:\/\/www.sonoraenequipo.com.mx\/ine-ratifica-cancelacion-de-candidatura-de-felix-salgado-macedonio-y-raul-moron\/#primaryimage\"},\"image\":{\"@id\":\"https:\/\/www.sonoraenequipo.com.mx\/ine-ratifica-cancelacion-de-candidatura-de-felix-salgado-macedonio-y-raul-moron\/#primaryimage\"},\"thumbnailUrl\":\"https:\/\/www.sonoraenequipo.com.mx\/storage\/2021\/04\/candidatura-salgado_opt.jpg\",\"datePublished\":\"2021-04-14T03:36:32+00:00\",\"dateModified\":\"2021-04-14T03:46:30+00:00\",\"description\":\"CIUDAD DE M\u00c9XICO. MX. \u2014 El Consejo General del Instituto Nacional Electoral determin\u00f3, la noche del martes 13 de abril de 2021, conservar su decisi\u00f3n de En Sonora en Equipo publicamos toda la informaci\u00f3n de Sonora, M\u00e9xico y el Mundo de manera oportuna y busca que la libertad de expresi\u00f3n sea real. Visita nuestro medio informativo publicado desde Hermosillo, Sonora. %\",\"breadcrumb\":{\"@id\":\"https:\/\/www.sonoraenequipo.com.mx\/ine-ratifica-cancelacion-de-candidatura-de-felix-salgado-macedonio-y-raul-moron\/#breadcrumb\"},\"inLanguage\":\"es\",\"potentialAction\":[{\"@type\":\"ReadAction\",\"target\":[\"https:\/\/www.sonoraenequipo.com.mx\/ine-ratifica-cancelacion-de-candidatura-de-felix-salgado-macedonio-y-raul-moron\/\"]}]},{\"@type\":\"ImageObject\",\"inLanguage\":\"es\",\"@id\":\"https:\/\/www.sonoraenequipo.com.mx\/ine-ratifica-cancelacion-de-candidatura-de-felix-salgado-macedonio-y-raul-moron\/#primaryimage\",\"url\":\"https:\/\/www.sonoraenequipo.com.mx\/storage\/2021\/04\/candidatura-salgado_opt.jpg\",\"contentUrl\":\"https:\/\/www.sonoraenequipo.com.mx\/storage\/2021\/04\/candidatura-salgado_opt.jpg\",\"width\":800,\"height\":450},{\"@type\":\"BreadcrumbList\",\"@id\":\"https:\/\/www.sonoraenequipo.com.mx\/ine-ratifica-cancelacion-de-candidatura-de-felix-salgado-macedonio-y-raul-moron\/#breadcrumb\",\"itemListElement\":[{\"@type\":\"ListItem\",\"position\":1,\"name\":\"Portada\",\"item\":\"https:\/\/www.sonoraenequipo.com.mx\/\"},{\"@type\":\"ListItem\",\"position\":2,\"name\":\"INE ratifica cancelaci\u00f3n de candidatura de F\u00e9lix Salgado Macedonio y Ra\u00fal Mor\u00f3n\"}]},{\"@type\":\"WebSite\",\"@id\":\"https:\/\/www.sonoraenequipo.com.mx\/#website\",\"url\":\"https:\/\/www.sonoraenequipo.com.mx\/\",\"name\":\"Sonora en Equipo.\",\"description\":\"Diario en l\u00ednea con Noticias desde Hermosillo, Sonora\",\"publisher\":{\"@id\":\"https:\/\/www.sonoraenequipo.com.mx\/#organization\"},\"potentialAction\":[{\"@type\":\"SearchAction\",\"target\":{\"@type\":\"EntryPoint\",\"urlTemplate\":\"https:\/\/www.sonoraenequipo.com.mx\/?s={search_term_string}\"},\"query-input\":{\"@type\":\"PropertyValueSpecification\",\"valueRequired\":true,\"valueName\":\"search_term_string\"}}],\"inLanguage\":\"es\"},{\"@type\":\"Organization\",\"@id\":\"https:\/\/www.sonoraenequipo.com.mx\/#organization\",\"name\":\"Sonoraenequipo.com.mx\",\"url\":\"https:\/\/www.sonoraenequipo.com.mx\/\",\"logo\":{\"@type\":\"ImageObject\",\"inLanguage\":\"es\",\"@id\":\"https:\/\/www.sonoraenequipo.com.mx\/#\/schema\/logo\/image\/\",\"url\":\"https:\/\/www.sonoraenequipo.com.mx\/storage\/2019\/01\/sonoraenequipo_opt.png\",\"contentUrl\":\"https:\/\/www.sonoraenequipo.com.mx\/storage\/2019\/01\/sonoraenequipo_opt.png\",\"width\":375,\"height\":125,\"caption\":\"Sonoraenequipo.com.mx\"},\"image\":{\"@id\":\"https:\/\/www.sonoraenequipo.com.mx\/#\/schema\/logo\/image\/\"},\"sameAs\":[\"https:\/\/www.facebook.com\/SonoraEE\/\",\"https:\/\/x.com\/sonoraenequipo\",\"https:\/\/www.youtube.com\/channel\/UC338nW-lPEYmJQs4ZABQ1SQ\"]},{\"@type\":\"Person\",\"@id\":\"https:\/\/www.sonoraenequipo.com.mx\/#\/schema\/person\/50102df0fb23a8fa9e8effad8fa81386\",\"name\":\"enequipo\",\"image\":{\"@type\":\"ImageObject\",\"inLanguage\":\"es\",\"@id\":\"https:\/\/www.sonoraenequipo.com.mx\/#\/schema\/person\/image\/\",\"url\":\"https:\/\/secure.gravatar.com\/avatar\/049821681b589dabc0bc20695993ccebb09f5b5d4d790cd9251b97faac7c652b?s=96&d=blank&r=g\",\"contentUrl\":\"https:\/\/secure.gravatar.com\/avatar\/049821681b589dabc0bc20695993ccebb09f5b5d4d790cd9251b97faac7c652b?s=96&d=blank&r=g\",\"caption\":\"enequipo\"},\"sameAs\":[\"https:\/\/www.facebook.com\/SonoraEE\"]}]}<\/script>\n ","yoast_head_json":{"title":"Sonora en Equipo. INE ratifica cancelaci\u00f3n de candidatura de F\u00e9lix Salgado Macedonio y Ra\u00fal Mor\u00f3n Rep\u00fablica","description":"CIUDAD DE M\u00c9XICO. MX. \u2014 El Consejo General del Instituto Nacional Electoral determin\u00f3, la noche del martes 13 de abril de 2021, conservar su decisi\u00f3n de En Sonora en Equipo publicamos toda la informaci\u00f3n de Sonora, M\u00e9xico y el Mundo de manera oportuna y busca que la libertad de expresi\u00f3n sea real. Visita nuestro medio informativo publicado desde Hermosillo, Sonora. %","robots":{"index":"index","follow":"follow","max-snippet":"max-snippet:-1","max-image-preview":"max-image-preview:large","max-video-preview":"max-video-preview:-1"},"canonical":"https:\/\/www.sonoraenequipo.com.mx\/ine-ratifica-cancelacion-de-candidatura-de-felix-salgado-macedonio-y-raul-moron\/","og_locale":"es_ES","og_type":"article","og_title":"Sonora en Equipo. INE ratifica cancelaci\u00f3n de candidatura de F\u00e9lix Salgado Macedonio y Ra\u00fal Mor\u00f3n Rep\u00fablica","og_description":"CIUDAD DE M\u00c9XICO. MX. \u2014 El Consejo General del Instituto Nacional Electoral determin\u00f3, la noche del martes 13 de abril de 2021, conservar su decisi\u00f3n de En Sonora en Equipo publicamos toda la informaci\u00f3n de Sonora, M\u00e9xico y el Mundo de manera oportuna y busca que la libertad de expresi\u00f3n sea real. Visita nuestro medio informativo publicado desde Hermosillo, Sonora. %","og_url":"https:\/\/www.sonoraenequipo.com.mx\/ine-ratifica-cancelacion-de-candidatura-de-felix-salgado-macedonio-y-raul-moron\/","og_site_name":"Sonora en Equipo.","article_publisher":"https:\/\/www.facebook.com\/SonoraEE\/","article_author":"https:\/\/www.facebook.com\/SonoraEE","article_published_time":"2021-04-14T03:36:32+00:00","article_modified_time":"2021-04-14T03:46:30+00:00","og_image":[{"width":800,"height":450,"url":"https:\/\/www.sonoraenequipo.com.mx\/storage\/2021\/04\/candidatura-salgado_opt.jpg","type":"image\/jpeg"}],"author":"enequipo","twitter_card":"summary_large_image","twitter_creator":"@sonoraenequipo","twitter_site":"@sonoraenequipo","twitter_misc":{"Escrito por":"enequipo","Tiempo de lectura":"4 minutos"},"schema":{"@context":"https:\/\/schema.org","@graph":[{"@type":"Article","@id":"https:\/\/www.sonoraenequipo.com.mx\/ine-ratifica-cancelacion-de-candidatura-de-felix-salgado-macedonio-y-raul-moron\/#article","isPartOf":{"@id":"https:\/\/www.sonoraenequipo.com.mx\/ine-ratifica-cancelacion-de-candidatura-de-felix-salgado-macedonio-y-raul-moron\/"},"author":{"name":"enequipo","@id":"https:\/\/www.sonoraenequipo.com.mx\/#\/schema\/person\/50102df0fb23a8fa9e8effad8fa81386"},"headline":"INE ratifica cancelaci\u00f3n de candidatura de F\u00e9lix Salgado Macedonio y Ra\u00fal Mor\u00f3n","datePublished":"2021-04-14T03:36:32+00:00","dateModified":"2021-04-14T03:46:30+00:00","mainEntityOfPage":{"@id":"https:\/\/www.sonoraenequipo.com.mx\/ine-ratifica-cancelacion-de-candidatura-de-felix-salgado-macedonio-y-raul-moron\/"},"wordCount":816,"commentCount":0,"publisher":{"@id":"https:\/\/www.sonoraenequipo.com.mx\/#organization"},"image":{"@id":"https:\/\/www.sonoraenequipo.com.mx\/ine-ratifica-cancelacion-de-candidatura-de-felix-salgado-macedonio-y-raul-moron\/#primaryimage"},"thumbnailUrl":"https:\/\/www.sonoraenequipo.com.mx\/storage\/2021\/04\/candidatura-salgado_opt.jpg","articleSection":["Rep\u00fablica"],"inLanguage":"es","potentialAction":[{"@type":"CommentAction","name":"Comment","target":["https:\/\/www.sonoraenequipo.com.mx\/ine-ratifica-cancelacion-de-candidatura-de-felix-salgado-macedonio-y-raul-moron\/#respond"]}]},{"@type":"WebPage","@id":"https:\/\/www.sonoraenequipo.com.mx\/ine-ratifica-cancelacion-de-candidatura-de-felix-salgado-macedonio-y-raul-moron\/","url":"https:\/\/www.sonoraenequipo.com.mx\/ine-ratifica-cancelacion-de-candidatura-de-felix-salgado-macedonio-y-raul-moron\/","name":"Sonora en Equipo. INE ratifica cancelaci\u00f3n de candidatura de F\u00e9lix Salgado Macedonio y Ra\u00fal Mor\u00f3n Rep\u00fablica","isPartOf":{"@id":"https:\/\/www.sonoraenequipo.com.mx\/#website"},"primaryImageOfPage":{"@id":"https:\/\/www.sonoraenequipo.com.mx\/ine-ratifica-cancelacion-de-candidatura-de-felix-salgado-macedonio-y-raul-moron\/#primaryimage"},"image":{"@id":"https:\/\/www.sonoraenequipo.com.mx\/ine-ratifica-cancelacion-de-candidatura-de-felix-salgado-macedonio-y-raul-moron\/#primaryimage"},"thumbnailUrl":"https:\/\/www.sonoraenequipo.com.mx\/storage\/2021\/04\/candidatura-salgado_opt.jpg","datePublished":"2021-04-14T03:36:32+00:00","dateModified":"2021-04-14T03:46:30+00:00","description":"CIUDAD DE M\u00c9XICO. MX. \u2014 El Consejo General del Instituto Nacional Electoral determin\u00f3, la noche del martes 13 de abril de 2021, conservar su decisi\u00f3n de En Sonora en Equipo publicamos toda la informaci\u00f3n de Sonora, M\u00e9xico y el Mundo de manera oportuna y busca que la libertad de expresi\u00f3n sea real. Visita nuestro medio informativo publicado desde Hermosillo, Sonora. %","breadcrumb":{"@id":"https:\/\/www.sonoraenequipo.com.mx\/ine-ratifica-cancelacion-de-candidatura-de-felix-salgado-macedonio-y-raul-moron\/#breadcrumb"},"inLanguage":"es","potentialAction":[{"@type":"ReadAction","target":["https:\/\/www.sonoraenequipo.com.mx\/ine-ratifica-cancelacion-de-candidatura-de-felix-salgado-macedonio-y-raul-moron\/"]}]},{"@type":"ImageObject","inLanguage":"es","@id":"https:\/\/www.sonoraenequipo.com.mx\/ine-ratifica-cancelacion-de-candidatura-de-felix-salgado-macedonio-y-raul-moron\/#primaryimage","url":"https:\/\/www.sonoraenequipo.com.mx\/storage\/2021\/04\/candidatura-salgado_opt.jpg","contentUrl":"https:\/\/www.sonoraenequipo.com.mx\/storage\/2021\/04\/candidatura-salgado_opt.jpg","width":800,"height":450},{"@type":"BreadcrumbList","@id":"https:\/\/www.sonoraenequipo.com.mx\/ine-ratifica-cancelacion-de-candidatura-de-felix-salgado-macedonio-y-raul-moron\/#breadcrumb","itemListElement":[{"@type":"ListItem","position":1,"name":"Portada","item":"https:\/\/www.sonoraenequipo.com.mx\/"},{"@type":"ListItem","position":2,"name":"INE ratifica cancelaci\u00f3n de candidatura de F\u00e9lix Salgado Macedonio y Ra\u00fal Mor\u00f3n"}]},{"@type":"WebSite","@id":"https:\/\/www.sonoraenequipo.com.mx\/#website","url":"https:\/\/www.sonoraenequipo.com.mx\/","name":"Sonora en Equipo.","description":"Diario en l\u00ednea con Noticias desde Hermosillo, Sonora","publisher":{"@id":"https:\/\/www.sonoraenequipo.com.mx\/#organization"},"potentialAction":[{"@type":"SearchAction","target":{"@type":"EntryPoint","urlTemplate":"https:\/\/www.sonoraenequipo.com.mx\/?s={search_term_string}"},"query-input":{"@type":"PropertyValueSpecification","valueRequired":true,"valueName":"search_term_string"}}],"inLanguage":"es"},{"@type":"Organization","@id":"https:\/\/www.sonoraenequipo.com.mx\/#organization","name":"Sonoraenequipo.com.mx","url":"https:\/\/www.sonoraenequipo.com.mx\/","logo":{"@type":"ImageObject","inLanguage":"es","@id":"https:\/\/www.sonoraenequipo.com.mx\/#\/schema\/logo\/image\/","url":"https:\/\/www.sonoraenequipo.com.mx\/storage\/2019\/01\/sonoraenequipo_opt.png","contentUrl":"https:\/\/www.sonoraenequipo.com.mx\/storage\/2019\/01\/sonoraenequipo_opt.png","width":375,"height":125,"caption":"Sonoraenequipo.com.mx"},"image":{"@id":"https:\/\/www.sonoraenequipo.com.mx\/#\/schema\/logo\/image\/"},"sameAs":["https:\/\/www.facebook.com\/SonoraEE\/","https:\/\/x.com\/sonoraenequipo","https:\/\/www.youtube.com\/channel\/UC338nW-lPEYmJQs4ZABQ1SQ"]},{"@type":"Person","@id":"https:\/\/www.sonoraenequipo.com.mx\/#\/schema\/person\/50102df0fb23a8fa9e8effad8fa81386","name":"enequipo","image":{"@type":"ImageObject","inLanguage":"es","@id":"https:\/\/www.sonoraenequipo.com.mx\/#\/schema\/person\/image\/","url":"https:\/\/secure.gravatar.com\/avatar\/049821681b589dabc0bc20695993ccebb09f5b5d4d790cd9251b97faac7c652b?s=96&d=blank&r=g","contentUrl":"https:\/\/secure.gravatar.com\/avatar\/049821681b589dabc0bc20695993ccebb09f5b5d4d790cd9251b97faac7c652b?s=96&d=blank&r=g","caption":"enequipo"},"sameAs":["https:\/\/www.facebook.com\/SonoraEE"]}]}},"jetpack_featured_media_url":"https:\/\/www.sonoraenequipo.com.mx\/storage\/2021\/04\/candidatura-salgado_opt.jpg","_links":{"self":[{"href":"https:\/\/www.sonoraenequipo.com.mx\/api\/wp\/v2\/posts\/111507","targetHints":{"allow":["GET"]}}],"collection":[{"href":"https:\/\/www.sonoraenequipo.com.mx\/api\/wp\/v2\/posts"}],"about":[{"href":"https:\/\/www.sonoraenequipo.com.mx\/api\/wp\/v2\/types\/post"}],"author":[{"embeddable":true,"href":"https:\/\/www.sonoraenequipo.com.mx\/api\/wp\/v2\/users\/1"}],"replies":[{"embeddable":true,"href":"https:\/\/www.sonoraenequipo.com.mx\/api\/wp\/v2\/comments?post=111507"}],"version-history":[{"count":1,"href":"https:\/\/www.sonoraenequipo.com.mx\/api\/wp\/v2\/posts\/111507\/revisions"}],"predecessor-version":[{"id":111515,"href":"https:\/\/www.sonoraenequipo.com.mx\/api\/wp\/v2\/posts\/111507\/revisions\/111515"}],"wp:featuredmedia":[{"embeddable":true,"href":"https:\/\/www.sonoraenequipo.com.mx\/api\/wp\/v2\/media\/111513"}],"wp:attachment":[{"href":"https:\/\/www.sonoraenequipo.com.mx\/api\/wp\/v2\/media?parent=111507"}],"wp:term":[{"taxonomy":"category","embeddable":true,"href":"https:\/\/www.sonoraenequipo.com.mx\/api\/wp\/v2\/categories?post=111507"},{"taxonomy":"post_tag","embeddable":true,"href":"https:\/\/www.sonoraenequipo.com.mx\/api\/wp\/v2\/tags?post=111507"}],"curies":[{"name":"wp","href":"https:\/\/api.w.org\/{rel}","templated":true}]}}