{"id":111511,"date":"2021-04-13T21:37:51","date_gmt":"2021-04-14T04:37:51","guid":{"rendered":"https:\/\/www.sonoraenequipo.com.mx\/?p=111511"},"modified":"2021-04-13T21:34:40","modified_gmt":"2021-04-14T04:34:40","slug":"la-tercera-ola-de-covid-19-es-una-realidad-enrique-clausen","status":"publish","type":"post","link":"https:\/\/www.sonoraenequipo.com.mx\/la-tercera-ola-de-covid-19-es-una-realidad-enrique-clausen\/","title":{"rendered":"La tercera ola de Covid-19 es una realidad: Enrique Clausen"},"content":{"rendered":"<p>\u25baConfirma Secretar\u00eda de Salud 9 defunciones y 66 nuevos casos por Covid-19 en Sonora<\/p>\n<p>&nbsp;<\/p>\n<p>HERMOSILLO, SONORA,MX.\u2500\u2500 La tercera ola de COVID-19 ha dejado de ser una teor\u00eda para convertirse en una realidad, que actualmente est\u00e1 afectando a pa\u00edses de Europa y en nuestro continente, por lo que no se debe de bajar la guardia en las medidas preventivas, destac\u00f3 Enrique Clausen Iberri, tras informarse que este d\u00eda se confirmaron 9 fallecimientos m\u00e1s y 66 contagios nuevos en la entidad.<\/p>\n<p>&nbsp;<\/p>\n<p>El secretario de Salud en Sonora mencion\u00f3 que a nivel mundial se existe una tendencia en el incremento de casos por COVID-19, y para prevenir eso en Sonora la poblaci\u00f3n debe seguir usando cubrebocas, mantener un distanciamiento social y lavado constante de manos.<\/p>\n<p>&nbsp;<\/p>\n<p>\u201cCuidado, la tercera ola por COVID-19 ha dejado de ser una teor\u00eda y ya es toda una realidad, en Estados Unidos y en muchos pa\u00edses de Europa ya hay una nueva tendencia hacia el aumento de nuevos contagios\u201d, indic\u00f3.<\/p>\n<p>&nbsp;<\/p>\n<p>Clausen Iberri llam\u00f3 a la poblaci\u00f3n a seguir preparados para seguir dando la batalla al Covid, ya que el escenario que se ha dado en otros pa\u00edses pudiera ocurrir tambi\u00e9n en Sonora.<\/p>\n<p>&nbsp;<\/p>\n<p>\u201cY acu\u00e9rdate, lo que ocurre con otros pa\u00edses es una gran probabilidad que tambi\u00e9n ocurra aqu\u00ed, por eso no debemos de bajar la guardia, continuar con todas las medidas preventivas, protegernos todos para cuidar la salud\u201d, indic\u00f3.<\/p>\n<p>&nbsp;<\/p>\n<p>Hoy se confirmaron 9 decesos por COVID-19, en 5 mujeres y 4 hombres, residentes de: Guaymas y Hermosillo 3 cada uno; Navojoa 2; San Luis R\u00edo Colorado 1; con ello se acumulan 6 mil 118 defunciones.<\/p>\n<p>&nbsp;<\/p>\n<p>Este d\u00eda se sumaron 66 nuevos casos, en 38 hombres y 28 mujeres, acumul\u00e1ndose 71 mil 086 casos en total desde el inicio de la pandemia en el estado. Los pacientes nuevos son residentes de: Hermosillo 26; Cajeme 13; Navojoa 7; Huatabampo y Guaymas 4 cada uno; Nogales y Caborca 3 cada uno; Agua Prieta, Cananea, Pitiquito, Puerto Pe\u00f1asco, Empalme y Altar 1 cada uno.<\/p>\n<p>&nbsp;<\/p>\n<p>Se confirm\u00f3 1 caso en una mujer embarazada, acumul\u00e1ndose 483 casos en total, y no se confirmaron casos pedi\u00e1tricos.<\/p>\n<p>&nbsp;<\/p>\n<p>Se han realizado 125 mil 111 pruebas, de las cuales 71 mil 086 han sido casos confirmados y 54 mil 025 casos descartados; 7 mil 683 personas han presentado un cuadro leve a la enfermedad, 566 activos y 7 mil 117 con seguimiento terminado.<\/p>\n<p>&nbsp;<\/p>\n<p>En los hospitales de Sonora hay 135 personas internadas, 34 estables, 75 graves, y 26 en estado cr\u00edtico.<\/p>\n<p>&nbsp;<\/p>\n<p>&nbsp;<\/p>\n<p>Casos COVID-19 en Sonora 71,086 casos confirmados y 6,118 defunciones<\/p>\n<p>&nbsp;<\/p>\n<p>Defunciones registradas el 13 de abril de 2021: 9<\/p>\n<p>Fecha de publicaci\u00f3n \u00a0\u00a0martes \/\u00a0 13\u00a0 \/ abril \/ 2021<\/p>\n<p>&nbsp;<\/p>\n<p>&nbsp;<\/p>\n","protected":false},"excerpt":{"rendered":"<p>\u25baConfirma Secretar\u00eda de Salud 9 defunciones y 66 nuevos casos por Covid-19 en Sonora &nbsp;&#8230;<\/p>\n","protected":false},"author":1,"featured_media":101841,"comment_status":"open","ping_status":"open","sticky":false,"template":"","format":"standard","meta":{"_monsterinsights_skip_tracking":false,"_monsterinsights_sitenote_active":false,"_monsterinsights_sitenote_note":"","_monsterinsights_sitenote_category":0,"footnotes":""},"categories":[22],"tags":[4249,15],"class_list":["post"],"yoast_head":" \n<title>Sonora en Equipo. La tercera ola de Covid-19 es una realidad: Enrique Clausen Sonora<\/title>\n<meta name=\"description\" content=\"\u25baConfirma Secretar\u00eda de Salud 9 defunciones y 66 nuevos casos por Covid-19 en Sonora &nbsp; HERMOSILLO, SONORA,MX.\u2500\u2500 La tercera ola de COVID-19 ha dejado En Sonora en Equipo publicamos toda la informaci\u00f3n de Sonora, M\u00e9xico y el Mundo de manera oportuna y busca que la libertad de expresi\u00f3n sea real. Visita nuestro medio informativo publicado desde Hermosillo, Sonora. %\" \/>\n<meta name=\"robots\" content=\"index, follow, max-snippet:-1, max-image-preview:large, max-video-preview:-1\" \/>\n<link rel=\"canonical\" href=\"https:\/\/www.sonoraenequipo.com.mx\/la-tercera-ola-de-covid-19-es-una-realidad-enrique-clausen\/\" \/>\n<meta property=\"og:locale\" content=\"es_ES\" \/>\n<meta property=\"og:type\" content=\"article\" \/>\n<meta property=\"og:title\" content=\"Sonora en Equipo. La tercera ola de Covid-19 es una realidad: Enrique Clausen Sonora\" \/>\n<meta property=\"og:description\" content=\"\u25baConfirma Secretar\u00eda de Salud 9 defunciones y 66 nuevos casos por Covid-19 en Sonora &nbsp; HERMOSILLO, SONORA,MX.\u2500\u2500 La tercera ola de COVID-19 ha dejado En Sonora en Equipo publicamos toda la informaci\u00f3n de Sonora, M\u00e9xico y el Mundo de manera oportuna y busca que la libertad de expresi\u00f3n sea real. Visita nuestro medio informativo publicado desde Hermosillo, Sonora. %\" \/>\n<meta property=\"og:url\" content=\"https:\/\/www.sonoraenequipo.com.mx\/la-tercera-ola-de-covid-19-es-una-realidad-enrique-clausen\/\" \/>\n<meta property=\"og:site_name\" content=\"Sonora en Equipo.\" \/>\n<meta property=\"article:publisher\" content=\"https:\/\/www.facebook.com\/SonoraEE\/\" \/>\n<meta property=\"article:author\" content=\"https:\/\/www.facebook.com\/SonoraEE\" \/>\n<meta property=\"article:published_time\" content=\"2021-04-14T04:37:51+00:00\" \/>\n<meta property=\"og:image\" content=\"https:\/\/www.sonoraenequipo.com.mx\/storage\/2020\/12\/e-clausen4.jpg\" \/>\n\t<meta property=\"og:image:width\" content=\"600\" \/>\n\t<meta property=\"og:image:height\" content=\"397\" \/>\n\t<meta property=\"og:image:type\" content=\"image\/jpeg\" \/>\n<meta name=\"author\" content=\"enequipo\" \/>\n<meta name=\"twitter:card\" content=\"summary_large_image\" \/>\n<meta name=\"twitter:creator\" content=\"@sonoraenequipo\" \/>\n<meta name=\"twitter:site\" content=\"@sonoraenequipo\" \/>\n<meta name=\"twitter:label1\" content=\"Escrito por\" \/>\n\t<meta name=\"twitter:data1\" content=\"enequipo\" \/>\n\t<meta name=\"twitter:label2\" content=\"Tiempo de lectura\" \/>\n\t<meta name=\"twitter:data2\" content=\"2 minutos\" \/>\n<script type=\"application\/ld+json\" class=\"yoast-schema-graph\">{\"@context\":\"https:\/\/schema.org\",\"@graph\":[{\"@type\":\"Article\",\"@id\":\"https:\/\/www.sonoraenequipo.com.mx\/la-tercera-ola-de-covid-19-es-una-realidad-enrique-clausen\/#article\",\"isPartOf\":{\"@id\":\"https:\/\/www.sonoraenequipo.com.mx\/la-tercera-ola-de-covid-19-es-una-realidad-enrique-clausen\/\"},\"author\":{\"name\":\"enequipo\",\"@id\":\"https:\/\/www.sonoraenequipo.com.mx\/#\/schema\/person\/50102df0fb23a8fa9e8effad8fa81386\"},\"headline\":\"La tercera ola de Covid-19 es una realidad: Enrique Clausen\",\"datePublished\":\"2021-04-14T04:37:51+00:00\",\"mainEntityOfPage\":{\"@id\":\"https:\/\/www.sonoraenequipo.com.mx\/la-tercera-ola-de-covid-19-es-una-realidad-enrique-clausen\/\"},\"wordCount\":439,\"commentCount\":0,\"publisher\":{\"@id\":\"https:\/\/www.sonoraenequipo.com.mx\/#organization\"},\"image\":{\"@id\":\"https:\/\/www.sonoraenequipo.com.mx\/la-tercera-ola-de-covid-19-es-una-realidad-enrique-clausen\/#primaryimage\"},\"thumbnailUrl\":\"https:\/\/www.sonoraenequipo.com.mx\/storage\/2020\/12\/e-clausen4.jpg\",\"keywords\":[\"covid\",\"Sonora\"],\"articleSection\":[\"Sonora\"],\"inLanguage\":\"es\",\"potentialAction\":[{\"@type\":\"CommentAction\",\"name\":\"Comment\",\"target\":[\"https:\/\/www.sonoraenequipo.com.mx\/la-tercera-ola-de-covid-19-es-una-realidad-enrique-clausen\/#respond\"]}]},{\"@type\":\"WebPage\",\"@id\":\"https:\/\/www.sonoraenequipo.com.mx\/la-tercera-ola-de-covid-19-es-una-realidad-enrique-clausen\/\",\"url\":\"https:\/\/www.sonoraenequipo.com.mx\/la-tercera-ola-de-covid-19-es-una-realidad-enrique-clausen\/\",\"name\":\"Sonora en Equipo. La tercera ola de Covid-19 es una realidad: Enrique Clausen Sonora\",\"isPartOf\":{\"@id\":\"https:\/\/www.sonoraenequipo.com.mx\/#website\"},\"primaryImageOfPage\":{\"@id\":\"https:\/\/www.sonoraenequipo.com.mx\/la-tercera-ola-de-covid-19-es-una-realidad-enrique-clausen\/#primaryimage\"},\"image\":{\"@id\":\"https:\/\/www.sonoraenequipo.com.mx\/la-tercera-ola-de-covid-19-es-una-realidad-enrique-clausen\/#primaryimage\"},\"thumbnailUrl\":\"https:\/\/www.sonoraenequipo.com.mx\/storage\/2020\/12\/e-clausen4.jpg\",\"datePublished\":\"2021-04-14T04:37:51+00:00\",\"description\":\"\u25baConfirma Secretar\u00eda de Salud 9 defunciones y 66 nuevos casos por Covid-19 en Sonora &nbsp; HERMOSILLO, SONORA,MX.\u2500\u2500 La tercera ola de COVID-19 ha dejado En Sonora en Equipo publicamos toda la informaci\u00f3n de Sonora, M\u00e9xico y el Mundo de manera oportuna y busca que la libertad de expresi\u00f3n sea real. Visita nuestro medio informativo publicado desde Hermosillo, Sonora. %\",\"breadcrumb\":{\"@id\":\"https:\/\/www.sonoraenequipo.com.mx\/la-tercera-ola-de-covid-19-es-una-realidad-enrique-clausen\/#breadcrumb\"},\"inLanguage\":\"es\",\"potentialAction\":[{\"@type\":\"ReadAction\",\"target\":[\"https:\/\/www.sonoraenequipo.com.mx\/la-tercera-ola-de-covid-19-es-una-realidad-enrique-clausen\/\"]}]},{\"@type\":\"ImageObject\",\"inLanguage\":\"es\",\"@id\":\"https:\/\/www.sonoraenequipo.com.mx\/la-tercera-ola-de-covid-19-es-una-realidad-enrique-clausen\/#primaryimage\",\"url\":\"https:\/\/www.sonoraenequipo.com.mx\/storage\/2020\/12\/e-clausen4.jpg\",\"contentUrl\":\"https:\/\/www.sonoraenequipo.com.mx\/storage\/2020\/12\/e-clausen4.jpg\",\"width\":600,\"height\":397},{\"@type\":\"BreadcrumbList\",\"@id\":\"https:\/\/www.sonoraenequipo.com.mx\/la-tercera-ola-de-covid-19-es-una-realidad-enrique-clausen\/#breadcrumb\",\"itemListElement\":[{\"@type\":\"ListItem\",\"position\":1,\"name\":\"Portada\",\"item\":\"https:\/\/www.sonoraenequipo.com.mx\/\"},{\"@type\":\"ListItem\",\"position\":2,\"name\":\"La tercera ola de Covid-19 es una realidad: Enrique Clausen\"}]},{\"@type\":\"WebSite\",\"@id\":\"https:\/\/www.sonoraenequipo.com.mx\/#website\",\"url\":\"https:\/\/www.sonoraenequipo.com.mx\/\",\"name\":\"Sonora en Equipo.\",\"description\":\"Diario en l\u00ednea con Noticias desde Hermosillo, Sonora\",\"publisher\":{\"@id\":\"https:\/\/www.sonoraenequipo.com.mx\/#organization\"},\"potentialAction\":[{\"@type\":\"SearchAction\",\"target\":{\"@type\":\"EntryPoint\",\"urlTemplate\":\"https:\/\/www.sonoraenequipo.com.mx\/?s={search_term_string}\"},\"query-input\":{\"@type\":\"PropertyValueSpecification\",\"valueRequired\":true,\"valueName\":\"search_term_string\"}}],\"inLanguage\":\"es\"},{\"@type\":\"Organization\",\"@id\":\"https:\/\/www.sonoraenequipo.com.mx\/#organization\",\"name\":\"Sonoraenequipo.com.mx\",\"url\":\"https:\/\/www.sonoraenequipo.com.mx\/\",\"logo\":{\"@type\":\"ImageObject\",\"inLanguage\":\"es\",\"@id\":\"https:\/\/www.sonoraenequipo.com.mx\/#\/schema\/logo\/image\/\",\"url\":\"https:\/\/www.sonoraenequipo.com.mx\/storage\/2019\/01\/sonoraenequipo_opt.png\",\"contentUrl\":\"https:\/\/www.sonoraenequipo.com.mx\/storage\/2019\/01\/sonoraenequipo_opt.png\",\"width\":375,\"height\":125,\"caption\":\"Sonoraenequipo.com.mx\"},\"image\":{\"@id\":\"https:\/\/www.sonoraenequipo.com.mx\/#\/schema\/logo\/image\/\"},\"sameAs\":[\"https:\/\/www.facebook.com\/SonoraEE\/\",\"https:\/\/x.com\/sonoraenequipo\",\"https:\/\/www.youtube.com\/channel\/UC338nW-lPEYmJQs4ZABQ1SQ\"]},{\"@type\":\"Person\",\"@id\":\"https:\/\/www.sonoraenequipo.com.mx\/#\/schema\/person\/50102df0fb23a8fa9e8effad8fa81386\",\"name\":\"enequipo\",\"image\":{\"@type\":\"ImageObject\",\"inLanguage\":\"es\",\"@id\":\"https:\/\/www.sonoraenequipo.com.mx\/#\/schema\/person\/image\/\",\"url\":\"https:\/\/secure.gravatar.com\/avatar\/049821681b589dabc0bc20695993ccebb09f5b5d4d790cd9251b97faac7c652b?s=96&d=blank&r=g\",\"contentUrl\":\"https:\/\/secure.gravatar.com\/avatar\/049821681b589dabc0bc20695993ccebb09f5b5d4d790cd9251b97faac7c652b?s=96&d=blank&r=g\",\"caption\":\"enequipo\"},\"sameAs\":[\"https:\/\/www.facebook.com\/SonoraEE\"]}]}<\/script>\n ","yoast_head_json":{"title":"Sonora en Equipo. La tercera ola de Covid-19 es una realidad: Enrique Clausen Sonora","description":"\u25baConfirma Secretar\u00eda de Salud 9 defunciones y 66 nuevos casos por Covid-19 en Sonora &nbsp; HERMOSILLO, SONORA,MX.\u2500\u2500 La tercera ola de COVID-19 ha dejado En Sonora en Equipo publicamos toda la informaci\u00f3n de Sonora, M\u00e9xico y el Mundo de manera oportuna y busca que la libertad de expresi\u00f3n sea real. Visita nuestro medio informativo publicado desde Hermosillo, Sonora. %","robots":{"index":"index","follow":"follow","max-snippet":"max-snippet:-1","max-image-preview":"max-image-preview:large","max-video-preview":"max-video-preview:-1"},"canonical":"https:\/\/www.sonoraenequipo.com.mx\/la-tercera-ola-de-covid-19-es-una-realidad-enrique-clausen\/","og_locale":"es_ES","og_type":"article","og_title":"Sonora en Equipo. La tercera ola de Covid-19 es una realidad: Enrique Clausen Sonora","og_description":"\u25baConfirma Secretar\u00eda de Salud 9 defunciones y 66 nuevos casos por Covid-19 en Sonora &nbsp; HERMOSILLO, SONORA,MX.\u2500\u2500 La tercera ola de COVID-19 ha dejado En Sonora en Equipo publicamos toda la informaci\u00f3n de Sonora, M\u00e9xico y el Mundo de manera oportuna y busca que la libertad de expresi\u00f3n sea real. Visita nuestro medio informativo publicado desde Hermosillo, Sonora. %","og_url":"https:\/\/www.sonoraenequipo.com.mx\/la-tercera-ola-de-covid-19-es-una-realidad-enrique-clausen\/","og_site_name":"Sonora en Equipo.","article_publisher":"https:\/\/www.facebook.com\/SonoraEE\/","article_author":"https:\/\/www.facebook.com\/SonoraEE","article_published_time":"2021-04-14T04:37:51+00:00","og_image":[{"width":600,"height":397,"url":"https:\/\/www.sonoraenequipo.com.mx\/storage\/2020\/12\/e-clausen4.jpg","type":"image\/jpeg"}],"author":"enequipo","twitter_card":"summary_large_image","twitter_creator":"@sonoraenequipo","twitter_site":"@sonoraenequipo","twitter_misc":{"Escrito por":"enequipo","Tiempo de lectura":"2 minutos"},"schema":{"@context":"https:\/\/schema.org","@graph":[{"@type":"Article","@id":"https:\/\/www.sonoraenequipo.com.mx\/la-tercera-ola-de-covid-19-es-una-realidad-enrique-clausen\/#article","isPartOf":{"@id":"https:\/\/www.sonoraenequipo.com.mx\/la-tercera-ola-de-covid-19-es-una-realidad-enrique-clausen\/"},"author":{"name":"enequipo","@id":"https:\/\/www.sonoraenequipo.com.mx\/#\/schema\/person\/50102df0fb23a8fa9e8effad8fa81386"},"headline":"La tercera ola de Covid-19 es una realidad: Enrique Clausen","datePublished":"2021-04-14T04:37:51+00:00","mainEntityOfPage":{"@id":"https:\/\/www.sonoraenequipo.com.mx\/la-tercera-ola-de-covid-19-es-una-realidad-enrique-clausen\/"},"wordCount":439,"commentCount":0,"publisher":{"@id":"https:\/\/www.sonoraenequipo.com.mx\/#organization"},"image":{"@id":"https:\/\/www.sonoraenequipo.com.mx\/la-tercera-ola-de-covid-19-es-una-realidad-enrique-clausen\/#primaryimage"},"thumbnailUrl":"https:\/\/www.sonoraenequipo.com.mx\/storage\/2020\/12\/e-clausen4.jpg","keywords":["covid","Sonora"],"articleSection":["Sonora"],"inLanguage":"es","potentialAction":[{"@type":"CommentAction","name":"Comment","target":["https:\/\/www.sonoraenequipo.com.mx\/la-tercera-ola-de-covid-19-es-una-realidad-enrique-clausen\/#respond"]}]},{"@type":"WebPage","@id":"https:\/\/www.sonoraenequipo.com.mx\/la-tercera-ola-de-covid-19-es-una-realidad-enrique-clausen\/","url":"https:\/\/www.sonoraenequipo.com.mx\/la-tercera-ola-de-covid-19-es-una-realidad-enrique-clausen\/","name":"Sonora en Equipo. La tercera ola de Covid-19 es una realidad: Enrique Clausen Sonora","isPartOf":{"@id":"https:\/\/www.sonoraenequipo.com.mx\/#website"},"primaryImageOfPage":{"@id":"https:\/\/www.sonoraenequipo.com.mx\/la-tercera-ola-de-covid-19-es-una-realidad-enrique-clausen\/#primaryimage"},"image":{"@id":"https:\/\/www.sonoraenequipo.com.mx\/la-tercera-ola-de-covid-19-es-una-realidad-enrique-clausen\/#primaryimage"},"thumbnailUrl":"https:\/\/www.sonoraenequipo.com.mx\/storage\/2020\/12\/e-clausen4.jpg","datePublished":"2021-04-14T04:37:51+00:00","description":"\u25baConfirma Secretar\u00eda de Salud 9 defunciones y 66 nuevos casos por Covid-19 en Sonora &nbsp; HERMOSILLO, SONORA,MX.\u2500\u2500 La tercera ola de COVID-19 ha dejado En Sonora en Equipo publicamos toda la informaci\u00f3n de Sonora, M\u00e9xico y el Mundo de manera oportuna y busca que la libertad de expresi\u00f3n sea real. Visita nuestro medio informativo publicado desde Hermosillo, Sonora. %","breadcrumb":{"@id":"https:\/\/www.sonoraenequipo.com.mx\/la-tercera-ola-de-covid-19-es-una-realidad-enrique-clausen\/#breadcrumb"},"inLanguage":"es","potentialAction":[{"@type":"ReadAction","target":["https:\/\/www.sonoraenequipo.com.mx\/la-tercera-ola-de-covid-19-es-una-realidad-enrique-clausen\/"]}]},{"@type":"ImageObject","inLanguage":"es","@id":"https:\/\/www.sonoraenequipo.com.mx\/la-tercera-ola-de-covid-19-es-una-realidad-enrique-clausen\/#primaryimage","url":"https:\/\/www.sonoraenequipo.com.mx\/storage\/2020\/12\/e-clausen4.jpg","contentUrl":"https:\/\/www.sonoraenequipo.com.mx\/storage\/2020\/12\/e-clausen4.jpg","width":600,"height":397},{"@type":"BreadcrumbList","@id":"https:\/\/www.sonoraenequipo.com.mx\/la-tercera-ola-de-covid-19-es-una-realidad-enrique-clausen\/#breadcrumb","itemListElement":[{"@type":"ListItem","position":1,"name":"Portada","item":"https:\/\/www.sonoraenequipo.com.mx\/"},{"@type":"ListItem","position":2,"name":"La tercera ola de Covid-19 es una realidad: Enrique Clausen"}]},{"@type":"WebSite","@id":"https:\/\/www.sonoraenequipo.com.mx\/#website","url":"https:\/\/www.sonoraenequipo.com.mx\/","name":"Sonora en Equipo.","description":"Diario en l\u00ednea con Noticias desde Hermosillo, Sonora","publisher":{"@id":"https:\/\/www.sonoraenequipo.com.mx\/#organization"},"potentialAction":[{"@type":"SearchAction","target":{"@type":"EntryPoint","urlTemplate":"https:\/\/www.sonoraenequipo.com.mx\/?s={search_term_string}"},"query-input":{"@type":"PropertyValueSpecification","valueRequired":true,"valueName":"search_term_string"}}],"inLanguage":"es"},{"@type":"Organization","@id":"https:\/\/www.sonoraenequipo.com.mx\/#organization","name":"Sonoraenequipo.com.mx","url":"https:\/\/www.sonoraenequipo.com.mx\/","logo":{"@type":"ImageObject","inLanguage":"es","@id":"https:\/\/www.sonoraenequipo.com.mx\/#\/schema\/logo\/image\/","url":"https:\/\/www.sonoraenequipo.com.mx\/storage\/2019\/01\/sonoraenequipo_opt.png","contentUrl":"https:\/\/www.sonoraenequipo.com.mx\/storage\/2019\/01\/sonoraenequipo_opt.png","width":375,"height":125,"caption":"Sonoraenequipo.com.mx"},"image":{"@id":"https:\/\/www.sonoraenequipo.com.mx\/#\/schema\/logo\/image\/"},"sameAs":["https:\/\/www.facebook.com\/SonoraEE\/","https:\/\/x.com\/sonoraenequipo","https:\/\/www.youtube.com\/channel\/UC338nW-lPEYmJQs4ZABQ1SQ"]},{"@type":"Person","@id":"https:\/\/www.sonoraenequipo.com.mx\/#\/schema\/person\/50102df0fb23a8fa9e8effad8fa81386","name":"enequipo","image":{"@type":"ImageObject","inLanguage":"es","@id":"https:\/\/www.sonoraenequipo.com.mx\/#\/schema\/person\/image\/","url":"https:\/\/secure.gravatar.com\/avatar\/049821681b589dabc0bc20695993ccebb09f5b5d4d790cd9251b97faac7c652b?s=96&d=blank&r=g","contentUrl":"https:\/\/secure.gravatar.com\/avatar\/049821681b589dabc0bc20695993ccebb09f5b5d4d790cd9251b97faac7c652b?s=96&d=blank&r=g","caption":"enequipo"},"sameAs":["https:\/\/www.facebook.com\/SonoraEE"]}]}},"jetpack_featured_media_url":"https:\/\/www.sonoraenequipo.com.mx\/storage\/2020\/12\/e-clausen4.jpg","_links":{"self":[{"href":"https:\/\/www.sonoraenequipo.com.mx\/api\/wp\/v2\/posts\/111511","targetHints":{"allow":["GET"]}}],"collection":[{"href":"https:\/\/www.sonoraenequipo.com.mx\/api\/wp\/v2\/posts"}],"about":[{"href":"https:\/\/www.sonoraenequipo.com.mx\/api\/wp\/v2\/types\/post"}],"author":[{"embeddable":true,"href":"https:\/\/www.sonoraenequipo.com.mx\/api\/wp\/v2\/users\/1"}],"replies":[{"embeddable":true,"href":"https:\/\/www.sonoraenequipo.com.mx\/api\/wp\/v2\/comments?post=111511"}],"version-history":[{"count":1,"href":"https:\/\/www.sonoraenequipo.com.mx\/api\/wp\/v2\/posts\/111511\/revisions"}],"predecessor-version":[{"id":111512,"href":"https:\/\/www.sonoraenequipo.com.mx\/api\/wp\/v2\/posts\/111511\/revisions\/111512"}],"wp:featuredmedia":[{"embeddable":true,"href":"https:\/\/www.sonoraenequipo.com.mx\/api\/wp\/v2\/media\/101841"}],"wp:attachment":[{"href":"https:\/\/www.sonoraenequipo.com.mx\/api\/wp\/v2\/media?parent=111511"}],"wp:term":[{"taxonomy":"category","embeddable":true,"href":"https:\/\/www.sonoraenequipo.com.mx\/api\/wp\/v2\/categories?post=111511"},{"taxonomy":"post_tag","embeddable":true,"href":"https:\/\/www.sonoraenequipo.com.mx\/api\/wp\/v2\/tags?post=111511"}],"curies":[{"name":"wp","href":"https:\/\/api.w.org\/{rel}","templated":true}]}}