{"id":111519,"date":"2021-04-13T20:59:39","date_gmt":"2021-04-14T03:59:39","guid":{"rendered":"https:\/\/www.sonoraenequipo.com.mx\/?p=111519"},"modified":"2021-04-13T21:32:03","modified_gmt":"2021-04-14T04:32:03","slug":"sonora-sigue-avanzando-en-la-reactivacion-economica-y-creciendo-en-medio-de-la-pandemia-por-covid-19-luis-nunez-noriega","status":"publish","type":"post","link":"https:\/\/www.sonoraenequipo.com.mx\/sonora-sigue-avanzando-en-la-reactivacion-economica-y-creciendo-en-medio-de-la-pandemia-por-covid-19-luis-nunez-noriega\/","title":{"rendered":"Sonora sigue avanzando en la reactivaci\u00f3n econ\u00f3mica: Luis N\u00fa\u00f1ez Noriega"},"content":{"rendered":"<p>HERMOSILLO, SONORA,MX.\u2500\u2500 Sonora sigue trabajando en la reactivaci\u00f3n econ\u00f3mica y ocupado en continuar creciendo para enfrentar la pandemia por COVID-19, siempre de la mano y en coordinaci\u00f3n gobierno y ciudadan\u00eda en general, indic\u00f3 Luis N\u00fa\u00f1ez Noriega, al destacar que la recuperaci\u00f3n del sector de servicios o terciarios es trascendental en esta etapa, toda vez que representa el 50% del Producto Interno Bruto Estatal.<\/p>\n<p>&nbsp;<\/p>\n<p>El vocero del Plan de Reactivaci\u00f3n Econ\u00f3mica en Sonora y titular de la Comisi\u00f3n de Fomento al Turismo (Cofetur) se\u00f1al\u00f3 que en la entidad se contin\u00faa trabajando por buen camino en el proceso de la reactivaci\u00f3n econ\u00f3mica, al seguir en los primeros lugares en recuperaci\u00f3n y generaci\u00f3n de empleos, atracci\u00f3n de inversiones y reactivaci\u00f3n de la econom\u00eda, pero esto se mantendr\u00e1 con el apoyo de la ciudadan\u00eda y con el respeto a los protocolos y medidas sanitarias.<\/p>\n<p>&nbsp;<\/p>\n<p>N\u00fa\u00f1ez Noriega destac\u00f3 que las micro, peque\u00f1as y medianas empresas (MiPyMes) sonorenses generan el 75 por ciento de los empleos y aportan m\u00e1s 50 por ciento del PIB estatal. Se tienen 101 mil 692 microempresas, que es 89% de las Mipymes; las peque\u00f1as empresas representan 8.1%, equivalente a 9,425 negocios y las medianas empresas son el 1.5%, equivalente a 1,847 empresas.<\/p>\n<p>&nbsp;<\/p>\n<p>De ah\u00ed, dijo, que la recuperaci\u00f3n del sector de servicios o terciarios se vuelva sumamente trascendental en esta etapa, puesto que representan la mitad del Producto Interno Bruto Estatal, as\u00ed como 61% de la poblaci\u00f3n econ\u00f3micamente activa de Sonora.<\/p>\n<p>&nbsp;<\/p>\n<p>El proceso de recuperaci\u00f3n econ\u00f3mica se vio tambi\u00e9n durante la Semana Santa y Semana de Pascua, dijo N\u00fa\u00f1ez Noriega, con la capacitaci\u00f3n de comerciantes sonorenses, que se prepararon para recibir a turistas en los distintos destinos tur\u00edsticos de la entidad.<\/p>\n<p>&nbsp;<\/p>\n<p>\u201cPor la pandemia que vivimos, este a\u00f1o no hubo tanta afluencia de personas como en los a\u00f1os previos a la pandemia; pero haber recibido visitantes en los municipios sonorenses se convirti\u00f3 en un respiro para comerciantes, restauranteros, hoteleros y prestadores de servicios tur\u00edsticos en general, que durante todo el a\u00f1o pasado sufrieron grandes p\u00e9rdidas. Lo m\u00e1s importante es que el sector tur\u00edstico se prepar\u00f3 y capacit\u00f3 para recibir a los turistas y otorgarles experiencias inolvidables que s\u00f3lo se viven en Sonora; en esta ocasi\u00f3n, con el valor agregado del cuidado y protecci\u00f3n de su salud\u201d, asegur\u00f3.<\/p>\n<p>&nbsp;<\/p>\n<p>Apunt\u00f3 que Sonora trabaja, tiene buenos cimientos y est\u00e1 preparado para seguir reactivando la econom\u00eda de manera exitosa, tal y como se ha venido haciendo desde el a\u00f1o pasado.<\/p>\n<p>&nbsp;<\/p>\n<p>&nbsp;<\/p>\n<p>Fecha de publicaci\u00f3n \u00a0\u00a0lunes \/\u00a0 12\u00a0 \/ abril \/ 2021<\/p>\n","protected":false},"excerpt":{"rendered":"<p>HERMOSILLO, SONORA,MX.\u2500\u2500 Sonora sigue trabajando en la reactivaci\u00f3n econ\u00f3mica y ocupado en continuar creciendo para&#8230;<\/p>\n","protected":false},"author":1,"featured_media":107709,"comment_status":"open","ping_status":"open","sticky":false,"template":"","format":"standard","meta":{"_monsterinsights_skip_tracking":false,"_monsterinsights_sitenote_active":false,"_monsterinsights_sitenote_note":"","_monsterinsights_sitenote_category":0,"footnotes":""},"categories":[22],"tags":[3235],"class_list":["post"],"yoast_head":" \n<title>Sonora en Equipo. Sonora sigue avanzando en la reactivaci\u00f3n econ\u00f3mica: Luis N\u00fa\u00f1ez Noriega Sonora<\/title>\n<meta name=\"description\" content=\"HERMOSILLO, SONORA,MX.\u2500\u2500 Sonora sigue trabajando en la reactivaci\u00f3n econ\u00f3mica y ocupado en continuar creciendo para enfrentar la pandemia por COVID-19, En Sonora en Equipo publicamos toda la informaci\u00f3n de Sonora, M\u00e9xico y el Mundo de manera oportuna y busca que la libertad de expresi\u00f3n sea real. Visita nuestro medio informativo publicado desde Hermosillo, Sonora. %\" \/>\n<meta name=\"robots\" content=\"index, follow, max-snippet:-1, max-image-preview:large, max-video-preview:-1\" \/>\n<link rel=\"canonical\" href=\"https:\/\/www.sonoraenequipo.com.mx\/sonora-sigue-avanzando-en-la-reactivacion-economica-y-creciendo-en-medio-de-la-pandemia-por-covid-19-luis-nunez-noriega\/\" \/>\n<meta property=\"og:locale\" content=\"es_ES\" \/>\n<meta property=\"og:type\" content=\"article\" \/>\n<meta property=\"og:title\" content=\"Sonora en Equipo. Sonora sigue avanzando en la reactivaci\u00f3n econ\u00f3mica: Luis N\u00fa\u00f1ez Noriega Sonora\" \/>\n<meta property=\"og:description\" content=\"HERMOSILLO, SONORA,MX.\u2500\u2500 Sonora sigue trabajando en la reactivaci\u00f3n econ\u00f3mica y ocupado en continuar creciendo para enfrentar la pandemia por COVID-19, En Sonora en Equipo publicamos toda la informaci\u00f3n de Sonora, M\u00e9xico y el Mundo de manera oportuna y busca que la libertad de expresi\u00f3n sea real. Visita nuestro medio informativo publicado desde Hermosillo, Sonora. %\" \/>\n<meta property=\"og:url\" content=\"https:\/\/www.sonoraenequipo.com.mx\/sonora-sigue-avanzando-en-la-reactivacion-economica-y-creciendo-en-medio-de-la-pandemia-por-covid-19-luis-nunez-noriega\/\" \/>\n<meta property=\"og:site_name\" content=\"Sonora en Equipo.\" \/>\n<meta property=\"article:publisher\" content=\"https:\/\/www.facebook.com\/SonoraEE\/\" \/>\n<meta property=\"article:author\" content=\"https:\/\/www.facebook.com\/SonoraEE\" \/>\n<meta property=\"article:published_time\" content=\"2021-04-14T03:59:39+00:00\" \/>\n<meta property=\"article:modified_time\" content=\"2021-04-14T04:32:03+00:00\" \/>\n<meta property=\"og:image\" content=\"https:\/\/www.sonoraenequipo.com.mx\/storage\/2021\/02\/luis-nunez_opt7.jpg\" \/>\n\t<meta property=\"og:image:width\" content=\"640\" \/>\n\t<meta property=\"og:image:height\" content=\"400\" \/>\n\t<meta property=\"og:image:type\" content=\"image\/jpeg\" \/>\n<meta name=\"author\" content=\"enequipo\" \/>\n<meta name=\"twitter:card\" content=\"summary_large_image\" \/>\n<meta name=\"twitter:creator\" content=\"@sonoraenequipo\" \/>\n<meta name=\"twitter:site\" content=\"@sonoraenequipo\" \/>\n<meta name=\"twitter:label1\" content=\"Escrito por\" \/>\n\t<meta name=\"twitter:data1\" content=\"enequipo\" \/>\n\t<meta name=\"twitter:label2\" content=\"Tiempo de lectura\" \/>\n\t<meta name=\"twitter:data2\" content=\"2 minutos\" \/>\n<script type=\"application\/ld+json\" class=\"yoast-schema-graph\">{\"@context\":\"https:\/\/schema.org\",\"@graph\":[{\"@type\":\"Article\",\"@id\":\"https:\/\/www.sonoraenequipo.com.mx\/sonora-sigue-avanzando-en-la-reactivacion-economica-y-creciendo-en-medio-de-la-pandemia-por-covid-19-luis-nunez-noriega\/#article\",\"isPartOf\":{\"@id\":\"https:\/\/www.sonoraenequipo.com.mx\/sonora-sigue-avanzando-en-la-reactivacion-economica-y-creciendo-en-medio-de-la-pandemia-por-covid-19-luis-nunez-noriega\/\"},\"author\":{\"name\":\"enequipo\",\"@id\":\"https:\/\/www.sonoraenequipo.com.mx\/#\/schema\/person\/50102df0fb23a8fa9e8effad8fa81386\"},\"headline\":\"Sonora sigue avanzando en la reactivaci\u00f3n econ\u00f3mica: Luis N\u00fa\u00f1ez Noriega\",\"datePublished\":\"2021-04-14T03:59:39+00:00\",\"dateModified\":\"2021-04-14T04:32:03+00:00\",\"mainEntityOfPage\":{\"@id\":\"https:\/\/www.sonoraenequipo.com.mx\/sonora-sigue-avanzando-en-la-reactivacion-economica-y-creciendo-en-medio-de-la-pandemia-por-covid-19-luis-nunez-noriega\/\"},\"wordCount\":466,\"commentCount\":0,\"publisher\":{\"@id\":\"https:\/\/www.sonoraenequipo.com.mx\/#organization\"},\"image\":{\"@id\":\"https:\/\/www.sonoraenequipo.com.mx\/sonora-sigue-avanzando-en-la-reactivacion-economica-y-creciendo-en-medio-de-la-pandemia-por-covid-19-luis-nunez-noriega\/#primaryimage\"},\"thumbnailUrl\":\"https:\/\/www.sonoraenequipo.com.mx\/storage\/2021\/02\/luis-nunez_opt7.jpg\",\"keywords\":[\"economia sonora\"],\"articleSection\":[\"Sonora\"],\"inLanguage\":\"es\",\"potentialAction\":[{\"@type\":\"CommentAction\",\"name\":\"Comment\",\"target\":[\"https:\/\/www.sonoraenequipo.com.mx\/sonora-sigue-avanzando-en-la-reactivacion-economica-y-creciendo-en-medio-de-la-pandemia-por-covid-19-luis-nunez-noriega\/#respond\"]}]},{\"@type\":\"WebPage\",\"@id\":\"https:\/\/www.sonoraenequipo.com.mx\/sonora-sigue-avanzando-en-la-reactivacion-economica-y-creciendo-en-medio-de-la-pandemia-por-covid-19-luis-nunez-noriega\/\",\"url\":\"https:\/\/www.sonoraenequipo.com.mx\/sonora-sigue-avanzando-en-la-reactivacion-economica-y-creciendo-en-medio-de-la-pandemia-por-covid-19-luis-nunez-noriega\/\",\"name\":\"Sonora en Equipo. Sonora sigue avanzando en la reactivaci\u00f3n econ\u00f3mica: Luis N\u00fa\u00f1ez Noriega Sonora\",\"isPartOf\":{\"@id\":\"https:\/\/www.sonoraenequipo.com.mx\/#website\"},\"primaryImageOfPage\":{\"@id\":\"https:\/\/www.sonoraenequipo.com.mx\/sonora-sigue-avanzando-en-la-reactivacion-economica-y-creciendo-en-medio-de-la-pandemia-por-covid-19-luis-nunez-noriega\/#primaryimage\"},\"image\":{\"@id\":\"https:\/\/www.sonoraenequipo.com.mx\/sonora-sigue-avanzando-en-la-reactivacion-economica-y-creciendo-en-medio-de-la-pandemia-por-covid-19-luis-nunez-noriega\/#primaryimage\"},\"thumbnailUrl\":\"https:\/\/www.sonoraenequipo.com.mx\/storage\/2021\/02\/luis-nunez_opt7.jpg\",\"datePublished\":\"2021-04-14T03:59:39+00:00\",\"dateModified\":\"2021-04-14T04:32:03+00:00\",\"description\":\"HERMOSILLO, SONORA,MX.\u2500\u2500 Sonora sigue trabajando en la reactivaci\u00f3n econ\u00f3mica y ocupado en continuar creciendo para enfrentar la pandemia por COVID-19, En Sonora en Equipo publicamos toda la informaci\u00f3n de Sonora, M\u00e9xico y el Mundo de manera oportuna y busca que la libertad de expresi\u00f3n sea real. Visita nuestro medio informativo publicado desde Hermosillo, Sonora. %\",\"breadcrumb\":{\"@id\":\"https:\/\/www.sonoraenequipo.com.mx\/sonora-sigue-avanzando-en-la-reactivacion-economica-y-creciendo-en-medio-de-la-pandemia-por-covid-19-luis-nunez-noriega\/#breadcrumb\"},\"inLanguage\":\"es\",\"potentialAction\":[{\"@type\":\"ReadAction\",\"target\":[\"https:\/\/www.sonoraenequipo.com.mx\/sonora-sigue-avanzando-en-la-reactivacion-economica-y-creciendo-en-medio-de-la-pandemia-por-covid-19-luis-nunez-noriega\/\"]}]},{\"@type\":\"ImageObject\",\"inLanguage\":\"es\",\"@id\":\"https:\/\/www.sonoraenequipo.com.mx\/sonora-sigue-avanzando-en-la-reactivacion-economica-y-creciendo-en-medio-de-la-pandemia-por-covid-19-luis-nunez-noriega\/#primaryimage\",\"url\":\"https:\/\/www.sonoraenequipo.com.mx\/storage\/2021\/02\/luis-nunez_opt7.jpg\",\"contentUrl\":\"https:\/\/www.sonoraenequipo.com.mx\/storage\/2021\/02\/luis-nunez_opt7.jpg\",\"width\":640,\"height\":400},{\"@type\":\"BreadcrumbList\",\"@id\":\"https:\/\/www.sonoraenequipo.com.mx\/sonora-sigue-avanzando-en-la-reactivacion-economica-y-creciendo-en-medio-de-la-pandemia-por-covid-19-luis-nunez-noriega\/#breadcrumb\",\"itemListElement\":[{\"@type\":\"ListItem\",\"position\":1,\"name\":\"Portada\",\"item\":\"https:\/\/www.sonoraenequipo.com.mx\/\"},{\"@type\":\"ListItem\",\"position\":2,\"name\":\"Sonora sigue avanzando en la reactivaci\u00f3n econ\u00f3mica: Luis N\u00fa\u00f1ez Noriega\"}]},{\"@type\":\"WebSite\",\"@id\":\"https:\/\/www.sonoraenequipo.com.mx\/#website\",\"url\":\"https:\/\/www.sonoraenequipo.com.mx\/\",\"name\":\"Sonora en Equipo.\",\"description\":\"Diario en l\u00ednea con Noticias desde Hermosillo, Sonora\",\"publisher\":{\"@id\":\"https:\/\/www.sonoraenequipo.com.mx\/#organization\"},\"potentialAction\":[{\"@type\":\"SearchAction\",\"target\":{\"@type\":\"EntryPoint\",\"urlTemplate\":\"https:\/\/www.sonoraenequipo.com.mx\/?s={search_term_string}\"},\"query-input\":{\"@type\":\"PropertyValueSpecification\",\"valueRequired\":true,\"valueName\":\"search_term_string\"}}],\"inLanguage\":\"es\"},{\"@type\":\"Organization\",\"@id\":\"https:\/\/www.sonoraenequipo.com.mx\/#organization\",\"name\":\"Sonoraenequipo.com.mx\",\"url\":\"https:\/\/www.sonoraenequipo.com.mx\/\",\"logo\":{\"@type\":\"ImageObject\",\"inLanguage\":\"es\",\"@id\":\"https:\/\/www.sonoraenequipo.com.mx\/#\/schema\/logo\/image\/\",\"url\":\"https:\/\/www.sonoraenequipo.com.mx\/storage\/2019\/01\/sonoraenequipo_opt.png\",\"contentUrl\":\"https:\/\/www.sonoraenequipo.com.mx\/storage\/2019\/01\/sonoraenequipo_opt.png\",\"width\":375,\"height\":125,\"caption\":\"Sonoraenequipo.com.mx\"},\"image\":{\"@id\":\"https:\/\/www.sonoraenequipo.com.mx\/#\/schema\/logo\/image\/\"},\"sameAs\":[\"https:\/\/www.facebook.com\/SonoraEE\/\",\"https:\/\/x.com\/sonoraenequipo\",\"https:\/\/www.youtube.com\/channel\/UC338nW-lPEYmJQs4ZABQ1SQ\"]},{\"@type\":\"Person\",\"@id\":\"https:\/\/www.sonoraenequipo.com.mx\/#\/schema\/person\/50102df0fb23a8fa9e8effad8fa81386\",\"name\":\"enequipo\",\"image\":{\"@type\":\"ImageObject\",\"inLanguage\":\"es\",\"@id\":\"https:\/\/www.sonoraenequipo.com.mx\/#\/schema\/person\/image\/\",\"url\":\"https:\/\/secure.gravatar.com\/avatar\/049821681b589dabc0bc20695993ccebb09f5b5d4d790cd9251b97faac7c652b?s=96&d=blank&r=g\",\"contentUrl\":\"https:\/\/secure.gravatar.com\/avatar\/049821681b589dabc0bc20695993ccebb09f5b5d4d790cd9251b97faac7c652b?s=96&d=blank&r=g\",\"caption\":\"enequipo\"},\"sameAs\":[\"https:\/\/www.facebook.com\/SonoraEE\"]}]}<\/script>\n ","yoast_head_json":{"title":"Sonora en Equipo. Sonora sigue avanzando en la reactivaci\u00f3n econ\u00f3mica: Luis N\u00fa\u00f1ez Noriega Sonora","description":"HERMOSILLO, SONORA,MX.\u2500\u2500 Sonora sigue trabajando en la reactivaci\u00f3n econ\u00f3mica y ocupado en continuar creciendo para enfrentar la pandemia por COVID-19, En Sonora en Equipo publicamos toda la informaci\u00f3n de Sonora, M\u00e9xico y el Mundo de manera oportuna y busca que la libertad de expresi\u00f3n sea real. Visita nuestro medio informativo publicado desde Hermosillo, Sonora. %","robots":{"index":"index","follow":"follow","max-snippet":"max-snippet:-1","max-image-preview":"max-image-preview:large","max-video-preview":"max-video-preview:-1"},"canonical":"https:\/\/www.sonoraenequipo.com.mx\/sonora-sigue-avanzando-en-la-reactivacion-economica-y-creciendo-en-medio-de-la-pandemia-por-covid-19-luis-nunez-noriega\/","og_locale":"es_ES","og_type":"article","og_title":"Sonora en Equipo. Sonora sigue avanzando en la reactivaci\u00f3n econ\u00f3mica: Luis N\u00fa\u00f1ez Noriega Sonora","og_description":"HERMOSILLO, SONORA,MX.\u2500\u2500 Sonora sigue trabajando en la reactivaci\u00f3n econ\u00f3mica y ocupado en continuar creciendo para enfrentar la pandemia por COVID-19, En Sonora en Equipo publicamos toda la informaci\u00f3n de Sonora, M\u00e9xico y el Mundo de manera oportuna y busca que la libertad de expresi\u00f3n sea real. Visita nuestro medio informativo publicado desde Hermosillo, Sonora. %","og_url":"https:\/\/www.sonoraenequipo.com.mx\/sonora-sigue-avanzando-en-la-reactivacion-economica-y-creciendo-en-medio-de-la-pandemia-por-covid-19-luis-nunez-noriega\/","og_site_name":"Sonora en Equipo.","article_publisher":"https:\/\/www.facebook.com\/SonoraEE\/","article_author":"https:\/\/www.facebook.com\/SonoraEE","article_published_time":"2021-04-14T03:59:39+00:00","article_modified_time":"2021-04-14T04:32:03+00:00","og_image":[{"width":640,"height":400,"url":"https:\/\/www.sonoraenequipo.com.mx\/storage\/2021\/02\/luis-nunez_opt7.jpg","type":"image\/jpeg"}],"author":"enequipo","twitter_card":"summary_large_image","twitter_creator":"@sonoraenequipo","twitter_site":"@sonoraenequipo","twitter_misc":{"Escrito por":"enequipo","Tiempo de lectura":"2 minutos"},"schema":{"@context":"https:\/\/schema.org","@graph":[{"@type":"Article","@id":"https:\/\/www.sonoraenequipo.com.mx\/sonora-sigue-avanzando-en-la-reactivacion-economica-y-creciendo-en-medio-de-la-pandemia-por-covid-19-luis-nunez-noriega\/#article","isPartOf":{"@id":"https:\/\/www.sonoraenequipo.com.mx\/sonora-sigue-avanzando-en-la-reactivacion-economica-y-creciendo-en-medio-de-la-pandemia-por-covid-19-luis-nunez-noriega\/"},"author":{"name":"enequipo","@id":"https:\/\/www.sonoraenequipo.com.mx\/#\/schema\/person\/50102df0fb23a8fa9e8effad8fa81386"},"headline":"Sonora sigue avanzando en la reactivaci\u00f3n econ\u00f3mica: Luis N\u00fa\u00f1ez Noriega","datePublished":"2021-04-14T03:59:39+00:00","dateModified":"2021-04-14T04:32:03+00:00","mainEntityOfPage":{"@id":"https:\/\/www.sonoraenequipo.com.mx\/sonora-sigue-avanzando-en-la-reactivacion-economica-y-creciendo-en-medio-de-la-pandemia-por-covid-19-luis-nunez-noriega\/"},"wordCount":466,"commentCount":0,"publisher":{"@id":"https:\/\/www.sonoraenequipo.com.mx\/#organization"},"image":{"@id":"https:\/\/www.sonoraenequipo.com.mx\/sonora-sigue-avanzando-en-la-reactivacion-economica-y-creciendo-en-medio-de-la-pandemia-por-covid-19-luis-nunez-noriega\/#primaryimage"},"thumbnailUrl":"https:\/\/www.sonoraenequipo.com.mx\/storage\/2021\/02\/luis-nunez_opt7.jpg","keywords":["economia sonora"],"articleSection":["Sonora"],"inLanguage":"es","potentialAction":[{"@type":"CommentAction","name":"Comment","target":["https:\/\/www.sonoraenequipo.com.mx\/sonora-sigue-avanzando-en-la-reactivacion-economica-y-creciendo-en-medio-de-la-pandemia-por-covid-19-luis-nunez-noriega\/#respond"]}]},{"@type":"WebPage","@id":"https:\/\/www.sonoraenequipo.com.mx\/sonora-sigue-avanzando-en-la-reactivacion-economica-y-creciendo-en-medio-de-la-pandemia-por-covid-19-luis-nunez-noriega\/","url":"https:\/\/www.sonoraenequipo.com.mx\/sonora-sigue-avanzando-en-la-reactivacion-economica-y-creciendo-en-medio-de-la-pandemia-por-covid-19-luis-nunez-noriega\/","name":"Sonora en Equipo. Sonora sigue avanzando en la reactivaci\u00f3n econ\u00f3mica: Luis N\u00fa\u00f1ez Noriega Sonora","isPartOf":{"@id":"https:\/\/www.sonoraenequipo.com.mx\/#website"},"primaryImageOfPage":{"@id":"https:\/\/www.sonoraenequipo.com.mx\/sonora-sigue-avanzando-en-la-reactivacion-economica-y-creciendo-en-medio-de-la-pandemia-por-covid-19-luis-nunez-noriega\/#primaryimage"},"image":{"@id":"https:\/\/www.sonoraenequipo.com.mx\/sonora-sigue-avanzando-en-la-reactivacion-economica-y-creciendo-en-medio-de-la-pandemia-por-covid-19-luis-nunez-noriega\/#primaryimage"},"thumbnailUrl":"https:\/\/www.sonoraenequipo.com.mx\/storage\/2021\/02\/luis-nunez_opt7.jpg","datePublished":"2021-04-14T03:59:39+00:00","dateModified":"2021-04-14T04:32:03+00:00","description":"HERMOSILLO, SONORA,MX.\u2500\u2500 Sonora sigue trabajando en la reactivaci\u00f3n econ\u00f3mica y ocupado en continuar creciendo para enfrentar la pandemia por COVID-19, En Sonora en Equipo publicamos toda la informaci\u00f3n de Sonora, M\u00e9xico y el Mundo de manera oportuna y busca que la libertad de expresi\u00f3n sea real. Visita nuestro medio informativo publicado desde Hermosillo, Sonora. %","breadcrumb":{"@id":"https:\/\/www.sonoraenequipo.com.mx\/sonora-sigue-avanzando-en-la-reactivacion-economica-y-creciendo-en-medio-de-la-pandemia-por-covid-19-luis-nunez-noriega\/#breadcrumb"},"inLanguage":"es","potentialAction":[{"@type":"ReadAction","target":["https:\/\/www.sonoraenequipo.com.mx\/sonora-sigue-avanzando-en-la-reactivacion-economica-y-creciendo-en-medio-de-la-pandemia-por-covid-19-luis-nunez-noriega\/"]}]},{"@type":"ImageObject","inLanguage":"es","@id":"https:\/\/www.sonoraenequipo.com.mx\/sonora-sigue-avanzando-en-la-reactivacion-economica-y-creciendo-en-medio-de-la-pandemia-por-covid-19-luis-nunez-noriega\/#primaryimage","url":"https:\/\/www.sonoraenequipo.com.mx\/storage\/2021\/02\/luis-nunez_opt7.jpg","contentUrl":"https:\/\/www.sonoraenequipo.com.mx\/storage\/2021\/02\/luis-nunez_opt7.jpg","width":640,"height":400},{"@type":"BreadcrumbList","@id":"https:\/\/www.sonoraenequipo.com.mx\/sonora-sigue-avanzando-en-la-reactivacion-economica-y-creciendo-en-medio-de-la-pandemia-por-covid-19-luis-nunez-noriega\/#breadcrumb","itemListElement":[{"@type":"ListItem","position":1,"name":"Portada","item":"https:\/\/www.sonoraenequipo.com.mx\/"},{"@type":"ListItem","position":2,"name":"Sonora sigue avanzando en la reactivaci\u00f3n econ\u00f3mica: Luis N\u00fa\u00f1ez Noriega"}]},{"@type":"WebSite","@id":"https:\/\/www.sonoraenequipo.com.mx\/#website","url":"https:\/\/www.sonoraenequipo.com.mx\/","name":"Sonora en Equipo.","description":"Diario en l\u00ednea con Noticias desde Hermosillo, Sonora","publisher":{"@id":"https:\/\/www.sonoraenequipo.com.mx\/#organization"},"potentialAction":[{"@type":"SearchAction","target":{"@type":"EntryPoint","urlTemplate":"https:\/\/www.sonoraenequipo.com.mx\/?s={search_term_string}"},"query-input":{"@type":"PropertyValueSpecification","valueRequired":true,"valueName":"search_term_string"}}],"inLanguage":"es"},{"@type":"Organization","@id":"https:\/\/www.sonoraenequipo.com.mx\/#organization","name":"Sonoraenequipo.com.mx","url":"https:\/\/www.sonoraenequipo.com.mx\/","logo":{"@type":"ImageObject","inLanguage":"es","@id":"https:\/\/www.sonoraenequipo.com.mx\/#\/schema\/logo\/image\/","url":"https:\/\/www.sonoraenequipo.com.mx\/storage\/2019\/01\/sonoraenequipo_opt.png","contentUrl":"https:\/\/www.sonoraenequipo.com.mx\/storage\/2019\/01\/sonoraenequipo_opt.png","width":375,"height":125,"caption":"Sonoraenequipo.com.mx"},"image":{"@id":"https:\/\/www.sonoraenequipo.com.mx\/#\/schema\/logo\/image\/"},"sameAs":["https:\/\/www.facebook.com\/SonoraEE\/","https:\/\/x.com\/sonoraenequipo","https:\/\/www.youtube.com\/channel\/UC338nW-lPEYmJQs4ZABQ1SQ"]},{"@type":"Person","@id":"https:\/\/www.sonoraenequipo.com.mx\/#\/schema\/person\/50102df0fb23a8fa9e8effad8fa81386","name":"enequipo","image":{"@type":"ImageObject","inLanguage":"es","@id":"https:\/\/www.sonoraenequipo.com.mx\/#\/schema\/person\/image\/","url":"https:\/\/secure.gravatar.com\/avatar\/049821681b589dabc0bc20695993ccebb09f5b5d4d790cd9251b97faac7c652b?s=96&d=blank&r=g","contentUrl":"https:\/\/secure.gravatar.com\/avatar\/049821681b589dabc0bc20695993ccebb09f5b5d4d790cd9251b97faac7c652b?s=96&d=blank&r=g","caption":"enequipo"},"sameAs":["https:\/\/www.facebook.com\/SonoraEE"]}]}},"jetpack_featured_media_url":"https:\/\/www.sonoraenequipo.com.mx\/storage\/2021\/02\/luis-nunez_opt7.jpg","_links":{"self":[{"href":"https:\/\/www.sonoraenequipo.com.mx\/api\/wp\/v2\/posts\/111519","targetHints":{"allow":["GET"]}}],"collection":[{"href":"https:\/\/www.sonoraenequipo.com.mx\/api\/wp\/v2\/posts"}],"about":[{"href":"https:\/\/www.sonoraenequipo.com.mx\/api\/wp\/v2\/types\/post"}],"author":[{"embeddable":true,"href":"https:\/\/www.sonoraenequipo.com.mx\/api\/wp\/v2\/users\/1"}],"replies":[{"embeddable":true,"href":"https:\/\/www.sonoraenequipo.com.mx\/api\/wp\/v2\/comments?post=111519"}],"version-history":[{"count":4,"href":"https:\/\/www.sonoraenequipo.com.mx\/api\/wp\/v2\/posts\/111519\/revisions"}],"predecessor-version":[{"id":111531,"href":"https:\/\/www.sonoraenequipo.com.mx\/api\/wp\/v2\/posts\/111519\/revisions\/111531"}],"wp:featuredmedia":[{"embeddable":true,"href":"https:\/\/www.sonoraenequipo.com.mx\/api\/wp\/v2\/media\/107709"}],"wp:attachment":[{"href":"https:\/\/www.sonoraenequipo.com.mx\/api\/wp\/v2\/media?parent=111519"}],"wp:term":[{"taxonomy":"category","embeddable":true,"href":"https:\/\/www.sonoraenequipo.com.mx\/api\/wp\/v2\/categories?post=111519"},{"taxonomy":"post_tag","embeddable":true,"href":"https:\/\/www.sonoraenequipo.com.mx\/api\/wp\/v2\/tags?post=111519"}],"curies":[{"name":"wp","href":"https:\/\/api.w.org\/{rel}","templated":true}]}}