{"id":111529,"date":"2021-04-13T21:45:15","date_gmt":"2021-04-14T04:45:15","guid":{"rendered":"https:\/\/www.sonoraenequipo.com.mx\/?p=111529"},"modified":"2021-04-13T22:02:59","modified_gmt":"2021-04-14T05:02:59","slug":"111529-2","status":"publish","type":"post","link":"https:\/\/www.sonoraenequipo.com.mx\/111529-2\/","title":{"rendered":"Por fin la Comisar\u00eda Miguel Alem\u00e1n podr\u00eda  hacer realidad su sue\u00f1o de ser el municipio 73"},"content":{"rendered":"<p>HERMOSILLO, SONORA,MX.\u2500\u2500 El Congreso del Estado dio un importante paso en la implementaci\u00f3n de medidas que contribuyan en la soluci\u00f3n de fondo de una problem\u00e1tica que ha alcanzado magnitudes inimaginables por los efectos da\u00f1inos provocados al medio ambiente, al aprobar por unanimidad la Ley que regula la producci\u00f3n, manejo y disposici\u00f3n final de residuos s\u00f3lidos urbanos, y de manejo especial y productos pl\u00e1sticos de un solo uso en el Estado de Sonora.Adem\u00e1s\u00a0 que la actual Legislatura podr\u00eda antes de concluir erigir al municipio 73 de Sonora la Comisar\u00eda Miguel Alem\u00e1n situada en la capital de Hermosillo.<\/p>\n<p>La Comisi\u00f3n de Energ\u00eda, Medio Ambiente y Cambio Clim\u00e1tico present\u00f3 en sesi\u00f3n ordinaria el dictamen de este proyecto que se elabor\u00f3 con base en iniciativas presentadas por el diputado Filem\u00f3n Ortega Quintos, el 7 de junio de 2019; el grupo parlamentario del PAN, el 11 de febrero de 2020; y el diputado Luis Mario Rivera Aguilar, el 20 de octubre de 2020.<\/p>\n<p>&nbsp;<\/p>\n<p>&nbsp;<\/p>\n<p>&nbsp;<\/p>\n<p>\u201cDerivado de la problem\u00e1tica que a\u00fan se presenta en materia de utilizaci\u00f3n de pl\u00e1sticos, los diputados referidos en el proemio del presente dictamen, han trabajado en diversas propuestas que buscan abonar a la soluci\u00f3n de este problema tan complejo, encontrando en todas las iniciativas, valiosos planteamientos que sin duda alguna nos ayudar\u00edan a poner a nuestra entidad a la vanguardia en este tema\u201d, estableci\u00f3 la dictaminadora.<\/p>\n<p>&nbsp;<\/p>\n<p>&nbsp;<\/p>\n<p>&nbsp;<\/p>\n<p>En la parte considerativa del proyecto de Ley se deja claro que era necesario ir m\u00e1s all\u00e1 de una simple reforma al marco jur\u00eddico vigente, ya que ameritaba formular una nueva normatividad espec\u00edficamente para controlar la utilizaci\u00f3n de pl\u00e1sticos, sin que eso signifique afectar las actividades econ\u00f3micas de la ciudadan\u00eda sonorense.<\/p>\n<p>&nbsp;<\/p>\n<p>&nbsp;<\/p>\n<p>&nbsp;<\/p>\n<p>Para la dictaminaci\u00f3n de las iniciativas se realizaron diversas reuniones y foros de participaci\u00f3n, con el objeto de socializar el contenido de las mismas entre la sociedad acad\u00e9mica y cient\u00edfica, as\u00ed como sectores de la administraci\u00f3n p\u00fablica y autoridades en materia ambiental, principalmente, agrega.<\/p>\n<p>&nbsp;<\/p>\n<p>&nbsp;<\/p>\n<p>&nbsp;<\/p>\n<p>La Ley que regula la producci\u00f3n, manejo y disposici\u00f3n final de residuos s\u00f3lidos urbanos, y de manejo especial y productos pl\u00e1sticos de un solo uso en el Estado de Sonora, consta de 80 art\u00edculos, los cuales se dividen en 18 cap\u00edtulos: Disposiciones generales; De las autoridades competentes y sus obligaciones; De los sistemas de manejo ambiental; De la producci\u00f3n de pl\u00e1sticos de un solo uso; Del manejo integral de pl\u00e1sticos de un solo uso; De las medidas de seguridad aplicables en el manejo de recursos.<\/p>\n<p>&nbsp;<\/p>\n<p>&nbsp;<\/p>\n<p>&nbsp;<\/p>\n<p>De las prohibiciones; De los generadores y prestadores de servicios de manejo de residuos; De los programas educativos y de participaci\u00f3n social; Del fondo; De la valorizaci\u00f3n de los residuos; De la separaci\u00f3n de residuos; De la composta; Del tratamiento t\u00e9rmico; De la reutilizaci\u00f3n y reciclaje de residuos; De la disposici\u00f3n final de los residuos pl\u00e1sticos de un solo uso; De la remediaci\u00f3n de los suelos contaminados; y De las infracciones, sanciones e instrumentos de prevenci\u00f3n y control.<\/p>\n<p>&nbsp;<\/p>\n<p>&nbsp;<\/p>\n<p>&nbsp;<\/p>\n<p>Esta nueva normatividad dispone acerca de los sistemas de manejo ambiental que deben implementarse en todas las dependencias y entidades p\u00fablicas estatales y municipales, as\u00ed como promover acciones tendientes para un eficiente manejo integral de residuos, en el caso de particulares, adem\u00e1s de establecer obligaciones e incentivos dirigidos a las personas f\u00edsicas o morales que se dediquen a la producci\u00f3n de productos pl\u00e1sticos de un solo uso, con la finalidad de que en su elaboraci\u00f3n utilicen alternativas biodegradables y reutilizables.<\/p>\n<p>&nbsp;<\/p>\n<p>&nbsp;<\/p>\n<p>&nbsp;<\/p>\n<p>Tambi\u00e9n establece la implementaci\u00f3n de actividades orientadas a la separaci\u00f3n, clasificaci\u00f3n, re\u00faso, reciclaje, tratamiento, almacenamiento, transporte y disposici\u00f3n final de residuos generados con materiales pl\u00e1sticos de un solo uso, y dispone diversas prohibiciones para la producci\u00f3n, comercializaci\u00f3n y uso de productos pl\u00e1sticos, imponiendo obligaciones a los comercios para que incentiven a sus respectivas clientelas a utilizar empaques reutilizables.<\/p>\n<p>&nbsp;<\/p>\n<p>&nbsp;<\/p>\n<p>&nbsp;<\/p>\n<p>En esta sesi\u00f3n ordinaria, el Pleno aprob\u00f3 la iniciativa con punto de Acuerdo presentada por la Comisi\u00f3n de R\u00e9gimen Interno y Concertaci\u00f3n Pol\u00edtica, mediante la cual resuelve modificar los t\u00e9rminos de la licencia autorizada a la ciudadana Nitzia Corina Grad\u00edas Ahumada, para el efecto de que dicha licencia concluya, por lo que deber\u00e1 reanudar de inmediato y sin dilaci\u00f3n sus funciones como diputada local de este Poder Legislativo.<\/p>\n<p>&nbsp;<\/p>\n<p>&nbsp;<\/p>\n<p>&nbsp;<\/p>\n<p>Turnan iniciativas a comisiones dictaminadoras<\/p>\n<p>&nbsp;<\/p>\n<p>La Presidencia turn\u00f3 a comisiones dictaminadoras diversas iniciativas de los diputados Miguel \u00c1ngel Chaira Ortiz, Marcia Lorena Camarena Moncada, Mar\u00eda Magdalena Uribe Pe\u00f1a, Luis Armando Colosio Mu\u00f1oz e Hiram Lomel\u00ed Duarte.<\/p>\n<p>&nbsp;<\/p>\n<p>&nbsp;<\/p>\n<p>&nbsp;<\/p>\n<p>El diputado Chaira Ortiz present\u00f3 un proyecto de decreto que reforma el Art\u00edculo 168, p\u00e1rrafo cuarto de la Ley de Agua del Estado de Sonora, iniciativa que ya hab\u00eda presentado anteriormente, la cual no pudo ser dictaminada el pasado 30 de marzo, al no reunir los votos suficientes entre los integrantes de la Comisi\u00f3n del Agua, por lo cual solicit\u00f3 fuera considerada como de urgente y obvia resoluci\u00f3n, pero al no alcanzar la votaci\u00f3n requerida, fue turnada a la Comisi\u00f3n del Agua.<\/p>\n<p>&nbsp;<\/p>\n<p>&nbsp;<\/p>\n<p>&nbsp;<\/p>\n<p>La diputada Marcia Lorena Camarena Moncada present\u00f3 iniciativa con punto de Acuerdo para que este Poder Legislativo resuelva presentar ante el Congreso de la Uni\u00f3n, una iniciativa con proyecto de decreto que adiciona diversas disposiciones a la Ley Federal del Trabajo.<\/p>\n<p>&nbsp;<\/p>\n<p>&nbsp;<\/p>\n<p>&nbsp;<\/p>\n<p>Expuso que busca regular el trabajo en las plataformas digitales, a fin de que se protejan los derechos laborales de quienes se dedican a esta actividad y se prevengan futuras controversias judiciales. Se turn\u00f3 para estudio a la Comisi\u00f3n de Asuntos del Trabajo.<\/p>\n<p>&nbsp;<\/p>\n<p>&nbsp;<\/p>\n<p>&nbsp;<\/p>\n<p>La Comisi\u00f3n de Gobernaci\u00f3n y Puntos Constitucionales estudiar\u00e1 una iniciativa con proyecto de ley que erige en Municipio Libre a la Comisar\u00eda Miguel Alem\u00e1n, perteneciente al municipio de Hermosillo, Sonora, presentada por la diputada Mar\u00eda Magdalena Uribe Pe\u00f1a.<\/p>\n<p>&nbsp;<\/p>\n<p>&nbsp;<\/p>\n<p>&nbsp;<\/p>\n<p>Inform\u00f3 al Pleno que de esta manera hizo propia la petici\u00f3n del Comit\u00e9 Promotor del Municipio 73 de la Costa, A. C., as\u00ed como el proyecto de investigaci\u00f3n denominado: \u201cEstudio de Factibilidad de Municipalizaci\u00f3n de la Comisar\u00eda Miguel Alem\u00e1n\u201d, elaborado en el Departamento de Econom\u00eda de la Universidad de Sonora.<\/p>\n<p>&nbsp;<\/p>\n<p>&nbsp;<\/p>\n<p>&nbsp;<\/p>\n<p>A la petici\u00f3n se anex\u00f3 el estudio de viabilidad para constituir a la Comisar\u00eda Miguel Alem\u00e1n en nuevo Municipio, estudio que la comisi\u00f3n consider\u00f3 conveniente su transcripci\u00f3n en un anterior dictamen, con el objeto de ilustrar y ampliar el buen criterio de la asamblea legislativa, y en el cual se llevaron a cabo varios procesos de socializaci\u00f3n, con exposici\u00f3n de investigadores del estudio, adem\u00e1s del proceso legislativo de los diversos requisitos constitucionales, dijo.<\/p>\n<p>&nbsp;<\/p>\n<p>&nbsp;<\/p>\n<p>&nbsp;<\/p>\n<p>Sobre el particular, la diputada Rosa Icela Mart\u00ednez Espinoza, presidenta de la mesa directiva, reconoci\u00f3 que la solicitud del Comit\u00e9 Promotor del Municipio 73 de la Costa tiene antecedentes muy puntuales y leg\u00edtimos, y su fuente radica precisamente en habitantes de esa comunidad y al mismo tiempo, de conocedores de la problem\u00e1tica, retos y oportunidades de un n\u00facleo poblacional muy importante en la regi\u00f3n.<\/p>\n<p>&nbsp;<\/p>\n<p>&nbsp;<\/p>\n<p>&nbsp;<\/p>\n<p>\u201cApoyamos la inquietud de los habitantes del poblado y reconocemos ampliamente su derecho a organizarse para formalizar a trav\u00e9s de la iniciativa presentada. Vemos suficientes consideraciones y argumentos pertinentes para que corra el tr\u00e1mite legislativo que pretende erigir como nuevo Municipio a dicha Comisar\u00eda, ya que cumple con todos los requisitos que enumera la Constituci\u00f3n local en su Art\u00edculo 64, fracci\u00f3n XII\u201d, asever\u00f3.<\/p>\n<p>&nbsp;<\/p>\n<p>&nbsp;<\/p>\n<p>&nbsp;<\/p>\n<p>Enseguida correspondi\u00f3 al diputado Luis Armando Colosio Mu\u00f1oz presentar su iniciativa con proyecto de decreto que reforma el Art\u00edculo 504, fracci\u00f3n I, del C\u00f3digo de Procedimientos Civiles para el Estado de Sonora, la cual se turn\u00f3 a la Comisi\u00f3n de Justicia y Derechos Humanos.<\/p>\n<p>&nbsp;<\/p>\n<p>&nbsp;<\/p>\n<p>&nbsp;<\/p>\n<p>Dijo que considera necesario implementar en dicha legislaci\u00f3n un elemento sustantivo que tenga como fin proteger y salvaguardar los derechos de los menores: cuando en un juicio oral no concurriese el actor sin causa justificada y se le declare de oficio en rebeld\u00eda, esta disposici\u00f3n no sea aplicable para asuntos en los que se vea controvertida la esfera jur\u00eddica de un menor sobre cuestiones familiares.<\/p>\n<p>&nbsp;<\/p>\n<p>&nbsp;<\/p>\n<p>&nbsp;<\/p>\n<p>Y la Comisi\u00f3n de Educaci\u00f3n y Cultura estudiar\u00e1 una iniciativa con proyecto de decreto que reforma diversas disposiciones de la Ley de Educaci\u00f3n para el Estado de Sonora, presentada por el diputado Hiram Lomel\u00ed Duarte, a efecto de que los padres ejerzan el derecho a elegir la educaci\u00f3n que pueden tener sus hijos.<\/p>\n<p>&nbsp;<\/p>\n<p>&nbsp;<\/p>\n<p>&nbsp;<\/p>\n<p>Agreg\u00f3 que los derechos humanos son para todos y deben respetarse las diferencias, preponderar la familia y el derecho de los que ejercen la patria potestad o la tutela para un desarrollo emocional y psicol\u00f3gico adecuado.<\/p>\n<p>&nbsp;<\/p>\n<p>&nbsp;<\/p>\n<p>&nbsp;<\/p>\n<p>En esta sesi\u00f3n ordinaria, los diputados Daniel Palafox N\u00fa\u00f1ez y Filem\u00f3n Ortega Quintos presentaron posicionamientos con relaci\u00f3n a la desaparici\u00f3n forzada en M\u00e9xico y el pr\u00f3ximo cierre del periodo de sesiones ordinarias, respectivamente.<\/p>\n<p>&nbsp;<\/p>\n<p>&nbsp;<\/p>\n<p>&nbsp;<\/p>\n<p>Palafox N\u00fa\u00f1ez expuso que esta situaci\u00f3n es sumamente alarmante, debido a que Sonora est\u00e1 entre las entidades federativas con el mayor n\u00famero de cuerpos en fosas clandestinas, y de diciembre de 2018 al pasado 7 de abril se tiene el registro de 44 mil 174 personas desaparecidas en M\u00e9xico, seg\u00fan informes de la Subsecretar\u00eda de Derechos Humanos, Poblaci\u00f3n y Migraci\u00f3n del Gobierno Federal, por lo que hizo un llamado a las autoridades de los tres niveles de gobierno para actuar de manera coordinada y evitar m\u00e1s desapariciones.<\/p>\n<p>&nbsp;<\/p>\n<p>&nbsp;<\/p>\n<p>&nbsp;<\/p>\n<p>El diputado Filem\u00f3n Ortega Quintos invit\u00f3 a los legisladores que recientemente rindieron protesta para que atiendan y dictaminen las iniciativas que no se han estudiado, ya que est\u00e1n por clausurar\u00a0 el segundo periodo ordinario y deben cerrarlo de la mejor manera: dictaminando, en la medida de lo posible, el rezago legislativo, y a las \u00e1reas involucradas en el interior del Congreso, llam\u00f3 a agilizar los tr\u00e1mites para tratar de no dejar pendientes a la siguiente Legislatura.<\/p>\n<p>&nbsp;<\/p>\n<p>&nbsp;<\/p>\n<p>&nbsp;<\/p>\n<p>La pr\u00f3xima sesi\u00f3n del Pleno, que ser\u00e1 virtual, se cit\u00f3 para el jueves 15 de abril, a las 12:00 horas.<\/p>\n<p>Fecha de publicaci\u00f3n \u00a0\u00a0lunes \/\u00a0 12\u00a0 \/ abril \/ 2021<\/p>\n<p>&nbsp;<\/p>\n","protected":false},"excerpt":{"rendered":"<p>HERMOSILLO, SONORA,MX.\u2500\u2500 El Congreso del Estado dio un importante paso en la implementaci\u00f3n de medidas&#8230;<\/p>\n","protected":false},"author":1,"featured_media":111533,"comment_status":"open","ping_status":"open","sticky":false,"template":"","format":"standard","meta":{"_monsterinsights_skip_tracking":false,"_monsterinsights_sitenote_active":false,"_monsterinsights_sitenote_note":"","_monsterinsights_sitenote_category":0,"footnotes":""},"categories":[3281],"tags":[1248,15],"class_list":["post"],"yoast_head":" \n<title>Sonora en Equipo. Por fin la Comisar\u00eda Miguel Alem\u00e1n podr\u00eda hacer realidad su sue\u00f1o de ser el municipio 73 Congreso<\/title>\n<meta name=\"description\" content=\"HERMOSILLO, SONORA,MX.\u2500\u2500 El Congreso del Estado dio un importante paso en la implementaci\u00f3n de medidas que contribuyan en la soluci\u00f3n de fondo de una En Sonora en Equipo publicamos toda la informaci\u00f3n de Sonora, M\u00e9xico y el Mundo de manera oportuna y busca que la libertad de expresi\u00f3n sea real. Visita nuestro medio informativo publicado desde Hermosillo, Sonora. %\" \/>\n<meta name=\"robots\" content=\"index, follow, max-snippet:-1, max-image-preview:large, max-video-preview:-1\" \/>\n<link rel=\"canonical\" href=\"https:\/\/www.sonoraenequipo.com.mx\/111529-2\/\" \/>\n<meta property=\"og:locale\" content=\"es_ES\" \/>\n<meta property=\"og:type\" content=\"article\" \/>\n<meta property=\"og:title\" content=\"Sonora en Equipo. Por fin la Comisar\u00eda Miguel Alem\u00e1n podr\u00eda hacer realidad su sue\u00f1o de ser el municipio 73 Congreso\" \/>\n<meta property=\"og:description\" content=\"HERMOSILLO, SONORA,MX.\u2500\u2500 El Congreso del Estado dio un importante paso en la implementaci\u00f3n de medidas que contribuyan en la soluci\u00f3n de fondo de una En Sonora en Equipo publicamos toda la informaci\u00f3n de Sonora, M\u00e9xico y el Mundo de manera oportuna y busca que la libertad de expresi\u00f3n sea real. Visita nuestro medio informativo publicado desde Hermosillo, Sonora. %\" \/>\n<meta property=\"og:url\" content=\"https:\/\/www.sonoraenequipo.com.mx\/111529-2\/\" \/>\n<meta property=\"og:site_name\" content=\"Sonora en Equipo.\" \/>\n<meta property=\"article:publisher\" content=\"https:\/\/www.facebook.com\/SonoraEE\/\" \/>\n<meta property=\"article:author\" content=\"https:\/\/www.facebook.com\/SonoraEE\" \/>\n<meta property=\"article:published_time\" content=\"2021-04-14T04:45:15+00:00\" \/>\n<meta property=\"article:modified_time\" content=\"2021-04-14T05:02:59+00:00\" \/>\n<meta property=\"og:image\" content=\"https:\/\/www.sonoraenequipo.com.mx\/storage\/2021\/04\/cong130421.jpg\" \/>\n\t<meta property=\"og:image:width\" content=\"500\" \/>\n\t<meta property=\"og:image:height\" content=\"300\" \/>\n\t<meta property=\"og:image:type\" content=\"image\/jpeg\" \/>\n<meta name=\"author\" content=\"enequipo\" \/>\n<meta name=\"twitter:card\" content=\"summary_large_image\" \/>\n<meta name=\"twitter:creator\" content=\"@sonoraenequipo\" \/>\n<meta name=\"twitter:site\" content=\"@sonoraenequipo\" \/>\n<meta name=\"twitter:label1\" content=\"Escrito por\" \/>\n\t<meta name=\"twitter:data1\" content=\"enequipo\" \/>\n\t<meta name=\"twitter:label2\" content=\"Tiempo de lectura\" \/>\n\t<meta name=\"twitter:data2\" content=\"8 minutos\" \/>\n<script type=\"application\/ld+json\" class=\"yoast-schema-graph\">{\"@context\":\"https:\/\/schema.org\",\"@graph\":[{\"@type\":\"Article\",\"@id\":\"https:\/\/www.sonoraenequipo.com.mx\/111529-2\/#article\",\"isPartOf\":{\"@id\":\"https:\/\/www.sonoraenequipo.com.mx\/111529-2\/\"},\"author\":{\"name\":\"enequipo\",\"@id\":\"https:\/\/www.sonoraenequipo.com.mx\/#\/schema\/person\/50102df0fb23a8fa9e8effad8fa81386\"},\"headline\":\"Por fin la Comisar\u00eda Miguel Alem\u00e1n podr\u00eda hacer realidad su sue\u00f1o de ser el municipio 73\",\"datePublished\":\"2021-04-14T04:45:15+00:00\",\"dateModified\":\"2021-04-14T05:02:59+00:00\",\"mainEntityOfPage\":{\"@id\":\"https:\/\/www.sonoraenequipo.com.mx\/111529-2\/\"},\"wordCount\":1831,\"commentCount\":0,\"publisher\":{\"@id\":\"https:\/\/www.sonoraenequipo.com.mx\/#organization\"},\"image\":{\"@id\":\"https:\/\/www.sonoraenequipo.com.mx\/111529-2\/#primaryimage\"},\"thumbnailUrl\":\"https:\/\/www.sonoraenequipo.com.mx\/storage\/2021\/04\/cong130421.jpg\",\"keywords\":[\"CONGRESO\",\"Sonora\"],\"articleSection\":[\"Congreso\"],\"inLanguage\":\"es\",\"potentialAction\":[{\"@type\":\"CommentAction\",\"name\":\"Comment\",\"target\":[\"https:\/\/www.sonoraenequipo.com.mx\/111529-2\/#respond\"]}]},{\"@type\":\"WebPage\",\"@id\":\"https:\/\/www.sonoraenequipo.com.mx\/111529-2\/\",\"url\":\"https:\/\/www.sonoraenequipo.com.mx\/111529-2\/\",\"name\":\"Sonora en Equipo. Por fin la Comisar\u00eda Miguel Alem\u00e1n podr\u00eda hacer realidad su sue\u00f1o de ser el municipio 73 Congreso\",\"isPartOf\":{\"@id\":\"https:\/\/www.sonoraenequipo.com.mx\/#website\"},\"primaryImageOfPage\":{\"@id\":\"https:\/\/www.sonoraenequipo.com.mx\/111529-2\/#primaryimage\"},\"image\":{\"@id\":\"https:\/\/www.sonoraenequipo.com.mx\/111529-2\/#primaryimage\"},\"thumbnailUrl\":\"https:\/\/www.sonoraenequipo.com.mx\/storage\/2021\/04\/cong130421.jpg\",\"datePublished\":\"2021-04-14T04:45:15+00:00\",\"dateModified\":\"2021-04-14T05:02:59+00:00\",\"description\":\"HERMOSILLO, SONORA,MX.\u2500\u2500 El Congreso del Estado dio un importante paso en la implementaci\u00f3n de medidas que contribuyan en la soluci\u00f3n de fondo de una En Sonora en Equipo publicamos toda la informaci\u00f3n de Sonora, M\u00e9xico y el Mundo de manera oportuna y busca que la libertad de expresi\u00f3n sea real. Visita nuestro medio informativo publicado desde Hermosillo, Sonora. %\",\"breadcrumb\":{\"@id\":\"https:\/\/www.sonoraenequipo.com.mx\/111529-2\/#breadcrumb\"},\"inLanguage\":\"es\",\"potentialAction\":[{\"@type\":\"ReadAction\",\"target\":[\"https:\/\/www.sonoraenequipo.com.mx\/111529-2\/\"]}]},{\"@type\":\"ImageObject\",\"inLanguage\":\"es\",\"@id\":\"https:\/\/www.sonoraenequipo.com.mx\/111529-2\/#primaryimage\",\"url\":\"https:\/\/www.sonoraenequipo.com.mx\/storage\/2021\/04\/cong130421.jpg\",\"contentUrl\":\"https:\/\/www.sonoraenequipo.com.mx\/storage\/2021\/04\/cong130421.jpg\",\"width\":500,\"height\":300},{\"@type\":\"BreadcrumbList\",\"@id\":\"https:\/\/www.sonoraenequipo.com.mx\/111529-2\/#breadcrumb\",\"itemListElement\":[{\"@type\":\"ListItem\",\"position\":1,\"name\":\"Portada\",\"item\":\"https:\/\/www.sonoraenequipo.com.mx\/\"},{\"@type\":\"ListItem\",\"position\":2,\"name\":\"Por fin la Comisar\u00eda Miguel Alem\u00e1n podr\u00eda hacer realidad su sue\u00f1o de ser el municipio 73\"}]},{\"@type\":\"WebSite\",\"@id\":\"https:\/\/www.sonoraenequipo.com.mx\/#website\",\"url\":\"https:\/\/www.sonoraenequipo.com.mx\/\",\"name\":\"Sonora en Equipo.\",\"description\":\"Diario en l\u00ednea con Noticias desde Hermosillo, Sonora\",\"publisher\":{\"@id\":\"https:\/\/www.sonoraenequipo.com.mx\/#organization\"},\"potentialAction\":[{\"@type\":\"SearchAction\",\"target\":{\"@type\":\"EntryPoint\",\"urlTemplate\":\"https:\/\/www.sonoraenequipo.com.mx\/?s={search_term_string}\"},\"query-input\":{\"@type\":\"PropertyValueSpecification\",\"valueRequired\":true,\"valueName\":\"search_term_string\"}}],\"inLanguage\":\"es\"},{\"@type\":\"Organization\",\"@id\":\"https:\/\/www.sonoraenequipo.com.mx\/#organization\",\"name\":\"Sonoraenequipo.com.mx\",\"url\":\"https:\/\/www.sonoraenequipo.com.mx\/\",\"logo\":{\"@type\":\"ImageObject\",\"inLanguage\":\"es\",\"@id\":\"https:\/\/www.sonoraenequipo.com.mx\/#\/schema\/logo\/image\/\",\"url\":\"https:\/\/www.sonoraenequipo.com.mx\/storage\/2019\/01\/sonoraenequipo_opt.png\",\"contentUrl\":\"https:\/\/www.sonoraenequipo.com.mx\/storage\/2019\/01\/sonoraenequipo_opt.png\",\"width\":375,\"height\":125,\"caption\":\"Sonoraenequipo.com.mx\"},\"image\":{\"@id\":\"https:\/\/www.sonoraenequipo.com.mx\/#\/schema\/logo\/image\/\"},\"sameAs\":[\"https:\/\/www.facebook.com\/SonoraEE\/\",\"https:\/\/x.com\/sonoraenequipo\",\"https:\/\/www.youtube.com\/channel\/UC338nW-lPEYmJQs4ZABQ1SQ\"]},{\"@type\":\"Person\",\"@id\":\"https:\/\/www.sonoraenequipo.com.mx\/#\/schema\/person\/50102df0fb23a8fa9e8effad8fa81386\",\"name\":\"enequipo\",\"image\":{\"@type\":\"ImageObject\",\"inLanguage\":\"es\",\"@id\":\"https:\/\/www.sonoraenequipo.com.mx\/#\/schema\/person\/image\/\",\"url\":\"https:\/\/secure.gravatar.com\/avatar\/049821681b589dabc0bc20695993ccebb09f5b5d4d790cd9251b97faac7c652b?s=96&d=blank&r=g\",\"contentUrl\":\"https:\/\/secure.gravatar.com\/avatar\/049821681b589dabc0bc20695993ccebb09f5b5d4d790cd9251b97faac7c652b?s=96&d=blank&r=g\",\"caption\":\"enequipo\"},\"sameAs\":[\"https:\/\/www.facebook.com\/SonoraEE\"]}]}<\/script>\n ","yoast_head_json":{"title":"Sonora en Equipo. Por fin la Comisar\u00eda Miguel Alem\u00e1n podr\u00eda hacer realidad su sue\u00f1o de ser el municipio 73 Congreso","description":"HERMOSILLO, SONORA,MX.\u2500\u2500 El Congreso del Estado dio un importante paso en la implementaci\u00f3n de medidas que contribuyan en la soluci\u00f3n de fondo de una En Sonora en Equipo publicamos toda la informaci\u00f3n de Sonora, M\u00e9xico y el Mundo de manera oportuna y busca que la libertad de expresi\u00f3n sea real. Visita nuestro medio informativo publicado desde Hermosillo, Sonora. %","robots":{"index":"index","follow":"follow","max-snippet":"max-snippet:-1","max-image-preview":"max-image-preview:large","max-video-preview":"max-video-preview:-1"},"canonical":"https:\/\/www.sonoraenequipo.com.mx\/111529-2\/","og_locale":"es_ES","og_type":"article","og_title":"Sonora en Equipo. Por fin la Comisar\u00eda Miguel Alem\u00e1n podr\u00eda hacer realidad su sue\u00f1o de ser el municipio 73 Congreso","og_description":"HERMOSILLO, SONORA,MX.\u2500\u2500 El Congreso del Estado dio un importante paso en la implementaci\u00f3n de medidas que contribuyan en la soluci\u00f3n de fondo de una En Sonora en Equipo publicamos toda la informaci\u00f3n de Sonora, M\u00e9xico y el Mundo de manera oportuna y busca que la libertad de expresi\u00f3n sea real. Visita nuestro medio informativo publicado desde Hermosillo, Sonora. %","og_url":"https:\/\/www.sonoraenequipo.com.mx\/111529-2\/","og_site_name":"Sonora en Equipo.","article_publisher":"https:\/\/www.facebook.com\/SonoraEE\/","article_author":"https:\/\/www.facebook.com\/SonoraEE","article_published_time":"2021-04-14T04:45:15+00:00","article_modified_time":"2021-04-14T05:02:59+00:00","og_image":[{"width":500,"height":300,"url":"https:\/\/www.sonoraenequipo.com.mx\/storage\/2021\/04\/cong130421.jpg","type":"image\/jpeg"}],"author":"enequipo","twitter_card":"summary_large_image","twitter_creator":"@sonoraenequipo","twitter_site":"@sonoraenequipo","twitter_misc":{"Escrito por":"enequipo","Tiempo de lectura":"8 minutos"},"schema":{"@context":"https:\/\/schema.org","@graph":[{"@type":"Article","@id":"https:\/\/www.sonoraenequipo.com.mx\/111529-2\/#article","isPartOf":{"@id":"https:\/\/www.sonoraenequipo.com.mx\/111529-2\/"},"author":{"name":"enequipo","@id":"https:\/\/www.sonoraenequipo.com.mx\/#\/schema\/person\/50102df0fb23a8fa9e8effad8fa81386"},"headline":"Por fin la Comisar\u00eda Miguel Alem\u00e1n podr\u00eda hacer realidad su sue\u00f1o de ser el municipio 73","datePublished":"2021-04-14T04:45:15+00:00","dateModified":"2021-04-14T05:02:59+00:00","mainEntityOfPage":{"@id":"https:\/\/www.sonoraenequipo.com.mx\/111529-2\/"},"wordCount":1831,"commentCount":0,"publisher":{"@id":"https:\/\/www.sonoraenequipo.com.mx\/#organization"},"image":{"@id":"https:\/\/www.sonoraenequipo.com.mx\/111529-2\/#primaryimage"},"thumbnailUrl":"https:\/\/www.sonoraenequipo.com.mx\/storage\/2021\/04\/cong130421.jpg","keywords":["CONGRESO","Sonora"],"articleSection":["Congreso"],"inLanguage":"es","potentialAction":[{"@type":"CommentAction","name":"Comment","target":["https:\/\/www.sonoraenequipo.com.mx\/111529-2\/#respond"]}]},{"@type":"WebPage","@id":"https:\/\/www.sonoraenequipo.com.mx\/111529-2\/","url":"https:\/\/www.sonoraenequipo.com.mx\/111529-2\/","name":"Sonora en Equipo. Por fin la Comisar\u00eda Miguel Alem\u00e1n podr\u00eda hacer realidad su sue\u00f1o de ser el municipio 73 Congreso","isPartOf":{"@id":"https:\/\/www.sonoraenequipo.com.mx\/#website"},"primaryImageOfPage":{"@id":"https:\/\/www.sonoraenequipo.com.mx\/111529-2\/#primaryimage"},"image":{"@id":"https:\/\/www.sonoraenequipo.com.mx\/111529-2\/#primaryimage"},"thumbnailUrl":"https:\/\/www.sonoraenequipo.com.mx\/storage\/2021\/04\/cong130421.jpg","datePublished":"2021-04-14T04:45:15+00:00","dateModified":"2021-04-14T05:02:59+00:00","description":"HERMOSILLO, SONORA,MX.\u2500\u2500 El Congreso del Estado dio un importante paso en la implementaci\u00f3n de medidas que contribuyan en la soluci\u00f3n de fondo de una En Sonora en Equipo publicamos toda la informaci\u00f3n de Sonora, M\u00e9xico y el Mundo de manera oportuna y busca que la libertad de expresi\u00f3n sea real. Visita nuestro medio informativo publicado desde Hermosillo, Sonora. %","breadcrumb":{"@id":"https:\/\/www.sonoraenequipo.com.mx\/111529-2\/#breadcrumb"},"inLanguage":"es","potentialAction":[{"@type":"ReadAction","target":["https:\/\/www.sonoraenequipo.com.mx\/111529-2\/"]}]},{"@type":"ImageObject","inLanguage":"es","@id":"https:\/\/www.sonoraenequipo.com.mx\/111529-2\/#primaryimage","url":"https:\/\/www.sonoraenequipo.com.mx\/storage\/2021\/04\/cong130421.jpg","contentUrl":"https:\/\/www.sonoraenequipo.com.mx\/storage\/2021\/04\/cong130421.jpg","width":500,"height":300},{"@type":"BreadcrumbList","@id":"https:\/\/www.sonoraenequipo.com.mx\/111529-2\/#breadcrumb","itemListElement":[{"@type":"ListItem","position":1,"name":"Portada","item":"https:\/\/www.sonoraenequipo.com.mx\/"},{"@type":"ListItem","position":2,"name":"Por fin la Comisar\u00eda Miguel Alem\u00e1n podr\u00eda hacer realidad su sue\u00f1o de ser el municipio 73"}]},{"@type":"WebSite","@id":"https:\/\/www.sonoraenequipo.com.mx\/#website","url":"https:\/\/www.sonoraenequipo.com.mx\/","name":"Sonora en Equipo.","description":"Diario en l\u00ednea con Noticias desde Hermosillo, Sonora","publisher":{"@id":"https:\/\/www.sonoraenequipo.com.mx\/#organization"},"potentialAction":[{"@type":"SearchAction","target":{"@type":"EntryPoint","urlTemplate":"https:\/\/www.sonoraenequipo.com.mx\/?s={search_term_string}"},"query-input":{"@type":"PropertyValueSpecification","valueRequired":true,"valueName":"search_term_string"}}],"inLanguage":"es"},{"@type":"Organization","@id":"https:\/\/www.sonoraenequipo.com.mx\/#organization","name":"Sonoraenequipo.com.mx","url":"https:\/\/www.sonoraenequipo.com.mx\/","logo":{"@type":"ImageObject","inLanguage":"es","@id":"https:\/\/www.sonoraenequipo.com.mx\/#\/schema\/logo\/image\/","url":"https:\/\/www.sonoraenequipo.com.mx\/storage\/2019\/01\/sonoraenequipo_opt.png","contentUrl":"https:\/\/www.sonoraenequipo.com.mx\/storage\/2019\/01\/sonoraenequipo_opt.png","width":375,"height":125,"caption":"Sonoraenequipo.com.mx"},"image":{"@id":"https:\/\/www.sonoraenequipo.com.mx\/#\/schema\/logo\/image\/"},"sameAs":["https:\/\/www.facebook.com\/SonoraEE\/","https:\/\/x.com\/sonoraenequipo","https:\/\/www.youtube.com\/channel\/UC338nW-lPEYmJQs4ZABQ1SQ"]},{"@type":"Person","@id":"https:\/\/www.sonoraenequipo.com.mx\/#\/schema\/person\/50102df0fb23a8fa9e8effad8fa81386","name":"enequipo","image":{"@type":"ImageObject","inLanguage":"es","@id":"https:\/\/www.sonoraenequipo.com.mx\/#\/schema\/person\/image\/","url":"https:\/\/secure.gravatar.com\/avatar\/049821681b589dabc0bc20695993ccebb09f5b5d4d790cd9251b97faac7c652b?s=96&d=blank&r=g","contentUrl":"https:\/\/secure.gravatar.com\/avatar\/049821681b589dabc0bc20695993ccebb09f5b5d4d790cd9251b97faac7c652b?s=96&d=blank&r=g","caption":"enequipo"},"sameAs":["https:\/\/www.facebook.com\/SonoraEE"]}]}},"jetpack_featured_media_url":"https:\/\/www.sonoraenequipo.com.mx\/storage\/2021\/04\/cong130421.jpg","_links":{"self":[{"href":"https:\/\/www.sonoraenequipo.com.mx\/api\/wp\/v2\/posts\/111529","targetHints":{"allow":["GET"]}}],"collection":[{"href":"https:\/\/www.sonoraenequipo.com.mx\/api\/wp\/v2\/posts"}],"about":[{"href":"https:\/\/www.sonoraenequipo.com.mx\/api\/wp\/v2\/types\/post"}],"author":[{"embeddable":true,"href":"https:\/\/www.sonoraenequipo.com.mx\/api\/wp\/v2\/users\/1"}],"replies":[{"embeddable":true,"href":"https:\/\/www.sonoraenequipo.com.mx\/api\/wp\/v2\/comments?post=111529"}],"version-history":[{"count":3,"href":"https:\/\/www.sonoraenequipo.com.mx\/api\/wp\/v2\/posts\/111529\/revisions"}],"predecessor-version":[{"id":111542,"href":"https:\/\/www.sonoraenequipo.com.mx\/api\/wp\/v2\/posts\/111529\/revisions\/111542"}],"wp:featuredmedia":[{"embeddable":true,"href":"https:\/\/www.sonoraenequipo.com.mx\/api\/wp\/v2\/media\/111533"}],"wp:attachment":[{"href":"https:\/\/www.sonoraenequipo.com.mx\/api\/wp\/v2\/media?parent=111529"}],"wp:term":[{"taxonomy":"category","embeddable":true,"href":"https:\/\/www.sonoraenequipo.com.mx\/api\/wp\/v2\/categories?post=111529"},{"taxonomy":"post_tag","embeddable":true,"href":"https:\/\/www.sonoraenequipo.com.mx\/api\/wp\/v2\/tags?post=111529"}],"curies":[{"name":"wp","href":"https:\/\/api.w.org\/{rel}","templated":true}]}}