{"id":111549,"date":"2021-04-13T22:34:28","date_gmt":"2021-04-14T05:34:28","guid":{"rendered":"https:\/\/www.sonoraenequipo.com.mx\/?p=111549"},"modified":"2021-04-13T22:34:28","modified_gmt":"2021-04-14T05:34:28","slug":"dejar-de-regular-la-cultura-para-recuperar-su-esencia-ricardo-bours","status":"publish","type":"post","link":"https:\/\/www.sonoraenequipo.com.mx\/dejar-de-regular-la-cultura-para-recuperar-su-esencia-ricardo-bours\/","title":{"rendered":"Dejar de regular la cultura para recuperar su esencia: Ricardo Bours"},"content":{"rendered":"<p>HERMOSILLO, SONORA,MX.\u2500\u2500\u00a0 Redireccionar la ruta de la cultura en el estado es la propuesta sobre este \u00e1mbito que tiene el candidato a gobernador, Ricardo Bours.<\/p>\n<p>&nbsp;<\/p>\n<p>Durante una reuni\u00f3n con la asociaci\u00f3n integrada por exalumnos del Tecnol\u00f3gico de Monterrey, Bours Castelo opin\u00f3 que se ha perdido la esencia de los festivales culturales organizados por el gobierno, como el Festival del Pitic y el Festival Alfonso Ortiz Tirado.<\/p>\n<p>&nbsp;<\/p>\n<p>\u00abSe perdi\u00f3 la esencia del FAOT y el presupuesto de cultura se va en traer a Alejandro Fern\u00e1ndez, Mijares y a Emmanuel, que no dejan nada. De cultura, no dejan nada, tenemos que reencauzar eso, establecer cual es la rector\u00eda de la cultura\u00bb, declar\u00f3.<\/p>\n<p>&nbsp;<\/p>\n<p>Asegur\u00f3 que se debe de dejar de intentar regular a la cultura y ver una mejor manera de recuperarla, ya que es algo necesario para la poblaci\u00f3n, especialmente para los ni\u00f1os y j\u00f3venes.<\/p>\n<p>&nbsp;<\/p>\n<p>\u00abSi t\u00fa la regulas (la cultura) pierdes toda la esencia, debe ser la promoci\u00f3n cultural pero hacia d\u00f3nde va para poderla encausar, meterle dinero a eso, en lugar de ser un aparato burocr\u00e1tico \u00fanicamente donde no se les paguen ni siquiera a la Filarm\u00f3nica del Estado que tienen un a\u00f1o reclamando los sueldos; es darle dinero a eso y en lugar de estar alimentando la burocracia gubernamental, es darle dinero a promotores culturales y que se desarrollen solos, el chiste es que la cultura vaya y explote\u00bb, dijo.<\/p>\n<p>&nbsp;<\/p>\n<p>El candidato por Movimiento Ciudadano tambi\u00e9n se\u00f1al\u00f3 que no le interesa hacer grandes obras, sino mejorar la vida de los sonorenses.<\/p>\n<p>&nbsp;<\/p>\n<p>\u00abTengo el proyecto m\u00e1s ambicioso de la historia de Sonora que no implica ninguna obra, quiero mejorar la vida de los sonorenses, que digan: &#8216;despu\u00e9s de Ricardo Bours estamos mejor en Sonora que antes de Ricardo Bours&#8217;. No tiene caso construir edificios y puentes si te van a recordar por eso\u00bb, se\u00f1al\u00f3.<\/p>\n<p>&nbsp;<\/p>\n<p>Posteriormente se reuni\u00f3 con integrantes del Consejo Integrador de la Construcci\u00f3n, la Industria y el Desarrollo (INCIDE), en donde habl\u00f3 de la importancia de fortalecer los organismos empresariales para que sean un contrapeso del gobierno.<\/p>\n<p>Fecha de publicaci\u00f3n \u00a0\u00a0lunes \/\u00a0 12\u00a0 \/ abril \/ 2021<\/p>\n<p>&nbsp;<\/p>\n","protected":false},"excerpt":{"rendered":"<p>HERMOSILLO, SONORA,MX.\u2500\u2500\u00a0 Redireccionar la ruta de la cultura en el estado es la propuesta sobre&#8230;<\/p>\n","protected":false},"author":1,"featured_media":111550,"comment_status":"open","ping_status":"open","sticky":false,"template":"","format":"standard","meta":{"_monsterinsights_skip_tracking":false,"_monsterinsights_sitenote_active":false,"_monsterinsights_sitenote_note":"","_monsterinsights_sitenote_category":0,"footnotes":""},"categories":[8],"tags":[5085,111,5261],"class_list":["post"],"yoast_head":" \n<title>Sonora en Equipo. Dejar de regular la cultura para recuperar su esencia: Ricardo Bours LA ELECCION 2024<\/title>\n<meta name=\"description\" content=\"HERMOSILLO, SONORA,MX.\u2500\u2500\u00a0 Redireccionar la ruta de la cultura en el estado es la propuesta sobre este \u00e1mbito que tiene el candidato a gobernador, Ricardo En Sonora en Equipo publicamos toda la informaci\u00f3n de Sonora, M\u00e9xico y el Mundo de manera oportuna y busca que la libertad de expresi\u00f3n sea real. Visita nuestro medio informativo publicado desde Hermosillo, Sonora. %\" \/>\n<meta name=\"robots\" content=\"index, follow, max-snippet:-1, max-image-preview:large, max-video-preview:-1\" \/>\n<link rel=\"canonical\" href=\"https:\/\/www.sonoraenequipo.com.mx\/dejar-de-regular-la-cultura-para-recuperar-su-esencia-ricardo-bours\/\" \/>\n<meta property=\"og:locale\" content=\"es_ES\" \/>\n<meta property=\"og:type\" content=\"article\" \/>\n<meta property=\"og:title\" content=\"Sonora en Equipo. Dejar de regular la cultura para recuperar su esencia: Ricardo Bours LA ELECCION 2024\" \/>\n<meta property=\"og:description\" content=\"HERMOSILLO, SONORA,MX.\u2500\u2500\u00a0 Redireccionar la ruta de la cultura en el estado es la propuesta sobre este \u00e1mbito que tiene el candidato a gobernador, Ricardo En Sonora en Equipo publicamos toda la informaci\u00f3n de Sonora, M\u00e9xico y el Mundo de manera oportuna y busca que la libertad de expresi\u00f3n sea real. Visita nuestro medio informativo publicado desde Hermosillo, Sonora. %\" \/>\n<meta property=\"og:url\" content=\"https:\/\/www.sonoraenequipo.com.mx\/dejar-de-regular-la-cultura-para-recuperar-su-esencia-ricardo-bours\/\" \/>\n<meta property=\"og:site_name\" content=\"Sonora en Equipo.\" \/>\n<meta property=\"article:publisher\" content=\"https:\/\/www.facebook.com\/SonoraEE\/\" \/>\n<meta property=\"article:author\" content=\"https:\/\/www.facebook.com\/SonoraEE\" \/>\n<meta property=\"article:published_time\" content=\"2021-04-14T05:34:28+00:00\" \/>\n<meta property=\"og:image\" content=\"https:\/\/www.sonoraenequipo.com.mx\/storage\/2021\/04\/rbc-carita.jpg\" \/>\n\t<meta property=\"og:image:width\" content=\"500\" \/>\n\t<meta property=\"og:image:height\" content=\"300\" \/>\n\t<meta property=\"og:image:type\" content=\"image\/jpeg\" \/>\n<meta name=\"author\" content=\"enequipo\" \/>\n<meta name=\"twitter:card\" content=\"summary_large_image\" \/>\n<meta name=\"twitter:creator\" content=\"@sonoraenequipo\" \/>\n<meta name=\"twitter:site\" content=\"@sonoraenequipo\" \/>\n<meta name=\"twitter:label1\" content=\"Escrito por\" \/>\n\t<meta name=\"twitter:data1\" content=\"enequipo\" \/>\n\t<meta name=\"twitter:label2\" content=\"Tiempo de lectura\" \/>\n\t<meta name=\"twitter:data2\" content=\"2 minutos\" \/>\n<script type=\"application\/ld+json\" class=\"yoast-schema-graph\">{\"@context\":\"https:\/\/schema.org\",\"@graph\":[{\"@type\":\"Article\",\"@id\":\"https:\/\/www.sonoraenequipo.com.mx\/dejar-de-regular-la-cultura-para-recuperar-su-esencia-ricardo-bours\/#article\",\"isPartOf\":{\"@id\":\"https:\/\/www.sonoraenequipo.com.mx\/dejar-de-regular-la-cultura-para-recuperar-su-esencia-ricardo-bours\/\"},\"author\":{\"name\":\"enequipo\",\"@id\":\"https:\/\/www.sonoraenequipo.com.mx\/#\/schema\/person\/50102df0fb23a8fa9e8effad8fa81386\"},\"headline\":\"Dejar de regular la cultura para recuperar su esencia: Ricardo Bours\",\"datePublished\":\"2021-04-14T05:34:28+00:00\",\"mainEntityOfPage\":{\"@id\":\"https:\/\/www.sonoraenequipo.com.mx\/dejar-de-regular-la-cultura-para-recuperar-su-esencia-ricardo-bours\/\"},\"wordCount\":384,\"commentCount\":0,\"publisher\":{\"@id\":\"https:\/\/www.sonoraenequipo.com.mx\/#organization\"},\"image\":{\"@id\":\"https:\/\/www.sonoraenequipo.com.mx\/dejar-de-regular-la-cultura-para-recuperar-su-esencia-ricardo-bours\/#primaryimage\"},\"thumbnailUrl\":\"https:\/\/www.sonoraenequipo.com.mx\/storage\/2021\/04\/rbc-carita.jpg\",\"keywords\":[\"Bours\",\"elecciones\",\"sonora2021\"],\"articleSection\":[\"LA ELECCION 2024\"],\"inLanguage\":\"es\",\"potentialAction\":[{\"@type\":\"CommentAction\",\"name\":\"Comment\",\"target\":[\"https:\/\/www.sonoraenequipo.com.mx\/dejar-de-regular-la-cultura-para-recuperar-su-esencia-ricardo-bours\/#respond\"]}]},{\"@type\":\"WebPage\",\"@id\":\"https:\/\/www.sonoraenequipo.com.mx\/dejar-de-regular-la-cultura-para-recuperar-su-esencia-ricardo-bours\/\",\"url\":\"https:\/\/www.sonoraenequipo.com.mx\/dejar-de-regular-la-cultura-para-recuperar-su-esencia-ricardo-bours\/\",\"name\":\"Sonora en Equipo. Dejar de regular la cultura para recuperar su esencia: Ricardo Bours LA ELECCION 2024\",\"isPartOf\":{\"@id\":\"https:\/\/www.sonoraenequipo.com.mx\/#website\"},\"primaryImageOfPage\":{\"@id\":\"https:\/\/www.sonoraenequipo.com.mx\/dejar-de-regular-la-cultura-para-recuperar-su-esencia-ricardo-bours\/#primaryimage\"},\"image\":{\"@id\":\"https:\/\/www.sonoraenequipo.com.mx\/dejar-de-regular-la-cultura-para-recuperar-su-esencia-ricardo-bours\/#primaryimage\"},\"thumbnailUrl\":\"https:\/\/www.sonoraenequipo.com.mx\/storage\/2021\/04\/rbc-carita.jpg\",\"datePublished\":\"2021-04-14T05:34:28+00:00\",\"description\":\"HERMOSILLO, SONORA,MX.\u2500\u2500\u00a0 Redireccionar la ruta de la cultura en el estado es la propuesta sobre este \u00e1mbito que tiene el candidato a gobernador, Ricardo En Sonora en Equipo publicamos toda la informaci\u00f3n de Sonora, M\u00e9xico y el Mundo de manera oportuna y busca que la libertad de expresi\u00f3n sea real. Visita nuestro medio informativo publicado desde Hermosillo, Sonora. %\",\"breadcrumb\":{\"@id\":\"https:\/\/www.sonoraenequipo.com.mx\/dejar-de-regular-la-cultura-para-recuperar-su-esencia-ricardo-bours\/#breadcrumb\"},\"inLanguage\":\"es\",\"potentialAction\":[{\"@type\":\"ReadAction\",\"target\":[\"https:\/\/www.sonoraenequipo.com.mx\/dejar-de-regular-la-cultura-para-recuperar-su-esencia-ricardo-bours\/\"]}]},{\"@type\":\"ImageObject\",\"inLanguage\":\"es\",\"@id\":\"https:\/\/www.sonoraenequipo.com.mx\/dejar-de-regular-la-cultura-para-recuperar-su-esencia-ricardo-bours\/#primaryimage\",\"url\":\"https:\/\/www.sonoraenequipo.com.mx\/storage\/2021\/04\/rbc-carita.jpg\",\"contentUrl\":\"https:\/\/www.sonoraenequipo.com.mx\/storage\/2021\/04\/rbc-carita.jpg\",\"width\":500,\"height\":300},{\"@type\":\"BreadcrumbList\",\"@id\":\"https:\/\/www.sonoraenequipo.com.mx\/dejar-de-regular-la-cultura-para-recuperar-su-esencia-ricardo-bours\/#breadcrumb\",\"itemListElement\":[{\"@type\":\"ListItem\",\"position\":1,\"name\":\"Portada\",\"item\":\"https:\/\/www.sonoraenequipo.com.mx\/\"},{\"@type\":\"ListItem\",\"position\":2,\"name\":\"Dejar de regular la cultura para recuperar su esencia: Ricardo Bours\"}]},{\"@type\":\"WebSite\",\"@id\":\"https:\/\/www.sonoraenequipo.com.mx\/#website\",\"url\":\"https:\/\/www.sonoraenequipo.com.mx\/\",\"name\":\"Sonora en Equipo.\",\"description\":\"Diario en l\u00ednea con Noticias desde Hermosillo, Sonora\",\"publisher\":{\"@id\":\"https:\/\/www.sonoraenequipo.com.mx\/#organization\"},\"potentialAction\":[{\"@type\":\"SearchAction\",\"target\":{\"@type\":\"EntryPoint\",\"urlTemplate\":\"https:\/\/www.sonoraenequipo.com.mx\/?s={search_term_string}\"},\"query-input\":{\"@type\":\"PropertyValueSpecification\",\"valueRequired\":true,\"valueName\":\"search_term_string\"}}],\"inLanguage\":\"es\"},{\"@type\":\"Organization\",\"@id\":\"https:\/\/www.sonoraenequipo.com.mx\/#organization\",\"name\":\"Sonoraenequipo.com.mx\",\"url\":\"https:\/\/www.sonoraenequipo.com.mx\/\",\"logo\":{\"@type\":\"ImageObject\",\"inLanguage\":\"es\",\"@id\":\"https:\/\/www.sonoraenequipo.com.mx\/#\/schema\/logo\/image\/\",\"url\":\"https:\/\/www.sonoraenequipo.com.mx\/storage\/2019\/01\/sonoraenequipo_opt.png\",\"contentUrl\":\"https:\/\/www.sonoraenequipo.com.mx\/storage\/2019\/01\/sonoraenequipo_opt.png\",\"width\":375,\"height\":125,\"caption\":\"Sonoraenequipo.com.mx\"},\"image\":{\"@id\":\"https:\/\/www.sonoraenequipo.com.mx\/#\/schema\/logo\/image\/\"},\"sameAs\":[\"https:\/\/www.facebook.com\/SonoraEE\/\",\"https:\/\/x.com\/sonoraenequipo\",\"https:\/\/www.youtube.com\/channel\/UC338nW-lPEYmJQs4ZABQ1SQ\"]},{\"@type\":\"Person\",\"@id\":\"https:\/\/www.sonoraenequipo.com.mx\/#\/schema\/person\/50102df0fb23a8fa9e8effad8fa81386\",\"name\":\"enequipo\",\"image\":{\"@type\":\"ImageObject\",\"inLanguage\":\"es\",\"@id\":\"https:\/\/www.sonoraenequipo.com.mx\/#\/schema\/person\/image\/\",\"url\":\"https:\/\/secure.gravatar.com\/avatar\/049821681b589dabc0bc20695993ccebb09f5b5d4d790cd9251b97faac7c652b?s=96&d=blank&r=g\",\"contentUrl\":\"https:\/\/secure.gravatar.com\/avatar\/049821681b589dabc0bc20695993ccebb09f5b5d4d790cd9251b97faac7c652b?s=96&d=blank&r=g\",\"caption\":\"enequipo\"},\"sameAs\":[\"https:\/\/www.facebook.com\/SonoraEE\"]}]}<\/script>\n ","yoast_head_json":{"title":"Sonora en Equipo. Dejar de regular la cultura para recuperar su esencia: Ricardo Bours LA ELECCION 2024","description":"HERMOSILLO, SONORA,MX.\u2500\u2500\u00a0 Redireccionar la ruta de la cultura en el estado es la propuesta sobre este \u00e1mbito que tiene el candidato a gobernador, Ricardo En Sonora en Equipo publicamos toda la informaci\u00f3n de Sonora, M\u00e9xico y el Mundo de manera oportuna y busca que la libertad de expresi\u00f3n sea real. Visita nuestro medio informativo publicado desde Hermosillo, Sonora. %","robots":{"index":"index","follow":"follow","max-snippet":"max-snippet:-1","max-image-preview":"max-image-preview:large","max-video-preview":"max-video-preview:-1"},"canonical":"https:\/\/www.sonoraenequipo.com.mx\/dejar-de-regular-la-cultura-para-recuperar-su-esencia-ricardo-bours\/","og_locale":"es_ES","og_type":"article","og_title":"Sonora en Equipo. Dejar de regular la cultura para recuperar su esencia: Ricardo Bours LA ELECCION 2024","og_description":"HERMOSILLO, SONORA,MX.\u2500\u2500\u00a0 Redireccionar la ruta de la cultura en el estado es la propuesta sobre este \u00e1mbito que tiene el candidato a gobernador, Ricardo En Sonora en Equipo publicamos toda la informaci\u00f3n de Sonora, M\u00e9xico y el Mundo de manera oportuna y busca que la libertad de expresi\u00f3n sea real. Visita nuestro medio informativo publicado desde Hermosillo, Sonora. %","og_url":"https:\/\/www.sonoraenequipo.com.mx\/dejar-de-regular-la-cultura-para-recuperar-su-esencia-ricardo-bours\/","og_site_name":"Sonora en Equipo.","article_publisher":"https:\/\/www.facebook.com\/SonoraEE\/","article_author":"https:\/\/www.facebook.com\/SonoraEE","article_published_time":"2021-04-14T05:34:28+00:00","og_image":[{"width":500,"height":300,"url":"https:\/\/www.sonoraenequipo.com.mx\/storage\/2021\/04\/rbc-carita.jpg","type":"image\/jpeg"}],"author":"enequipo","twitter_card":"summary_large_image","twitter_creator":"@sonoraenequipo","twitter_site":"@sonoraenequipo","twitter_misc":{"Escrito por":"enequipo","Tiempo de lectura":"2 minutos"},"schema":{"@context":"https:\/\/schema.org","@graph":[{"@type":"Article","@id":"https:\/\/www.sonoraenequipo.com.mx\/dejar-de-regular-la-cultura-para-recuperar-su-esencia-ricardo-bours\/#article","isPartOf":{"@id":"https:\/\/www.sonoraenequipo.com.mx\/dejar-de-regular-la-cultura-para-recuperar-su-esencia-ricardo-bours\/"},"author":{"name":"enequipo","@id":"https:\/\/www.sonoraenequipo.com.mx\/#\/schema\/person\/50102df0fb23a8fa9e8effad8fa81386"},"headline":"Dejar de regular la cultura para recuperar su esencia: Ricardo Bours","datePublished":"2021-04-14T05:34:28+00:00","mainEntityOfPage":{"@id":"https:\/\/www.sonoraenequipo.com.mx\/dejar-de-regular-la-cultura-para-recuperar-su-esencia-ricardo-bours\/"},"wordCount":384,"commentCount":0,"publisher":{"@id":"https:\/\/www.sonoraenequipo.com.mx\/#organization"},"image":{"@id":"https:\/\/www.sonoraenequipo.com.mx\/dejar-de-regular-la-cultura-para-recuperar-su-esencia-ricardo-bours\/#primaryimage"},"thumbnailUrl":"https:\/\/www.sonoraenequipo.com.mx\/storage\/2021\/04\/rbc-carita.jpg","keywords":["Bours","elecciones","sonora2021"],"articleSection":["LA ELECCION 2024"],"inLanguage":"es","potentialAction":[{"@type":"CommentAction","name":"Comment","target":["https:\/\/www.sonoraenequipo.com.mx\/dejar-de-regular-la-cultura-para-recuperar-su-esencia-ricardo-bours\/#respond"]}]},{"@type":"WebPage","@id":"https:\/\/www.sonoraenequipo.com.mx\/dejar-de-regular-la-cultura-para-recuperar-su-esencia-ricardo-bours\/","url":"https:\/\/www.sonoraenequipo.com.mx\/dejar-de-regular-la-cultura-para-recuperar-su-esencia-ricardo-bours\/","name":"Sonora en Equipo. Dejar de regular la cultura para recuperar su esencia: Ricardo Bours LA ELECCION 2024","isPartOf":{"@id":"https:\/\/www.sonoraenequipo.com.mx\/#website"},"primaryImageOfPage":{"@id":"https:\/\/www.sonoraenequipo.com.mx\/dejar-de-regular-la-cultura-para-recuperar-su-esencia-ricardo-bours\/#primaryimage"},"image":{"@id":"https:\/\/www.sonoraenequipo.com.mx\/dejar-de-regular-la-cultura-para-recuperar-su-esencia-ricardo-bours\/#primaryimage"},"thumbnailUrl":"https:\/\/www.sonoraenequipo.com.mx\/storage\/2021\/04\/rbc-carita.jpg","datePublished":"2021-04-14T05:34:28+00:00","description":"HERMOSILLO, SONORA,MX.\u2500\u2500\u00a0 Redireccionar la ruta de la cultura en el estado es la propuesta sobre este \u00e1mbito que tiene el candidato a gobernador, Ricardo En Sonora en Equipo publicamos toda la informaci\u00f3n de Sonora, M\u00e9xico y el Mundo de manera oportuna y busca que la libertad de expresi\u00f3n sea real. Visita nuestro medio informativo publicado desde Hermosillo, Sonora. %","breadcrumb":{"@id":"https:\/\/www.sonoraenequipo.com.mx\/dejar-de-regular-la-cultura-para-recuperar-su-esencia-ricardo-bours\/#breadcrumb"},"inLanguage":"es","potentialAction":[{"@type":"ReadAction","target":["https:\/\/www.sonoraenequipo.com.mx\/dejar-de-regular-la-cultura-para-recuperar-su-esencia-ricardo-bours\/"]}]},{"@type":"ImageObject","inLanguage":"es","@id":"https:\/\/www.sonoraenequipo.com.mx\/dejar-de-regular-la-cultura-para-recuperar-su-esencia-ricardo-bours\/#primaryimage","url":"https:\/\/www.sonoraenequipo.com.mx\/storage\/2021\/04\/rbc-carita.jpg","contentUrl":"https:\/\/www.sonoraenequipo.com.mx\/storage\/2021\/04\/rbc-carita.jpg","width":500,"height":300},{"@type":"BreadcrumbList","@id":"https:\/\/www.sonoraenequipo.com.mx\/dejar-de-regular-la-cultura-para-recuperar-su-esencia-ricardo-bours\/#breadcrumb","itemListElement":[{"@type":"ListItem","position":1,"name":"Portada","item":"https:\/\/www.sonoraenequipo.com.mx\/"},{"@type":"ListItem","position":2,"name":"Dejar de regular la cultura para recuperar su esencia: Ricardo Bours"}]},{"@type":"WebSite","@id":"https:\/\/www.sonoraenequipo.com.mx\/#website","url":"https:\/\/www.sonoraenequipo.com.mx\/","name":"Sonora en Equipo.","description":"Diario en l\u00ednea con Noticias desde Hermosillo, Sonora","publisher":{"@id":"https:\/\/www.sonoraenequipo.com.mx\/#organization"},"potentialAction":[{"@type":"SearchAction","target":{"@type":"EntryPoint","urlTemplate":"https:\/\/www.sonoraenequipo.com.mx\/?s={search_term_string}"},"query-input":{"@type":"PropertyValueSpecification","valueRequired":true,"valueName":"search_term_string"}}],"inLanguage":"es"},{"@type":"Organization","@id":"https:\/\/www.sonoraenequipo.com.mx\/#organization","name":"Sonoraenequipo.com.mx","url":"https:\/\/www.sonoraenequipo.com.mx\/","logo":{"@type":"ImageObject","inLanguage":"es","@id":"https:\/\/www.sonoraenequipo.com.mx\/#\/schema\/logo\/image\/","url":"https:\/\/www.sonoraenequipo.com.mx\/storage\/2019\/01\/sonoraenequipo_opt.png","contentUrl":"https:\/\/www.sonoraenequipo.com.mx\/storage\/2019\/01\/sonoraenequipo_opt.png","width":375,"height":125,"caption":"Sonoraenequipo.com.mx"},"image":{"@id":"https:\/\/www.sonoraenequipo.com.mx\/#\/schema\/logo\/image\/"},"sameAs":["https:\/\/www.facebook.com\/SonoraEE\/","https:\/\/x.com\/sonoraenequipo","https:\/\/www.youtube.com\/channel\/UC338nW-lPEYmJQs4ZABQ1SQ"]},{"@type":"Person","@id":"https:\/\/www.sonoraenequipo.com.mx\/#\/schema\/person\/50102df0fb23a8fa9e8effad8fa81386","name":"enequipo","image":{"@type":"ImageObject","inLanguage":"es","@id":"https:\/\/www.sonoraenequipo.com.mx\/#\/schema\/person\/image\/","url":"https:\/\/secure.gravatar.com\/avatar\/049821681b589dabc0bc20695993ccebb09f5b5d4d790cd9251b97faac7c652b?s=96&d=blank&r=g","contentUrl":"https:\/\/secure.gravatar.com\/avatar\/049821681b589dabc0bc20695993ccebb09f5b5d4d790cd9251b97faac7c652b?s=96&d=blank&r=g","caption":"enequipo"},"sameAs":["https:\/\/www.facebook.com\/SonoraEE"]}]}},"jetpack_featured_media_url":"https:\/\/www.sonoraenequipo.com.mx\/storage\/2021\/04\/rbc-carita.jpg","_links":{"self":[{"href":"https:\/\/www.sonoraenequipo.com.mx\/api\/wp\/v2\/posts\/111549","targetHints":{"allow":["GET"]}}],"collection":[{"href":"https:\/\/www.sonoraenequipo.com.mx\/api\/wp\/v2\/posts"}],"about":[{"href":"https:\/\/www.sonoraenequipo.com.mx\/api\/wp\/v2\/types\/post"}],"author":[{"embeddable":true,"href":"https:\/\/www.sonoraenequipo.com.mx\/api\/wp\/v2\/users\/1"}],"replies":[{"embeddable":true,"href":"https:\/\/www.sonoraenequipo.com.mx\/api\/wp\/v2\/comments?post=111549"}],"version-history":[{"count":1,"href":"https:\/\/www.sonoraenequipo.com.mx\/api\/wp\/v2\/posts\/111549\/revisions"}],"predecessor-version":[{"id":111551,"href":"https:\/\/www.sonoraenequipo.com.mx\/api\/wp\/v2\/posts\/111549\/revisions\/111551"}],"wp:featuredmedia":[{"embeddable":true,"href":"https:\/\/www.sonoraenequipo.com.mx\/api\/wp\/v2\/media\/111550"}],"wp:attachment":[{"href":"https:\/\/www.sonoraenequipo.com.mx\/api\/wp\/v2\/media?parent=111549"}],"wp:term":[{"taxonomy":"category","embeddable":true,"href":"https:\/\/www.sonoraenequipo.com.mx\/api\/wp\/v2\/categories?post=111549"},{"taxonomy":"post_tag","embeddable":true,"href":"https:\/\/www.sonoraenequipo.com.mx\/api\/wp\/v2\/tags?post=111549"}],"curies":[{"name":"wp","href":"https:\/\/api.w.org\/{rel}","templated":true}]}}