{"id":111557,"date":"2021-04-14T12:20:28","date_gmt":"2021-04-14T19:20:28","guid":{"rendered":"https:\/\/www.sonoraenequipo.com.mx\/?p=111557"},"modified":"2021-04-14T17:40:18","modified_gmt":"2021-04-15T00:40:18","slug":"bukele-sera-tratado-como-amenaza-a-la-seguridad-nacional-si-continua-interferencia-albio-sires","status":"publish","type":"post","link":"https:\/\/www.sonoraenequipo.com.mx\/bukele-sera-tratado-como-amenaza-a-la-seguridad-nacional-si-continua-interferencia-albio-sires\/","title":{"rendered":"\u00abBukele ser\u00e1 tratado como \u00abamenaza a la seguridad nacional\u00bb si contin\u00faa \u00abinterferencia\u00bb: Albio Sires"},"content":{"rendered":"<p>WASHINGTON. EE.UU.\u2500 \u00a0El legislador dem\u00f3crata Albio Sires acus\u00f3 el mi\u00e9rcoles al presidente de El Salvador, Nayib Bukele, de \u00abinterferir\u00bb en las elecciones de Estados Unidos, advirtiendo que si contin\u00faa haci\u00e9ndolo, el hecho ser\u00e1 enfrentado como \u00abuna amenaza de seguridad nacional para la naci\u00f3n\u00bb.<\/p>\n<p>&nbsp;<\/p>\n<p> <\/p>\n<p>&nbsp;<\/p>\n<p>Sires aludi\u00f3 al tema durante una audiencia en la C\u00e1mara de Representantes a la que asiste el mi\u00e9rcoles, para abordar el tema de las causas de la inmigraci\u00f3n desde Centroam\u00e9rica hacia Estados Unidos.<\/p>\n<p>&nbsp;<\/p>\n<p>\u00abEn las \u00faltimas semanas, funcionarios del gobierno salvadore\u00f1o han intentado desacreditar a miembros individuales del Congreso de Estados Unidos\u00bb, dijo Sires, en alusi\u00f3n a la controversia a trav\u00e9s de Twitter entre Bukele y la legisladora de origen centroamericano Norma Torres.<\/p>\n<p>&nbsp;<\/p>\n<p>Bukele inst\u00f3 a principios de mes a los votantes de un distrito de California a votar contra la legisladora Torres.<\/p>\n<p>&nbsp;<\/p>\n<p>\u00abDesafortunadamente, esta campa\u00f1a para manipular la percepci\u00f3n p\u00fablica ha sido apoyada por millones de d\u00f3lares en pagos a los lobbistas\u00bb, afirm\u00f3 Sires el mi\u00e9rcoles.<\/p>\n<p>&nbsp;<\/p>\n<p>Bukele inst\u00f3 a principios de mes a los votantes de un distrito de California a votar contra la legisladora de origen centroamericano, Norma Torres. El enviado especial de la Casa Blanca para el Tri\u00e1ngulo Norte, Ricardo Z\u00fa\u00f1iga, dijo que \u00abes inceptable bajo cualquier circunstancia\u00bb lo que catalog\u00f3 como \u00abinterferencia\u00bb en el proceso pol\u00edtico estadounidense.<\/p>\n<p>&nbsp;<\/p>\n<p>El enviado especial de la Casa Blanca para el Tri\u00e1ngulo Norte, Ricardo Z\u00fa\u00f1iga, dijo que \u00abes inaceptable bajo cualquier circunstancia\u00bb lo que catalog\u00f3 como \u00abinterferencia\u00bb en el proceso pol\u00edtico de Estados Unidos de parte del presidente salvadore\u00f1o.<\/p>\n<p>&nbsp;<\/p>\n<p><strong>Caucus hispano cataloga de \u00abataques\u00bb declaraciones de Bukele<\/strong><\/p>\n<p>Las declaraciones de Sires llegan luego de una serie de tuits publicados entre la congresista Torres, \u00fanica representante de origen centroamericano en el Congreso de Estados Unidos, y el presidente Bukele con relaci\u00f3n a la situaci\u00f3n migratoria de ese pa\u00eds. Como resultado, el Caucus Hispano del Congreso emiti\u00f3 una declaraci\u00f3n p\u00fablica contra el mandatario salvadore\u00f1o.<\/p>\n<p>&nbsp;<\/p>\n<p>Seg\u00fan lo expresado por los congresistas, las palabras del presidente de El Salvador han escalado hasta volverse \u00abataques\u00bb.<\/p>\n<p>&nbsp;<\/p>\n<p>\u00abEl Caucus Hispano del Congreso denuncia en\u00e9rgicamente los recientes ataques contra nuestra compa\u00f1era, la congresista Norma J. Torres\u00bb, indic\u00f3 el documento publicado el martes.<\/p>\n<p>&nbsp;<\/p>\n<p>El texto expres\u00f3 que las acciones del presidente Bukele contra la congresista Torres \u00absocavan\u00bb los esfuerzos de ambas partes para \u00abconstruir una relaci\u00f3n entre Estados Unidos y El Salvador que beneficie a la gente de ambos pa\u00edses\u00bb y dejan en evidencia c\u00f3mo las mujeres sufren ataques cuando desaf\u00edan a los que est\u00e1n en el poder.<\/p>\n<p>&nbsp;<\/p>\n<p>El presidente Bukele ha dicho incluso que Estados Unidos debe abandonar el concepto de Tri\u00e1ngulo Norte.<\/p>\n<p>Fecha de publicaci\u00f3n \u00a0\u00a0mi\u00e9rcoles \u00a0\/\u00a0 14\u00a0 \/ abril \/ 2021\/ Por Alejandra Arredondo, Rosa Tania Vald\u00e9s \/\u00a0 VOA<\/p>\n<p>&nbsp;<\/p>\n<p>&nbsp;<\/p>\n","protected":false},"excerpt":{"rendered":"<p>WASHINGTON. EE.UU.\u2500 \u00a0El legislador dem\u00f3crata Albio Sires acus\u00f3 el mi\u00e9rcoles al presidente de El Salvador,&#8230;<\/p>\n","protected":false},"author":1,"featured_media":111558,"comment_status":"open","ping_status":"open","sticky":false,"template":"","format":"standard","meta":{"_monsterinsights_skip_tracking":false,"_monsterinsights_sitenote_active":false,"_monsterinsights_sitenote_note":"","_monsterinsights_sitenote_category":0,"footnotes":""},"categories":[3],"tags":[5610,1916,5611],"class_list":["post"],"yoast_head":" \n<title>Sonora en Equipo. &quot;Bukele ser\u00e1 tratado como &quot;amenaza a la seguridad nacional&quot; si contin\u00faa &quot;interferencia&quot;: Albio Sires MUNDO<\/title>\n<meta name=\"description\" content=\"WASHINGTON. EE.UU.\u2500 \u00a0El legislador dem\u00f3crata Albio Sires acus\u00f3 el mi\u00e9rcoles al presidente de El Salvador, Nayib Bukele, de &quot;interferir&quot; en las elecciones En Sonora en Equipo publicamos toda la informaci\u00f3n de Sonora, M\u00e9xico y el Mundo de manera oportuna y busca que la libertad de expresi\u00f3n sea real. Visita nuestro medio informativo publicado desde Hermosillo, Sonora. %\" \/>\n<meta name=\"robots\" content=\"index, follow, max-snippet:-1, max-image-preview:large, max-video-preview:-1\" \/>\n<link rel=\"canonical\" href=\"https:\/\/www.sonoraenequipo.com.mx\/bukele-sera-tratado-como-amenaza-a-la-seguridad-nacional-si-continua-interferencia-albio-sires\/\" \/>\n<meta property=\"og:locale\" content=\"es_ES\" \/>\n<meta property=\"og:type\" content=\"article\" \/>\n<meta property=\"og:title\" content=\"Sonora en Equipo. &quot;Bukele ser\u00e1 tratado como &quot;amenaza a la seguridad nacional&quot; si contin\u00faa &quot;interferencia&quot;: Albio Sires MUNDO\" \/>\n<meta property=\"og:description\" content=\"WASHINGTON. EE.UU.\u2500 \u00a0El legislador dem\u00f3crata Albio Sires acus\u00f3 el mi\u00e9rcoles al presidente de El Salvador, Nayib Bukele, de &quot;interferir&quot; en las elecciones En Sonora en Equipo publicamos toda la informaci\u00f3n de Sonora, M\u00e9xico y el Mundo de manera oportuna y busca que la libertad de expresi\u00f3n sea real. Visita nuestro medio informativo publicado desde Hermosillo, Sonora. %\" \/>\n<meta property=\"og:url\" content=\"https:\/\/www.sonoraenequipo.com.mx\/bukele-sera-tratado-como-amenaza-a-la-seguridad-nacional-si-continua-interferencia-albio-sires\/\" \/>\n<meta property=\"og:site_name\" content=\"Sonora en Equipo.\" \/>\n<meta property=\"article:publisher\" content=\"https:\/\/www.facebook.com\/SonoraEE\/\" \/>\n<meta property=\"article:author\" content=\"https:\/\/www.facebook.com\/SonoraEE\" \/>\n<meta property=\"article:published_time\" content=\"2021-04-14T19:20:28+00:00\" \/>\n<meta property=\"article:modified_time\" content=\"2021-04-15T00:40:18+00:00\" \/>\n<meta property=\"og:image\" content=\"https:\/\/www.sonoraenequipo.com.mx\/storage\/2021\/04\/BUKELE.jpg\" \/>\n\t<meta property=\"og:image:width\" content=\"500\" \/>\n\t<meta property=\"og:image:height\" content=\"300\" \/>\n\t<meta property=\"og:image:type\" content=\"image\/jpeg\" \/>\n<meta name=\"author\" content=\"enequipo\" \/>\n<meta name=\"twitter:card\" content=\"summary_large_image\" \/>\n<meta name=\"twitter:creator\" content=\"@sonoraenequipo\" \/>\n<meta name=\"twitter:site\" content=\"@sonoraenequipo\" \/>\n<meta name=\"twitter:label1\" content=\"Escrito por\" \/>\n\t<meta name=\"twitter:data1\" content=\"enequipo\" \/>\n\t<meta name=\"twitter:label2\" content=\"Tiempo de lectura\" \/>\n\t<meta name=\"twitter:data2\" content=\"2 minutos\" \/>\n<script type=\"application\/ld+json\" class=\"yoast-schema-graph\">{\"@context\":\"https:\/\/schema.org\",\"@graph\":[{\"@type\":\"Article\",\"@id\":\"https:\/\/www.sonoraenequipo.com.mx\/bukele-sera-tratado-como-amenaza-a-la-seguridad-nacional-si-continua-interferencia-albio-sires\/#article\",\"isPartOf\":{\"@id\":\"https:\/\/www.sonoraenequipo.com.mx\/bukele-sera-tratado-como-amenaza-a-la-seguridad-nacional-si-continua-interferencia-albio-sires\/\"},\"author\":{\"name\":\"enequipo\",\"@id\":\"https:\/\/www.sonoraenequipo.com.mx\/#\/schema\/person\/50102df0fb23a8fa9e8effad8fa81386\"},\"headline\":\"\u00abBukele ser\u00e1 tratado como \u00abamenaza a la seguridad nacional\u00bb si contin\u00faa \u00abinterferencia\u00bb: Albio Sires\",\"datePublished\":\"2021-04-14T19:20:28+00:00\",\"dateModified\":\"2021-04-15T00:40:18+00:00\",\"mainEntityOfPage\":{\"@id\":\"https:\/\/www.sonoraenequipo.com.mx\/bukele-sera-tratado-como-amenaza-a-la-seguridad-nacional-si-continua-interferencia-albio-sires\/\"},\"wordCount\":511,\"commentCount\":0,\"publisher\":{\"@id\":\"https:\/\/www.sonoraenequipo.com.mx\/#organization\"},\"image\":{\"@id\":\"https:\/\/www.sonoraenequipo.com.mx\/bukele-sera-tratado-como-amenaza-a-la-seguridad-nacional-si-continua-interferencia-albio-sires\/#primaryimage\"},\"thumbnailUrl\":\"https:\/\/www.sonoraenequipo.com.mx\/storage\/2021\/04\/BUKELE.jpg\",\"keywords\":[\"bukele\",\"EE UU\",\"norma torres\"],\"articleSection\":[\"MUNDO\"],\"inLanguage\":\"es\",\"potentialAction\":[{\"@type\":\"CommentAction\",\"name\":\"Comment\",\"target\":[\"https:\/\/www.sonoraenequipo.com.mx\/bukele-sera-tratado-como-amenaza-a-la-seguridad-nacional-si-continua-interferencia-albio-sires\/#respond\"]}]},{\"@type\":\"WebPage\",\"@id\":\"https:\/\/www.sonoraenequipo.com.mx\/bukele-sera-tratado-como-amenaza-a-la-seguridad-nacional-si-continua-interferencia-albio-sires\/\",\"url\":\"https:\/\/www.sonoraenequipo.com.mx\/bukele-sera-tratado-como-amenaza-a-la-seguridad-nacional-si-continua-interferencia-albio-sires\/\",\"name\":\"Sonora en Equipo. \\\"Bukele ser\u00e1 tratado como \\\"amenaza a la seguridad nacional\\\" si contin\u00faa \\\"interferencia\\\": Albio Sires MUNDO\",\"isPartOf\":{\"@id\":\"https:\/\/www.sonoraenequipo.com.mx\/#website\"},\"primaryImageOfPage\":{\"@id\":\"https:\/\/www.sonoraenequipo.com.mx\/bukele-sera-tratado-como-amenaza-a-la-seguridad-nacional-si-continua-interferencia-albio-sires\/#primaryimage\"},\"image\":{\"@id\":\"https:\/\/www.sonoraenequipo.com.mx\/bukele-sera-tratado-como-amenaza-a-la-seguridad-nacional-si-continua-interferencia-albio-sires\/#primaryimage\"},\"thumbnailUrl\":\"https:\/\/www.sonoraenequipo.com.mx\/storage\/2021\/04\/BUKELE.jpg\",\"datePublished\":\"2021-04-14T19:20:28+00:00\",\"dateModified\":\"2021-04-15T00:40:18+00:00\",\"description\":\"WASHINGTON. EE.UU.\u2500 \u00a0El legislador dem\u00f3crata Albio Sires acus\u00f3 el mi\u00e9rcoles al presidente de El Salvador, Nayib Bukele, de \\\"interferir\\\" en las elecciones En Sonora en Equipo publicamos toda la informaci\u00f3n de Sonora, M\u00e9xico y el Mundo de manera oportuna y busca que la libertad de expresi\u00f3n sea real. Visita nuestro medio informativo publicado desde Hermosillo, Sonora. %\",\"breadcrumb\":{\"@id\":\"https:\/\/www.sonoraenequipo.com.mx\/bukele-sera-tratado-como-amenaza-a-la-seguridad-nacional-si-continua-interferencia-albio-sires\/#breadcrumb\"},\"inLanguage\":\"es\",\"potentialAction\":[{\"@type\":\"ReadAction\",\"target\":[\"https:\/\/www.sonoraenequipo.com.mx\/bukele-sera-tratado-como-amenaza-a-la-seguridad-nacional-si-continua-interferencia-albio-sires\/\"]}]},{\"@type\":\"ImageObject\",\"inLanguage\":\"es\",\"@id\":\"https:\/\/www.sonoraenequipo.com.mx\/bukele-sera-tratado-como-amenaza-a-la-seguridad-nacional-si-continua-interferencia-albio-sires\/#primaryimage\",\"url\":\"https:\/\/www.sonoraenequipo.com.mx\/storage\/2021\/04\/BUKELE.jpg\",\"contentUrl\":\"https:\/\/www.sonoraenequipo.com.mx\/storage\/2021\/04\/BUKELE.jpg\",\"width\":500,\"height\":300},{\"@type\":\"BreadcrumbList\",\"@id\":\"https:\/\/www.sonoraenequipo.com.mx\/bukele-sera-tratado-como-amenaza-a-la-seguridad-nacional-si-continua-interferencia-albio-sires\/#breadcrumb\",\"itemListElement\":[{\"@type\":\"ListItem\",\"position\":1,\"name\":\"Portada\",\"item\":\"https:\/\/www.sonoraenequipo.com.mx\/\"},{\"@type\":\"ListItem\",\"position\":2,\"name\":\"\u00abBukele ser\u00e1 tratado como \u00abamenaza a la seguridad nacional\u00bb si contin\u00faa \u00abinterferencia\u00bb: Albio Sires\"}]},{\"@type\":\"WebSite\",\"@id\":\"https:\/\/www.sonoraenequipo.com.mx\/#website\",\"url\":\"https:\/\/www.sonoraenequipo.com.mx\/\",\"name\":\"Sonora en Equipo.\",\"description\":\"Diario en l\u00ednea con Noticias desde Hermosillo, Sonora\",\"publisher\":{\"@id\":\"https:\/\/www.sonoraenequipo.com.mx\/#organization\"},\"potentialAction\":[{\"@type\":\"SearchAction\",\"target\":{\"@type\":\"EntryPoint\",\"urlTemplate\":\"https:\/\/www.sonoraenequipo.com.mx\/?s={search_term_string}\"},\"query-input\":{\"@type\":\"PropertyValueSpecification\",\"valueRequired\":true,\"valueName\":\"search_term_string\"}}],\"inLanguage\":\"es\"},{\"@type\":\"Organization\",\"@id\":\"https:\/\/www.sonoraenequipo.com.mx\/#organization\",\"name\":\"Sonoraenequipo.com.mx\",\"url\":\"https:\/\/www.sonoraenequipo.com.mx\/\",\"logo\":{\"@type\":\"ImageObject\",\"inLanguage\":\"es\",\"@id\":\"https:\/\/www.sonoraenequipo.com.mx\/#\/schema\/logo\/image\/\",\"url\":\"https:\/\/www.sonoraenequipo.com.mx\/storage\/2019\/01\/sonoraenequipo_opt.png\",\"contentUrl\":\"https:\/\/www.sonoraenequipo.com.mx\/storage\/2019\/01\/sonoraenequipo_opt.png\",\"width\":375,\"height\":125,\"caption\":\"Sonoraenequipo.com.mx\"},\"image\":{\"@id\":\"https:\/\/www.sonoraenequipo.com.mx\/#\/schema\/logo\/image\/\"},\"sameAs\":[\"https:\/\/www.facebook.com\/SonoraEE\/\",\"https:\/\/x.com\/sonoraenequipo\",\"https:\/\/www.youtube.com\/channel\/UC338nW-lPEYmJQs4ZABQ1SQ\"]},{\"@type\":\"Person\",\"@id\":\"https:\/\/www.sonoraenequipo.com.mx\/#\/schema\/person\/50102df0fb23a8fa9e8effad8fa81386\",\"name\":\"enequipo\",\"image\":{\"@type\":\"ImageObject\",\"inLanguage\":\"es\",\"@id\":\"https:\/\/www.sonoraenequipo.com.mx\/#\/schema\/person\/image\/\",\"url\":\"https:\/\/secure.gravatar.com\/avatar\/049821681b589dabc0bc20695993ccebb09f5b5d4d790cd9251b97faac7c652b?s=96&d=blank&r=g\",\"contentUrl\":\"https:\/\/secure.gravatar.com\/avatar\/049821681b589dabc0bc20695993ccebb09f5b5d4d790cd9251b97faac7c652b?s=96&d=blank&r=g\",\"caption\":\"enequipo\"},\"sameAs\":[\"https:\/\/www.facebook.com\/SonoraEE\"]}]}<\/script>\n ","yoast_head_json":{"title":"Sonora en Equipo. \"Bukele ser\u00e1 tratado como \"amenaza a la seguridad nacional\" si contin\u00faa \"interferencia\": Albio Sires MUNDO","description":"WASHINGTON. EE.UU.\u2500 \u00a0El legislador dem\u00f3crata Albio Sires acus\u00f3 el mi\u00e9rcoles al presidente de El Salvador, Nayib Bukele, de \"interferir\" en las elecciones En Sonora en Equipo publicamos toda la informaci\u00f3n de Sonora, M\u00e9xico y el Mundo de manera oportuna y busca que la libertad de expresi\u00f3n sea real. Visita nuestro medio informativo publicado desde Hermosillo, Sonora. %","robots":{"index":"index","follow":"follow","max-snippet":"max-snippet:-1","max-image-preview":"max-image-preview:large","max-video-preview":"max-video-preview:-1"},"canonical":"https:\/\/www.sonoraenequipo.com.mx\/bukele-sera-tratado-como-amenaza-a-la-seguridad-nacional-si-continua-interferencia-albio-sires\/","og_locale":"es_ES","og_type":"article","og_title":"Sonora en Equipo. \"Bukele ser\u00e1 tratado como \"amenaza a la seguridad nacional\" si contin\u00faa \"interferencia\": Albio Sires MUNDO","og_description":"WASHINGTON. EE.UU.\u2500 \u00a0El legislador dem\u00f3crata Albio Sires acus\u00f3 el mi\u00e9rcoles al presidente de El Salvador, Nayib Bukele, de \"interferir\" en las elecciones En Sonora en Equipo publicamos toda la informaci\u00f3n de Sonora, M\u00e9xico y el Mundo de manera oportuna y busca que la libertad de expresi\u00f3n sea real. Visita nuestro medio informativo publicado desde Hermosillo, Sonora. %","og_url":"https:\/\/www.sonoraenequipo.com.mx\/bukele-sera-tratado-como-amenaza-a-la-seguridad-nacional-si-continua-interferencia-albio-sires\/","og_site_name":"Sonora en Equipo.","article_publisher":"https:\/\/www.facebook.com\/SonoraEE\/","article_author":"https:\/\/www.facebook.com\/SonoraEE","article_published_time":"2021-04-14T19:20:28+00:00","article_modified_time":"2021-04-15T00:40:18+00:00","og_image":[{"width":500,"height":300,"url":"https:\/\/www.sonoraenequipo.com.mx\/storage\/2021\/04\/BUKELE.jpg","type":"image\/jpeg"}],"author":"enequipo","twitter_card":"summary_large_image","twitter_creator":"@sonoraenequipo","twitter_site":"@sonoraenequipo","twitter_misc":{"Escrito por":"enequipo","Tiempo de lectura":"2 minutos"},"schema":{"@context":"https:\/\/schema.org","@graph":[{"@type":"Article","@id":"https:\/\/www.sonoraenequipo.com.mx\/bukele-sera-tratado-como-amenaza-a-la-seguridad-nacional-si-continua-interferencia-albio-sires\/#article","isPartOf":{"@id":"https:\/\/www.sonoraenequipo.com.mx\/bukele-sera-tratado-como-amenaza-a-la-seguridad-nacional-si-continua-interferencia-albio-sires\/"},"author":{"name":"enequipo","@id":"https:\/\/www.sonoraenequipo.com.mx\/#\/schema\/person\/50102df0fb23a8fa9e8effad8fa81386"},"headline":"\u00abBukele ser\u00e1 tratado como \u00abamenaza a la seguridad nacional\u00bb si contin\u00faa \u00abinterferencia\u00bb: Albio Sires","datePublished":"2021-04-14T19:20:28+00:00","dateModified":"2021-04-15T00:40:18+00:00","mainEntityOfPage":{"@id":"https:\/\/www.sonoraenequipo.com.mx\/bukele-sera-tratado-como-amenaza-a-la-seguridad-nacional-si-continua-interferencia-albio-sires\/"},"wordCount":511,"commentCount":0,"publisher":{"@id":"https:\/\/www.sonoraenequipo.com.mx\/#organization"},"image":{"@id":"https:\/\/www.sonoraenequipo.com.mx\/bukele-sera-tratado-como-amenaza-a-la-seguridad-nacional-si-continua-interferencia-albio-sires\/#primaryimage"},"thumbnailUrl":"https:\/\/www.sonoraenequipo.com.mx\/storage\/2021\/04\/BUKELE.jpg","keywords":["bukele","EE UU","norma torres"],"articleSection":["MUNDO"],"inLanguage":"es","potentialAction":[{"@type":"CommentAction","name":"Comment","target":["https:\/\/www.sonoraenequipo.com.mx\/bukele-sera-tratado-como-amenaza-a-la-seguridad-nacional-si-continua-interferencia-albio-sires\/#respond"]}]},{"@type":"WebPage","@id":"https:\/\/www.sonoraenequipo.com.mx\/bukele-sera-tratado-como-amenaza-a-la-seguridad-nacional-si-continua-interferencia-albio-sires\/","url":"https:\/\/www.sonoraenequipo.com.mx\/bukele-sera-tratado-como-amenaza-a-la-seguridad-nacional-si-continua-interferencia-albio-sires\/","name":"Sonora en Equipo. \"Bukele ser\u00e1 tratado como \"amenaza a la seguridad nacional\" si contin\u00faa \"interferencia\": Albio Sires MUNDO","isPartOf":{"@id":"https:\/\/www.sonoraenequipo.com.mx\/#website"},"primaryImageOfPage":{"@id":"https:\/\/www.sonoraenequipo.com.mx\/bukele-sera-tratado-como-amenaza-a-la-seguridad-nacional-si-continua-interferencia-albio-sires\/#primaryimage"},"image":{"@id":"https:\/\/www.sonoraenequipo.com.mx\/bukele-sera-tratado-como-amenaza-a-la-seguridad-nacional-si-continua-interferencia-albio-sires\/#primaryimage"},"thumbnailUrl":"https:\/\/www.sonoraenequipo.com.mx\/storage\/2021\/04\/BUKELE.jpg","datePublished":"2021-04-14T19:20:28+00:00","dateModified":"2021-04-15T00:40:18+00:00","description":"WASHINGTON. EE.UU.\u2500 \u00a0El legislador dem\u00f3crata Albio Sires acus\u00f3 el mi\u00e9rcoles al presidente de El Salvador, Nayib Bukele, de \"interferir\" en las elecciones En Sonora en Equipo publicamos toda la informaci\u00f3n de Sonora, M\u00e9xico y el Mundo de manera oportuna y busca que la libertad de expresi\u00f3n sea real. Visita nuestro medio informativo publicado desde Hermosillo, Sonora. %","breadcrumb":{"@id":"https:\/\/www.sonoraenequipo.com.mx\/bukele-sera-tratado-como-amenaza-a-la-seguridad-nacional-si-continua-interferencia-albio-sires\/#breadcrumb"},"inLanguage":"es","potentialAction":[{"@type":"ReadAction","target":["https:\/\/www.sonoraenequipo.com.mx\/bukele-sera-tratado-como-amenaza-a-la-seguridad-nacional-si-continua-interferencia-albio-sires\/"]}]},{"@type":"ImageObject","inLanguage":"es","@id":"https:\/\/www.sonoraenequipo.com.mx\/bukele-sera-tratado-como-amenaza-a-la-seguridad-nacional-si-continua-interferencia-albio-sires\/#primaryimage","url":"https:\/\/www.sonoraenequipo.com.mx\/storage\/2021\/04\/BUKELE.jpg","contentUrl":"https:\/\/www.sonoraenequipo.com.mx\/storage\/2021\/04\/BUKELE.jpg","width":500,"height":300},{"@type":"BreadcrumbList","@id":"https:\/\/www.sonoraenequipo.com.mx\/bukele-sera-tratado-como-amenaza-a-la-seguridad-nacional-si-continua-interferencia-albio-sires\/#breadcrumb","itemListElement":[{"@type":"ListItem","position":1,"name":"Portada","item":"https:\/\/www.sonoraenequipo.com.mx\/"},{"@type":"ListItem","position":2,"name":"\u00abBukele ser\u00e1 tratado como \u00abamenaza a la seguridad nacional\u00bb si contin\u00faa \u00abinterferencia\u00bb: Albio Sires"}]},{"@type":"WebSite","@id":"https:\/\/www.sonoraenequipo.com.mx\/#website","url":"https:\/\/www.sonoraenequipo.com.mx\/","name":"Sonora en Equipo.","description":"Diario en l\u00ednea con Noticias desde Hermosillo, Sonora","publisher":{"@id":"https:\/\/www.sonoraenequipo.com.mx\/#organization"},"potentialAction":[{"@type":"SearchAction","target":{"@type":"EntryPoint","urlTemplate":"https:\/\/www.sonoraenequipo.com.mx\/?s={search_term_string}"},"query-input":{"@type":"PropertyValueSpecification","valueRequired":true,"valueName":"search_term_string"}}],"inLanguage":"es"},{"@type":"Organization","@id":"https:\/\/www.sonoraenequipo.com.mx\/#organization","name":"Sonoraenequipo.com.mx","url":"https:\/\/www.sonoraenequipo.com.mx\/","logo":{"@type":"ImageObject","inLanguage":"es","@id":"https:\/\/www.sonoraenequipo.com.mx\/#\/schema\/logo\/image\/","url":"https:\/\/www.sonoraenequipo.com.mx\/storage\/2019\/01\/sonoraenequipo_opt.png","contentUrl":"https:\/\/www.sonoraenequipo.com.mx\/storage\/2019\/01\/sonoraenequipo_opt.png","width":375,"height":125,"caption":"Sonoraenequipo.com.mx"},"image":{"@id":"https:\/\/www.sonoraenequipo.com.mx\/#\/schema\/logo\/image\/"},"sameAs":["https:\/\/www.facebook.com\/SonoraEE\/","https:\/\/x.com\/sonoraenequipo","https:\/\/www.youtube.com\/channel\/UC338nW-lPEYmJQs4ZABQ1SQ"]},{"@type":"Person","@id":"https:\/\/www.sonoraenequipo.com.mx\/#\/schema\/person\/50102df0fb23a8fa9e8effad8fa81386","name":"enequipo","image":{"@type":"ImageObject","inLanguage":"es","@id":"https:\/\/www.sonoraenequipo.com.mx\/#\/schema\/person\/image\/","url":"https:\/\/secure.gravatar.com\/avatar\/049821681b589dabc0bc20695993ccebb09f5b5d4d790cd9251b97faac7c652b?s=96&d=blank&r=g","contentUrl":"https:\/\/secure.gravatar.com\/avatar\/049821681b589dabc0bc20695993ccebb09f5b5d4d790cd9251b97faac7c652b?s=96&d=blank&r=g","caption":"enequipo"},"sameAs":["https:\/\/www.facebook.com\/SonoraEE"]}]}},"jetpack_featured_media_url":"https:\/\/www.sonoraenequipo.com.mx\/storage\/2021\/04\/BUKELE.jpg","_links":{"self":[{"href":"https:\/\/www.sonoraenequipo.com.mx\/api\/wp\/v2\/posts\/111557","targetHints":{"allow":["GET"]}}],"collection":[{"href":"https:\/\/www.sonoraenequipo.com.mx\/api\/wp\/v2\/posts"}],"about":[{"href":"https:\/\/www.sonoraenequipo.com.mx\/api\/wp\/v2\/types\/post"}],"author":[{"embeddable":true,"href":"https:\/\/www.sonoraenequipo.com.mx\/api\/wp\/v2\/users\/1"}],"replies":[{"embeddable":true,"href":"https:\/\/www.sonoraenequipo.com.mx\/api\/wp\/v2\/comments?post=111557"}],"version-history":[{"count":4,"href":"https:\/\/www.sonoraenequipo.com.mx\/api\/wp\/v2\/posts\/111557\/revisions"}],"predecessor-version":[{"id":111566,"href":"https:\/\/www.sonoraenequipo.com.mx\/api\/wp\/v2\/posts\/111557\/revisions\/111566"}],"wp:featuredmedia":[{"embeddable":true,"href":"https:\/\/www.sonoraenequipo.com.mx\/api\/wp\/v2\/media\/111558"}],"wp:attachment":[{"href":"https:\/\/www.sonoraenequipo.com.mx\/api\/wp\/v2\/media?parent=111557"}],"wp:term":[{"taxonomy":"category","embeddable":true,"href":"https:\/\/www.sonoraenequipo.com.mx\/api\/wp\/v2\/categories?post=111557"},{"taxonomy":"post_tag","embeddable":true,"href":"https:\/\/www.sonoraenequipo.com.mx\/api\/wp\/v2\/tags?post=111557"}],"curies":[{"name":"wp","href":"https:\/\/api.w.org\/{rel}","templated":true}]}}