{"id":111561,"date":"2021-04-14T13:12:10","date_gmt":"2021-04-14T20:12:10","guid":{"rendered":"https:\/\/www.sonoraenequipo.com.mx\/?p=111561"},"modified":"2021-04-14T17:41:10","modified_gmt":"2021-04-15T00:41:10","slug":"por-primera-vez-se-aplicara-la-reforma-sobre-violencia-politica-en-el-proceso-electoral-en-curso-norma-de-la-cruz","status":"publish","type":"post","link":"https:\/\/www.sonoraenequipo.com.mx\/por-primera-vez-se-aplicara-la-reforma-sobre-violencia-politica-en-el-proceso-electoral-en-curso-norma-de-la-cruz\/","title":{"rendered":"Por primera vez se aplicar\u00e1 la reforma sobre violencia pol\u00edtica en el proceso electoral en curso: Norma De la Cruz"},"content":{"rendered":"<p>Por primera vez se aplicar\u00e1 la reforma sobre violencia pol\u00edtica en el proceso electoral en curso: Norma De la Cruz<\/p>\n<p>&nbsp;<\/p>\n<p>\u25baLa violencia pol\u00edtica se mantiene como el principal obst\u00e1culo para la participaci\u00f3n pol\u00edtica de las mujeres: Dania Ravel<\/p>\n<p>En el proceso electoral en curso se aplicar\u00e1 por primera vez la reforma en materia de violencia pol\u00edtica de g\u00e9nero con el objetivo de impulsar la participaci\u00f3n de las mujeres y sentar las bases de una cultura pol\u00edtica que se fundamente en los principios de igualdad y no discriminaci\u00f3n, asegur\u00f3 la Consejera Norma De la Cruz.<\/p>\n<p>&nbsp;<\/p>\n<p>Durante la mesa de di\u00e1logo: A un a\u00f1o de las reformas sobre violencia pol\u00edtica contra las mujeres, organizada por el Instituto Nacional Electoral (INE), expres\u00f3 que las modificaciones constitucionales parten de una mirada integral para el ejercicio efectivo de los derechos pol\u00edtico-electorales de las mujeres.<\/p>\n<p>&nbsp;<\/p>\n<p>\u201cSi bien sabemos que la violencia pol\u00edtica en raz\u00f3n de g\u00e9nero refiere una problem\u00e1tica estructural y compleja que corresponde a una problem\u00e1tica cultural pol\u00edtica que no es f\u00e1cil de desmontar, tambi\u00e9n sabemos que es posible transformar esta realidad y por ello son tan importantes las reformas enunciadas\u201d, expres\u00f3.<\/p>\n<p>&nbsp;<\/p>\n<p>De la Cruz afirm\u00f3 que la reforma constitucional publicada el 13 de abril de 2020 es producto de un avance sustantivo que se concret\u00f3 durante la primera legislatura federal integrada de forma completamente paritaria.<\/p>\n<p>&nbsp;<\/p>\n<p>Agreg\u00f3 que la reforma impact\u00f3 en la modificaci\u00f3n de por lo menos ocho leyes federales, adem\u00e1s de que identifica con claridad las conductas a trav\u00e9s de las cuales se expresa esta modalidad de violencia que enfrentan las mujeres, establece responsabilidades para las instituciones y partidos pol\u00edticos, adem\u00e1s de que se definen sanciones para atender y reparar el da\u00f1o.<\/p>\n<p>&nbsp;<\/p>\n<p>En este sentido, reconoci\u00f3 la importancia de las acciones que se han impulsado desde el Instituto Nacional Electoral junto con los Organismos P\u00fablicos Locales para que esta reforma se vuelva realidad y, sobre todo, incida directamente en la participaci\u00f3n de las mujeres y en su acceso a los cargos de elecci\u00f3n popular.<\/p>\n<p>&nbsp;<\/p>\n<p>Violencia pol\u00edtica de g\u00e9nero es el mayor obst\u00e1culo para las mujeres<\/p>\n<p>&nbsp;<\/p>\n<p>La Consejera Dania Ravel manifest\u00f3 que la violencia pol\u00edtica en raz\u00f3n de g\u00e9nero es el mayor obst\u00e1culo que enfrentan las mujeres para poder ejercer sus derechos pol\u00edtico-electorales, que tambi\u00e9n son derechos humanos.<\/p>\n<p>&nbsp;<\/p>\n<p>M\u00e1s aun, dijo, cuando en el proceso en curso se tiene el mayor n\u00famero de mujeres contendiendo por diversos cargos y, aunque no es deseable, todo indica que habr\u00e1 un aumento en los casos de violencia pol\u00edtica en raz\u00f3n de g\u00e9nero, considerando que en promedio el INE recibe 13 quejas por mes en lo que va del a\u00f1o.<\/p>\n<p>&nbsp;<\/p>\n<p>\u201cEs obvia la complejidad que encierra el proceso electoral, sin embargo, por primera ocasi\u00f3n las mujeres est\u00e1n protegidas mediante un marco legal encaminado a erradicar la violencia pol\u00edtica contra ellas en raz\u00f3n de g\u00e9nero que, como hemos visto, es perfectible, pero es un gran avance que ya lo tengamos\u201d, abund\u00f3.<\/p>\n<p>&nbsp;<\/p>\n<p>Asimismo, la Consejera Ravel enfatiz\u00f3 la importancia de superar uno de los retos m\u00e1s grandes que se enfrentan para que las mujeres logren identificar la violencia pol\u00edtica para poder denunciarla, pero tambi\u00e9n que \u00e9stas se hagan ante las autoridades competentes.<\/p>\n<p>&nbsp;<\/p>\n<p>Ello, se\u00f1al\u00f3, permitir\u00e1 evitar dilaciones innecesarias, lo cual cobra mayor relevancia en la etapa de campa\u00f1as, ya que se requiere de una atenci\u00f3n eficaz y efectiva para que las candidatas no vean afectadas de manera irreparable sus aspiraciones a un cargo p\u00fablico por violencia pol\u00edtica.<\/p>\n<p>&nbsp;<\/p>\n<p>Dania Ravel alert\u00f3 que la mayor\u00eda de los casos de violencia pol\u00edtica se dan en el \u00e1mbito local, as\u00ed como el hecho de que los partidos pol\u00edticos son los espacios m\u00e1s hostiles para las mujeres, por lo que con esta reforma se dot\u00f3 al INE de atribuciones para emitir lineamientos a fin de erradicar y prevenir este fen\u00f3meno.<\/p>\n<p>&nbsp;<\/p>\n<p>Parte de estas directrices permiti\u00f3 establecer la obligaci\u00f3n para que cualquier aspirante a una candidatura cuente con el llamado 3 de 3 Contra la Violencia, un requisito que ante su omisi\u00f3n o falsedad puede implicar el retiro de la candidatura.<\/p>\n<p>&nbsp;<\/p>\n<p>En este sentido invit\u00f3 a la ciudadan\u00eda, activistas y organizaciones de la sociedad civil para recurrir ante la autoridad electoral con la finalidad de ubicar casos en que se mienta como un elemento central de la lucha contra este flagelo.<\/p>\n<p>&nbsp;<\/p>\n<p>A un a\u00f1o de la reforma se mantienen retos para erradicar la violencia pol\u00edtica en raz\u00f3n de g\u00e9nero<\/p>\n<p>&nbsp;<\/p>\n<p>Andrea Samaniego, acad\u00e9mica de la Universidad Nacional Aut\u00f3noma de M\u00e9xico (UNAM), elabor\u00f3 un an\u00e1lisis pol\u00edtico sobre el tipo penal de violencia pol\u00edtica contra las mujeres que hoy es vigente en nuestro pa\u00eds, as\u00ed como los retos que existen de cara al proceso electoral en curso.<\/p>\n<p>&nbsp;<\/p>\n<p>Sin embargo, evidenci\u00f3 la falta de homologaci\u00f3n de este delito en todo el pa\u00eds, as\u00ed como la ausencia de la tipificaci\u00f3n de la violencia pol\u00edtica contra las mujeres en los estados de Coahuila y Guerrero a pesar de que la reforma constitucional est\u00e1 vigente desde hace un a\u00f1o.<\/p>\n<p>&nbsp;<\/p>\n<p>Edith Ch\u00e1vez, especialista en temas de g\u00e9nero y desarrollo, hizo un recuento del camino que recorrieron las mujeres para garantizar su efectiva participaci\u00f3n sin violencia y para lograr que existiera un tipo penal que identificara y sancionara la violencia pol\u00edtica contra ellas.<\/p>\n<p>&nbsp;<\/p>\n<p>Frente a ello, destac\u00f3 la importancia de reforzar los puntos d\u00e9biles que se mantienen a un a\u00f1o de la implementaci\u00f3n de la reforma como son la aplicaci\u00f3n de medidas de protecci\u00f3n y mecanismos oportunos de reparaci\u00f3n del da\u00f1o para preservar la vida, integridad y derechos pol\u00edticos de las mujeres.<\/p>\n<p>&nbsp;<\/p>\n<p>Georgina L\u00f3pez, acad\u00e9mica de la Facultad Latinoamericana de Ciencias Sociales (FLACSO), record\u00f3 que la reforma es producto de 10 a\u00f1os de trabajo que se desarroll\u00f3 para erradicar la violencia y llega para homogeneizar un fen\u00f3meno que ya estaba presente en algunas legislaciones locales.<\/p>\n<p>&nbsp;<\/p>\n<p>Estim\u00f3 que los cambios establecen un piso m\u00ednimo para el ejercicio de los derechos pol\u00edticos de las mujeres y ampl\u00edan las reglas del juego democr\u00e1tico en donde no cabe la violencia pol\u00edtica desde el componente normativo y en la que ya se contempla una sanci\u00f3n.<\/p>\n<p>&nbsp;<\/p>\n<p>No obstante, alert\u00f3 sobre los grandes vac\u00edos que se mantienen en las normativas al interior de los partidos al punto de lograr evadirlas para que, finalmente se impongan pr\u00e1cticas sexistas, androc\u00e9ntricas y discriminatorias que excluyen a las mujeres del espacio p\u00fablico.<\/p>\n<p>Fecha de publicaci\u00f3n \u00a0\u00a0mi\u00e9rcoles \u00a0\/\u00a0 14\u00a0 \/ abril \/ 2021<\/p>\n<p>&nbsp;<\/p>\n<p>&nbsp;<\/p>\n<p>&nbsp;<\/p>\n","protected":false},"excerpt":{"rendered":"<p>Por primera vez se aplicar\u00e1 la reforma sobre violencia pol\u00edtica en el proceso electoral en&#8230;<\/p>\n","protected":false},"author":1,"featured_media":111562,"comment_status":"open","ping_status":"open","sticky":false,"template":"","format":"standard","meta":{"_monsterinsights_skip_tracking":false,"_monsterinsights_sitenote_active":false,"_monsterinsights_sitenote_note":"","_monsterinsights_sitenote_category":0,"footnotes":""},"categories":[5],"tags":[3825,5612,2080],"class_list":["post"],"yoast_head":" \n<title>Sonora en Equipo. Por primera vez se aplicar\u00e1 la reforma sobre violencia pol\u00edtica en el proceso electoral en curso: Norma De la Cruz Rep\u00fablica<\/title>\n<meta name=\"description\" content=\"Por primera vez se aplicar\u00e1 la reforma sobre violencia pol\u00edtica en el proceso electoral en curso: Norma De la Cruz &nbsp; \u25baLa violencia pol\u00edtica se En Sonora en Equipo publicamos toda la informaci\u00f3n de Sonora, M\u00e9xico y el Mundo de manera oportuna y busca que la libertad de expresi\u00f3n sea real. Visita nuestro medio informativo publicado desde Hermosillo, Sonora. %\" \/>\n<meta name=\"robots\" content=\"index, follow, max-snippet:-1, max-image-preview:large, max-video-preview:-1\" \/>\n<link rel=\"canonical\" href=\"https:\/\/www.sonoraenequipo.com.mx\/por-primera-vez-se-aplicara-la-reforma-sobre-violencia-politica-en-el-proceso-electoral-en-curso-norma-de-la-cruz\/\" \/>\n<meta property=\"og:locale\" content=\"es_ES\" \/>\n<meta property=\"og:type\" content=\"article\" \/>\n<meta property=\"og:title\" content=\"Sonora en Equipo. Por primera vez se aplicar\u00e1 la reforma sobre violencia pol\u00edtica en el proceso electoral en curso: Norma De la Cruz Rep\u00fablica\" \/>\n<meta property=\"og:description\" content=\"Por primera vez se aplicar\u00e1 la reforma sobre violencia pol\u00edtica en el proceso electoral en curso: Norma De la Cruz &nbsp; \u25baLa violencia pol\u00edtica se En Sonora en Equipo publicamos toda la informaci\u00f3n de Sonora, M\u00e9xico y el Mundo de manera oportuna y busca que la libertad de expresi\u00f3n sea real. Visita nuestro medio informativo publicado desde Hermosillo, Sonora. %\" \/>\n<meta property=\"og:url\" content=\"https:\/\/www.sonoraenequipo.com.mx\/por-primera-vez-se-aplicara-la-reforma-sobre-violencia-politica-en-el-proceso-electoral-en-curso-norma-de-la-cruz\/\" \/>\n<meta property=\"og:site_name\" content=\"Sonora en Equipo.\" \/>\n<meta property=\"article:publisher\" content=\"https:\/\/www.facebook.com\/SonoraEE\/\" \/>\n<meta property=\"article:author\" content=\"https:\/\/www.facebook.com\/SonoraEE\" \/>\n<meta property=\"article:published_time\" content=\"2021-04-14T20:12:10+00:00\" \/>\n<meta property=\"article:modified_time\" content=\"2021-04-15T00:41:10+00:00\" \/>\n<meta property=\"og:image\" content=\"https:\/\/www.sonoraenequipo.com.mx\/storage\/2021\/04\/violencia-genero.jpg\" \/>\n\t<meta property=\"og:image:width\" content=\"500\" \/>\n\t<meta property=\"og:image:height\" content=\"300\" \/>\n\t<meta property=\"og:image:type\" content=\"image\/jpeg\" \/>\n<meta name=\"author\" content=\"enequipo\" \/>\n<meta name=\"twitter:card\" content=\"summary_large_image\" \/>\n<meta name=\"twitter:creator\" content=\"@sonoraenequipo\" \/>\n<meta name=\"twitter:site\" content=\"@sonoraenequipo\" \/>\n<meta name=\"twitter:label1\" content=\"Escrito por\" \/>\n\t<meta name=\"twitter:data1\" content=\"enequipo\" \/>\n\t<meta name=\"twitter:label2\" content=\"Tiempo de lectura\" \/>\n\t<meta name=\"twitter:data2\" content=\"5 minutos\" \/>\n<script type=\"application\/ld+json\" class=\"yoast-schema-graph\">{\"@context\":\"https:\/\/schema.org\",\"@graph\":[{\"@type\":\"Article\",\"@id\":\"https:\/\/www.sonoraenequipo.com.mx\/por-primera-vez-se-aplicara-la-reforma-sobre-violencia-politica-en-el-proceso-electoral-en-curso-norma-de-la-cruz\/#article\",\"isPartOf\":{\"@id\":\"https:\/\/www.sonoraenequipo.com.mx\/por-primera-vez-se-aplicara-la-reforma-sobre-violencia-politica-en-el-proceso-electoral-en-curso-norma-de-la-cruz\/\"},\"author\":{\"name\":\"enequipo\",\"@id\":\"https:\/\/www.sonoraenequipo.com.mx\/#\/schema\/person\/50102df0fb23a8fa9e8effad8fa81386\"},\"headline\":\"Por primera vez se aplicar\u00e1 la reforma sobre violencia pol\u00edtica en el proceso electoral en curso: Norma De la Cruz\",\"datePublished\":\"2021-04-14T20:12:10+00:00\",\"dateModified\":\"2021-04-15T00:41:10+00:00\",\"mainEntityOfPage\":{\"@id\":\"https:\/\/www.sonoraenequipo.com.mx\/por-primera-vez-se-aplicara-la-reforma-sobre-violencia-politica-en-el-proceso-electoral-en-curso-norma-de-la-cruz\/\"},\"wordCount\":1193,\"commentCount\":0,\"publisher\":{\"@id\":\"https:\/\/www.sonoraenequipo.com.mx\/#organization\"},\"image\":{\"@id\":\"https:\/\/www.sonoraenequipo.com.mx\/por-primera-vez-se-aplicara-la-reforma-sobre-violencia-politica-en-el-proceso-electoral-en-curso-norma-de-la-cruz\/#primaryimage\"},\"thumbnailUrl\":\"https:\/\/www.sonoraenequipo.com.mx\/storage\/2021\/04\/violencia-genero.jpg\",\"keywords\":[\"G\u00c9NERO\",\"iolencia\",\"mujer\"],\"articleSection\":[\"Rep\u00fablica\"],\"inLanguage\":\"es\",\"potentialAction\":[{\"@type\":\"CommentAction\",\"name\":\"Comment\",\"target\":[\"https:\/\/www.sonoraenequipo.com.mx\/por-primera-vez-se-aplicara-la-reforma-sobre-violencia-politica-en-el-proceso-electoral-en-curso-norma-de-la-cruz\/#respond\"]}]},{\"@type\":\"WebPage\",\"@id\":\"https:\/\/www.sonoraenequipo.com.mx\/por-primera-vez-se-aplicara-la-reforma-sobre-violencia-politica-en-el-proceso-electoral-en-curso-norma-de-la-cruz\/\",\"url\":\"https:\/\/www.sonoraenequipo.com.mx\/por-primera-vez-se-aplicara-la-reforma-sobre-violencia-politica-en-el-proceso-electoral-en-curso-norma-de-la-cruz\/\",\"name\":\"Sonora en Equipo. Por primera vez se aplicar\u00e1 la reforma sobre violencia pol\u00edtica en el proceso electoral en curso: Norma De la Cruz Rep\u00fablica\",\"isPartOf\":{\"@id\":\"https:\/\/www.sonoraenequipo.com.mx\/#website\"},\"primaryImageOfPage\":{\"@id\":\"https:\/\/www.sonoraenequipo.com.mx\/por-primera-vez-se-aplicara-la-reforma-sobre-violencia-politica-en-el-proceso-electoral-en-curso-norma-de-la-cruz\/#primaryimage\"},\"image\":{\"@id\":\"https:\/\/www.sonoraenequipo.com.mx\/por-primera-vez-se-aplicara-la-reforma-sobre-violencia-politica-en-el-proceso-electoral-en-curso-norma-de-la-cruz\/#primaryimage\"},\"thumbnailUrl\":\"https:\/\/www.sonoraenequipo.com.mx\/storage\/2021\/04\/violencia-genero.jpg\",\"datePublished\":\"2021-04-14T20:12:10+00:00\",\"dateModified\":\"2021-04-15T00:41:10+00:00\",\"description\":\"Por primera vez se aplicar\u00e1 la reforma sobre violencia pol\u00edtica en el proceso electoral en curso: Norma De la Cruz &nbsp; \u25baLa violencia pol\u00edtica se En Sonora en Equipo publicamos toda la informaci\u00f3n de Sonora, M\u00e9xico y el Mundo de manera oportuna y busca que la libertad de expresi\u00f3n sea real. Visita nuestro medio informativo publicado desde Hermosillo, Sonora. %\",\"breadcrumb\":{\"@id\":\"https:\/\/www.sonoraenequipo.com.mx\/por-primera-vez-se-aplicara-la-reforma-sobre-violencia-politica-en-el-proceso-electoral-en-curso-norma-de-la-cruz\/#breadcrumb\"},\"inLanguage\":\"es\",\"potentialAction\":[{\"@type\":\"ReadAction\",\"target\":[\"https:\/\/www.sonoraenequipo.com.mx\/por-primera-vez-se-aplicara-la-reforma-sobre-violencia-politica-en-el-proceso-electoral-en-curso-norma-de-la-cruz\/\"]}]},{\"@type\":\"ImageObject\",\"inLanguage\":\"es\",\"@id\":\"https:\/\/www.sonoraenequipo.com.mx\/por-primera-vez-se-aplicara-la-reforma-sobre-violencia-politica-en-el-proceso-electoral-en-curso-norma-de-la-cruz\/#primaryimage\",\"url\":\"https:\/\/www.sonoraenequipo.com.mx\/storage\/2021\/04\/violencia-genero.jpg\",\"contentUrl\":\"https:\/\/www.sonoraenequipo.com.mx\/storage\/2021\/04\/violencia-genero.jpg\",\"width\":500,\"height\":300},{\"@type\":\"BreadcrumbList\",\"@id\":\"https:\/\/www.sonoraenequipo.com.mx\/por-primera-vez-se-aplicara-la-reforma-sobre-violencia-politica-en-el-proceso-electoral-en-curso-norma-de-la-cruz\/#breadcrumb\",\"itemListElement\":[{\"@type\":\"ListItem\",\"position\":1,\"name\":\"Portada\",\"item\":\"https:\/\/www.sonoraenequipo.com.mx\/\"},{\"@type\":\"ListItem\",\"position\":2,\"name\":\"Por primera vez se aplicar\u00e1 la reforma sobre violencia pol\u00edtica en el proceso electoral en curso: Norma De la Cruz\"}]},{\"@type\":\"WebSite\",\"@id\":\"https:\/\/www.sonoraenequipo.com.mx\/#website\",\"url\":\"https:\/\/www.sonoraenequipo.com.mx\/\",\"name\":\"Sonora en Equipo.\",\"description\":\"Diario en l\u00ednea con Noticias desde Hermosillo, Sonora\",\"publisher\":{\"@id\":\"https:\/\/www.sonoraenequipo.com.mx\/#organization\"},\"potentialAction\":[{\"@type\":\"SearchAction\",\"target\":{\"@type\":\"EntryPoint\",\"urlTemplate\":\"https:\/\/www.sonoraenequipo.com.mx\/?s={search_term_string}\"},\"query-input\":{\"@type\":\"PropertyValueSpecification\",\"valueRequired\":true,\"valueName\":\"search_term_string\"}}],\"inLanguage\":\"es\"},{\"@type\":\"Organization\",\"@id\":\"https:\/\/www.sonoraenequipo.com.mx\/#organization\",\"name\":\"Sonoraenequipo.com.mx\",\"url\":\"https:\/\/www.sonoraenequipo.com.mx\/\",\"logo\":{\"@type\":\"ImageObject\",\"inLanguage\":\"es\",\"@id\":\"https:\/\/www.sonoraenequipo.com.mx\/#\/schema\/logo\/image\/\",\"url\":\"https:\/\/www.sonoraenequipo.com.mx\/storage\/2019\/01\/sonoraenequipo_opt.png\",\"contentUrl\":\"https:\/\/www.sonoraenequipo.com.mx\/storage\/2019\/01\/sonoraenequipo_opt.png\",\"width\":375,\"height\":125,\"caption\":\"Sonoraenequipo.com.mx\"},\"image\":{\"@id\":\"https:\/\/www.sonoraenequipo.com.mx\/#\/schema\/logo\/image\/\"},\"sameAs\":[\"https:\/\/www.facebook.com\/SonoraEE\/\",\"https:\/\/x.com\/sonoraenequipo\",\"https:\/\/www.youtube.com\/channel\/UC338nW-lPEYmJQs4ZABQ1SQ\"]},{\"@type\":\"Person\",\"@id\":\"https:\/\/www.sonoraenequipo.com.mx\/#\/schema\/person\/50102df0fb23a8fa9e8effad8fa81386\",\"name\":\"enequipo\",\"image\":{\"@type\":\"ImageObject\",\"inLanguage\":\"es\",\"@id\":\"https:\/\/www.sonoraenequipo.com.mx\/#\/schema\/person\/image\/\",\"url\":\"https:\/\/secure.gravatar.com\/avatar\/049821681b589dabc0bc20695993ccebb09f5b5d4d790cd9251b97faac7c652b?s=96&d=blank&r=g\",\"contentUrl\":\"https:\/\/secure.gravatar.com\/avatar\/049821681b589dabc0bc20695993ccebb09f5b5d4d790cd9251b97faac7c652b?s=96&d=blank&r=g\",\"caption\":\"enequipo\"},\"sameAs\":[\"https:\/\/www.facebook.com\/SonoraEE\"]}]}<\/script>\n ","yoast_head_json":{"title":"Sonora en Equipo. Por primera vez se aplicar\u00e1 la reforma sobre violencia pol\u00edtica en el proceso electoral en curso: Norma De la Cruz Rep\u00fablica","description":"Por primera vez se aplicar\u00e1 la reforma sobre violencia pol\u00edtica en el proceso electoral en curso: Norma De la Cruz &nbsp; \u25baLa violencia pol\u00edtica se En Sonora en Equipo publicamos toda la informaci\u00f3n de Sonora, M\u00e9xico y el Mundo de manera oportuna y busca que la libertad de expresi\u00f3n sea real. Visita nuestro medio informativo publicado desde Hermosillo, Sonora. %","robots":{"index":"index","follow":"follow","max-snippet":"max-snippet:-1","max-image-preview":"max-image-preview:large","max-video-preview":"max-video-preview:-1"},"canonical":"https:\/\/www.sonoraenequipo.com.mx\/por-primera-vez-se-aplicara-la-reforma-sobre-violencia-politica-en-el-proceso-electoral-en-curso-norma-de-la-cruz\/","og_locale":"es_ES","og_type":"article","og_title":"Sonora en Equipo. Por primera vez se aplicar\u00e1 la reforma sobre violencia pol\u00edtica en el proceso electoral en curso: Norma De la Cruz Rep\u00fablica","og_description":"Por primera vez se aplicar\u00e1 la reforma sobre violencia pol\u00edtica en el proceso electoral en curso: Norma De la Cruz &nbsp; \u25baLa violencia pol\u00edtica se En Sonora en Equipo publicamos toda la informaci\u00f3n de Sonora, M\u00e9xico y el Mundo de manera oportuna y busca que la libertad de expresi\u00f3n sea real. Visita nuestro medio informativo publicado desde Hermosillo, Sonora. %","og_url":"https:\/\/www.sonoraenequipo.com.mx\/por-primera-vez-se-aplicara-la-reforma-sobre-violencia-politica-en-el-proceso-electoral-en-curso-norma-de-la-cruz\/","og_site_name":"Sonora en Equipo.","article_publisher":"https:\/\/www.facebook.com\/SonoraEE\/","article_author":"https:\/\/www.facebook.com\/SonoraEE","article_published_time":"2021-04-14T20:12:10+00:00","article_modified_time":"2021-04-15T00:41:10+00:00","og_image":[{"width":500,"height":300,"url":"https:\/\/www.sonoraenequipo.com.mx\/storage\/2021\/04\/violencia-genero.jpg","type":"image\/jpeg"}],"author":"enequipo","twitter_card":"summary_large_image","twitter_creator":"@sonoraenequipo","twitter_site":"@sonoraenequipo","twitter_misc":{"Escrito por":"enequipo","Tiempo de lectura":"5 minutos"},"schema":{"@context":"https:\/\/schema.org","@graph":[{"@type":"Article","@id":"https:\/\/www.sonoraenequipo.com.mx\/por-primera-vez-se-aplicara-la-reforma-sobre-violencia-politica-en-el-proceso-electoral-en-curso-norma-de-la-cruz\/#article","isPartOf":{"@id":"https:\/\/www.sonoraenequipo.com.mx\/por-primera-vez-se-aplicara-la-reforma-sobre-violencia-politica-en-el-proceso-electoral-en-curso-norma-de-la-cruz\/"},"author":{"name":"enequipo","@id":"https:\/\/www.sonoraenequipo.com.mx\/#\/schema\/person\/50102df0fb23a8fa9e8effad8fa81386"},"headline":"Por primera vez se aplicar\u00e1 la reforma sobre violencia pol\u00edtica en el proceso electoral en curso: Norma De la Cruz","datePublished":"2021-04-14T20:12:10+00:00","dateModified":"2021-04-15T00:41:10+00:00","mainEntityOfPage":{"@id":"https:\/\/www.sonoraenequipo.com.mx\/por-primera-vez-se-aplicara-la-reforma-sobre-violencia-politica-en-el-proceso-electoral-en-curso-norma-de-la-cruz\/"},"wordCount":1193,"commentCount":0,"publisher":{"@id":"https:\/\/www.sonoraenequipo.com.mx\/#organization"},"image":{"@id":"https:\/\/www.sonoraenequipo.com.mx\/por-primera-vez-se-aplicara-la-reforma-sobre-violencia-politica-en-el-proceso-electoral-en-curso-norma-de-la-cruz\/#primaryimage"},"thumbnailUrl":"https:\/\/www.sonoraenequipo.com.mx\/storage\/2021\/04\/violencia-genero.jpg","keywords":["G\u00c9NERO","iolencia","mujer"],"articleSection":["Rep\u00fablica"],"inLanguage":"es","potentialAction":[{"@type":"CommentAction","name":"Comment","target":["https:\/\/www.sonoraenequipo.com.mx\/por-primera-vez-se-aplicara-la-reforma-sobre-violencia-politica-en-el-proceso-electoral-en-curso-norma-de-la-cruz\/#respond"]}]},{"@type":"WebPage","@id":"https:\/\/www.sonoraenequipo.com.mx\/por-primera-vez-se-aplicara-la-reforma-sobre-violencia-politica-en-el-proceso-electoral-en-curso-norma-de-la-cruz\/","url":"https:\/\/www.sonoraenequipo.com.mx\/por-primera-vez-se-aplicara-la-reforma-sobre-violencia-politica-en-el-proceso-electoral-en-curso-norma-de-la-cruz\/","name":"Sonora en Equipo. Por primera vez se aplicar\u00e1 la reforma sobre violencia pol\u00edtica en el proceso electoral en curso: Norma De la Cruz Rep\u00fablica","isPartOf":{"@id":"https:\/\/www.sonoraenequipo.com.mx\/#website"},"primaryImageOfPage":{"@id":"https:\/\/www.sonoraenequipo.com.mx\/por-primera-vez-se-aplicara-la-reforma-sobre-violencia-politica-en-el-proceso-electoral-en-curso-norma-de-la-cruz\/#primaryimage"},"image":{"@id":"https:\/\/www.sonoraenequipo.com.mx\/por-primera-vez-se-aplicara-la-reforma-sobre-violencia-politica-en-el-proceso-electoral-en-curso-norma-de-la-cruz\/#primaryimage"},"thumbnailUrl":"https:\/\/www.sonoraenequipo.com.mx\/storage\/2021\/04\/violencia-genero.jpg","datePublished":"2021-04-14T20:12:10+00:00","dateModified":"2021-04-15T00:41:10+00:00","description":"Por primera vez se aplicar\u00e1 la reforma sobre violencia pol\u00edtica en el proceso electoral en curso: Norma De la Cruz &nbsp; \u25baLa violencia pol\u00edtica se En Sonora en Equipo publicamos toda la informaci\u00f3n de Sonora, M\u00e9xico y el Mundo de manera oportuna y busca que la libertad de expresi\u00f3n sea real. Visita nuestro medio informativo publicado desde Hermosillo, Sonora. %","breadcrumb":{"@id":"https:\/\/www.sonoraenequipo.com.mx\/por-primera-vez-se-aplicara-la-reforma-sobre-violencia-politica-en-el-proceso-electoral-en-curso-norma-de-la-cruz\/#breadcrumb"},"inLanguage":"es","potentialAction":[{"@type":"ReadAction","target":["https:\/\/www.sonoraenequipo.com.mx\/por-primera-vez-se-aplicara-la-reforma-sobre-violencia-politica-en-el-proceso-electoral-en-curso-norma-de-la-cruz\/"]}]},{"@type":"ImageObject","inLanguage":"es","@id":"https:\/\/www.sonoraenequipo.com.mx\/por-primera-vez-se-aplicara-la-reforma-sobre-violencia-politica-en-el-proceso-electoral-en-curso-norma-de-la-cruz\/#primaryimage","url":"https:\/\/www.sonoraenequipo.com.mx\/storage\/2021\/04\/violencia-genero.jpg","contentUrl":"https:\/\/www.sonoraenequipo.com.mx\/storage\/2021\/04\/violencia-genero.jpg","width":500,"height":300},{"@type":"BreadcrumbList","@id":"https:\/\/www.sonoraenequipo.com.mx\/por-primera-vez-se-aplicara-la-reforma-sobre-violencia-politica-en-el-proceso-electoral-en-curso-norma-de-la-cruz\/#breadcrumb","itemListElement":[{"@type":"ListItem","position":1,"name":"Portada","item":"https:\/\/www.sonoraenequipo.com.mx\/"},{"@type":"ListItem","position":2,"name":"Por primera vez se aplicar\u00e1 la reforma sobre violencia pol\u00edtica en el proceso electoral en curso: Norma De la Cruz"}]},{"@type":"WebSite","@id":"https:\/\/www.sonoraenequipo.com.mx\/#website","url":"https:\/\/www.sonoraenequipo.com.mx\/","name":"Sonora en Equipo.","description":"Diario en l\u00ednea con Noticias desde Hermosillo, Sonora","publisher":{"@id":"https:\/\/www.sonoraenequipo.com.mx\/#organization"},"potentialAction":[{"@type":"SearchAction","target":{"@type":"EntryPoint","urlTemplate":"https:\/\/www.sonoraenequipo.com.mx\/?s={search_term_string}"},"query-input":{"@type":"PropertyValueSpecification","valueRequired":true,"valueName":"search_term_string"}}],"inLanguage":"es"},{"@type":"Organization","@id":"https:\/\/www.sonoraenequipo.com.mx\/#organization","name":"Sonoraenequipo.com.mx","url":"https:\/\/www.sonoraenequipo.com.mx\/","logo":{"@type":"ImageObject","inLanguage":"es","@id":"https:\/\/www.sonoraenequipo.com.mx\/#\/schema\/logo\/image\/","url":"https:\/\/www.sonoraenequipo.com.mx\/storage\/2019\/01\/sonoraenequipo_opt.png","contentUrl":"https:\/\/www.sonoraenequipo.com.mx\/storage\/2019\/01\/sonoraenequipo_opt.png","width":375,"height":125,"caption":"Sonoraenequipo.com.mx"},"image":{"@id":"https:\/\/www.sonoraenequipo.com.mx\/#\/schema\/logo\/image\/"},"sameAs":["https:\/\/www.facebook.com\/SonoraEE\/","https:\/\/x.com\/sonoraenequipo","https:\/\/www.youtube.com\/channel\/UC338nW-lPEYmJQs4ZABQ1SQ"]},{"@type":"Person","@id":"https:\/\/www.sonoraenequipo.com.mx\/#\/schema\/person\/50102df0fb23a8fa9e8effad8fa81386","name":"enequipo","image":{"@type":"ImageObject","inLanguage":"es","@id":"https:\/\/www.sonoraenequipo.com.mx\/#\/schema\/person\/image\/","url":"https:\/\/secure.gravatar.com\/avatar\/049821681b589dabc0bc20695993ccebb09f5b5d4d790cd9251b97faac7c652b?s=96&d=blank&r=g","contentUrl":"https:\/\/secure.gravatar.com\/avatar\/049821681b589dabc0bc20695993ccebb09f5b5d4d790cd9251b97faac7c652b?s=96&d=blank&r=g","caption":"enequipo"},"sameAs":["https:\/\/www.facebook.com\/SonoraEE"]}]}},"jetpack_featured_media_url":"https:\/\/www.sonoraenequipo.com.mx\/storage\/2021\/04\/violencia-genero.jpg","_links":{"self":[{"href":"https:\/\/www.sonoraenequipo.com.mx\/api\/wp\/v2\/posts\/111561","targetHints":{"allow":["GET"]}}],"collection":[{"href":"https:\/\/www.sonoraenequipo.com.mx\/api\/wp\/v2\/posts"}],"about":[{"href":"https:\/\/www.sonoraenequipo.com.mx\/api\/wp\/v2\/types\/post"}],"author":[{"embeddable":true,"href":"https:\/\/www.sonoraenequipo.com.mx\/api\/wp\/v2\/users\/1"}],"replies":[{"embeddable":true,"href":"https:\/\/www.sonoraenequipo.com.mx\/api\/wp\/v2\/comments?post=111561"}],"version-history":[{"count":1,"href":"https:\/\/www.sonoraenequipo.com.mx\/api\/wp\/v2\/posts\/111561\/revisions"}],"predecessor-version":[{"id":111563,"href":"https:\/\/www.sonoraenequipo.com.mx\/api\/wp\/v2\/posts\/111561\/revisions\/111563"}],"wp:featuredmedia":[{"embeddable":true,"href":"https:\/\/www.sonoraenequipo.com.mx\/api\/wp\/v2\/media\/111562"}],"wp:attachment":[{"href":"https:\/\/www.sonoraenequipo.com.mx\/api\/wp\/v2\/media?parent=111561"}],"wp:term":[{"taxonomy":"category","embeddable":true,"href":"https:\/\/www.sonoraenequipo.com.mx\/api\/wp\/v2\/categories?post=111561"},{"taxonomy":"post_tag","embeddable":true,"href":"https:\/\/www.sonoraenequipo.com.mx\/api\/wp\/v2\/tags?post=111561"}],"curies":[{"name":"wp","href":"https:\/\/api.w.org\/{rel}","templated":true}]}}