{"id":111577,"date":"2021-04-14T15:01:45","date_gmt":"2021-04-14T22:01:45","guid":{"rendered":"https:\/\/www.sonoraenequipo.com.mx\/?p=111577"},"modified":"2021-04-14T17:42:41","modified_gmt":"2021-04-15T00:42:41","slug":"centro-itama-listo-para-recibir-acreditacion-de-asociacion-de-correccionales-de-america","status":"publish","type":"post","link":"https:\/\/www.sonoraenequipo.com.mx\/centro-itama-listo-para-recibir-acreditacion-de-asociacion-de-correccionales-de-america\/","title":{"rendered":"\u00a0Centro Itama listo para recibir acreditaci\u00f3n de Asociaci\u00f3n de Correccionales de Am\u00e9rica"},"content":{"rendered":"<p>\u25ba El secretario de Seguridad P\u00fablica supervis\u00f3 los procesos de mejora para lograr la certificaci\u00f3n<\/p>\n<p>HERMOSILLO, SONORA,MX.\u2500\u2500 Tras cumplir con los procesos necesarios para su certificaci\u00f3n, el Centro Especializado de Internamiento para Adolescentes Hermosillo I del Instituto de Tratamiento y de Aplicaci\u00f3n de Medidas para Adolescentes (Itama) se encuentra listo para recibir la acreditaci\u00f3n por parte de la Asociaci\u00f3n de Correccionales de Am\u00e9rica (ACA), inform\u00f3 el secretario de Seguridad P\u00fablica, David Anaya Cooley.<\/p>\n<p>&nbsp;<\/p>\n<p>El titular de la Secretar\u00eda de Seguridad P\u00fablica (SSP), junto al director general Itama, Pedro Beltr\u00e1n Valenzuela recorrieron las instalaciones del Centro para verificar los avances m\u00e1s significativos que le permiten alcanzar este reconocimiento internacional.<\/p>\n<p>&nbsp;<\/p>\n<p>En la visita, se verific\u00f3 la organizaci\u00f3n del Centro, que esta sea acorde a lo que exigen los est\u00e1ndares de la ACA; tambi\u00e9n, las \u00e1reas de control de llaves, antimotines, educativas, talleres de carpinter\u00eda, herrer\u00eda y mec\u00e1nica, as\u00ed como el sal\u00f3n de m\u00fasica.<\/p>\n<p>&nbsp;<\/p>\n<p>Supervisaron el consultorio m\u00e9dico y cocina, reconocidos recientemente por la Comisi\u00f3n Estatal de Protecci\u00f3n Contra Riesgos Sanitarios del Estado (Coesprisson); all\u00ed se dialog\u00f3 con los responsables, quienes explicaron la metodolog\u00eda implementada para mejorar sus funciones y procesos.<\/p>\n<p>&nbsp;<\/p>\n<p>El director de Itama precis\u00f3 que la ACA es una organizaci\u00f3n profesional sin fines de lucro, fundada en 1870 y cuya finalidad es mejorar el sistema de justicia mediante la inspecci\u00f3n de las instalaciones, inicialmente de los Estados Unidos; sin embargo, por solicitud del gobierno de M\u00e9xico, en julio del 2011 fueron certificados los primeros centros de readaptaci\u00f3n en el pa\u00eds.<\/p>\n<p>&nbsp;<\/p>\n<p>La acreditaci\u00f3n por parte de ACA al Itama es muestra de que existe un ambiente seguro y humano para el personal, adolescente y adulto joven; mejora las pr\u00e1cticas del Centro Especializado de Internamiento y la calidad de la operatividad del Centro, incrementa la credibilidad en el Sistema Penitenciario, mejora el orden dentro de las distintas \u00e1reas y abre la posibilidad de acceder a programas de capacitaci\u00f3n y financiamiento.<\/p>\n<p>&nbsp;<\/p>\n<p>En reuni\u00f3n de trabajo, el equipo de Itama present\u00f3 los avances logrados en medio de la emergencia sanitaria por COVID-19 para alcanzar la acreditaci\u00f3n de ACA y cumplir con los est\u00e1ndares relacionados con servicios, programas y operaciones y se inform\u00f3 que durante la preparaci\u00f3n de Itama se ha recibido la supervisi\u00f3n de personal de la Oficina Internacional de Antinarc\u00f3ticos y Procuraci\u00f3n de Justicia (INL).<\/p>\n<p>Fecha de publicaci\u00f3n \u00a0\u00a0mi\u00e9rcoles \u00a0\/\u00a0 14\u00a0 \/ abril \/ 2021<\/p>\n<p>&nbsp;<\/p>\n","protected":false},"excerpt":{"rendered":"<p>\u25ba El secretario de Seguridad P\u00fablica supervis\u00f3 los procesos de mejora para lograr la certificaci\u00f3n&#8230;<\/p>\n","protected":false},"author":1,"featured_media":111578,"comment_status":"open","ping_status":"open","sticky":false,"template":"","format":"standard","meta":{"_monsterinsights_skip_tracking":false,"_monsterinsights_sitenote_active":false,"_monsterinsights_sitenote_note":"","_monsterinsights_sitenote_category":0,"footnotes":""},"categories":[22],"tags":[3269],"class_list":["post"],"yoast_head":" \n<title>Sonora en Equipo. \u00a0Centro Itama listo para recibir acreditaci\u00f3n de Asociaci\u00f3n de Correccionales de Am\u00e9rica Sonora<\/title>\n<meta name=\"description\" content=\"\u25ba El secretario de Seguridad P\u00fablica supervis\u00f3 los procesos de mejora para lograr la certificaci\u00f3n HERMOSILLO, SONORA,MX.\u2500\u2500 Tras cumplir con los procesos En Sonora en Equipo publicamos toda la informaci\u00f3n de Sonora, M\u00e9xico y el Mundo de manera oportuna y busca que la libertad de expresi\u00f3n sea real. Visita nuestro medio informativo publicado desde Hermosillo, Sonora. %\" \/>\n<meta name=\"robots\" content=\"index, follow, max-snippet:-1, max-image-preview:large, max-video-preview:-1\" \/>\n<link rel=\"canonical\" href=\"https:\/\/www.sonoraenequipo.com.mx\/centro-itama-listo-para-recibir-acreditacion-de-asociacion-de-correccionales-de-america\/\" \/>\n<meta property=\"og:locale\" content=\"es_ES\" \/>\n<meta property=\"og:type\" content=\"article\" \/>\n<meta property=\"og:title\" content=\"Sonora en Equipo. \u00a0Centro Itama listo para recibir acreditaci\u00f3n de Asociaci\u00f3n de Correccionales de Am\u00e9rica Sonora\" \/>\n<meta property=\"og:description\" content=\"\u25ba El secretario de Seguridad P\u00fablica supervis\u00f3 los procesos de mejora para lograr la certificaci\u00f3n HERMOSILLO, SONORA,MX.\u2500\u2500 Tras cumplir con los procesos En Sonora en Equipo publicamos toda la informaci\u00f3n de Sonora, M\u00e9xico y el Mundo de manera oportuna y busca que la libertad de expresi\u00f3n sea real. Visita nuestro medio informativo publicado desde Hermosillo, Sonora. %\" \/>\n<meta property=\"og:url\" content=\"https:\/\/www.sonoraenequipo.com.mx\/centro-itama-listo-para-recibir-acreditacion-de-asociacion-de-correccionales-de-america\/\" \/>\n<meta property=\"og:site_name\" content=\"Sonora en Equipo.\" \/>\n<meta property=\"article:publisher\" content=\"https:\/\/www.facebook.com\/SonoraEE\/\" \/>\n<meta property=\"article:author\" content=\"https:\/\/www.facebook.com\/SonoraEE\" \/>\n<meta property=\"article:published_time\" content=\"2021-04-14T22:01:45+00:00\" \/>\n<meta property=\"article:modified_time\" content=\"2021-04-15T00:42:41+00:00\" \/>\n<meta property=\"og:image\" content=\"https:\/\/www.sonoraenequipo.com.mx\/storage\/2021\/04\/itama.jpg\" \/>\n\t<meta property=\"og:image:width\" content=\"500\" \/>\n\t<meta property=\"og:image:height\" content=\"300\" \/>\n\t<meta property=\"og:image:type\" content=\"image\/jpeg\" \/>\n<meta name=\"author\" content=\"enequipo\" \/>\n<meta name=\"twitter:card\" content=\"summary_large_image\" \/>\n<meta name=\"twitter:creator\" content=\"@sonoraenequipo\" \/>\n<meta name=\"twitter:site\" content=\"@sonoraenequipo\" \/>\n<meta name=\"twitter:label1\" content=\"Escrito por\" \/>\n\t<meta name=\"twitter:data1\" content=\"enequipo\" \/>\n\t<meta name=\"twitter:label2\" content=\"Tiempo de lectura\" \/>\n\t<meta name=\"twitter:data2\" content=\"2 minutos\" \/>\n<script type=\"application\/ld+json\" class=\"yoast-schema-graph\">{\"@context\":\"https:\/\/schema.org\",\"@graph\":[{\"@type\":\"Article\",\"@id\":\"https:\/\/www.sonoraenequipo.com.mx\/centro-itama-listo-para-recibir-acreditacion-de-asociacion-de-correccionales-de-america\/#article\",\"isPartOf\":{\"@id\":\"https:\/\/www.sonoraenequipo.com.mx\/centro-itama-listo-para-recibir-acreditacion-de-asociacion-de-correccionales-de-america\/\"},\"author\":{\"name\":\"enequipo\",\"@id\":\"https:\/\/www.sonoraenequipo.com.mx\/#\/schema\/person\/50102df0fb23a8fa9e8effad8fa81386\"},\"headline\":\"\u00a0Centro Itama listo para recibir acreditaci\u00f3n de Asociaci\u00f3n de Correccionales de Am\u00e9rica\",\"datePublished\":\"2021-04-14T22:01:45+00:00\",\"dateModified\":\"2021-04-15T00:42:41+00:00\",\"mainEntityOfPage\":{\"@id\":\"https:\/\/www.sonoraenequipo.com.mx\/centro-itama-listo-para-recibir-acreditacion-de-asociacion-de-correccionales-de-america\/\"},\"wordCount\":447,\"commentCount\":0,\"publisher\":{\"@id\":\"https:\/\/www.sonoraenequipo.com.mx\/#organization\"},\"image\":{\"@id\":\"https:\/\/www.sonoraenequipo.com.mx\/centro-itama-listo-para-recibir-acreditacion-de-asociacion-de-correccionales-de-america\/#primaryimage\"},\"thumbnailUrl\":\"https:\/\/www.sonoraenequipo.com.mx\/storage\/2021\/04\/itama.jpg\",\"keywords\":[\"ITAMA\"],\"articleSection\":[\"Sonora\"],\"inLanguage\":\"es\",\"potentialAction\":[{\"@type\":\"CommentAction\",\"name\":\"Comment\",\"target\":[\"https:\/\/www.sonoraenequipo.com.mx\/centro-itama-listo-para-recibir-acreditacion-de-asociacion-de-correccionales-de-america\/#respond\"]}]},{\"@type\":\"WebPage\",\"@id\":\"https:\/\/www.sonoraenequipo.com.mx\/centro-itama-listo-para-recibir-acreditacion-de-asociacion-de-correccionales-de-america\/\",\"url\":\"https:\/\/www.sonoraenequipo.com.mx\/centro-itama-listo-para-recibir-acreditacion-de-asociacion-de-correccionales-de-america\/\",\"name\":\"Sonora en Equipo. \u00a0Centro Itama listo para recibir acreditaci\u00f3n de Asociaci\u00f3n de Correccionales de Am\u00e9rica Sonora\",\"isPartOf\":{\"@id\":\"https:\/\/www.sonoraenequipo.com.mx\/#website\"},\"primaryImageOfPage\":{\"@id\":\"https:\/\/www.sonoraenequipo.com.mx\/centro-itama-listo-para-recibir-acreditacion-de-asociacion-de-correccionales-de-america\/#primaryimage\"},\"image\":{\"@id\":\"https:\/\/www.sonoraenequipo.com.mx\/centro-itama-listo-para-recibir-acreditacion-de-asociacion-de-correccionales-de-america\/#primaryimage\"},\"thumbnailUrl\":\"https:\/\/www.sonoraenequipo.com.mx\/storage\/2021\/04\/itama.jpg\",\"datePublished\":\"2021-04-14T22:01:45+00:00\",\"dateModified\":\"2021-04-15T00:42:41+00:00\",\"description\":\"\u25ba El secretario de Seguridad P\u00fablica supervis\u00f3 los procesos de mejora para lograr la certificaci\u00f3n HERMOSILLO, SONORA,MX.\u2500\u2500 Tras cumplir con los procesos En Sonora en Equipo publicamos toda la informaci\u00f3n de Sonora, M\u00e9xico y el Mundo de manera oportuna y busca que la libertad de expresi\u00f3n sea real. Visita nuestro medio informativo publicado desde Hermosillo, Sonora. %\",\"breadcrumb\":{\"@id\":\"https:\/\/www.sonoraenequipo.com.mx\/centro-itama-listo-para-recibir-acreditacion-de-asociacion-de-correccionales-de-america\/#breadcrumb\"},\"inLanguage\":\"es\",\"potentialAction\":[{\"@type\":\"ReadAction\",\"target\":[\"https:\/\/www.sonoraenequipo.com.mx\/centro-itama-listo-para-recibir-acreditacion-de-asociacion-de-correccionales-de-america\/\"]}]},{\"@type\":\"ImageObject\",\"inLanguage\":\"es\",\"@id\":\"https:\/\/www.sonoraenequipo.com.mx\/centro-itama-listo-para-recibir-acreditacion-de-asociacion-de-correccionales-de-america\/#primaryimage\",\"url\":\"https:\/\/www.sonoraenequipo.com.mx\/storage\/2021\/04\/itama.jpg\",\"contentUrl\":\"https:\/\/www.sonoraenequipo.com.mx\/storage\/2021\/04\/itama.jpg\",\"width\":500,\"height\":300},{\"@type\":\"BreadcrumbList\",\"@id\":\"https:\/\/www.sonoraenequipo.com.mx\/centro-itama-listo-para-recibir-acreditacion-de-asociacion-de-correccionales-de-america\/#breadcrumb\",\"itemListElement\":[{\"@type\":\"ListItem\",\"position\":1,\"name\":\"Portada\",\"item\":\"https:\/\/www.sonoraenequipo.com.mx\/\"},{\"@type\":\"ListItem\",\"position\":2,\"name\":\"\u00a0Centro Itama listo para recibir acreditaci\u00f3n de Asociaci\u00f3n de Correccionales de Am\u00e9rica\"}]},{\"@type\":\"WebSite\",\"@id\":\"https:\/\/www.sonoraenequipo.com.mx\/#website\",\"url\":\"https:\/\/www.sonoraenequipo.com.mx\/\",\"name\":\"Sonora en Equipo.\",\"description\":\"Diario en l\u00ednea con Noticias desde Hermosillo, Sonora\",\"publisher\":{\"@id\":\"https:\/\/www.sonoraenequipo.com.mx\/#organization\"},\"potentialAction\":[{\"@type\":\"SearchAction\",\"target\":{\"@type\":\"EntryPoint\",\"urlTemplate\":\"https:\/\/www.sonoraenequipo.com.mx\/?s={search_term_string}\"},\"query-input\":{\"@type\":\"PropertyValueSpecification\",\"valueRequired\":true,\"valueName\":\"search_term_string\"}}],\"inLanguage\":\"es\"},{\"@type\":\"Organization\",\"@id\":\"https:\/\/www.sonoraenequipo.com.mx\/#organization\",\"name\":\"Sonoraenequipo.com.mx\",\"url\":\"https:\/\/www.sonoraenequipo.com.mx\/\",\"logo\":{\"@type\":\"ImageObject\",\"inLanguage\":\"es\",\"@id\":\"https:\/\/www.sonoraenequipo.com.mx\/#\/schema\/logo\/image\/\",\"url\":\"https:\/\/www.sonoraenequipo.com.mx\/storage\/2019\/01\/sonoraenequipo_opt.png\",\"contentUrl\":\"https:\/\/www.sonoraenequipo.com.mx\/storage\/2019\/01\/sonoraenequipo_opt.png\",\"width\":375,\"height\":125,\"caption\":\"Sonoraenequipo.com.mx\"},\"image\":{\"@id\":\"https:\/\/www.sonoraenequipo.com.mx\/#\/schema\/logo\/image\/\"},\"sameAs\":[\"https:\/\/www.facebook.com\/SonoraEE\/\",\"https:\/\/x.com\/sonoraenequipo\",\"https:\/\/www.youtube.com\/channel\/UC338nW-lPEYmJQs4ZABQ1SQ\"]},{\"@type\":\"Person\",\"@id\":\"https:\/\/www.sonoraenequipo.com.mx\/#\/schema\/person\/50102df0fb23a8fa9e8effad8fa81386\",\"name\":\"enequipo\",\"image\":{\"@type\":\"ImageObject\",\"inLanguage\":\"es\",\"@id\":\"https:\/\/www.sonoraenequipo.com.mx\/#\/schema\/person\/image\/\",\"url\":\"https:\/\/secure.gravatar.com\/avatar\/049821681b589dabc0bc20695993ccebb09f5b5d4d790cd9251b97faac7c652b?s=96&d=blank&r=g\",\"contentUrl\":\"https:\/\/secure.gravatar.com\/avatar\/049821681b589dabc0bc20695993ccebb09f5b5d4d790cd9251b97faac7c652b?s=96&d=blank&r=g\",\"caption\":\"enequipo\"},\"sameAs\":[\"https:\/\/www.facebook.com\/SonoraEE\"]}]}<\/script>\n ","yoast_head_json":{"title":"Sonora en Equipo. \u00a0Centro Itama listo para recibir acreditaci\u00f3n de Asociaci\u00f3n de Correccionales de Am\u00e9rica Sonora","description":"\u25ba El secretario de Seguridad P\u00fablica supervis\u00f3 los procesos de mejora para lograr la certificaci\u00f3n HERMOSILLO, SONORA,MX.\u2500\u2500 Tras cumplir con los procesos En Sonora en Equipo publicamos toda la informaci\u00f3n de Sonora, M\u00e9xico y el Mundo de manera oportuna y busca que la libertad de expresi\u00f3n sea real. Visita nuestro medio informativo publicado desde Hermosillo, Sonora. %","robots":{"index":"index","follow":"follow","max-snippet":"max-snippet:-1","max-image-preview":"max-image-preview:large","max-video-preview":"max-video-preview:-1"},"canonical":"https:\/\/www.sonoraenequipo.com.mx\/centro-itama-listo-para-recibir-acreditacion-de-asociacion-de-correccionales-de-america\/","og_locale":"es_ES","og_type":"article","og_title":"Sonora en Equipo. \u00a0Centro Itama listo para recibir acreditaci\u00f3n de Asociaci\u00f3n de Correccionales de Am\u00e9rica Sonora","og_description":"\u25ba El secretario de Seguridad P\u00fablica supervis\u00f3 los procesos de mejora para lograr la certificaci\u00f3n HERMOSILLO, SONORA,MX.\u2500\u2500 Tras cumplir con los procesos En Sonora en Equipo publicamos toda la informaci\u00f3n de Sonora, M\u00e9xico y el Mundo de manera oportuna y busca que la libertad de expresi\u00f3n sea real. Visita nuestro medio informativo publicado desde Hermosillo, Sonora. %","og_url":"https:\/\/www.sonoraenequipo.com.mx\/centro-itama-listo-para-recibir-acreditacion-de-asociacion-de-correccionales-de-america\/","og_site_name":"Sonora en Equipo.","article_publisher":"https:\/\/www.facebook.com\/SonoraEE\/","article_author":"https:\/\/www.facebook.com\/SonoraEE","article_published_time":"2021-04-14T22:01:45+00:00","article_modified_time":"2021-04-15T00:42:41+00:00","og_image":[{"width":500,"height":300,"url":"https:\/\/www.sonoraenequipo.com.mx\/storage\/2021\/04\/itama.jpg","type":"image\/jpeg"}],"author":"enequipo","twitter_card":"summary_large_image","twitter_creator":"@sonoraenequipo","twitter_site":"@sonoraenequipo","twitter_misc":{"Escrito por":"enequipo","Tiempo de lectura":"2 minutos"},"schema":{"@context":"https:\/\/schema.org","@graph":[{"@type":"Article","@id":"https:\/\/www.sonoraenequipo.com.mx\/centro-itama-listo-para-recibir-acreditacion-de-asociacion-de-correccionales-de-america\/#article","isPartOf":{"@id":"https:\/\/www.sonoraenequipo.com.mx\/centro-itama-listo-para-recibir-acreditacion-de-asociacion-de-correccionales-de-america\/"},"author":{"name":"enequipo","@id":"https:\/\/www.sonoraenequipo.com.mx\/#\/schema\/person\/50102df0fb23a8fa9e8effad8fa81386"},"headline":"\u00a0Centro Itama listo para recibir acreditaci\u00f3n de Asociaci\u00f3n de Correccionales de Am\u00e9rica","datePublished":"2021-04-14T22:01:45+00:00","dateModified":"2021-04-15T00:42:41+00:00","mainEntityOfPage":{"@id":"https:\/\/www.sonoraenequipo.com.mx\/centro-itama-listo-para-recibir-acreditacion-de-asociacion-de-correccionales-de-america\/"},"wordCount":447,"commentCount":0,"publisher":{"@id":"https:\/\/www.sonoraenequipo.com.mx\/#organization"},"image":{"@id":"https:\/\/www.sonoraenequipo.com.mx\/centro-itama-listo-para-recibir-acreditacion-de-asociacion-de-correccionales-de-america\/#primaryimage"},"thumbnailUrl":"https:\/\/www.sonoraenequipo.com.mx\/storage\/2021\/04\/itama.jpg","keywords":["ITAMA"],"articleSection":["Sonora"],"inLanguage":"es","potentialAction":[{"@type":"CommentAction","name":"Comment","target":["https:\/\/www.sonoraenequipo.com.mx\/centro-itama-listo-para-recibir-acreditacion-de-asociacion-de-correccionales-de-america\/#respond"]}]},{"@type":"WebPage","@id":"https:\/\/www.sonoraenequipo.com.mx\/centro-itama-listo-para-recibir-acreditacion-de-asociacion-de-correccionales-de-america\/","url":"https:\/\/www.sonoraenequipo.com.mx\/centro-itama-listo-para-recibir-acreditacion-de-asociacion-de-correccionales-de-america\/","name":"Sonora en Equipo. \u00a0Centro Itama listo para recibir acreditaci\u00f3n de Asociaci\u00f3n de Correccionales de Am\u00e9rica Sonora","isPartOf":{"@id":"https:\/\/www.sonoraenequipo.com.mx\/#website"},"primaryImageOfPage":{"@id":"https:\/\/www.sonoraenequipo.com.mx\/centro-itama-listo-para-recibir-acreditacion-de-asociacion-de-correccionales-de-america\/#primaryimage"},"image":{"@id":"https:\/\/www.sonoraenequipo.com.mx\/centro-itama-listo-para-recibir-acreditacion-de-asociacion-de-correccionales-de-america\/#primaryimage"},"thumbnailUrl":"https:\/\/www.sonoraenequipo.com.mx\/storage\/2021\/04\/itama.jpg","datePublished":"2021-04-14T22:01:45+00:00","dateModified":"2021-04-15T00:42:41+00:00","description":"\u25ba El secretario de Seguridad P\u00fablica supervis\u00f3 los procesos de mejora para lograr la certificaci\u00f3n HERMOSILLO, SONORA,MX.\u2500\u2500 Tras cumplir con los procesos En Sonora en Equipo publicamos toda la informaci\u00f3n de Sonora, M\u00e9xico y el Mundo de manera oportuna y busca que la libertad de expresi\u00f3n sea real. Visita nuestro medio informativo publicado desde Hermosillo, Sonora. %","breadcrumb":{"@id":"https:\/\/www.sonoraenequipo.com.mx\/centro-itama-listo-para-recibir-acreditacion-de-asociacion-de-correccionales-de-america\/#breadcrumb"},"inLanguage":"es","potentialAction":[{"@type":"ReadAction","target":["https:\/\/www.sonoraenequipo.com.mx\/centro-itama-listo-para-recibir-acreditacion-de-asociacion-de-correccionales-de-america\/"]}]},{"@type":"ImageObject","inLanguage":"es","@id":"https:\/\/www.sonoraenequipo.com.mx\/centro-itama-listo-para-recibir-acreditacion-de-asociacion-de-correccionales-de-america\/#primaryimage","url":"https:\/\/www.sonoraenequipo.com.mx\/storage\/2021\/04\/itama.jpg","contentUrl":"https:\/\/www.sonoraenequipo.com.mx\/storage\/2021\/04\/itama.jpg","width":500,"height":300},{"@type":"BreadcrumbList","@id":"https:\/\/www.sonoraenequipo.com.mx\/centro-itama-listo-para-recibir-acreditacion-de-asociacion-de-correccionales-de-america\/#breadcrumb","itemListElement":[{"@type":"ListItem","position":1,"name":"Portada","item":"https:\/\/www.sonoraenequipo.com.mx\/"},{"@type":"ListItem","position":2,"name":"\u00a0Centro Itama listo para recibir acreditaci\u00f3n de Asociaci\u00f3n de Correccionales de Am\u00e9rica"}]},{"@type":"WebSite","@id":"https:\/\/www.sonoraenequipo.com.mx\/#website","url":"https:\/\/www.sonoraenequipo.com.mx\/","name":"Sonora en Equipo.","description":"Diario en l\u00ednea con Noticias desde Hermosillo, Sonora","publisher":{"@id":"https:\/\/www.sonoraenequipo.com.mx\/#organization"},"potentialAction":[{"@type":"SearchAction","target":{"@type":"EntryPoint","urlTemplate":"https:\/\/www.sonoraenequipo.com.mx\/?s={search_term_string}"},"query-input":{"@type":"PropertyValueSpecification","valueRequired":true,"valueName":"search_term_string"}}],"inLanguage":"es"},{"@type":"Organization","@id":"https:\/\/www.sonoraenequipo.com.mx\/#organization","name":"Sonoraenequipo.com.mx","url":"https:\/\/www.sonoraenequipo.com.mx\/","logo":{"@type":"ImageObject","inLanguage":"es","@id":"https:\/\/www.sonoraenequipo.com.mx\/#\/schema\/logo\/image\/","url":"https:\/\/www.sonoraenequipo.com.mx\/storage\/2019\/01\/sonoraenequipo_opt.png","contentUrl":"https:\/\/www.sonoraenequipo.com.mx\/storage\/2019\/01\/sonoraenequipo_opt.png","width":375,"height":125,"caption":"Sonoraenequipo.com.mx"},"image":{"@id":"https:\/\/www.sonoraenequipo.com.mx\/#\/schema\/logo\/image\/"},"sameAs":["https:\/\/www.facebook.com\/SonoraEE\/","https:\/\/x.com\/sonoraenequipo","https:\/\/www.youtube.com\/channel\/UC338nW-lPEYmJQs4ZABQ1SQ"]},{"@type":"Person","@id":"https:\/\/www.sonoraenequipo.com.mx\/#\/schema\/person\/50102df0fb23a8fa9e8effad8fa81386","name":"enequipo","image":{"@type":"ImageObject","inLanguage":"es","@id":"https:\/\/www.sonoraenequipo.com.mx\/#\/schema\/person\/image\/","url":"https:\/\/secure.gravatar.com\/avatar\/049821681b589dabc0bc20695993ccebb09f5b5d4d790cd9251b97faac7c652b?s=96&d=blank&r=g","contentUrl":"https:\/\/secure.gravatar.com\/avatar\/049821681b589dabc0bc20695993ccebb09f5b5d4d790cd9251b97faac7c652b?s=96&d=blank&r=g","caption":"enequipo"},"sameAs":["https:\/\/www.facebook.com\/SonoraEE"]}]}},"jetpack_featured_media_url":"https:\/\/www.sonoraenequipo.com.mx\/storage\/2021\/04\/itama.jpg","_links":{"self":[{"href":"https:\/\/www.sonoraenequipo.com.mx\/api\/wp\/v2\/posts\/111577","targetHints":{"allow":["GET"]}}],"collection":[{"href":"https:\/\/www.sonoraenequipo.com.mx\/api\/wp\/v2\/posts"}],"about":[{"href":"https:\/\/www.sonoraenequipo.com.mx\/api\/wp\/v2\/types\/post"}],"author":[{"embeddable":true,"href":"https:\/\/www.sonoraenequipo.com.mx\/api\/wp\/v2\/users\/1"}],"replies":[{"embeddable":true,"href":"https:\/\/www.sonoraenequipo.com.mx\/api\/wp\/v2\/comments?post=111577"}],"version-history":[{"count":3,"href":"https:\/\/www.sonoraenequipo.com.mx\/api\/wp\/v2\/posts\/111577\/revisions"}],"predecessor-version":[{"id":111581,"href":"https:\/\/www.sonoraenequipo.com.mx\/api\/wp\/v2\/posts\/111577\/revisions\/111581"}],"wp:featuredmedia":[{"embeddable":true,"href":"https:\/\/www.sonoraenequipo.com.mx\/api\/wp\/v2\/media\/111578"}],"wp:attachment":[{"href":"https:\/\/www.sonoraenequipo.com.mx\/api\/wp\/v2\/media?parent=111577"}],"wp:term":[{"taxonomy":"category","embeddable":true,"href":"https:\/\/www.sonoraenequipo.com.mx\/api\/wp\/v2\/categories?post=111577"},{"taxonomy":"post_tag","embeddable":true,"href":"https:\/\/www.sonoraenequipo.com.mx\/api\/wp\/v2\/tags?post=111577"}],"curies":[{"name":"wp","href":"https:\/\/api.w.org\/{rel}","templated":true}]}}