{"id":111592,"date":"2021-04-14T17:22:41","date_gmt":"2021-04-15T00:22:41","guid":{"rendered":"https:\/\/www.sonoraenequipo.com.mx\/?p=111592"},"modified":"2021-04-14T17:45:18","modified_gmt":"2021-04-15T00:45:18","slug":"hermosillo-contaran-familias-del-ejido-jacinto-lopez-con-servicio-de-agua-potable","status":"publish","type":"post","link":"https:\/\/www.sonoraenequipo.com.mx\/hermosillo-contaran-familias-del-ejido-jacinto-lopez-con-servicio-de-agua-potable\/","title":{"rendered":"Contar\u00e1n familias del ejido Jacinto L\u00f3pez con servicio de agua potable"},"content":{"rendered":"<p>\u25baDespu\u00e9s de ocho a\u00f1os sin agua corriente, m\u00e1s de 30 familias dejar\u00e1n de depender de la distribuci\u00f3n a trav\u00e9s de pipas.<\/p>\n<p>&nbsp;<\/p>\n<p>HERMOSILLO, SONORA,MX.\u2500\u2500 Con la construcci\u00f3n de un nuevo pozo de abastecimiento y con la rehabilitaci\u00f3n del tanque de distribuci\u00f3n, m\u00e1s de 30 familias del ejido Jacinto L\u00f3pez contar\u00e1n, despu\u00e9s de ocho a\u00f1os, con el servicio de agua potable a trav\u00e9s de la infraestructura hidr\u00e1ulica.<\/p>\n<p>&nbsp;<\/p>\n<p>Herman Valenzuela Salas, Coordinador Operativo de Agua de Hermosillo, realiz\u00f3, junto con directivos del organismo, un recorrido de supervisi\u00f3n en esta comunidad rural, en la que los vecinos esperan la puesta en marcha de la captaci\u00f3n que dotar\u00e1 del vital l\u00edquido a cada uno de sus hogares.<\/p>\n<p>&nbsp;<\/p>\n<p>El funcionario destac\u00f3 que este proyecto, que ha contado con el seguimiento permanente de parte de Daniel S\u00e1nchez Gonz\u00e1lez, Director General del organismo operador, forma parte de los compromisos para atender los rezagos de servicios p\u00fablicos en el \u00e1rea rural.<\/p>\n<p>&nbsp;<\/p>\n<p>Valenzuela Salas indic\u00f3 que este nuevo pozo, aunado a la operaci\u00f3n del tanque de distribuci\u00f3n que ya est\u00e1 rehabilitado, re\u00fane las condiciones para atender las necesidades y requerimientos del vital l\u00edquido en la comunidad, por lo que se podr\u00e1 prescindir del servicio que se realizaba a trav\u00e9s de pipas.<\/p>\n<p>&nbsp;<\/p>\n<p>Cabe destacar que CIDUE fue la dependencia encargada de perforar el pozo, mientras que Agua de Hermosillo llev\u00f3 a cabo el equipamiento y la rehabilitaci\u00f3n del sistema de distribuci\u00f3n.<\/p>\n<p>&nbsp;<\/p>\n<p>En esta gira de supervisi\u00f3n de proyectos, los directivos de Agua de Hermosillo tambi\u00e9n constataron los avances del nuevo pozo que se pondr\u00e1 en operaci\u00f3n para beneficio de las familias de la comunidad del Molino de Camou, as\u00ed como la reposici\u00f3n de un pozo en San Pedro, que brindar\u00e1 el servicio para ese sector del \u00e1rea rural y a su vez tendr\u00e1 un impacto positivo en la distribuci\u00f3n al norte de la ciudad.<\/p>\n<p>Fecha de publicaci\u00f3n \u00a0\u00a0mi\u00e9rcoles \u00a0\/\u00a0 14\u00a0 \/ abril \/ 2021<\/p>\n<p>&nbsp;<\/p>\n","protected":false},"excerpt":{"rendered":"<p>\u25baDespu\u00e9s de ocho a\u00f1os sin agua corriente, m\u00e1s de 30 familias dejar\u00e1n de depender de&#8230;<\/p>\n","protected":false},"author":1,"featured_media":111593,"comment_status":"open","ping_status":"open","sticky":false,"template":"","format":"standard","meta":{"_monsterinsights_skip_tracking":false,"_monsterinsights_sitenote_active":false,"_monsterinsights_sitenote_note":"","_monsterinsights_sitenote_category":0,"footnotes":""},"categories":[4],"tags":[5613],"class_list":["post"],"yoast_head":" \n<title>Sonora en Equipo. Contar\u00e1n familias del ejido Jacinto L\u00f3pez con servicio de agua potable Municipios<\/title>\n<meta name=\"description\" content=\"\u25baDespu\u00e9s de ocho a\u00f1os sin agua corriente, m\u00e1s de 30 familias dejar\u00e1n de depender de la distribuci\u00f3n a trav\u00e9s de pipas. &nbsp; HERMOSILLO, SONORA,MX.\u2500\u2500 Con En Sonora en Equipo publicamos toda la informaci\u00f3n de Sonora, M\u00e9xico y el Mundo de manera oportuna y busca que la libertad de expresi\u00f3n sea real. Visita nuestro medio informativo publicado desde Hermosillo, Sonora. %\" \/>\n<meta name=\"robots\" content=\"index, follow, max-snippet:-1, max-image-preview:large, max-video-preview:-1\" \/>\n<link rel=\"canonical\" href=\"https:\/\/www.sonoraenequipo.com.mx\/hermosillo-contaran-familias-del-ejido-jacinto-lopez-con-servicio-de-agua-potable\/\" \/>\n<meta property=\"og:locale\" content=\"es_ES\" \/>\n<meta property=\"og:type\" content=\"article\" \/>\n<meta property=\"og:title\" content=\"Sonora en Equipo. Contar\u00e1n familias del ejido Jacinto L\u00f3pez con servicio de agua potable Municipios\" \/>\n<meta property=\"og:description\" content=\"\u25baDespu\u00e9s de ocho a\u00f1os sin agua corriente, m\u00e1s de 30 familias dejar\u00e1n de depender de la distribuci\u00f3n a trav\u00e9s de pipas. &nbsp; HERMOSILLO, SONORA,MX.\u2500\u2500 Con En Sonora en Equipo publicamos toda la informaci\u00f3n de Sonora, M\u00e9xico y el Mundo de manera oportuna y busca que la libertad de expresi\u00f3n sea real. Visita nuestro medio informativo publicado desde Hermosillo, Sonora. %\" \/>\n<meta property=\"og:url\" content=\"https:\/\/www.sonoraenequipo.com.mx\/hermosillo-contaran-familias-del-ejido-jacinto-lopez-con-servicio-de-agua-potable\/\" \/>\n<meta property=\"og:site_name\" content=\"Sonora en Equipo.\" \/>\n<meta property=\"article:publisher\" content=\"https:\/\/www.facebook.com\/SonoraEE\/\" \/>\n<meta property=\"article:author\" content=\"https:\/\/www.facebook.com\/SonoraEE\" \/>\n<meta property=\"article:published_time\" content=\"2021-04-15T00:22:41+00:00\" \/>\n<meta property=\"article:modified_time\" content=\"2021-04-15T00:45:18+00:00\" \/>\n<meta property=\"og:image\" content=\"https:\/\/www.sonoraenequipo.com.mx\/storage\/2021\/04\/aguah-jc.jpg\" \/>\n\t<meta property=\"og:image:width\" content=\"500\" \/>\n\t<meta property=\"og:image:height\" content=\"300\" \/>\n\t<meta property=\"og:image:type\" content=\"image\/jpeg\" \/>\n<meta name=\"author\" content=\"enequipo\" \/>\n<meta name=\"twitter:card\" content=\"summary_large_image\" \/>\n<meta name=\"twitter:creator\" content=\"@sonoraenequipo\" \/>\n<meta name=\"twitter:site\" content=\"@sonoraenequipo\" \/>\n<meta name=\"twitter:label1\" content=\"Escrito por\" \/>\n\t<meta name=\"twitter:data1\" content=\"enequipo\" \/>\n\t<meta name=\"twitter:label2\" content=\"Tiempo de lectura\" \/>\n\t<meta name=\"twitter:data2\" content=\"2 minutos\" \/>\n<script type=\"application\/ld+json\" class=\"yoast-schema-graph\">{\"@context\":\"https:\/\/schema.org\",\"@graph\":[{\"@type\":\"Article\",\"@id\":\"https:\/\/www.sonoraenequipo.com.mx\/hermosillo-contaran-familias-del-ejido-jacinto-lopez-con-servicio-de-agua-potable\/#article\",\"isPartOf\":{\"@id\":\"https:\/\/www.sonoraenequipo.com.mx\/hermosillo-contaran-familias-del-ejido-jacinto-lopez-con-servicio-de-agua-potable\/\"},\"author\":{\"name\":\"enequipo\",\"@id\":\"https:\/\/www.sonoraenequipo.com.mx\/#\/schema\/person\/50102df0fb23a8fa9e8effad8fa81386\"},\"headline\":\"Contar\u00e1n familias del ejido Jacinto L\u00f3pez con servicio de agua potable\",\"datePublished\":\"2021-04-15T00:22:41+00:00\",\"dateModified\":\"2021-04-15T00:45:18+00:00\",\"mainEntityOfPage\":{\"@id\":\"https:\/\/www.sonoraenequipo.com.mx\/hermosillo-contaran-familias-del-ejido-jacinto-lopez-con-servicio-de-agua-potable\/\"},\"wordCount\":363,\"commentCount\":0,\"publisher\":{\"@id\":\"https:\/\/www.sonoraenequipo.com.mx\/#organization\"},\"image\":{\"@id\":\"https:\/\/www.sonoraenequipo.com.mx\/hermosillo-contaran-familias-del-ejido-jacinto-lopez-con-servicio-de-agua-potable\/#primaryimage\"},\"thumbnailUrl\":\"https:\/\/www.sonoraenequipo.com.mx\/storage\/2021\/04\/aguah-jc.jpg\",\"keywords\":[\"AGUAH JACINTO LOPEZ\"],\"articleSection\":[\"Municipios\"],\"inLanguage\":\"es\",\"potentialAction\":[{\"@type\":\"CommentAction\",\"name\":\"Comment\",\"target\":[\"https:\/\/www.sonoraenequipo.com.mx\/hermosillo-contaran-familias-del-ejido-jacinto-lopez-con-servicio-de-agua-potable\/#respond\"]}]},{\"@type\":\"WebPage\",\"@id\":\"https:\/\/www.sonoraenequipo.com.mx\/hermosillo-contaran-familias-del-ejido-jacinto-lopez-con-servicio-de-agua-potable\/\",\"url\":\"https:\/\/www.sonoraenequipo.com.mx\/hermosillo-contaran-familias-del-ejido-jacinto-lopez-con-servicio-de-agua-potable\/\",\"name\":\"Sonora en Equipo. Contar\u00e1n familias del ejido Jacinto L\u00f3pez con servicio de agua potable Municipios\",\"isPartOf\":{\"@id\":\"https:\/\/www.sonoraenequipo.com.mx\/#website\"},\"primaryImageOfPage\":{\"@id\":\"https:\/\/www.sonoraenequipo.com.mx\/hermosillo-contaran-familias-del-ejido-jacinto-lopez-con-servicio-de-agua-potable\/#primaryimage\"},\"image\":{\"@id\":\"https:\/\/www.sonoraenequipo.com.mx\/hermosillo-contaran-familias-del-ejido-jacinto-lopez-con-servicio-de-agua-potable\/#primaryimage\"},\"thumbnailUrl\":\"https:\/\/www.sonoraenequipo.com.mx\/storage\/2021\/04\/aguah-jc.jpg\",\"datePublished\":\"2021-04-15T00:22:41+00:00\",\"dateModified\":\"2021-04-15T00:45:18+00:00\",\"description\":\"\u25baDespu\u00e9s de ocho a\u00f1os sin agua corriente, m\u00e1s de 30 familias dejar\u00e1n de depender de la distribuci\u00f3n a trav\u00e9s de pipas. &nbsp; HERMOSILLO, SONORA,MX.\u2500\u2500 Con En Sonora en Equipo publicamos toda la informaci\u00f3n de Sonora, M\u00e9xico y el Mundo de manera oportuna y busca que la libertad de expresi\u00f3n sea real. Visita nuestro medio informativo publicado desde Hermosillo, Sonora. %\",\"breadcrumb\":{\"@id\":\"https:\/\/www.sonoraenequipo.com.mx\/hermosillo-contaran-familias-del-ejido-jacinto-lopez-con-servicio-de-agua-potable\/#breadcrumb\"},\"inLanguage\":\"es\",\"potentialAction\":[{\"@type\":\"ReadAction\",\"target\":[\"https:\/\/www.sonoraenequipo.com.mx\/hermosillo-contaran-familias-del-ejido-jacinto-lopez-con-servicio-de-agua-potable\/\"]}]},{\"@type\":\"ImageObject\",\"inLanguage\":\"es\",\"@id\":\"https:\/\/www.sonoraenequipo.com.mx\/hermosillo-contaran-familias-del-ejido-jacinto-lopez-con-servicio-de-agua-potable\/#primaryimage\",\"url\":\"https:\/\/www.sonoraenequipo.com.mx\/storage\/2021\/04\/aguah-jc.jpg\",\"contentUrl\":\"https:\/\/www.sonoraenequipo.com.mx\/storage\/2021\/04\/aguah-jc.jpg\",\"width\":500,\"height\":300},{\"@type\":\"BreadcrumbList\",\"@id\":\"https:\/\/www.sonoraenequipo.com.mx\/hermosillo-contaran-familias-del-ejido-jacinto-lopez-con-servicio-de-agua-potable\/#breadcrumb\",\"itemListElement\":[{\"@type\":\"ListItem\",\"position\":1,\"name\":\"Portada\",\"item\":\"https:\/\/www.sonoraenequipo.com.mx\/\"},{\"@type\":\"ListItem\",\"position\":2,\"name\":\"Contar\u00e1n familias del ejido Jacinto L\u00f3pez con servicio de agua potable\"}]},{\"@type\":\"WebSite\",\"@id\":\"https:\/\/www.sonoraenequipo.com.mx\/#website\",\"url\":\"https:\/\/www.sonoraenequipo.com.mx\/\",\"name\":\"Sonora en Equipo.\",\"description\":\"Diario en l\u00ednea con Noticias desde Hermosillo, Sonora\",\"publisher\":{\"@id\":\"https:\/\/www.sonoraenequipo.com.mx\/#organization\"},\"potentialAction\":[{\"@type\":\"SearchAction\",\"target\":{\"@type\":\"EntryPoint\",\"urlTemplate\":\"https:\/\/www.sonoraenequipo.com.mx\/?s={search_term_string}\"},\"query-input\":{\"@type\":\"PropertyValueSpecification\",\"valueRequired\":true,\"valueName\":\"search_term_string\"}}],\"inLanguage\":\"es\"},{\"@type\":\"Organization\",\"@id\":\"https:\/\/www.sonoraenequipo.com.mx\/#organization\",\"name\":\"Sonoraenequipo.com.mx\",\"url\":\"https:\/\/www.sonoraenequipo.com.mx\/\",\"logo\":{\"@type\":\"ImageObject\",\"inLanguage\":\"es\",\"@id\":\"https:\/\/www.sonoraenequipo.com.mx\/#\/schema\/logo\/image\/\",\"url\":\"https:\/\/www.sonoraenequipo.com.mx\/storage\/2019\/01\/sonoraenequipo_opt.png\",\"contentUrl\":\"https:\/\/www.sonoraenequipo.com.mx\/storage\/2019\/01\/sonoraenequipo_opt.png\",\"width\":375,\"height\":125,\"caption\":\"Sonoraenequipo.com.mx\"},\"image\":{\"@id\":\"https:\/\/www.sonoraenequipo.com.mx\/#\/schema\/logo\/image\/\"},\"sameAs\":[\"https:\/\/www.facebook.com\/SonoraEE\/\",\"https:\/\/x.com\/sonoraenequipo\",\"https:\/\/www.youtube.com\/channel\/UC338nW-lPEYmJQs4ZABQ1SQ\"]},{\"@type\":\"Person\",\"@id\":\"https:\/\/www.sonoraenequipo.com.mx\/#\/schema\/person\/50102df0fb23a8fa9e8effad8fa81386\",\"name\":\"enequipo\",\"image\":{\"@type\":\"ImageObject\",\"inLanguage\":\"es\",\"@id\":\"https:\/\/www.sonoraenequipo.com.mx\/#\/schema\/person\/image\/\",\"url\":\"https:\/\/secure.gravatar.com\/avatar\/049821681b589dabc0bc20695993ccebb09f5b5d4d790cd9251b97faac7c652b?s=96&d=blank&r=g\",\"contentUrl\":\"https:\/\/secure.gravatar.com\/avatar\/049821681b589dabc0bc20695993ccebb09f5b5d4d790cd9251b97faac7c652b?s=96&d=blank&r=g\",\"caption\":\"enequipo\"},\"sameAs\":[\"https:\/\/www.facebook.com\/SonoraEE\"]}]}<\/script>\n ","yoast_head_json":{"title":"Sonora en Equipo. Contar\u00e1n familias del ejido Jacinto L\u00f3pez con servicio de agua potable Municipios","description":"\u25baDespu\u00e9s de ocho a\u00f1os sin agua corriente, m\u00e1s de 30 familias dejar\u00e1n de depender de la distribuci\u00f3n a trav\u00e9s de pipas. &nbsp; HERMOSILLO, SONORA,MX.\u2500\u2500 Con En Sonora en Equipo publicamos toda la informaci\u00f3n de Sonora, M\u00e9xico y el Mundo de manera oportuna y busca que la libertad de expresi\u00f3n sea real. Visita nuestro medio informativo publicado desde Hermosillo, Sonora. %","robots":{"index":"index","follow":"follow","max-snippet":"max-snippet:-1","max-image-preview":"max-image-preview:large","max-video-preview":"max-video-preview:-1"},"canonical":"https:\/\/www.sonoraenequipo.com.mx\/hermosillo-contaran-familias-del-ejido-jacinto-lopez-con-servicio-de-agua-potable\/","og_locale":"es_ES","og_type":"article","og_title":"Sonora en Equipo. Contar\u00e1n familias del ejido Jacinto L\u00f3pez con servicio de agua potable Municipios","og_description":"\u25baDespu\u00e9s de ocho a\u00f1os sin agua corriente, m\u00e1s de 30 familias dejar\u00e1n de depender de la distribuci\u00f3n a trav\u00e9s de pipas. &nbsp; HERMOSILLO, SONORA,MX.\u2500\u2500 Con En Sonora en Equipo publicamos toda la informaci\u00f3n de Sonora, M\u00e9xico y el Mundo de manera oportuna y busca que la libertad de expresi\u00f3n sea real. Visita nuestro medio informativo publicado desde Hermosillo, Sonora. %","og_url":"https:\/\/www.sonoraenequipo.com.mx\/hermosillo-contaran-familias-del-ejido-jacinto-lopez-con-servicio-de-agua-potable\/","og_site_name":"Sonora en Equipo.","article_publisher":"https:\/\/www.facebook.com\/SonoraEE\/","article_author":"https:\/\/www.facebook.com\/SonoraEE","article_published_time":"2021-04-15T00:22:41+00:00","article_modified_time":"2021-04-15T00:45:18+00:00","og_image":[{"width":500,"height":300,"url":"https:\/\/www.sonoraenequipo.com.mx\/storage\/2021\/04\/aguah-jc.jpg","type":"image\/jpeg"}],"author":"enequipo","twitter_card":"summary_large_image","twitter_creator":"@sonoraenequipo","twitter_site":"@sonoraenequipo","twitter_misc":{"Escrito por":"enequipo","Tiempo de lectura":"2 minutos"},"schema":{"@context":"https:\/\/schema.org","@graph":[{"@type":"Article","@id":"https:\/\/www.sonoraenequipo.com.mx\/hermosillo-contaran-familias-del-ejido-jacinto-lopez-con-servicio-de-agua-potable\/#article","isPartOf":{"@id":"https:\/\/www.sonoraenequipo.com.mx\/hermosillo-contaran-familias-del-ejido-jacinto-lopez-con-servicio-de-agua-potable\/"},"author":{"name":"enequipo","@id":"https:\/\/www.sonoraenequipo.com.mx\/#\/schema\/person\/50102df0fb23a8fa9e8effad8fa81386"},"headline":"Contar\u00e1n familias del ejido Jacinto L\u00f3pez con servicio de agua potable","datePublished":"2021-04-15T00:22:41+00:00","dateModified":"2021-04-15T00:45:18+00:00","mainEntityOfPage":{"@id":"https:\/\/www.sonoraenequipo.com.mx\/hermosillo-contaran-familias-del-ejido-jacinto-lopez-con-servicio-de-agua-potable\/"},"wordCount":363,"commentCount":0,"publisher":{"@id":"https:\/\/www.sonoraenequipo.com.mx\/#organization"},"image":{"@id":"https:\/\/www.sonoraenequipo.com.mx\/hermosillo-contaran-familias-del-ejido-jacinto-lopez-con-servicio-de-agua-potable\/#primaryimage"},"thumbnailUrl":"https:\/\/www.sonoraenequipo.com.mx\/storage\/2021\/04\/aguah-jc.jpg","keywords":["AGUAH JACINTO LOPEZ"],"articleSection":["Municipios"],"inLanguage":"es","potentialAction":[{"@type":"CommentAction","name":"Comment","target":["https:\/\/www.sonoraenequipo.com.mx\/hermosillo-contaran-familias-del-ejido-jacinto-lopez-con-servicio-de-agua-potable\/#respond"]}]},{"@type":"WebPage","@id":"https:\/\/www.sonoraenequipo.com.mx\/hermosillo-contaran-familias-del-ejido-jacinto-lopez-con-servicio-de-agua-potable\/","url":"https:\/\/www.sonoraenequipo.com.mx\/hermosillo-contaran-familias-del-ejido-jacinto-lopez-con-servicio-de-agua-potable\/","name":"Sonora en Equipo. Contar\u00e1n familias del ejido Jacinto L\u00f3pez con servicio de agua potable Municipios","isPartOf":{"@id":"https:\/\/www.sonoraenequipo.com.mx\/#website"},"primaryImageOfPage":{"@id":"https:\/\/www.sonoraenequipo.com.mx\/hermosillo-contaran-familias-del-ejido-jacinto-lopez-con-servicio-de-agua-potable\/#primaryimage"},"image":{"@id":"https:\/\/www.sonoraenequipo.com.mx\/hermosillo-contaran-familias-del-ejido-jacinto-lopez-con-servicio-de-agua-potable\/#primaryimage"},"thumbnailUrl":"https:\/\/www.sonoraenequipo.com.mx\/storage\/2021\/04\/aguah-jc.jpg","datePublished":"2021-04-15T00:22:41+00:00","dateModified":"2021-04-15T00:45:18+00:00","description":"\u25baDespu\u00e9s de ocho a\u00f1os sin agua corriente, m\u00e1s de 30 familias dejar\u00e1n de depender de la distribuci\u00f3n a trav\u00e9s de pipas. &nbsp; HERMOSILLO, SONORA,MX.\u2500\u2500 Con En Sonora en Equipo publicamos toda la informaci\u00f3n de Sonora, M\u00e9xico y el Mundo de manera oportuna y busca que la libertad de expresi\u00f3n sea real. Visita nuestro medio informativo publicado desde Hermosillo, Sonora. %","breadcrumb":{"@id":"https:\/\/www.sonoraenequipo.com.mx\/hermosillo-contaran-familias-del-ejido-jacinto-lopez-con-servicio-de-agua-potable\/#breadcrumb"},"inLanguage":"es","potentialAction":[{"@type":"ReadAction","target":["https:\/\/www.sonoraenequipo.com.mx\/hermosillo-contaran-familias-del-ejido-jacinto-lopez-con-servicio-de-agua-potable\/"]}]},{"@type":"ImageObject","inLanguage":"es","@id":"https:\/\/www.sonoraenequipo.com.mx\/hermosillo-contaran-familias-del-ejido-jacinto-lopez-con-servicio-de-agua-potable\/#primaryimage","url":"https:\/\/www.sonoraenequipo.com.mx\/storage\/2021\/04\/aguah-jc.jpg","contentUrl":"https:\/\/www.sonoraenequipo.com.mx\/storage\/2021\/04\/aguah-jc.jpg","width":500,"height":300},{"@type":"BreadcrumbList","@id":"https:\/\/www.sonoraenequipo.com.mx\/hermosillo-contaran-familias-del-ejido-jacinto-lopez-con-servicio-de-agua-potable\/#breadcrumb","itemListElement":[{"@type":"ListItem","position":1,"name":"Portada","item":"https:\/\/www.sonoraenequipo.com.mx\/"},{"@type":"ListItem","position":2,"name":"Contar\u00e1n familias del ejido Jacinto L\u00f3pez con servicio de agua potable"}]},{"@type":"WebSite","@id":"https:\/\/www.sonoraenequipo.com.mx\/#website","url":"https:\/\/www.sonoraenequipo.com.mx\/","name":"Sonora en Equipo.","description":"Diario en l\u00ednea con Noticias desde Hermosillo, Sonora","publisher":{"@id":"https:\/\/www.sonoraenequipo.com.mx\/#organization"},"potentialAction":[{"@type":"SearchAction","target":{"@type":"EntryPoint","urlTemplate":"https:\/\/www.sonoraenequipo.com.mx\/?s={search_term_string}"},"query-input":{"@type":"PropertyValueSpecification","valueRequired":true,"valueName":"search_term_string"}}],"inLanguage":"es"},{"@type":"Organization","@id":"https:\/\/www.sonoraenequipo.com.mx\/#organization","name":"Sonoraenequipo.com.mx","url":"https:\/\/www.sonoraenequipo.com.mx\/","logo":{"@type":"ImageObject","inLanguage":"es","@id":"https:\/\/www.sonoraenequipo.com.mx\/#\/schema\/logo\/image\/","url":"https:\/\/www.sonoraenequipo.com.mx\/storage\/2019\/01\/sonoraenequipo_opt.png","contentUrl":"https:\/\/www.sonoraenequipo.com.mx\/storage\/2019\/01\/sonoraenequipo_opt.png","width":375,"height":125,"caption":"Sonoraenequipo.com.mx"},"image":{"@id":"https:\/\/www.sonoraenequipo.com.mx\/#\/schema\/logo\/image\/"},"sameAs":["https:\/\/www.facebook.com\/SonoraEE\/","https:\/\/x.com\/sonoraenequipo","https:\/\/www.youtube.com\/channel\/UC338nW-lPEYmJQs4ZABQ1SQ"]},{"@type":"Person","@id":"https:\/\/www.sonoraenequipo.com.mx\/#\/schema\/person\/50102df0fb23a8fa9e8effad8fa81386","name":"enequipo","image":{"@type":"ImageObject","inLanguage":"es","@id":"https:\/\/www.sonoraenequipo.com.mx\/#\/schema\/person\/image\/","url":"https:\/\/secure.gravatar.com\/avatar\/049821681b589dabc0bc20695993ccebb09f5b5d4d790cd9251b97faac7c652b?s=96&d=blank&r=g","contentUrl":"https:\/\/secure.gravatar.com\/avatar\/049821681b589dabc0bc20695993ccebb09f5b5d4d790cd9251b97faac7c652b?s=96&d=blank&r=g","caption":"enequipo"},"sameAs":["https:\/\/www.facebook.com\/SonoraEE"]}]}},"jetpack_featured_media_url":"https:\/\/www.sonoraenequipo.com.mx\/storage\/2021\/04\/aguah-jc.jpg","_links":{"self":[{"href":"https:\/\/www.sonoraenequipo.com.mx\/api\/wp\/v2\/posts\/111592","targetHints":{"allow":["GET"]}}],"collection":[{"href":"https:\/\/www.sonoraenequipo.com.mx\/api\/wp\/v2\/posts"}],"about":[{"href":"https:\/\/www.sonoraenequipo.com.mx\/api\/wp\/v2\/types\/post"}],"author":[{"embeddable":true,"href":"https:\/\/www.sonoraenequipo.com.mx\/api\/wp\/v2\/users\/1"}],"replies":[{"embeddable":true,"href":"https:\/\/www.sonoraenequipo.com.mx\/api\/wp\/v2\/comments?post=111592"}],"version-history":[{"count":2,"href":"https:\/\/www.sonoraenequipo.com.mx\/api\/wp\/v2\/posts\/111592\/revisions"}],"predecessor-version":[{"id":111595,"href":"https:\/\/www.sonoraenequipo.com.mx\/api\/wp\/v2\/posts\/111592\/revisions\/111595"}],"wp:featuredmedia":[{"embeddable":true,"href":"https:\/\/www.sonoraenequipo.com.mx\/api\/wp\/v2\/media\/111593"}],"wp:attachment":[{"href":"https:\/\/www.sonoraenequipo.com.mx\/api\/wp\/v2\/media?parent=111592"}],"wp:term":[{"taxonomy":"category","embeddable":true,"href":"https:\/\/www.sonoraenequipo.com.mx\/api\/wp\/v2\/categories?post=111592"},{"taxonomy":"post_tag","embeddable":true,"href":"https:\/\/www.sonoraenequipo.com.mx\/api\/wp\/v2\/tags?post=111592"}],"curies":[{"name":"wp","href":"https:\/\/api.w.org\/{rel}","templated":true}]}}