{"id":111596,"date":"2021-04-14T18:20:44","date_gmt":"2021-04-15T01:20:44","guid":{"rendered":"https:\/\/www.sonoraenequipo.com.mx\/?p=111596"},"modified":"2021-04-14T20:37:17","modified_gmt":"2021-04-15T03:37:17","slug":"firman-ine-y-coparmex-convenio-de-colaboracion-para-promover-el-voto-y-la-participacion-ciudadana","status":"publish","type":"post","link":"https:\/\/www.sonoraenequipo.com.mx\/firman-ine-y-coparmex-convenio-de-colaboracion-para-promover-el-voto-y-la-participacion-ciudadana\/","title":{"rendered":"Firman INE y Coparmex convenio de colaboraci\u00f3n para promover el voto y la participaci\u00f3n ciudadana"},"content":{"rendered":"<p>CIUDAD DE M\u00c9XICO. MX. \u2014 El Instituto Nacional Electoral (INE) y la Confederaci\u00f3n Patronal de la Rep\u00fablica Mexicana (Coparmex) firmaron un convenio de colaboraci\u00f3n para fortalecer la democracia a trav\u00e9s de la promoci\u00f3n del voto responsable e informado.<\/p>\n<p>&nbsp;<\/p>\n<p> <\/p>\n<p>&nbsp;<\/p>\n<p>Durante el evento protocolario virtual, el Consejero Presidente del Instituto Nacional Electoral, Lorenzo C\u00f3rdova Vianello, destac\u00f3 la importancia del convenio con la organizaci\u00f3n gremial porque <em>\u201cestoy convencido que todos los esfuerzos para que la ciudadan\u00eda se informe y participe en las elecciones con estricto apego al marco legal, contribuyen al fortalecimiento de la democracia y sirven para protegerla\u201d<\/em>.<\/p>\n<p>&nbsp;<\/p>\n<p>C\u00f3rdova Vianello dijo que para cuidar la salud de los ciudadanos en el marco del proceso electoral vigente, el INE implement\u00f3 <em>\u201cprotocolos de sanidad que hemos elaborado y que hemos venido aplicando en cada una de las actividades que realiza nuestro personal, tanto en las oficinas como en los recorridos en cada una de las m\u00e1s de 68 mil secciones electorales en que se divide el pa\u00eds\u201d.<\/em><\/p>\n<p>&nbsp;<\/p>\n<p>El Presidente de la Coparmex, Jos\u00e9 Medina Mora Icaza, asever\u00f3 que la organizaci\u00f3n empresarial es totalmente pol\u00edtica pero apartidista, <em>\u201cno apoyamos a ning\u00fan partido pol\u00edtico ni a ning\u00fan candidato, tampoco estamos en contra de ning\u00fan partido pol\u00edtico ni de ning\u00fan candidato, estamos a favor de la democracia y estaremos impulsando el avance de la democracia con este programa que se denomina Participo, voto y exijo\u201d.<\/em><\/p>\n<p>&nbsp;<\/p>\n<p>Por ello, refiri\u00f3, el acuerdo contempla cuatro ejes relacionados con la promoci\u00f3n del voto; la participaci\u00f3n de observadores electorales; la organizaci\u00f3n de 15 debates ciudadanos en los estados en donde se elige gobernador y uno referente a la elecci\u00f3n de diputados federales, as\u00ed como la emisi\u00f3n del Manifiesto M\u00e9xico, que re\u00fane una serie de propuestas ciudadanas para dar respuesta a la problem\u00e1tica que afecta el pa\u00eds.<\/p>\n<p>&nbsp;<\/p>\n<p>Asegur\u00f3 que el pa\u00eds necesita un Instituto Nacional Electoral s\u00f3lido, neutro y apegado a la ley, porque desde hace d\u00e9cadas se decidi\u00f3 en M\u00e9xico que se quer\u00eda vivir en democracia.<\/p>\n<p>&nbsp;<\/p>\n<p>(Publicada el 14\/04\/2021)<\/p>\n","protected":false},"excerpt":{"rendered":"<p>CIUDAD DE M\u00c9XICO. MX. \u2014 El Instituto Nacional Electoral (INE) y la Confederaci\u00f3n Patronal de&#8230;<\/p>\n","protected":false},"author":1,"featured_media":111619,"comment_status":"open","ping_status":"open","sticky":false,"template":"","format":"standard","meta":{"_monsterinsights_skip_tracking":false,"_monsterinsights_sitenote_active":false,"_monsterinsights_sitenote_note":"","_monsterinsights_sitenote_category":0,"footnotes":""},"categories":[5],"tags":[],"class_list":["post"],"yoast_head":" \n<title>Sonora en Equipo. Firman INE y Coparmex convenio de colaboraci\u00f3n para promover el voto y la participaci\u00f3n ciudadana Rep\u00fablica<\/title>\n<meta name=\"description\" content=\"CIUDAD DE M\u00c9XICO. MX. \u2014 El Instituto Nacional Electoral (INE) y la Confederaci\u00f3n Patronal de la Rep\u00fablica Mexicana (Coparmex) firmaron un convenio de En Sonora en Equipo publicamos toda la informaci\u00f3n de Sonora, M\u00e9xico y el Mundo de manera oportuna y busca que la libertad de expresi\u00f3n sea real. Visita nuestro medio informativo publicado desde Hermosillo, Sonora. %\" \/>\n<meta name=\"robots\" content=\"index, follow, max-snippet:-1, max-image-preview:large, max-video-preview:-1\" \/>\n<link rel=\"canonical\" href=\"https:\/\/www.sonoraenequipo.com.mx\/firman-ine-y-coparmex-convenio-de-colaboracion-para-promover-el-voto-y-la-participacion-ciudadana\/\" \/>\n<meta property=\"og:locale\" content=\"es_ES\" \/>\n<meta property=\"og:type\" content=\"article\" \/>\n<meta property=\"og:title\" content=\"Sonora en Equipo. Firman INE y Coparmex convenio de colaboraci\u00f3n para promover el voto y la participaci\u00f3n ciudadana Rep\u00fablica\" \/>\n<meta property=\"og:description\" content=\"CIUDAD DE M\u00c9XICO. MX. \u2014 El Instituto Nacional Electoral (INE) y la Confederaci\u00f3n Patronal de la Rep\u00fablica Mexicana (Coparmex) firmaron un convenio de En Sonora en Equipo publicamos toda la informaci\u00f3n de Sonora, M\u00e9xico y el Mundo de manera oportuna y busca que la libertad de expresi\u00f3n sea real. Visita nuestro medio informativo publicado desde Hermosillo, Sonora. %\" \/>\n<meta property=\"og:url\" content=\"https:\/\/www.sonoraenequipo.com.mx\/firman-ine-y-coparmex-convenio-de-colaboracion-para-promover-el-voto-y-la-participacion-ciudadana\/\" \/>\n<meta property=\"og:site_name\" content=\"Sonora en Equipo.\" \/>\n<meta property=\"article:publisher\" content=\"https:\/\/www.facebook.com\/SonoraEE\/\" \/>\n<meta property=\"article:author\" content=\"https:\/\/www.facebook.com\/SonoraEE\" \/>\n<meta property=\"article:published_time\" content=\"2021-04-15T01:20:44+00:00\" \/>\n<meta property=\"article:modified_time\" content=\"2021-04-15T03:37:17+00:00\" \/>\n<meta property=\"og:image\" content=\"https:\/\/www.sonoraenequipo.com.mx\/storage\/2021\/04\/INE-COPARMEX_opt.jpg\" \/>\n\t<meta property=\"og:image:width\" content=\"829\" \/>\n\t<meta property=\"og:image:height\" content=\"500\" \/>\n\t<meta property=\"og:image:type\" content=\"image\/jpeg\" \/>\n<meta name=\"author\" content=\"enequipo\" \/>\n<meta name=\"twitter:card\" content=\"summary_large_image\" \/>\n<meta name=\"twitter:creator\" content=\"@sonoraenequipo\" \/>\n<meta name=\"twitter:site\" content=\"@sonoraenequipo\" \/>\n<meta name=\"twitter:label1\" content=\"Escrito por\" \/>\n\t<meta name=\"twitter:data1\" content=\"enequipo\" \/>\n\t<meta name=\"twitter:label2\" content=\"Tiempo de lectura\" \/>\n\t<meta name=\"twitter:data2\" content=\"2 minutos\" \/>\n<script type=\"application\/ld+json\" class=\"yoast-schema-graph\">{\"@context\":\"https:\/\/schema.org\",\"@graph\":[{\"@type\":\"Article\",\"@id\":\"https:\/\/www.sonoraenequipo.com.mx\/firman-ine-y-coparmex-convenio-de-colaboracion-para-promover-el-voto-y-la-participacion-ciudadana\/#article\",\"isPartOf\":{\"@id\":\"https:\/\/www.sonoraenequipo.com.mx\/firman-ine-y-coparmex-convenio-de-colaboracion-para-promover-el-voto-y-la-participacion-ciudadana\/\"},\"author\":{\"name\":\"enequipo\",\"@id\":\"https:\/\/www.sonoraenequipo.com.mx\/#\/schema\/person\/50102df0fb23a8fa9e8effad8fa81386\"},\"headline\":\"Firman INE y Coparmex convenio de colaboraci\u00f3n para promover el voto y la participaci\u00f3n ciudadana\",\"datePublished\":\"2021-04-15T01:20:44+00:00\",\"dateModified\":\"2021-04-15T03:37:17+00:00\",\"mainEntityOfPage\":{\"@id\":\"https:\/\/www.sonoraenequipo.com.mx\/firman-ine-y-coparmex-convenio-de-colaboracion-para-promover-el-voto-y-la-participacion-ciudadana\/\"},\"wordCount\":381,\"commentCount\":0,\"publisher\":{\"@id\":\"https:\/\/www.sonoraenequipo.com.mx\/#organization\"},\"image\":{\"@id\":\"https:\/\/www.sonoraenequipo.com.mx\/firman-ine-y-coparmex-convenio-de-colaboracion-para-promover-el-voto-y-la-participacion-ciudadana\/#primaryimage\"},\"thumbnailUrl\":\"https:\/\/www.sonoraenequipo.com.mx\/storage\/2021\/04\/INE-COPARMEX_opt.jpg\",\"articleSection\":[\"Rep\u00fablica\"],\"inLanguage\":\"es\",\"potentialAction\":[{\"@type\":\"CommentAction\",\"name\":\"Comment\",\"target\":[\"https:\/\/www.sonoraenequipo.com.mx\/firman-ine-y-coparmex-convenio-de-colaboracion-para-promover-el-voto-y-la-participacion-ciudadana\/#respond\"]}]},{\"@type\":\"WebPage\",\"@id\":\"https:\/\/www.sonoraenequipo.com.mx\/firman-ine-y-coparmex-convenio-de-colaboracion-para-promover-el-voto-y-la-participacion-ciudadana\/\",\"url\":\"https:\/\/www.sonoraenequipo.com.mx\/firman-ine-y-coparmex-convenio-de-colaboracion-para-promover-el-voto-y-la-participacion-ciudadana\/\",\"name\":\"Sonora en Equipo. Firman INE y Coparmex convenio de colaboraci\u00f3n para promover el voto y la participaci\u00f3n ciudadana Rep\u00fablica\",\"isPartOf\":{\"@id\":\"https:\/\/www.sonoraenequipo.com.mx\/#website\"},\"primaryImageOfPage\":{\"@id\":\"https:\/\/www.sonoraenequipo.com.mx\/firman-ine-y-coparmex-convenio-de-colaboracion-para-promover-el-voto-y-la-participacion-ciudadana\/#primaryimage\"},\"image\":{\"@id\":\"https:\/\/www.sonoraenequipo.com.mx\/firman-ine-y-coparmex-convenio-de-colaboracion-para-promover-el-voto-y-la-participacion-ciudadana\/#primaryimage\"},\"thumbnailUrl\":\"https:\/\/www.sonoraenequipo.com.mx\/storage\/2021\/04\/INE-COPARMEX_opt.jpg\",\"datePublished\":\"2021-04-15T01:20:44+00:00\",\"dateModified\":\"2021-04-15T03:37:17+00:00\",\"description\":\"CIUDAD DE M\u00c9XICO. MX. \u2014 El Instituto Nacional Electoral (INE) y la Confederaci\u00f3n Patronal de la Rep\u00fablica Mexicana (Coparmex) firmaron un convenio de En Sonora en Equipo publicamos toda la informaci\u00f3n de Sonora, M\u00e9xico y el Mundo de manera oportuna y busca que la libertad de expresi\u00f3n sea real. Visita nuestro medio informativo publicado desde Hermosillo, Sonora. %\",\"breadcrumb\":{\"@id\":\"https:\/\/www.sonoraenequipo.com.mx\/firman-ine-y-coparmex-convenio-de-colaboracion-para-promover-el-voto-y-la-participacion-ciudadana\/#breadcrumb\"},\"inLanguage\":\"es\",\"potentialAction\":[{\"@type\":\"ReadAction\",\"target\":[\"https:\/\/www.sonoraenequipo.com.mx\/firman-ine-y-coparmex-convenio-de-colaboracion-para-promover-el-voto-y-la-participacion-ciudadana\/\"]}]},{\"@type\":\"ImageObject\",\"inLanguage\":\"es\",\"@id\":\"https:\/\/www.sonoraenequipo.com.mx\/firman-ine-y-coparmex-convenio-de-colaboracion-para-promover-el-voto-y-la-participacion-ciudadana\/#primaryimage\",\"url\":\"https:\/\/www.sonoraenequipo.com.mx\/storage\/2021\/04\/INE-COPARMEX_opt.jpg\",\"contentUrl\":\"https:\/\/www.sonoraenequipo.com.mx\/storage\/2021\/04\/INE-COPARMEX_opt.jpg\",\"width\":829,\"height\":500},{\"@type\":\"BreadcrumbList\",\"@id\":\"https:\/\/www.sonoraenequipo.com.mx\/firman-ine-y-coparmex-convenio-de-colaboracion-para-promover-el-voto-y-la-participacion-ciudadana\/#breadcrumb\",\"itemListElement\":[{\"@type\":\"ListItem\",\"position\":1,\"name\":\"Portada\",\"item\":\"https:\/\/www.sonoraenequipo.com.mx\/\"},{\"@type\":\"ListItem\",\"position\":2,\"name\":\"Firman INE y Coparmex convenio de colaboraci\u00f3n para promover el voto y la participaci\u00f3n ciudadana\"}]},{\"@type\":\"WebSite\",\"@id\":\"https:\/\/www.sonoraenequipo.com.mx\/#website\",\"url\":\"https:\/\/www.sonoraenequipo.com.mx\/\",\"name\":\"Sonora en Equipo.\",\"description\":\"Diario en l\u00ednea con Noticias desde Hermosillo, Sonora\",\"publisher\":{\"@id\":\"https:\/\/www.sonoraenequipo.com.mx\/#organization\"},\"potentialAction\":[{\"@type\":\"SearchAction\",\"target\":{\"@type\":\"EntryPoint\",\"urlTemplate\":\"https:\/\/www.sonoraenequipo.com.mx\/?s={search_term_string}\"},\"query-input\":{\"@type\":\"PropertyValueSpecification\",\"valueRequired\":true,\"valueName\":\"search_term_string\"}}],\"inLanguage\":\"es\"},{\"@type\":\"Organization\",\"@id\":\"https:\/\/www.sonoraenequipo.com.mx\/#organization\",\"name\":\"Sonoraenequipo.com.mx\",\"url\":\"https:\/\/www.sonoraenequipo.com.mx\/\",\"logo\":{\"@type\":\"ImageObject\",\"inLanguage\":\"es\",\"@id\":\"https:\/\/www.sonoraenequipo.com.mx\/#\/schema\/logo\/image\/\",\"url\":\"https:\/\/www.sonoraenequipo.com.mx\/storage\/2019\/01\/sonoraenequipo_opt.png\",\"contentUrl\":\"https:\/\/www.sonoraenequipo.com.mx\/storage\/2019\/01\/sonoraenequipo_opt.png\",\"width\":375,\"height\":125,\"caption\":\"Sonoraenequipo.com.mx\"},\"image\":{\"@id\":\"https:\/\/www.sonoraenequipo.com.mx\/#\/schema\/logo\/image\/\"},\"sameAs\":[\"https:\/\/www.facebook.com\/SonoraEE\/\",\"https:\/\/x.com\/sonoraenequipo\",\"https:\/\/www.youtube.com\/channel\/UC338nW-lPEYmJQs4ZABQ1SQ\"]},{\"@type\":\"Person\",\"@id\":\"https:\/\/www.sonoraenequipo.com.mx\/#\/schema\/person\/50102df0fb23a8fa9e8effad8fa81386\",\"name\":\"enequipo\",\"image\":{\"@type\":\"ImageObject\",\"inLanguage\":\"es\",\"@id\":\"https:\/\/www.sonoraenequipo.com.mx\/#\/schema\/person\/image\/\",\"url\":\"https:\/\/secure.gravatar.com\/avatar\/049821681b589dabc0bc20695993ccebb09f5b5d4d790cd9251b97faac7c652b?s=96&d=blank&r=g\",\"contentUrl\":\"https:\/\/secure.gravatar.com\/avatar\/049821681b589dabc0bc20695993ccebb09f5b5d4d790cd9251b97faac7c652b?s=96&d=blank&r=g\",\"caption\":\"enequipo\"},\"sameAs\":[\"https:\/\/www.facebook.com\/SonoraEE\"]}]}<\/script>\n ","yoast_head_json":{"title":"Sonora en Equipo. Firman INE y Coparmex convenio de colaboraci\u00f3n para promover el voto y la participaci\u00f3n ciudadana Rep\u00fablica","description":"CIUDAD DE M\u00c9XICO. MX. \u2014 El Instituto Nacional Electoral (INE) y la Confederaci\u00f3n Patronal de la Rep\u00fablica Mexicana (Coparmex) firmaron un convenio de En Sonora en Equipo publicamos toda la informaci\u00f3n de Sonora, M\u00e9xico y el Mundo de manera oportuna y busca que la libertad de expresi\u00f3n sea real. Visita nuestro medio informativo publicado desde Hermosillo, Sonora. %","robots":{"index":"index","follow":"follow","max-snippet":"max-snippet:-1","max-image-preview":"max-image-preview:large","max-video-preview":"max-video-preview:-1"},"canonical":"https:\/\/www.sonoraenequipo.com.mx\/firman-ine-y-coparmex-convenio-de-colaboracion-para-promover-el-voto-y-la-participacion-ciudadana\/","og_locale":"es_ES","og_type":"article","og_title":"Sonora en Equipo. Firman INE y Coparmex convenio de colaboraci\u00f3n para promover el voto y la participaci\u00f3n ciudadana Rep\u00fablica","og_description":"CIUDAD DE M\u00c9XICO. MX. \u2014 El Instituto Nacional Electoral (INE) y la Confederaci\u00f3n Patronal de la Rep\u00fablica Mexicana (Coparmex) firmaron un convenio de En Sonora en Equipo publicamos toda la informaci\u00f3n de Sonora, M\u00e9xico y el Mundo de manera oportuna y busca que la libertad de expresi\u00f3n sea real. Visita nuestro medio informativo publicado desde Hermosillo, Sonora. %","og_url":"https:\/\/www.sonoraenequipo.com.mx\/firman-ine-y-coparmex-convenio-de-colaboracion-para-promover-el-voto-y-la-participacion-ciudadana\/","og_site_name":"Sonora en Equipo.","article_publisher":"https:\/\/www.facebook.com\/SonoraEE\/","article_author":"https:\/\/www.facebook.com\/SonoraEE","article_published_time":"2021-04-15T01:20:44+00:00","article_modified_time":"2021-04-15T03:37:17+00:00","og_image":[{"width":829,"height":500,"url":"https:\/\/www.sonoraenequipo.com.mx\/storage\/2021\/04\/INE-COPARMEX_opt.jpg","type":"image\/jpeg"}],"author":"enequipo","twitter_card":"summary_large_image","twitter_creator":"@sonoraenequipo","twitter_site":"@sonoraenequipo","twitter_misc":{"Escrito por":"enequipo","Tiempo de lectura":"2 minutos"},"schema":{"@context":"https:\/\/schema.org","@graph":[{"@type":"Article","@id":"https:\/\/www.sonoraenequipo.com.mx\/firman-ine-y-coparmex-convenio-de-colaboracion-para-promover-el-voto-y-la-participacion-ciudadana\/#article","isPartOf":{"@id":"https:\/\/www.sonoraenequipo.com.mx\/firman-ine-y-coparmex-convenio-de-colaboracion-para-promover-el-voto-y-la-participacion-ciudadana\/"},"author":{"name":"enequipo","@id":"https:\/\/www.sonoraenequipo.com.mx\/#\/schema\/person\/50102df0fb23a8fa9e8effad8fa81386"},"headline":"Firman INE y Coparmex convenio de colaboraci\u00f3n para promover el voto y la participaci\u00f3n ciudadana","datePublished":"2021-04-15T01:20:44+00:00","dateModified":"2021-04-15T03:37:17+00:00","mainEntityOfPage":{"@id":"https:\/\/www.sonoraenequipo.com.mx\/firman-ine-y-coparmex-convenio-de-colaboracion-para-promover-el-voto-y-la-participacion-ciudadana\/"},"wordCount":381,"commentCount":0,"publisher":{"@id":"https:\/\/www.sonoraenequipo.com.mx\/#organization"},"image":{"@id":"https:\/\/www.sonoraenequipo.com.mx\/firman-ine-y-coparmex-convenio-de-colaboracion-para-promover-el-voto-y-la-participacion-ciudadana\/#primaryimage"},"thumbnailUrl":"https:\/\/www.sonoraenequipo.com.mx\/storage\/2021\/04\/INE-COPARMEX_opt.jpg","articleSection":["Rep\u00fablica"],"inLanguage":"es","potentialAction":[{"@type":"CommentAction","name":"Comment","target":["https:\/\/www.sonoraenequipo.com.mx\/firman-ine-y-coparmex-convenio-de-colaboracion-para-promover-el-voto-y-la-participacion-ciudadana\/#respond"]}]},{"@type":"WebPage","@id":"https:\/\/www.sonoraenequipo.com.mx\/firman-ine-y-coparmex-convenio-de-colaboracion-para-promover-el-voto-y-la-participacion-ciudadana\/","url":"https:\/\/www.sonoraenequipo.com.mx\/firman-ine-y-coparmex-convenio-de-colaboracion-para-promover-el-voto-y-la-participacion-ciudadana\/","name":"Sonora en Equipo. Firman INE y Coparmex convenio de colaboraci\u00f3n para promover el voto y la participaci\u00f3n ciudadana Rep\u00fablica","isPartOf":{"@id":"https:\/\/www.sonoraenequipo.com.mx\/#website"},"primaryImageOfPage":{"@id":"https:\/\/www.sonoraenequipo.com.mx\/firman-ine-y-coparmex-convenio-de-colaboracion-para-promover-el-voto-y-la-participacion-ciudadana\/#primaryimage"},"image":{"@id":"https:\/\/www.sonoraenequipo.com.mx\/firman-ine-y-coparmex-convenio-de-colaboracion-para-promover-el-voto-y-la-participacion-ciudadana\/#primaryimage"},"thumbnailUrl":"https:\/\/www.sonoraenequipo.com.mx\/storage\/2021\/04\/INE-COPARMEX_opt.jpg","datePublished":"2021-04-15T01:20:44+00:00","dateModified":"2021-04-15T03:37:17+00:00","description":"CIUDAD DE M\u00c9XICO. MX. \u2014 El Instituto Nacional Electoral (INE) y la Confederaci\u00f3n Patronal de la Rep\u00fablica Mexicana (Coparmex) firmaron un convenio de En Sonora en Equipo publicamos toda la informaci\u00f3n de Sonora, M\u00e9xico y el Mundo de manera oportuna y busca que la libertad de expresi\u00f3n sea real. Visita nuestro medio informativo publicado desde Hermosillo, Sonora. %","breadcrumb":{"@id":"https:\/\/www.sonoraenequipo.com.mx\/firman-ine-y-coparmex-convenio-de-colaboracion-para-promover-el-voto-y-la-participacion-ciudadana\/#breadcrumb"},"inLanguage":"es","potentialAction":[{"@type":"ReadAction","target":["https:\/\/www.sonoraenequipo.com.mx\/firman-ine-y-coparmex-convenio-de-colaboracion-para-promover-el-voto-y-la-participacion-ciudadana\/"]}]},{"@type":"ImageObject","inLanguage":"es","@id":"https:\/\/www.sonoraenequipo.com.mx\/firman-ine-y-coparmex-convenio-de-colaboracion-para-promover-el-voto-y-la-participacion-ciudadana\/#primaryimage","url":"https:\/\/www.sonoraenequipo.com.mx\/storage\/2021\/04\/INE-COPARMEX_opt.jpg","contentUrl":"https:\/\/www.sonoraenequipo.com.mx\/storage\/2021\/04\/INE-COPARMEX_opt.jpg","width":829,"height":500},{"@type":"BreadcrumbList","@id":"https:\/\/www.sonoraenequipo.com.mx\/firman-ine-y-coparmex-convenio-de-colaboracion-para-promover-el-voto-y-la-participacion-ciudadana\/#breadcrumb","itemListElement":[{"@type":"ListItem","position":1,"name":"Portada","item":"https:\/\/www.sonoraenequipo.com.mx\/"},{"@type":"ListItem","position":2,"name":"Firman INE y Coparmex convenio de colaboraci\u00f3n para promover el voto y la participaci\u00f3n ciudadana"}]},{"@type":"WebSite","@id":"https:\/\/www.sonoraenequipo.com.mx\/#website","url":"https:\/\/www.sonoraenequipo.com.mx\/","name":"Sonora en Equipo.","description":"Diario en l\u00ednea con Noticias desde Hermosillo, Sonora","publisher":{"@id":"https:\/\/www.sonoraenequipo.com.mx\/#organization"},"potentialAction":[{"@type":"SearchAction","target":{"@type":"EntryPoint","urlTemplate":"https:\/\/www.sonoraenequipo.com.mx\/?s={search_term_string}"},"query-input":{"@type":"PropertyValueSpecification","valueRequired":true,"valueName":"search_term_string"}}],"inLanguage":"es"},{"@type":"Organization","@id":"https:\/\/www.sonoraenequipo.com.mx\/#organization","name":"Sonoraenequipo.com.mx","url":"https:\/\/www.sonoraenequipo.com.mx\/","logo":{"@type":"ImageObject","inLanguage":"es","@id":"https:\/\/www.sonoraenequipo.com.mx\/#\/schema\/logo\/image\/","url":"https:\/\/www.sonoraenequipo.com.mx\/storage\/2019\/01\/sonoraenequipo_opt.png","contentUrl":"https:\/\/www.sonoraenequipo.com.mx\/storage\/2019\/01\/sonoraenequipo_opt.png","width":375,"height":125,"caption":"Sonoraenequipo.com.mx"},"image":{"@id":"https:\/\/www.sonoraenequipo.com.mx\/#\/schema\/logo\/image\/"},"sameAs":["https:\/\/www.facebook.com\/SonoraEE\/","https:\/\/x.com\/sonoraenequipo","https:\/\/www.youtube.com\/channel\/UC338nW-lPEYmJQs4ZABQ1SQ"]},{"@type":"Person","@id":"https:\/\/www.sonoraenequipo.com.mx\/#\/schema\/person\/50102df0fb23a8fa9e8effad8fa81386","name":"enequipo","image":{"@type":"ImageObject","inLanguage":"es","@id":"https:\/\/www.sonoraenequipo.com.mx\/#\/schema\/person\/image\/","url":"https:\/\/secure.gravatar.com\/avatar\/049821681b589dabc0bc20695993ccebb09f5b5d4d790cd9251b97faac7c652b?s=96&d=blank&r=g","contentUrl":"https:\/\/secure.gravatar.com\/avatar\/049821681b589dabc0bc20695993ccebb09f5b5d4d790cd9251b97faac7c652b?s=96&d=blank&r=g","caption":"enequipo"},"sameAs":["https:\/\/www.facebook.com\/SonoraEE"]}]}},"jetpack_featured_media_url":"https:\/\/www.sonoraenequipo.com.mx\/storage\/2021\/04\/INE-COPARMEX_opt.jpg","_links":{"self":[{"href":"https:\/\/www.sonoraenequipo.com.mx\/api\/wp\/v2\/posts\/111596","targetHints":{"allow":["GET"]}}],"collection":[{"href":"https:\/\/www.sonoraenequipo.com.mx\/api\/wp\/v2\/posts"}],"about":[{"href":"https:\/\/www.sonoraenequipo.com.mx\/api\/wp\/v2\/types\/post"}],"author":[{"embeddable":true,"href":"https:\/\/www.sonoraenequipo.com.mx\/api\/wp\/v2\/users\/1"}],"replies":[{"embeddable":true,"href":"https:\/\/www.sonoraenequipo.com.mx\/api\/wp\/v2\/comments?post=111596"}],"version-history":[{"count":1,"href":"https:\/\/www.sonoraenequipo.com.mx\/api\/wp\/v2\/posts\/111596\/revisions"}],"predecessor-version":[{"id":111621,"href":"https:\/\/www.sonoraenequipo.com.mx\/api\/wp\/v2\/posts\/111596\/revisions\/111621"}],"wp:featuredmedia":[{"embeddable":true,"href":"https:\/\/www.sonoraenequipo.com.mx\/api\/wp\/v2\/media\/111619"}],"wp:attachment":[{"href":"https:\/\/www.sonoraenequipo.com.mx\/api\/wp\/v2\/media?parent=111596"}],"wp:term":[{"taxonomy":"category","embeddable":true,"href":"https:\/\/www.sonoraenequipo.com.mx\/api\/wp\/v2\/categories?post=111596"},{"taxonomy":"post_tag","embeddable":true,"href":"https:\/\/www.sonoraenequipo.com.mx\/api\/wp\/v2\/tags?post=111596"}],"curies":[{"name":"wp","href":"https:\/\/api.w.org\/{rel}","templated":true}]}}