{"id":111612,"date":"2021-04-14T20:25:17","date_gmt":"2021-04-15T03:25:17","guid":{"rendered":"https:\/\/www.sonoraenequipo.com.mx\/?p=111612"},"modified":"2021-04-14T20:25:17","modified_gmt":"2021-04-15T03:25:17","slug":"nuestro-gobierno-tendra-presupuesto-con-perspectiva-de-genero-alfonso-durazo","status":"publish","type":"post","link":"https:\/\/www.sonoraenequipo.com.mx\/nuestro-gobierno-tendra-presupuesto-con-perspectiva-de-genero-alfonso-durazo\/","title":{"rendered":"Nuestro gobierno tendr\u00e1 presupuesto con perspectiva de g\u00e9nero: Alfonso Durazo"},"content":{"rendered":"<p>CAJEME,SONORA,MX.\u2500 En su gira por Cajeme, el segundo municipio de mayor relevancia en el estado, Alfonso Durazo Monta\u00f1o se comprometi\u00f3 ante organizaciones de mujeres a que los presupuestos que maneje el gobierno del estado para las dependencias se elaborar\u00e1n con perspectiva de g\u00e9nero.<\/p>\n<p>&nbsp;<\/p>\n<p>Acompa\u00f1ado de cerca de 500 f\u00e9minas de organizaciones como \u201cMujeres al 100\u201d, \u201cMujeres Sonora\u201d, \u201cS\u00famate\u201d, as\u00ed como de los partidos Morena, del Trabajo, Nueva Alianza Sonora y Verde Ecologista, el candidato a gobernador hizo el compromiso de impulsar la igualdad sustantiva de las mujeres y aumentar significativamente los recursos del Instituto Sonorense de la Mujer (ISM).<\/p>\n<p>&nbsp;<\/p>\n<p>\u201cMi gobierno impulsar\u00e1, no s\u00f3lo un aumento destinado al Instituto, sino que elaborar\u00e1 presupuestos con perspectiva de g\u00e9nero. Es tambi\u00e9n, un hecho hist\u00f3rico\u201d, asegur\u00f3.<\/p>\n<p>&nbsp;<\/p>\n<p>Durazo Monta\u00f1o explic\u00f3 que se debe dejar atr\u00e1s la cultura marcada por el sexismo, el machismo y el techo de cristal, por lo que reiter\u00f3 su compromiso de conformar un gabinete paritario.<\/p>\n<p>&nbsp;<\/p>\n<p>Dicho gabinete, explic\u00f3, estar\u00e1 comprometido con las causas de la mujer y en \u00e9l no tendr\u00e1n cabida personas que tengan antecedentes de violencia familiar, sexual, ni los deudores de pensiones alimenticias.<\/p>\n<p>&nbsp;<\/p>\n<p>Adem\u00e1s, afirm\u00f3 que el gobierno de la Cuarta Transformaci\u00f3n en Sonora garantizar\u00e1 un programa de acceso universal a la salud sexual y reproductiva, junto con un programa estrat\u00e9gico en materia de seguridad para combatir las adicciones, con una vertiente particular para las mujeres j\u00f3venes.<\/p>\n<p>Fecha de publicaci\u00f3n \u00a0\u00a0mi\u00e9rcoles \u00a0\/\u00a0 14\u00a0 \/ abril \/ 2021<\/p>\n","protected":false},"excerpt":{"rendered":"<p>CAJEME,SONORA,MX.\u2500 En su gira por Cajeme, el segundo municipio de mayor relevancia en el estado,&#8230;<\/p>\n","protected":false},"author":1,"featured_media":111613,"comment_status":"open","ping_status":"open","sticky":false,"template":"","format":"standard","meta":{"_monsterinsights_skip_tracking":false,"_monsterinsights_sitenote_active":false,"_monsterinsights_sitenote_note":"","_monsterinsights_sitenote_category":0,"footnotes":""},"categories":[8],"tags":[],"class_list":["post"],"yoast_head":" \n<title>Sonora en Equipo. Nuestro gobierno tendr\u00e1 presupuesto con perspectiva de g\u00e9nero: Alfonso Durazo LA ELECCION 2024<\/title>\n<meta name=\"description\" content=\"CAJEME,SONORA,MX.\u2500 En su gira por Cajeme, el segundo municipio de mayor relevancia en el estado, Alfonso Durazo Monta\u00f1o se comprometi\u00f3 ante organizaciones En Sonora en Equipo publicamos toda la informaci\u00f3n de Sonora, M\u00e9xico y el Mundo de manera oportuna y busca que la libertad de expresi\u00f3n sea real. Visita nuestro medio informativo publicado desde Hermosillo, Sonora. %\" \/>\n<meta name=\"robots\" content=\"index, follow, max-snippet:-1, max-image-preview:large, max-video-preview:-1\" \/>\n<link rel=\"canonical\" href=\"https:\/\/www.sonoraenequipo.com.mx\/nuestro-gobierno-tendra-presupuesto-con-perspectiva-de-genero-alfonso-durazo\/\" \/>\n<meta property=\"og:locale\" content=\"es_ES\" \/>\n<meta property=\"og:type\" content=\"article\" \/>\n<meta property=\"og:title\" content=\"Sonora en Equipo. Nuestro gobierno tendr\u00e1 presupuesto con perspectiva de g\u00e9nero: Alfonso Durazo LA ELECCION 2024\" \/>\n<meta property=\"og:description\" content=\"CAJEME,SONORA,MX.\u2500 En su gira por Cajeme, el segundo municipio de mayor relevancia en el estado, Alfonso Durazo Monta\u00f1o se comprometi\u00f3 ante organizaciones En Sonora en Equipo publicamos toda la informaci\u00f3n de Sonora, M\u00e9xico y el Mundo de manera oportuna y busca que la libertad de expresi\u00f3n sea real. Visita nuestro medio informativo publicado desde Hermosillo, Sonora. %\" \/>\n<meta property=\"og:url\" content=\"https:\/\/www.sonoraenequipo.com.mx\/nuestro-gobierno-tendra-presupuesto-con-perspectiva-de-genero-alfonso-durazo\/\" \/>\n<meta property=\"og:site_name\" content=\"Sonora en Equipo.\" \/>\n<meta property=\"article:publisher\" content=\"https:\/\/www.facebook.com\/SonoraEE\/\" \/>\n<meta property=\"article:author\" content=\"https:\/\/www.facebook.com\/SonoraEE\" \/>\n<meta property=\"article:published_time\" content=\"2021-04-15T03:25:17+00:00\" \/>\n<meta property=\"og:image\" content=\"https:\/\/www.sonoraenequipo.com.mx\/storage\/2021\/04\/adm140421.jpg\" \/>\n\t<meta property=\"og:image:width\" content=\"500\" \/>\n\t<meta property=\"og:image:height\" content=\"300\" \/>\n\t<meta property=\"og:image:type\" content=\"image\/jpeg\" \/>\n<meta name=\"author\" content=\"enequipo\" \/>\n<meta name=\"twitter:card\" content=\"summary_large_image\" \/>\n<meta name=\"twitter:creator\" content=\"@sonoraenequipo\" \/>\n<meta name=\"twitter:site\" content=\"@sonoraenequipo\" \/>\n<meta name=\"twitter:label1\" content=\"Escrito por\" \/>\n\t<meta name=\"twitter:data1\" content=\"enequipo\" \/>\n\t<meta name=\"twitter:label2\" content=\"Tiempo de lectura\" \/>\n\t<meta name=\"twitter:data2\" content=\"2 minutos\" \/>\n<script type=\"application\/ld+json\" class=\"yoast-schema-graph\">{\"@context\":\"https:\/\/schema.org\",\"@graph\":[{\"@type\":\"Article\",\"@id\":\"https:\/\/www.sonoraenequipo.com.mx\/nuestro-gobierno-tendra-presupuesto-con-perspectiva-de-genero-alfonso-durazo\/#article\",\"isPartOf\":{\"@id\":\"https:\/\/www.sonoraenequipo.com.mx\/nuestro-gobierno-tendra-presupuesto-con-perspectiva-de-genero-alfonso-durazo\/\"},\"author\":{\"name\":\"enequipo\",\"@id\":\"https:\/\/www.sonoraenequipo.com.mx\/#\/schema\/person\/50102df0fb23a8fa9e8effad8fa81386\"},\"headline\":\"Nuestro gobierno tendr\u00e1 presupuesto con perspectiva de g\u00e9nero: Alfonso Durazo\",\"datePublished\":\"2021-04-15T03:25:17+00:00\",\"mainEntityOfPage\":{\"@id\":\"https:\/\/www.sonoraenequipo.com.mx\/nuestro-gobierno-tendra-presupuesto-con-perspectiva-de-genero-alfonso-durazo\/\"},\"wordCount\":270,\"commentCount\":0,\"publisher\":{\"@id\":\"https:\/\/www.sonoraenequipo.com.mx\/#organization\"},\"image\":{\"@id\":\"https:\/\/www.sonoraenequipo.com.mx\/nuestro-gobierno-tendra-presupuesto-con-perspectiva-de-genero-alfonso-durazo\/#primaryimage\"},\"thumbnailUrl\":\"https:\/\/www.sonoraenequipo.com.mx\/storage\/2021\/04\/adm140421.jpg\",\"articleSection\":[\"LA ELECCION 2024\"],\"inLanguage\":\"es\",\"potentialAction\":[{\"@type\":\"CommentAction\",\"name\":\"Comment\",\"target\":[\"https:\/\/www.sonoraenequipo.com.mx\/nuestro-gobierno-tendra-presupuesto-con-perspectiva-de-genero-alfonso-durazo\/#respond\"]}]},{\"@type\":\"WebPage\",\"@id\":\"https:\/\/www.sonoraenequipo.com.mx\/nuestro-gobierno-tendra-presupuesto-con-perspectiva-de-genero-alfonso-durazo\/\",\"url\":\"https:\/\/www.sonoraenequipo.com.mx\/nuestro-gobierno-tendra-presupuesto-con-perspectiva-de-genero-alfonso-durazo\/\",\"name\":\"Sonora en Equipo. Nuestro gobierno tendr\u00e1 presupuesto con perspectiva de g\u00e9nero: Alfonso Durazo LA ELECCION 2024\",\"isPartOf\":{\"@id\":\"https:\/\/www.sonoraenequipo.com.mx\/#website\"},\"primaryImageOfPage\":{\"@id\":\"https:\/\/www.sonoraenequipo.com.mx\/nuestro-gobierno-tendra-presupuesto-con-perspectiva-de-genero-alfonso-durazo\/#primaryimage\"},\"image\":{\"@id\":\"https:\/\/www.sonoraenequipo.com.mx\/nuestro-gobierno-tendra-presupuesto-con-perspectiva-de-genero-alfonso-durazo\/#primaryimage\"},\"thumbnailUrl\":\"https:\/\/www.sonoraenequipo.com.mx\/storage\/2021\/04\/adm140421.jpg\",\"datePublished\":\"2021-04-15T03:25:17+00:00\",\"description\":\"CAJEME,SONORA,MX.\u2500 En su gira por Cajeme, el segundo municipio de mayor relevancia en el estado, Alfonso Durazo Monta\u00f1o se comprometi\u00f3 ante organizaciones En Sonora en Equipo publicamos toda la informaci\u00f3n de Sonora, M\u00e9xico y el Mundo de manera oportuna y busca que la libertad de expresi\u00f3n sea real. Visita nuestro medio informativo publicado desde Hermosillo, Sonora. %\",\"breadcrumb\":{\"@id\":\"https:\/\/www.sonoraenequipo.com.mx\/nuestro-gobierno-tendra-presupuesto-con-perspectiva-de-genero-alfonso-durazo\/#breadcrumb\"},\"inLanguage\":\"es\",\"potentialAction\":[{\"@type\":\"ReadAction\",\"target\":[\"https:\/\/www.sonoraenequipo.com.mx\/nuestro-gobierno-tendra-presupuesto-con-perspectiva-de-genero-alfonso-durazo\/\"]}]},{\"@type\":\"ImageObject\",\"inLanguage\":\"es\",\"@id\":\"https:\/\/www.sonoraenequipo.com.mx\/nuestro-gobierno-tendra-presupuesto-con-perspectiva-de-genero-alfonso-durazo\/#primaryimage\",\"url\":\"https:\/\/www.sonoraenequipo.com.mx\/storage\/2021\/04\/adm140421.jpg\",\"contentUrl\":\"https:\/\/www.sonoraenequipo.com.mx\/storage\/2021\/04\/adm140421.jpg\",\"width\":500,\"height\":300},{\"@type\":\"BreadcrumbList\",\"@id\":\"https:\/\/www.sonoraenequipo.com.mx\/nuestro-gobierno-tendra-presupuesto-con-perspectiva-de-genero-alfonso-durazo\/#breadcrumb\",\"itemListElement\":[{\"@type\":\"ListItem\",\"position\":1,\"name\":\"Portada\",\"item\":\"https:\/\/www.sonoraenequipo.com.mx\/\"},{\"@type\":\"ListItem\",\"position\":2,\"name\":\"Nuestro gobierno tendr\u00e1 presupuesto con perspectiva de g\u00e9nero: Alfonso Durazo\"}]},{\"@type\":\"WebSite\",\"@id\":\"https:\/\/www.sonoraenequipo.com.mx\/#website\",\"url\":\"https:\/\/www.sonoraenequipo.com.mx\/\",\"name\":\"Sonora en Equipo.\",\"description\":\"Diario en l\u00ednea con Noticias desde Hermosillo, Sonora\",\"publisher\":{\"@id\":\"https:\/\/www.sonoraenequipo.com.mx\/#organization\"},\"potentialAction\":[{\"@type\":\"SearchAction\",\"target\":{\"@type\":\"EntryPoint\",\"urlTemplate\":\"https:\/\/www.sonoraenequipo.com.mx\/?s={search_term_string}\"},\"query-input\":{\"@type\":\"PropertyValueSpecification\",\"valueRequired\":true,\"valueName\":\"search_term_string\"}}],\"inLanguage\":\"es\"},{\"@type\":\"Organization\",\"@id\":\"https:\/\/www.sonoraenequipo.com.mx\/#organization\",\"name\":\"Sonoraenequipo.com.mx\",\"url\":\"https:\/\/www.sonoraenequipo.com.mx\/\",\"logo\":{\"@type\":\"ImageObject\",\"inLanguage\":\"es\",\"@id\":\"https:\/\/www.sonoraenequipo.com.mx\/#\/schema\/logo\/image\/\",\"url\":\"https:\/\/www.sonoraenequipo.com.mx\/storage\/2019\/01\/sonoraenequipo_opt.png\",\"contentUrl\":\"https:\/\/www.sonoraenequipo.com.mx\/storage\/2019\/01\/sonoraenequipo_opt.png\",\"width\":375,\"height\":125,\"caption\":\"Sonoraenequipo.com.mx\"},\"image\":{\"@id\":\"https:\/\/www.sonoraenequipo.com.mx\/#\/schema\/logo\/image\/\"},\"sameAs\":[\"https:\/\/www.facebook.com\/SonoraEE\/\",\"https:\/\/x.com\/sonoraenequipo\",\"https:\/\/www.youtube.com\/channel\/UC338nW-lPEYmJQs4ZABQ1SQ\"]},{\"@type\":\"Person\",\"@id\":\"https:\/\/www.sonoraenequipo.com.mx\/#\/schema\/person\/50102df0fb23a8fa9e8effad8fa81386\",\"name\":\"enequipo\",\"image\":{\"@type\":\"ImageObject\",\"inLanguage\":\"es\",\"@id\":\"https:\/\/www.sonoraenequipo.com.mx\/#\/schema\/person\/image\/\",\"url\":\"https:\/\/secure.gravatar.com\/avatar\/049821681b589dabc0bc20695993ccebb09f5b5d4d790cd9251b97faac7c652b?s=96&d=blank&r=g\",\"contentUrl\":\"https:\/\/secure.gravatar.com\/avatar\/049821681b589dabc0bc20695993ccebb09f5b5d4d790cd9251b97faac7c652b?s=96&d=blank&r=g\",\"caption\":\"enequipo\"},\"sameAs\":[\"https:\/\/www.facebook.com\/SonoraEE\"]}]}<\/script>\n ","yoast_head_json":{"title":"Sonora en Equipo. Nuestro gobierno tendr\u00e1 presupuesto con perspectiva de g\u00e9nero: Alfonso Durazo LA ELECCION 2024","description":"CAJEME,SONORA,MX.\u2500 En su gira por Cajeme, el segundo municipio de mayor relevancia en el estado, Alfonso Durazo Monta\u00f1o se comprometi\u00f3 ante organizaciones En Sonora en Equipo publicamos toda la informaci\u00f3n de Sonora, M\u00e9xico y el Mundo de manera oportuna y busca que la libertad de expresi\u00f3n sea real. Visita nuestro medio informativo publicado desde Hermosillo, Sonora. %","robots":{"index":"index","follow":"follow","max-snippet":"max-snippet:-1","max-image-preview":"max-image-preview:large","max-video-preview":"max-video-preview:-1"},"canonical":"https:\/\/www.sonoraenequipo.com.mx\/nuestro-gobierno-tendra-presupuesto-con-perspectiva-de-genero-alfonso-durazo\/","og_locale":"es_ES","og_type":"article","og_title":"Sonora en Equipo. Nuestro gobierno tendr\u00e1 presupuesto con perspectiva de g\u00e9nero: Alfonso Durazo LA ELECCION 2024","og_description":"CAJEME,SONORA,MX.\u2500 En su gira por Cajeme, el segundo municipio de mayor relevancia en el estado, Alfonso Durazo Monta\u00f1o se comprometi\u00f3 ante organizaciones En Sonora en Equipo publicamos toda la informaci\u00f3n de Sonora, M\u00e9xico y el Mundo de manera oportuna y busca que la libertad de expresi\u00f3n sea real. Visita nuestro medio informativo publicado desde Hermosillo, Sonora. %","og_url":"https:\/\/www.sonoraenequipo.com.mx\/nuestro-gobierno-tendra-presupuesto-con-perspectiva-de-genero-alfonso-durazo\/","og_site_name":"Sonora en Equipo.","article_publisher":"https:\/\/www.facebook.com\/SonoraEE\/","article_author":"https:\/\/www.facebook.com\/SonoraEE","article_published_time":"2021-04-15T03:25:17+00:00","og_image":[{"width":500,"height":300,"url":"https:\/\/www.sonoraenequipo.com.mx\/storage\/2021\/04\/adm140421.jpg","type":"image\/jpeg"}],"author":"enequipo","twitter_card":"summary_large_image","twitter_creator":"@sonoraenequipo","twitter_site":"@sonoraenequipo","twitter_misc":{"Escrito por":"enequipo","Tiempo de lectura":"2 minutos"},"schema":{"@context":"https:\/\/schema.org","@graph":[{"@type":"Article","@id":"https:\/\/www.sonoraenequipo.com.mx\/nuestro-gobierno-tendra-presupuesto-con-perspectiva-de-genero-alfonso-durazo\/#article","isPartOf":{"@id":"https:\/\/www.sonoraenequipo.com.mx\/nuestro-gobierno-tendra-presupuesto-con-perspectiva-de-genero-alfonso-durazo\/"},"author":{"name":"enequipo","@id":"https:\/\/www.sonoraenequipo.com.mx\/#\/schema\/person\/50102df0fb23a8fa9e8effad8fa81386"},"headline":"Nuestro gobierno tendr\u00e1 presupuesto con perspectiva de g\u00e9nero: Alfonso Durazo","datePublished":"2021-04-15T03:25:17+00:00","mainEntityOfPage":{"@id":"https:\/\/www.sonoraenequipo.com.mx\/nuestro-gobierno-tendra-presupuesto-con-perspectiva-de-genero-alfonso-durazo\/"},"wordCount":270,"commentCount":0,"publisher":{"@id":"https:\/\/www.sonoraenequipo.com.mx\/#organization"},"image":{"@id":"https:\/\/www.sonoraenequipo.com.mx\/nuestro-gobierno-tendra-presupuesto-con-perspectiva-de-genero-alfonso-durazo\/#primaryimage"},"thumbnailUrl":"https:\/\/www.sonoraenequipo.com.mx\/storage\/2021\/04\/adm140421.jpg","articleSection":["LA ELECCION 2024"],"inLanguage":"es","potentialAction":[{"@type":"CommentAction","name":"Comment","target":["https:\/\/www.sonoraenequipo.com.mx\/nuestro-gobierno-tendra-presupuesto-con-perspectiva-de-genero-alfonso-durazo\/#respond"]}]},{"@type":"WebPage","@id":"https:\/\/www.sonoraenequipo.com.mx\/nuestro-gobierno-tendra-presupuesto-con-perspectiva-de-genero-alfonso-durazo\/","url":"https:\/\/www.sonoraenequipo.com.mx\/nuestro-gobierno-tendra-presupuesto-con-perspectiva-de-genero-alfonso-durazo\/","name":"Sonora en Equipo. Nuestro gobierno tendr\u00e1 presupuesto con perspectiva de g\u00e9nero: Alfonso Durazo LA ELECCION 2024","isPartOf":{"@id":"https:\/\/www.sonoraenequipo.com.mx\/#website"},"primaryImageOfPage":{"@id":"https:\/\/www.sonoraenequipo.com.mx\/nuestro-gobierno-tendra-presupuesto-con-perspectiva-de-genero-alfonso-durazo\/#primaryimage"},"image":{"@id":"https:\/\/www.sonoraenequipo.com.mx\/nuestro-gobierno-tendra-presupuesto-con-perspectiva-de-genero-alfonso-durazo\/#primaryimage"},"thumbnailUrl":"https:\/\/www.sonoraenequipo.com.mx\/storage\/2021\/04\/adm140421.jpg","datePublished":"2021-04-15T03:25:17+00:00","description":"CAJEME,SONORA,MX.\u2500 En su gira por Cajeme, el segundo municipio de mayor relevancia en el estado, Alfonso Durazo Monta\u00f1o se comprometi\u00f3 ante organizaciones En Sonora en Equipo publicamos toda la informaci\u00f3n de Sonora, M\u00e9xico y el Mundo de manera oportuna y busca que la libertad de expresi\u00f3n sea real. Visita nuestro medio informativo publicado desde Hermosillo, Sonora. %","breadcrumb":{"@id":"https:\/\/www.sonoraenequipo.com.mx\/nuestro-gobierno-tendra-presupuesto-con-perspectiva-de-genero-alfonso-durazo\/#breadcrumb"},"inLanguage":"es","potentialAction":[{"@type":"ReadAction","target":["https:\/\/www.sonoraenequipo.com.mx\/nuestro-gobierno-tendra-presupuesto-con-perspectiva-de-genero-alfonso-durazo\/"]}]},{"@type":"ImageObject","inLanguage":"es","@id":"https:\/\/www.sonoraenequipo.com.mx\/nuestro-gobierno-tendra-presupuesto-con-perspectiva-de-genero-alfonso-durazo\/#primaryimage","url":"https:\/\/www.sonoraenequipo.com.mx\/storage\/2021\/04\/adm140421.jpg","contentUrl":"https:\/\/www.sonoraenequipo.com.mx\/storage\/2021\/04\/adm140421.jpg","width":500,"height":300},{"@type":"BreadcrumbList","@id":"https:\/\/www.sonoraenequipo.com.mx\/nuestro-gobierno-tendra-presupuesto-con-perspectiva-de-genero-alfonso-durazo\/#breadcrumb","itemListElement":[{"@type":"ListItem","position":1,"name":"Portada","item":"https:\/\/www.sonoraenequipo.com.mx\/"},{"@type":"ListItem","position":2,"name":"Nuestro gobierno tendr\u00e1 presupuesto con perspectiva de g\u00e9nero: Alfonso Durazo"}]},{"@type":"WebSite","@id":"https:\/\/www.sonoraenequipo.com.mx\/#website","url":"https:\/\/www.sonoraenequipo.com.mx\/","name":"Sonora en Equipo.","description":"Diario en l\u00ednea con Noticias desde Hermosillo, Sonora","publisher":{"@id":"https:\/\/www.sonoraenequipo.com.mx\/#organization"},"potentialAction":[{"@type":"SearchAction","target":{"@type":"EntryPoint","urlTemplate":"https:\/\/www.sonoraenequipo.com.mx\/?s={search_term_string}"},"query-input":{"@type":"PropertyValueSpecification","valueRequired":true,"valueName":"search_term_string"}}],"inLanguage":"es"},{"@type":"Organization","@id":"https:\/\/www.sonoraenequipo.com.mx\/#organization","name":"Sonoraenequipo.com.mx","url":"https:\/\/www.sonoraenequipo.com.mx\/","logo":{"@type":"ImageObject","inLanguage":"es","@id":"https:\/\/www.sonoraenequipo.com.mx\/#\/schema\/logo\/image\/","url":"https:\/\/www.sonoraenequipo.com.mx\/storage\/2019\/01\/sonoraenequipo_opt.png","contentUrl":"https:\/\/www.sonoraenequipo.com.mx\/storage\/2019\/01\/sonoraenequipo_opt.png","width":375,"height":125,"caption":"Sonoraenequipo.com.mx"},"image":{"@id":"https:\/\/www.sonoraenequipo.com.mx\/#\/schema\/logo\/image\/"},"sameAs":["https:\/\/www.facebook.com\/SonoraEE\/","https:\/\/x.com\/sonoraenequipo","https:\/\/www.youtube.com\/channel\/UC338nW-lPEYmJQs4ZABQ1SQ"]},{"@type":"Person","@id":"https:\/\/www.sonoraenequipo.com.mx\/#\/schema\/person\/50102df0fb23a8fa9e8effad8fa81386","name":"enequipo","image":{"@type":"ImageObject","inLanguage":"es","@id":"https:\/\/www.sonoraenequipo.com.mx\/#\/schema\/person\/image\/","url":"https:\/\/secure.gravatar.com\/avatar\/049821681b589dabc0bc20695993ccebb09f5b5d4d790cd9251b97faac7c652b?s=96&d=blank&r=g","contentUrl":"https:\/\/secure.gravatar.com\/avatar\/049821681b589dabc0bc20695993ccebb09f5b5d4d790cd9251b97faac7c652b?s=96&d=blank&r=g","caption":"enequipo"},"sameAs":["https:\/\/www.facebook.com\/SonoraEE"]}]}},"jetpack_featured_media_url":"https:\/\/www.sonoraenequipo.com.mx\/storage\/2021\/04\/adm140421.jpg","_links":{"self":[{"href":"https:\/\/www.sonoraenequipo.com.mx\/api\/wp\/v2\/posts\/111612","targetHints":{"allow":["GET"]}}],"collection":[{"href":"https:\/\/www.sonoraenequipo.com.mx\/api\/wp\/v2\/posts"}],"about":[{"href":"https:\/\/www.sonoraenequipo.com.mx\/api\/wp\/v2\/types\/post"}],"author":[{"embeddable":true,"href":"https:\/\/www.sonoraenequipo.com.mx\/api\/wp\/v2\/users\/1"}],"replies":[{"embeddable":true,"href":"https:\/\/www.sonoraenequipo.com.mx\/api\/wp\/v2\/comments?post=111612"}],"version-history":[{"count":1,"href":"https:\/\/www.sonoraenequipo.com.mx\/api\/wp\/v2\/posts\/111612\/revisions"}],"predecessor-version":[{"id":111614,"href":"https:\/\/www.sonoraenequipo.com.mx\/api\/wp\/v2\/posts\/111612\/revisions\/111614"}],"wp:featuredmedia":[{"embeddable":true,"href":"https:\/\/www.sonoraenequipo.com.mx\/api\/wp\/v2\/media\/111613"}],"wp:attachment":[{"href":"https:\/\/www.sonoraenequipo.com.mx\/api\/wp\/v2\/media?parent=111612"}],"wp:term":[{"taxonomy":"category","embeddable":true,"href":"https:\/\/www.sonoraenequipo.com.mx\/api\/wp\/v2\/categories?post=111612"},{"taxonomy":"post_tag","embeddable":true,"href":"https:\/\/www.sonoraenequipo.com.mx\/api\/wp\/v2\/tags?post=111612"}],"curies":[{"name":"wp","href":"https:\/\/api.w.org\/{rel}","templated":true}]}}